{"id":83433,"date":"2026-03-13T20:17:47","date_gmt":"2026-03-13T19:17:47","guid":{"rendered":"https:\/\/lasentinelle.dz\/?p=83433"},"modified":"2026-03-13T20:17:48","modified_gmt":"2026-03-13T19:17:48","slug":"un-salon-dedie-aux-produits-et-ustensiles-de-la-patisserie-a-quelques-jours-de-laid-une-filiere-en-pleine-ascension","status":"publish","type":"post","link":"https:\/\/lasentinelle.dz\/index.php\/2026\/03\/13\/un-salon-dedie-aux-produits-et-ustensiles-de-la-patisserie-a-quelques-jours-de-laid-une-filiere-en-pleine-ascension\/","title":{"rendered":"Un salon d\u00e9di\u00e9 aux produits et ustensiles de la p\u00e2tisserie \u00e0 quelques jours de l&rsquo;A\u00efd\u00a0: Une fili\u00e8re en pleine ascension"},"content":{"rendered":"\n<p>\u00c0 quelques jours de l&rsquo;A\u00efd el-Fitr, les cuisines alg\u00e9riennes entrent en effervescence. Makroud, baklawa, griwech, kalb el-louz \u2014 la confection des g\u00e2teaux traditionnels est bien plus qu&rsquo;une simple tradition : c&rsquo;est un rituel collectif qui mobilise chaque ann\u00e9e des millions de familles et, derri\u00e8re elles, toute une fili\u00e8re industrielle en pleine ascension. C&rsquo;est dans ce contexte porteur que le minist\u00e8re du Commerce ext\u00e9rieur a choisi d&rsquo;inaugurer, jeudi \u00e0 Alger, le Salon des produits et ustensiles de p\u00e2tisserie, install\u00e9 jusqu&rsquo;au 16 mars sur la Promenade des Sablettes. L&rsquo;\u00e9v\u00e9nement, organis\u00e9 sous le slogan \u00ab Qualit\u00e9 locale et perspectives d&rsquo;exportation \u00bb, a r\u00e9uni pr\u00e8s de cinquante exposants : producteurs de mati\u00e8res premi\u00e8res, fournisseurs d&rsquo;\u00e9quipements, sp\u00e9cialistes de l&#8217;emballage et de la d\u00e9coration, mais aussi des banques et structures d&rsquo;accompagnement \u00e0 l&rsquo;entrepreneuriat. Une photographie fid\u00e8le d&rsquo;une fili\u00e8re qui ne se limite plus \u00e0 satisfaire la demande int\u00e9rieure. Le ministre du Commerce ext\u00e9rieur et de la Promotion des exportations, Kamel Rezig, qui inaugurait le salon aux c\u00f4t\u00e9s de sa coll\u00e8gue du Commerce int\u00e9rieur, Amel Abdellatif, n&rsquo;a pas cach\u00e9 sa satisfaction face aux stands expos\u00e9s. Il a salu\u00e9 \u00ab le niveau avanc\u00e9 qu&rsquo;a atteint la production nationale en termes de qualit\u00e9 et de conditionnement \u00bb, estimant que les entreprises alg\u00e9riennes du secteur ont su, dans un premier temps, \u00ab satisfaire les besoins du march\u00e9 national et approvisionner les familles alg\u00e9riennes avant de se tourner progressivement vers l&rsquo;exportation \u00bb. Car c&rsquo;est l\u00e0 la nouveaut\u00e9 de ces derni\u00e8res ann\u00e9es : des produits alg\u00e9riens de p\u00e2tisserie prennent d\u00e9sormais le chemin de march\u00e9s \u00e9trangers. Sans en pr\u00e9ciser les volumes, M. Rezig a indiqu\u00e9 qu&rsquo;\u00ab un nombre de ces produits sont actuellement export\u00e9s vers plusieurs pays \u00bb, ajoutant que \u00ab la concurrence entre les entreprises dans le domaine de l&rsquo;exportation t\u00e9moigne du d\u00e9veloppement qu&rsquo;a connu cette fili\u00e8re \u00bb. Une \u00e9volution que le ministre inscrit dans le cadre de la politique de diversification \u00e9conomique port\u00e9e par le gouvernement et du programme du pr\u00e9sident Tebboune.<\/p>\n\n\n\n<p>De son c\u00f4t\u00e9, la ministre du Commerce int\u00e9rieur, Amel Abdellatif, a mis en avant un aspect plus inattendu du salon : la pr\u00e9sence de produits alg\u00e9riens sans gluten, destin\u00e9s aux personnes atteintes de la maladie c\u0153liaque. Une niche encore marginale il y a quelques ann\u00e9es, mais qui traduit, selon elle, \u00ab la dynamique du secteur agroalimentaire en Alg\u00e9rie, notamment \u00e0 travers la diversit\u00e9 et la qualit\u00e9 des produits locaux \u00bb. Elle a par ailleurs r\u00e9affirm\u00e9 la volont\u00e9 de son d\u00e9partement d&rsquo;accompagner les op\u00e9rateurs \u00e9conomiques locaux \u00ab par la facilitation des proc\u00e9dures et l&rsquo;encouragement des initiatives qui contribuent au d\u00e9veloppement de l&rsquo;\u00e9conomie nationale \u00bb.<\/p>\n\n\n\n<p>\u00c0 l&rsquo;heure o\u00f9 les rayons des grandes surfaces se garnissent de poudres d&rsquo;amande, de miel et de fleur d&rsquo;oranger, ce salon arrive donc \u00e0 point nomm\u00e9. Il s&rsquo;adresse autant aux professionnels de la confiserie qu&rsquo;aux particuliers qui confectionnent eux-m\u00eames leurs g\u00e2teaux de f\u00eate. Et il envoie un signal clair : la p\u00e2tisserie alg\u00e9rienne, longtemps cantonn\u00e9e aux cuisines familiales, est en train de devenir une fili\u00e8re industrielle s\u00e9rieuse, capable de porter les saveurs du pays bien au-del\u00e0 de ses fronti\u00e8res.<\/p>\n\n\n\n<p>Chokri Hafed<\/p>\n","protected":false},"excerpt":{"rendered":"<p>\u00c0 quelques jours de l&rsquo;A\u00efd el-Fitr, les cuisines alg\u00e9riennes entrent en effervescence. Makroud, baklawa, griwech, kalb el-louz \u2014 la confection<\/p>\n","protected":false},"author":6,"featured_media":83434,"comment_status":"open","ping_status":"closed","sticky":false,"template":"","format":"standard","meta":{"colormag_page_container_layout":"default_layout","colormag_page_sidebar_layout":"default_layout","om_disable_all_campaigns":false,"_monsterinsights_skip_tracking":false,"_monsterinsights_sitenote_active":false,"_monsterinsights_sitenote_note":"","_monsterinsights_sitenote_category":0,"footnotes":"","_wpscppro_dont_share_socialmedia":false,"_wpscppro_custom_social_share_image":0,"_facebook_share_type":"default","_twitter_share_type":"default","_linkedin_share_type":"default","_pinterest_share_type":"default","_linkedin_share_type_page":"","_instagram_share_type":"default","_medium_share_type":"default","_threads_share_type":"default","_google_business_share_type":"default","_selected_social_profile":[],"_wpsp_enable_custom_social_template":false,"_wpsp_social_scheduling":{"enabled":false,"datetime":null,"platforms":[],"status":"template_only","dateOption":"today","timeOption":"now","customDays":"","customHours":"","customDate":"","customTime":"","schedulingType":"absolute"},"_wpsp_active_default_template":true},"categories":[27],"tags":[],"class_list":["post-83433","post","type-post","status-publish","format-standard","has-post-thumbnail","hentry","category-actualite"],"aioseo_notices":[],"yoast_head":"<!-- This site is optimized with the Yoast SEO plugin v27.4 - https:\/\/yoast.com\/product\/yoast-seo-wordpress\/ -->\n<title>Un salon d\u00e9di\u00e9 aux produits et ustensiles de la p\u00e2tisserie \u00e0 quelques jours de l&rsquo;A\u00efd\u00a0: Une fili\u00e8re en pleine ascension - La Sentinelle<\/title>\n<meta name=\"robots\" content=\"index, follow, max-snippet:-1, max-image-preview:large, max-video-preview:-1\" \/>\n<link rel=\"canonical\" href=\"https:\/\/lasentinelle.dz\/index.php\/2026\/03\/13\/un-salon-dedie-aux-produits-et-ustensiles-de-la-patisserie-a-quelques-jours-de-laid-une-filiere-en-pleine-ascension\/\" \/>\n<meta property=\"og:locale\" content=\"fr_FR\" \/>\n<meta property=\"og:type\" content=\"article\" \/>\n<meta property=\"og:title\" content=\"Un salon d\u00e9di\u00e9 aux produits et ustensiles de la p\u00e2tisserie \u00e0 quelques jours de l&rsquo;A\u00efd\u00a0: Une fili\u00e8re en pleine ascension - La Sentinelle\" \/>\n<meta property=\"og:description\" content=\"\u00c0 quelques jours de l&rsquo;A\u00efd el-Fitr, les cuisines alg\u00e9riennes entrent en effervescence. Makroud, baklawa, griwech, kalb el-louz \u2014 la confection\" \/>\n<meta property=\"og:url\" content=\"https:\/\/lasentinelle.dz\/index.php\/2026\/03\/13\/un-salon-dedie-aux-produits-et-ustensiles-de-la-patisserie-a-quelques-jours-de-laid-une-filiere-en-pleine-ascension\/\" \/>\n<meta property=\"og:site_name\" content=\"La Sentinelle\" \/>\n<meta property=\"article:publisher\" content=\"https:\/\/www.facebook.com\/La-Sentinelle-104059864394773\" \/>\n<meta property=\"article:published_time\" content=\"2026-03-13T19:17:47+00:00\" \/>\n<meta property=\"article:modified_time\" content=\"2026-03-13T19:17:48+00:00\" \/>\n<meta property=\"og:image\" content=\"https:\/\/lasentinelle.dz\/wp-content\/uploads\/2026\/03\/650769116_122156201582653955_8294554795156760333_n.jpg\" \/>\n\t<meta property=\"og:image:width\" content=\"1280\" \/>\n\t<meta property=\"og:image:height\" content=\"720\" \/>\n\t<meta property=\"og:image:type\" content=\"image\/jpeg\" \/>\n<meta name=\"author\" content=\"admin\" \/>\n<meta name=\"twitter:card\" content=\"summary_large_image\" \/>\n<meta name=\"twitter:label1\" content=\"\u00c9crit par\" \/>\n\t<meta name=\"twitter:data1\" content=\"admin\" \/>\n\t<meta name=\"twitter:label2\" content=\"Dur\u00e9e de lecture estim\u00e9e\" \/>\n\t<meta name=\"twitter:data2\" content=\"3 minutes\" \/>\n<script type=\"application\/ld+json\" class=\"yoast-schema-graph\">{\"@context\":\"https:\\\/\\\/schema.org\",\"@graph\":[{\"@type\":\"Article\",\"@id\":\"https:\\\/\\\/lasentinelle.dz\\\/index.php\\\/2026\\\/03\\\/13\\\/un-salon-dedie-aux-produits-et-ustensiles-de-la-patisserie-a-quelques-jours-de-laid-une-filiere-en-pleine-ascension\\\/#article\",\"isPartOf\":{\"@id\":\"https:\\\/\\\/lasentinelle.dz\\\/index.php\\\/2026\\\/03\\\/13\\\/un-salon-dedie-aux-produits-et-ustensiles-de-la-patisserie-a-quelques-jours-de-laid-une-filiere-en-pleine-ascension\\\/\"},\"author\":{\"name\":\"admin\",\"@id\":\"https:\\\/\\\/lasentinelle.dz\\\/#\\\/schema\\\/person\\\/729ee0024f24e0b8c5ec17232f8e8b41\"},\"headline\":\"Un salon d\u00e9di\u00e9 aux produits et ustensiles de la p\u00e2tisserie \u00e0 quelques jours de l&rsquo;A\u00efd\u00a0: Une fili\u00e8re en pleine ascension\",\"datePublished\":\"2026-03-13T19:17:47+00:00\",\"dateModified\":\"2026-03-13T19:17:48+00:00\",\"mainEntityOfPage\":{\"@id\":\"https:\\\/\\\/lasentinelle.dz\\\/index.php\\\/2026\\\/03\\\/13\\\/un-salon-dedie-aux-produits-et-ustensiles-de-la-patisserie-a-quelques-jours-de-laid-une-filiere-en-pleine-ascension\\\/\"},\"wordCount\":592,\"commentCount\":0,\"publisher\":{\"@id\":\"https:\\\/\\\/lasentinelle.dz\\\/#organization\"},\"image\":{\"@id\":\"https:\\\/\\\/lasentinelle.dz\\\/index.php\\\/2026\\\/03\\\/13\\\/un-salon-dedie-aux-produits-et-ustensiles-de-la-patisserie-a-quelques-jours-de-laid-une-filiere-en-pleine-ascension\\\/#primaryimage\"},\"thumbnailUrl\":\"https:\\\/\\\/lasentinelle.dz\\\/wp-content\\\/uploads\\\/2026\\\/03\\\/650769116_122156201582653955_8294554795156760333_n.jpg\",\"articleSection\":[\"Actualit\u00e9\"],\"inLanguage\":\"fr-FR\",\"potentialAction\":[{\"@type\":\"CommentAction\",\"name\":\"Comment\",\"target\":[\"https:\\\/\\\/lasentinelle.dz\\\/index.php\\\/2026\\\/03\\\/13\\\/un-salon-dedie-aux-produits-et-ustensiles-de-la-patisserie-a-quelques-jours-de-laid-une-filiere-en-pleine-ascension\\\/#respond\"]}]},{\"@type\":\"WebPage\",\"@id\":\"https:\\\/\\\/lasentinelle.dz\\\/index.php\\\/2026\\\/03\\\/13\\\/un-salon-dedie-aux-produits-et-ustensiles-de-la-patisserie-a-quelques-jours-de-laid-une-filiere-en-pleine-ascension\\\/\",\"url\":\"https:\\\/\\\/lasentinelle.dz\\\/index.php\\\/2026\\\/03\\\/13\\\/un-salon-dedie-aux-produits-et-ustensiles-de-la-patisserie-a-quelques-jours-de-laid-une-filiere-en-pleine-ascension\\\/\",\"name\":\"Un salon d\u00e9di\u00e9 aux produits et ustensiles de la p\u00e2tisserie \u00e0 quelques jours de l&rsquo;A\u00efd\u00a0: Une fili\u00e8re en pleine ascension - La Sentinelle\",\"isPartOf\":{\"@id\":\"https:\\\/\\\/lasentinelle.dz\\\/#website\"},\"primaryImageOfPage\":{\"@id\":\"https:\\\/\\\/lasentinelle.dz\\\/index.php\\\/2026\\\/03\\\/13\\\/un-salon-dedie-aux-produits-et-ustensiles-de-la-patisserie-a-quelques-jours-de-laid-une-filiere-en-pleine-ascension\\\/#primaryimage\"},\"image\":{\"@id\":\"https:\\\/\\\/lasentinelle.dz\\\/index.php\\\/2026\\\/03\\\/13\\\/un-salon-dedie-aux-produits-et-ustensiles-de-la-patisserie-a-quelques-jours-de-laid-une-filiere-en-pleine-ascension\\\/#primaryimage\"},\"thumbnailUrl\":\"https:\\\/\\\/lasentinelle.dz\\\/wp-content\\\/uploads\\\/2026\\\/03\\\/650769116_122156201582653955_8294554795156760333_n.jpg\",\"datePublished\":\"2026-03-13T19:17:47+00:00\",\"dateModified\":\"2026-03-13T19:17:48+00:00\",\"breadcrumb\":{\"@id\":\"https:\\\/\\\/lasentinelle.dz\\\/index.php\\\/2026\\\/03\\\/13\\\/un-salon-dedie-aux-produits-et-ustensiles-de-la-patisserie-a-quelques-jours-de-laid-une-filiere-en-pleine-ascension\\\/#breadcrumb\"},\"inLanguage\":\"fr-FR\",\"potentialAction\":[{\"@type\":\"ReadAction\",\"target\":[\"https:\\\/\\\/lasentinelle.dz\\\/index.php\\\/2026\\\/03\\\/13\\\/un-salon-dedie-aux-produits-et-ustensiles-de-la-patisserie-a-quelques-jours-de-laid-une-filiere-en-pleine-ascension\\\/\"]}]},{\"@type\":\"ImageObject\",\"inLanguage\":\"fr-FR\",\"@id\":\"https:\\\/\\\/lasentinelle.dz\\\/index.php\\\/2026\\\/03\\\/13\\\/un-salon-dedie-aux-produits-et-ustensiles-de-la-patisserie-a-quelques-jours-de-laid-une-filiere-en-pleine-ascension\\\/#primaryimage\",\"url\":\"https:\\\/\\\/lasentinelle.dz\\\/wp-content\\\/uploads\\\/2026\\\/03\\\/650769116_122156201582653955_8294554795156760333_n.jpg\",\"contentUrl\":\"https:\\\/\\\/lasentinelle.dz\\\/wp-content\\\/uploads\\\/2026\\\/03\\\/650769116_122156201582653955_8294554795156760333_n.jpg\",\"width\":1280,\"height\":720},{\"@type\":\"BreadcrumbList\",\"@id\":\"https:\\\/\\\/lasentinelle.dz\\\/index.php\\\/2026\\\/03\\\/13\\\/un-salon-dedie-aux-produits-et-ustensiles-de-la-patisserie-a-quelques-jours-de-laid-une-filiere-en-pleine-ascension\\\/#breadcrumb\",\"itemListElement\":[{\"@type\":\"ListItem\",\"position\":1,\"name\":\"Accueil\",\"item\":\"https:\\\/\\\/lasentinelle.dz\\\/\"},{\"@type\":\"ListItem\",\"position\":2,\"name\":\"Un salon d\u00e9di\u00e9 aux produits et ustensiles de la p\u00e2tisserie \u00e0 quelques jours de l&rsquo;A\u00efd\u00a0: Une fili\u00e8re en pleine ascension\"}]},{\"@type\":\"WebSite\",\"@id\":\"https:\\\/\\\/lasentinelle.dz\\\/#website\",\"url\":\"https:\\\/\\\/lasentinelle.dz\\\/\",\"name\":\"La Sentinelle\",\"description\":\"Quotidien national d&#039;information\",\"publisher\":{\"@id\":\"https:\\\/\\\/lasentinelle.dz\\\/#organization\"},\"potentialAction\":[{\"@type\":\"SearchAction\",\"target\":{\"@type\":\"EntryPoint\",\"urlTemplate\":\"https:\\\/\\\/lasentinelle.dz\\\/?s={search_term_string}\"},\"query-input\":{\"@type\":\"PropertyValueSpecification\",\"valueRequired\":true,\"valueName\":\"search_term_string\"}}],\"inLanguage\":\"fr-FR\"},{\"@type\":\"Organization\",\"@id\":\"https:\\\/\\\/lasentinelle.dz\\\/#organization\",\"name\":\"Quotidien La Sentinelle\",\"url\":\"https:\\\/\\\/lasentinelle.dz\\\/\",\"logo\":{\"@type\":\"ImageObject\",\"inLanguage\":\"fr-FR\",\"@id\":\"https:\\\/\\\/lasentinelle.dz\\\/#\\\/schema\\\/logo\\\/image\\\/\",\"url\":\"https:\\\/\\\/lasentinelle.dz\\\/wp-content\\\/uploads\\\/2021\\\/09\\\/logo-sentinelleSLOGAN-1.png\",\"contentUrl\":\"https:\\\/\\\/lasentinelle.dz\\\/wp-content\\\/uploads\\\/2021\\\/09\\\/logo-sentinelleSLOGAN-1.png\",\"width\":615,\"height\":142,\"caption\":\"Quotidien La Sentinelle\"},\"image\":{\"@id\":\"https:\\\/\\\/lasentinelle.dz\\\/#\\\/schema\\\/logo\\\/image\\\/\"},\"sameAs\":[\"https:\\\/\\\/www.facebook.com\\\/La-Sentinelle-104059864394773\"]},{\"@type\":\"Person\",\"@id\":\"https:\\\/\\\/lasentinelle.dz\\\/#\\\/schema\\\/person\\\/729ee0024f24e0b8c5ec17232f8e8b41\",\"name\":\"admin\",\"image\":{\"@type\":\"ImageObject\",\"inLanguage\":\"fr-FR\",\"@id\":\"https:\\\/\\\/secure.gravatar.com\\\/avatar\\\/4c81fed838786e9b53f540bf46533e750f5d292099ae3b66cfc6fb1982e29df7?s=96&d=mm&r=g\",\"url\":\"https:\\\/\\\/secure.gravatar.com\\\/avatar\\\/4c81fed838786e9b53f540bf46533e750f5d292099ae3b66cfc6fb1982e29df7?s=96&d=mm&r=g\",\"contentUrl\":\"https:\\\/\\\/secure.gravatar.com\\\/avatar\\\/4c81fed838786e9b53f540bf46533e750f5d292099ae3b66cfc6fb1982e29df7?s=96&d=mm&r=g\",\"caption\":\"admin\"},\"description\":\"admin\",\"url\":\"https:\\\/\\\/lasentinelle.dz\\\/author\\\/admin\\\/\"}]}<\/script>\n<!-- \/ Yoast SEO plugin. -->","yoast_head_json":{"title":"Un salon d\u00e9di\u00e9 aux produits et ustensiles de la p\u00e2tisserie \u00e0 quelques jours de l&rsquo;A\u00efd\u00a0: Une fili\u00e8re en pleine ascension - La Sentinelle","robots":{"index":"index","follow":"follow","max-snippet":"max-snippet:-1","max-image-preview":"max-image-preview:large","max-video-preview":"max-video-preview:-1"},"canonical":"https:\/\/lasentinelle.dz\/index.php\/2026\/03\/13\/un-salon-dedie-aux-produits-et-ustensiles-de-la-patisserie-a-quelques-jours-de-laid-une-filiere-en-pleine-ascension\/","og_locale":"fr_FR","og_type":"article","og_title":"Un salon d\u00e9di\u00e9 aux produits et ustensiles de la p\u00e2tisserie \u00e0 quelques jours de l&rsquo;A\u00efd\u00a0: Une fili\u00e8re en pleine ascension - La Sentinelle","og_description":"\u00c0 quelques jours de l&rsquo;A\u00efd el-Fitr, les cuisines alg\u00e9riennes entrent en effervescence. Makroud, baklawa, griwech, kalb el-louz \u2014 la confection","og_url":"https:\/\/lasentinelle.dz\/index.php\/2026\/03\/13\/un-salon-dedie-aux-produits-et-ustensiles-de-la-patisserie-a-quelques-jours-de-laid-une-filiere-en-pleine-ascension\/","og_site_name":"La Sentinelle","article_publisher":"https:\/\/www.facebook.com\/La-Sentinelle-104059864394773","article_published_time":"2026-03-13T19:17:47+00:00","article_modified_time":"2026-03-13T19:17:48+00:00","og_image":[{"width":1280,"height":720,"url":"https:\/\/lasentinelle.dz\/wp-content\/uploads\/2026\/03\/650769116_122156201582653955_8294554795156760333_n.jpg","type":"image\/jpeg"}],"author":"admin","twitter_card":"summary_large_image","twitter_misc":{"\u00c9crit par":"admin","Dur\u00e9e de lecture estim\u00e9e":"3 minutes"},"schema":{"@context":"https:\/\/schema.org","@graph":[{"@type":"Article","@id":"https:\/\/lasentinelle.dz\/index.php\/2026\/03\/13\/un-salon-dedie-aux-produits-et-ustensiles-de-la-patisserie-a-quelques-jours-de-laid-une-filiere-en-pleine-ascension\/#article","isPartOf":{"@id":"https:\/\/lasentinelle.dz\/index.php\/2026\/03\/13\/un-salon-dedie-aux-produits-et-ustensiles-de-la-patisserie-a-quelques-jours-de-laid-une-filiere-en-pleine-ascension\/"},"author":{"name":"admin","@id":"https:\/\/lasentinelle.dz\/#\/schema\/person\/729ee0024f24e0b8c5ec17232f8e8b41"},"headline":"Un salon d\u00e9di\u00e9 aux produits et ustensiles de la p\u00e2tisserie \u00e0 quelques jours de l&rsquo;A\u00efd\u00a0: Une fili\u00e8re en pleine ascension","datePublished":"2026-03-13T19:17:47+00:00","dateModified":"2026-03-13T19:17:48+00:00","mainEntityOfPage":{"@id":"https:\/\/lasentinelle.dz\/index.php\/2026\/03\/13\/un-salon-dedie-aux-produits-et-ustensiles-de-la-patisserie-a-quelques-jours-de-laid-une-filiere-en-pleine-ascension\/"},"wordCount":592,"commentCount":0,"publisher":{"@id":"https:\/\/lasentinelle.dz\/#organization"},"image":{"@id":"https:\/\/lasentinelle.dz\/index.php\/2026\/03\/13\/un-salon-dedie-aux-produits-et-ustensiles-de-la-patisserie-a-quelques-jours-de-laid-une-filiere-en-pleine-ascension\/#primaryimage"},"thumbnailUrl":"https:\/\/lasentinelle.dz\/wp-content\/uploads\/2026\/03\/650769116_122156201582653955_8294554795156760333_n.jpg","articleSection":["Actualit\u00e9"],"inLanguage":"fr-FR","potentialAction":[{"@type":"CommentAction","name":"Comment","target":["https:\/\/lasentinelle.dz\/index.php\/2026\/03\/13\/un-salon-dedie-aux-produits-et-ustensiles-de-la-patisserie-a-quelques-jours-de-laid-une-filiere-en-pleine-ascension\/#respond"]}]},{"@type":"WebPage","@id":"https:\/\/lasentinelle.dz\/index.php\/2026\/03\/13\/un-salon-dedie-aux-produits-et-ustensiles-de-la-patisserie-a-quelques-jours-de-laid-une-filiere-en-pleine-ascension\/","url":"https:\/\/lasentinelle.dz\/index.php\/2026\/03\/13\/un-salon-dedie-aux-produits-et-ustensiles-de-la-patisserie-a-quelques-jours-de-laid-une-filiere-en-pleine-ascension\/","name":"Un salon d\u00e9di\u00e9 aux produits et ustensiles de la p\u00e2tisserie \u00e0 quelques jours de l&rsquo;A\u00efd\u00a0: Une fili\u00e8re en pleine ascension - La Sentinelle","isPartOf":{"@id":"https:\/\/lasentinelle.dz\/#website"},"primaryImageOfPage":{"@id":"https:\/\/lasentinelle.dz\/index.php\/2026\/03\/13\/un-salon-dedie-aux-produits-et-ustensiles-de-la-patisserie-a-quelques-jours-de-laid-une-filiere-en-pleine-ascension\/#primaryimage"},"image":{"@id":"https:\/\/lasentinelle.dz\/index.php\/2026\/03\/13\/un-salon-dedie-aux-produits-et-ustensiles-de-la-patisserie-a-quelques-jours-de-laid-une-filiere-en-pleine-ascension\/#primaryimage"},"thumbnailUrl":"https:\/\/lasentinelle.dz\/wp-content\/uploads\/2026\/03\/650769116_122156201582653955_8294554795156760333_n.jpg","datePublished":"2026-03-13T19:17:47+00:00","dateModified":"2026-03-13T19:17:48+00:00","breadcrumb":{"@id":"https:\/\/lasentinelle.dz\/index.php\/2026\/03\/13\/un-salon-dedie-aux-produits-et-ustensiles-de-la-patisserie-a-quelques-jours-de-laid-une-filiere-en-pleine-ascension\/#breadcrumb"},"inLanguage":"fr-FR","potentialAction":[{"@type":"ReadAction","target":["https:\/\/lasentinelle.dz\/index.php\/2026\/03\/13\/un-salon-dedie-aux-produits-et-ustensiles-de-la-patisserie-a-quelques-jours-de-laid-une-filiere-en-pleine-ascension\/"]}]},{"@type":"ImageObject","inLanguage":"fr-FR","@id":"https:\/\/lasentinelle.dz\/index.php\/2026\/03\/13\/un-salon-dedie-aux-produits-et-ustensiles-de-la-patisserie-a-quelques-jours-de-laid-une-filiere-en-pleine-ascension\/#primaryimage","url":"https:\/\/lasentinelle.dz\/wp-content\/uploads\/2026\/03\/650769116_122156201582653955_8294554795156760333_n.jpg","contentUrl":"https:\/\/lasentinelle.dz\/wp-content\/uploads\/2026\/03\/650769116_122156201582653955_8294554795156760333_n.jpg","width":1280,"height":720},{"@type":"BreadcrumbList","@id":"https:\/\/lasentinelle.dz\/index.php\/2026\/03\/13\/un-salon-dedie-aux-produits-et-ustensiles-de-la-patisserie-a-quelques-jours-de-laid-une-filiere-en-pleine-ascension\/#breadcrumb","itemListElement":[{"@type":"ListItem","position":1,"name":"Accueil","item":"https:\/\/lasentinelle.dz\/"},{"@type":"ListItem","position":2,"name":"Un salon d\u00e9di\u00e9 aux produits et ustensiles de la p\u00e2tisserie \u00e0 quelques jours de l&rsquo;A\u00efd\u00a0: Une fili\u00e8re en pleine ascension"}]},{"@type":"WebSite","@id":"https:\/\/lasentinelle.dz\/#website","url":"https:\/\/lasentinelle.dz\/","name":"La Sentinelle","description":"Quotidien national d&#039;information","publisher":{"@id":"https:\/\/lasentinelle.dz\/#organization"},"potentialAction":[{"@type":"SearchAction","target":{"@type":"EntryPoint","urlTemplate":"https:\/\/lasentinelle.dz\/?s={search_term_string}"},"query-input":{"@type":"PropertyValueSpecification","valueRequired":true,"valueName":"search_term_string"}}],"inLanguage":"fr-FR"},{"@type":"Organization","@id":"https:\/\/lasentinelle.dz\/#organization","name":"Quotidien La Sentinelle","url":"https:\/\/lasentinelle.dz\/","logo":{"@type":"ImageObject","inLanguage":"fr-FR","@id":"https:\/\/lasentinelle.dz\/#\/schema\/logo\/image\/","url":"https:\/\/lasentinelle.dz\/wp-content\/uploads\/2021\/09\/logo-sentinelleSLOGAN-1.png","contentUrl":"https:\/\/lasentinelle.dz\/wp-content\/uploads\/2021\/09\/logo-sentinelleSLOGAN-1.png","width":615,"height":142,"caption":"Quotidien La Sentinelle"},"image":{"@id":"https:\/\/lasentinelle.dz\/#\/schema\/logo\/image\/"},"sameAs":["https:\/\/www.facebook.com\/La-Sentinelle-104059864394773"]},{"@type":"Person","@id":"https:\/\/lasentinelle.dz\/#\/schema\/person\/729ee0024f24e0b8c5ec17232f8e8b41","name":"admin","image":{"@type":"ImageObject","inLanguage":"fr-FR","@id":"https:\/\/secure.gravatar.com\/avatar\/4c81fed838786e9b53f540bf46533e750f5d292099ae3b66cfc6fb1982e29df7?s=96&d=mm&r=g","url":"https:\/\/secure.gravatar.com\/avatar\/4c81fed838786e9b53f540bf46533e750f5d292099ae3b66cfc6fb1982e29df7?s=96&d=mm&r=g","contentUrl":"https:\/\/secure.gravatar.com\/avatar\/4c81fed838786e9b53f540bf46533e750f5d292099ae3b66cfc6fb1982e29df7?s=96&d=mm&r=g","caption":"admin"},"description":"admin","url":"https:\/\/lasentinelle.dz\/author\/admin\/"}]}},"_links":{"self":[{"href":"https:\/\/lasentinelle.dz\/index.php\/wp-json\/wp\/v2\/posts\/83433","targetHints":{"allow":["GET"]}}],"collection":[{"href":"https:\/\/lasentinelle.dz\/index.php\/wp-json\/wp\/v2\/posts"}],"about":[{"href":"https:\/\/lasentinelle.dz\/index.php\/wp-json\/wp\/v2\/types\/post"}],"author":[{"embeddable":true,"href":"https:\/\/lasentinelle.dz\/index.php\/wp-json\/wp\/v2\/users\/6"}],"replies":[{"embeddable":true,"href":"https:\/\/lasentinelle.dz\/index.php\/wp-json\/wp\/v2\/comments?post=83433"}],"version-history":[{"count":2,"href":"https:\/\/lasentinelle.dz\/index.php\/wp-json\/wp\/v2\/posts\/83433\/revisions"}],"predecessor-version":[{"id":83436,"href":"https:\/\/lasentinelle.dz\/index.php\/wp-json\/wp\/v2\/posts\/83433\/revisions\/83436"}],"wp:featuredmedia":[{"embeddable":true,"href":"https:\/\/lasentinelle.dz\/index.php\/wp-json\/wp\/v2\/media\/83434"}],"wp:attachment":[{"href":"https:\/\/lasentinelle.dz\/index.php\/wp-json\/wp\/v2\/media?parent=83433"}],"wp:term":[{"taxonomy":"category","embeddable":true,"href":"https:\/\/lasentinelle.dz\/index.php\/wp-json\/wp\/v2\/categories?post=83433"},{"taxonomy":"post_tag","embeddable":true,"href":"https:\/\/lasentinelle.dz\/index.php\/wp-json\/wp\/v2\/tags?post=83433"}],"curies":[{"name":"wp","href":"https:\/\/api.w.org\/{rel}","templated":true}]}}