{"id":83439,"date":"2026-03-13T20:19:17","date_gmt":"2026-03-13T19:19:17","guid":{"rendered":"https:\/\/lasentinelle.dz\/?p=83439"},"modified":"2026-03-13T20:19:18","modified_gmt":"2026-03-13T19:19:18","slug":"algerie-tunisie-les-bus-reprennent-la-route","status":"publish","type":"post","link":"https:\/\/lasentinelle.dz\/index.php\/2026\/03\/13\/algerie-tunisie-les-bus-reprennent-la-route\/","title":{"rendered":"Alg\u00e9rie-Tunisie\u00a0: Les bus reprennent la route"},"content":{"rendered":"\n<p>Pour la premi\u00e8re fois depuis des d\u00e9cennies, des autocars de ligne relient d\u00e9sormais l&rsquo;Alg\u00e9rie \u00e0 la Tunisie par voie terrestre. En deux jours cons\u00e9cutifs, jeudi et vendredi, deux lignes internationales ont \u00e9t\u00e9 inaugur\u00e9es en grande pompe : la premi\u00e8re entre Alger et Tunis, la seconde entre Annaba et Tunis, marquant la r\u00e9ouverture symbolique d&rsquo;un axe routier longtemps laiss\u00e9 en friche entre les deux pays voisins du Maghreb.<\/p>\n\n\n\n<p>C&rsquo;est \u00e0 la gare routi\u00e8re du Caroubier, \u00e0 Alger, que la ligne vers la Tunisie a \u00e9t\u00e9 lanc\u00e9e jeudi. Sous la supervision de Djamel Eddine Abdelghani Dridi, secr\u00e9taire g\u00e9n\u00e9ral du minist\u00e8re de l&rsquo;Int\u00e9rieur, des Collectivit\u00e9s locales et des Transports, repr\u00e9sentant le ministre Sa\u00efd Sayoud, le premier autocar a pris la route en direction de Tunis. Le trajet emprunte un itin\u00e9raire transversal au c\u0153ur du pays, passant par Bordj Bou Arr\u00e9ridj, S\u00e9tif et Constantine, avant de franchir la fronti\u00e8re et de rejoindre la gare de Bab Alioua dans la capitale tunisienne. La ligne sera desservie \u00e0 raison de deux rotations hebdomadaires, pour un billet fix\u00e9 \u00e0 6 000 dinars alg\u00e9riens.<\/p>\n\n\n\n<p>Le lendemain, vendredi, c&rsquo;est la ville d&rsquo;Annaba qui prenait le relais. Le wali de la wilaya, accompagn\u00e9 du directeur g\u00e9n\u00e9ral de l&rsquo;entreprise El Djama\u00efa de transport et de services, a donn\u00e9 le signal du d\u00e9part du premier autocar depuis la gare routi\u00e8re Mohamed Mounib Sandid. Le car a pris la direction de Tunis en traversant Ben M&rsquo;hidi, A\u00efn El Assel, El Tarf, les villes fronti\u00e8res d&rsquo;Ain Draham et Jendouba c\u00f4t\u00e9 tunisien, puis B\u00e9ja, avant d&rsquo;atteindre la capitale. Cette deuxi\u00e8me ligne b\u00e9n\u00e9ficiera d&rsquo;une fr\u00e9quence plus soutenue : quatre allers et quatre retours par semaine, les jeudi, vendredi, samedi et dimanche, pour un prix de billet \u00e9tabli \u00e0 2 300 dinars alg\u00e9riens. Ensemble, les deux lignes assureront donc, dans un premier temps, six rotations hebdomadaires entre les deux pays. Mais selon la Soci\u00e9t\u00e9 d&rsquo;exploitation des gares routi\u00e8res d&rsquo;Alg\u00e9rie (Sogral), ce chiffre n&rsquo;est pas fig\u00e9. La soci\u00e9t\u00e9 a pr\u00e9cis\u00e9 que ce nombre pourrait \u00eatre port\u00e9 jusqu&rsquo;\u00e0 vingt voyages par semaine, \u00aben fonction de la demande\u00bb. Une formule prudente qui trahit cependant une ambition r\u00e9elle : celle de faire du transport terrestre un levier de rapprochement entre Alger et Tunis, deux capitales que seulement quelques centaines de kilom\u00e8tres s\u00e9parent mais que les liaisons directes n&rsquo;ont longtemps pas suffi \u00e0 connecter efficacement.<\/p>\n\n\n\n<p>L&rsquo;exploitation de ces deux lignes repose sur un partenariat bilat\u00e9ral. C\u00f4t\u00e9 alg\u00e9rien, c&rsquo;est l&rsquo;entreprise El Djama\u00efa de transport et de services qui prend en charge les rotations. C\u00f4t\u00e9 tunisien, la Soci\u00e9t\u00e9 nationale de transport interurbain (SNTRI) assure le pendant de l&rsquo;op\u00e9ration. Ce montage conjoint refl\u00e8te la volont\u00e9 des deux gouvernements de structurer cette offre dans un cadre institutionnel solide, au-del\u00e0 d&rsquo;une simple initiative commerciale.<\/p>\n\n\n\n<p>Pour les voyageurs, la r\u00e9servation s&rsquo;effectue soit directement aux guichets des gares routi\u00e8res concern\u00e9es, soit via l&rsquo;application mobile Mahattati, qui accepte aussi bien les cartes de paiement locales qu&rsquo;\u00e9trang\u00e8res. La pr\u00e9sentation d&rsquo;un passeport en cours de validit\u00e9 demeure une condition sine qua non pour embarquer.<\/p>\n\n\n\n<p>Ces deux inaugurations s&rsquo;inscrivent dans le cadre d&rsquo;une politique plus large de modernisation et d&rsquo;extension du r\u00e9seau de transport international, port\u00e9e par le ministre Sa\u00efd Sayoud. Elles interviennent dans un contexte de renforcement des liens de coop\u00e9ration entre Alger et Tunis, et dans le sillage de la reprise des dessertes ferroviaires entre les deux pays il y a quelques mois apr\u00e8s pr\u00e8s de trois d\u00e9cennies d\u2019interruption. En marge de la c\u00e9r\u00e9monie, un poste de police et une unit\u00e9 de protection civile ont par ailleurs \u00e9t\u00e9 inaugur\u00e9s au sein de la gare routi\u00e8re du Caroubier \u00e0 Alger.<\/p>\n\n\n\n<p>Samir Benisid<\/p>\n","protected":false},"excerpt":{"rendered":"<p>Pour la premi\u00e8re fois depuis des d\u00e9cennies, des autocars de ligne relient d\u00e9sormais l&rsquo;Alg\u00e9rie \u00e0 la Tunisie par voie terrestre.<\/p>\n","protected":false},"author":6,"featured_media":83440,"comment_status":"open","ping_status":"closed","sticky":false,"template":"","format":"standard","meta":{"colormag_page_container_layout":"default_layout","colormag_page_sidebar_layout":"default_layout","om_disable_all_campaigns":false,"_monsterinsights_skip_tracking":false,"_monsterinsights_sitenote_active":false,"_monsterinsights_sitenote_note":"","_monsterinsights_sitenote_category":0,"footnotes":"","_wpscppro_dont_share_socialmedia":false,"_wpscppro_custom_social_share_image":0,"_facebook_share_type":"default","_twitter_share_type":"default","_linkedin_share_type":"default","_pinterest_share_type":"default","_linkedin_share_type_page":"","_instagram_share_type":"default","_medium_share_type":"default","_threads_share_type":"default","_google_business_share_type":"default","_selected_social_profile":[],"_wpsp_enable_custom_social_template":false,"_wpsp_social_scheduling":{"enabled":false,"datetime":null,"platforms":[],"status":"template_only","dateOption":"today","timeOption":"now","customDays":"","customHours":"","customDate":"","customTime":"","schedulingType":"absolute"},"_wpsp_active_default_template":true},"categories":[52,27],"tags":[],"class_list":["post-83439","post","type-post","status-publish","format-standard","has-post-thumbnail","hentry","category-a-la-une","category-actualite"],"aioseo_notices":[],"yoast_head":"<!-- This site is optimized with the Yoast SEO plugin v27.5 - https:\/\/yoast.com\/product\/yoast-seo-wordpress\/ -->\n<title>Alg\u00e9rie-Tunisie\u00a0: Les bus reprennent la route - La Sentinelle<\/title>\n<meta name=\"robots\" content=\"index, follow, max-snippet:-1, max-image-preview:large, max-video-preview:-1\" \/>\n<link rel=\"canonical\" href=\"https:\/\/lasentinelle.dz\/index.php\/2026\/03\/13\/algerie-tunisie-les-bus-reprennent-la-route\/\" \/>\n<meta property=\"og:locale\" content=\"fr_FR\" \/>\n<meta property=\"og:type\" content=\"article\" \/>\n<meta property=\"og:title\" content=\"Alg\u00e9rie-Tunisie\u00a0: Les bus reprennent la route - La Sentinelle\" \/>\n<meta property=\"og:description\" content=\"Pour la premi\u00e8re fois depuis des d\u00e9cennies, des autocars de ligne relient d\u00e9sormais l&rsquo;Alg\u00e9rie \u00e0 la Tunisie par voie terrestre.\" \/>\n<meta property=\"og:url\" content=\"https:\/\/lasentinelle.dz\/index.php\/2026\/03\/13\/algerie-tunisie-les-bus-reprennent-la-route\/\" \/>\n<meta property=\"og:site_name\" content=\"La Sentinelle\" \/>\n<meta property=\"article:publisher\" content=\"https:\/\/www.facebook.com\/La-Sentinelle-104059864394773\" \/>\n<meta property=\"article:published_time\" content=\"2026-03-13T19:19:17+00:00\" \/>\n<meta property=\"article:modified_time\" content=\"2026-03-13T19:19:18+00:00\" \/>\n<meta property=\"og:image\" content=\"https:\/\/lasentinelle.dz\/wp-content\/uploads\/2026\/03\/Bus.jpg\" \/>\n\t<meta property=\"og:image:width\" content=\"2048\" \/>\n\t<meta property=\"og:image:height\" content=\"1152\" \/>\n\t<meta property=\"og:image:type\" content=\"image\/jpeg\" \/>\n<meta name=\"author\" content=\"admin\" \/>\n<meta name=\"twitter:card\" content=\"summary_large_image\" \/>\n<meta name=\"twitter:label1\" content=\"\u00c9crit par\" \/>\n\t<meta name=\"twitter:data1\" content=\"admin\" \/>\n\t<meta name=\"twitter:label2\" content=\"Dur\u00e9e de lecture estim\u00e9e\" \/>\n\t<meta name=\"twitter:data2\" content=\"4 minutes\" \/>\n<script type=\"application\/ld+json\" class=\"yoast-schema-graph\">{\"@context\":\"https:\\\/\\\/schema.org\",\"@graph\":[{\"@type\":\"Article\",\"@id\":\"https:\\\/\\\/lasentinelle.dz\\\/index.php\\\/2026\\\/03\\\/13\\\/algerie-tunisie-les-bus-reprennent-la-route\\\/#article\",\"isPartOf\":{\"@id\":\"https:\\\/\\\/lasentinelle.dz\\\/index.php\\\/2026\\\/03\\\/13\\\/algerie-tunisie-les-bus-reprennent-la-route\\\/\"},\"author\":{\"name\":\"admin\",\"@id\":\"https:\\\/\\\/lasentinelle.dz\\\/#\\\/schema\\\/person\\\/729ee0024f24e0b8c5ec17232f8e8b41\"},\"headline\":\"Alg\u00e9rie-Tunisie\u00a0: Les bus reprennent la route\",\"datePublished\":\"2026-03-13T19:19:17+00:00\",\"dateModified\":\"2026-03-13T19:19:18+00:00\",\"mainEntityOfPage\":{\"@id\":\"https:\\\/\\\/lasentinelle.dz\\\/index.php\\\/2026\\\/03\\\/13\\\/algerie-tunisie-les-bus-reprennent-la-route\\\/\"},\"wordCount\":680,\"commentCount\":0,\"publisher\":{\"@id\":\"https:\\\/\\\/lasentinelle.dz\\\/#organization\"},\"image\":{\"@id\":\"https:\\\/\\\/lasentinelle.dz\\\/index.php\\\/2026\\\/03\\\/13\\\/algerie-tunisie-les-bus-reprennent-la-route\\\/#primaryimage\"},\"thumbnailUrl\":\"https:\\\/\\\/lasentinelle.dz\\\/wp-content\\\/uploads\\\/2026\\\/03\\\/Bus.jpg\",\"articleSection\":[\"\u00c0 la Une\",\"Actualit\u00e9\"],\"inLanguage\":\"fr-FR\",\"potentialAction\":[{\"@type\":\"CommentAction\",\"name\":\"Comment\",\"target\":[\"https:\\\/\\\/lasentinelle.dz\\\/index.php\\\/2026\\\/03\\\/13\\\/algerie-tunisie-les-bus-reprennent-la-route\\\/#respond\"]}]},{\"@type\":\"WebPage\",\"@id\":\"https:\\\/\\\/lasentinelle.dz\\\/index.php\\\/2026\\\/03\\\/13\\\/algerie-tunisie-les-bus-reprennent-la-route\\\/\",\"url\":\"https:\\\/\\\/lasentinelle.dz\\\/index.php\\\/2026\\\/03\\\/13\\\/algerie-tunisie-les-bus-reprennent-la-route\\\/\",\"name\":\"Alg\u00e9rie-Tunisie\u00a0: Les bus reprennent la route - La Sentinelle\",\"isPartOf\":{\"@id\":\"https:\\\/\\\/lasentinelle.dz\\\/#website\"},\"primaryImageOfPage\":{\"@id\":\"https:\\\/\\\/lasentinelle.dz\\\/index.php\\\/2026\\\/03\\\/13\\\/algerie-tunisie-les-bus-reprennent-la-route\\\/#primaryimage\"},\"image\":{\"@id\":\"https:\\\/\\\/lasentinelle.dz\\\/index.php\\\/2026\\\/03\\\/13\\\/algerie-tunisie-les-bus-reprennent-la-route\\\/#primaryimage\"},\"thumbnailUrl\":\"https:\\\/\\\/lasentinelle.dz\\\/wp-content\\\/uploads\\\/2026\\\/03\\\/Bus.jpg\",\"datePublished\":\"2026-03-13T19:19:17+00:00\",\"dateModified\":\"2026-03-13T19:19:18+00:00\",\"breadcrumb\":{\"@id\":\"https:\\\/\\\/lasentinelle.dz\\\/index.php\\\/2026\\\/03\\\/13\\\/algerie-tunisie-les-bus-reprennent-la-route\\\/#breadcrumb\"},\"inLanguage\":\"fr-FR\",\"potentialAction\":[{\"@type\":\"ReadAction\",\"target\":[\"https:\\\/\\\/lasentinelle.dz\\\/index.php\\\/2026\\\/03\\\/13\\\/algerie-tunisie-les-bus-reprennent-la-route\\\/\"]}]},{\"@type\":\"ImageObject\",\"inLanguage\":\"fr-FR\",\"@id\":\"https:\\\/\\\/lasentinelle.dz\\\/index.php\\\/2026\\\/03\\\/13\\\/algerie-tunisie-les-bus-reprennent-la-route\\\/#primaryimage\",\"url\":\"https:\\\/\\\/lasentinelle.dz\\\/wp-content\\\/uploads\\\/2026\\\/03\\\/Bus.jpg\",\"contentUrl\":\"https:\\\/\\\/lasentinelle.dz\\\/wp-content\\\/uploads\\\/2026\\\/03\\\/Bus.jpg\",\"width\":2048,\"height\":1152},{\"@type\":\"BreadcrumbList\",\"@id\":\"https:\\\/\\\/lasentinelle.dz\\\/index.php\\\/2026\\\/03\\\/13\\\/algerie-tunisie-les-bus-reprennent-la-route\\\/#breadcrumb\",\"itemListElement\":[{\"@type\":\"ListItem\",\"position\":1,\"name\":\"Accueil\",\"item\":\"https:\\\/\\\/lasentinelle.dz\\\/\"},{\"@type\":\"ListItem\",\"position\":2,\"name\":\"Alg\u00e9rie-Tunisie\u00a0: Les bus reprennent la route\"}]},{\"@type\":\"WebSite\",\"@id\":\"https:\\\/\\\/lasentinelle.dz\\\/#website\",\"url\":\"https:\\\/\\\/lasentinelle.dz\\\/\",\"name\":\"La Sentinelle\",\"description\":\"Quotidien national d&#039;information\",\"publisher\":{\"@id\":\"https:\\\/\\\/lasentinelle.dz\\\/#organization\"},\"potentialAction\":[{\"@type\":\"SearchAction\",\"target\":{\"@type\":\"EntryPoint\",\"urlTemplate\":\"https:\\\/\\\/lasentinelle.dz\\\/?s={search_term_string}\"},\"query-input\":{\"@type\":\"PropertyValueSpecification\",\"valueRequired\":true,\"valueName\":\"search_term_string\"}}],\"inLanguage\":\"fr-FR\"},{\"@type\":\"Organization\",\"@id\":\"https:\\\/\\\/lasentinelle.dz\\\/#organization\",\"name\":\"Quotidien La Sentinelle\",\"url\":\"https:\\\/\\\/lasentinelle.dz\\\/\",\"logo\":{\"@type\":\"ImageObject\",\"inLanguage\":\"fr-FR\",\"@id\":\"https:\\\/\\\/lasentinelle.dz\\\/#\\\/schema\\\/logo\\\/image\\\/\",\"url\":\"https:\\\/\\\/lasentinelle.dz\\\/wp-content\\\/uploads\\\/2021\\\/09\\\/logo-sentinelleSLOGAN-1.png\",\"contentUrl\":\"https:\\\/\\\/lasentinelle.dz\\\/wp-content\\\/uploads\\\/2021\\\/09\\\/logo-sentinelleSLOGAN-1.png\",\"width\":615,\"height\":142,\"caption\":\"Quotidien La Sentinelle\"},\"image\":{\"@id\":\"https:\\\/\\\/lasentinelle.dz\\\/#\\\/schema\\\/logo\\\/image\\\/\"},\"sameAs\":[\"https:\\\/\\\/www.facebook.com\\\/La-Sentinelle-104059864394773\"]},{\"@type\":\"Person\",\"@id\":\"https:\\\/\\\/lasentinelle.dz\\\/#\\\/schema\\\/person\\\/729ee0024f24e0b8c5ec17232f8e8b41\",\"name\":\"admin\",\"image\":{\"@type\":\"ImageObject\",\"inLanguage\":\"fr-FR\",\"@id\":\"https:\\\/\\\/secure.gravatar.com\\\/avatar\\\/4c81fed838786e9b53f540bf46533e750f5d292099ae3b66cfc6fb1982e29df7?s=96&d=mm&r=g\",\"url\":\"https:\\\/\\\/secure.gravatar.com\\\/avatar\\\/4c81fed838786e9b53f540bf46533e750f5d292099ae3b66cfc6fb1982e29df7?s=96&d=mm&r=g\",\"contentUrl\":\"https:\\\/\\\/secure.gravatar.com\\\/avatar\\\/4c81fed838786e9b53f540bf46533e750f5d292099ae3b66cfc6fb1982e29df7?s=96&d=mm&r=g\",\"caption\":\"admin\"},\"description\":\"admin\",\"url\":\"https:\\\/\\\/lasentinelle.dz\\\/author\\\/admin\\\/\"}]}<\/script>\n<!-- \/ Yoast SEO plugin. -->","yoast_head_json":{"title":"Alg\u00e9rie-Tunisie\u00a0: Les bus reprennent la route - La Sentinelle","robots":{"index":"index","follow":"follow","max-snippet":"max-snippet:-1","max-image-preview":"max-image-preview:large","max-video-preview":"max-video-preview:-1"},"canonical":"https:\/\/lasentinelle.dz\/index.php\/2026\/03\/13\/algerie-tunisie-les-bus-reprennent-la-route\/","og_locale":"fr_FR","og_type":"article","og_title":"Alg\u00e9rie-Tunisie\u00a0: Les bus reprennent la route - La Sentinelle","og_description":"Pour la premi\u00e8re fois depuis des d\u00e9cennies, des autocars de ligne relient d\u00e9sormais l&rsquo;Alg\u00e9rie \u00e0 la Tunisie par voie terrestre.","og_url":"https:\/\/lasentinelle.dz\/index.php\/2026\/03\/13\/algerie-tunisie-les-bus-reprennent-la-route\/","og_site_name":"La Sentinelle","article_publisher":"https:\/\/www.facebook.com\/La-Sentinelle-104059864394773","article_published_time":"2026-03-13T19:19:17+00:00","article_modified_time":"2026-03-13T19:19:18+00:00","og_image":[{"width":2048,"height":1152,"url":"https:\/\/lasentinelle.dz\/wp-content\/uploads\/2026\/03\/Bus.jpg","type":"image\/jpeg"}],"author":"admin","twitter_card":"summary_large_image","twitter_misc":{"\u00c9crit par":"admin","Dur\u00e9e de lecture estim\u00e9e":"4 minutes"},"schema":{"@context":"https:\/\/schema.org","@graph":[{"@type":"Article","@id":"https:\/\/lasentinelle.dz\/index.php\/2026\/03\/13\/algerie-tunisie-les-bus-reprennent-la-route\/#article","isPartOf":{"@id":"https:\/\/lasentinelle.dz\/index.php\/2026\/03\/13\/algerie-tunisie-les-bus-reprennent-la-route\/"},"author":{"name":"admin","@id":"https:\/\/lasentinelle.dz\/#\/schema\/person\/729ee0024f24e0b8c5ec17232f8e8b41"},"headline":"Alg\u00e9rie-Tunisie\u00a0: Les bus reprennent la route","datePublished":"2026-03-13T19:19:17+00:00","dateModified":"2026-03-13T19:19:18+00:00","mainEntityOfPage":{"@id":"https:\/\/lasentinelle.dz\/index.php\/2026\/03\/13\/algerie-tunisie-les-bus-reprennent-la-route\/"},"wordCount":680,"commentCount":0,"publisher":{"@id":"https:\/\/lasentinelle.dz\/#organization"},"image":{"@id":"https:\/\/lasentinelle.dz\/index.php\/2026\/03\/13\/algerie-tunisie-les-bus-reprennent-la-route\/#primaryimage"},"thumbnailUrl":"https:\/\/lasentinelle.dz\/wp-content\/uploads\/2026\/03\/Bus.jpg","articleSection":["\u00c0 la Une","Actualit\u00e9"],"inLanguage":"fr-FR","potentialAction":[{"@type":"CommentAction","name":"Comment","target":["https:\/\/lasentinelle.dz\/index.php\/2026\/03\/13\/algerie-tunisie-les-bus-reprennent-la-route\/#respond"]}]},{"@type":"WebPage","@id":"https:\/\/lasentinelle.dz\/index.php\/2026\/03\/13\/algerie-tunisie-les-bus-reprennent-la-route\/","url":"https:\/\/lasentinelle.dz\/index.php\/2026\/03\/13\/algerie-tunisie-les-bus-reprennent-la-route\/","name":"Alg\u00e9rie-Tunisie\u00a0: Les bus reprennent la route - La Sentinelle","isPartOf":{"@id":"https:\/\/lasentinelle.dz\/#website"},"primaryImageOfPage":{"@id":"https:\/\/lasentinelle.dz\/index.php\/2026\/03\/13\/algerie-tunisie-les-bus-reprennent-la-route\/#primaryimage"},"image":{"@id":"https:\/\/lasentinelle.dz\/index.php\/2026\/03\/13\/algerie-tunisie-les-bus-reprennent-la-route\/#primaryimage"},"thumbnailUrl":"https:\/\/lasentinelle.dz\/wp-content\/uploads\/2026\/03\/Bus.jpg","datePublished":"2026-03-13T19:19:17+00:00","dateModified":"2026-03-13T19:19:18+00:00","breadcrumb":{"@id":"https:\/\/lasentinelle.dz\/index.php\/2026\/03\/13\/algerie-tunisie-les-bus-reprennent-la-route\/#breadcrumb"},"inLanguage":"fr-FR","potentialAction":[{"@type":"ReadAction","target":["https:\/\/lasentinelle.dz\/index.php\/2026\/03\/13\/algerie-tunisie-les-bus-reprennent-la-route\/"]}]},{"@type":"ImageObject","inLanguage":"fr-FR","@id":"https:\/\/lasentinelle.dz\/index.php\/2026\/03\/13\/algerie-tunisie-les-bus-reprennent-la-route\/#primaryimage","url":"https:\/\/lasentinelle.dz\/wp-content\/uploads\/2026\/03\/Bus.jpg","contentUrl":"https:\/\/lasentinelle.dz\/wp-content\/uploads\/2026\/03\/Bus.jpg","width":2048,"height":1152},{"@type":"BreadcrumbList","@id":"https:\/\/lasentinelle.dz\/index.php\/2026\/03\/13\/algerie-tunisie-les-bus-reprennent-la-route\/#breadcrumb","itemListElement":[{"@type":"ListItem","position":1,"name":"Accueil","item":"https:\/\/lasentinelle.dz\/"},{"@type":"ListItem","position":2,"name":"Alg\u00e9rie-Tunisie\u00a0: Les bus reprennent la route"}]},{"@type":"WebSite","@id":"https:\/\/lasentinelle.dz\/#website","url":"https:\/\/lasentinelle.dz\/","name":"La Sentinelle","description":"Quotidien national d&#039;information","publisher":{"@id":"https:\/\/lasentinelle.dz\/#organization"},"potentialAction":[{"@type":"SearchAction","target":{"@type":"EntryPoint","urlTemplate":"https:\/\/lasentinelle.dz\/?s={search_term_string}"},"query-input":{"@type":"PropertyValueSpecification","valueRequired":true,"valueName":"search_term_string"}}],"inLanguage":"fr-FR"},{"@type":"Organization","@id":"https:\/\/lasentinelle.dz\/#organization","name":"Quotidien La Sentinelle","url":"https:\/\/lasentinelle.dz\/","logo":{"@type":"ImageObject","inLanguage":"fr-FR","@id":"https:\/\/lasentinelle.dz\/#\/schema\/logo\/image\/","url":"https:\/\/lasentinelle.dz\/wp-content\/uploads\/2021\/09\/logo-sentinelleSLOGAN-1.png","contentUrl":"https:\/\/lasentinelle.dz\/wp-content\/uploads\/2021\/09\/logo-sentinelleSLOGAN-1.png","width":615,"height":142,"caption":"Quotidien La Sentinelle"},"image":{"@id":"https:\/\/lasentinelle.dz\/#\/schema\/logo\/image\/"},"sameAs":["https:\/\/www.facebook.com\/La-Sentinelle-104059864394773"]},{"@type":"Person","@id":"https:\/\/lasentinelle.dz\/#\/schema\/person\/729ee0024f24e0b8c5ec17232f8e8b41","name":"admin","image":{"@type":"ImageObject","inLanguage":"fr-FR","@id":"https:\/\/secure.gravatar.com\/avatar\/4c81fed838786e9b53f540bf46533e750f5d292099ae3b66cfc6fb1982e29df7?s=96&d=mm&r=g","url":"https:\/\/secure.gravatar.com\/avatar\/4c81fed838786e9b53f540bf46533e750f5d292099ae3b66cfc6fb1982e29df7?s=96&d=mm&r=g","contentUrl":"https:\/\/secure.gravatar.com\/avatar\/4c81fed838786e9b53f540bf46533e750f5d292099ae3b66cfc6fb1982e29df7?s=96&d=mm&r=g","caption":"admin"},"description":"admin","url":"https:\/\/lasentinelle.dz\/author\/admin\/"}]}},"_links":{"self":[{"href":"https:\/\/lasentinelle.dz\/index.php\/wp-json\/wp\/v2\/posts\/83439","targetHints":{"allow":["GET"]}}],"collection":[{"href":"https:\/\/lasentinelle.dz\/index.php\/wp-json\/wp\/v2\/posts"}],"about":[{"href":"https:\/\/lasentinelle.dz\/index.php\/wp-json\/wp\/v2\/types\/post"}],"author":[{"embeddable":true,"href":"https:\/\/lasentinelle.dz\/index.php\/wp-json\/wp\/v2\/users\/6"}],"replies":[{"embeddable":true,"href":"https:\/\/lasentinelle.dz\/index.php\/wp-json\/wp\/v2\/comments?post=83439"}],"version-history":[{"count":1,"href":"https:\/\/lasentinelle.dz\/index.php\/wp-json\/wp\/v2\/posts\/83439\/revisions"}],"predecessor-version":[{"id":83441,"href":"https:\/\/lasentinelle.dz\/index.php\/wp-json\/wp\/v2\/posts\/83439\/revisions\/83441"}],"wp:featuredmedia":[{"embeddable":true,"href":"https:\/\/lasentinelle.dz\/index.php\/wp-json\/wp\/v2\/media\/83440"}],"wp:attachment":[{"href":"https:\/\/lasentinelle.dz\/index.php\/wp-json\/wp\/v2\/media?parent=83439"}],"wp:term":[{"taxonomy":"category","embeddable":true,"href":"https:\/\/lasentinelle.dz\/index.php\/wp-json\/wp\/v2\/categories?post=83439"},{"taxonomy":"post_tag","embeddable":true,"href":"https:\/\/lasentinelle.dz\/index.php\/wp-json\/wp\/v2\/tags?post=83439"}],"curies":[{"name":"wp","href":"https:\/\/api.w.org\/{rel}","templated":true}]}}