{"id":83442,"date":"2026-03-13T20:20:05","date_gmt":"2026-03-13T19:20:05","guid":{"rendered":"https:\/\/lasentinelle.dz\/?p=83442"},"modified":"2026-03-13T20:20:07","modified_gmt":"2026-03-13T19:20:07","slug":"anp-sept-terroristes-neutralises-a-tebessa","status":"publish","type":"post","link":"https:\/\/lasentinelle.dz\/index.php\/2026\/03\/13\/anp-sept-terroristes-neutralises-a-tebessa\/","title":{"rendered":"ANP\u00a0: Sept terroristes neutralis\u00e9s \u00e0 T\u00e9bessa"},"content":{"rendered":"\n<p>Deux journ\u00e9es d&rsquo;op\u00e9rations cons\u00e9cutives dans le secteur militaire de T\u00e9bessa ont abouti \u00e0 l&rsquo;\u00e9limination de sept terroristes, dont deux chefs de groupe, au prix de la vie de trois \u00e9l\u00e9ments de l&rsquo;ANP. Sept terroristes neutralis\u00e9s, sept kalachnikovs saisies, une quantit\u00e9 significative de munitions r\u00e9cup\u00e9r\u00e9e. Tel est le bilan arr\u00eat\u00e9 vendredi apr\u00e8s-midi des op\u00e9rations antiterroristes conduites les 12 et 13 mars 2026 dans le secteur militaire de T\u00e9bessa, relevant de la 5e R\u00e9gion militaire. Parmi les \u00e9l\u00e9ments arm\u00e9s \u00e9limin\u00e9s figurent deux chefs de groupe identifi\u00e9s par le minist\u00e8re de la D\u00e9fense nationale sous les noms de Youn\u00e8s Saleh et Haddad Bilal. L&rsquo;op\u00e9ration a d\u00e9but\u00e9 dans la nuit du jeudi 12 mars. Des d\u00e9tachements combin\u00e9s de l&rsquo;Arm\u00e9e nationale populaire, agissant sur la base de renseignements fournis par les services de s\u00e9curit\u00e9 de l&rsquo;arm\u00e9e, ont tendu une embuscade qui a permis d&rsquo;abattre quatre terroristes et de r\u00e9cup\u00e9rer quatre pistolets mitrailleurs de type Kalachnikov ainsi que des munitions et divers effets. Le MDN a pr\u00e9cis\u00e9 que l&rsquo;action avait \u00e9t\u00e9 men\u00e9e \u00ab en ex\u00e9cution des instructions du Haut Commandement de l&rsquo;ANP, relatives \u00e0 la garantie de la s\u00e9curit\u00e9 et de la qui\u00e9tude des citoyens, notamment durant ce mois b\u00e9ni de Ramadhan \u00bb.<\/p>\n\n\n\n<p>Le lendemain, vendredi 13 mars, les m\u00eames unit\u00e9s ont poursuivi leur action dans la m\u00eame zone, neutralisant trois terroristes suppl\u00e9mentaires et saisissant trois nouvelles armes automatiques. C&rsquo;est au cours de ces affrontements que trois soldats de l&rsquo;ANP ont perdu la vie. Face \u00e0 ce \u00ab lourd tribut \u00bb, le g\u00e9n\u00e9ral de corps d&rsquo;arm\u00e9e Sa\u00efd Chanegriha, ministre d\u00e9l\u00e9gu\u00e9 aupr\u00e8s du ministre de la D\u00e9fense nationale et chef d&rsquo;\u00e9tat-major de l&rsquo;ANP, a exprim\u00e9, en son nom et au nom de l&rsquo;ensemble du personnel de l&rsquo;arm\u00e9e, \u00ab ses sinc\u00e8res condol\u00e9ances et sa compassion aux familles des martyrs \u00bb, priant le Tout-Puissant, en ce mois sacr\u00e9, de les accueillir dans Sa mis\u00e9ricorde et de \u00ab gratifier leurs proches de la patience et de la consolation \u00bb.<\/p>\n\n\n\n<p>Ces deux journ\u00e9es d&rsquo;op\u00e9rations s&rsquo;inscrivent dans un tempo s\u00e9curitaire soutenu depuis le d\u00e9but du mois. Le 1er mars, une premi\u00e8re intervention dans la for\u00eat de Zeddine, dans le secteur militaire de A\u00efn Defla en 1re R\u00e9gion militaire, avait permis de neutraliser deux terroristes et de r\u00e9cup\u00e9rer deux kalachnikovs. Le MDN avait alors qualifi\u00e9 cette action d&rsquo;\u00ab op\u00e9ration qualitative \u00bb. Au total, depuis le d\u00e9but mars, ce sont neuf \u00e9l\u00e9ments arm\u00e9s qui ont \u00e9t\u00e9 \u00e9limin\u00e9s sur l&rsquo;ensemble du territoire national. Pour l&rsquo;\u00e9tat-major, ces r\u00e9sultats \u00ab confirment la vigilance et la d\u00e9termination des unit\u00e9s de l&rsquo;ANP \u00e0 traquer les r\u00e9sidus de ces criminels en toutes circonstances, jusqu&rsquo;\u00e0 leur \u00e9radication \u00bb.<\/p>\n\n\n\n<p>Malik Meziane<\/p>\n","protected":false},"excerpt":{"rendered":"<p>Deux journ\u00e9es d&rsquo;op\u00e9rations cons\u00e9cutives dans le secteur militaire de T\u00e9bessa ont abouti \u00e0 l&rsquo;\u00e9limination de sept terroristes, dont deux chefs<\/p>\n","protected":false},"author":6,"featured_media":83443,"comment_status":"open","ping_status":"closed","sticky":false,"template":"","format":"standard","meta":{"colormag_page_container_layout":"default_layout","colormag_page_sidebar_layout":"default_layout","om_disable_all_campaigns":false,"_monsterinsights_skip_tracking":false,"_monsterinsights_sitenote_active":false,"_monsterinsights_sitenote_note":"","_monsterinsights_sitenote_category":0,"footnotes":"","_wpscppro_dont_share_socialmedia":false,"_wpscppro_custom_social_share_image":0,"_facebook_share_type":"default","_twitter_share_type":"default","_linkedin_share_type":"default","_pinterest_share_type":"default","_linkedin_share_type_page":"","_instagram_share_type":"default","_medium_share_type":"default","_threads_share_type":"default","_google_business_share_type":"default","_selected_social_profile":[],"_wpsp_enable_custom_social_template":false,"_wpsp_social_scheduling":{"enabled":false,"datetime":null,"platforms":[],"status":"template_only","dateOption":"today","timeOption":"now","customDays":"","customHours":"","customDate":"","customTime":"","schedulingType":"absolute"},"_wpsp_active_default_template":true},"categories":[52,27],"tags":[],"class_list":["post-83442","post","type-post","status-publish","format-standard","has-post-thumbnail","hentry","category-a-la-une","category-actualite"],"aioseo_notices":[],"yoast_head":"<!-- This site is optimized with the Yoast SEO plugin v27.5 - https:\/\/yoast.com\/product\/yoast-seo-wordpress\/ -->\n<title>ANP\u00a0: Sept terroristes neutralis\u00e9s \u00e0 T\u00e9bessa - La Sentinelle<\/title>\n<meta name=\"robots\" content=\"index, follow, max-snippet:-1, max-image-preview:large, max-video-preview:-1\" \/>\n<link rel=\"canonical\" href=\"https:\/\/lasentinelle.dz\/index.php\/2026\/03\/13\/anp-sept-terroristes-neutralises-a-tebessa\/\" \/>\n<meta property=\"og:locale\" content=\"fr_FR\" \/>\n<meta property=\"og:type\" content=\"article\" \/>\n<meta property=\"og:title\" content=\"ANP\u00a0: Sept terroristes neutralis\u00e9s \u00e0 T\u00e9bessa - La Sentinelle\" \/>\n<meta property=\"og:description\" content=\"Deux journ\u00e9es d&rsquo;op\u00e9rations cons\u00e9cutives dans le secteur militaire de T\u00e9bessa ont abouti \u00e0 l&rsquo;\u00e9limination de sept terroristes, dont deux chefs\" \/>\n<meta property=\"og:url\" content=\"https:\/\/lasentinelle.dz\/index.php\/2026\/03\/13\/anp-sept-terroristes-neutralises-a-tebessa\/\" \/>\n<meta property=\"og:site_name\" content=\"La Sentinelle\" \/>\n<meta property=\"article:publisher\" content=\"https:\/\/www.facebook.com\/La-Sentinelle-104059864394773\" \/>\n<meta property=\"article:published_time\" content=\"2026-03-13T19:20:05+00:00\" \/>\n<meta property=\"article:modified_time\" content=\"2026-03-13T19:20:07+00:00\" \/>\n<meta property=\"og:image\" content=\"https:\/\/lasentinelle.dz\/wp-content\/uploads\/2026\/03\/lutte.jpg\" \/>\n\t<meta property=\"og:image:width\" content=\"400\" \/>\n\t<meta property=\"og:image:height\" content=\"267\" \/>\n\t<meta property=\"og:image:type\" content=\"image\/jpeg\" \/>\n<meta name=\"author\" content=\"admin\" \/>\n<meta name=\"twitter:card\" content=\"summary_large_image\" \/>\n<meta name=\"twitter:label1\" content=\"\u00c9crit par\" \/>\n\t<meta name=\"twitter:data1\" content=\"admin\" \/>\n\t<meta name=\"twitter:label2\" content=\"Dur\u00e9e de lecture estim\u00e9e\" \/>\n\t<meta name=\"twitter:data2\" content=\"3 minutes\" \/>\n<script type=\"application\/ld+json\" class=\"yoast-schema-graph\">{\"@context\":\"https:\\\/\\\/schema.org\",\"@graph\":[{\"@type\":\"Article\",\"@id\":\"https:\\\/\\\/lasentinelle.dz\\\/index.php\\\/2026\\\/03\\\/13\\\/anp-sept-terroristes-neutralises-a-tebessa\\\/#article\",\"isPartOf\":{\"@id\":\"https:\\\/\\\/lasentinelle.dz\\\/index.php\\\/2026\\\/03\\\/13\\\/anp-sept-terroristes-neutralises-a-tebessa\\\/\"},\"author\":{\"name\":\"admin\",\"@id\":\"https:\\\/\\\/lasentinelle.dz\\\/#\\\/schema\\\/person\\\/729ee0024f24e0b8c5ec17232f8e8b41\"},\"headline\":\"ANP\u00a0: Sept terroristes neutralis\u00e9s \u00e0 T\u00e9bessa\",\"datePublished\":\"2026-03-13T19:20:05+00:00\",\"dateModified\":\"2026-03-13T19:20:07+00:00\",\"mainEntityOfPage\":{\"@id\":\"https:\\\/\\\/lasentinelle.dz\\\/index.php\\\/2026\\\/03\\\/13\\\/anp-sept-terroristes-neutralises-a-tebessa\\\/\"},\"wordCount\":508,\"commentCount\":0,\"publisher\":{\"@id\":\"https:\\\/\\\/lasentinelle.dz\\\/#organization\"},\"image\":{\"@id\":\"https:\\\/\\\/lasentinelle.dz\\\/index.php\\\/2026\\\/03\\\/13\\\/anp-sept-terroristes-neutralises-a-tebessa\\\/#primaryimage\"},\"thumbnailUrl\":\"https:\\\/\\\/lasentinelle.dz\\\/wp-content\\\/uploads\\\/2026\\\/03\\\/lutte.jpg\",\"articleSection\":[\"\u00c0 la Une\",\"Actualit\u00e9\"],\"inLanguage\":\"fr-FR\",\"potentialAction\":[{\"@type\":\"CommentAction\",\"name\":\"Comment\",\"target\":[\"https:\\\/\\\/lasentinelle.dz\\\/index.php\\\/2026\\\/03\\\/13\\\/anp-sept-terroristes-neutralises-a-tebessa\\\/#respond\"]}]},{\"@type\":\"WebPage\",\"@id\":\"https:\\\/\\\/lasentinelle.dz\\\/index.php\\\/2026\\\/03\\\/13\\\/anp-sept-terroristes-neutralises-a-tebessa\\\/\",\"url\":\"https:\\\/\\\/lasentinelle.dz\\\/index.php\\\/2026\\\/03\\\/13\\\/anp-sept-terroristes-neutralises-a-tebessa\\\/\",\"name\":\"ANP\u00a0: Sept terroristes neutralis\u00e9s \u00e0 T\u00e9bessa - La Sentinelle\",\"isPartOf\":{\"@id\":\"https:\\\/\\\/lasentinelle.dz\\\/#website\"},\"primaryImageOfPage\":{\"@id\":\"https:\\\/\\\/lasentinelle.dz\\\/index.php\\\/2026\\\/03\\\/13\\\/anp-sept-terroristes-neutralises-a-tebessa\\\/#primaryimage\"},\"image\":{\"@id\":\"https:\\\/\\\/lasentinelle.dz\\\/index.php\\\/2026\\\/03\\\/13\\\/anp-sept-terroristes-neutralises-a-tebessa\\\/#primaryimage\"},\"thumbnailUrl\":\"https:\\\/\\\/lasentinelle.dz\\\/wp-content\\\/uploads\\\/2026\\\/03\\\/lutte.jpg\",\"datePublished\":\"2026-03-13T19:20:05+00:00\",\"dateModified\":\"2026-03-13T19:20:07+00:00\",\"breadcrumb\":{\"@id\":\"https:\\\/\\\/lasentinelle.dz\\\/index.php\\\/2026\\\/03\\\/13\\\/anp-sept-terroristes-neutralises-a-tebessa\\\/#breadcrumb\"},\"inLanguage\":\"fr-FR\",\"potentialAction\":[{\"@type\":\"ReadAction\",\"target\":[\"https:\\\/\\\/lasentinelle.dz\\\/index.php\\\/2026\\\/03\\\/13\\\/anp-sept-terroristes-neutralises-a-tebessa\\\/\"]}]},{\"@type\":\"ImageObject\",\"inLanguage\":\"fr-FR\",\"@id\":\"https:\\\/\\\/lasentinelle.dz\\\/index.php\\\/2026\\\/03\\\/13\\\/anp-sept-terroristes-neutralises-a-tebessa\\\/#primaryimage\",\"url\":\"https:\\\/\\\/lasentinelle.dz\\\/wp-content\\\/uploads\\\/2026\\\/03\\\/lutte.jpg\",\"contentUrl\":\"https:\\\/\\\/lasentinelle.dz\\\/wp-content\\\/uploads\\\/2026\\\/03\\\/lutte.jpg\",\"width\":400,\"height\":267},{\"@type\":\"BreadcrumbList\",\"@id\":\"https:\\\/\\\/lasentinelle.dz\\\/index.php\\\/2026\\\/03\\\/13\\\/anp-sept-terroristes-neutralises-a-tebessa\\\/#breadcrumb\",\"itemListElement\":[{\"@type\":\"ListItem\",\"position\":1,\"name\":\"Accueil\",\"item\":\"https:\\\/\\\/lasentinelle.dz\\\/\"},{\"@type\":\"ListItem\",\"position\":2,\"name\":\"ANP\u00a0: Sept terroristes neutralis\u00e9s \u00e0 T\u00e9bessa\"}]},{\"@type\":\"WebSite\",\"@id\":\"https:\\\/\\\/lasentinelle.dz\\\/#website\",\"url\":\"https:\\\/\\\/lasentinelle.dz\\\/\",\"name\":\"La Sentinelle\",\"description\":\"Quotidien national d&#039;information\",\"publisher\":{\"@id\":\"https:\\\/\\\/lasentinelle.dz\\\/#organization\"},\"potentialAction\":[{\"@type\":\"SearchAction\",\"target\":{\"@type\":\"EntryPoint\",\"urlTemplate\":\"https:\\\/\\\/lasentinelle.dz\\\/?s={search_term_string}\"},\"query-input\":{\"@type\":\"PropertyValueSpecification\",\"valueRequired\":true,\"valueName\":\"search_term_string\"}}],\"inLanguage\":\"fr-FR\"},{\"@type\":\"Organization\",\"@id\":\"https:\\\/\\\/lasentinelle.dz\\\/#organization\",\"name\":\"Quotidien La Sentinelle\",\"url\":\"https:\\\/\\\/lasentinelle.dz\\\/\",\"logo\":{\"@type\":\"ImageObject\",\"inLanguage\":\"fr-FR\",\"@id\":\"https:\\\/\\\/lasentinelle.dz\\\/#\\\/schema\\\/logo\\\/image\\\/\",\"url\":\"https:\\\/\\\/lasentinelle.dz\\\/wp-content\\\/uploads\\\/2021\\\/09\\\/logo-sentinelleSLOGAN-1.png\",\"contentUrl\":\"https:\\\/\\\/lasentinelle.dz\\\/wp-content\\\/uploads\\\/2021\\\/09\\\/logo-sentinelleSLOGAN-1.png\",\"width\":615,\"height\":142,\"caption\":\"Quotidien La Sentinelle\"},\"image\":{\"@id\":\"https:\\\/\\\/lasentinelle.dz\\\/#\\\/schema\\\/logo\\\/image\\\/\"},\"sameAs\":[\"https:\\\/\\\/www.facebook.com\\\/La-Sentinelle-104059864394773\"]},{\"@type\":\"Person\",\"@id\":\"https:\\\/\\\/lasentinelle.dz\\\/#\\\/schema\\\/person\\\/729ee0024f24e0b8c5ec17232f8e8b41\",\"name\":\"admin\",\"image\":{\"@type\":\"ImageObject\",\"inLanguage\":\"fr-FR\",\"@id\":\"https:\\\/\\\/secure.gravatar.com\\\/avatar\\\/4c81fed838786e9b53f540bf46533e750f5d292099ae3b66cfc6fb1982e29df7?s=96&d=mm&r=g\",\"url\":\"https:\\\/\\\/secure.gravatar.com\\\/avatar\\\/4c81fed838786e9b53f540bf46533e750f5d292099ae3b66cfc6fb1982e29df7?s=96&d=mm&r=g\",\"contentUrl\":\"https:\\\/\\\/secure.gravatar.com\\\/avatar\\\/4c81fed838786e9b53f540bf46533e750f5d292099ae3b66cfc6fb1982e29df7?s=96&d=mm&r=g\",\"caption\":\"admin\"},\"description\":\"admin\",\"url\":\"https:\\\/\\\/lasentinelle.dz\\\/author\\\/admin\\\/\"}]}<\/script>\n<!-- \/ Yoast SEO plugin. -->","yoast_head_json":{"title":"ANP\u00a0: Sept terroristes neutralis\u00e9s \u00e0 T\u00e9bessa - La Sentinelle","robots":{"index":"index","follow":"follow","max-snippet":"max-snippet:-1","max-image-preview":"max-image-preview:large","max-video-preview":"max-video-preview:-1"},"canonical":"https:\/\/lasentinelle.dz\/index.php\/2026\/03\/13\/anp-sept-terroristes-neutralises-a-tebessa\/","og_locale":"fr_FR","og_type":"article","og_title":"ANP\u00a0: Sept terroristes neutralis\u00e9s \u00e0 T\u00e9bessa - La Sentinelle","og_description":"Deux journ\u00e9es d&rsquo;op\u00e9rations cons\u00e9cutives dans le secteur militaire de T\u00e9bessa ont abouti \u00e0 l&rsquo;\u00e9limination de sept terroristes, dont deux chefs","og_url":"https:\/\/lasentinelle.dz\/index.php\/2026\/03\/13\/anp-sept-terroristes-neutralises-a-tebessa\/","og_site_name":"La Sentinelle","article_publisher":"https:\/\/www.facebook.com\/La-Sentinelle-104059864394773","article_published_time":"2026-03-13T19:20:05+00:00","article_modified_time":"2026-03-13T19:20:07+00:00","og_image":[{"width":400,"height":267,"url":"https:\/\/lasentinelle.dz\/wp-content\/uploads\/2026\/03\/lutte.jpg","type":"image\/jpeg"}],"author":"admin","twitter_card":"summary_large_image","twitter_misc":{"\u00c9crit par":"admin","Dur\u00e9e de lecture estim\u00e9e":"3 minutes"},"schema":{"@context":"https:\/\/schema.org","@graph":[{"@type":"Article","@id":"https:\/\/lasentinelle.dz\/index.php\/2026\/03\/13\/anp-sept-terroristes-neutralises-a-tebessa\/#article","isPartOf":{"@id":"https:\/\/lasentinelle.dz\/index.php\/2026\/03\/13\/anp-sept-terroristes-neutralises-a-tebessa\/"},"author":{"name":"admin","@id":"https:\/\/lasentinelle.dz\/#\/schema\/person\/729ee0024f24e0b8c5ec17232f8e8b41"},"headline":"ANP\u00a0: Sept terroristes neutralis\u00e9s \u00e0 T\u00e9bessa","datePublished":"2026-03-13T19:20:05+00:00","dateModified":"2026-03-13T19:20:07+00:00","mainEntityOfPage":{"@id":"https:\/\/lasentinelle.dz\/index.php\/2026\/03\/13\/anp-sept-terroristes-neutralises-a-tebessa\/"},"wordCount":508,"commentCount":0,"publisher":{"@id":"https:\/\/lasentinelle.dz\/#organization"},"image":{"@id":"https:\/\/lasentinelle.dz\/index.php\/2026\/03\/13\/anp-sept-terroristes-neutralises-a-tebessa\/#primaryimage"},"thumbnailUrl":"https:\/\/lasentinelle.dz\/wp-content\/uploads\/2026\/03\/lutte.jpg","articleSection":["\u00c0 la Une","Actualit\u00e9"],"inLanguage":"fr-FR","potentialAction":[{"@type":"CommentAction","name":"Comment","target":["https:\/\/lasentinelle.dz\/index.php\/2026\/03\/13\/anp-sept-terroristes-neutralises-a-tebessa\/#respond"]}]},{"@type":"WebPage","@id":"https:\/\/lasentinelle.dz\/index.php\/2026\/03\/13\/anp-sept-terroristes-neutralises-a-tebessa\/","url":"https:\/\/lasentinelle.dz\/index.php\/2026\/03\/13\/anp-sept-terroristes-neutralises-a-tebessa\/","name":"ANP\u00a0: Sept terroristes neutralis\u00e9s \u00e0 T\u00e9bessa - La Sentinelle","isPartOf":{"@id":"https:\/\/lasentinelle.dz\/#website"},"primaryImageOfPage":{"@id":"https:\/\/lasentinelle.dz\/index.php\/2026\/03\/13\/anp-sept-terroristes-neutralises-a-tebessa\/#primaryimage"},"image":{"@id":"https:\/\/lasentinelle.dz\/index.php\/2026\/03\/13\/anp-sept-terroristes-neutralises-a-tebessa\/#primaryimage"},"thumbnailUrl":"https:\/\/lasentinelle.dz\/wp-content\/uploads\/2026\/03\/lutte.jpg","datePublished":"2026-03-13T19:20:05+00:00","dateModified":"2026-03-13T19:20:07+00:00","breadcrumb":{"@id":"https:\/\/lasentinelle.dz\/index.php\/2026\/03\/13\/anp-sept-terroristes-neutralises-a-tebessa\/#breadcrumb"},"inLanguage":"fr-FR","potentialAction":[{"@type":"ReadAction","target":["https:\/\/lasentinelle.dz\/index.php\/2026\/03\/13\/anp-sept-terroristes-neutralises-a-tebessa\/"]}]},{"@type":"ImageObject","inLanguage":"fr-FR","@id":"https:\/\/lasentinelle.dz\/index.php\/2026\/03\/13\/anp-sept-terroristes-neutralises-a-tebessa\/#primaryimage","url":"https:\/\/lasentinelle.dz\/wp-content\/uploads\/2026\/03\/lutte.jpg","contentUrl":"https:\/\/lasentinelle.dz\/wp-content\/uploads\/2026\/03\/lutte.jpg","width":400,"height":267},{"@type":"BreadcrumbList","@id":"https:\/\/lasentinelle.dz\/index.php\/2026\/03\/13\/anp-sept-terroristes-neutralises-a-tebessa\/#breadcrumb","itemListElement":[{"@type":"ListItem","position":1,"name":"Accueil","item":"https:\/\/lasentinelle.dz\/"},{"@type":"ListItem","position":2,"name":"ANP\u00a0: Sept terroristes neutralis\u00e9s \u00e0 T\u00e9bessa"}]},{"@type":"WebSite","@id":"https:\/\/lasentinelle.dz\/#website","url":"https:\/\/lasentinelle.dz\/","name":"La Sentinelle","description":"Quotidien national d&#039;information","publisher":{"@id":"https:\/\/lasentinelle.dz\/#organization"},"potentialAction":[{"@type":"SearchAction","target":{"@type":"EntryPoint","urlTemplate":"https:\/\/lasentinelle.dz\/?s={search_term_string}"},"query-input":{"@type":"PropertyValueSpecification","valueRequired":true,"valueName":"search_term_string"}}],"inLanguage":"fr-FR"},{"@type":"Organization","@id":"https:\/\/lasentinelle.dz\/#organization","name":"Quotidien La Sentinelle","url":"https:\/\/lasentinelle.dz\/","logo":{"@type":"ImageObject","inLanguage":"fr-FR","@id":"https:\/\/lasentinelle.dz\/#\/schema\/logo\/image\/","url":"https:\/\/lasentinelle.dz\/wp-content\/uploads\/2021\/09\/logo-sentinelleSLOGAN-1.png","contentUrl":"https:\/\/lasentinelle.dz\/wp-content\/uploads\/2021\/09\/logo-sentinelleSLOGAN-1.png","width":615,"height":142,"caption":"Quotidien La Sentinelle"},"image":{"@id":"https:\/\/lasentinelle.dz\/#\/schema\/logo\/image\/"},"sameAs":["https:\/\/www.facebook.com\/La-Sentinelle-104059864394773"]},{"@type":"Person","@id":"https:\/\/lasentinelle.dz\/#\/schema\/person\/729ee0024f24e0b8c5ec17232f8e8b41","name":"admin","image":{"@type":"ImageObject","inLanguage":"fr-FR","@id":"https:\/\/secure.gravatar.com\/avatar\/4c81fed838786e9b53f540bf46533e750f5d292099ae3b66cfc6fb1982e29df7?s=96&d=mm&r=g","url":"https:\/\/secure.gravatar.com\/avatar\/4c81fed838786e9b53f540bf46533e750f5d292099ae3b66cfc6fb1982e29df7?s=96&d=mm&r=g","contentUrl":"https:\/\/secure.gravatar.com\/avatar\/4c81fed838786e9b53f540bf46533e750f5d292099ae3b66cfc6fb1982e29df7?s=96&d=mm&r=g","caption":"admin"},"description":"admin","url":"https:\/\/lasentinelle.dz\/author\/admin\/"}]}},"_links":{"self":[{"href":"https:\/\/lasentinelle.dz\/index.php\/wp-json\/wp\/v2\/posts\/83442","targetHints":{"allow":["GET"]}}],"collection":[{"href":"https:\/\/lasentinelle.dz\/index.php\/wp-json\/wp\/v2\/posts"}],"about":[{"href":"https:\/\/lasentinelle.dz\/index.php\/wp-json\/wp\/v2\/types\/post"}],"author":[{"embeddable":true,"href":"https:\/\/lasentinelle.dz\/index.php\/wp-json\/wp\/v2\/users\/6"}],"replies":[{"embeddable":true,"href":"https:\/\/lasentinelle.dz\/index.php\/wp-json\/wp\/v2\/comments?post=83442"}],"version-history":[{"count":1,"href":"https:\/\/lasentinelle.dz\/index.php\/wp-json\/wp\/v2\/posts\/83442\/revisions"}],"predecessor-version":[{"id":83444,"href":"https:\/\/lasentinelle.dz\/index.php\/wp-json\/wp\/v2\/posts\/83442\/revisions\/83444"}],"wp:featuredmedia":[{"embeddable":true,"href":"https:\/\/lasentinelle.dz\/index.php\/wp-json\/wp\/v2\/media\/83443"}],"wp:attachment":[{"href":"https:\/\/lasentinelle.dz\/index.php\/wp-json\/wp\/v2\/media?parent=83442"}],"wp:term":[{"taxonomy":"category","embeddable":true,"href":"https:\/\/lasentinelle.dz\/index.php\/wp-json\/wp\/v2\/categories?post=83442"},{"taxonomy":"post_tag","embeddable":true,"href":"https:\/\/lasentinelle.dz\/index.php\/wp-json\/wp\/v2\/tags?post=83442"}],"curies":[{"name":"wp","href":"https:\/\/api.w.org\/{rel}","templated":true}]}}