{"id":83448,"date":"2026-03-13T20:21:56","date_gmt":"2026-03-13T19:21:56","guid":{"rendered":"https:\/\/lasentinelle.dz\/?p=83448"},"modified":"2026-03-13T20:21:57","modified_gmt":"2026-03-13T19:21:57","slug":"recherche-sur-leau-et-lalimentation-lalgerie-contribue-avec-6-millions-deuros-au-programme-prima","status":"publish","type":"post","link":"https:\/\/lasentinelle.dz\/index.php\/2026\/03\/13\/recherche-sur-leau-et-lalimentation-lalgerie-contribue-avec-6-millions-deuros-au-programme-prima\/","title":{"rendered":"Recherche sur l&rsquo;eau et l&rsquo;alimentation\u00a0: L\u2019Alg\u00e9rie contribue avec 6 millions d&rsquo;euros au programme PRIMA"},"content":{"rendered":"\n<p>L&rsquo;Alg\u00e9rie et l&rsquo;Union europ\u00e9enne ont conclu mercredi les n\u00e9gociations portant sur la participation alg\u00e9rienne au programme PRIMA \u2014 Partnership for Research and Innovation in the Mediterranean Area \u2014 pour la p\u00e9riode 2025-2027. L&rsquo;accord a \u00e9t\u00e9 paraph\u00e9 en ligne par Abderrahmane Yousfate, directeur de la coop\u00e9ration au minist\u00e8re de l&rsquo;Enseignement sup\u00e9rieur et de la Recherche scientifique, et Nienke Buisman, cheffe de l&rsquo;unit\u00e9 Coop\u00e9ration internationale \u00e0 la Commission europ\u00e9enne. Au titre de cet engagement, Alger pr\u00e9voit de contribuer \u00e0 hauteur de 6 millions d&rsquo;euros, soit environ 6,5 millions de dollars, au programme qui f\u00e9d\u00e8re dix-neuf pays autour d&rsquo;une ambition commune : concevoir des r\u00e9ponses scientifiques aux d\u00e9fis environnementaux et alimentaires propres \u00e0 la r\u00e9gion m\u00e9diterran\u00e9enne. Les projets financ\u00e9s couvrent l&rsquo;agriculture durable, la gestion int\u00e9gr\u00e9e des ressources en eau, la s\u00e9curit\u00e9 alimentaire et ce que les sp\u00e9cialistes d\u00e9signent sous le terme de \u00ab nexus eau-\u00e9nergie-alimentation-\u00e9cosyst\u00e8mes \u00bb. La Commission europ\u00e9enne a soulign\u00e9, \u00e0 l&rsquo;occasion de la signature, \u00ab la priorit\u00e9 commune accord\u00e9e par les deux parties au d\u00e9veloppement durable et \u00e0 la prosp\u00e9rit\u00e9 gr\u00e2ce \u00e0 la science et \u00e0 l&rsquo;innovation \u00bb, ainsi que \u00ab l&rsquo;importance strat\u00e9gique de l&rsquo;initiative pour relever les d\u00e9fis mondiaux, en particulier dans les domaines de l&rsquo;eau et de la s\u00e9curit\u00e9 alimentaire \u00bb.<\/p>\n\n\n\n<p>Cet accord n&rsquo;est pas une premi\u00e8re. L&rsquo;Alg\u00e9rie a rejoint PRIMA d\u00e8s 2018 et s&rsquo;est depuis impos\u00e9e comme l&rsquo;un des membres les plus actifs du partenariat : elle a pris part \u00e0 99 des 269 projets financ\u00e9s \u00e0 ce jour, pour un financement cumul\u00e9 de 12,4 millions d&rsquo;euros, dont 7,3 millions apport\u00e9s par Alger et 5,1 millions par l&rsquo;Union europ\u00e9enne. Deux projets sont actuellement coordonn\u00e9s par des organismes alg\u00e9riens. La participation des universit\u00e9s, centres de recherche, ONG et entreprises du pays aux futurs appels \u00e0 projets sera maintenue et \u00e9largie gr\u00e2ce au cofinancement europ\u00e9en adoss\u00e9 au programme-cadre Horizon Europe.<\/p>\n\n\n\n<p>En consolidant son ancrage dans PRIMA, l&rsquo;Alg\u00e9rie affiche une volont\u00e9 claire d&rsquo;inscrire sa recherche scientifique dans un cadre multilat\u00e9ral, au moment o\u00f9 la pression sur les ressources hydriques et la r\u00e9silience des syst\u00e8mes agricoles s&rsquo;intensifie sur l&rsquo;ensemble du pourtour m\u00e9diterran\u00e9en. Les deux parties doivent d\u00e9sormais finaliser les d\u00e9marches administratives n\u00e9cessaires \u00e0 l&rsquo;entr\u00e9e en vigueur de l&rsquo;accord, avant le lancement effectif des projets.<\/p>\n\n\n\n<p>R.N.<\/p>\n","protected":false},"excerpt":{"rendered":"<p>L&rsquo;Alg\u00e9rie et l&rsquo;Union europ\u00e9enne ont conclu mercredi les n\u00e9gociations portant sur la participation alg\u00e9rienne au programme PRIMA \u2014 Partnership for<\/p>\n","protected":false},"author":6,"featured_media":83449,"comment_status":"open","ping_status":"closed","sticky":false,"template":"","format":"standard","meta":{"colormag_page_container_layout":"default_layout","colormag_page_sidebar_layout":"default_layout","om_disable_all_campaigns":false,"_monsterinsights_skip_tracking":false,"_monsterinsights_sitenote_active":false,"_monsterinsights_sitenote_note":"","_monsterinsights_sitenote_category":0,"footnotes":"","_wpscppro_dont_share_socialmedia":false,"_wpscppro_custom_social_share_image":0,"_facebook_share_type":"default","_twitter_share_type":"default","_linkedin_share_type":"default","_pinterest_share_type":"default","_linkedin_share_type_page":"","_instagram_share_type":"default","_medium_share_type":"default","_threads_share_type":"default","_google_business_share_type":"default","_selected_social_profile":[],"_wpsp_enable_custom_social_template":false,"_wpsp_social_scheduling":{"enabled":false,"datetime":null,"platforms":[],"status":"template_only","dateOption":"today","timeOption":"now","customDays":"","customHours":"","customDate":"","customTime":"","schedulingType":"absolute"},"_wpsp_active_default_template":true},"categories":[27],"tags":[],"class_list":["post-83448","post","type-post","status-publish","format-standard","has-post-thumbnail","hentry","category-actualite"],"aioseo_notices":[],"yoast_head":"<!-- This site is optimized with the Yoast SEO plugin v27.5 - https:\/\/yoast.com\/product\/yoast-seo-wordpress\/ -->\n<title>Recherche sur l&rsquo;eau et l&rsquo;alimentation\u00a0: L\u2019Alg\u00e9rie contribue avec 6 millions d&rsquo;euros au programme PRIMA - La Sentinelle<\/title>\n<meta name=\"robots\" content=\"index, follow, max-snippet:-1, max-image-preview:large, max-video-preview:-1\" \/>\n<link rel=\"canonical\" href=\"https:\/\/lasentinelle.dz\/index.php\/2026\/03\/13\/recherche-sur-leau-et-lalimentation-lalgerie-contribue-avec-6-millions-deuros-au-programme-prima\/\" \/>\n<meta property=\"og:locale\" content=\"fr_FR\" \/>\n<meta property=\"og:type\" content=\"article\" \/>\n<meta property=\"og:title\" content=\"Recherche sur l&rsquo;eau et l&rsquo;alimentation\u00a0: L\u2019Alg\u00e9rie contribue avec 6 millions d&rsquo;euros au programme PRIMA - La Sentinelle\" \/>\n<meta property=\"og:description\" content=\"L&rsquo;Alg\u00e9rie et l&rsquo;Union europ\u00e9enne ont conclu mercredi les n\u00e9gociations portant sur la participation alg\u00e9rienne au programme PRIMA \u2014 Partnership for\" \/>\n<meta property=\"og:url\" content=\"https:\/\/lasentinelle.dz\/index.php\/2026\/03\/13\/recherche-sur-leau-et-lalimentation-lalgerie-contribue-avec-6-millions-deuros-au-programme-prima\/\" \/>\n<meta property=\"og:site_name\" content=\"La Sentinelle\" \/>\n<meta property=\"article:publisher\" content=\"https:\/\/www.facebook.com\/La-Sentinelle-104059864394773\" \/>\n<meta property=\"article:published_time\" content=\"2026-03-13T19:21:56+00:00\" \/>\n<meta property=\"article:modified_time\" content=\"2026-03-13T19:21:57+00:00\" \/>\n<meta property=\"og:image\" content=\"https:\/\/lasentinelle.dz\/wp-content\/uploads\/2026\/03\/prima.webp\" \/>\n\t<meta property=\"og:image:width\" content=\"780\" \/>\n\t<meta property=\"og:image:height\" content=\"470\" \/>\n\t<meta property=\"og:image:type\" content=\"image\/webp\" \/>\n<meta name=\"author\" content=\"admin\" \/>\n<meta name=\"twitter:card\" content=\"summary_large_image\" \/>\n<meta name=\"twitter:label1\" content=\"\u00c9crit par\" \/>\n\t<meta name=\"twitter:data1\" content=\"admin\" \/>\n\t<meta name=\"twitter:label2\" content=\"Dur\u00e9e de lecture estim\u00e9e\" \/>\n\t<meta name=\"twitter:data2\" content=\"3 minutes\" \/>\n<script type=\"application\/ld+json\" class=\"yoast-schema-graph\">{\"@context\":\"https:\\\/\\\/schema.org\",\"@graph\":[{\"@type\":\"Article\",\"@id\":\"https:\\\/\\\/lasentinelle.dz\\\/index.php\\\/2026\\\/03\\\/13\\\/recherche-sur-leau-et-lalimentation-lalgerie-contribue-avec-6-millions-deuros-au-programme-prima\\\/#article\",\"isPartOf\":{\"@id\":\"https:\\\/\\\/lasentinelle.dz\\\/index.php\\\/2026\\\/03\\\/13\\\/recherche-sur-leau-et-lalimentation-lalgerie-contribue-avec-6-millions-deuros-au-programme-prima\\\/\"},\"author\":{\"name\":\"admin\",\"@id\":\"https:\\\/\\\/lasentinelle.dz\\\/#\\\/schema\\\/person\\\/729ee0024f24e0b8c5ec17232f8e8b41\"},\"headline\":\"Recherche sur l&rsquo;eau et l&rsquo;alimentation\u00a0: L\u2019Alg\u00e9rie contribue avec 6 millions d&rsquo;euros au programme PRIMA\",\"datePublished\":\"2026-03-13T19:21:56+00:00\",\"dateModified\":\"2026-03-13T19:21:57+00:00\",\"mainEntityOfPage\":{\"@id\":\"https:\\\/\\\/lasentinelle.dz\\\/index.php\\\/2026\\\/03\\\/13\\\/recherche-sur-leau-et-lalimentation-lalgerie-contribue-avec-6-millions-deuros-au-programme-prima\\\/\"},\"wordCount\":438,\"commentCount\":0,\"publisher\":{\"@id\":\"https:\\\/\\\/lasentinelle.dz\\\/#organization\"},\"image\":{\"@id\":\"https:\\\/\\\/lasentinelle.dz\\\/index.php\\\/2026\\\/03\\\/13\\\/recherche-sur-leau-et-lalimentation-lalgerie-contribue-avec-6-millions-deuros-au-programme-prima\\\/#primaryimage\"},\"thumbnailUrl\":\"https:\\\/\\\/lasentinelle.dz\\\/wp-content\\\/uploads\\\/2026\\\/03\\\/prima.webp\",\"articleSection\":[\"Actualit\u00e9\"],\"inLanguage\":\"fr-FR\",\"potentialAction\":[{\"@type\":\"CommentAction\",\"name\":\"Comment\",\"target\":[\"https:\\\/\\\/lasentinelle.dz\\\/index.php\\\/2026\\\/03\\\/13\\\/recherche-sur-leau-et-lalimentation-lalgerie-contribue-avec-6-millions-deuros-au-programme-prima\\\/#respond\"]}]},{\"@type\":\"WebPage\",\"@id\":\"https:\\\/\\\/lasentinelle.dz\\\/index.php\\\/2026\\\/03\\\/13\\\/recherche-sur-leau-et-lalimentation-lalgerie-contribue-avec-6-millions-deuros-au-programme-prima\\\/\",\"url\":\"https:\\\/\\\/lasentinelle.dz\\\/index.php\\\/2026\\\/03\\\/13\\\/recherche-sur-leau-et-lalimentation-lalgerie-contribue-avec-6-millions-deuros-au-programme-prima\\\/\",\"name\":\"Recherche sur l&rsquo;eau et l&rsquo;alimentation\u00a0: L\u2019Alg\u00e9rie contribue avec 6 millions d&rsquo;euros au programme PRIMA - La Sentinelle\",\"isPartOf\":{\"@id\":\"https:\\\/\\\/lasentinelle.dz\\\/#website\"},\"primaryImageOfPage\":{\"@id\":\"https:\\\/\\\/lasentinelle.dz\\\/index.php\\\/2026\\\/03\\\/13\\\/recherche-sur-leau-et-lalimentation-lalgerie-contribue-avec-6-millions-deuros-au-programme-prima\\\/#primaryimage\"},\"image\":{\"@id\":\"https:\\\/\\\/lasentinelle.dz\\\/index.php\\\/2026\\\/03\\\/13\\\/recherche-sur-leau-et-lalimentation-lalgerie-contribue-avec-6-millions-deuros-au-programme-prima\\\/#primaryimage\"},\"thumbnailUrl\":\"https:\\\/\\\/lasentinelle.dz\\\/wp-content\\\/uploads\\\/2026\\\/03\\\/prima.webp\",\"datePublished\":\"2026-03-13T19:21:56+00:00\",\"dateModified\":\"2026-03-13T19:21:57+00:00\",\"breadcrumb\":{\"@id\":\"https:\\\/\\\/lasentinelle.dz\\\/index.php\\\/2026\\\/03\\\/13\\\/recherche-sur-leau-et-lalimentation-lalgerie-contribue-avec-6-millions-deuros-au-programme-prima\\\/#breadcrumb\"},\"inLanguage\":\"fr-FR\",\"potentialAction\":[{\"@type\":\"ReadAction\",\"target\":[\"https:\\\/\\\/lasentinelle.dz\\\/index.php\\\/2026\\\/03\\\/13\\\/recherche-sur-leau-et-lalimentation-lalgerie-contribue-avec-6-millions-deuros-au-programme-prima\\\/\"]}]},{\"@type\":\"ImageObject\",\"inLanguage\":\"fr-FR\",\"@id\":\"https:\\\/\\\/lasentinelle.dz\\\/index.php\\\/2026\\\/03\\\/13\\\/recherche-sur-leau-et-lalimentation-lalgerie-contribue-avec-6-millions-deuros-au-programme-prima\\\/#primaryimage\",\"url\":\"https:\\\/\\\/lasentinelle.dz\\\/wp-content\\\/uploads\\\/2026\\\/03\\\/prima.webp\",\"contentUrl\":\"https:\\\/\\\/lasentinelle.dz\\\/wp-content\\\/uploads\\\/2026\\\/03\\\/prima.webp\",\"width\":780,\"height\":470},{\"@type\":\"BreadcrumbList\",\"@id\":\"https:\\\/\\\/lasentinelle.dz\\\/index.php\\\/2026\\\/03\\\/13\\\/recherche-sur-leau-et-lalimentation-lalgerie-contribue-avec-6-millions-deuros-au-programme-prima\\\/#breadcrumb\",\"itemListElement\":[{\"@type\":\"ListItem\",\"position\":1,\"name\":\"Accueil\",\"item\":\"https:\\\/\\\/lasentinelle.dz\\\/\"},{\"@type\":\"ListItem\",\"position\":2,\"name\":\"Recherche sur l&rsquo;eau et l&rsquo;alimentation\u00a0: L\u2019Alg\u00e9rie contribue avec 6 millions d&rsquo;euros au programme PRIMA\"}]},{\"@type\":\"WebSite\",\"@id\":\"https:\\\/\\\/lasentinelle.dz\\\/#website\",\"url\":\"https:\\\/\\\/lasentinelle.dz\\\/\",\"name\":\"La Sentinelle\",\"description\":\"Quotidien national d&#039;information\",\"publisher\":{\"@id\":\"https:\\\/\\\/lasentinelle.dz\\\/#organization\"},\"potentialAction\":[{\"@type\":\"SearchAction\",\"target\":{\"@type\":\"EntryPoint\",\"urlTemplate\":\"https:\\\/\\\/lasentinelle.dz\\\/?s={search_term_string}\"},\"query-input\":{\"@type\":\"PropertyValueSpecification\",\"valueRequired\":true,\"valueName\":\"search_term_string\"}}],\"inLanguage\":\"fr-FR\"},{\"@type\":\"Organization\",\"@id\":\"https:\\\/\\\/lasentinelle.dz\\\/#organization\",\"name\":\"Quotidien La Sentinelle\",\"url\":\"https:\\\/\\\/lasentinelle.dz\\\/\",\"logo\":{\"@type\":\"ImageObject\",\"inLanguage\":\"fr-FR\",\"@id\":\"https:\\\/\\\/lasentinelle.dz\\\/#\\\/schema\\\/logo\\\/image\\\/\",\"url\":\"https:\\\/\\\/lasentinelle.dz\\\/wp-content\\\/uploads\\\/2021\\\/09\\\/logo-sentinelleSLOGAN-1.png\",\"contentUrl\":\"https:\\\/\\\/lasentinelle.dz\\\/wp-content\\\/uploads\\\/2021\\\/09\\\/logo-sentinelleSLOGAN-1.png\",\"width\":615,\"height\":142,\"caption\":\"Quotidien La Sentinelle\"},\"image\":{\"@id\":\"https:\\\/\\\/lasentinelle.dz\\\/#\\\/schema\\\/logo\\\/image\\\/\"},\"sameAs\":[\"https:\\\/\\\/www.facebook.com\\\/La-Sentinelle-104059864394773\"]},{\"@type\":\"Person\",\"@id\":\"https:\\\/\\\/lasentinelle.dz\\\/#\\\/schema\\\/person\\\/729ee0024f24e0b8c5ec17232f8e8b41\",\"name\":\"admin\",\"image\":{\"@type\":\"ImageObject\",\"inLanguage\":\"fr-FR\",\"@id\":\"https:\\\/\\\/secure.gravatar.com\\\/avatar\\\/4c81fed838786e9b53f540bf46533e750f5d292099ae3b66cfc6fb1982e29df7?s=96&d=mm&r=g\",\"url\":\"https:\\\/\\\/secure.gravatar.com\\\/avatar\\\/4c81fed838786e9b53f540bf46533e750f5d292099ae3b66cfc6fb1982e29df7?s=96&d=mm&r=g\",\"contentUrl\":\"https:\\\/\\\/secure.gravatar.com\\\/avatar\\\/4c81fed838786e9b53f540bf46533e750f5d292099ae3b66cfc6fb1982e29df7?s=96&d=mm&r=g\",\"caption\":\"admin\"},\"description\":\"admin\",\"url\":\"https:\\\/\\\/lasentinelle.dz\\\/author\\\/admin\\\/\"}]}<\/script>\n<!-- \/ Yoast SEO plugin. -->","yoast_head_json":{"title":"Recherche sur l&rsquo;eau et l&rsquo;alimentation\u00a0: L\u2019Alg\u00e9rie contribue avec 6 millions d&rsquo;euros au programme PRIMA - La Sentinelle","robots":{"index":"index","follow":"follow","max-snippet":"max-snippet:-1","max-image-preview":"max-image-preview:large","max-video-preview":"max-video-preview:-1"},"canonical":"https:\/\/lasentinelle.dz\/index.php\/2026\/03\/13\/recherche-sur-leau-et-lalimentation-lalgerie-contribue-avec-6-millions-deuros-au-programme-prima\/","og_locale":"fr_FR","og_type":"article","og_title":"Recherche sur l&rsquo;eau et l&rsquo;alimentation\u00a0: L\u2019Alg\u00e9rie contribue avec 6 millions d&rsquo;euros au programme PRIMA - La Sentinelle","og_description":"L&rsquo;Alg\u00e9rie et l&rsquo;Union europ\u00e9enne ont conclu mercredi les n\u00e9gociations portant sur la participation alg\u00e9rienne au programme PRIMA \u2014 Partnership for","og_url":"https:\/\/lasentinelle.dz\/index.php\/2026\/03\/13\/recherche-sur-leau-et-lalimentation-lalgerie-contribue-avec-6-millions-deuros-au-programme-prima\/","og_site_name":"La Sentinelle","article_publisher":"https:\/\/www.facebook.com\/La-Sentinelle-104059864394773","article_published_time":"2026-03-13T19:21:56+00:00","article_modified_time":"2026-03-13T19:21:57+00:00","og_image":[{"width":780,"height":470,"url":"https:\/\/lasentinelle.dz\/wp-content\/uploads\/2026\/03\/prima.webp","type":"image\/webp"}],"author":"admin","twitter_card":"summary_large_image","twitter_misc":{"\u00c9crit par":"admin","Dur\u00e9e de lecture estim\u00e9e":"3 minutes"},"schema":{"@context":"https:\/\/schema.org","@graph":[{"@type":"Article","@id":"https:\/\/lasentinelle.dz\/index.php\/2026\/03\/13\/recherche-sur-leau-et-lalimentation-lalgerie-contribue-avec-6-millions-deuros-au-programme-prima\/#article","isPartOf":{"@id":"https:\/\/lasentinelle.dz\/index.php\/2026\/03\/13\/recherche-sur-leau-et-lalimentation-lalgerie-contribue-avec-6-millions-deuros-au-programme-prima\/"},"author":{"name":"admin","@id":"https:\/\/lasentinelle.dz\/#\/schema\/person\/729ee0024f24e0b8c5ec17232f8e8b41"},"headline":"Recherche sur l&rsquo;eau et l&rsquo;alimentation\u00a0: L\u2019Alg\u00e9rie contribue avec 6 millions d&rsquo;euros au programme PRIMA","datePublished":"2026-03-13T19:21:56+00:00","dateModified":"2026-03-13T19:21:57+00:00","mainEntityOfPage":{"@id":"https:\/\/lasentinelle.dz\/index.php\/2026\/03\/13\/recherche-sur-leau-et-lalimentation-lalgerie-contribue-avec-6-millions-deuros-au-programme-prima\/"},"wordCount":438,"commentCount":0,"publisher":{"@id":"https:\/\/lasentinelle.dz\/#organization"},"image":{"@id":"https:\/\/lasentinelle.dz\/index.php\/2026\/03\/13\/recherche-sur-leau-et-lalimentation-lalgerie-contribue-avec-6-millions-deuros-au-programme-prima\/#primaryimage"},"thumbnailUrl":"https:\/\/lasentinelle.dz\/wp-content\/uploads\/2026\/03\/prima.webp","articleSection":["Actualit\u00e9"],"inLanguage":"fr-FR","potentialAction":[{"@type":"CommentAction","name":"Comment","target":["https:\/\/lasentinelle.dz\/index.php\/2026\/03\/13\/recherche-sur-leau-et-lalimentation-lalgerie-contribue-avec-6-millions-deuros-au-programme-prima\/#respond"]}]},{"@type":"WebPage","@id":"https:\/\/lasentinelle.dz\/index.php\/2026\/03\/13\/recherche-sur-leau-et-lalimentation-lalgerie-contribue-avec-6-millions-deuros-au-programme-prima\/","url":"https:\/\/lasentinelle.dz\/index.php\/2026\/03\/13\/recherche-sur-leau-et-lalimentation-lalgerie-contribue-avec-6-millions-deuros-au-programme-prima\/","name":"Recherche sur l&rsquo;eau et l&rsquo;alimentation\u00a0: L\u2019Alg\u00e9rie contribue avec 6 millions d&rsquo;euros au programme PRIMA - La Sentinelle","isPartOf":{"@id":"https:\/\/lasentinelle.dz\/#website"},"primaryImageOfPage":{"@id":"https:\/\/lasentinelle.dz\/index.php\/2026\/03\/13\/recherche-sur-leau-et-lalimentation-lalgerie-contribue-avec-6-millions-deuros-au-programme-prima\/#primaryimage"},"image":{"@id":"https:\/\/lasentinelle.dz\/index.php\/2026\/03\/13\/recherche-sur-leau-et-lalimentation-lalgerie-contribue-avec-6-millions-deuros-au-programme-prima\/#primaryimage"},"thumbnailUrl":"https:\/\/lasentinelle.dz\/wp-content\/uploads\/2026\/03\/prima.webp","datePublished":"2026-03-13T19:21:56+00:00","dateModified":"2026-03-13T19:21:57+00:00","breadcrumb":{"@id":"https:\/\/lasentinelle.dz\/index.php\/2026\/03\/13\/recherche-sur-leau-et-lalimentation-lalgerie-contribue-avec-6-millions-deuros-au-programme-prima\/#breadcrumb"},"inLanguage":"fr-FR","potentialAction":[{"@type":"ReadAction","target":["https:\/\/lasentinelle.dz\/index.php\/2026\/03\/13\/recherche-sur-leau-et-lalimentation-lalgerie-contribue-avec-6-millions-deuros-au-programme-prima\/"]}]},{"@type":"ImageObject","inLanguage":"fr-FR","@id":"https:\/\/lasentinelle.dz\/index.php\/2026\/03\/13\/recherche-sur-leau-et-lalimentation-lalgerie-contribue-avec-6-millions-deuros-au-programme-prima\/#primaryimage","url":"https:\/\/lasentinelle.dz\/wp-content\/uploads\/2026\/03\/prima.webp","contentUrl":"https:\/\/lasentinelle.dz\/wp-content\/uploads\/2026\/03\/prima.webp","width":780,"height":470},{"@type":"BreadcrumbList","@id":"https:\/\/lasentinelle.dz\/index.php\/2026\/03\/13\/recherche-sur-leau-et-lalimentation-lalgerie-contribue-avec-6-millions-deuros-au-programme-prima\/#breadcrumb","itemListElement":[{"@type":"ListItem","position":1,"name":"Accueil","item":"https:\/\/lasentinelle.dz\/"},{"@type":"ListItem","position":2,"name":"Recherche sur l&rsquo;eau et l&rsquo;alimentation\u00a0: L\u2019Alg\u00e9rie contribue avec 6 millions d&rsquo;euros au programme PRIMA"}]},{"@type":"WebSite","@id":"https:\/\/lasentinelle.dz\/#website","url":"https:\/\/lasentinelle.dz\/","name":"La Sentinelle","description":"Quotidien national d&#039;information","publisher":{"@id":"https:\/\/lasentinelle.dz\/#organization"},"potentialAction":[{"@type":"SearchAction","target":{"@type":"EntryPoint","urlTemplate":"https:\/\/lasentinelle.dz\/?s={search_term_string}"},"query-input":{"@type":"PropertyValueSpecification","valueRequired":true,"valueName":"search_term_string"}}],"inLanguage":"fr-FR"},{"@type":"Organization","@id":"https:\/\/lasentinelle.dz\/#organization","name":"Quotidien La Sentinelle","url":"https:\/\/lasentinelle.dz\/","logo":{"@type":"ImageObject","inLanguage":"fr-FR","@id":"https:\/\/lasentinelle.dz\/#\/schema\/logo\/image\/","url":"https:\/\/lasentinelle.dz\/wp-content\/uploads\/2021\/09\/logo-sentinelleSLOGAN-1.png","contentUrl":"https:\/\/lasentinelle.dz\/wp-content\/uploads\/2021\/09\/logo-sentinelleSLOGAN-1.png","width":615,"height":142,"caption":"Quotidien La Sentinelle"},"image":{"@id":"https:\/\/lasentinelle.dz\/#\/schema\/logo\/image\/"},"sameAs":["https:\/\/www.facebook.com\/La-Sentinelle-104059864394773"]},{"@type":"Person","@id":"https:\/\/lasentinelle.dz\/#\/schema\/person\/729ee0024f24e0b8c5ec17232f8e8b41","name":"admin","image":{"@type":"ImageObject","inLanguage":"fr-FR","@id":"https:\/\/secure.gravatar.com\/avatar\/4c81fed838786e9b53f540bf46533e750f5d292099ae3b66cfc6fb1982e29df7?s=96&d=mm&r=g","url":"https:\/\/secure.gravatar.com\/avatar\/4c81fed838786e9b53f540bf46533e750f5d292099ae3b66cfc6fb1982e29df7?s=96&d=mm&r=g","contentUrl":"https:\/\/secure.gravatar.com\/avatar\/4c81fed838786e9b53f540bf46533e750f5d292099ae3b66cfc6fb1982e29df7?s=96&d=mm&r=g","caption":"admin"},"description":"admin","url":"https:\/\/lasentinelle.dz\/author\/admin\/"}]}},"_links":{"self":[{"href":"https:\/\/lasentinelle.dz\/index.php\/wp-json\/wp\/v2\/posts\/83448","targetHints":{"allow":["GET"]}}],"collection":[{"href":"https:\/\/lasentinelle.dz\/index.php\/wp-json\/wp\/v2\/posts"}],"about":[{"href":"https:\/\/lasentinelle.dz\/index.php\/wp-json\/wp\/v2\/types\/post"}],"author":[{"embeddable":true,"href":"https:\/\/lasentinelle.dz\/index.php\/wp-json\/wp\/v2\/users\/6"}],"replies":[{"embeddable":true,"href":"https:\/\/lasentinelle.dz\/index.php\/wp-json\/wp\/v2\/comments?post=83448"}],"version-history":[{"count":2,"href":"https:\/\/lasentinelle.dz\/index.php\/wp-json\/wp\/v2\/posts\/83448\/revisions"}],"predecessor-version":[{"id":83451,"href":"https:\/\/lasentinelle.dz\/index.php\/wp-json\/wp\/v2\/posts\/83448\/revisions\/83451"}],"wp:featuredmedia":[{"embeddable":true,"href":"https:\/\/lasentinelle.dz\/index.php\/wp-json\/wp\/v2\/media\/83449"}],"wp:attachment":[{"href":"https:\/\/lasentinelle.dz\/index.php\/wp-json\/wp\/v2\/media?parent=83448"}],"wp:term":[{"taxonomy":"category","embeddable":true,"href":"https:\/\/lasentinelle.dz\/index.php\/wp-json\/wp\/v2\/categories?post=83448"},{"taxonomy":"post_tag","embeddable":true,"href":"https:\/\/lasentinelle.dz\/index.php\/wp-json\/wp\/v2\/tags?post=83448"}],"curies":[{"name":"wp","href":"https:\/\/api.w.org\/{rel}","templated":true}]}}