{"id":83452,"date":"2026-03-13T20:24:33","date_gmt":"2026-03-13T19:24:33","guid":{"rendered":"https:\/\/lasentinelle.dz\/?p=83452"},"modified":"2026-03-13T20:24:35","modified_gmt":"2026-03-13T19:24:35","slug":"services-consulaires-le-numerique-au-service-de-la-diaspora","status":"publish","type":"post","link":"https:\/\/lasentinelle.dz\/index.php\/2026\/03\/13\/services-consulaires-le-numerique-au-service-de-la-diaspora\/","title":{"rendered":"Services consulaires\u00a0: Le num\u00e9rique au service de la diaspora"},"content":{"rendered":"\n<p>C&rsquo;est un pas de plus vers une administration consulaire modernis\u00e9e et plus accessible. Le minist\u00e8re des Affaires \u00e9trang\u00e8res et la Direction g\u00e9n\u00e9rale de la S\u00fbret\u00e9 nationale (DGSN) ont sign\u00e9 jeudi \u00e0 Alger une convention de coop\u00e9ration portant sur la num\u00e9risation de certains services consulaires. Un accord conclu au si\u00e8ge du minist\u00e8re des Affaires \u00e9trang\u00e8res entre le secr\u00e9taire g\u00e9n\u00e9ral Loun\u00e8s Magramane et le directeur g\u00e9n\u00e9ral de la S\u00fbret\u00e9 nationale Ali Badaoui, en pr\u00e9sence du secr\u00e9taire d&rsquo;\u00c9tat charg\u00e9 de la Communaut\u00e9 nationale \u00e0 l&rsquo;\u00e9tranger, Sofiane Chaib. La d\u00e9marche s&rsquo;inscrit dans un mouvement de fond engag\u00e9 depuis plusieurs mois pour rapprocher l&rsquo;\u00c9tat alg\u00e9rien de ses quelque dix millions de ressortissants \u00e9tablis hors du territoire national. Apr\u00e8s l&rsquo;ouverture d&rsquo;annexes consulaires r\u00e9gionales \u00e0 Oran, Constantine et Ouargla \u2014 destin\u00e9es \u00e0 \u00e9viter aux Alg\u00e9riens de l&rsquo;int\u00e9rieur de rallier la capitale pour accomplir leurs d\u00e9marches administratives \u2014, c&rsquo;est d\u00e9sormais la qualit\u00e9 et la rapidit\u00e9 du service rendu depuis l&rsquo;\u00e9tranger qui est vis\u00e9e. L&rsquo;objectif affich\u00e9 est clair : acc\u00e9l\u00e9rer les d\u00e9lais de traitement gr\u00e2ce \u00e0 l&rsquo;adoption d&rsquo;un nouveau syst\u00e8me num\u00e9rique align\u00e9 sur la strat\u00e9gie nationale de transformation digitale.<\/p>\n\n\n\n<p>Prenant la parole lors de la c\u00e9r\u00e9monie de signature, Loun\u00e8s Magramane a tenu \u00e0 replacer l&rsquo;accord dans son contexte politique. Cette convention, a-t-il d\u00e9clar\u00e9, \u00ab constitue un nouveau jalon dans le processus de modernisation des services consulaires, que le minist\u00e8re des Affaires \u00e9trang\u00e8res place parmi ses priorit\u00e9s, au regard de l&rsquo;importance particuli\u00e8re accord\u00e9e par le pr\u00e9sident de la R\u00e9publique \u00e0 notre communaut\u00e9 nationale \u00e0 l&rsquo;\u00e9tranger, en tant que composante authentique de la nation alg\u00e9rienne \u00bb. Il a \u00e9galement rappel\u00e9 que cette question avait \u00e9t\u00e9 au c\u0153ur de la Conf\u00e9rence des chefs de postes consulaires tenue en f\u00e9vrier dernier, qui s&rsquo;\u00e9tait conclue par \u00ab plusieurs recommandations pertinentes \u00bb en la mati\u00e8re.<\/p>\n\n\n\n<p>Au-del\u00e0 de la symbolique institutionnelle, l&rsquo;enjeu est pratique et quotidien. Des millions d&rsquo;Alg\u00e9riens r\u00e9sidant en Europe, au Canada, dans les pays du Golfe ou ailleurs se heurtent r\u00e9guli\u00e8rement \u00e0 des d\u00e9lais de traitement jug\u00e9s trop longs pour l&rsquo;obtention de documents d&rsquo;\u00e9tat civil, de passeports ou d&rsquo;actes administratifs divers. La num\u00e9risation des proc\u00e9dures, coupl\u00e9e \u00e0 une meilleure coordination entre le r\u00e9seau consulaire et les services de la DGSN \u2014 qui g\u00e8rent notamment les fichiers biom\u00e9triques \u2014, devrait permettre de fluidifier significativement ces d\u00e9marches. Le communiqu\u00e9 du minist\u00e8re souligne que la convention \u00ab incarne la volont\u00e9 commune des secteurs des Affaires \u00e9trang\u00e8res et de l&rsquo;Int\u00e9rieur de consacrer une approche int\u00e9gr\u00e9e fond\u00e9e sur le renforcement de la coordination et l&rsquo;intensification de la coop\u00e9ration, afin de soutenir les efforts de l&rsquo;\u00c9tat en faveur de la modernisation de l&rsquo;administration et de l&rsquo;am\u00e9lioration du service public propos\u00e9 en Alg\u00e9rie et \u00e0 l&rsquo;\u00e9tranger \u00bb.<\/p>\n\n\n\n<p>Chokri Hafed<\/p>\n","protected":false},"excerpt":{"rendered":"<p>C&rsquo;est un pas de plus vers une administration consulaire modernis\u00e9e et plus accessible. Le minist\u00e8re des Affaires \u00e9trang\u00e8res et la<\/p>\n","protected":false},"author":6,"featured_media":83453,"comment_status":"open","ping_status":"closed","sticky":false,"template":"","format":"standard","meta":{"colormag_page_container_layout":"default_layout","colormag_page_sidebar_layout":"default_layout","om_disable_all_campaigns":false,"_monsterinsights_skip_tracking":false,"_monsterinsights_sitenote_active":false,"_monsterinsights_sitenote_note":"","_monsterinsights_sitenote_category":0,"footnotes":"","_wpscppro_dont_share_socialmedia":false,"_wpscppro_custom_social_share_image":0,"_facebook_share_type":"default","_twitter_share_type":"default","_linkedin_share_type":"default","_pinterest_share_type":"default","_linkedin_share_type_page":"","_instagram_share_type":"default","_medium_share_type":"default","_threads_share_type":"default","_google_business_share_type":"default","_selected_social_profile":[],"_wpsp_enable_custom_social_template":false,"_wpsp_social_scheduling":{"enabled":false,"datetime":null,"platforms":[],"status":"template_only","dateOption":"today","timeOption":"now","customDays":"","customHours":"","customDate":"","customTime":"","schedulingType":"absolute"},"_wpsp_active_default_template":true},"categories":[27],"tags":[],"class_list":["post-83452","post","type-post","status-publish","format-standard","has-post-thumbnail","hentry","category-actualite"],"aioseo_notices":[],"yoast_head":"<!-- This site is optimized with the Yoast SEO plugin v27.5 - https:\/\/yoast.com\/product\/yoast-seo-wordpress\/ -->\n<title>Services consulaires\u00a0: Le num\u00e9rique au service de la diaspora - La Sentinelle<\/title>\n<meta name=\"robots\" content=\"index, follow, max-snippet:-1, max-image-preview:large, max-video-preview:-1\" \/>\n<link rel=\"canonical\" href=\"https:\/\/lasentinelle.dz\/index.php\/2026\/03\/13\/services-consulaires-le-numerique-au-service-de-la-diaspora\/\" \/>\n<meta property=\"og:locale\" content=\"fr_FR\" \/>\n<meta property=\"og:type\" content=\"article\" \/>\n<meta property=\"og:title\" content=\"Services consulaires\u00a0: Le num\u00e9rique au service de la diaspora - La Sentinelle\" \/>\n<meta property=\"og:description\" content=\"C&rsquo;est un pas de plus vers une administration consulaire modernis\u00e9e et plus accessible. Le minist\u00e8re des Affaires \u00e9trang\u00e8res et la\" \/>\n<meta property=\"og:url\" content=\"https:\/\/lasentinelle.dz\/index.php\/2026\/03\/13\/services-consulaires-le-numerique-au-service-de-la-diaspora\/\" \/>\n<meta property=\"og:site_name\" content=\"La Sentinelle\" \/>\n<meta property=\"article:publisher\" content=\"https:\/\/www.facebook.com\/La-Sentinelle-104059864394773\" \/>\n<meta property=\"article:published_time\" content=\"2026-03-13T19:24:33+00:00\" \/>\n<meta property=\"article:modified_time\" content=\"2026-03-13T19:24:35+00:00\" \/>\n<meta property=\"og:image\" content=\"https:\/\/lasentinelle.dz\/wp-content\/uploads\/2026\/03\/651244227_1235345222079842_8398529521519445796_n.jpg.webp\" \/>\n\t<meta property=\"og:image:width\" content=\"1400\" \/>\n\t<meta property=\"og:image:height\" content=\"1050\" \/>\n\t<meta property=\"og:image:type\" content=\"image\/webp\" \/>\n<meta name=\"author\" content=\"admin\" \/>\n<meta name=\"twitter:card\" content=\"summary_large_image\" \/>\n<meta name=\"twitter:label1\" content=\"\u00c9crit par\" \/>\n\t<meta name=\"twitter:data1\" content=\"admin\" \/>\n\t<meta name=\"twitter:label2\" content=\"Dur\u00e9e de lecture estim\u00e9e\" \/>\n\t<meta name=\"twitter:data2\" content=\"3 minutes\" \/>\n<script type=\"application\/ld+json\" class=\"yoast-schema-graph\">{\"@context\":\"https:\\\/\\\/schema.org\",\"@graph\":[{\"@type\":\"Article\",\"@id\":\"https:\\\/\\\/lasentinelle.dz\\\/index.php\\\/2026\\\/03\\\/13\\\/services-consulaires-le-numerique-au-service-de-la-diaspora\\\/#article\",\"isPartOf\":{\"@id\":\"https:\\\/\\\/lasentinelle.dz\\\/index.php\\\/2026\\\/03\\\/13\\\/services-consulaires-le-numerique-au-service-de-la-diaspora\\\/\"},\"author\":{\"name\":\"admin\",\"@id\":\"https:\\\/\\\/lasentinelle.dz\\\/#\\\/schema\\\/person\\\/729ee0024f24e0b8c5ec17232f8e8b41\"},\"headline\":\"Services consulaires\u00a0: Le num\u00e9rique au service de la diaspora\",\"datePublished\":\"2026-03-13T19:24:33+00:00\",\"dateModified\":\"2026-03-13T19:24:35+00:00\",\"mainEntityOfPage\":{\"@id\":\"https:\\\/\\\/lasentinelle.dz\\\/index.php\\\/2026\\\/03\\\/13\\\/services-consulaires-le-numerique-au-service-de-la-diaspora\\\/\"},\"wordCount\":530,\"commentCount\":0,\"publisher\":{\"@id\":\"https:\\\/\\\/lasentinelle.dz\\\/#organization\"},\"image\":{\"@id\":\"https:\\\/\\\/lasentinelle.dz\\\/index.php\\\/2026\\\/03\\\/13\\\/services-consulaires-le-numerique-au-service-de-la-diaspora\\\/#primaryimage\"},\"thumbnailUrl\":\"https:\\\/\\\/lasentinelle.dz\\\/wp-content\\\/uploads\\\/2026\\\/03\\\/651244227_1235345222079842_8398529521519445796_n.jpg.webp\",\"articleSection\":[\"Actualit\u00e9\"],\"inLanguage\":\"fr-FR\",\"potentialAction\":[{\"@type\":\"CommentAction\",\"name\":\"Comment\",\"target\":[\"https:\\\/\\\/lasentinelle.dz\\\/index.php\\\/2026\\\/03\\\/13\\\/services-consulaires-le-numerique-au-service-de-la-diaspora\\\/#respond\"]}]},{\"@type\":\"WebPage\",\"@id\":\"https:\\\/\\\/lasentinelle.dz\\\/index.php\\\/2026\\\/03\\\/13\\\/services-consulaires-le-numerique-au-service-de-la-diaspora\\\/\",\"url\":\"https:\\\/\\\/lasentinelle.dz\\\/index.php\\\/2026\\\/03\\\/13\\\/services-consulaires-le-numerique-au-service-de-la-diaspora\\\/\",\"name\":\"Services consulaires\u00a0: Le num\u00e9rique au service de la diaspora - La Sentinelle\",\"isPartOf\":{\"@id\":\"https:\\\/\\\/lasentinelle.dz\\\/#website\"},\"primaryImageOfPage\":{\"@id\":\"https:\\\/\\\/lasentinelle.dz\\\/index.php\\\/2026\\\/03\\\/13\\\/services-consulaires-le-numerique-au-service-de-la-diaspora\\\/#primaryimage\"},\"image\":{\"@id\":\"https:\\\/\\\/lasentinelle.dz\\\/index.php\\\/2026\\\/03\\\/13\\\/services-consulaires-le-numerique-au-service-de-la-diaspora\\\/#primaryimage\"},\"thumbnailUrl\":\"https:\\\/\\\/lasentinelle.dz\\\/wp-content\\\/uploads\\\/2026\\\/03\\\/651244227_1235345222079842_8398529521519445796_n.jpg.webp\",\"datePublished\":\"2026-03-13T19:24:33+00:00\",\"dateModified\":\"2026-03-13T19:24:35+00:00\",\"breadcrumb\":{\"@id\":\"https:\\\/\\\/lasentinelle.dz\\\/index.php\\\/2026\\\/03\\\/13\\\/services-consulaires-le-numerique-au-service-de-la-diaspora\\\/#breadcrumb\"},\"inLanguage\":\"fr-FR\",\"potentialAction\":[{\"@type\":\"ReadAction\",\"target\":[\"https:\\\/\\\/lasentinelle.dz\\\/index.php\\\/2026\\\/03\\\/13\\\/services-consulaires-le-numerique-au-service-de-la-diaspora\\\/\"]}]},{\"@type\":\"ImageObject\",\"inLanguage\":\"fr-FR\",\"@id\":\"https:\\\/\\\/lasentinelle.dz\\\/index.php\\\/2026\\\/03\\\/13\\\/services-consulaires-le-numerique-au-service-de-la-diaspora\\\/#primaryimage\",\"url\":\"https:\\\/\\\/lasentinelle.dz\\\/wp-content\\\/uploads\\\/2026\\\/03\\\/651244227_1235345222079842_8398529521519445796_n.jpg.webp\",\"contentUrl\":\"https:\\\/\\\/lasentinelle.dz\\\/wp-content\\\/uploads\\\/2026\\\/03\\\/651244227_1235345222079842_8398529521519445796_n.jpg.webp\",\"width\":1400,\"height\":1050},{\"@type\":\"BreadcrumbList\",\"@id\":\"https:\\\/\\\/lasentinelle.dz\\\/index.php\\\/2026\\\/03\\\/13\\\/services-consulaires-le-numerique-au-service-de-la-diaspora\\\/#breadcrumb\",\"itemListElement\":[{\"@type\":\"ListItem\",\"position\":1,\"name\":\"Accueil\",\"item\":\"https:\\\/\\\/lasentinelle.dz\\\/\"},{\"@type\":\"ListItem\",\"position\":2,\"name\":\"Services consulaires\u00a0: Le num\u00e9rique au service de la diaspora\"}]},{\"@type\":\"WebSite\",\"@id\":\"https:\\\/\\\/lasentinelle.dz\\\/#website\",\"url\":\"https:\\\/\\\/lasentinelle.dz\\\/\",\"name\":\"La Sentinelle\",\"description\":\"Quotidien national d&#039;information\",\"publisher\":{\"@id\":\"https:\\\/\\\/lasentinelle.dz\\\/#organization\"},\"potentialAction\":[{\"@type\":\"SearchAction\",\"target\":{\"@type\":\"EntryPoint\",\"urlTemplate\":\"https:\\\/\\\/lasentinelle.dz\\\/?s={search_term_string}\"},\"query-input\":{\"@type\":\"PropertyValueSpecification\",\"valueRequired\":true,\"valueName\":\"search_term_string\"}}],\"inLanguage\":\"fr-FR\"},{\"@type\":\"Organization\",\"@id\":\"https:\\\/\\\/lasentinelle.dz\\\/#organization\",\"name\":\"Quotidien La Sentinelle\",\"url\":\"https:\\\/\\\/lasentinelle.dz\\\/\",\"logo\":{\"@type\":\"ImageObject\",\"inLanguage\":\"fr-FR\",\"@id\":\"https:\\\/\\\/lasentinelle.dz\\\/#\\\/schema\\\/logo\\\/image\\\/\",\"url\":\"https:\\\/\\\/lasentinelle.dz\\\/wp-content\\\/uploads\\\/2021\\\/09\\\/logo-sentinelleSLOGAN-1.png\",\"contentUrl\":\"https:\\\/\\\/lasentinelle.dz\\\/wp-content\\\/uploads\\\/2021\\\/09\\\/logo-sentinelleSLOGAN-1.png\",\"width\":615,\"height\":142,\"caption\":\"Quotidien La Sentinelle\"},\"image\":{\"@id\":\"https:\\\/\\\/lasentinelle.dz\\\/#\\\/schema\\\/logo\\\/image\\\/\"},\"sameAs\":[\"https:\\\/\\\/www.facebook.com\\\/La-Sentinelle-104059864394773\"]},{\"@type\":\"Person\",\"@id\":\"https:\\\/\\\/lasentinelle.dz\\\/#\\\/schema\\\/person\\\/729ee0024f24e0b8c5ec17232f8e8b41\",\"name\":\"admin\",\"image\":{\"@type\":\"ImageObject\",\"inLanguage\":\"fr-FR\",\"@id\":\"https:\\\/\\\/secure.gravatar.com\\\/avatar\\\/4c81fed838786e9b53f540bf46533e750f5d292099ae3b66cfc6fb1982e29df7?s=96&d=mm&r=g\",\"url\":\"https:\\\/\\\/secure.gravatar.com\\\/avatar\\\/4c81fed838786e9b53f540bf46533e750f5d292099ae3b66cfc6fb1982e29df7?s=96&d=mm&r=g\",\"contentUrl\":\"https:\\\/\\\/secure.gravatar.com\\\/avatar\\\/4c81fed838786e9b53f540bf46533e750f5d292099ae3b66cfc6fb1982e29df7?s=96&d=mm&r=g\",\"caption\":\"admin\"},\"description\":\"admin\",\"url\":\"https:\\\/\\\/lasentinelle.dz\\\/author\\\/admin\\\/\"}]}<\/script>\n<!-- \/ Yoast SEO plugin. -->","yoast_head_json":{"title":"Services consulaires\u00a0: Le num\u00e9rique au service de la diaspora - La Sentinelle","robots":{"index":"index","follow":"follow","max-snippet":"max-snippet:-1","max-image-preview":"max-image-preview:large","max-video-preview":"max-video-preview:-1"},"canonical":"https:\/\/lasentinelle.dz\/index.php\/2026\/03\/13\/services-consulaires-le-numerique-au-service-de-la-diaspora\/","og_locale":"fr_FR","og_type":"article","og_title":"Services consulaires\u00a0: Le num\u00e9rique au service de la diaspora - La Sentinelle","og_description":"C&rsquo;est un pas de plus vers une administration consulaire modernis\u00e9e et plus accessible. Le minist\u00e8re des Affaires \u00e9trang\u00e8res et la","og_url":"https:\/\/lasentinelle.dz\/index.php\/2026\/03\/13\/services-consulaires-le-numerique-au-service-de-la-diaspora\/","og_site_name":"La Sentinelle","article_publisher":"https:\/\/www.facebook.com\/La-Sentinelle-104059864394773","article_published_time":"2026-03-13T19:24:33+00:00","article_modified_time":"2026-03-13T19:24:35+00:00","og_image":[{"width":1400,"height":1050,"url":"https:\/\/lasentinelle.dz\/wp-content\/uploads\/2026\/03\/651244227_1235345222079842_8398529521519445796_n.jpg.webp","type":"image\/webp"}],"author":"admin","twitter_card":"summary_large_image","twitter_misc":{"\u00c9crit par":"admin","Dur\u00e9e de lecture estim\u00e9e":"3 minutes"},"schema":{"@context":"https:\/\/schema.org","@graph":[{"@type":"Article","@id":"https:\/\/lasentinelle.dz\/index.php\/2026\/03\/13\/services-consulaires-le-numerique-au-service-de-la-diaspora\/#article","isPartOf":{"@id":"https:\/\/lasentinelle.dz\/index.php\/2026\/03\/13\/services-consulaires-le-numerique-au-service-de-la-diaspora\/"},"author":{"name":"admin","@id":"https:\/\/lasentinelle.dz\/#\/schema\/person\/729ee0024f24e0b8c5ec17232f8e8b41"},"headline":"Services consulaires\u00a0: Le num\u00e9rique au service de la diaspora","datePublished":"2026-03-13T19:24:33+00:00","dateModified":"2026-03-13T19:24:35+00:00","mainEntityOfPage":{"@id":"https:\/\/lasentinelle.dz\/index.php\/2026\/03\/13\/services-consulaires-le-numerique-au-service-de-la-diaspora\/"},"wordCount":530,"commentCount":0,"publisher":{"@id":"https:\/\/lasentinelle.dz\/#organization"},"image":{"@id":"https:\/\/lasentinelle.dz\/index.php\/2026\/03\/13\/services-consulaires-le-numerique-au-service-de-la-diaspora\/#primaryimage"},"thumbnailUrl":"https:\/\/lasentinelle.dz\/wp-content\/uploads\/2026\/03\/651244227_1235345222079842_8398529521519445796_n.jpg.webp","articleSection":["Actualit\u00e9"],"inLanguage":"fr-FR","potentialAction":[{"@type":"CommentAction","name":"Comment","target":["https:\/\/lasentinelle.dz\/index.php\/2026\/03\/13\/services-consulaires-le-numerique-au-service-de-la-diaspora\/#respond"]}]},{"@type":"WebPage","@id":"https:\/\/lasentinelle.dz\/index.php\/2026\/03\/13\/services-consulaires-le-numerique-au-service-de-la-diaspora\/","url":"https:\/\/lasentinelle.dz\/index.php\/2026\/03\/13\/services-consulaires-le-numerique-au-service-de-la-diaspora\/","name":"Services consulaires\u00a0: Le num\u00e9rique au service de la diaspora - La Sentinelle","isPartOf":{"@id":"https:\/\/lasentinelle.dz\/#website"},"primaryImageOfPage":{"@id":"https:\/\/lasentinelle.dz\/index.php\/2026\/03\/13\/services-consulaires-le-numerique-au-service-de-la-diaspora\/#primaryimage"},"image":{"@id":"https:\/\/lasentinelle.dz\/index.php\/2026\/03\/13\/services-consulaires-le-numerique-au-service-de-la-diaspora\/#primaryimage"},"thumbnailUrl":"https:\/\/lasentinelle.dz\/wp-content\/uploads\/2026\/03\/651244227_1235345222079842_8398529521519445796_n.jpg.webp","datePublished":"2026-03-13T19:24:33+00:00","dateModified":"2026-03-13T19:24:35+00:00","breadcrumb":{"@id":"https:\/\/lasentinelle.dz\/index.php\/2026\/03\/13\/services-consulaires-le-numerique-au-service-de-la-diaspora\/#breadcrumb"},"inLanguage":"fr-FR","potentialAction":[{"@type":"ReadAction","target":["https:\/\/lasentinelle.dz\/index.php\/2026\/03\/13\/services-consulaires-le-numerique-au-service-de-la-diaspora\/"]}]},{"@type":"ImageObject","inLanguage":"fr-FR","@id":"https:\/\/lasentinelle.dz\/index.php\/2026\/03\/13\/services-consulaires-le-numerique-au-service-de-la-diaspora\/#primaryimage","url":"https:\/\/lasentinelle.dz\/wp-content\/uploads\/2026\/03\/651244227_1235345222079842_8398529521519445796_n.jpg.webp","contentUrl":"https:\/\/lasentinelle.dz\/wp-content\/uploads\/2026\/03\/651244227_1235345222079842_8398529521519445796_n.jpg.webp","width":1400,"height":1050},{"@type":"BreadcrumbList","@id":"https:\/\/lasentinelle.dz\/index.php\/2026\/03\/13\/services-consulaires-le-numerique-au-service-de-la-diaspora\/#breadcrumb","itemListElement":[{"@type":"ListItem","position":1,"name":"Accueil","item":"https:\/\/lasentinelle.dz\/"},{"@type":"ListItem","position":2,"name":"Services consulaires\u00a0: Le num\u00e9rique au service de la diaspora"}]},{"@type":"WebSite","@id":"https:\/\/lasentinelle.dz\/#website","url":"https:\/\/lasentinelle.dz\/","name":"La Sentinelle","description":"Quotidien national d&#039;information","publisher":{"@id":"https:\/\/lasentinelle.dz\/#organization"},"potentialAction":[{"@type":"SearchAction","target":{"@type":"EntryPoint","urlTemplate":"https:\/\/lasentinelle.dz\/?s={search_term_string}"},"query-input":{"@type":"PropertyValueSpecification","valueRequired":true,"valueName":"search_term_string"}}],"inLanguage":"fr-FR"},{"@type":"Organization","@id":"https:\/\/lasentinelle.dz\/#organization","name":"Quotidien La Sentinelle","url":"https:\/\/lasentinelle.dz\/","logo":{"@type":"ImageObject","inLanguage":"fr-FR","@id":"https:\/\/lasentinelle.dz\/#\/schema\/logo\/image\/","url":"https:\/\/lasentinelle.dz\/wp-content\/uploads\/2021\/09\/logo-sentinelleSLOGAN-1.png","contentUrl":"https:\/\/lasentinelle.dz\/wp-content\/uploads\/2021\/09\/logo-sentinelleSLOGAN-1.png","width":615,"height":142,"caption":"Quotidien La Sentinelle"},"image":{"@id":"https:\/\/lasentinelle.dz\/#\/schema\/logo\/image\/"},"sameAs":["https:\/\/www.facebook.com\/La-Sentinelle-104059864394773"]},{"@type":"Person","@id":"https:\/\/lasentinelle.dz\/#\/schema\/person\/729ee0024f24e0b8c5ec17232f8e8b41","name":"admin","image":{"@type":"ImageObject","inLanguage":"fr-FR","@id":"https:\/\/secure.gravatar.com\/avatar\/4c81fed838786e9b53f540bf46533e750f5d292099ae3b66cfc6fb1982e29df7?s=96&d=mm&r=g","url":"https:\/\/secure.gravatar.com\/avatar\/4c81fed838786e9b53f540bf46533e750f5d292099ae3b66cfc6fb1982e29df7?s=96&d=mm&r=g","contentUrl":"https:\/\/secure.gravatar.com\/avatar\/4c81fed838786e9b53f540bf46533e750f5d292099ae3b66cfc6fb1982e29df7?s=96&d=mm&r=g","caption":"admin"},"description":"admin","url":"https:\/\/lasentinelle.dz\/author\/admin\/"}]}},"_links":{"self":[{"href":"https:\/\/lasentinelle.dz\/index.php\/wp-json\/wp\/v2\/posts\/83452","targetHints":{"allow":["GET"]}}],"collection":[{"href":"https:\/\/lasentinelle.dz\/index.php\/wp-json\/wp\/v2\/posts"}],"about":[{"href":"https:\/\/lasentinelle.dz\/index.php\/wp-json\/wp\/v2\/types\/post"}],"author":[{"embeddable":true,"href":"https:\/\/lasentinelle.dz\/index.php\/wp-json\/wp\/v2\/users\/6"}],"replies":[{"embeddable":true,"href":"https:\/\/lasentinelle.dz\/index.php\/wp-json\/wp\/v2\/comments?post=83452"}],"version-history":[{"count":1,"href":"https:\/\/lasentinelle.dz\/index.php\/wp-json\/wp\/v2\/posts\/83452\/revisions"}],"predecessor-version":[{"id":83454,"href":"https:\/\/lasentinelle.dz\/index.php\/wp-json\/wp\/v2\/posts\/83452\/revisions\/83454"}],"wp:featuredmedia":[{"embeddable":true,"href":"https:\/\/lasentinelle.dz\/index.php\/wp-json\/wp\/v2\/media\/83453"}],"wp:attachment":[{"href":"https:\/\/lasentinelle.dz\/index.php\/wp-json\/wp\/v2\/media?parent=83452"}],"wp:term":[{"taxonomy":"category","embeddable":true,"href":"https:\/\/lasentinelle.dz\/index.php\/wp-json\/wp\/v2\/categories?post=83452"},{"taxonomy":"post_tag","embeddable":true,"href":"https:\/\/lasentinelle.dz\/index.php\/wp-json\/wp\/v2\/tags?post=83452"}],"curies":[{"name":"wp","href":"https:\/\/api.w.org\/{rel}","templated":true}]}}