{"id":83455,"date":"2026-03-13T20:25:15","date_gmt":"2026-03-13T19:25:15","guid":{"rendered":"https:\/\/lasentinelle.dz\/?p=83455"},"modified":"2026-03-13T20:25:16","modified_gmt":"2026-03-13T19:25:16","slug":"collectivites-locales-un-decret-pour-revolutionner-lorganisation-des-communes","status":"publish","type":"post","link":"https:\/\/lasentinelle.dz\/index.php\/2026\/03\/13\/collectivites-locales-un-decret-pour-revolutionner-lorganisation-des-communes\/","title":{"rendered":"Collectivit\u00e9s locales\u00a0: Un d\u00e9cret pour r\u00e9volutionner l&rsquo;organisation des communes"},"content":{"rendered":"\n<p>Le Gouvernement pr\u00e9pare un d\u00e9cret ex\u00e9cutif instaurant une structure organisationnelle mod\u00e8le pour les communes, a annonc\u00e9 jeudi le ministre de l&rsquo;Int\u00e9rieur, des Collectivit\u00e9s locales et des Transports, Sa\u00efd Sayoud, devant les d\u00e9put\u00e9s de l&rsquo;Assembl\u00e9e populaire nationale (APN) lors d&rsquo;une s\u00e9ance consacr\u00e9e aux questions orales. Ce texte, qui s&rsquo;inscrit dans le chantier de r\u00e9forme de la gouvernance locale port\u00e9 par le pr\u00e9sident de la R\u00e9publique, Abdelmadjid Tebboune, ambitionne de transformer en profondeur le fonctionnement des 1.541 communes du pays.<\/p>\n\n\n\n<p>La commune, cellule de base de l&rsquo;organisation territoriale, souffre depuis des d\u00e9cennies de dysfonctionnements structurels : lourdeurs administratives, absence de cadre de gestion harmonis\u00e9, faiblesse de l&rsquo;encadrement et insuffisance des ressources. C&rsquo;est pr\u00e9cis\u00e9ment \u00e0 ces maux que le projet de d\u00e9cret entend s&rsquo;attaquer. Selon le ministre Sayoud, les services de son d\u00e9partement \u00ab sont en train d&rsquo;\u00e9laborer un projet de d\u00e9cret ex\u00e9cutif comprenant une structure organisationnelle mod\u00e8le pour les communes, prenant en charge les missions d\u00e9centralis\u00e9es de la wilaya \u00bb. L&rsquo;objectif affich\u00e9 est de \u00ab concr\u00e9tiser une nouvelle vision organisationnelle dans la gestion de la commune \u00bb, a-t-il pr\u00e9cis\u00e9.<\/p>\n\n\n\n<p>Le texte en pr\u00e9paration ne pr\u00e9voit pas un mod\u00e8le unique impos\u00e9 \u00e0 l&rsquo;ensemble des collectivit\u00e9s. Il constituera plut\u00f4t \u00ab un cadre de r\u00e9f\u00e9rence permettant \u00e0 chaque commune d&rsquo;\u00e9laborer une structure organisationnelle adapt\u00e9e \u00e0 ses sp\u00e9cificit\u00e9s et \u00e0 ses priorit\u00e9s, en tenant compte du niveau d&rsquo;encadrement et de la disponibilit\u00e9 des ressources n\u00e9cessaires \u00bb, a d\u00e9taill\u00e9 le ministre. Une approche souple, qui reconna\u00eet la diversit\u00e9 des r\u00e9alit\u00e9s communales entre grandes agglom\u00e9rations urbaines et petites communes rurales. Cette d\u00e9marche s&rsquo;inscrit dans la continuit\u00e9 des r\u00e9formes politiques et institutionnelles engag\u00e9es par le pr\u00e9sident Tebboune, qui a fait de la d\u00e9centralisation et de la modernisation de la gouvernance locale un axe majeur de son programme. Le chef de l&rsquo;\u00c9tat a, \u00e0 plusieurs reprises, insist\u00e9 sur la n\u00e9cessit\u00e9 de renforcer les pr\u00e9rogatives des communes et de rapprocher l&rsquo;administration du citoyen, dans un pays o\u00f9 la centralisation excessive a longtemps \u00e9t\u00e9 per\u00e7ue comme un frein au d\u00e9veloppement local.<\/p>\n\n\n\n<p>Le ministre a par ailleurs r\u00e9v\u00e9l\u00e9 que les communes ayant d\u00e9j\u00e0 entrepris l&rsquo;\u00e9laboration de projets de structures organisationnelles devront patienter. \u00ab Leur examen a \u00e9t\u00e9 report\u00e9 jusqu&rsquo;\u00e0 l&rsquo;adoption de la structure organisationnelle mod\u00e8le ainsi que la prise en compte des r\u00e9sultats du dernier recensement g\u00e9n\u00e9ral de la population et de l&rsquo;habitat, le nombre d&rsquo;habitants de chaque commune figurant parmi les crit\u00e8res retenus \u00bb, a-t-il expliqu\u00e9. Ce recensement constituera un outil de calibrage essentiel pour adapter les moyens humains et mat\u00e9riels aux besoins r\u00e9els de chaque collectivit\u00e9.<\/p>\n\n\n\n<p>Interrog\u00e9 sur la cr\u00e9ation de nouvelles communes dans certaines wilayas, Sa\u00efd Sayoud a rappel\u00e9 que cette option n\u00e9cessite une modification de la loi relative \u00e0 l&rsquo;organisation territoriale du pays et que les conditions ne se limitent pas aux seuls crit\u00e8res g\u00e9ographiques. En alternative, il a indiqu\u00e9 que \u00ab les communes peuvent, dans le cadre du renforcement de la d\u00e9centralisation, cr\u00e9er des d\u00e9l\u00e9gations ou des annexes relevant de leurs comp\u00e9tences, charg\u00e9es d&rsquo;assurer des services publics par d\u00e9l\u00e9gation de l&rsquo;Assembl\u00e9e populaire communale \u00bb. Enfin, sur le volet des transports, le ministre a annonc\u00e9 que la r\u00e9partition des 10 000 bus \u00e0 importer, d\u00e9cid\u00e9e par le pr\u00e9sident Tebboune, \u00ab interviendra dans les prochains jours \u00bb, avec un d\u00e9ploiement progressif \u00e0 partir des grandes wilayas : Alger, Annaba, Constantine, Oran et S\u00e9tif.<\/p>\n\n\n\n<p>Hocine Fadheli<\/p>\n","protected":false},"excerpt":{"rendered":"<p>Le Gouvernement pr\u00e9pare un d\u00e9cret ex\u00e9cutif instaurant une structure organisationnelle mod\u00e8le pour les communes, a annonc\u00e9 jeudi le ministre de<\/p>\n","protected":false},"author":6,"featured_media":83456,"comment_status":"open","ping_status":"closed","sticky":false,"template":"","format":"standard","meta":{"colormag_page_container_layout":"default_layout","colormag_page_sidebar_layout":"default_layout","om_disable_all_campaigns":false,"_monsterinsights_skip_tracking":false,"_monsterinsights_sitenote_active":false,"_monsterinsights_sitenote_note":"","_monsterinsights_sitenote_category":0,"footnotes":"","_wpscppro_dont_share_socialmedia":false,"_wpscppro_custom_social_share_image":0,"_facebook_share_type":"default","_twitter_share_type":"default","_linkedin_share_type":"default","_pinterest_share_type":"default","_linkedin_share_type_page":"","_instagram_share_type":"default","_medium_share_type":"default","_threads_share_type":"default","_google_business_share_type":"default","_selected_social_profile":[],"_wpsp_enable_custom_social_template":false,"_wpsp_social_scheduling":{"enabled":false,"datetime":null,"platforms":[],"status":"template_only","dateOption":"today","timeOption":"now","customDays":"","customHours":"","customDate":"","customTime":"","schedulingType":"absolute"},"_wpsp_active_default_template":true},"categories":[52,27],"tags":[],"class_list":["post-83455","post","type-post","status-publish","format-standard","has-post-thumbnail","hentry","category-a-la-une","category-actualite"],"aioseo_notices":[],"yoast_head":"<!-- This site is optimized with the Yoast SEO plugin v27.5 - https:\/\/yoast.com\/product\/yoast-seo-wordpress\/ -->\n<title>Collectivit\u00e9s locales\u00a0: Un d\u00e9cret pour r\u00e9volutionner l&rsquo;organisation des communes - La Sentinelle<\/title>\n<meta name=\"robots\" content=\"index, follow, max-snippet:-1, max-image-preview:large, max-video-preview:-1\" \/>\n<link rel=\"canonical\" href=\"https:\/\/lasentinelle.dz\/index.php\/2026\/03\/13\/collectivites-locales-un-decret-pour-revolutionner-lorganisation-des-communes\/\" \/>\n<meta property=\"og:locale\" content=\"fr_FR\" \/>\n<meta property=\"og:type\" content=\"article\" \/>\n<meta property=\"og:title\" content=\"Collectivit\u00e9s locales\u00a0: Un d\u00e9cret pour r\u00e9volutionner l&rsquo;organisation des communes - La Sentinelle\" \/>\n<meta property=\"og:description\" content=\"Le Gouvernement pr\u00e9pare un d\u00e9cret ex\u00e9cutif instaurant une structure organisationnelle mod\u00e8le pour les communes, a annonc\u00e9 jeudi le ministre de\" \/>\n<meta property=\"og:url\" content=\"https:\/\/lasentinelle.dz\/index.php\/2026\/03\/13\/collectivites-locales-un-decret-pour-revolutionner-lorganisation-des-communes\/\" \/>\n<meta property=\"og:site_name\" content=\"La Sentinelle\" \/>\n<meta property=\"article:publisher\" content=\"https:\/\/www.facebook.com\/La-Sentinelle-104059864394773\" \/>\n<meta property=\"article:published_time\" content=\"2026-03-13T19:25:15+00:00\" \/>\n<meta property=\"article:modified_time\" content=\"2026-03-13T19:25:16+00:00\" \/>\n<meta property=\"og:image\" content=\"https:\/\/lasentinelle.dz\/wp-content\/uploads\/2026\/03\/sayoud-1.jpg\" \/>\n\t<meta property=\"og:image:width\" content=\"2048\" \/>\n\t<meta property=\"og:image:height\" content=\"1365\" \/>\n\t<meta property=\"og:image:type\" content=\"image\/jpeg\" \/>\n<meta name=\"author\" content=\"admin\" \/>\n<meta name=\"twitter:card\" content=\"summary_large_image\" \/>\n<meta name=\"twitter:label1\" content=\"\u00c9crit par\" \/>\n\t<meta name=\"twitter:data1\" content=\"admin\" \/>\n\t<meta name=\"twitter:label2\" content=\"Dur\u00e9e de lecture estim\u00e9e\" \/>\n\t<meta name=\"twitter:data2\" content=\"3 minutes\" \/>\n<script type=\"application\/ld+json\" class=\"yoast-schema-graph\">{\"@context\":\"https:\\\/\\\/schema.org\",\"@graph\":[{\"@type\":\"Article\",\"@id\":\"https:\\\/\\\/lasentinelle.dz\\\/index.php\\\/2026\\\/03\\\/13\\\/collectivites-locales-un-decret-pour-revolutionner-lorganisation-des-communes\\\/#article\",\"isPartOf\":{\"@id\":\"https:\\\/\\\/lasentinelle.dz\\\/index.php\\\/2026\\\/03\\\/13\\\/collectivites-locales-un-decret-pour-revolutionner-lorganisation-des-communes\\\/\"},\"author\":{\"name\":\"admin\",\"@id\":\"https:\\\/\\\/lasentinelle.dz\\\/#\\\/schema\\\/person\\\/729ee0024f24e0b8c5ec17232f8e8b41\"},\"headline\":\"Collectivit\u00e9s locales\u00a0: Un d\u00e9cret pour r\u00e9volutionner l&rsquo;organisation des communes\",\"datePublished\":\"2026-03-13T19:25:15+00:00\",\"dateModified\":\"2026-03-13T19:25:16+00:00\",\"mainEntityOfPage\":{\"@id\":\"https:\\\/\\\/lasentinelle.dz\\\/index.php\\\/2026\\\/03\\\/13\\\/collectivites-locales-un-decret-pour-revolutionner-lorganisation-des-communes\\\/\"},\"wordCount\":639,\"commentCount\":0,\"publisher\":{\"@id\":\"https:\\\/\\\/lasentinelle.dz\\\/#organization\"},\"image\":{\"@id\":\"https:\\\/\\\/lasentinelle.dz\\\/index.php\\\/2026\\\/03\\\/13\\\/collectivites-locales-un-decret-pour-revolutionner-lorganisation-des-communes\\\/#primaryimage\"},\"thumbnailUrl\":\"https:\\\/\\\/lasentinelle.dz\\\/wp-content\\\/uploads\\\/2026\\\/03\\\/sayoud-1.jpg\",\"articleSection\":[\"\u00c0 la Une\",\"Actualit\u00e9\"],\"inLanguage\":\"fr-FR\",\"potentialAction\":[{\"@type\":\"CommentAction\",\"name\":\"Comment\",\"target\":[\"https:\\\/\\\/lasentinelle.dz\\\/index.php\\\/2026\\\/03\\\/13\\\/collectivites-locales-un-decret-pour-revolutionner-lorganisation-des-communes\\\/#respond\"]}]},{\"@type\":\"WebPage\",\"@id\":\"https:\\\/\\\/lasentinelle.dz\\\/index.php\\\/2026\\\/03\\\/13\\\/collectivites-locales-un-decret-pour-revolutionner-lorganisation-des-communes\\\/\",\"url\":\"https:\\\/\\\/lasentinelle.dz\\\/index.php\\\/2026\\\/03\\\/13\\\/collectivites-locales-un-decret-pour-revolutionner-lorganisation-des-communes\\\/\",\"name\":\"Collectivit\u00e9s locales\u00a0: Un d\u00e9cret pour r\u00e9volutionner l&rsquo;organisation des communes - La Sentinelle\",\"isPartOf\":{\"@id\":\"https:\\\/\\\/lasentinelle.dz\\\/#website\"},\"primaryImageOfPage\":{\"@id\":\"https:\\\/\\\/lasentinelle.dz\\\/index.php\\\/2026\\\/03\\\/13\\\/collectivites-locales-un-decret-pour-revolutionner-lorganisation-des-communes\\\/#primaryimage\"},\"image\":{\"@id\":\"https:\\\/\\\/lasentinelle.dz\\\/index.php\\\/2026\\\/03\\\/13\\\/collectivites-locales-un-decret-pour-revolutionner-lorganisation-des-communes\\\/#primaryimage\"},\"thumbnailUrl\":\"https:\\\/\\\/lasentinelle.dz\\\/wp-content\\\/uploads\\\/2026\\\/03\\\/sayoud-1.jpg\",\"datePublished\":\"2026-03-13T19:25:15+00:00\",\"dateModified\":\"2026-03-13T19:25:16+00:00\",\"breadcrumb\":{\"@id\":\"https:\\\/\\\/lasentinelle.dz\\\/index.php\\\/2026\\\/03\\\/13\\\/collectivites-locales-un-decret-pour-revolutionner-lorganisation-des-communes\\\/#breadcrumb\"},\"inLanguage\":\"fr-FR\",\"potentialAction\":[{\"@type\":\"ReadAction\",\"target\":[\"https:\\\/\\\/lasentinelle.dz\\\/index.php\\\/2026\\\/03\\\/13\\\/collectivites-locales-un-decret-pour-revolutionner-lorganisation-des-communes\\\/\"]}]},{\"@type\":\"ImageObject\",\"inLanguage\":\"fr-FR\",\"@id\":\"https:\\\/\\\/lasentinelle.dz\\\/index.php\\\/2026\\\/03\\\/13\\\/collectivites-locales-un-decret-pour-revolutionner-lorganisation-des-communes\\\/#primaryimage\",\"url\":\"https:\\\/\\\/lasentinelle.dz\\\/wp-content\\\/uploads\\\/2026\\\/03\\\/sayoud-1.jpg\",\"contentUrl\":\"https:\\\/\\\/lasentinelle.dz\\\/wp-content\\\/uploads\\\/2026\\\/03\\\/sayoud-1.jpg\",\"width\":2048,\"height\":1365},{\"@type\":\"BreadcrumbList\",\"@id\":\"https:\\\/\\\/lasentinelle.dz\\\/index.php\\\/2026\\\/03\\\/13\\\/collectivites-locales-un-decret-pour-revolutionner-lorganisation-des-communes\\\/#breadcrumb\",\"itemListElement\":[{\"@type\":\"ListItem\",\"position\":1,\"name\":\"Accueil\",\"item\":\"https:\\\/\\\/lasentinelle.dz\\\/\"},{\"@type\":\"ListItem\",\"position\":2,\"name\":\"Collectivit\u00e9s locales\u00a0: Un d\u00e9cret pour r\u00e9volutionner l&rsquo;organisation des communes\"}]},{\"@type\":\"WebSite\",\"@id\":\"https:\\\/\\\/lasentinelle.dz\\\/#website\",\"url\":\"https:\\\/\\\/lasentinelle.dz\\\/\",\"name\":\"La Sentinelle\",\"description\":\"Quotidien national d&#039;information\",\"publisher\":{\"@id\":\"https:\\\/\\\/lasentinelle.dz\\\/#organization\"},\"potentialAction\":[{\"@type\":\"SearchAction\",\"target\":{\"@type\":\"EntryPoint\",\"urlTemplate\":\"https:\\\/\\\/lasentinelle.dz\\\/?s={search_term_string}\"},\"query-input\":{\"@type\":\"PropertyValueSpecification\",\"valueRequired\":true,\"valueName\":\"search_term_string\"}}],\"inLanguage\":\"fr-FR\"},{\"@type\":\"Organization\",\"@id\":\"https:\\\/\\\/lasentinelle.dz\\\/#organization\",\"name\":\"Quotidien La Sentinelle\",\"url\":\"https:\\\/\\\/lasentinelle.dz\\\/\",\"logo\":{\"@type\":\"ImageObject\",\"inLanguage\":\"fr-FR\",\"@id\":\"https:\\\/\\\/lasentinelle.dz\\\/#\\\/schema\\\/logo\\\/image\\\/\",\"url\":\"https:\\\/\\\/lasentinelle.dz\\\/wp-content\\\/uploads\\\/2021\\\/09\\\/logo-sentinelleSLOGAN-1.png\",\"contentUrl\":\"https:\\\/\\\/lasentinelle.dz\\\/wp-content\\\/uploads\\\/2021\\\/09\\\/logo-sentinelleSLOGAN-1.png\",\"width\":615,\"height\":142,\"caption\":\"Quotidien La Sentinelle\"},\"image\":{\"@id\":\"https:\\\/\\\/lasentinelle.dz\\\/#\\\/schema\\\/logo\\\/image\\\/\"},\"sameAs\":[\"https:\\\/\\\/www.facebook.com\\\/La-Sentinelle-104059864394773\"]},{\"@type\":\"Person\",\"@id\":\"https:\\\/\\\/lasentinelle.dz\\\/#\\\/schema\\\/person\\\/729ee0024f24e0b8c5ec17232f8e8b41\",\"name\":\"admin\",\"image\":{\"@type\":\"ImageObject\",\"inLanguage\":\"fr-FR\",\"@id\":\"https:\\\/\\\/secure.gravatar.com\\\/avatar\\\/4c81fed838786e9b53f540bf46533e750f5d292099ae3b66cfc6fb1982e29df7?s=96&d=mm&r=g\",\"url\":\"https:\\\/\\\/secure.gravatar.com\\\/avatar\\\/4c81fed838786e9b53f540bf46533e750f5d292099ae3b66cfc6fb1982e29df7?s=96&d=mm&r=g\",\"contentUrl\":\"https:\\\/\\\/secure.gravatar.com\\\/avatar\\\/4c81fed838786e9b53f540bf46533e750f5d292099ae3b66cfc6fb1982e29df7?s=96&d=mm&r=g\",\"caption\":\"admin\"},\"description\":\"admin\",\"url\":\"https:\\\/\\\/lasentinelle.dz\\\/author\\\/admin\\\/\"}]}<\/script>\n<!-- \/ Yoast SEO plugin. -->","yoast_head_json":{"title":"Collectivit\u00e9s locales\u00a0: Un d\u00e9cret pour r\u00e9volutionner l&rsquo;organisation des communes - La Sentinelle","robots":{"index":"index","follow":"follow","max-snippet":"max-snippet:-1","max-image-preview":"max-image-preview:large","max-video-preview":"max-video-preview:-1"},"canonical":"https:\/\/lasentinelle.dz\/index.php\/2026\/03\/13\/collectivites-locales-un-decret-pour-revolutionner-lorganisation-des-communes\/","og_locale":"fr_FR","og_type":"article","og_title":"Collectivit\u00e9s locales\u00a0: Un d\u00e9cret pour r\u00e9volutionner l&rsquo;organisation des communes - La Sentinelle","og_description":"Le Gouvernement pr\u00e9pare un d\u00e9cret ex\u00e9cutif instaurant une structure organisationnelle mod\u00e8le pour les communes, a annonc\u00e9 jeudi le ministre de","og_url":"https:\/\/lasentinelle.dz\/index.php\/2026\/03\/13\/collectivites-locales-un-decret-pour-revolutionner-lorganisation-des-communes\/","og_site_name":"La Sentinelle","article_publisher":"https:\/\/www.facebook.com\/La-Sentinelle-104059864394773","article_published_time":"2026-03-13T19:25:15+00:00","article_modified_time":"2026-03-13T19:25:16+00:00","og_image":[{"width":2048,"height":1365,"url":"https:\/\/lasentinelle.dz\/wp-content\/uploads\/2026\/03\/sayoud-1.jpg","type":"image\/jpeg"}],"author":"admin","twitter_card":"summary_large_image","twitter_misc":{"\u00c9crit par":"admin","Dur\u00e9e de lecture estim\u00e9e":"3 minutes"},"schema":{"@context":"https:\/\/schema.org","@graph":[{"@type":"Article","@id":"https:\/\/lasentinelle.dz\/index.php\/2026\/03\/13\/collectivites-locales-un-decret-pour-revolutionner-lorganisation-des-communes\/#article","isPartOf":{"@id":"https:\/\/lasentinelle.dz\/index.php\/2026\/03\/13\/collectivites-locales-un-decret-pour-revolutionner-lorganisation-des-communes\/"},"author":{"name":"admin","@id":"https:\/\/lasentinelle.dz\/#\/schema\/person\/729ee0024f24e0b8c5ec17232f8e8b41"},"headline":"Collectivit\u00e9s locales\u00a0: Un d\u00e9cret pour r\u00e9volutionner l&rsquo;organisation des communes","datePublished":"2026-03-13T19:25:15+00:00","dateModified":"2026-03-13T19:25:16+00:00","mainEntityOfPage":{"@id":"https:\/\/lasentinelle.dz\/index.php\/2026\/03\/13\/collectivites-locales-un-decret-pour-revolutionner-lorganisation-des-communes\/"},"wordCount":639,"commentCount":0,"publisher":{"@id":"https:\/\/lasentinelle.dz\/#organization"},"image":{"@id":"https:\/\/lasentinelle.dz\/index.php\/2026\/03\/13\/collectivites-locales-un-decret-pour-revolutionner-lorganisation-des-communes\/#primaryimage"},"thumbnailUrl":"https:\/\/lasentinelle.dz\/wp-content\/uploads\/2026\/03\/sayoud-1.jpg","articleSection":["\u00c0 la Une","Actualit\u00e9"],"inLanguage":"fr-FR","potentialAction":[{"@type":"CommentAction","name":"Comment","target":["https:\/\/lasentinelle.dz\/index.php\/2026\/03\/13\/collectivites-locales-un-decret-pour-revolutionner-lorganisation-des-communes\/#respond"]}]},{"@type":"WebPage","@id":"https:\/\/lasentinelle.dz\/index.php\/2026\/03\/13\/collectivites-locales-un-decret-pour-revolutionner-lorganisation-des-communes\/","url":"https:\/\/lasentinelle.dz\/index.php\/2026\/03\/13\/collectivites-locales-un-decret-pour-revolutionner-lorganisation-des-communes\/","name":"Collectivit\u00e9s locales\u00a0: Un d\u00e9cret pour r\u00e9volutionner l&rsquo;organisation des communes - La Sentinelle","isPartOf":{"@id":"https:\/\/lasentinelle.dz\/#website"},"primaryImageOfPage":{"@id":"https:\/\/lasentinelle.dz\/index.php\/2026\/03\/13\/collectivites-locales-un-decret-pour-revolutionner-lorganisation-des-communes\/#primaryimage"},"image":{"@id":"https:\/\/lasentinelle.dz\/index.php\/2026\/03\/13\/collectivites-locales-un-decret-pour-revolutionner-lorganisation-des-communes\/#primaryimage"},"thumbnailUrl":"https:\/\/lasentinelle.dz\/wp-content\/uploads\/2026\/03\/sayoud-1.jpg","datePublished":"2026-03-13T19:25:15+00:00","dateModified":"2026-03-13T19:25:16+00:00","breadcrumb":{"@id":"https:\/\/lasentinelle.dz\/index.php\/2026\/03\/13\/collectivites-locales-un-decret-pour-revolutionner-lorganisation-des-communes\/#breadcrumb"},"inLanguage":"fr-FR","potentialAction":[{"@type":"ReadAction","target":["https:\/\/lasentinelle.dz\/index.php\/2026\/03\/13\/collectivites-locales-un-decret-pour-revolutionner-lorganisation-des-communes\/"]}]},{"@type":"ImageObject","inLanguage":"fr-FR","@id":"https:\/\/lasentinelle.dz\/index.php\/2026\/03\/13\/collectivites-locales-un-decret-pour-revolutionner-lorganisation-des-communes\/#primaryimage","url":"https:\/\/lasentinelle.dz\/wp-content\/uploads\/2026\/03\/sayoud-1.jpg","contentUrl":"https:\/\/lasentinelle.dz\/wp-content\/uploads\/2026\/03\/sayoud-1.jpg","width":2048,"height":1365},{"@type":"BreadcrumbList","@id":"https:\/\/lasentinelle.dz\/index.php\/2026\/03\/13\/collectivites-locales-un-decret-pour-revolutionner-lorganisation-des-communes\/#breadcrumb","itemListElement":[{"@type":"ListItem","position":1,"name":"Accueil","item":"https:\/\/lasentinelle.dz\/"},{"@type":"ListItem","position":2,"name":"Collectivit\u00e9s locales\u00a0: Un d\u00e9cret pour r\u00e9volutionner l&rsquo;organisation des communes"}]},{"@type":"WebSite","@id":"https:\/\/lasentinelle.dz\/#website","url":"https:\/\/lasentinelle.dz\/","name":"La Sentinelle","description":"Quotidien national d&#039;information","publisher":{"@id":"https:\/\/lasentinelle.dz\/#organization"},"potentialAction":[{"@type":"SearchAction","target":{"@type":"EntryPoint","urlTemplate":"https:\/\/lasentinelle.dz\/?s={search_term_string}"},"query-input":{"@type":"PropertyValueSpecification","valueRequired":true,"valueName":"search_term_string"}}],"inLanguage":"fr-FR"},{"@type":"Organization","@id":"https:\/\/lasentinelle.dz\/#organization","name":"Quotidien La Sentinelle","url":"https:\/\/lasentinelle.dz\/","logo":{"@type":"ImageObject","inLanguage":"fr-FR","@id":"https:\/\/lasentinelle.dz\/#\/schema\/logo\/image\/","url":"https:\/\/lasentinelle.dz\/wp-content\/uploads\/2021\/09\/logo-sentinelleSLOGAN-1.png","contentUrl":"https:\/\/lasentinelle.dz\/wp-content\/uploads\/2021\/09\/logo-sentinelleSLOGAN-1.png","width":615,"height":142,"caption":"Quotidien La Sentinelle"},"image":{"@id":"https:\/\/lasentinelle.dz\/#\/schema\/logo\/image\/"},"sameAs":["https:\/\/www.facebook.com\/La-Sentinelle-104059864394773"]},{"@type":"Person","@id":"https:\/\/lasentinelle.dz\/#\/schema\/person\/729ee0024f24e0b8c5ec17232f8e8b41","name":"admin","image":{"@type":"ImageObject","inLanguage":"fr-FR","@id":"https:\/\/secure.gravatar.com\/avatar\/4c81fed838786e9b53f540bf46533e750f5d292099ae3b66cfc6fb1982e29df7?s=96&d=mm&r=g","url":"https:\/\/secure.gravatar.com\/avatar\/4c81fed838786e9b53f540bf46533e750f5d292099ae3b66cfc6fb1982e29df7?s=96&d=mm&r=g","contentUrl":"https:\/\/secure.gravatar.com\/avatar\/4c81fed838786e9b53f540bf46533e750f5d292099ae3b66cfc6fb1982e29df7?s=96&d=mm&r=g","caption":"admin"},"description":"admin","url":"https:\/\/lasentinelle.dz\/author\/admin\/"}]}},"_links":{"self":[{"href":"https:\/\/lasentinelle.dz\/index.php\/wp-json\/wp\/v2\/posts\/83455","targetHints":{"allow":["GET"]}}],"collection":[{"href":"https:\/\/lasentinelle.dz\/index.php\/wp-json\/wp\/v2\/posts"}],"about":[{"href":"https:\/\/lasentinelle.dz\/index.php\/wp-json\/wp\/v2\/types\/post"}],"author":[{"embeddable":true,"href":"https:\/\/lasentinelle.dz\/index.php\/wp-json\/wp\/v2\/users\/6"}],"replies":[{"embeddable":true,"href":"https:\/\/lasentinelle.dz\/index.php\/wp-json\/wp\/v2\/comments?post=83455"}],"version-history":[{"count":2,"href":"https:\/\/lasentinelle.dz\/index.php\/wp-json\/wp\/v2\/posts\/83455\/revisions"}],"predecessor-version":[{"id":83458,"href":"https:\/\/lasentinelle.dz\/index.php\/wp-json\/wp\/v2\/posts\/83455\/revisions\/83458"}],"wp:featuredmedia":[{"embeddable":true,"href":"https:\/\/lasentinelle.dz\/index.php\/wp-json\/wp\/v2\/media\/83456"}],"wp:attachment":[{"href":"https:\/\/lasentinelle.dz\/index.php\/wp-json\/wp\/v2\/media?parent=83455"}],"wp:term":[{"taxonomy":"category","embeddable":true,"href":"https:\/\/lasentinelle.dz\/index.php\/wp-json\/wp\/v2\/categories?post=83455"},{"taxonomy":"post_tag","embeddable":true,"href":"https:\/\/lasentinelle.dz\/index.php\/wp-json\/wp\/v2\/tags?post=83455"}],"curies":[{"name":"wp","href":"https:\/\/api.w.org\/{rel}","templated":true}]}}