{"id":83459,"date":"2026-03-13T20:27:49","date_gmt":"2026-03-13T19:27:49","guid":{"rendered":"https:\/\/lasentinelle.dz\/?p=83459"},"modified":"2026-03-13T20:27:50","modified_gmt":"2026-03-13T19:27:50","slug":"justice-boudjemaa-plaide-pour-une-magistrature-specialisee","status":"publish","type":"post","link":"https:\/\/lasentinelle.dz\/index.php\/2026\/03\/13\/justice-boudjemaa-plaide-pour-une-magistrature-specialisee\/","title":{"rendered":"Justice\u00a0: Boudjemaa plaide pour une magistrature sp\u00e9cialis\u00e9e"},"content":{"rendered":"\n<p>La cr\u00e9ation de deux nouvelles juridictions \u00e0 Boufarik et Ouled Ya\u00efch a fourni jeudi le cadre d&rsquo;un d\u00e9placement du garde des Sceaux, Lotfi Boudjemaa, venu r\u00e9affirmer les ambitions r\u00e9formatrices de l\u2019appareil judiciaire alg\u00e9rien. Le ministre de la Justice a choisi de d\u00e9livrer, jeud, un message clair sur l&rsquo;avenir du syst\u00e8me judiciaire alg\u00e9rien. L&rsquo;inauguration simultan\u00e9e du tribunal de commerce sp\u00e9cialis\u00e9 de Boufarik et du tribunal administratif d&rsquo;Ouled Ya\u00efch \u2014 deux infrastructures dont l&rsquo;ouverture s&rsquo;inscrit dans un vaste programme de modernisation engag\u00e9 par le gouvernement \u2014 a r\u00e9uni autour du garde des Sceaux le wali de Blida, Djamel Eddine Hashas, ainsi que Kamel Moula, pr\u00e9sident du Conseil du renouveau \u00e9conomique alg\u00e9rien (CREA), signal fort de la convergence souhait\u00e9e entre ambitions judiciaires et imp\u00e9ratifs \u00e9conomiques. Au c\u0153ur du discours de Lotfi Boudjemaa : la formation. Dans un contexte o\u00f9 la complexit\u00e9 croissante des contentieux commerciaux et administratifs exige des comp\u00e9tences toujours plus pointues, le ministre a insist\u00e9 sur le fait que son d\u00e9partement accorde \u00abune importance extr\u00eame \u00e0 la formation de magistrats sp\u00e9cialis\u00e9s, notamment pour ce type de juridictions\u00bb. Cette d\u00e9claration prend tout son sens au regard du profil des dossiers trait\u00e9s par ces nouveaux tribunaux : litiges bancaires, dettes d&rsquo;entreprises, conflits entre op\u00e9rateurs \u00e9conomiques et administration \u2014 autant de mati\u00e8res qui supposent une ma\u00eetrise technique que la formation g\u00e9n\u00e9raliste ne saurait suffire \u00e0 garantir. Le ministre a d&rsquo;ailleurs \u00e9largi cette exigence \u00e0 l&rsquo;ensemble du personnel judiciaire, indiquant que le secteur accorde d\u00e9sormais un \u00abint\u00e9r\u00eat majeur \u00e0 la formation et \u00e0 l&rsquo;actualisation des connaissances de l&rsquo;ensemble de ses personnels, dont particuli\u00e8rement les magistrats des tribunaux administratifs et de commerce, appel\u00e9s \u00e0 traiter des litiges n\u00e9cessitant une parfaite ma\u00eetrise de ces domaines, afin de prot\u00e9ger les int\u00e9r\u00eats des citoyens, des commer\u00e7ants et des \u00e9tablissements \u00e9conomiques et financiers, et de faire de la justice un facteur incitatif \u00e0 l&rsquo;investissement et contribuant au d\u00e9veloppement de l&rsquo;\u00e9conomie nationale\u00bb. Une formulation qui place explicitement la r\u00e9forme judiciaire dans la trajectoire de la politique \u00e9conomique nationale, \u00e0 l&rsquo;heure o\u00f9 l&rsquo;Alg\u00e9rie cherche \u00e0 diversifier ses sources de croissance et \u00e0 renforcer la confiance des investisseurs. Sur le volet administratif, Boudjemaa a tenu \u00e0 rappeler la dimension \u00e9minemment politique de la justice administrative, qu&rsquo;il a pr\u00e9sent\u00e9e comme le \u00abv\u00e9ritable garant des droits des citoyens qui y recourent lorsqu&rsquo;ils s&rsquo;estiment l\u00e9s\u00e9s par l&rsquo;administration\u00bb \u2014 un r\u00f4le qui exige du juge, selon lui, \u00abune grande vigilance et une formation continue\u00bb. Ces propos interviennent dans un contexte o\u00f9 le rapport entre l&rsquo;administration et l&rsquo;administr\u00e9 demeure une pr\u00e9occupation centrale des autorit\u00e9s, qui affichent une volont\u00e9 de r\u00e9\u00e9quilibrer ce rapport \u00e0 travers des m\u00e9canismes juridictionnels plus accessibles et plus r\u00e9actifs. Le ministre a \u00e9galement plaid\u00e9 pour le d\u00e9veloppement de la conciliation comme mode alternatif de r\u00e8glement des diff\u00e9rends, la qualifiant de \u00abmoyen efficace pour r\u00e9gler les litiges commerciaux n\u00e9cessitant rapidit\u00e9 et souplesse, permettant ainsi de r\u00e9duire le nombre d&rsquo;affaires port\u00e9es devant les tribunaux et d&rsquo;en acc\u00e9l\u00e9rer le traitement, notamment celles li\u00e9es aux contentieux bancaires et aux dettes\u00bb. Une orientation qui refl\u00e8te une tendance de fond dans les syst\u00e8mes judiciaires modernes, o\u00f9 la d\u00e9saturation des tribunaux passe autant par la m\u00e9diation que par la construction de nouvelles salles d&rsquo;audience. La journ\u00e9e s&rsquo;est prolong\u00e9e par une visite au si\u00e8ge de l&rsquo;Ordre des avocats de Blida, o\u00f9 Boudjemaa a salu\u00e9 l&rsquo;engagement de la profession dans la num\u00e9risation du secteur. Il a qualifi\u00e9 les organisations de d\u00e9fense de \u00abpartenaire essentiel pour la promotion et le d\u00e9veloppement du secteur de la justice, ainsi que pour la cons\u00e9cration d&rsquo;une justice plus moderne et plus efficace, b\u00e9n\u00e9ficiant de la confiance du citoyen\u00bb \u2014 une main tendue \u00e0 une profession parfois en tension avec les r\u00e9formes institutionnelles. Le ministre a enfin rencontr\u00e9 magistrats et personnels de la Cour de Blida, s&rsquo;enqu\u00e9rant des r\u00e9alit\u00e9s du terrain avant de regagner Alger.<\/p>\n\n\n\n<p>Chokri Hafed<\/p>\n","protected":false},"excerpt":{"rendered":"<p>La cr\u00e9ation de deux nouvelles juridictions \u00e0 Boufarik et Ouled Ya\u00efch a fourni jeudi le cadre d&rsquo;un d\u00e9placement du garde<\/p>\n","protected":false},"author":6,"featured_media":83460,"comment_status":"open","ping_status":"closed","sticky":false,"template":"","format":"standard","meta":{"colormag_page_container_layout":"default_layout","colormag_page_sidebar_layout":"default_layout","om_disable_all_campaigns":false,"_monsterinsights_skip_tracking":false,"_monsterinsights_sitenote_active":false,"_monsterinsights_sitenote_note":"","_monsterinsights_sitenote_category":0,"footnotes":"","_wpscppro_dont_share_socialmedia":false,"_wpscppro_custom_social_share_image":0,"_facebook_share_type":"default","_twitter_share_type":"default","_linkedin_share_type":"default","_pinterest_share_type":"default","_linkedin_share_type_page":"","_instagram_share_type":"default","_medium_share_type":"default","_threads_share_type":"default","_google_business_share_type":"default","_selected_social_profile":[],"_wpsp_enable_custom_social_template":false,"_wpsp_social_scheduling":{"enabled":false,"datetime":null,"platforms":[],"status":"template_only","dateOption":"today","timeOption":"now","customDays":"","customHours":"","customDate":"","customTime":"","schedulingType":"absolute"},"_wpsp_active_default_template":true},"categories":[27],"tags":[],"class_list":["post-83459","post","type-post","status-publish","format-standard","has-post-thumbnail","hentry","category-actualite"],"aioseo_notices":[],"yoast_head":"<!-- This site is optimized with the Yoast SEO plugin v27.5 - https:\/\/yoast.com\/product\/yoast-seo-wordpress\/ -->\n<title>Justice\u00a0: Boudjemaa plaide pour une magistrature sp\u00e9cialis\u00e9e - La Sentinelle<\/title>\n<meta name=\"robots\" content=\"index, follow, max-snippet:-1, max-image-preview:large, max-video-preview:-1\" \/>\n<link rel=\"canonical\" href=\"https:\/\/lasentinelle.dz\/index.php\/2026\/03\/13\/justice-boudjemaa-plaide-pour-une-magistrature-specialisee\/\" \/>\n<meta property=\"og:locale\" content=\"fr_FR\" \/>\n<meta property=\"og:type\" content=\"article\" \/>\n<meta property=\"og:title\" content=\"Justice\u00a0: Boudjemaa plaide pour une magistrature sp\u00e9cialis\u00e9e - La Sentinelle\" \/>\n<meta property=\"og:description\" content=\"La cr\u00e9ation de deux nouvelles juridictions \u00e0 Boufarik et Ouled Ya\u00efch a fourni jeudi le cadre d&rsquo;un d\u00e9placement du garde\" \/>\n<meta property=\"og:url\" content=\"https:\/\/lasentinelle.dz\/index.php\/2026\/03\/13\/justice-boudjemaa-plaide-pour-une-magistrature-specialisee\/\" \/>\n<meta property=\"og:site_name\" content=\"La Sentinelle\" \/>\n<meta property=\"article:publisher\" content=\"https:\/\/www.facebook.com\/La-Sentinelle-104059864394773\" \/>\n<meta property=\"article:published_time\" content=\"2026-03-13T19:27:49+00:00\" \/>\n<meta property=\"article:modified_time\" content=\"2026-03-13T19:27:50+00:00\" \/>\n<meta property=\"og:image\" content=\"https:\/\/lasentinelle.dz\/wp-content\/uploads\/2026\/03\/888888888888888888.JPG.webp\" \/>\n\t<meta property=\"og:image:width\" content=\"1400\" \/>\n\t<meta property=\"og:image:height\" content=\"1050\" \/>\n\t<meta property=\"og:image:type\" content=\"image\/webp\" \/>\n<meta name=\"author\" content=\"admin\" \/>\n<meta name=\"twitter:card\" content=\"summary_large_image\" \/>\n<meta name=\"twitter:label1\" content=\"\u00c9crit par\" \/>\n\t<meta name=\"twitter:data1\" content=\"admin\" \/>\n\t<meta name=\"twitter:label2\" content=\"Dur\u00e9e de lecture estim\u00e9e\" \/>\n\t<meta name=\"twitter:data2\" content=\"4 minutes\" \/>\n<script type=\"application\/ld+json\" class=\"yoast-schema-graph\">{\"@context\":\"https:\\\/\\\/schema.org\",\"@graph\":[{\"@type\":\"Article\",\"@id\":\"https:\\\/\\\/lasentinelle.dz\\\/index.php\\\/2026\\\/03\\\/13\\\/justice-boudjemaa-plaide-pour-une-magistrature-specialisee\\\/#article\",\"isPartOf\":{\"@id\":\"https:\\\/\\\/lasentinelle.dz\\\/index.php\\\/2026\\\/03\\\/13\\\/justice-boudjemaa-plaide-pour-une-magistrature-specialisee\\\/\"},\"author\":{\"name\":\"admin\",\"@id\":\"https:\\\/\\\/lasentinelle.dz\\\/#\\\/schema\\\/person\\\/729ee0024f24e0b8c5ec17232f8e8b41\"},\"headline\":\"Justice\u00a0: Boudjemaa plaide pour une magistrature sp\u00e9cialis\u00e9e\",\"datePublished\":\"2026-03-13T19:27:49+00:00\",\"dateModified\":\"2026-03-13T19:27:50+00:00\",\"mainEntityOfPage\":{\"@id\":\"https:\\\/\\\/lasentinelle.dz\\\/index.php\\\/2026\\\/03\\\/13\\\/justice-boudjemaa-plaide-pour-une-magistrature-specialisee\\\/\"},\"wordCount\":727,\"commentCount\":0,\"publisher\":{\"@id\":\"https:\\\/\\\/lasentinelle.dz\\\/#organization\"},\"image\":{\"@id\":\"https:\\\/\\\/lasentinelle.dz\\\/index.php\\\/2026\\\/03\\\/13\\\/justice-boudjemaa-plaide-pour-une-magistrature-specialisee\\\/#primaryimage\"},\"thumbnailUrl\":\"https:\\\/\\\/lasentinelle.dz\\\/wp-content\\\/uploads\\\/2026\\\/03\\\/888888888888888888.JPG.webp\",\"articleSection\":[\"Actualit\u00e9\"],\"inLanguage\":\"fr-FR\",\"potentialAction\":[{\"@type\":\"CommentAction\",\"name\":\"Comment\",\"target\":[\"https:\\\/\\\/lasentinelle.dz\\\/index.php\\\/2026\\\/03\\\/13\\\/justice-boudjemaa-plaide-pour-une-magistrature-specialisee\\\/#respond\"]}]},{\"@type\":\"WebPage\",\"@id\":\"https:\\\/\\\/lasentinelle.dz\\\/index.php\\\/2026\\\/03\\\/13\\\/justice-boudjemaa-plaide-pour-une-magistrature-specialisee\\\/\",\"url\":\"https:\\\/\\\/lasentinelle.dz\\\/index.php\\\/2026\\\/03\\\/13\\\/justice-boudjemaa-plaide-pour-une-magistrature-specialisee\\\/\",\"name\":\"Justice\u00a0: Boudjemaa plaide pour une magistrature sp\u00e9cialis\u00e9e - La Sentinelle\",\"isPartOf\":{\"@id\":\"https:\\\/\\\/lasentinelle.dz\\\/#website\"},\"primaryImageOfPage\":{\"@id\":\"https:\\\/\\\/lasentinelle.dz\\\/index.php\\\/2026\\\/03\\\/13\\\/justice-boudjemaa-plaide-pour-une-magistrature-specialisee\\\/#primaryimage\"},\"image\":{\"@id\":\"https:\\\/\\\/lasentinelle.dz\\\/index.php\\\/2026\\\/03\\\/13\\\/justice-boudjemaa-plaide-pour-une-magistrature-specialisee\\\/#primaryimage\"},\"thumbnailUrl\":\"https:\\\/\\\/lasentinelle.dz\\\/wp-content\\\/uploads\\\/2026\\\/03\\\/888888888888888888.JPG.webp\",\"datePublished\":\"2026-03-13T19:27:49+00:00\",\"dateModified\":\"2026-03-13T19:27:50+00:00\",\"breadcrumb\":{\"@id\":\"https:\\\/\\\/lasentinelle.dz\\\/index.php\\\/2026\\\/03\\\/13\\\/justice-boudjemaa-plaide-pour-une-magistrature-specialisee\\\/#breadcrumb\"},\"inLanguage\":\"fr-FR\",\"potentialAction\":[{\"@type\":\"ReadAction\",\"target\":[\"https:\\\/\\\/lasentinelle.dz\\\/index.php\\\/2026\\\/03\\\/13\\\/justice-boudjemaa-plaide-pour-une-magistrature-specialisee\\\/\"]}]},{\"@type\":\"ImageObject\",\"inLanguage\":\"fr-FR\",\"@id\":\"https:\\\/\\\/lasentinelle.dz\\\/index.php\\\/2026\\\/03\\\/13\\\/justice-boudjemaa-plaide-pour-une-magistrature-specialisee\\\/#primaryimage\",\"url\":\"https:\\\/\\\/lasentinelle.dz\\\/wp-content\\\/uploads\\\/2026\\\/03\\\/888888888888888888.JPG.webp\",\"contentUrl\":\"https:\\\/\\\/lasentinelle.dz\\\/wp-content\\\/uploads\\\/2026\\\/03\\\/888888888888888888.JPG.webp\",\"width\":1400,\"height\":1050},{\"@type\":\"BreadcrumbList\",\"@id\":\"https:\\\/\\\/lasentinelle.dz\\\/index.php\\\/2026\\\/03\\\/13\\\/justice-boudjemaa-plaide-pour-une-magistrature-specialisee\\\/#breadcrumb\",\"itemListElement\":[{\"@type\":\"ListItem\",\"position\":1,\"name\":\"Accueil\",\"item\":\"https:\\\/\\\/lasentinelle.dz\\\/\"},{\"@type\":\"ListItem\",\"position\":2,\"name\":\"Justice\u00a0: Boudjemaa plaide pour une magistrature sp\u00e9cialis\u00e9e\"}]},{\"@type\":\"WebSite\",\"@id\":\"https:\\\/\\\/lasentinelle.dz\\\/#website\",\"url\":\"https:\\\/\\\/lasentinelle.dz\\\/\",\"name\":\"La Sentinelle\",\"description\":\"Quotidien national d&#039;information\",\"publisher\":{\"@id\":\"https:\\\/\\\/lasentinelle.dz\\\/#organization\"},\"potentialAction\":[{\"@type\":\"SearchAction\",\"target\":{\"@type\":\"EntryPoint\",\"urlTemplate\":\"https:\\\/\\\/lasentinelle.dz\\\/?s={search_term_string}\"},\"query-input\":{\"@type\":\"PropertyValueSpecification\",\"valueRequired\":true,\"valueName\":\"search_term_string\"}}],\"inLanguage\":\"fr-FR\"},{\"@type\":\"Organization\",\"@id\":\"https:\\\/\\\/lasentinelle.dz\\\/#organization\",\"name\":\"Quotidien La Sentinelle\",\"url\":\"https:\\\/\\\/lasentinelle.dz\\\/\",\"logo\":{\"@type\":\"ImageObject\",\"inLanguage\":\"fr-FR\",\"@id\":\"https:\\\/\\\/lasentinelle.dz\\\/#\\\/schema\\\/logo\\\/image\\\/\",\"url\":\"https:\\\/\\\/lasentinelle.dz\\\/wp-content\\\/uploads\\\/2021\\\/09\\\/logo-sentinelleSLOGAN-1.png\",\"contentUrl\":\"https:\\\/\\\/lasentinelle.dz\\\/wp-content\\\/uploads\\\/2021\\\/09\\\/logo-sentinelleSLOGAN-1.png\",\"width\":615,\"height\":142,\"caption\":\"Quotidien La Sentinelle\"},\"image\":{\"@id\":\"https:\\\/\\\/lasentinelle.dz\\\/#\\\/schema\\\/logo\\\/image\\\/\"},\"sameAs\":[\"https:\\\/\\\/www.facebook.com\\\/La-Sentinelle-104059864394773\"]},{\"@type\":\"Person\",\"@id\":\"https:\\\/\\\/lasentinelle.dz\\\/#\\\/schema\\\/person\\\/729ee0024f24e0b8c5ec17232f8e8b41\",\"name\":\"admin\",\"image\":{\"@type\":\"ImageObject\",\"inLanguage\":\"fr-FR\",\"@id\":\"https:\\\/\\\/secure.gravatar.com\\\/avatar\\\/4c81fed838786e9b53f540bf46533e750f5d292099ae3b66cfc6fb1982e29df7?s=96&d=mm&r=g\",\"url\":\"https:\\\/\\\/secure.gravatar.com\\\/avatar\\\/4c81fed838786e9b53f540bf46533e750f5d292099ae3b66cfc6fb1982e29df7?s=96&d=mm&r=g\",\"contentUrl\":\"https:\\\/\\\/secure.gravatar.com\\\/avatar\\\/4c81fed838786e9b53f540bf46533e750f5d292099ae3b66cfc6fb1982e29df7?s=96&d=mm&r=g\",\"caption\":\"admin\"},\"description\":\"admin\",\"url\":\"https:\\\/\\\/lasentinelle.dz\\\/author\\\/admin\\\/\"}]}<\/script>\n<!-- \/ Yoast SEO plugin. -->","yoast_head_json":{"title":"Justice\u00a0: Boudjemaa plaide pour une magistrature sp\u00e9cialis\u00e9e - La Sentinelle","robots":{"index":"index","follow":"follow","max-snippet":"max-snippet:-1","max-image-preview":"max-image-preview:large","max-video-preview":"max-video-preview:-1"},"canonical":"https:\/\/lasentinelle.dz\/index.php\/2026\/03\/13\/justice-boudjemaa-plaide-pour-une-magistrature-specialisee\/","og_locale":"fr_FR","og_type":"article","og_title":"Justice\u00a0: Boudjemaa plaide pour une magistrature sp\u00e9cialis\u00e9e - La Sentinelle","og_description":"La cr\u00e9ation de deux nouvelles juridictions \u00e0 Boufarik et Ouled Ya\u00efch a fourni jeudi le cadre d&rsquo;un d\u00e9placement du garde","og_url":"https:\/\/lasentinelle.dz\/index.php\/2026\/03\/13\/justice-boudjemaa-plaide-pour-une-magistrature-specialisee\/","og_site_name":"La Sentinelle","article_publisher":"https:\/\/www.facebook.com\/La-Sentinelle-104059864394773","article_published_time":"2026-03-13T19:27:49+00:00","article_modified_time":"2026-03-13T19:27:50+00:00","og_image":[{"width":1400,"height":1050,"url":"https:\/\/lasentinelle.dz\/wp-content\/uploads\/2026\/03\/888888888888888888.JPG.webp","type":"image\/webp"}],"author":"admin","twitter_card":"summary_large_image","twitter_misc":{"\u00c9crit par":"admin","Dur\u00e9e de lecture estim\u00e9e":"4 minutes"},"schema":{"@context":"https:\/\/schema.org","@graph":[{"@type":"Article","@id":"https:\/\/lasentinelle.dz\/index.php\/2026\/03\/13\/justice-boudjemaa-plaide-pour-une-magistrature-specialisee\/#article","isPartOf":{"@id":"https:\/\/lasentinelle.dz\/index.php\/2026\/03\/13\/justice-boudjemaa-plaide-pour-une-magistrature-specialisee\/"},"author":{"name":"admin","@id":"https:\/\/lasentinelle.dz\/#\/schema\/person\/729ee0024f24e0b8c5ec17232f8e8b41"},"headline":"Justice\u00a0: Boudjemaa plaide pour une magistrature sp\u00e9cialis\u00e9e","datePublished":"2026-03-13T19:27:49+00:00","dateModified":"2026-03-13T19:27:50+00:00","mainEntityOfPage":{"@id":"https:\/\/lasentinelle.dz\/index.php\/2026\/03\/13\/justice-boudjemaa-plaide-pour-une-magistrature-specialisee\/"},"wordCount":727,"commentCount":0,"publisher":{"@id":"https:\/\/lasentinelle.dz\/#organization"},"image":{"@id":"https:\/\/lasentinelle.dz\/index.php\/2026\/03\/13\/justice-boudjemaa-plaide-pour-une-magistrature-specialisee\/#primaryimage"},"thumbnailUrl":"https:\/\/lasentinelle.dz\/wp-content\/uploads\/2026\/03\/888888888888888888.JPG.webp","articleSection":["Actualit\u00e9"],"inLanguage":"fr-FR","potentialAction":[{"@type":"CommentAction","name":"Comment","target":["https:\/\/lasentinelle.dz\/index.php\/2026\/03\/13\/justice-boudjemaa-plaide-pour-une-magistrature-specialisee\/#respond"]}]},{"@type":"WebPage","@id":"https:\/\/lasentinelle.dz\/index.php\/2026\/03\/13\/justice-boudjemaa-plaide-pour-une-magistrature-specialisee\/","url":"https:\/\/lasentinelle.dz\/index.php\/2026\/03\/13\/justice-boudjemaa-plaide-pour-une-magistrature-specialisee\/","name":"Justice\u00a0: Boudjemaa plaide pour une magistrature sp\u00e9cialis\u00e9e - La Sentinelle","isPartOf":{"@id":"https:\/\/lasentinelle.dz\/#website"},"primaryImageOfPage":{"@id":"https:\/\/lasentinelle.dz\/index.php\/2026\/03\/13\/justice-boudjemaa-plaide-pour-une-magistrature-specialisee\/#primaryimage"},"image":{"@id":"https:\/\/lasentinelle.dz\/index.php\/2026\/03\/13\/justice-boudjemaa-plaide-pour-une-magistrature-specialisee\/#primaryimage"},"thumbnailUrl":"https:\/\/lasentinelle.dz\/wp-content\/uploads\/2026\/03\/888888888888888888.JPG.webp","datePublished":"2026-03-13T19:27:49+00:00","dateModified":"2026-03-13T19:27:50+00:00","breadcrumb":{"@id":"https:\/\/lasentinelle.dz\/index.php\/2026\/03\/13\/justice-boudjemaa-plaide-pour-une-magistrature-specialisee\/#breadcrumb"},"inLanguage":"fr-FR","potentialAction":[{"@type":"ReadAction","target":["https:\/\/lasentinelle.dz\/index.php\/2026\/03\/13\/justice-boudjemaa-plaide-pour-une-magistrature-specialisee\/"]}]},{"@type":"ImageObject","inLanguage":"fr-FR","@id":"https:\/\/lasentinelle.dz\/index.php\/2026\/03\/13\/justice-boudjemaa-plaide-pour-une-magistrature-specialisee\/#primaryimage","url":"https:\/\/lasentinelle.dz\/wp-content\/uploads\/2026\/03\/888888888888888888.JPG.webp","contentUrl":"https:\/\/lasentinelle.dz\/wp-content\/uploads\/2026\/03\/888888888888888888.JPG.webp","width":1400,"height":1050},{"@type":"BreadcrumbList","@id":"https:\/\/lasentinelle.dz\/index.php\/2026\/03\/13\/justice-boudjemaa-plaide-pour-une-magistrature-specialisee\/#breadcrumb","itemListElement":[{"@type":"ListItem","position":1,"name":"Accueil","item":"https:\/\/lasentinelle.dz\/"},{"@type":"ListItem","position":2,"name":"Justice\u00a0: Boudjemaa plaide pour une magistrature sp\u00e9cialis\u00e9e"}]},{"@type":"WebSite","@id":"https:\/\/lasentinelle.dz\/#website","url":"https:\/\/lasentinelle.dz\/","name":"La Sentinelle","description":"Quotidien national d&#039;information","publisher":{"@id":"https:\/\/lasentinelle.dz\/#organization"},"potentialAction":[{"@type":"SearchAction","target":{"@type":"EntryPoint","urlTemplate":"https:\/\/lasentinelle.dz\/?s={search_term_string}"},"query-input":{"@type":"PropertyValueSpecification","valueRequired":true,"valueName":"search_term_string"}}],"inLanguage":"fr-FR"},{"@type":"Organization","@id":"https:\/\/lasentinelle.dz\/#organization","name":"Quotidien La Sentinelle","url":"https:\/\/lasentinelle.dz\/","logo":{"@type":"ImageObject","inLanguage":"fr-FR","@id":"https:\/\/lasentinelle.dz\/#\/schema\/logo\/image\/","url":"https:\/\/lasentinelle.dz\/wp-content\/uploads\/2021\/09\/logo-sentinelleSLOGAN-1.png","contentUrl":"https:\/\/lasentinelle.dz\/wp-content\/uploads\/2021\/09\/logo-sentinelleSLOGAN-1.png","width":615,"height":142,"caption":"Quotidien La Sentinelle"},"image":{"@id":"https:\/\/lasentinelle.dz\/#\/schema\/logo\/image\/"},"sameAs":["https:\/\/www.facebook.com\/La-Sentinelle-104059864394773"]},{"@type":"Person","@id":"https:\/\/lasentinelle.dz\/#\/schema\/person\/729ee0024f24e0b8c5ec17232f8e8b41","name":"admin","image":{"@type":"ImageObject","inLanguage":"fr-FR","@id":"https:\/\/secure.gravatar.com\/avatar\/4c81fed838786e9b53f540bf46533e750f5d292099ae3b66cfc6fb1982e29df7?s=96&d=mm&r=g","url":"https:\/\/secure.gravatar.com\/avatar\/4c81fed838786e9b53f540bf46533e750f5d292099ae3b66cfc6fb1982e29df7?s=96&d=mm&r=g","contentUrl":"https:\/\/secure.gravatar.com\/avatar\/4c81fed838786e9b53f540bf46533e750f5d292099ae3b66cfc6fb1982e29df7?s=96&d=mm&r=g","caption":"admin"},"description":"admin","url":"https:\/\/lasentinelle.dz\/author\/admin\/"}]}},"_links":{"self":[{"href":"https:\/\/lasentinelle.dz\/index.php\/wp-json\/wp\/v2\/posts\/83459","targetHints":{"allow":["GET"]}}],"collection":[{"href":"https:\/\/lasentinelle.dz\/index.php\/wp-json\/wp\/v2\/posts"}],"about":[{"href":"https:\/\/lasentinelle.dz\/index.php\/wp-json\/wp\/v2\/types\/post"}],"author":[{"embeddable":true,"href":"https:\/\/lasentinelle.dz\/index.php\/wp-json\/wp\/v2\/users\/6"}],"replies":[{"embeddable":true,"href":"https:\/\/lasentinelle.dz\/index.php\/wp-json\/wp\/v2\/comments?post=83459"}],"version-history":[{"count":1,"href":"https:\/\/lasentinelle.dz\/index.php\/wp-json\/wp\/v2\/posts\/83459\/revisions"}],"predecessor-version":[{"id":83461,"href":"https:\/\/lasentinelle.dz\/index.php\/wp-json\/wp\/v2\/posts\/83459\/revisions\/83461"}],"wp:featuredmedia":[{"embeddable":true,"href":"https:\/\/lasentinelle.dz\/index.php\/wp-json\/wp\/v2\/media\/83460"}],"wp:attachment":[{"href":"https:\/\/lasentinelle.dz\/index.php\/wp-json\/wp\/v2\/media?parent=83459"}],"wp:term":[{"taxonomy":"category","embeddable":true,"href":"https:\/\/lasentinelle.dz\/index.php\/wp-json\/wp\/v2\/categories?post=83459"},{"taxonomy":"post_tag","embeddable":true,"href":"https:\/\/lasentinelle.dz\/index.php\/wp-json\/wp\/v2\/tags?post=83459"}],"curies":[{"name":"wp","href":"https:\/\/api.w.org\/{rel}","templated":true}]}}