{"id":83472,"date":"2026-03-14T20:05:15","date_gmt":"2026-03-14T19:05:15","guid":{"rendered":"https:\/\/lasentinelle.dz\/?p=83472"},"modified":"2026-03-14T20:05:17","modified_gmt":"2026-03-14T19:05:17","slug":"renouvellement-du-parc-de-bus-568-vehicules-receptionnes-a-alger","status":"publish","type":"post","link":"https:\/\/lasentinelle.dz\/index.php\/2026\/03\/14\/renouvellement-du-parc-de-bus-568-vehicules-receptionnes-a-alger\/","title":{"rendered":"Renouvellement du parc de bus\u00a0: 568 v\u00e9hicules r\u00e9ceptionn\u00e9s \u00e0 Alger"},"content":{"rendered":"\n<p>L&rsquo;\u00c9tablissement de d\u00e9veloppement de l&rsquo;industrie de v\u00e9hicules (EDIV), relevant de la Direction des fabrications militaires du minist\u00e8re de la D\u00e9fense nationale, a r\u00e9ceptionn\u00e9 samedi au port d&rsquo;Alger 568 bus de diff\u00e9rentes cat\u00e9gories en provenance de Chine, dans le cadre du programme pr\u00e9sidentiel d&rsquo;importation de 10 000 bus neufs destin\u00e9s au renouvellement du parc national de transport de voyageurs.<\/p>\n\n\n\n<p>Selon le communiqu\u00e9 du minist\u00e8re de la D\u00e9fense nationale, cette op\u00e9ration s&rsquo;inscrit dans \u00ab la mise en \u0153uvre du programme du pr\u00e9sident de la R\u00e9publique, Chef supr\u00eame des Forces arm\u00e9es, ministre de la D\u00e9fense nationale, M. Abdelmadjid Tebboune, pour l&rsquo;importation de 10 000 bus neufs destin\u00e9s au renouvellement du parc national des bus de transport de voyageurs \u00bb. La cargaison r\u00e9ceptionn\u00e9e samedi fait partie d&rsquo;un lot de 6 800 bus programm\u00e9s pour \u00eatre livr\u00e9s depuis l&rsquo;Allemagne et la Chine, les livraisons du reste de la commande devant se poursuivre dans les prochains jours, pr\u00e9cise la m\u00eame source.<\/p>\n\n\n\n<p>Ce nouveau d\u00e9barquement intervient alors que le ministre de l&rsquo;Int\u00e9rieur, des Collectivit\u00e9s locales et des Transports, Sa\u00efd Sayoud, a annonc\u00e9 jeudi dernier devant l&rsquo;Assembl\u00e9e populaire nationale, lors de la s\u00e9ance consacr\u00e9e aux questions orales, que la distribution des autobus aux \u00c9tablissements publics de transport urbain et suburbain (ETUS) d\u00e9butera dans les prochains jours. Le ministre a pr\u00e9cis\u00e9 qu&rsquo;une part importante des 10 000 v\u00e9hicules est d&rsquo;ores et d\u00e9j\u00e0 r\u00e9ceptionn\u00e9e et stock\u00e9e dans plusieurs zones de d\u00e9p\u00f4t \u00e0 travers le territoire national, ce qui rend possible une attribution rapide aux wilayas b\u00e9n\u00e9ficiaires.<\/p>\n\n\n\n<p>Le programme de r\u00e9partition, tel que d\u00e9taill\u00e9 par Sa\u00efd Sayoud, pr\u00e9voit la couverture de \u00ab 50 \u00e0 60 % des wilayas avant la fin du mois de mars \u00bb. Les wilayas les plus peupl\u00e9es seront servies en priorit\u00e9, le ministre citant nomm\u00e9ment Annaba, Constantine, Alger, Oran et S\u00e9tif. Dans un second temps, les efforts du secteur seront concentr\u00e9s vers les autres wilayas, \u00ab en parall\u00e8le de la r\u00e9ception des v\u00e9hicules \u00bb et en fonction des besoins et des sp\u00e9cificit\u00e9s de chaque r\u00e9gion.<\/p>\n\n\n\n<p>Ce programme de renouvellement de la flotte nationale de transport en commun constitue l&rsquo;une des r\u00e9ponses des pouvoirs publics \u00e0 la d\u00e9gradation chronique du parc de bus, dont le vieillissement p\u00e8se depuis des ann\u00e9es sur la qualit\u00e9 du service offert aux usagers dans les grandes agglom\u00e9rations comme dans les villes moyennes, et pr\u00e9sente des risques pour la s\u00e9curit\u00e9 routi\u00e8re.<\/p>\n\n\n\n<p>Chokri Hafed<\/p>\n","protected":false},"excerpt":{"rendered":"<p>L&rsquo;\u00c9tablissement de d\u00e9veloppement de l&rsquo;industrie de v\u00e9hicules (EDIV), relevant de la Direction des fabrications militaires du minist\u00e8re de la D\u00e9fense<\/p>\n","protected":false},"author":6,"featured_media":80503,"comment_status":"open","ping_status":"closed","sticky":false,"template":"","format":"standard","meta":{"colormag_page_container_layout":"default_layout","colormag_page_sidebar_layout":"default_layout","om_disable_all_campaigns":false,"_monsterinsights_skip_tracking":false,"_monsterinsights_sitenote_active":false,"_monsterinsights_sitenote_note":"","_monsterinsights_sitenote_category":0,"footnotes":"","_wpscppro_dont_share_socialmedia":false,"_wpscppro_custom_social_share_image":0,"_facebook_share_type":"default","_twitter_share_type":"default","_linkedin_share_type":"default","_pinterest_share_type":"default","_linkedin_share_type_page":"","_instagram_share_type":"default","_medium_share_type":"default","_threads_share_type":"default","_google_business_share_type":"default","_selected_social_profile":[],"_wpsp_enable_custom_social_template":false,"_wpsp_social_scheduling":{"enabled":false,"datetime":null,"platforms":[],"status":"template_only","dateOption":"today","timeOption":"now","customDays":"","customHours":"","customDate":"","customTime":"","schedulingType":"absolute"},"_wpsp_active_default_template":true},"categories":[27],"tags":[],"class_list":["post-83472","post","type-post","status-publish","format-standard","has-post-thumbnail","hentry","category-actualite"],"aioseo_notices":[],"yoast_head":"<!-- This site is optimized with the Yoast SEO plugin v27.5 - https:\/\/yoast.com\/product\/yoast-seo-wordpress\/ -->\n<title>Renouvellement du parc de bus\u00a0: 568 v\u00e9hicules r\u00e9ceptionn\u00e9s \u00e0 Alger - La Sentinelle<\/title>\n<meta name=\"robots\" content=\"index, follow, max-snippet:-1, max-image-preview:large, max-video-preview:-1\" \/>\n<link rel=\"canonical\" href=\"https:\/\/lasentinelle.dz\/index.php\/2026\/03\/14\/renouvellement-du-parc-de-bus-568-vehicules-receptionnes-a-alger\/\" \/>\n<meta property=\"og:locale\" content=\"fr_FR\" \/>\n<meta property=\"og:type\" content=\"article\" \/>\n<meta property=\"og:title\" content=\"Renouvellement du parc de bus\u00a0: 568 v\u00e9hicules r\u00e9ceptionn\u00e9s \u00e0 Alger - La Sentinelle\" \/>\n<meta property=\"og:description\" content=\"L&rsquo;\u00c9tablissement de d\u00e9veloppement de l&rsquo;industrie de v\u00e9hicules (EDIV), relevant de la Direction des fabrications militaires du minist\u00e8re de la D\u00e9fense\" \/>\n<meta property=\"og:url\" content=\"https:\/\/lasentinelle.dz\/index.php\/2026\/03\/14\/renouvellement-du-parc-de-bus-568-vehicules-receptionnes-a-alger\/\" \/>\n<meta property=\"og:site_name\" content=\"La Sentinelle\" \/>\n<meta property=\"article:publisher\" content=\"https:\/\/www.facebook.com\/La-Sentinelle-104059864394773\" \/>\n<meta property=\"article:published_time\" content=\"2026-03-14T19:05:15+00:00\" \/>\n<meta property=\"article:modified_time\" content=\"2026-03-14T19:05:17+00:00\" \/>\n<meta property=\"og:image\" content=\"https:\/\/lasentinelle.dz\/wp-content\/uploads\/2026\/02\/bus.webp\" \/>\n\t<meta property=\"og:image:width\" content=\"900\" \/>\n\t<meta property=\"og:image:height\" content=\"675\" \/>\n\t<meta property=\"og:image:type\" content=\"image\/webp\" \/>\n<meta name=\"author\" content=\"admin\" \/>\n<meta name=\"twitter:card\" content=\"summary_large_image\" \/>\n<meta name=\"twitter:label1\" content=\"\u00c9crit par\" \/>\n\t<meta name=\"twitter:data1\" content=\"admin\" \/>\n\t<meta name=\"twitter:label2\" content=\"Dur\u00e9e de lecture estim\u00e9e\" \/>\n\t<meta name=\"twitter:data2\" content=\"3 minutes\" \/>\n<script type=\"application\/ld+json\" class=\"yoast-schema-graph\">{\"@context\":\"https:\\\/\\\/schema.org\",\"@graph\":[{\"@type\":\"Article\",\"@id\":\"https:\\\/\\\/lasentinelle.dz\\\/index.php\\\/2026\\\/03\\\/14\\\/renouvellement-du-parc-de-bus-568-vehicules-receptionnes-a-alger\\\/#article\",\"isPartOf\":{\"@id\":\"https:\\\/\\\/lasentinelle.dz\\\/index.php\\\/2026\\\/03\\\/14\\\/renouvellement-du-parc-de-bus-568-vehicules-receptionnes-a-alger\\\/\"},\"author\":{\"name\":\"admin\",\"@id\":\"https:\\\/\\\/lasentinelle.dz\\\/#\\\/schema\\\/person\\\/729ee0024f24e0b8c5ec17232f8e8b41\"},\"headline\":\"Renouvellement du parc de bus\u00a0: 568 v\u00e9hicules r\u00e9ceptionn\u00e9s \u00e0 Alger\",\"datePublished\":\"2026-03-14T19:05:15+00:00\",\"dateModified\":\"2026-03-14T19:05:17+00:00\",\"mainEntityOfPage\":{\"@id\":\"https:\\\/\\\/lasentinelle.dz\\\/index.php\\\/2026\\\/03\\\/14\\\/renouvellement-du-parc-de-bus-568-vehicules-receptionnes-a-alger\\\/\"},\"wordCount\":456,\"commentCount\":0,\"publisher\":{\"@id\":\"https:\\\/\\\/lasentinelle.dz\\\/#organization\"},\"image\":{\"@id\":\"https:\\\/\\\/lasentinelle.dz\\\/index.php\\\/2026\\\/03\\\/14\\\/renouvellement-du-parc-de-bus-568-vehicules-receptionnes-a-alger\\\/#primaryimage\"},\"thumbnailUrl\":\"https:\\\/\\\/lasentinelle.dz\\\/wp-content\\\/uploads\\\/2026\\\/02\\\/bus.webp\",\"articleSection\":[\"Actualit\u00e9\"],\"inLanguage\":\"fr-FR\",\"potentialAction\":[{\"@type\":\"CommentAction\",\"name\":\"Comment\",\"target\":[\"https:\\\/\\\/lasentinelle.dz\\\/index.php\\\/2026\\\/03\\\/14\\\/renouvellement-du-parc-de-bus-568-vehicules-receptionnes-a-alger\\\/#respond\"]}]},{\"@type\":\"WebPage\",\"@id\":\"https:\\\/\\\/lasentinelle.dz\\\/index.php\\\/2026\\\/03\\\/14\\\/renouvellement-du-parc-de-bus-568-vehicules-receptionnes-a-alger\\\/\",\"url\":\"https:\\\/\\\/lasentinelle.dz\\\/index.php\\\/2026\\\/03\\\/14\\\/renouvellement-du-parc-de-bus-568-vehicules-receptionnes-a-alger\\\/\",\"name\":\"Renouvellement du parc de bus\u00a0: 568 v\u00e9hicules r\u00e9ceptionn\u00e9s \u00e0 Alger - La Sentinelle\",\"isPartOf\":{\"@id\":\"https:\\\/\\\/lasentinelle.dz\\\/#website\"},\"primaryImageOfPage\":{\"@id\":\"https:\\\/\\\/lasentinelle.dz\\\/index.php\\\/2026\\\/03\\\/14\\\/renouvellement-du-parc-de-bus-568-vehicules-receptionnes-a-alger\\\/#primaryimage\"},\"image\":{\"@id\":\"https:\\\/\\\/lasentinelle.dz\\\/index.php\\\/2026\\\/03\\\/14\\\/renouvellement-du-parc-de-bus-568-vehicules-receptionnes-a-alger\\\/#primaryimage\"},\"thumbnailUrl\":\"https:\\\/\\\/lasentinelle.dz\\\/wp-content\\\/uploads\\\/2026\\\/02\\\/bus.webp\",\"datePublished\":\"2026-03-14T19:05:15+00:00\",\"dateModified\":\"2026-03-14T19:05:17+00:00\",\"breadcrumb\":{\"@id\":\"https:\\\/\\\/lasentinelle.dz\\\/index.php\\\/2026\\\/03\\\/14\\\/renouvellement-du-parc-de-bus-568-vehicules-receptionnes-a-alger\\\/#breadcrumb\"},\"inLanguage\":\"fr-FR\",\"potentialAction\":[{\"@type\":\"ReadAction\",\"target\":[\"https:\\\/\\\/lasentinelle.dz\\\/index.php\\\/2026\\\/03\\\/14\\\/renouvellement-du-parc-de-bus-568-vehicules-receptionnes-a-alger\\\/\"]}]},{\"@type\":\"ImageObject\",\"inLanguage\":\"fr-FR\",\"@id\":\"https:\\\/\\\/lasentinelle.dz\\\/index.php\\\/2026\\\/03\\\/14\\\/renouvellement-du-parc-de-bus-568-vehicules-receptionnes-a-alger\\\/#primaryimage\",\"url\":\"https:\\\/\\\/lasentinelle.dz\\\/wp-content\\\/uploads\\\/2026\\\/02\\\/bus.webp\",\"contentUrl\":\"https:\\\/\\\/lasentinelle.dz\\\/wp-content\\\/uploads\\\/2026\\\/02\\\/bus.webp\",\"width\":900,\"height\":675},{\"@type\":\"BreadcrumbList\",\"@id\":\"https:\\\/\\\/lasentinelle.dz\\\/index.php\\\/2026\\\/03\\\/14\\\/renouvellement-du-parc-de-bus-568-vehicules-receptionnes-a-alger\\\/#breadcrumb\",\"itemListElement\":[{\"@type\":\"ListItem\",\"position\":1,\"name\":\"Accueil\",\"item\":\"https:\\\/\\\/lasentinelle.dz\\\/\"},{\"@type\":\"ListItem\",\"position\":2,\"name\":\"Renouvellement du parc de bus\u00a0: 568 v\u00e9hicules r\u00e9ceptionn\u00e9s \u00e0 Alger\"}]},{\"@type\":\"WebSite\",\"@id\":\"https:\\\/\\\/lasentinelle.dz\\\/#website\",\"url\":\"https:\\\/\\\/lasentinelle.dz\\\/\",\"name\":\"La Sentinelle\",\"description\":\"Quotidien national d&#039;information\",\"publisher\":{\"@id\":\"https:\\\/\\\/lasentinelle.dz\\\/#organization\"},\"potentialAction\":[{\"@type\":\"SearchAction\",\"target\":{\"@type\":\"EntryPoint\",\"urlTemplate\":\"https:\\\/\\\/lasentinelle.dz\\\/?s={search_term_string}\"},\"query-input\":{\"@type\":\"PropertyValueSpecification\",\"valueRequired\":true,\"valueName\":\"search_term_string\"}}],\"inLanguage\":\"fr-FR\"},{\"@type\":\"Organization\",\"@id\":\"https:\\\/\\\/lasentinelle.dz\\\/#organization\",\"name\":\"Quotidien La Sentinelle\",\"url\":\"https:\\\/\\\/lasentinelle.dz\\\/\",\"logo\":{\"@type\":\"ImageObject\",\"inLanguage\":\"fr-FR\",\"@id\":\"https:\\\/\\\/lasentinelle.dz\\\/#\\\/schema\\\/logo\\\/image\\\/\",\"url\":\"https:\\\/\\\/lasentinelle.dz\\\/wp-content\\\/uploads\\\/2021\\\/09\\\/logo-sentinelleSLOGAN-1.png\",\"contentUrl\":\"https:\\\/\\\/lasentinelle.dz\\\/wp-content\\\/uploads\\\/2021\\\/09\\\/logo-sentinelleSLOGAN-1.png\",\"width\":615,\"height\":142,\"caption\":\"Quotidien La Sentinelle\"},\"image\":{\"@id\":\"https:\\\/\\\/lasentinelle.dz\\\/#\\\/schema\\\/logo\\\/image\\\/\"},\"sameAs\":[\"https:\\\/\\\/www.facebook.com\\\/La-Sentinelle-104059864394773\"]},{\"@type\":\"Person\",\"@id\":\"https:\\\/\\\/lasentinelle.dz\\\/#\\\/schema\\\/person\\\/729ee0024f24e0b8c5ec17232f8e8b41\",\"name\":\"admin\",\"image\":{\"@type\":\"ImageObject\",\"inLanguage\":\"fr-FR\",\"@id\":\"https:\\\/\\\/secure.gravatar.com\\\/avatar\\\/4c81fed838786e9b53f540bf46533e750f5d292099ae3b66cfc6fb1982e29df7?s=96&d=mm&r=g\",\"url\":\"https:\\\/\\\/secure.gravatar.com\\\/avatar\\\/4c81fed838786e9b53f540bf46533e750f5d292099ae3b66cfc6fb1982e29df7?s=96&d=mm&r=g\",\"contentUrl\":\"https:\\\/\\\/secure.gravatar.com\\\/avatar\\\/4c81fed838786e9b53f540bf46533e750f5d292099ae3b66cfc6fb1982e29df7?s=96&d=mm&r=g\",\"caption\":\"admin\"},\"description\":\"admin\",\"url\":\"https:\\\/\\\/lasentinelle.dz\\\/author\\\/admin\\\/\"}]}<\/script>\n<!-- \/ Yoast SEO plugin. -->","yoast_head_json":{"title":"Renouvellement du parc de bus\u00a0: 568 v\u00e9hicules r\u00e9ceptionn\u00e9s \u00e0 Alger - La Sentinelle","robots":{"index":"index","follow":"follow","max-snippet":"max-snippet:-1","max-image-preview":"max-image-preview:large","max-video-preview":"max-video-preview:-1"},"canonical":"https:\/\/lasentinelle.dz\/index.php\/2026\/03\/14\/renouvellement-du-parc-de-bus-568-vehicules-receptionnes-a-alger\/","og_locale":"fr_FR","og_type":"article","og_title":"Renouvellement du parc de bus\u00a0: 568 v\u00e9hicules r\u00e9ceptionn\u00e9s \u00e0 Alger - La Sentinelle","og_description":"L&rsquo;\u00c9tablissement de d\u00e9veloppement de l&rsquo;industrie de v\u00e9hicules (EDIV), relevant de la Direction des fabrications militaires du minist\u00e8re de la D\u00e9fense","og_url":"https:\/\/lasentinelle.dz\/index.php\/2026\/03\/14\/renouvellement-du-parc-de-bus-568-vehicules-receptionnes-a-alger\/","og_site_name":"La Sentinelle","article_publisher":"https:\/\/www.facebook.com\/La-Sentinelle-104059864394773","article_published_time":"2026-03-14T19:05:15+00:00","article_modified_time":"2026-03-14T19:05:17+00:00","og_image":[{"width":900,"height":675,"url":"https:\/\/lasentinelle.dz\/wp-content\/uploads\/2026\/02\/bus.webp","type":"image\/webp"}],"author":"admin","twitter_card":"summary_large_image","twitter_misc":{"\u00c9crit par":"admin","Dur\u00e9e de lecture estim\u00e9e":"3 minutes"},"schema":{"@context":"https:\/\/schema.org","@graph":[{"@type":"Article","@id":"https:\/\/lasentinelle.dz\/index.php\/2026\/03\/14\/renouvellement-du-parc-de-bus-568-vehicules-receptionnes-a-alger\/#article","isPartOf":{"@id":"https:\/\/lasentinelle.dz\/index.php\/2026\/03\/14\/renouvellement-du-parc-de-bus-568-vehicules-receptionnes-a-alger\/"},"author":{"name":"admin","@id":"https:\/\/lasentinelle.dz\/#\/schema\/person\/729ee0024f24e0b8c5ec17232f8e8b41"},"headline":"Renouvellement du parc de bus\u00a0: 568 v\u00e9hicules r\u00e9ceptionn\u00e9s \u00e0 Alger","datePublished":"2026-03-14T19:05:15+00:00","dateModified":"2026-03-14T19:05:17+00:00","mainEntityOfPage":{"@id":"https:\/\/lasentinelle.dz\/index.php\/2026\/03\/14\/renouvellement-du-parc-de-bus-568-vehicules-receptionnes-a-alger\/"},"wordCount":456,"commentCount":0,"publisher":{"@id":"https:\/\/lasentinelle.dz\/#organization"},"image":{"@id":"https:\/\/lasentinelle.dz\/index.php\/2026\/03\/14\/renouvellement-du-parc-de-bus-568-vehicules-receptionnes-a-alger\/#primaryimage"},"thumbnailUrl":"https:\/\/lasentinelle.dz\/wp-content\/uploads\/2026\/02\/bus.webp","articleSection":["Actualit\u00e9"],"inLanguage":"fr-FR","potentialAction":[{"@type":"CommentAction","name":"Comment","target":["https:\/\/lasentinelle.dz\/index.php\/2026\/03\/14\/renouvellement-du-parc-de-bus-568-vehicules-receptionnes-a-alger\/#respond"]}]},{"@type":"WebPage","@id":"https:\/\/lasentinelle.dz\/index.php\/2026\/03\/14\/renouvellement-du-parc-de-bus-568-vehicules-receptionnes-a-alger\/","url":"https:\/\/lasentinelle.dz\/index.php\/2026\/03\/14\/renouvellement-du-parc-de-bus-568-vehicules-receptionnes-a-alger\/","name":"Renouvellement du parc de bus\u00a0: 568 v\u00e9hicules r\u00e9ceptionn\u00e9s \u00e0 Alger - La Sentinelle","isPartOf":{"@id":"https:\/\/lasentinelle.dz\/#website"},"primaryImageOfPage":{"@id":"https:\/\/lasentinelle.dz\/index.php\/2026\/03\/14\/renouvellement-du-parc-de-bus-568-vehicules-receptionnes-a-alger\/#primaryimage"},"image":{"@id":"https:\/\/lasentinelle.dz\/index.php\/2026\/03\/14\/renouvellement-du-parc-de-bus-568-vehicules-receptionnes-a-alger\/#primaryimage"},"thumbnailUrl":"https:\/\/lasentinelle.dz\/wp-content\/uploads\/2026\/02\/bus.webp","datePublished":"2026-03-14T19:05:15+00:00","dateModified":"2026-03-14T19:05:17+00:00","breadcrumb":{"@id":"https:\/\/lasentinelle.dz\/index.php\/2026\/03\/14\/renouvellement-du-parc-de-bus-568-vehicules-receptionnes-a-alger\/#breadcrumb"},"inLanguage":"fr-FR","potentialAction":[{"@type":"ReadAction","target":["https:\/\/lasentinelle.dz\/index.php\/2026\/03\/14\/renouvellement-du-parc-de-bus-568-vehicules-receptionnes-a-alger\/"]}]},{"@type":"ImageObject","inLanguage":"fr-FR","@id":"https:\/\/lasentinelle.dz\/index.php\/2026\/03\/14\/renouvellement-du-parc-de-bus-568-vehicules-receptionnes-a-alger\/#primaryimage","url":"https:\/\/lasentinelle.dz\/wp-content\/uploads\/2026\/02\/bus.webp","contentUrl":"https:\/\/lasentinelle.dz\/wp-content\/uploads\/2026\/02\/bus.webp","width":900,"height":675},{"@type":"BreadcrumbList","@id":"https:\/\/lasentinelle.dz\/index.php\/2026\/03\/14\/renouvellement-du-parc-de-bus-568-vehicules-receptionnes-a-alger\/#breadcrumb","itemListElement":[{"@type":"ListItem","position":1,"name":"Accueil","item":"https:\/\/lasentinelle.dz\/"},{"@type":"ListItem","position":2,"name":"Renouvellement du parc de bus\u00a0: 568 v\u00e9hicules r\u00e9ceptionn\u00e9s \u00e0 Alger"}]},{"@type":"WebSite","@id":"https:\/\/lasentinelle.dz\/#website","url":"https:\/\/lasentinelle.dz\/","name":"La Sentinelle","description":"Quotidien national d&#039;information","publisher":{"@id":"https:\/\/lasentinelle.dz\/#organization"},"potentialAction":[{"@type":"SearchAction","target":{"@type":"EntryPoint","urlTemplate":"https:\/\/lasentinelle.dz\/?s={search_term_string}"},"query-input":{"@type":"PropertyValueSpecification","valueRequired":true,"valueName":"search_term_string"}}],"inLanguage":"fr-FR"},{"@type":"Organization","@id":"https:\/\/lasentinelle.dz\/#organization","name":"Quotidien La Sentinelle","url":"https:\/\/lasentinelle.dz\/","logo":{"@type":"ImageObject","inLanguage":"fr-FR","@id":"https:\/\/lasentinelle.dz\/#\/schema\/logo\/image\/","url":"https:\/\/lasentinelle.dz\/wp-content\/uploads\/2021\/09\/logo-sentinelleSLOGAN-1.png","contentUrl":"https:\/\/lasentinelle.dz\/wp-content\/uploads\/2021\/09\/logo-sentinelleSLOGAN-1.png","width":615,"height":142,"caption":"Quotidien La Sentinelle"},"image":{"@id":"https:\/\/lasentinelle.dz\/#\/schema\/logo\/image\/"},"sameAs":["https:\/\/www.facebook.com\/La-Sentinelle-104059864394773"]},{"@type":"Person","@id":"https:\/\/lasentinelle.dz\/#\/schema\/person\/729ee0024f24e0b8c5ec17232f8e8b41","name":"admin","image":{"@type":"ImageObject","inLanguage":"fr-FR","@id":"https:\/\/secure.gravatar.com\/avatar\/4c81fed838786e9b53f540bf46533e750f5d292099ae3b66cfc6fb1982e29df7?s=96&d=mm&r=g","url":"https:\/\/secure.gravatar.com\/avatar\/4c81fed838786e9b53f540bf46533e750f5d292099ae3b66cfc6fb1982e29df7?s=96&d=mm&r=g","contentUrl":"https:\/\/secure.gravatar.com\/avatar\/4c81fed838786e9b53f540bf46533e750f5d292099ae3b66cfc6fb1982e29df7?s=96&d=mm&r=g","caption":"admin"},"description":"admin","url":"https:\/\/lasentinelle.dz\/author\/admin\/"}]}},"_links":{"self":[{"href":"https:\/\/lasentinelle.dz\/index.php\/wp-json\/wp\/v2\/posts\/83472","targetHints":{"allow":["GET"]}}],"collection":[{"href":"https:\/\/lasentinelle.dz\/index.php\/wp-json\/wp\/v2\/posts"}],"about":[{"href":"https:\/\/lasentinelle.dz\/index.php\/wp-json\/wp\/v2\/types\/post"}],"author":[{"embeddable":true,"href":"https:\/\/lasentinelle.dz\/index.php\/wp-json\/wp\/v2\/users\/6"}],"replies":[{"embeddable":true,"href":"https:\/\/lasentinelle.dz\/index.php\/wp-json\/wp\/v2\/comments?post=83472"}],"version-history":[{"count":1,"href":"https:\/\/lasentinelle.dz\/index.php\/wp-json\/wp\/v2\/posts\/83472\/revisions"}],"predecessor-version":[{"id":83473,"href":"https:\/\/lasentinelle.dz\/index.php\/wp-json\/wp\/v2\/posts\/83472\/revisions\/83473"}],"wp:featuredmedia":[{"embeddable":true,"href":"https:\/\/lasentinelle.dz\/index.php\/wp-json\/wp\/v2\/media\/80503"}],"wp:attachment":[{"href":"https:\/\/lasentinelle.dz\/index.php\/wp-json\/wp\/v2\/media?parent=83472"}],"wp:term":[{"taxonomy":"category","embeddable":true,"href":"https:\/\/lasentinelle.dz\/index.php\/wp-json\/wp\/v2\/categories?post=83472"},{"taxonomy":"post_tag","embeddable":true,"href":"https:\/\/lasentinelle.dz\/index.php\/wp-json\/wp\/v2\/tags?post=83472"}],"curies":[{"name":"wp","href":"https:\/\/api.w.org\/{rel}","templated":true}]}}