{"id":83476,"date":"2026-03-14T20:08:57","date_gmt":"2026-03-14T19:08:57","guid":{"rendered":"https:\/\/lasentinelle.dz\/?p=83476"},"modified":"2026-03-14T20:08:58","modified_gmt":"2026-03-14T19:08:58","slug":"convention-de-partenariat-entre-luniversite-de-constantine-et-le-musee-de-setif-renforcer-la-formation-en-archeologie-et-en-histoire","status":"publish","type":"post","link":"https:\/\/lasentinelle.dz\/index.php\/2026\/03\/14\/convention-de-partenariat-entre-luniversite-de-constantine-et-le-musee-de-setif-renforcer-la-formation-en-archeologie-et-en-histoire\/","title":{"rendered":"Convention de partenariat entre l\u2019universit\u00e9 de Constantine et le mus\u00e9e de S\u00e9tif\u00a0: Renforcer la formation en arch\u00e9ologie et en histoire"},"content":{"rendered":"\n<p>Une passerelle in\u00e9dite vient d&rsquo;\u00eatre jet\u00e9e entre le monde acad\u00e9mique et le patrimoine arch\u00e9ologique alg\u00e9rien. L&rsquo;universit\u00e9 Abdelhamid-Mehri de Constantine (Constantine 2) et le mus\u00e9e public national de S\u00e9tif ont sign\u00e9, samedi, une convention de partenariat destin\u00e9e \u00e0 rapprocher la formation universitaire du terrain culturel et scientifique, ouvrant ainsi de nouvelles perspectives pour les \u00e9tudiants en sciences humaines et sociales.<\/p>\n\n\n\n<p>L&rsquo;accord s&rsquo;inscrit dans une dynamique plus large de d\u00e9cloisonnement des institutions du savoir. Salah Ouili, vice-recteur charg\u00e9 des relations ext\u00e9rieures de l&rsquo;universit\u00e9 Constantine 2, a tenu \u00e0 en pr\u00e9ciser la philosophie : il s&rsquo;agit, selon lui, de \u00ab consolider les liens entre l&rsquo;universit\u00e9 et les institutions culturelles et scientifiques \u00bb en construisant un \u00ab pont de coop\u00e9ration sur le terrain au profit des \u00e9tudiants \u00bb. Au c\u0153ur du dispositif, le mus\u00e9e de S\u00e9tif jouera un r\u00f4le central. Il mettra \u00e0 la disposition des \u00e9tudiants un espace de travail et de formation pratique, leur permettant de compl\u00e9ter leur cursus th\u00e9orique par une immersion directe dans le quotidien d&rsquo;un \u00e9tablissement patrimonial de premier plan. Pour les fili\u00e8res d&rsquo;arch\u00e9ologie, d&rsquo;histoire ou d&rsquo;anthropologie, ce type d&rsquo;ancrage dans le r\u00e9el repr\u00e9sente une opportunit\u00e9 rare : celle de confronter les apprentissages de l&rsquo;amphith\u00e9\u00e2tre aux objets, aux collections, aux m\u00e9thodes et aux contraintes de la conservation et de la recherche appliqu\u00e9e. La convention pr\u00e9voit \u00e9galement un accompagnement des \u00e9tudiants dans la conduite de leurs travaux de fin d&rsquo;\u00e9tudes, stages et projets scientifiques. En int\u00e9grant le mus\u00e9e comme terrain d&rsquo;investigation l\u00e9gitime et encadr\u00e9, les deux institutions cherchent \u00e0 stimuler une recherche scientifique appliqu\u00e9e qui manque trop souvent de d\u00e9bouch\u00e9s institutionnels. L&rsquo;arch\u00e9ologie alg\u00e9rienne, riche d&rsquo;un sous-sol parmi les plus g\u00e9n\u00e9reux du bassin m\u00e9diterran\u00e9en, et l&rsquo;anthropologie d&rsquo;une soci\u00e9t\u00e9 aux multiples strates historiques, constituent des champs d&rsquo;investigation o\u00f9 le lien universit\u00e9-mus\u00e9e peut se r\u00e9v\u00e9ler particuli\u00e8rement f\u00e9cond.<\/p>\n\n\n\n<p>Ce partenariat entre Constantine et S\u00e9tif n&rsquo;est pas anodin. Les deux villes incarnent deux p\u00f4les majeurs de la m\u00e9moire et du savoir dans l&rsquo;Est alg\u00e9rien. S\u00e9tif, ancienne Sitifis romaine, abrite l&rsquo;un des mus\u00e9es les mieux dot\u00e9s du pays en mati\u00e8re d&rsquo;antiquit\u00e9s, tandis que Constantine concentre une tradition universitaire solide dans les sciences humaines.<\/p>\n\n\n\n<p>Mohand S.<\/p>\n","protected":false},"excerpt":{"rendered":"<p>Une passerelle in\u00e9dite vient d&rsquo;\u00eatre jet\u00e9e entre le monde acad\u00e9mique et le patrimoine arch\u00e9ologique alg\u00e9rien. L&rsquo;universit\u00e9 Abdelhamid-Mehri de Constantine (Constantine<\/p>\n","protected":false},"author":6,"featured_media":83477,"comment_status":"open","ping_status":"closed","sticky":false,"template":"","format":"standard","meta":{"colormag_page_container_layout":"default_layout","colormag_page_sidebar_layout":"default_layout","om_disable_all_campaigns":false,"_monsterinsights_skip_tracking":false,"_monsterinsights_sitenote_active":false,"_monsterinsights_sitenote_note":"","_monsterinsights_sitenote_category":0,"footnotes":"","_wpscppro_dont_share_socialmedia":false,"_wpscppro_custom_social_share_image":0,"_facebook_share_type":"default","_twitter_share_type":"default","_linkedin_share_type":"default","_pinterest_share_type":"default","_linkedin_share_type_page":"","_instagram_share_type":"default","_medium_share_type":"default","_threads_share_type":"default","_google_business_share_type":"default","_selected_social_profile":[],"_wpsp_enable_custom_social_template":false,"_wpsp_social_scheduling":{"enabled":false,"datetime":null,"platforms":[],"status":"template_only","dateOption":"today","timeOption":"now","customDays":"","customHours":"","customDate":"","customTime":"","schedulingType":"absolute"},"_wpsp_active_default_template":true},"categories":[36],"tags":[],"class_list":["post-83476","post","type-post","status-publish","format-standard","has-post-thumbnail","hentry","category-culture"],"aioseo_notices":[],"yoast_head":"<!-- This site is optimized with the Yoast SEO plugin v27.5 - https:\/\/yoast.com\/product\/yoast-seo-wordpress\/ -->\n<title>Convention de partenariat entre l\u2019universit\u00e9 de Constantine et le mus\u00e9e de S\u00e9tif\u00a0: Renforcer la formation en arch\u00e9ologie et en histoire - La Sentinelle<\/title>\n<meta name=\"robots\" content=\"index, follow, max-snippet:-1, max-image-preview:large, max-video-preview:-1\" \/>\n<link rel=\"canonical\" href=\"https:\/\/lasentinelle.dz\/index.php\/2026\/03\/14\/convention-de-partenariat-entre-luniversite-de-constantine-et-le-musee-de-setif-renforcer-la-formation-en-archeologie-et-en-histoire\/\" \/>\n<meta property=\"og:locale\" content=\"fr_FR\" \/>\n<meta property=\"og:type\" content=\"article\" \/>\n<meta property=\"og:title\" content=\"Convention de partenariat entre l\u2019universit\u00e9 de Constantine et le mus\u00e9e de S\u00e9tif\u00a0: Renforcer la formation en arch\u00e9ologie et en histoire - La Sentinelle\" \/>\n<meta property=\"og:description\" content=\"Une passerelle in\u00e9dite vient d&rsquo;\u00eatre jet\u00e9e entre le monde acad\u00e9mique et le patrimoine arch\u00e9ologique alg\u00e9rien. L&rsquo;universit\u00e9 Abdelhamid-Mehri de Constantine (Constantine\" \/>\n<meta property=\"og:url\" content=\"https:\/\/lasentinelle.dz\/index.php\/2026\/03\/14\/convention-de-partenariat-entre-luniversite-de-constantine-et-le-musee-de-setif-renforcer-la-formation-en-archeologie-et-en-histoire\/\" \/>\n<meta property=\"og:site_name\" content=\"La Sentinelle\" \/>\n<meta property=\"article:publisher\" content=\"https:\/\/www.facebook.com\/La-Sentinelle-104059864394773\" \/>\n<meta property=\"article:published_time\" content=\"2026-03-14T19:08:57+00:00\" \/>\n<meta property=\"article:modified_time\" content=\"2026-03-14T19:08:58+00:00\" \/>\n<meta property=\"og:image\" content=\"https:\/\/lasentinelle.dz\/wp-content\/uploads\/2026\/03\/musee-de-setif-scaled.jpg\" \/>\n\t<meta property=\"og:image:width\" content=\"2560\" \/>\n\t<meta property=\"og:image:height\" content=\"1701\" \/>\n\t<meta property=\"og:image:type\" content=\"image\/jpeg\" \/>\n<meta name=\"author\" content=\"admin\" \/>\n<meta name=\"twitter:card\" content=\"summary_large_image\" \/>\n<meta name=\"twitter:label1\" content=\"\u00c9crit par\" \/>\n\t<meta name=\"twitter:data1\" content=\"admin\" \/>\n\t<meta name=\"twitter:label2\" content=\"Dur\u00e9e de lecture estim\u00e9e\" \/>\n\t<meta name=\"twitter:data2\" content=\"2 minutes\" \/>\n<script type=\"application\/ld+json\" class=\"yoast-schema-graph\">{\"@context\":\"https:\\\/\\\/schema.org\",\"@graph\":[{\"@type\":\"Article\",\"@id\":\"https:\\\/\\\/lasentinelle.dz\\\/index.php\\\/2026\\\/03\\\/14\\\/convention-de-partenariat-entre-luniversite-de-constantine-et-le-musee-de-setif-renforcer-la-formation-en-archeologie-et-en-histoire\\\/#article\",\"isPartOf\":{\"@id\":\"https:\\\/\\\/lasentinelle.dz\\\/index.php\\\/2026\\\/03\\\/14\\\/convention-de-partenariat-entre-luniversite-de-constantine-et-le-musee-de-setif-renforcer-la-formation-en-archeologie-et-en-histoire\\\/\"},\"author\":{\"name\":\"admin\",\"@id\":\"https:\\\/\\\/lasentinelle.dz\\\/#\\\/schema\\\/person\\\/729ee0024f24e0b8c5ec17232f8e8b41\"},\"headline\":\"Convention de partenariat entre l\u2019universit\u00e9 de Constantine et le mus\u00e9e de S\u00e9tif\u00a0: Renforcer la formation en arch\u00e9ologie et en histoire\",\"datePublished\":\"2026-03-14T19:08:57+00:00\",\"dateModified\":\"2026-03-14T19:08:58+00:00\",\"mainEntityOfPage\":{\"@id\":\"https:\\\/\\\/lasentinelle.dz\\\/index.php\\\/2026\\\/03\\\/14\\\/convention-de-partenariat-entre-luniversite-de-constantine-et-le-musee-de-setif-renforcer-la-formation-en-archeologie-et-en-histoire\\\/\"},\"wordCount\":439,\"commentCount\":0,\"publisher\":{\"@id\":\"https:\\\/\\\/lasentinelle.dz\\\/#organization\"},\"image\":{\"@id\":\"https:\\\/\\\/lasentinelle.dz\\\/index.php\\\/2026\\\/03\\\/14\\\/convention-de-partenariat-entre-luniversite-de-constantine-et-le-musee-de-setif-renforcer-la-formation-en-archeologie-et-en-histoire\\\/#primaryimage\"},\"thumbnailUrl\":\"https:\\\/\\\/lasentinelle.dz\\\/wp-content\\\/uploads\\\/2026\\\/03\\\/musee-de-setif-scaled.jpg\",\"articleSection\":[\"Culture\"],\"inLanguage\":\"fr-FR\",\"potentialAction\":[{\"@type\":\"CommentAction\",\"name\":\"Comment\",\"target\":[\"https:\\\/\\\/lasentinelle.dz\\\/index.php\\\/2026\\\/03\\\/14\\\/convention-de-partenariat-entre-luniversite-de-constantine-et-le-musee-de-setif-renforcer-la-formation-en-archeologie-et-en-histoire\\\/#respond\"]}]},{\"@type\":\"WebPage\",\"@id\":\"https:\\\/\\\/lasentinelle.dz\\\/index.php\\\/2026\\\/03\\\/14\\\/convention-de-partenariat-entre-luniversite-de-constantine-et-le-musee-de-setif-renforcer-la-formation-en-archeologie-et-en-histoire\\\/\",\"url\":\"https:\\\/\\\/lasentinelle.dz\\\/index.php\\\/2026\\\/03\\\/14\\\/convention-de-partenariat-entre-luniversite-de-constantine-et-le-musee-de-setif-renforcer-la-formation-en-archeologie-et-en-histoire\\\/\",\"name\":\"Convention de partenariat entre l\u2019universit\u00e9 de Constantine et le mus\u00e9e de S\u00e9tif\u00a0: Renforcer la formation en arch\u00e9ologie et en histoire - La Sentinelle\",\"isPartOf\":{\"@id\":\"https:\\\/\\\/lasentinelle.dz\\\/#website\"},\"primaryImageOfPage\":{\"@id\":\"https:\\\/\\\/lasentinelle.dz\\\/index.php\\\/2026\\\/03\\\/14\\\/convention-de-partenariat-entre-luniversite-de-constantine-et-le-musee-de-setif-renforcer-la-formation-en-archeologie-et-en-histoire\\\/#primaryimage\"},\"image\":{\"@id\":\"https:\\\/\\\/lasentinelle.dz\\\/index.php\\\/2026\\\/03\\\/14\\\/convention-de-partenariat-entre-luniversite-de-constantine-et-le-musee-de-setif-renforcer-la-formation-en-archeologie-et-en-histoire\\\/#primaryimage\"},\"thumbnailUrl\":\"https:\\\/\\\/lasentinelle.dz\\\/wp-content\\\/uploads\\\/2026\\\/03\\\/musee-de-setif-scaled.jpg\",\"datePublished\":\"2026-03-14T19:08:57+00:00\",\"dateModified\":\"2026-03-14T19:08:58+00:00\",\"breadcrumb\":{\"@id\":\"https:\\\/\\\/lasentinelle.dz\\\/index.php\\\/2026\\\/03\\\/14\\\/convention-de-partenariat-entre-luniversite-de-constantine-et-le-musee-de-setif-renforcer-la-formation-en-archeologie-et-en-histoire\\\/#breadcrumb\"},\"inLanguage\":\"fr-FR\",\"potentialAction\":[{\"@type\":\"ReadAction\",\"target\":[\"https:\\\/\\\/lasentinelle.dz\\\/index.php\\\/2026\\\/03\\\/14\\\/convention-de-partenariat-entre-luniversite-de-constantine-et-le-musee-de-setif-renforcer-la-formation-en-archeologie-et-en-histoire\\\/\"]}]},{\"@type\":\"ImageObject\",\"inLanguage\":\"fr-FR\",\"@id\":\"https:\\\/\\\/lasentinelle.dz\\\/index.php\\\/2026\\\/03\\\/14\\\/convention-de-partenariat-entre-luniversite-de-constantine-et-le-musee-de-setif-renforcer-la-formation-en-archeologie-et-en-histoire\\\/#primaryimage\",\"url\":\"https:\\\/\\\/lasentinelle.dz\\\/wp-content\\\/uploads\\\/2026\\\/03\\\/musee-de-setif-scaled.jpg\",\"contentUrl\":\"https:\\\/\\\/lasentinelle.dz\\\/wp-content\\\/uploads\\\/2026\\\/03\\\/musee-de-setif-scaled.jpg\",\"width\":2560,\"height\":1701},{\"@type\":\"BreadcrumbList\",\"@id\":\"https:\\\/\\\/lasentinelle.dz\\\/index.php\\\/2026\\\/03\\\/14\\\/convention-de-partenariat-entre-luniversite-de-constantine-et-le-musee-de-setif-renforcer-la-formation-en-archeologie-et-en-histoire\\\/#breadcrumb\",\"itemListElement\":[{\"@type\":\"ListItem\",\"position\":1,\"name\":\"Accueil\",\"item\":\"https:\\\/\\\/lasentinelle.dz\\\/\"},{\"@type\":\"ListItem\",\"position\":2,\"name\":\"Convention de partenariat entre l\u2019universit\u00e9 de Constantine et le mus\u00e9e de S\u00e9tif\u00a0: Renforcer la formation en arch\u00e9ologie et en histoire\"}]},{\"@type\":\"WebSite\",\"@id\":\"https:\\\/\\\/lasentinelle.dz\\\/#website\",\"url\":\"https:\\\/\\\/lasentinelle.dz\\\/\",\"name\":\"La Sentinelle\",\"description\":\"Quotidien national d&#039;information\",\"publisher\":{\"@id\":\"https:\\\/\\\/lasentinelle.dz\\\/#organization\"},\"potentialAction\":[{\"@type\":\"SearchAction\",\"target\":{\"@type\":\"EntryPoint\",\"urlTemplate\":\"https:\\\/\\\/lasentinelle.dz\\\/?s={search_term_string}\"},\"query-input\":{\"@type\":\"PropertyValueSpecification\",\"valueRequired\":true,\"valueName\":\"search_term_string\"}}],\"inLanguage\":\"fr-FR\"},{\"@type\":\"Organization\",\"@id\":\"https:\\\/\\\/lasentinelle.dz\\\/#organization\",\"name\":\"Quotidien La Sentinelle\",\"url\":\"https:\\\/\\\/lasentinelle.dz\\\/\",\"logo\":{\"@type\":\"ImageObject\",\"inLanguage\":\"fr-FR\",\"@id\":\"https:\\\/\\\/lasentinelle.dz\\\/#\\\/schema\\\/logo\\\/image\\\/\",\"url\":\"https:\\\/\\\/lasentinelle.dz\\\/wp-content\\\/uploads\\\/2021\\\/09\\\/logo-sentinelleSLOGAN-1.png\",\"contentUrl\":\"https:\\\/\\\/lasentinelle.dz\\\/wp-content\\\/uploads\\\/2021\\\/09\\\/logo-sentinelleSLOGAN-1.png\",\"width\":615,\"height\":142,\"caption\":\"Quotidien La Sentinelle\"},\"image\":{\"@id\":\"https:\\\/\\\/lasentinelle.dz\\\/#\\\/schema\\\/logo\\\/image\\\/\"},\"sameAs\":[\"https:\\\/\\\/www.facebook.com\\\/La-Sentinelle-104059864394773\"]},{\"@type\":\"Person\",\"@id\":\"https:\\\/\\\/lasentinelle.dz\\\/#\\\/schema\\\/person\\\/729ee0024f24e0b8c5ec17232f8e8b41\",\"name\":\"admin\",\"image\":{\"@type\":\"ImageObject\",\"inLanguage\":\"fr-FR\",\"@id\":\"https:\\\/\\\/secure.gravatar.com\\\/avatar\\\/4c81fed838786e9b53f540bf46533e750f5d292099ae3b66cfc6fb1982e29df7?s=96&d=mm&r=g\",\"url\":\"https:\\\/\\\/secure.gravatar.com\\\/avatar\\\/4c81fed838786e9b53f540bf46533e750f5d292099ae3b66cfc6fb1982e29df7?s=96&d=mm&r=g\",\"contentUrl\":\"https:\\\/\\\/secure.gravatar.com\\\/avatar\\\/4c81fed838786e9b53f540bf46533e750f5d292099ae3b66cfc6fb1982e29df7?s=96&d=mm&r=g\",\"caption\":\"admin\"},\"description\":\"admin\",\"url\":\"https:\\\/\\\/lasentinelle.dz\\\/author\\\/admin\\\/\"}]}<\/script>\n<!-- \/ Yoast SEO plugin. -->","yoast_head_json":{"title":"Convention de partenariat entre l\u2019universit\u00e9 de Constantine et le mus\u00e9e de S\u00e9tif\u00a0: Renforcer la formation en arch\u00e9ologie et en histoire - La Sentinelle","robots":{"index":"index","follow":"follow","max-snippet":"max-snippet:-1","max-image-preview":"max-image-preview:large","max-video-preview":"max-video-preview:-1"},"canonical":"https:\/\/lasentinelle.dz\/index.php\/2026\/03\/14\/convention-de-partenariat-entre-luniversite-de-constantine-et-le-musee-de-setif-renforcer-la-formation-en-archeologie-et-en-histoire\/","og_locale":"fr_FR","og_type":"article","og_title":"Convention de partenariat entre l\u2019universit\u00e9 de Constantine et le mus\u00e9e de S\u00e9tif\u00a0: Renforcer la formation en arch\u00e9ologie et en histoire - La Sentinelle","og_description":"Une passerelle in\u00e9dite vient d&rsquo;\u00eatre jet\u00e9e entre le monde acad\u00e9mique et le patrimoine arch\u00e9ologique alg\u00e9rien. L&rsquo;universit\u00e9 Abdelhamid-Mehri de Constantine (Constantine","og_url":"https:\/\/lasentinelle.dz\/index.php\/2026\/03\/14\/convention-de-partenariat-entre-luniversite-de-constantine-et-le-musee-de-setif-renforcer-la-formation-en-archeologie-et-en-histoire\/","og_site_name":"La Sentinelle","article_publisher":"https:\/\/www.facebook.com\/La-Sentinelle-104059864394773","article_published_time":"2026-03-14T19:08:57+00:00","article_modified_time":"2026-03-14T19:08:58+00:00","og_image":[{"width":2560,"height":1701,"url":"https:\/\/lasentinelle.dz\/wp-content\/uploads\/2026\/03\/musee-de-setif-scaled.jpg","type":"image\/jpeg"}],"author":"admin","twitter_card":"summary_large_image","twitter_misc":{"\u00c9crit par":"admin","Dur\u00e9e de lecture estim\u00e9e":"2 minutes"},"schema":{"@context":"https:\/\/schema.org","@graph":[{"@type":"Article","@id":"https:\/\/lasentinelle.dz\/index.php\/2026\/03\/14\/convention-de-partenariat-entre-luniversite-de-constantine-et-le-musee-de-setif-renforcer-la-formation-en-archeologie-et-en-histoire\/#article","isPartOf":{"@id":"https:\/\/lasentinelle.dz\/index.php\/2026\/03\/14\/convention-de-partenariat-entre-luniversite-de-constantine-et-le-musee-de-setif-renforcer-la-formation-en-archeologie-et-en-histoire\/"},"author":{"name":"admin","@id":"https:\/\/lasentinelle.dz\/#\/schema\/person\/729ee0024f24e0b8c5ec17232f8e8b41"},"headline":"Convention de partenariat entre l\u2019universit\u00e9 de Constantine et le mus\u00e9e de S\u00e9tif\u00a0: Renforcer la formation en arch\u00e9ologie et en histoire","datePublished":"2026-03-14T19:08:57+00:00","dateModified":"2026-03-14T19:08:58+00:00","mainEntityOfPage":{"@id":"https:\/\/lasentinelle.dz\/index.php\/2026\/03\/14\/convention-de-partenariat-entre-luniversite-de-constantine-et-le-musee-de-setif-renforcer-la-formation-en-archeologie-et-en-histoire\/"},"wordCount":439,"commentCount":0,"publisher":{"@id":"https:\/\/lasentinelle.dz\/#organization"},"image":{"@id":"https:\/\/lasentinelle.dz\/index.php\/2026\/03\/14\/convention-de-partenariat-entre-luniversite-de-constantine-et-le-musee-de-setif-renforcer-la-formation-en-archeologie-et-en-histoire\/#primaryimage"},"thumbnailUrl":"https:\/\/lasentinelle.dz\/wp-content\/uploads\/2026\/03\/musee-de-setif-scaled.jpg","articleSection":["Culture"],"inLanguage":"fr-FR","potentialAction":[{"@type":"CommentAction","name":"Comment","target":["https:\/\/lasentinelle.dz\/index.php\/2026\/03\/14\/convention-de-partenariat-entre-luniversite-de-constantine-et-le-musee-de-setif-renforcer-la-formation-en-archeologie-et-en-histoire\/#respond"]}]},{"@type":"WebPage","@id":"https:\/\/lasentinelle.dz\/index.php\/2026\/03\/14\/convention-de-partenariat-entre-luniversite-de-constantine-et-le-musee-de-setif-renforcer-la-formation-en-archeologie-et-en-histoire\/","url":"https:\/\/lasentinelle.dz\/index.php\/2026\/03\/14\/convention-de-partenariat-entre-luniversite-de-constantine-et-le-musee-de-setif-renforcer-la-formation-en-archeologie-et-en-histoire\/","name":"Convention de partenariat entre l\u2019universit\u00e9 de Constantine et le mus\u00e9e de S\u00e9tif\u00a0: Renforcer la formation en arch\u00e9ologie et en histoire - La Sentinelle","isPartOf":{"@id":"https:\/\/lasentinelle.dz\/#website"},"primaryImageOfPage":{"@id":"https:\/\/lasentinelle.dz\/index.php\/2026\/03\/14\/convention-de-partenariat-entre-luniversite-de-constantine-et-le-musee-de-setif-renforcer-la-formation-en-archeologie-et-en-histoire\/#primaryimage"},"image":{"@id":"https:\/\/lasentinelle.dz\/index.php\/2026\/03\/14\/convention-de-partenariat-entre-luniversite-de-constantine-et-le-musee-de-setif-renforcer-la-formation-en-archeologie-et-en-histoire\/#primaryimage"},"thumbnailUrl":"https:\/\/lasentinelle.dz\/wp-content\/uploads\/2026\/03\/musee-de-setif-scaled.jpg","datePublished":"2026-03-14T19:08:57+00:00","dateModified":"2026-03-14T19:08:58+00:00","breadcrumb":{"@id":"https:\/\/lasentinelle.dz\/index.php\/2026\/03\/14\/convention-de-partenariat-entre-luniversite-de-constantine-et-le-musee-de-setif-renforcer-la-formation-en-archeologie-et-en-histoire\/#breadcrumb"},"inLanguage":"fr-FR","potentialAction":[{"@type":"ReadAction","target":["https:\/\/lasentinelle.dz\/index.php\/2026\/03\/14\/convention-de-partenariat-entre-luniversite-de-constantine-et-le-musee-de-setif-renforcer-la-formation-en-archeologie-et-en-histoire\/"]}]},{"@type":"ImageObject","inLanguage":"fr-FR","@id":"https:\/\/lasentinelle.dz\/index.php\/2026\/03\/14\/convention-de-partenariat-entre-luniversite-de-constantine-et-le-musee-de-setif-renforcer-la-formation-en-archeologie-et-en-histoire\/#primaryimage","url":"https:\/\/lasentinelle.dz\/wp-content\/uploads\/2026\/03\/musee-de-setif-scaled.jpg","contentUrl":"https:\/\/lasentinelle.dz\/wp-content\/uploads\/2026\/03\/musee-de-setif-scaled.jpg","width":2560,"height":1701},{"@type":"BreadcrumbList","@id":"https:\/\/lasentinelle.dz\/index.php\/2026\/03\/14\/convention-de-partenariat-entre-luniversite-de-constantine-et-le-musee-de-setif-renforcer-la-formation-en-archeologie-et-en-histoire\/#breadcrumb","itemListElement":[{"@type":"ListItem","position":1,"name":"Accueil","item":"https:\/\/lasentinelle.dz\/"},{"@type":"ListItem","position":2,"name":"Convention de partenariat entre l\u2019universit\u00e9 de Constantine et le mus\u00e9e de S\u00e9tif\u00a0: Renforcer la formation en arch\u00e9ologie et en histoire"}]},{"@type":"WebSite","@id":"https:\/\/lasentinelle.dz\/#website","url":"https:\/\/lasentinelle.dz\/","name":"La Sentinelle","description":"Quotidien national d&#039;information","publisher":{"@id":"https:\/\/lasentinelle.dz\/#organization"},"potentialAction":[{"@type":"SearchAction","target":{"@type":"EntryPoint","urlTemplate":"https:\/\/lasentinelle.dz\/?s={search_term_string}"},"query-input":{"@type":"PropertyValueSpecification","valueRequired":true,"valueName":"search_term_string"}}],"inLanguage":"fr-FR"},{"@type":"Organization","@id":"https:\/\/lasentinelle.dz\/#organization","name":"Quotidien La Sentinelle","url":"https:\/\/lasentinelle.dz\/","logo":{"@type":"ImageObject","inLanguage":"fr-FR","@id":"https:\/\/lasentinelle.dz\/#\/schema\/logo\/image\/","url":"https:\/\/lasentinelle.dz\/wp-content\/uploads\/2021\/09\/logo-sentinelleSLOGAN-1.png","contentUrl":"https:\/\/lasentinelle.dz\/wp-content\/uploads\/2021\/09\/logo-sentinelleSLOGAN-1.png","width":615,"height":142,"caption":"Quotidien La Sentinelle"},"image":{"@id":"https:\/\/lasentinelle.dz\/#\/schema\/logo\/image\/"},"sameAs":["https:\/\/www.facebook.com\/La-Sentinelle-104059864394773"]},{"@type":"Person","@id":"https:\/\/lasentinelle.dz\/#\/schema\/person\/729ee0024f24e0b8c5ec17232f8e8b41","name":"admin","image":{"@type":"ImageObject","inLanguage":"fr-FR","@id":"https:\/\/secure.gravatar.com\/avatar\/4c81fed838786e9b53f540bf46533e750f5d292099ae3b66cfc6fb1982e29df7?s=96&d=mm&r=g","url":"https:\/\/secure.gravatar.com\/avatar\/4c81fed838786e9b53f540bf46533e750f5d292099ae3b66cfc6fb1982e29df7?s=96&d=mm&r=g","contentUrl":"https:\/\/secure.gravatar.com\/avatar\/4c81fed838786e9b53f540bf46533e750f5d292099ae3b66cfc6fb1982e29df7?s=96&d=mm&r=g","caption":"admin"},"description":"admin","url":"https:\/\/lasentinelle.dz\/author\/admin\/"}]}},"_links":{"self":[{"href":"https:\/\/lasentinelle.dz\/index.php\/wp-json\/wp\/v2\/posts\/83476","targetHints":{"allow":["GET"]}}],"collection":[{"href":"https:\/\/lasentinelle.dz\/index.php\/wp-json\/wp\/v2\/posts"}],"about":[{"href":"https:\/\/lasentinelle.dz\/index.php\/wp-json\/wp\/v2\/types\/post"}],"author":[{"embeddable":true,"href":"https:\/\/lasentinelle.dz\/index.php\/wp-json\/wp\/v2\/users\/6"}],"replies":[{"embeddable":true,"href":"https:\/\/lasentinelle.dz\/index.php\/wp-json\/wp\/v2\/comments?post=83476"}],"version-history":[{"count":1,"href":"https:\/\/lasentinelle.dz\/index.php\/wp-json\/wp\/v2\/posts\/83476\/revisions"}],"predecessor-version":[{"id":83478,"href":"https:\/\/lasentinelle.dz\/index.php\/wp-json\/wp\/v2\/posts\/83476\/revisions\/83478"}],"wp:featuredmedia":[{"embeddable":true,"href":"https:\/\/lasentinelle.dz\/index.php\/wp-json\/wp\/v2\/media\/83477"}],"wp:attachment":[{"href":"https:\/\/lasentinelle.dz\/index.php\/wp-json\/wp\/v2\/media?parent=83476"}],"wp:term":[{"taxonomy":"category","embeddable":true,"href":"https:\/\/lasentinelle.dz\/index.php\/wp-json\/wp\/v2\/categories?post=83476"},{"taxonomy":"post_tag","embeddable":true,"href":"https:\/\/lasentinelle.dz\/index.php\/wp-json\/wp\/v2\/tags?post=83476"}],"curies":[{"name":"wp","href":"https:\/\/api.w.org\/{rel}","templated":true}]}}