{"id":83479,"date":"2026-03-14T20:09:44","date_gmt":"2026-03-14T19:09:44","guid":{"rendered":"https:\/\/lasentinelle.dz\/?p=83479"},"modified":"2026-03-14T20:09:45","modified_gmt":"2026-03-14T19:09:45","slug":"15e-edition-de-taj-el-coran-les-laureats-distingues","status":"publish","type":"post","link":"https:\/\/lasentinelle.dz\/index.php\/2026\/03\/14\/15e-edition-de-taj-el-coran-les-laureats-distingues\/","title":{"rendered":"15e \u00e9dition de Taj El Coran\u00a0: Les laur\u00e9ats distingu\u00e9s"},"content":{"rendered":"\n<p>La grande salle du Centre international de conf\u00e9rences Abdelatif-Rahal d&rsquo;Alger s&rsquo;est illumin\u00e9e, vendredi soir, au rythme des r\u00e9citations coraniques les plus accomplies du pays.<\/p>\n\n\n\n<p>La quinzi\u00e8me \u00e9dition du concours \u00ab Taj El Coran \u00bb, organis\u00e9e par la cha\u00eene TV Coran, s&rsquo;est conclue par une c\u00e9r\u00e9monie de remise des prix rassemblant hauts responsables de l&rsquo;\u00c9tat, membres du gouvernement et repr\u00e9sentants des grandes instances nationales, dans une atmosph\u00e8re marqu\u00e9e par la solennit\u00e9 et la fiert\u00e9. C\u00f4t\u00e9 palmar\u00e8s, c&rsquo;est la ville de Tiaret qui s&rsquo;est illustr\u00e9e en cat\u00e9gorie masculine avec le r\u00e9citant Abderrahmane Taouch, sacr\u00e9 grand laur\u00e9at de cette \u00e9dition. Il est suivi de Mohamed El Habib Zerouati, repr\u00e9sentant la capitale, et de Fatah Bayou, originaire de Tissemsilt, class\u00e9 troisi\u00e8me. Du c\u00f4t\u00e9 f\u00e9minin, c&rsquo;est Tlemcen qui a d\u00e9croch\u00e9 la premi\u00e8re place gr\u00e2ce \u00e0 Nour El-Imane Aissani, devant Asma Beltas de Jijel et Nour El Houda Midoune d&rsquo;Oran. Un podium qui refl\u00e8te, une fois de plus, la vitalit\u00e9 et la diversit\u00e9 g\u00e9ographique de l&rsquo;enseignement coranique \u00e0 travers le territoire national.<\/p>\n\n\n\n<p>L&rsquo;\u00e9dition de cette ann\u00e9e s&rsquo;est distingu\u00e9e par un ancrage international renforc\u00e9, avec la participation de r\u00e9citants venus de l&rsquo;\u00e9tranger. Le ministre des Affaires religieuses et des Wakfs, Youcef Belmehdi, s&rsquo;en est f\u00e9licit\u00e9 en marge de la c\u00e9r\u00e9monie, y voyant le signe d&rsquo;une mont\u00e9e en puissance de la comp\u00e9tition. Selon lui, le concours contribue \u00e0 \u00ab mettre en valeur les efforts de l&rsquo;Alg\u00e9rie au service du Saint Coran, \u00e0 travers les diff\u00e9rentes comp\u00e9titions et \u00e9missions qui forment des \u00e9l\u00e8ves et des \u00e9tudiants dans ce domaine pour en faire des symboles tant au niveau national qu&rsquo;international \u00bb. Une ambition de rayonnement que le ministre a directement reli\u00e9e \u00e0 l&rsquo;engagement pr\u00e9sidentiel, soulignant que l&rsquo;enseignement coranique en Alg\u00e9rie \u00ab progresse avec succ\u00e8s \u00bb gr\u00e2ce \u00e0 \u00ab l&rsquo;int\u00e9r\u00eat particulier et au soutien du pr\u00e9sident de la R\u00e9publique, Abdelmadjid Tebboune \u00bb.<\/p>\n\n\n\n<p>Parmi les moments forts de la soir\u00e9e, la distinction de huffaz issus de la cat\u00e9gorie des personnes \u00e0 besoins sp\u00e9cifiques a particuli\u00e8rement \u00e9mu l&rsquo;assistance. Cette initiative, conduite en coordination avec le minist\u00e8re de la Solidarit\u00e9 nationale, a \u00e9t\u00e9 salu\u00e9e par Youcef Belmehdi, qui a insist\u00e9 sur sa port\u00e9e humaine et symbolique : une fa\u00e7on, selon ses mots, d&rsquo;\u00ab apporter de la joie \u00e0 cette cat\u00e9gorie qui jouit d&rsquo;une grande attention aupr\u00e8s du pr\u00e9sident de la R\u00e9publique \u00bb. A leur tour, les participants \u00e0 cette \u00e9dition ont exprim\u00e9 leur joie d&rsquo;avoir remport\u00e9 cette comp\u00e9tition religieuse \u00e0 dimension internationale, \u00e0 laquelle le pr\u00e9sident de la R\u00e9publique accorde une attention particuli\u00e8re, \u00e0 travers l&rsquo;encouragement et l&rsquo;incitation \u00e0 la m\u00e9morisation, la r\u00e9citation et la psalmodie du Saint Coran, dans le but d&rsquo;ancrer les valeurs religieuses et morales au sein de la soci\u00e9t\u00e9, en sus de soutenir les diff\u00e9rentes comp\u00e9titions et initiatives coraniques et de leur fournir les moyens n\u00e9cessaires \u00e0 leur r\u00e9ussite, ce qui contribue \u00e0 renforcer la place de la parole d&rsquo;Allah dans le c\u0153ur des jeunes et \u00e0 b\u00e2tir une soci\u00e9t\u00e9 impr\u00e9gn\u00e9e de ses valeurs de tol\u00e9rance et de ses nobles pr\u00e9ceptes et enseignements.<\/p>\n\n\n\n<p>Depuis quinze ans, \u00ab Taj El Coran \u00bb s&rsquo;est impos\u00e9 comme l&rsquo;un des rendez-vous culturels et spirituels les plus attendus du mois de Ramadhan. Au-del\u00e0 de la comp\u00e9tition, le concours incarne une politique volontariste de transmission et de valorisation du patrimoine islamique, en faisant \u00e9merger chaque ann\u00e9e de nouvelles voix appel\u00e9es \u00e0 porter, bien au-del\u00e0 des fronti\u00e8res alg\u00e9riennes, l&rsquo;art mill\u00e9naire de la r\u00e9citation du Saint Coran. Cette c\u00e9r\u00e9monie s&rsquo;est d\u00e9roul\u00e9e en pr\u00e9sence du pr\u00e9sident de l&rsquo;Assembl\u00e9e populaire nationale (APN), M. Brahim Boughali, du conseiller aupr\u00e8s du pr\u00e9sident de la R\u00e9publique charg\u00e9 de la Direction g\u00e9n\u00e9rale de la communication, M. Kamal Sidi Said, du conseiller aupr\u00e8s du pr\u00e9sident de la R\u00e9publique charg\u00e9 des Affaires religieuses, des zaou\u00efas et des \u00e9coles coraniques, M. Mohamed Hassouni, du ministre de la Communication, M. Zoheir Bouamama, de la ministre de la Solidarit\u00e9 nationale, de la Famille et de la Condition de la femme, Mme Soraya Mouloudji, du recteur de Djama\u00e2 El-Djaza\u00efr, cheikh Mohamed Ma\u00e2moun Al Kacimi Al Hoceini, et du pr\u00e9sident du Haut conseil islamique (HCI), M. Mabrouk Zaid El Khair, en sus de repr\u00e9sentants de diff\u00e9rents secteurs et instances nationales.<\/p>\n\n\n\n<p>Mohand Seghir<\/p>\n","protected":false},"excerpt":{"rendered":"<p>La grande salle du Centre international de conf\u00e9rences Abdelatif-Rahal d&rsquo;Alger s&rsquo;est illumin\u00e9e, vendredi soir, au rythme des r\u00e9citations coraniques les<\/p>\n","protected":false},"author":6,"featured_media":83480,"comment_status":"open","ping_status":"closed","sticky":false,"template":"","format":"standard","meta":{"colormag_page_container_layout":"default_layout","colormag_page_sidebar_layout":"default_layout","om_disable_all_campaigns":false,"_monsterinsights_skip_tracking":false,"_monsterinsights_sitenote_active":false,"_monsterinsights_sitenote_note":"","_monsterinsights_sitenote_category":0,"footnotes":"","_wpscppro_dont_share_socialmedia":false,"_wpscppro_custom_social_share_image":0,"_facebook_share_type":"default","_twitter_share_type":"default","_linkedin_share_type":"default","_pinterest_share_type":"default","_linkedin_share_type_page":"","_instagram_share_type":"default","_medium_share_type":"default","_threads_share_type":"default","_google_business_share_type":"default","_selected_social_profile":[],"_wpsp_enable_custom_social_template":false,"_wpsp_social_scheduling":{"enabled":false,"datetime":null,"platforms":[],"status":"template_only","dateOption":"today","timeOption":"now","customDays":"","customHours":"","customDate":"","customTime":"","schedulingType":"absolute"},"_wpsp_active_default_template":true},"categories":[36],"tags":[],"class_list":["post-83479","post","type-post","status-publish","format-standard","has-post-thumbnail","hentry","category-culture"],"aioseo_notices":[],"yoast_head":"<!-- This site is optimized with the Yoast SEO plugin v27.5 - https:\/\/yoast.com\/product\/yoast-seo-wordpress\/ -->\n<title>15e \u00e9dition de Taj El Coran\u00a0: Les laur\u00e9ats distingu\u00e9s - La Sentinelle<\/title>\n<meta name=\"robots\" content=\"index, follow, max-snippet:-1, max-image-preview:large, max-video-preview:-1\" \/>\n<link rel=\"canonical\" href=\"https:\/\/lasentinelle.dz\/index.php\/2026\/03\/14\/15e-edition-de-taj-el-coran-les-laureats-distingues\/\" \/>\n<meta property=\"og:locale\" content=\"fr_FR\" \/>\n<meta property=\"og:type\" content=\"article\" \/>\n<meta property=\"og:title\" content=\"15e \u00e9dition de Taj El Coran\u00a0: Les laur\u00e9ats distingu\u00e9s - La Sentinelle\" \/>\n<meta property=\"og:description\" content=\"La grande salle du Centre international de conf\u00e9rences Abdelatif-Rahal d&rsquo;Alger s&rsquo;est illumin\u00e9e, vendredi soir, au rythme des r\u00e9citations coraniques les\" \/>\n<meta property=\"og:url\" content=\"https:\/\/lasentinelle.dz\/index.php\/2026\/03\/14\/15e-edition-de-taj-el-coran-les-laureats-distingues\/\" \/>\n<meta property=\"og:site_name\" content=\"La Sentinelle\" \/>\n<meta property=\"article:publisher\" content=\"https:\/\/www.facebook.com\/La-Sentinelle-104059864394773\" \/>\n<meta property=\"article:published_time\" content=\"2026-03-14T19:09:44+00:00\" \/>\n<meta property=\"article:modified_time\" content=\"2026-03-14T19:09:45+00:00\" \/>\n<meta property=\"og:image\" content=\"https:\/\/lasentinelle.dz\/wp-content\/uploads\/2026\/03\/Taj.webp\" \/>\n\t<meta property=\"og:image:width\" content=\"1400\" \/>\n\t<meta property=\"og:image:height\" content=\"1050\" \/>\n\t<meta property=\"og:image:type\" content=\"image\/webp\" \/>\n<meta name=\"author\" content=\"admin\" \/>\n<meta name=\"twitter:card\" content=\"summary_large_image\" \/>\n<meta name=\"twitter:label1\" content=\"\u00c9crit par\" \/>\n\t<meta name=\"twitter:data1\" content=\"admin\" \/>\n\t<meta name=\"twitter:label2\" content=\"Dur\u00e9e de lecture estim\u00e9e\" \/>\n\t<meta name=\"twitter:data2\" content=\"4 minutes\" \/>\n<script type=\"application\/ld+json\" class=\"yoast-schema-graph\">{\"@context\":\"https:\\\/\\\/schema.org\",\"@graph\":[{\"@type\":\"Article\",\"@id\":\"https:\\\/\\\/lasentinelle.dz\\\/index.php\\\/2026\\\/03\\\/14\\\/15e-edition-de-taj-el-coran-les-laureats-distingues\\\/#article\",\"isPartOf\":{\"@id\":\"https:\\\/\\\/lasentinelle.dz\\\/index.php\\\/2026\\\/03\\\/14\\\/15e-edition-de-taj-el-coran-les-laureats-distingues\\\/\"},\"author\":{\"name\":\"admin\",\"@id\":\"https:\\\/\\\/lasentinelle.dz\\\/#\\\/schema\\\/person\\\/729ee0024f24e0b8c5ec17232f8e8b41\"},\"headline\":\"15e \u00e9dition de Taj El Coran\u00a0: Les laur\u00e9ats distingu\u00e9s\",\"datePublished\":\"2026-03-14T19:09:44+00:00\",\"dateModified\":\"2026-03-14T19:09:45+00:00\",\"mainEntityOfPage\":{\"@id\":\"https:\\\/\\\/lasentinelle.dz\\\/index.php\\\/2026\\\/03\\\/14\\\/15e-edition-de-taj-el-coran-les-laureats-distingues\\\/\"},\"wordCount\":799,\"commentCount\":0,\"publisher\":{\"@id\":\"https:\\\/\\\/lasentinelle.dz\\\/#organization\"},\"image\":{\"@id\":\"https:\\\/\\\/lasentinelle.dz\\\/index.php\\\/2026\\\/03\\\/14\\\/15e-edition-de-taj-el-coran-les-laureats-distingues\\\/#primaryimage\"},\"thumbnailUrl\":\"https:\\\/\\\/lasentinelle.dz\\\/wp-content\\\/uploads\\\/2026\\\/03\\\/Taj.webp\",\"articleSection\":[\"Culture\"],\"inLanguage\":\"fr-FR\",\"potentialAction\":[{\"@type\":\"CommentAction\",\"name\":\"Comment\",\"target\":[\"https:\\\/\\\/lasentinelle.dz\\\/index.php\\\/2026\\\/03\\\/14\\\/15e-edition-de-taj-el-coran-les-laureats-distingues\\\/#respond\"]}]},{\"@type\":\"WebPage\",\"@id\":\"https:\\\/\\\/lasentinelle.dz\\\/index.php\\\/2026\\\/03\\\/14\\\/15e-edition-de-taj-el-coran-les-laureats-distingues\\\/\",\"url\":\"https:\\\/\\\/lasentinelle.dz\\\/index.php\\\/2026\\\/03\\\/14\\\/15e-edition-de-taj-el-coran-les-laureats-distingues\\\/\",\"name\":\"15e \u00e9dition de Taj El Coran\u00a0: Les laur\u00e9ats distingu\u00e9s - La Sentinelle\",\"isPartOf\":{\"@id\":\"https:\\\/\\\/lasentinelle.dz\\\/#website\"},\"primaryImageOfPage\":{\"@id\":\"https:\\\/\\\/lasentinelle.dz\\\/index.php\\\/2026\\\/03\\\/14\\\/15e-edition-de-taj-el-coran-les-laureats-distingues\\\/#primaryimage\"},\"image\":{\"@id\":\"https:\\\/\\\/lasentinelle.dz\\\/index.php\\\/2026\\\/03\\\/14\\\/15e-edition-de-taj-el-coran-les-laureats-distingues\\\/#primaryimage\"},\"thumbnailUrl\":\"https:\\\/\\\/lasentinelle.dz\\\/wp-content\\\/uploads\\\/2026\\\/03\\\/Taj.webp\",\"datePublished\":\"2026-03-14T19:09:44+00:00\",\"dateModified\":\"2026-03-14T19:09:45+00:00\",\"breadcrumb\":{\"@id\":\"https:\\\/\\\/lasentinelle.dz\\\/index.php\\\/2026\\\/03\\\/14\\\/15e-edition-de-taj-el-coran-les-laureats-distingues\\\/#breadcrumb\"},\"inLanguage\":\"fr-FR\",\"potentialAction\":[{\"@type\":\"ReadAction\",\"target\":[\"https:\\\/\\\/lasentinelle.dz\\\/index.php\\\/2026\\\/03\\\/14\\\/15e-edition-de-taj-el-coran-les-laureats-distingues\\\/\"]}]},{\"@type\":\"ImageObject\",\"inLanguage\":\"fr-FR\",\"@id\":\"https:\\\/\\\/lasentinelle.dz\\\/index.php\\\/2026\\\/03\\\/14\\\/15e-edition-de-taj-el-coran-les-laureats-distingues\\\/#primaryimage\",\"url\":\"https:\\\/\\\/lasentinelle.dz\\\/wp-content\\\/uploads\\\/2026\\\/03\\\/Taj.webp\",\"contentUrl\":\"https:\\\/\\\/lasentinelle.dz\\\/wp-content\\\/uploads\\\/2026\\\/03\\\/Taj.webp\",\"width\":1400,\"height\":1050},{\"@type\":\"BreadcrumbList\",\"@id\":\"https:\\\/\\\/lasentinelle.dz\\\/index.php\\\/2026\\\/03\\\/14\\\/15e-edition-de-taj-el-coran-les-laureats-distingues\\\/#breadcrumb\",\"itemListElement\":[{\"@type\":\"ListItem\",\"position\":1,\"name\":\"Accueil\",\"item\":\"https:\\\/\\\/lasentinelle.dz\\\/\"},{\"@type\":\"ListItem\",\"position\":2,\"name\":\"15e \u00e9dition de Taj El Coran\u00a0: Les laur\u00e9ats distingu\u00e9s\"}]},{\"@type\":\"WebSite\",\"@id\":\"https:\\\/\\\/lasentinelle.dz\\\/#website\",\"url\":\"https:\\\/\\\/lasentinelle.dz\\\/\",\"name\":\"La Sentinelle\",\"description\":\"Quotidien national d&#039;information\",\"publisher\":{\"@id\":\"https:\\\/\\\/lasentinelle.dz\\\/#organization\"},\"potentialAction\":[{\"@type\":\"SearchAction\",\"target\":{\"@type\":\"EntryPoint\",\"urlTemplate\":\"https:\\\/\\\/lasentinelle.dz\\\/?s={search_term_string}\"},\"query-input\":{\"@type\":\"PropertyValueSpecification\",\"valueRequired\":true,\"valueName\":\"search_term_string\"}}],\"inLanguage\":\"fr-FR\"},{\"@type\":\"Organization\",\"@id\":\"https:\\\/\\\/lasentinelle.dz\\\/#organization\",\"name\":\"Quotidien La Sentinelle\",\"url\":\"https:\\\/\\\/lasentinelle.dz\\\/\",\"logo\":{\"@type\":\"ImageObject\",\"inLanguage\":\"fr-FR\",\"@id\":\"https:\\\/\\\/lasentinelle.dz\\\/#\\\/schema\\\/logo\\\/image\\\/\",\"url\":\"https:\\\/\\\/lasentinelle.dz\\\/wp-content\\\/uploads\\\/2021\\\/09\\\/logo-sentinelleSLOGAN-1.png\",\"contentUrl\":\"https:\\\/\\\/lasentinelle.dz\\\/wp-content\\\/uploads\\\/2021\\\/09\\\/logo-sentinelleSLOGAN-1.png\",\"width\":615,\"height\":142,\"caption\":\"Quotidien La Sentinelle\"},\"image\":{\"@id\":\"https:\\\/\\\/lasentinelle.dz\\\/#\\\/schema\\\/logo\\\/image\\\/\"},\"sameAs\":[\"https:\\\/\\\/www.facebook.com\\\/La-Sentinelle-104059864394773\"]},{\"@type\":\"Person\",\"@id\":\"https:\\\/\\\/lasentinelle.dz\\\/#\\\/schema\\\/person\\\/729ee0024f24e0b8c5ec17232f8e8b41\",\"name\":\"admin\",\"image\":{\"@type\":\"ImageObject\",\"inLanguage\":\"fr-FR\",\"@id\":\"https:\\\/\\\/secure.gravatar.com\\\/avatar\\\/4c81fed838786e9b53f540bf46533e750f5d292099ae3b66cfc6fb1982e29df7?s=96&d=mm&r=g\",\"url\":\"https:\\\/\\\/secure.gravatar.com\\\/avatar\\\/4c81fed838786e9b53f540bf46533e750f5d292099ae3b66cfc6fb1982e29df7?s=96&d=mm&r=g\",\"contentUrl\":\"https:\\\/\\\/secure.gravatar.com\\\/avatar\\\/4c81fed838786e9b53f540bf46533e750f5d292099ae3b66cfc6fb1982e29df7?s=96&d=mm&r=g\",\"caption\":\"admin\"},\"description\":\"admin\",\"url\":\"https:\\\/\\\/lasentinelle.dz\\\/author\\\/admin\\\/\"}]}<\/script>\n<!-- \/ Yoast SEO plugin. -->","yoast_head_json":{"title":"15e \u00e9dition de Taj El Coran\u00a0: Les laur\u00e9ats distingu\u00e9s - La Sentinelle","robots":{"index":"index","follow":"follow","max-snippet":"max-snippet:-1","max-image-preview":"max-image-preview:large","max-video-preview":"max-video-preview:-1"},"canonical":"https:\/\/lasentinelle.dz\/index.php\/2026\/03\/14\/15e-edition-de-taj-el-coran-les-laureats-distingues\/","og_locale":"fr_FR","og_type":"article","og_title":"15e \u00e9dition de Taj El Coran\u00a0: Les laur\u00e9ats distingu\u00e9s - La Sentinelle","og_description":"La grande salle du Centre international de conf\u00e9rences Abdelatif-Rahal d&rsquo;Alger s&rsquo;est illumin\u00e9e, vendredi soir, au rythme des r\u00e9citations coraniques les","og_url":"https:\/\/lasentinelle.dz\/index.php\/2026\/03\/14\/15e-edition-de-taj-el-coran-les-laureats-distingues\/","og_site_name":"La Sentinelle","article_publisher":"https:\/\/www.facebook.com\/La-Sentinelle-104059864394773","article_published_time":"2026-03-14T19:09:44+00:00","article_modified_time":"2026-03-14T19:09:45+00:00","og_image":[{"width":1400,"height":1050,"url":"https:\/\/lasentinelle.dz\/wp-content\/uploads\/2026\/03\/Taj.webp","type":"image\/webp"}],"author":"admin","twitter_card":"summary_large_image","twitter_misc":{"\u00c9crit par":"admin","Dur\u00e9e de lecture estim\u00e9e":"4 minutes"},"schema":{"@context":"https:\/\/schema.org","@graph":[{"@type":"Article","@id":"https:\/\/lasentinelle.dz\/index.php\/2026\/03\/14\/15e-edition-de-taj-el-coran-les-laureats-distingues\/#article","isPartOf":{"@id":"https:\/\/lasentinelle.dz\/index.php\/2026\/03\/14\/15e-edition-de-taj-el-coran-les-laureats-distingues\/"},"author":{"name":"admin","@id":"https:\/\/lasentinelle.dz\/#\/schema\/person\/729ee0024f24e0b8c5ec17232f8e8b41"},"headline":"15e \u00e9dition de Taj El Coran\u00a0: Les laur\u00e9ats distingu\u00e9s","datePublished":"2026-03-14T19:09:44+00:00","dateModified":"2026-03-14T19:09:45+00:00","mainEntityOfPage":{"@id":"https:\/\/lasentinelle.dz\/index.php\/2026\/03\/14\/15e-edition-de-taj-el-coran-les-laureats-distingues\/"},"wordCount":799,"commentCount":0,"publisher":{"@id":"https:\/\/lasentinelle.dz\/#organization"},"image":{"@id":"https:\/\/lasentinelle.dz\/index.php\/2026\/03\/14\/15e-edition-de-taj-el-coran-les-laureats-distingues\/#primaryimage"},"thumbnailUrl":"https:\/\/lasentinelle.dz\/wp-content\/uploads\/2026\/03\/Taj.webp","articleSection":["Culture"],"inLanguage":"fr-FR","potentialAction":[{"@type":"CommentAction","name":"Comment","target":["https:\/\/lasentinelle.dz\/index.php\/2026\/03\/14\/15e-edition-de-taj-el-coran-les-laureats-distingues\/#respond"]}]},{"@type":"WebPage","@id":"https:\/\/lasentinelle.dz\/index.php\/2026\/03\/14\/15e-edition-de-taj-el-coran-les-laureats-distingues\/","url":"https:\/\/lasentinelle.dz\/index.php\/2026\/03\/14\/15e-edition-de-taj-el-coran-les-laureats-distingues\/","name":"15e \u00e9dition de Taj El Coran\u00a0: Les laur\u00e9ats distingu\u00e9s - La Sentinelle","isPartOf":{"@id":"https:\/\/lasentinelle.dz\/#website"},"primaryImageOfPage":{"@id":"https:\/\/lasentinelle.dz\/index.php\/2026\/03\/14\/15e-edition-de-taj-el-coran-les-laureats-distingues\/#primaryimage"},"image":{"@id":"https:\/\/lasentinelle.dz\/index.php\/2026\/03\/14\/15e-edition-de-taj-el-coran-les-laureats-distingues\/#primaryimage"},"thumbnailUrl":"https:\/\/lasentinelle.dz\/wp-content\/uploads\/2026\/03\/Taj.webp","datePublished":"2026-03-14T19:09:44+00:00","dateModified":"2026-03-14T19:09:45+00:00","breadcrumb":{"@id":"https:\/\/lasentinelle.dz\/index.php\/2026\/03\/14\/15e-edition-de-taj-el-coran-les-laureats-distingues\/#breadcrumb"},"inLanguage":"fr-FR","potentialAction":[{"@type":"ReadAction","target":["https:\/\/lasentinelle.dz\/index.php\/2026\/03\/14\/15e-edition-de-taj-el-coran-les-laureats-distingues\/"]}]},{"@type":"ImageObject","inLanguage":"fr-FR","@id":"https:\/\/lasentinelle.dz\/index.php\/2026\/03\/14\/15e-edition-de-taj-el-coran-les-laureats-distingues\/#primaryimage","url":"https:\/\/lasentinelle.dz\/wp-content\/uploads\/2026\/03\/Taj.webp","contentUrl":"https:\/\/lasentinelle.dz\/wp-content\/uploads\/2026\/03\/Taj.webp","width":1400,"height":1050},{"@type":"BreadcrumbList","@id":"https:\/\/lasentinelle.dz\/index.php\/2026\/03\/14\/15e-edition-de-taj-el-coran-les-laureats-distingues\/#breadcrumb","itemListElement":[{"@type":"ListItem","position":1,"name":"Accueil","item":"https:\/\/lasentinelle.dz\/"},{"@type":"ListItem","position":2,"name":"15e \u00e9dition de Taj El Coran\u00a0: Les laur\u00e9ats distingu\u00e9s"}]},{"@type":"WebSite","@id":"https:\/\/lasentinelle.dz\/#website","url":"https:\/\/lasentinelle.dz\/","name":"La Sentinelle","description":"Quotidien national d&#039;information","publisher":{"@id":"https:\/\/lasentinelle.dz\/#organization"},"potentialAction":[{"@type":"SearchAction","target":{"@type":"EntryPoint","urlTemplate":"https:\/\/lasentinelle.dz\/?s={search_term_string}"},"query-input":{"@type":"PropertyValueSpecification","valueRequired":true,"valueName":"search_term_string"}}],"inLanguage":"fr-FR"},{"@type":"Organization","@id":"https:\/\/lasentinelle.dz\/#organization","name":"Quotidien La Sentinelle","url":"https:\/\/lasentinelle.dz\/","logo":{"@type":"ImageObject","inLanguage":"fr-FR","@id":"https:\/\/lasentinelle.dz\/#\/schema\/logo\/image\/","url":"https:\/\/lasentinelle.dz\/wp-content\/uploads\/2021\/09\/logo-sentinelleSLOGAN-1.png","contentUrl":"https:\/\/lasentinelle.dz\/wp-content\/uploads\/2021\/09\/logo-sentinelleSLOGAN-1.png","width":615,"height":142,"caption":"Quotidien La Sentinelle"},"image":{"@id":"https:\/\/lasentinelle.dz\/#\/schema\/logo\/image\/"},"sameAs":["https:\/\/www.facebook.com\/La-Sentinelle-104059864394773"]},{"@type":"Person","@id":"https:\/\/lasentinelle.dz\/#\/schema\/person\/729ee0024f24e0b8c5ec17232f8e8b41","name":"admin","image":{"@type":"ImageObject","inLanguage":"fr-FR","@id":"https:\/\/secure.gravatar.com\/avatar\/4c81fed838786e9b53f540bf46533e750f5d292099ae3b66cfc6fb1982e29df7?s=96&d=mm&r=g","url":"https:\/\/secure.gravatar.com\/avatar\/4c81fed838786e9b53f540bf46533e750f5d292099ae3b66cfc6fb1982e29df7?s=96&d=mm&r=g","contentUrl":"https:\/\/secure.gravatar.com\/avatar\/4c81fed838786e9b53f540bf46533e750f5d292099ae3b66cfc6fb1982e29df7?s=96&d=mm&r=g","caption":"admin"},"description":"admin","url":"https:\/\/lasentinelle.dz\/author\/admin\/"}]}},"_links":{"self":[{"href":"https:\/\/lasentinelle.dz\/index.php\/wp-json\/wp\/v2\/posts\/83479","targetHints":{"allow":["GET"]}}],"collection":[{"href":"https:\/\/lasentinelle.dz\/index.php\/wp-json\/wp\/v2\/posts"}],"about":[{"href":"https:\/\/lasentinelle.dz\/index.php\/wp-json\/wp\/v2\/types\/post"}],"author":[{"embeddable":true,"href":"https:\/\/lasentinelle.dz\/index.php\/wp-json\/wp\/v2\/users\/6"}],"replies":[{"embeddable":true,"href":"https:\/\/lasentinelle.dz\/index.php\/wp-json\/wp\/v2\/comments?post=83479"}],"version-history":[{"count":1,"href":"https:\/\/lasentinelle.dz\/index.php\/wp-json\/wp\/v2\/posts\/83479\/revisions"}],"predecessor-version":[{"id":83481,"href":"https:\/\/lasentinelle.dz\/index.php\/wp-json\/wp\/v2\/posts\/83479\/revisions\/83481"}],"wp:featuredmedia":[{"embeddable":true,"href":"https:\/\/lasentinelle.dz\/index.php\/wp-json\/wp\/v2\/media\/83480"}],"wp:attachment":[{"href":"https:\/\/lasentinelle.dz\/index.php\/wp-json\/wp\/v2\/media?parent=83479"}],"wp:term":[{"taxonomy":"category","embeddable":true,"href":"https:\/\/lasentinelle.dz\/index.php\/wp-json\/wp\/v2\/categories?post=83479"},{"taxonomy":"post_tag","embeddable":true,"href":"https:\/\/lasentinelle.dz\/index.php\/wp-json\/wp\/v2\/tags?post=83479"}],"curies":[{"name":"wp","href":"https:\/\/api.w.org\/{rel}","templated":true}]}}