{"id":83482,"date":"2026-03-14T20:11:10","date_gmt":"2026-03-14T19:11:10","guid":{"rendered":"https:\/\/lasentinelle.dz\/?p=83482"},"modified":"2026-03-14T20:11:12","modified_gmt":"2026-03-14T19:11:12","slug":"jeux-olympiques-de-la-jeunesse-de-dakar-besma-bahri-premiere-athlete-algerienne-qualifiee","status":"publish","type":"post","link":"https:\/\/lasentinelle.dz\/index.php\/2026\/03\/14\/jeux-olympiques-de-la-jeunesse-de-dakar-besma-bahri-premiere-athlete-algerienne-qualifiee\/","title":{"rendered":"Jeux Olympiques de la Jeunesse de Dakar\u00a0: Besma Bahri premi\u00e8re athl\u00e8te alg\u00e9rienne qualifi\u00e9e"},"content":{"rendered":"\n<p>En atteignant les quarts de finale des Championnats du monde juniors de boxe \u00e0 Bangkok, la Tha\u00eflande, la boxeuse alg\u00e9rienne Besma Bahri (57 kg) est devenue la premi\u00e8re athl\u00e8te alg\u00e9rienne qualifi\u00e9e pour les Jeux Olympiques de la Jeunesse de Dakar, pr\u00e9vus du 31 octobre au 13 novembre prochain au S\u00e9n\u00e9gal. La jeune pugiliste a livr\u00e9 un parcours solide dans la capitale tha\u00eflandaise avant de s&rsquo;incliner en quarts de finale sur un score sans appel de quatre \u00e0 z\u00e9ro face \u00e0 une adversaire kazakhe. Une d\u00e9faite qui n&rsquo;enl\u00e8ve rien \u00e0 l&rsquo;essentiel : en franchissant ce stade de la comp\u00e9tition, Bahri a automatiquement d\u00e9croch\u00e9 son billet pour Dakar, faisant d&rsquo;elle la premi\u00e8re repr\u00e9sentante alg\u00e9rienne officiellement qualifi\u00e9e pour les prochains JOJ. Le bilan de la d\u00e9l\u00e9gation alg\u00e9rienne est en revanche plus contrast\u00e9 pour les autres membres de la s\u00e9lection engag\u00e9s \u00e0 Bangkok. Bouthaina Ben Salah (48 kg), Meriem Sari (60 kg), Ismail Sahraoui (55 kg) et Billel Lezoul (65 kg) ont tous \u00e9t\u00e9 \u00e9limin\u00e9s d\u00e8s le deuxi\u00e8me tour mercredi, fermant la porte \u00e0 toute qualification pour les Jeux de la Jeunesse. Les espoirs alg\u00e9riens reposent d\u00e9sormais sur Mohamed Moncef Benmazouz (75 kg) et Abdelmadjid Houari (80 kg), tous deux qualifi\u00e9s pour les quarts de finale, et qui disposent ainsi d&rsquo;une chance r\u00e9elle de rejoindre Bahri sur la liste des qualifi\u00e9s pour Dakar.<\/p>\n\n\n\n<p>La s\u00e9lection f\u00e9minine est encadr\u00e9e par les entra\u00eeneurs nationaux Ibrahim Makhlouf et Amine Erouane, tandis que les gar\u00e7ons sont plac\u00e9s sous la direction d&rsquo;Ibrahim Bourenane et d&rsquo;Abdelhafid Benchebla. La boxe alg\u00e9rienne aborde ces Championnats du monde juniors comme une \u00e9tape de formation autant que de qualification, dans l&rsquo;optique de pr\u00e9parer une nouvelle g\u00e9n\u00e9ration appel\u00e9e \u00e0 prendre le relais sur la sc\u00e8ne internationale.<\/p>\n\n\n\n<p>M.D.<\/p>\n","protected":false},"excerpt":{"rendered":"<p>En atteignant les quarts de finale des Championnats du monde juniors de boxe \u00e0 Bangkok, la Tha\u00eflande, la boxeuse alg\u00e9rienne<\/p>\n","protected":false},"author":6,"featured_media":83483,"comment_status":"open","ping_status":"closed","sticky":false,"template":"","format":"standard","meta":{"colormag_page_container_layout":"default_layout","colormag_page_sidebar_layout":"default_layout","om_disable_all_campaigns":false,"_monsterinsights_skip_tracking":false,"_monsterinsights_sitenote_active":false,"_monsterinsights_sitenote_note":"","_monsterinsights_sitenote_category":0,"footnotes":"","_wpscppro_dont_share_socialmedia":false,"_wpscppro_custom_social_share_image":0,"_facebook_share_type":"default","_twitter_share_type":"default","_linkedin_share_type":"default","_pinterest_share_type":"default","_linkedin_share_type_page":"","_instagram_share_type":"default","_medium_share_type":"default","_threads_share_type":"default","_google_business_share_type":"default","_selected_social_profile":[],"_wpsp_enable_custom_social_template":false,"_wpsp_social_scheduling":{"enabled":false,"datetime":null,"platforms":[],"status":"template_only","dateOption":"today","timeOption":"now","customDays":"","customHours":"","customDate":"","customTime":"","schedulingType":"absolute"},"_wpsp_active_default_template":true},"categories":[33],"tags":[],"class_list":["post-83482","post","type-post","status-publish","format-standard","has-post-thumbnail","hentry","category-sports"],"aioseo_notices":[],"yoast_head":"<!-- This site is optimized with the Yoast SEO plugin v27.5 - https:\/\/yoast.com\/product\/yoast-seo-wordpress\/ -->\n<title>Jeux Olympiques de la Jeunesse de Dakar\u00a0: Besma Bahri premi\u00e8re athl\u00e8te alg\u00e9rienne qualifi\u00e9e - La Sentinelle<\/title>\n<meta name=\"robots\" content=\"index, follow, max-snippet:-1, max-image-preview:large, max-video-preview:-1\" \/>\n<link rel=\"canonical\" href=\"https:\/\/lasentinelle.dz\/index.php\/2026\/03\/14\/jeux-olympiques-de-la-jeunesse-de-dakar-besma-bahri-premiere-athlete-algerienne-qualifiee\/\" \/>\n<meta property=\"og:locale\" content=\"fr_FR\" \/>\n<meta property=\"og:type\" content=\"article\" \/>\n<meta property=\"og:title\" content=\"Jeux Olympiques de la Jeunesse de Dakar\u00a0: Besma Bahri premi\u00e8re athl\u00e8te alg\u00e9rienne qualifi\u00e9e - La Sentinelle\" \/>\n<meta property=\"og:description\" content=\"En atteignant les quarts de finale des Championnats du monde juniors de boxe \u00e0 Bangkok, la Tha\u00eflande, la boxeuse alg\u00e9rienne\" \/>\n<meta property=\"og:url\" content=\"https:\/\/lasentinelle.dz\/index.php\/2026\/03\/14\/jeux-olympiques-de-la-jeunesse-de-dakar-besma-bahri-premiere-athlete-algerienne-qualifiee\/\" \/>\n<meta property=\"og:site_name\" content=\"La Sentinelle\" \/>\n<meta property=\"article:publisher\" content=\"https:\/\/www.facebook.com\/La-Sentinelle-104059864394773\" \/>\n<meta property=\"article:published_time\" content=\"2026-03-14T19:11:10+00:00\" \/>\n<meta property=\"article:modified_time\" content=\"2026-03-14T19:11:12+00:00\" \/>\n<meta property=\"og:image\" content=\"https:\/\/lasentinelle.dz\/wp-content\/uploads\/2026\/03\/Besma-Bahri-.jpg\" \/>\n\t<meta property=\"og:image:width\" content=\"604\" \/>\n\t<meta property=\"og:image:height\" content=\"507\" \/>\n\t<meta property=\"og:image:type\" content=\"image\/jpeg\" \/>\n<meta name=\"author\" content=\"admin\" \/>\n<meta name=\"twitter:card\" content=\"summary_large_image\" \/>\n<meta name=\"twitter:label1\" content=\"\u00c9crit par\" \/>\n\t<meta name=\"twitter:data1\" content=\"admin\" \/>\n\t<meta name=\"twitter:label2\" content=\"Dur\u00e9e de lecture estim\u00e9e\" \/>\n\t<meta name=\"twitter:data2\" content=\"2 minutes\" \/>\n<script type=\"application\/ld+json\" class=\"yoast-schema-graph\">{\"@context\":\"https:\\\/\\\/schema.org\",\"@graph\":[{\"@type\":\"Article\",\"@id\":\"https:\\\/\\\/lasentinelle.dz\\\/index.php\\\/2026\\\/03\\\/14\\\/jeux-olympiques-de-la-jeunesse-de-dakar-besma-bahri-premiere-athlete-algerienne-qualifiee\\\/#article\",\"isPartOf\":{\"@id\":\"https:\\\/\\\/lasentinelle.dz\\\/index.php\\\/2026\\\/03\\\/14\\\/jeux-olympiques-de-la-jeunesse-de-dakar-besma-bahri-premiere-athlete-algerienne-qualifiee\\\/\"},\"author\":{\"name\":\"admin\",\"@id\":\"https:\\\/\\\/lasentinelle.dz\\\/#\\\/schema\\\/person\\\/729ee0024f24e0b8c5ec17232f8e8b41\"},\"headline\":\"Jeux Olympiques de la Jeunesse de Dakar\u00a0: Besma Bahri premi\u00e8re athl\u00e8te alg\u00e9rienne qualifi\u00e9e\",\"datePublished\":\"2026-03-14T19:11:10+00:00\",\"dateModified\":\"2026-03-14T19:11:12+00:00\",\"mainEntityOfPage\":{\"@id\":\"https:\\\/\\\/lasentinelle.dz\\\/index.php\\\/2026\\\/03\\\/14\\\/jeux-olympiques-de-la-jeunesse-de-dakar-besma-bahri-premiere-athlete-algerienne-qualifiee\\\/\"},\"wordCount\":335,\"commentCount\":0,\"publisher\":{\"@id\":\"https:\\\/\\\/lasentinelle.dz\\\/#organization\"},\"image\":{\"@id\":\"https:\\\/\\\/lasentinelle.dz\\\/index.php\\\/2026\\\/03\\\/14\\\/jeux-olympiques-de-la-jeunesse-de-dakar-besma-bahri-premiere-athlete-algerienne-qualifiee\\\/#primaryimage\"},\"thumbnailUrl\":\"https:\\\/\\\/lasentinelle.dz\\\/wp-content\\\/uploads\\\/2026\\\/03\\\/Besma-Bahri-.jpg\",\"articleSection\":[\"Sports\"],\"inLanguage\":\"fr-FR\",\"potentialAction\":[{\"@type\":\"CommentAction\",\"name\":\"Comment\",\"target\":[\"https:\\\/\\\/lasentinelle.dz\\\/index.php\\\/2026\\\/03\\\/14\\\/jeux-olympiques-de-la-jeunesse-de-dakar-besma-bahri-premiere-athlete-algerienne-qualifiee\\\/#respond\"]}]},{\"@type\":\"WebPage\",\"@id\":\"https:\\\/\\\/lasentinelle.dz\\\/index.php\\\/2026\\\/03\\\/14\\\/jeux-olympiques-de-la-jeunesse-de-dakar-besma-bahri-premiere-athlete-algerienne-qualifiee\\\/\",\"url\":\"https:\\\/\\\/lasentinelle.dz\\\/index.php\\\/2026\\\/03\\\/14\\\/jeux-olympiques-de-la-jeunesse-de-dakar-besma-bahri-premiere-athlete-algerienne-qualifiee\\\/\",\"name\":\"Jeux Olympiques de la Jeunesse de Dakar\u00a0: Besma Bahri premi\u00e8re athl\u00e8te alg\u00e9rienne qualifi\u00e9e - La Sentinelle\",\"isPartOf\":{\"@id\":\"https:\\\/\\\/lasentinelle.dz\\\/#website\"},\"primaryImageOfPage\":{\"@id\":\"https:\\\/\\\/lasentinelle.dz\\\/index.php\\\/2026\\\/03\\\/14\\\/jeux-olympiques-de-la-jeunesse-de-dakar-besma-bahri-premiere-athlete-algerienne-qualifiee\\\/#primaryimage\"},\"image\":{\"@id\":\"https:\\\/\\\/lasentinelle.dz\\\/index.php\\\/2026\\\/03\\\/14\\\/jeux-olympiques-de-la-jeunesse-de-dakar-besma-bahri-premiere-athlete-algerienne-qualifiee\\\/#primaryimage\"},\"thumbnailUrl\":\"https:\\\/\\\/lasentinelle.dz\\\/wp-content\\\/uploads\\\/2026\\\/03\\\/Besma-Bahri-.jpg\",\"datePublished\":\"2026-03-14T19:11:10+00:00\",\"dateModified\":\"2026-03-14T19:11:12+00:00\",\"breadcrumb\":{\"@id\":\"https:\\\/\\\/lasentinelle.dz\\\/index.php\\\/2026\\\/03\\\/14\\\/jeux-olympiques-de-la-jeunesse-de-dakar-besma-bahri-premiere-athlete-algerienne-qualifiee\\\/#breadcrumb\"},\"inLanguage\":\"fr-FR\",\"potentialAction\":[{\"@type\":\"ReadAction\",\"target\":[\"https:\\\/\\\/lasentinelle.dz\\\/index.php\\\/2026\\\/03\\\/14\\\/jeux-olympiques-de-la-jeunesse-de-dakar-besma-bahri-premiere-athlete-algerienne-qualifiee\\\/\"]}]},{\"@type\":\"ImageObject\",\"inLanguage\":\"fr-FR\",\"@id\":\"https:\\\/\\\/lasentinelle.dz\\\/index.php\\\/2026\\\/03\\\/14\\\/jeux-olympiques-de-la-jeunesse-de-dakar-besma-bahri-premiere-athlete-algerienne-qualifiee\\\/#primaryimage\",\"url\":\"https:\\\/\\\/lasentinelle.dz\\\/wp-content\\\/uploads\\\/2026\\\/03\\\/Besma-Bahri-.jpg\",\"contentUrl\":\"https:\\\/\\\/lasentinelle.dz\\\/wp-content\\\/uploads\\\/2026\\\/03\\\/Besma-Bahri-.jpg\",\"width\":604,\"height\":507},{\"@type\":\"BreadcrumbList\",\"@id\":\"https:\\\/\\\/lasentinelle.dz\\\/index.php\\\/2026\\\/03\\\/14\\\/jeux-olympiques-de-la-jeunesse-de-dakar-besma-bahri-premiere-athlete-algerienne-qualifiee\\\/#breadcrumb\",\"itemListElement\":[{\"@type\":\"ListItem\",\"position\":1,\"name\":\"Accueil\",\"item\":\"https:\\\/\\\/lasentinelle.dz\\\/\"},{\"@type\":\"ListItem\",\"position\":2,\"name\":\"Jeux Olympiques de la Jeunesse de Dakar\u00a0: Besma Bahri premi\u00e8re athl\u00e8te alg\u00e9rienne qualifi\u00e9e\"}]},{\"@type\":\"WebSite\",\"@id\":\"https:\\\/\\\/lasentinelle.dz\\\/#website\",\"url\":\"https:\\\/\\\/lasentinelle.dz\\\/\",\"name\":\"La Sentinelle\",\"description\":\"Quotidien national d&#039;information\",\"publisher\":{\"@id\":\"https:\\\/\\\/lasentinelle.dz\\\/#organization\"},\"potentialAction\":[{\"@type\":\"SearchAction\",\"target\":{\"@type\":\"EntryPoint\",\"urlTemplate\":\"https:\\\/\\\/lasentinelle.dz\\\/?s={search_term_string}\"},\"query-input\":{\"@type\":\"PropertyValueSpecification\",\"valueRequired\":true,\"valueName\":\"search_term_string\"}}],\"inLanguage\":\"fr-FR\"},{\"@type\":\"Organization\",\"@id\":\"https:\\\/\\\/lasentinelle.dz\\\/#organization\",\"name\":\"Quotidien La Sentinelle\",\"url\":\"https:\\\/\\\/lasentinelle.dz\\\/\",\"logo\":{\"@type\":\"ImageObject\",\"inLanguage\":\"fr-FR\",\"@id\":\"https:\\\/\\\/lasentinelle.dz\\\/#\\\/schema\\\/logo\\\/image\\\/\",\"url\":\"https:\\\/\\\/lasentinelle.dz\\\/wp-content\\\/uploads\\\/2021\\\/09\\\/logo-sentinelleSLOGAN-1.png\",\"contentUrl\":\"https:\\\/\\\/lasentinelle.dz\\\/wp-content\\\/uploads\\\/2021\\\/09\\\/logo-sentinelleSLOGAN-1.png\",\"width\":615,\"height\":142,\"caption\":\"Quotidien La Sentinelle\"},\"image\":{\"@id\":\"https:\\\/\\\/lasentinelle.dz\\\/#\\\/schema\\\/logo\\\/image\\\/\"},\"sameAs\":[\"https:\\\/\\\/www.facebook.com\\\/La-Sentinelle-104059864394773\"]},{\"@type\":\"Person\",\"@id\":\"https:\\\/\\\/lasentinelle.dz\\\/#\\\/schema\\\/person\\\/729ee0024f24e0b8c5ec17232f8e8b41\",\"name\":\"admin\",\"image\":{\"@type\":\"ImageObject\",\"inLanguage\":\"fr-FR\",\"@id\":\"https:\\\/\\\/secure.gravatar.com\\\/avatar\\\/4c81fed838786e9b53f540bf46533e750f5d292099ae3b66cfc6fb1982e29df7?s=96&d=mm&r=g\",\"url\":\"https:\\\/\\\/secure.gravatar.com\\\/avatar\\\/4c81fed838786e9b53f540bf46533e750f5d292099ae3b66cfc6fb1982e29df7?s=96&d=mm&r=g\",\"contentUrl\":\"https:\\\/\\\/secure.gravatar.com\\\/avatar\\\/4c81fed838786e9b53f540bf46533e750f5d292099ae3b66cfc6fb1982e29df7?s=96&d=mm&r=g\",\"caption\":\"admin\"},\"description\":\"admin\",\"url\":\"https:\\\/\\\/lasentinelle.dz\\\/author\\\/admin\\\/\"}]}<\/script>\n<!-- \/ Yoast SEO plugin. -->","yoast_head_json":{"title":"Jeux Olympiques de la Jeunesse de Dakar\u00a0: Besma Bahri premi\u00e8re athl\u00e8te alg\u00e9rienne qualifi\u00e9e - La Sentinelle","robots":{"index":"index","follow":"follow","max-snippet":"max-snippet:-1","max-image-preview":"max-image-preview:large","max-video-preview":"max-video-preview:-1"},"canonical":"https:\/\/lasentinelle.dz\/index.php\/2026\/03\/14\/jeux-olympiques-de-la-jeunesse-de-dakar-besma-bahri-premiere-athlete-algerienne-qualifiee\/","og_locale":"fr_FR","og_type":"article","og_title":"Jeux Olympiques de la Jeunesse de Dakar\u00a0: Besma Bahri premi\u00e8re athl\u00e8te alg\u00e9rienne qualifi\u00e9e - La Sentinelle","og_description":"En atteignant les quarts de finale des Championnats du monde juniors de boxe \u00e0 Bangkok, la Tha\u00eflande, la boxeuse alg\u00e9rienne","og_url":"https:\/\/lasentinelle.dz\/index.php\/2026\/03\/14\/jeux-olympiques-de-la-jeunesse-de-dakar-besma-bahri-premiere-athlete-algerienne-qualifiee\/","og_site_name":"La Sentinelle","article_publisher":"https:\/\/www.facebook.com\/La-Sentinelle-104059864394773","article_published_time":"2026-03-14T19:11:10+00:00","article_modified_time":"2026-03-14T19:11:12+00:00","og_image":[{"width":604,"height":507,"url":"https:\/\/lasentinelle.dz\/wp-content\/uploads\/2026\/03\/Besma-Bahri-.jpg","type":"image\/jpeg"}],"author":"admin","twitter_card":"summary_large_image","twitter_misc":{"\u00c9crit par":"admin","Dur\u00e9e de lecture estim\u00e9e":"2 minutes"},"schema":{"@context":"https:\/\/schema.org","@graph":[{"@type":"Article","@id":"https:\/\/lasentinelle.dz\/index.php\/2026\/03\/14\/jeux-olympiques-de-la-jeunesse-de-dakar-besma-bahri-premiere-athlete-algerienne-qualifiee\/#article","isPartOf":{"@id":"https:\/\/lasentinelle.dz\/index.php\/2026\/03\/14\/jeux-olympiques-de-la-jeunesse-de-dakar-besma-bahri-premiere-athlete-algerienne-qualifiee\/"},"author":{"name":"admin","@id":"https:\/\/lasentinelle.dz\/#\/schema\/person\/729ee0024f24e0b8c5ec17232f8e8b41"},"headline":"Jeux Olympiques de la Jeunesse de Dakar\u00a0: Besma Bahri premi\u00e8re athl\u00e8te alg\u00e9rienne qualifi\u00e9e","datePublished":"2026-03-14T19:11:10+00:00","dateModified":"2026-03-14T19:11:12+00:00","mainEntityOfPage":{"@id":"https:\/\/lasentinelle.dz\/index.php\/2026\/03\/14\/jeux-olympiques-de-la-jeunesse-de-dakar-besma-bahri-premiere-athlete-algerienne-qualifiee\/"},"wordCount":335,"commentCount":0,"publisher":{"@id":"https:\/\/lasentinelle.dz\/#organization"},"image":{"@id":"https:\/\/lasentinelle.dz\/index.php\/2026\/03\/14\/jeux-olympiques-de-la-jeunesse-de-dakar-besma-bahri-premiere-athlete-algerienne-qualifiee\/#primaryimage"},"thumbnailUrl":"https:\/\/lasentinelle.dz\/wp-content\/uploads\/2026\/03\/Besma-Bahri-.jpg","articleSection":["Sports"],"inLanguage":"fr-FR","potentialAction":[{"@type":"CommentAction","name":"Comment","target":["https:\/\/lasentinelle.dz\/index.php\/2026\/03\/14\/jeux-olympiques-de-la-jeunesse-de-dakar-besma-bahri-premiere-athlete-algerienne-qualifiee\/#respond"]}]},{"@type":"WebPage","@id":"https:\/\/lasentinelle.dz\/index.php\/2026\/03\/14\/jeux-olympiques-de-la-jeunesse-de-dakar-besma-bahri-premiere-athlete-algerienne-qualifiee\/","url":"https:\/\/lasentinelle.dz\/index.php\/2026\/03\/14\/jeux-olympiques-de-la-jeunesse-de-dakar-besma-bahri-premiere-athlete-algerienne-qualifiee\/","name":"Jeux Olympiques de la Jeunesse de Dakar\u00a0: Besma Bahri premi\u00e8re athl\u00e8te alg\u00e9rienne qualifi\u00e9e - La Sentinelle","isPartOf":{"@id":"https:\/\/lasentinelle.dz\/#website"},"primaryImageOfPage":{"@id":"https:\/\/lasentinelle.dz\/index.php\/2026\/03\/14\/jeux-olympiques-de-la-jeunesse-de-dakar-besma-bahri-premiere-athlete-algerienne-qualifiee\/#primaryimage"},"image":{"@id":"https:\/\/lasentinelle.dz\/index.php\/2026\/03\/14\/jeux-olympiques-de-la-jeunesse-de-dakar-besma-bahri-premiere-athlete-algerienne-qualifiee\/#primaryimage"},"thumbnailUrl":"https:\/\/lasentinelle.dz\/wp-content\/uploads\/2026\/03\/Besma-Bahri-.jpg","datePublished":"2026-03-14T19:11:10+00:00","dateModified":"2026-03-14T19:11:12+00:00","breadcrumb":{"@id":"https:\/\/lasentinelle.dz\/index.php\/2026\/03\/14\/jeux-olympiques-de-la-jeunesse-de-dakar-besma-bahri-premiere-athlete-algerienne-qualifiee\/#breadcrumb"},"inLanguage":"fr-FR","potentialAction":[{"@type":"ReadAction","target":["https:\/\/lasentinelle.dz\/index.php\/2026\/03\/14\/jeux-olympiques-de-la-jeunesse-de-dakar-besma-bahri-premiere-athlete-algerienne-qualifiee\/"]}]},{"@type":"ImageObject","inLanguage":"fr-FR","@id":"https:\/\/lasentinelle.dz\/index.php\/2026\/03\/14\/jeux-olympiques-de-la-jeunesse-de-dakar-besma-bahri-premiere-athlete-algerienne-qualifiee\/#primaryimage","url":"https:\/\/lasentinelle.dz\/wp-content\/uploads\/2026\/03\/Besma-Bahri-.jpg","contentUrl":"https:\/\/lasentinelle.dz\/wp-content\/uploads\/2026\/03\/Besma-Bahri-.jpg","width":604,"height":507},{"@type":"BreadcrumbList","@id":"https:\/\/lasentinelle.dz\/index.php\/2026\/03\/14\/jeux-olympiques-de-la-jeunesse-de-dakar-besma-bahri-premiere-athlete-algerienne-qualifiee\/#breadcrumb","itemListElement":[{"@type":"ListItem","position":1,"name":"Accueil","item":"https:\/\/lasentinelle.dz\/"},{"@type":"ListItem","position":2,"name":"Jeux Olympiques de la Jeunesse de Dakar\u00a0: Besma Bahri premi\u00e8re athl\u00e8te alg\u00e9rienne qualifi\u00e9e"}]},{"@type":"WebSite","@id":"https:\/\/lasentinelle.dz\/#website","url":"https:\/\/lasentinelle.dz\/","name":"La Sentinelle","description":"Quotidien national d&#039;information","publisher":{"@id":"https:\/\/lasentinelle.dz\/#organization"},"potentialAction":[{"@type":"SearchAction","target":{"@type":"EntryPoint","urlTemplate":"https:\/\/lasentinelle.dz\/?s={search_term_string}"},"query-input":{"@type":"PropertyValueSpecification","valueRequired":true,"valueName":"search_term_string"}}],"inLanguage":"fr-FR"},{"@type":"Organization","@id":"https:\/\/lasentinelle.dz\/#organization","name":"Quotidien La Sentinelle","url":"https:\/\/lasentinelle.dz\/","logo":{"@type":"ImageObject","inLanguage":"fr-FR","@id":"https:\/\/lasentinelle.dz\/#\/schema\/logo\/image\/","url":"https:\/\/lasentinelle.dz\/wp-content\/uploads\/2021\/09\/logo-sentinelleSLOGAN-1.png","contentUrl":"https:\/\/lasentinelle.dz\/wp-content\/uploads\/2021\/09\/logo-sentinelleSLOGAN-1.png","width":615,"height":142,"caption":"Quotidien La Sentinelle"},"image":{"@id":"https:\/\/lasentinelle.dz\/#\/schema\/logo\/image\/"},"sameAs":["https:\/\/www.facebook.com\/La-Sentinelle-104059864394773"]},{"@type":"Person","@id":"https:\/\/lasentinelle.dz\/#\/schema\/person\/729ee0024f24e0b8c5ec17232f8e8b41","name":"admin","image":{"@type":"ImageObject","inLanguage":"fr-FR","@id":"https:\/\/secure.gravatar.com\/avatar\/4c81fed838786e9b53f540bf46533e750f5d292099ae3b66cfc6fb1982e29df7?s=96&d=mm&r=g","url":"https:\/\/secure.gravatar.com\/avatar\/4c81fed838786e9b53f540bf46533e750f5d292099ae3b66cfc6fb1982e29df7?s=96&d=mm&r=g","contentUrl":"https:\/\/secure.gravatar.com\/avatar\/4c81fed838786e9b53f540bf46533e750f5d292099ae3b66cfc6fb1982e29df7?s=96&d=mm&r=g","caption":"admin"},"description":"admin","url":"https:\/\/lasentinelle.dz\/author\/admin\/"}]}},"_links":{"self":[{"href":"https:\/\/lasentinelle.dz\/index.php\/wp-json\/wp\/v2\/posts\/83482","targetHints":{"allow":["GET"]}}],"collection":[{"href":"https:\/\/lasentinelle.dz\/index.php\/wp-json\/wp\/v2\/posts"}],"about":[{"href":"https:\/\/lasentinelle.dz\/index.php\/wp-json\/wp\/v2\/types\/post"}],"author":[{"embeddable":true,"href":"https:\/\/lasentinelle.dz\/index.php\/wp-json\/wp\/v2\/users\/6"}],"replies":[{"embeddable":true,"href":"https:\/\/lasentinelle.dz\/index.php\/wp-json\/wp\/v2\/comments?post=83482"}],"version-history":[{"count":1,"href":"https:\/\/lasentinelle.dz\/index.php\/wp-json\/wp\/v2\/posts\/83482\/revisions"}],"predecessor-version":[{"id":83484,"href":"https:\/\/lasentinelle.dz\/index.php\/wp-json\/wp\/v2\/posts\/83482\/revisions\/83484"}],"wp:featuredmedia":[{"embeddable":true,"href":"https:\/\/lasentinelle.dz\/index.php\/wp-json\/wp\/v2\/media\/83483"}],"wp:attachment":[{"href":"https:\/\/lasentinelle.dz\/index.php\/wp-json\/wp\/v2\/media?parent=83482"}],"wp:term":[{"taxonomy":"category","embeddable":true,"href":"https:\/\/lasentinelle.dz\/index.php\/wp-json\/wp\/v2\/categories?post=83482"},{"taxonomy":"post_tag","embeddable":true,"href":"https:\/\/lasentinelle.dz\/index.php\/wp-json\/wp\/v2\/tags?post=83482"}],"curies":[{"name":"wp","href":"https:\/\/api.w.org\/{rel}","templated":true}]}}