{"id":83485,"date":"2026-03-14T20:12:32","date_gmt":"2026-03-14T19:12:32","guid":{"rendered":"https:\/\/lasentinelle.dz\/?p=83485"},"modified":"2026-03-14T20:12:33","modified_gmt":"2026-03-14T19:12:33","slug":"karate-one-premier-league-cylia-ouikene-en-finale-et-vise-lor-a-rome","status":"publish","type":"post","link":"https:\/\/lasentinelle.dz\/index.php\/2026\/03\/14\/karate-one-premier-league-cylia-ouikene-en-finale-et-vise-lor-a-rome\/","title":{"rendered":"Karat\u00e9 \/One Premier League\u00a0: Cylia Ouik\u00e8ne en finale et vise l&rsquo;or \u00e0 Rome"},"content":{"rendered":"\n<p>Cylia Ouik\u00e8ne n&rsquo;a pas trembl\u00e9. La karat\u00e9ka alg\u00e9rienne de 22 ans, troisi\u00e8me mondiale en cat\u00e9gorie moins de 50 kg, s&rsquo;est qualifi\u00e9e pour la finale du tournoi international One Premier League de Rome en dominant la ma\u00eetresse de maison italienne Legitimo Ludovica sur le score de 2-1, vendredi, en demi-finale. Elle disputera dimanche la m\u00e9daille d&rsquo;or face \u00e0 la V\u00e9n\u00e9zu\u00e9lienne Salazar Yorgelis.<\/p>\n\n\n\n<p>Le parcours de Ouik\u00e8ne dans cette comp\u00e9tition qui r\u00e9unit les meilleurs sp\u00e9cialistes mondiaux du kumit\u00e9 aura \u00e9t\u00e9 exemplaire de ma\u00eetrise et de r\u00e9gularit\u00e9. Vers\u00e9e dans la poule num\u00e9ro 6, elle a travers\u00e9 la phase de groupes sans conc\u00e9der le moindre revers, signant trois victoires cons\u00e9cutives. Elle s&rsquo;est d&rsquo;abord impos\u00e9e face \u00e0 la Turque Ozdemir Muserref sur le score \u00e9triqu\u00e9 de 1-0, avant de hausser le ton contre une repr\u00e9sentante mexicaine \u00e9cras\u00e9e 9-1, puis de conclure la phase de poules par un net 2-0 contre l&rsquo;Italienne Agus Asie. Trois victoires, trois adversaires de profils diff\u00e9rents, une m\u00eame s\u00e9r\u00e9nit\u00e9.<\/p>\n\n\n\n<p>En quarts de finale, la championne alg\u00e9rienne a confirm\u00e9 sa solidit\u00e9 d\u00e9fensive en \u00e9cartant la repr\u00e9sentante de Taipei, Chan Hsin-Yu, sur le score d&rsquo;un but \u00e0 z\u00e9ro, avant de se d\u00e9faire de l&rsquo;Italienne Ludovica en demi-finale dans un duel plus accroch\u00e9. La finale de dimanche l&rsquo;opposera \u00e0 la V\u00e9n\u00e9zu\u00e9lienne Salazar Yorgelis, adversaire redoutable mais \u00e0 la port\u00e9e d&rsquo;une athl\u00e8te qui affiche l&rsquo;un des meilleurs rangs mondiaux de sa discipline.<\/p>\n\n\n\n<p>L&rsquo;Alg\u00e9rie n&rsquo;est toutefois pas repr\u00e9sent\u00e9e par une seule athl\u00e8te dans cette comp\u00e9tition romaine. La d\u00e9l\u00e9gation compte sept karat\u00e9kas, trois femmes et quatre hommes, engag\u00e9s dans plusieurs cat\u00e9gories de poids du kumit\u00e9. Chez les dames, Louisa Abouriche, qui concourt en moins de 55 kg, ne disputera pas la finale mais jouera dimanche la m\u00e9daille de bronze face \u00e0 la Russe Sofia Liaskalo, apr\u00e8s avoir \u00e9t\u00e9 battue 5-1 par l&rsquo;Italienne Lallo Viola en demi-finale. Un revers s\u00e9v\u00e8re qui ne lui ferme pas la porte du podium.<\/p>\n\n\n\n<p>Du c\u00f4t\u00e9 masculin, Hocine Daikhi, Anis Helassa, Faleh Midoune et Oussama Zaid, engag\u00e9s respectivement dans les cat\u00e9gories plus de 84 kg, moins de 67 kg, moins de 84 kg et moins de 75 kg, doivent encore faire leur entr\u00e9e en lice dans la comp\u00e9tition, avec l&rsquo;ambition de rejoindre eux aussi les phases finales. Rayane Sekouar, en moins de 50 kg chez les dames, compl\u00e8te ce contingent alg\u00e9rien dont les r\u00e9sultats complets seront connus en fin de week-end.<\/p>\n\n\n\n<p>Reste que l&rsquo;essentiel des espoirs alg\u00e9riens repose d\u00e9sormais sur les \u00e9paules de Cylia Ouik\u00e8ne. Troisi\u00e8me mondiale, invaincue depuis le d\u00e9but du tournoi, elle se pr\u00e9sente en finale avec le statut de favorite logique. Un titre \u00e0 Rome serait un signal fort \u00e0 quelques mois des grandes \u00e9ch\u00e9ances internationales, et la confirmation qu&rsquo;un karat\u00e9 alg\u00e9rien f\u00e9minin de tr\u00e8s haut niveau est bien en train de s&rsquo;\u00e9crire.<\/p>\n\n\n\n<p>M. Dahleb<\/p>\n","protected":false},"excerpt":{"rendered":"<p>Cylia Ouik\u00e8ne n&rsquo;a pas trembl\u00e9. La karat\u00e9ka alg\u00e9rienne de 22 ans, troisi\u00e8me mondiale en cat\u00e9gorie moins de 50 kg, s&rsquo;est<\/p>\n","protected":false},"author":6,"featured_media":83487,"comment_status":"open","ping_status":"closed","sticky":false,"template":"","format":"standard","meta":{"colormag_page_container_layout":"default_layout","colormag_page_sidebar_layout":"default_layout","om_disable_all_campaigns":false,"_monsterinsights_skip_tracking":false,"_monsterinsights_sitenote_active":false,"_monsterinsights_sitenote_note":"","_monsterinsights_sitenote_category":0,"footnotes":"","_wpscppro_dont_share_socialmedia":false,"_wpscppro_custom_social_share_image":0,"_facebook_share_type":"default","_twitter_share_type":"default","_linkedin_share_type":"default","_pinterest_share_type":"default","_linkedin_share_type_page":"","_instagram_share_type":"default","_medium_share_type":"default","_threads_share_type":"default","_google_business_share_type":"default","_selected_social_profile":[],"_wpsp_enable_custom_social_template":false,"_wpsp_social_scheduling":{"enabled":false,"datetime":null,"platforms":[],"status":"template_only","dateOption":"today","timeOption":"now","customDays":"","customHours":"","customDate":"","customTime":"","schedulingType":"absolute"},"_wpsp_active_default_template":true},"categories":[33],"tags":[],"class_list":["post-83485","post","type-post","status-publish","format-standard","has-post-thumbnail","hentry","category-sports"],"aioseo_notices":[],"yoast_head":"<!-- This site is optimized with the Yoast SEO plugin v27.5 - https:\/\/yoast.com\/product\/yoast-seo-wordpress\/ -->\n<title>Karat\u00e9 \/One Premier League\u00a0: Cylia Ouik\u00e8ne en finale et vise l&rsquo;or \u00e0 Rome - La Sentinelle<\/title>\n<meta name=\"robots\" content=\"index, follow, max-snippet:-1, max-image-preview:large, max-video-preview:-1\" \/>\n<link rel=\"canonical\" href=\"https:\/\/lasentinelle.dz\/index.php\/2026\/03\/14\/karate-one-premier-league-cylia-ouikene-en-finale-et-vise-lor-a-rome\/\" \/>\n<meta property=\"og:locale\" content=\"fr_FR\" \/>\n<meta property=\"og:type\" content=\"article\" \/>\n<meta property=\"og:title\" content=\"Karat\u00e9 \/One Premier League\u00a0: Cylia Ouik\u00e8ne en finale et vise l&rsquo;or \u00e0 Rome - La Sentinelle\" \/>\n<meta property=\"og:description\" content=\"Cylia Ouik\u00e8ne n&rsquo;a pas trembl\u00e9. La karat\u00e9ka alg\u00e9rienne de 22 ans, troisi\u00e8me mondiale en cat\u00e9gorie moins de 50 kg, s&rsquo;est\" \/>\n<meta property=\"og:url\" content=\"https:\/\/lasentinelle.dz\/index.php\/2026\/03\/14\/karate-one-premier-league-cylia-ouikene-en-finale-et-vise-lor-a-rome\/\" \/>\n<meta property=\"og:site_name\" content=\"La Sentinelle\" \/>\n<meta property=\"article:publisher\" content=\"https:\/\/www.facebook.com\/La-Sentinelle-104059864394773\" \/>\n<meta property=\"article:published_time\" content=\"2026-03-14T19:12:32+00:00\" \/>\n<meta property=\"article:modified_time\" content=\"2026-03-14T19:12:33+00:00\" \/>\n<meta property=\"og:image\" content=\"https:\/\/lasentinelle.dz\/wp-content\/uploads\/2026\/03\/celia-oukene-e1773515539157.jpg\" \/>\n\t<meta property=\"og:image:width\" content=\"960\" \/>\n\t<meta property=\"og:image:height\" content=\"770\" \/>\n\t<meta property=\"og:image:type\" content=\"image\/jpeg\" \/>\n<meta name=\"author\" content=\"admin\" \/>\n<meta name=\"twitter:card\" content=\"summary_large_image\" \/>\n<meta name=\"twitter:label1\" content=\"\u00c9crit par\" \/>\n\t<meta name=\"twitter:data1\" content=\"admin\" \/>\n\t<meta name=\"twitter:label2\" content=\"Dur\u00e9e de lecture estim\u00e9e\" \/>\n\t<meta name=\"twitter:data2\" content=\"3 minutes\" \/>\n<script type=\"application\/ld+json\" class=\"yoast-schema-graph\">{\"@context\":\"https:\\\/\\\/schema.org\",\"@graph\":[{\"@type\":\"Article\",\"@id\":\"https:\\\/\\\/lasentinelle.dz\\\/index.php\\\/2026\\\/03\\\/14\\\/karate-one-premier-league-cylia-ouikene-en-finale-et-vise-lor-a-rome\\\/#article\",\"isPartOf\":{\"@id\":\"https:\\\/\\\/lasentinelle.dz\\\/index.php\\\/2026\\\/03\\\/14\\\/karate-one-premier-league-cylia-ouikene-en-finale-et-vise-lor-a-rome\\\/\"},\"author\":{\"name\":\"admin\",\"@id\":\"https:\\\/\\\/lasentinelle.dz\\\/#\\\/schema\\\/person\\\/729ee0024f24e0b8c5ec17232f8e8b41\"},\"headline\":\"Karat\u00e9 \\\/One Premier League\u00a0: Cylia Ouik\u00e8ne en finale et vise l&rsquo;or \u00e0 Rome\",\"datePublished\":\"2026-03-14T19:12:32+00:00\",\"dateModified\":\"2026-03-14T19:12:33+00:00\",\"mainEntityOfPage\":{\"@id\":\"https:\\\/\\\/lasentinelle.dz\\\/index.php\\\/2026\\\/03\\\/14\\\/karate-one-premier-league-cylia-ouikene-en-finale-et-vise-lor-a-rome\\\/\"},\"wordCount\":541,\"commentCount\":0,\"publisher\":{\"@id\":\"https:\\\/\\\/lasentinelle.dz\\\/#organization\"},\"image\":{\"@id\":\"https:\\\/\\\/lasentinelle.dz\\\/index.php\\\/2026\\\/03\\\/14\\\/karate-one-premier-league-cylia-ouikene-en-finale-et-vise-lor-a-rome\\\/#primaryimage\"},\"thumbnailUrl\":\"https:\\\/\\\/lasentinelle.dz\\\/wp-content\\\/uploads\\\/2026\\\/03\\\/celia-oukene-e1773515539157.jpg\",\"articleSection\":[\"Sports\"],\"inLanguage\":\"fr-FR\",\"potentialAction\":[{\"@type\":\"CommentAction\",\"name\":\"Comment\",\"target\":[\"https:\\\/\\\/lasentinelle.dz\\\/index.php\\\/2026\\\/03\\\/14\\\/karate-one-premier-league-cylia-ouikene-en-finale-et-vise-lor-a-rome\\\/#respond\"]}]},{\"@type\":\"WebPage\",\"@id\":\"https:\\\/\\\/lasentinelle.dz\\\/index.php\\\/2026\\\/03\\\/14\\\/karate-one-premier-league-cylia-ouikene-en-finale-et-vise-lor-a-rome\\\/\",\"url\":\"https:\\\/\\\/lasentinelle.dz\\\/index.php\\\/2026\\\/03\\\/14\\\/karate-one-premier-league-cylia-ouikene-en-finale-et-vise-lor-a-rome\\\/\",\"name\":\"Karat\u00e9 \\\/One Premier League\u00a0: Cylia Ouik\u00e8ne en finale et vise l&rsquo;or \u00e0 Rome - La Sentinelle\",\"isPartOf\":{\"@id\":\"https:\\\/\\\/lasentinelle.dz\\\/#website\"},\"primaryImageOfPage\":{\"@id\":\"https:\\\/\\\/lasentinelle.dz\\\/index.php\\\/2026\\\/03\\\/14\\\/karate-one-premier-league-cylia-ouikene-en-finale-et-vise-lor-a-rome\\\/#primaryimage\"},\"image\":{\"@id\":\"https:\\\/\\\/lasentinelle.dz\\\/index.php\\\/2026\\\/03\\\/14\\\/karate-one-premier-league-cylia-ouikene-en-finale-et-vise-lor-a-rome\\\/#primaryimage\"},\"thumbnailUrl\":\"https:\\\/\\\/lasentinelle.dz\\\/wp-content\\\/uploads\\\/2026\\\/03\\\/celia-oukene-e1773515539157.jpg\",\"datePublished\":\"2026-03-14T19:12:32+00:00\",\"dateModified\":\"2026-03-14T19:12:33+00:00\",\"breadcrumb\":{\"@id\":\"https:\\\/\\\/lasentinelle.dz\\\/index.php\\\/2026\\\/03\\\/14\\\/karate-one-premier-league-cylia-ouikene-en-finale-et-vise-lor-a-rome\\\/#breadcrumb\"},\"inLanguage\":\"fr-FR\",\"potentialAction\":[{\"@type\":\"ReadAction\",\"target\":[\"https:\\\/\\\/lasentinelle.dz\\\/index.php\\\/2026\\\/03\\\/14\\\/karate-one-premier-league-cylia-ouikene-en-finale-et-vise-lor-a-rome\\\/\"]}]},{\"@type\":\"ImageObject\",\"inLanguage\":\"fr-FR\",\"@id\":\"https:\\\/\\\/lasentinelle.dz\\\/index.php\\\/2026\\\/03\\\/14\\\/karate-one-premier-league-cylia-ouikene-en-finale-et-vise-lor-a-rome\\\/#primaryimage\",\"url\":\"https:\\\/\\\/lasentinelle.dz\\\/wp-content\\\/uploads\\\/2026\\\/03\\\/celia-oukene-e1773515539157.jpg\",\"contentUrl\":\"https:\\\/\\\/lasentinelle.dz\\\/wp-content\\\/uploads\\\/2026\\\/03\\\/celia-oukene-e1773515539157.jpg\",\"width\":960,\"height\":770},{\"@type\":\"BreadcrumbList\",\"@id\":\"https:\\\/\\\/lasentinelle.dz\\\/index.php\\\/2026\\\/03\\\/14\\\/karate-one-premier-league-cylia-ouikene-en-finale-et-vise-lor-a-rome\\\/#breadcrumb\",\"itemListElement\":[{\"@type\":\"ListItem\",\"position\":1,\"name\":\"Accueil\",\"item\":\"https:\\\/\\\/lasentinelle.dz\\\/\"},{\"@type\":\"ListItem\",\"position\":2,\"name\":\"Karat\u00e9 \\\/One Premier League\u00a0: Cylia Ouik\u00e8ne en finale et vise l&rsquo;or \u00e0 Rome\"}]},{\"@type\":\"WebSite\",\"@id\":\"https:\\\/\\\/lasentinelle.dz\\\/#website\",\"url\":\"https:\\\/\\\/lasentinelle.dz\\\/\",\"name\":\"La Sentinelle\",\"description\":\"Quotidien national d&#039;information\",\"publisher\":{\"@id\":\"https:\\\/\\\/lasentinelle.dz\\\/#organization\"},\"potentialAction\":[{\"@type\":\"SearchAction\",\"target\":{\"@type\":\"EntryPoint\",\"urlTemplate\":\"https:\\\/\\\/lasentinelle.dz\\\/?s={search_term_string}\"},\"query-input\":{\"@type\":\"PropertyValueSpecification\",\"valueRequired\":true,\"valueName\":\"search_term_string\"}}],\"inLanguage\":\"fr-FR\"},{\"@type\":\"Organization\",\"@id\":\"https:\\\/\\\/lasentinelle.dz\\\/#organization\",\"name\":\"Quotidien La Sentinelle\",\"url\":\"https:\\\/\\\/lasentinelle.dz\\\/\",\"logo\":{\"@type\":\"ImageObject\",\"inLanguage\":\"fr-FR\",\"@id\":\"https:\\\/\\\/lasentinelle.dz\\\/#\\\/schema\\\/logo\\\/image\\\/\",\"url\":\"https:\\\/\\\/lasentinelle.dz\\\/wp-content\\\/uploads\\\/2021\\\/09\\\/logo-sentinelleSLOGAN-1.png\",\"contentUrl\":\"https:\\\/\\\/lasentinelle.dz\\\/wp-content\\\/uploads\\\/2021\\\/09\\\/logo-sentinelleSLOGAN-1.png\",\"width\":615,\"height\":142,\"caption\":\"Quotidien La Sentinelle\"},\"image\":{\"@id\":\"https:\\\/\\\/lasentinelle.dz\\\/#\\\/schema\\\/logo\\\/image\\\/\"},\"sameAs\":[\"https:\\\/\\\/www.facebook.com\\\/La-Sentinelle-104059864394773\"]},{\"@type\":\"Person\",\"@id\":\"https:\\\/\\\/lasentinelle.dz\\\/#\\\/schema\\\/person\\\/729ee0024f24e0b8c5ec17232f8e8b41\",\"name\":\"admin\",\"image\":{\"@type\":\"ImageObject\",\"inLanguage\":\"fr-FR\",\"@id\":\"https:\\\/\\\/secure.gravatar.com\\\/avatar\\\/4c81fed838786e9b53f540bf46533e750f5d292099ae3b66cfc6fb1982e29df7?s=96&d=mm&r=g\",\"url\":\"https:\\\/\\\/secure.gravatar.com\\\/avatar\\\/4c81fed838786e9b53f540bf46533e750f5d292099ae3b66cfc6fb1982e29df7?s=96&d=mm&r=g\",\"contentUrl\":\"https:\\\/\\\/secure.gravatar.com\\\/avatar\\\/4c81fed838786e9b53f540bf46533e750f5d292099ae3b66cfc6fb1982e29df7?s=96&d=mm&r=g\",\"caption\":\"admin\"},\"description\":\"admin\",\"url\":\"https:\\\/\\\/lasentinelle.dz\\\/author\\\/admin\\\/\"}]}<\/script>\n<!-- \/ Yoast SEO plugin. -->","yoast_head_json":{"title":"Karat\u00e9 \/One Premier League\u00a0: Cylia Ouik\u00e8ne en finale et vise l&rsquo;or \u00e0 Rome - La Sentinelle","robots":{"index":"index","follow":"follow","max-snippet":"max-snippet:-1","max-image-preview":"max-image-preview:large","max-video-preview":"max-video-preview:-1"},"canonical":"https:\/\/lasentinelle.dz\/index.php\/2026\/03\/14\/karate-one-premier-league-cylia-ouikene-en-finale-et-vise-lor-a-rome\/","og_locale":"fr_FR","og_type":"article","og_title":"Karat\u00e9 \/One Premier League\u00a0: Cylia Ouik\u00e8ne en finale et vise l&rsquo;or \u00e0 Rome - La Sentinelle","og_description":"Cylia Ouik\u00e8ne n&rsquo;a pas trembl\u00e9. La karat\u00e9ka alg\u00e9rienne de 22 ans, troisi\u00e8me mondiale en cat\u00e9gorie moins de 50 kg, s&rsquo;est","og_url":"https:\/\/lasentinelle.dz\/index.php\/2026\/03\/14\/karate-one-premier-league-cylia-ouikene-en-finale-et-vise-lor-a-rome\/","og_site_name":"La Sentinelle","article_publisher":"https:\/\/www.facebook.com\/La-Sentinelle-104059864394773","article_published_time":"2026-03-14T19:12:32+00:00","article_modified_time":"2026-03-14T19:12:33+00:00","og_image":[{"width":960,"height":770,"url":"https:\/\/lasentinelle.dz\/wp-content\/uploads\/2026\/03\/celia-oukene-e1773515539157.jpg","type":"image\/jpeg"}],"author":"admin","twitter_card":"summary_large_image","twitter_misc":{"\u00c9crit par":"admin","Dur\u00e9e de lecture estim\u00e9e":"3 minutes"},"schema":{"@context":"https:\/\/schema.org","@graph":[{"@type":"Article","@id":"https:\/\/lasentinelle.dz\/index.php\/2026\/03\/14\/karate-one-premier-league-cylia-ouikene-en-finale-et-vise-lor-a-rome\/#article","isPartOf":{"@id":"https:\/\/lasentinelle.dz\/index.php\/2026\/03\/14\/karate-one-premier-league-cylia-ouikene-en-finale-et-vise-lor-a-rome\/"},"author":{"name":"admin","@id":"https:\/\/lasentinelle.dz\/#\/schema\/person\/729ee0024f24e0b8c5ec17232f8e8b41"},"headline":"Karat\u00e9 \/One Premier League\u00a0: Cylia Ouik\u00e8ne en finale et vise l&rsquo;or \u00e0 Rome","datePublished":"2026-03-14T19:12:32+00:00","dateModified":"2026-03-14T19:12:33+00:00","mainEntityOfPage":{"@id":"https:\/\/lasentinelle.dz\/index.php\/2026\/03\/14\/karate-one-premier-league-cylia-ouikene-en-finale-et-vise-lor-a-rome\/"},"wordCount":541,"commentCount":0,"publisher":{"@id":"https:\/\/lasentinelle.dz\/#organization"},"image":{"@id":"https:\/\/lasentinelle.dz\/index.php\/2026\/03\/14\/karate-one-premier-league-cylia-ouikene-en-finale-et-vise-lor-a-rome\/#primaryimage"},"thumbnailUrl":"https:\/\/lasentinelle.dz\/wp-content\/uploads\/2026\/03\/celia-oukene-e1773515539157.jpg","articleSection":["Sports"],"inLanguage":"fr-FR","potentialAction":[{"@type":"CommentAction","name":"Comment","target":["https:\/\/lasentinelle.dz\/index.php\/2026\/03\/14\/karate-one-premier-league-cylia-ouikene-en-finale-et-vise-lor-a-rome\/#respond"]}]},{"@type":"WebPage","@id":"https:\/\/lasentinelle.dz\/index.php\/2026\/03\/14\/karate-one-premier-league-cylia-ouikene-en-finale-et-vise-lor-a-rome\/","url":"https:\/\/lasentinelle.dz\/index.php\/2026\/03\/14\/karate-one-premier-league-cylia-ouikene-en-finale-et-vise-lor-a-rome\/","name":"Karat\u00e9 \/One Premier League\u00a0: Cylia Ouik\u00e8ne en finale et vise l&rsquo;or \u00e0 Rome - La Sentinelle","isPartOf":{"@id":"https:\/\/lasentinelle.dz\/#website"},"primaryImageOfPage":{"@id":"https:\/\/lasentinelle.dz\/index.php\/2026\/03\/14\/karate-one-premier-league-cylia-ouikene-en-finale-et-vise-lor-a-rome\/#primaryimage"},"image":{"@id":"https:\/\/lasentinelle.dz\/index.php\/2026\/03\/14\/karate-one-premier-league-cylia-ouikene-en-finale-et-vise-lor-a-rome\/#primaryimage"},"thumbnailUrl":"https:\/\/lasentinelle.dz\/wp-content\/uploads\/2026\/03\/celia-oukene-e1773515539157.jpg","datePublished":"2026-03-14T19:12:32+00:00","dateModified":"2026-03-14T19:12:33+00:00","breadcrumb":{"@id":"https:\/\/lasentinelle.dz\/index.php\/2026\/03\/14\/karate-one-premier-league-cylia-ouikene-en-finale-et-vise-lor-a-rome\/#breadcrumb"},"inLanguage":"fr-FR","potentialAction":[{"@type":"ReadAction","target":["https:\/\/lasentinelle.dz\/index.php\/2026\/03\/14\/karate-one-premier-league-cylia-ouikene-en-finale-et-vise-lor-a-rome\/"]}]},{"@type":"ImageObject","inLanguage":"fr-FR","@id":"https:\/\/lasentinelle.dz\/index.php\/2026\/03\/14\/karate-one-premier-league-cylia-ouikene-en-finale-et-vise-lor-a-rome\/#primaryimage","url":"https:\/\/lasentinelle.dz\/wp-content\/uploads\/2026\/03\/celia-oukene-e1773515539157.jpg","contentUrl":"https:\/\/lasentinelle.dz\/wp-content\/uploads\/2026\/03\/celia-oukene-e1773515539157.jpg","width":960,"height":770},{"@type":"BreadcrumbList","@id":"https:\/\/lasentinelle.dz\/index.php\/2026\/03\/14\/karate-one-premier-league-cylia-ouikene-en-finale-et-vise-lor-a-rome\/#breadcrumb","itemListElement":[{"@type":"ListItem","position":1,"name":"Accueil","item":"https:\/\/lasentinelle.dz\/"},{"@type":"ListItem","position":2,"name":"Karat\u00e9 \/One Premier League\u00a0: Cylia Ouik\u00e8ne en finale et vise l&rsquo;or \u00e0 Rome"}]},{"@type":"WebSite","@id":"https:\/\/lasentinelle.dz\/#website","url":"https:\/\/lasentinelle.dz\/","name":"La Sentinelle","description":"Quotidien national d&#039;information","publisher":{"@id":"https:\/\/lasentinelle.dz\/#organization"},"potentialAction":[{"@type":"SearchAction","target":{"@type":"EntryPoint","urlTemplate":"https:\/\/lasentinelle.dz\/?s={search_term_string}"},"query-input":{"@type":"PropertyValueSpecification","valueRequired":true,"valueName":"search_term_string"}}],"inLanguage":"fr-FR"},{"@type":"Organization","@id":"https:\/\/lasentinelle.dz\/#organization","name":"Quotidien La Sentinelle","url":"https:\/\/lasentinelle.dz\/","logo":{"@type":"ImageObject","inLanguage":"fr-FR","@id":"https:\/\/lasentinelle.dz\/#\/schema\/logo\/image\/","url":"https:\/\/lasentinelle.dz\/wp-content\/uploads\/2021\/09\/logo-sentinelleSLOGAN-1.png","contentUrl":"https:\/\/lasentinelle.dz\/wp-content\/uploads\/2021\/09\/logo-sentinelleSLOGAN-1.png","width":615,"height":142,"caption":"Quotidien La Sentinelle"},"image":{"@id":"https:\/\/lasentinelle.dz\/#\/schema\/logo\/image\/"},"sameAs":["https:\/\/www.facebook.com\/La-Sentinelle-104059864394773"]},{"@type":"Person","@id":"https:\/\/lasentinelle.dz\/#\/schema\/person\/729ee0024f24e0b8c5ec17232f8e8b41","name":"admin","image":{"@type":"ImageObject","inLanguage":"fr-FR","@id":"https:\/\/secure.gravatar.com\/avatar\/4c81fed838786e9b53f540bf46533e750f5d292099ae3b66cfc6fb1982e29df7?s=96&d=mm&r=g","url":"https:\/\/secure.gravatar.com\/avatar\/4c81fed838786e9b53f540bf46533e750f5d292099ae3b66cfc6fb1982e29df7?s=96&d=mm&r=g","contentUrl":"https:\/\/secure.gravatar.com\/avatar\/4c81fed838786e9b53f540bf46533e750f5d292099ae3b66cfc6fb1982e29df7?s=96&d=mm&r=g","caption":"admin"},"description":"admin","url":"https:\/\/lasentinelle.dz\/author\/admin\/"}]}},"_links":{"self":[{"href":"https:\/\/lasentinelle.dz\/index.php\/wp-json\/wp\/v2\/posts\/83485","targetHints":{"allow":["GET"]}}],"collection":[{"href":"https:\/\/lasentinelle.dz\/index.php\/wp-json\/wp\/v2\/posts"}],"about":[{"href":"https:\/\/lasentinelle.dz\/index.php\/wp-json\/wp\/v2\/types\/post"}],"author":[{"embeddable":true,"href":"https:\/\/lasentinelle.dz\/index.php\/wp-json\/wp\/v2\/users\/6"}],"replies":[{"embeddable":true,"href":"https:\/\/lasentinelle.dz\/index.php\/wp-json\/wp\/v2\/comments?post=83485"}],"version-history":[{"count":2,"href":"https:\/\/lasentinelle.dz\/index.php\/wp-json\/wp\/v2\/posts\/83485\/revisions"}],"predecessor-version":[{"id":83489,"href":"https:\/\/lasentinelle.dz\/index.php\/wp-json\/wp\/v2\/posts\/83485\/revisions\/83489"}],"wp:featuredmedia":[{"embeddable":true,"href":"https:\/\/lasentinelle.dz\/index.php\/wp-json\/wp\/v2\/media\/83487"}],"wp:attachment":[{"href":"https:\/\/lasentinelle.dz\/index.php\/wp-json\/wp\/v2\/media?parent=83485"}],"wp:term":[{"taxonomy":"category","embeddable":true,"href":"https:\/\/lasentinelle.dz\/index.php\/wp-json\/wp\/v2\/categories?post=83485"},{"taxonomy":"post_tag","embeddable":true,"href":"https:\/\/lasentinelle.dz\/index.php\/wp-json\/wp\/v2\/tags?post=83485"}],"curies":[{"name":"wp","href":"https:\/\/api.w.org\/{rel}","templated":true}]}}