{"id":83490,"date":"2026-03-14T20:13:44","date_gmt":"2026-03-14T19:13:44","guid":{"rendered":"https:\/\/lasentinelle.dz\/?p=83490"},"modified":"2026-03-14T20:13:45","modified_gmt":"2026-03-14T19:13:45","slug":"coupe-du-monde-2026-la-fifa-sous-pression-pour-revoir-ses-primes-a-la-hausse","status":"publish","type":"post","link":"https:\/\/lasentinelle.dz\/index.php\/2026\/03\/14\/coupe-du-monde-2026-la-fifa-sous-pression-pour-revoir-ses-primes-a-la-hausse\/","title":{"rendered":"Coupe du monde 2026\u00a0: La FIFA sous pression pour revoir ses primes \u00e0 la hausse"},"content":{"rendered":"\n<p>\u00c0 moins de trois mois du coup d&rsquo;envoi de la Coupe du monde 2026, la FIFA se trouve contrainte de rouvrir le dossier des primes financi\u00e8res allou\u00e9es aux s\u00e9lections participantes. Sous la pression croissante de plusieurs f\u00e9d\u00e9rations nationales, notamment europ\u00e9ennes, l&rsquo;instance dirigeante du football mondial s&rsquo;appr\u00eate \u00e0 revoir un syst\u00e8me de r\u00e9mun\u00e9ration jug\u00e9 insuffisant au regard des revenus colossaux g\u00e9n\u00e9r\u00e9s par la comp\u00e9tition. C&rsquo;est le quotidien sportif fran\u00e7ais L&rsquo;\u00c9quipe qui a r\u00e9v\u00e9l\u00e9 l&rsquo;information ce samedi, mettant en lumi\u00e8re un bras de fer discret mais tendu entre la FIFA et plusieurs f\u00e9d\u00e9rations membres. Si les dotations financi\u00e8res de l&rsquo;\u00e9dition 2026 ont pourtant \u00e9t\u00e9 revues \u00e0 la hausse par rapport au Mondial qatari de 2022 \u2014 le champion du monde empochera d\u00e9sormais 50 millions de dollars contre 42 millions lors de la pr\u00e9c\u00e9dente \u00e9dition \u2014, cette augmentation ne satisfait pas une large partie des f\u00e9d\u00e9rations concern\u00e9es, qui la jugent d\u00e9risoire au regard des profits engrang\u00e9s par l&rsquo;organisation. Plusieurs facteurs alimentent ce m\u00e9contentement. En premier lieu, la fiscalit\u00e9 am\u00e9ricaine. Les \u00c9tats-Unis, pays h\u00f4te principal de ce Mondial organis\u00e9 conjointement avec le Canada et le Mexique, appliquent des pr\u00e9l\u00e8vements fiscaux sur les gains per\u00e7us sur leur territoire, ce qui r\u00e9duit m\u00e9caniquement la part nette revenant aux f\u00e9d\u00e9rations. \u00c0 cela s&rsquo;ajoutent les fluctuations du taux de change entre le dollar et l&rsquo;euro, d\u00e9favorables aux f\u00e9d\u00e9rations du Vieux Continent, ainsi que la hausse significative des co\u00fbts de d\u00e9placement, d&rsquo;h\u00e9bergement et de pr\u00e9paration, qui p\u00e8sent lourdement sur les budgets des s\u00e9lections engag\u00e9es dans la comp\u00e9tition. Mais c&rsquo;est sans doute la comparaison avec la Coupe du monde des clubs qui a mis le feu aux poudres. Le club de Chelsea, sacr\u00e9 champion lors de la premi\u00e8re \u00e9dition de la comp\u00e9tition dans son nouveau format, a per\u00e7u pr\u00e8s de 125 millions de dollars, soit une somme largement sup\u00e9rieure \u00e0 la prime r\u00e9serv\u00e9e au vainqueur du tournoi des nations. Un \u00e9cart jug\u00e9 ind\u00e9cent par de nombreuses f\u00e9d\u00e9rations, qui peinent \u00e0 comprendre pourquoi une \u00e9preuve de clubs serait mieux dot\u00e9e que la comp\u00e9tition reine du football international.<\/p>\n\n\n\n<p>Plusieurs f\u00e9d\u00e9rations europ\u00e9ennes ont d\u00e9cid\u00e9 de ne pas en rester l\u00e0. Celles de France et d&rsquo;Allemagne figurent parmi les plus actives dans ce mouvement de contestation. C&rsquo;est l&rsquo;UEFA qui coordonne les n\u00e9gociations avec la FIFA au nom des f\u00e9d\u00e9rations europ\u00e9ennes, dans l&rsquo;espoir de parvenir \u00e0 un accord avant le coup d&rsquo;envoi du tournoi, pr\u00e9vu du 11 juin au 19 juillet 2026. Sur la table des n\u00e9gociations, plusieurs pistes sont \u00e0 l&rsquo;\u00e9tude. La dotation globale du tournoi s&rsquo;\u00e9l\u00e8ve actuellement \u00e0 727 millions de dollars. Des propositions circulent pour augmenter les allocations de d\u00e9penses accord\u00e9es \u00e0 chaque s\u00e9lection, fix\u00e9es pour l&rsquo;heure \u00e0 1,5 million de dollars, et pour revaloriser la prime de participation, estim\u00e9e \u00e0 9 millions de dollars par \u00e9quipe pour chacune des 48 s\u00e9lections qualifi\u00e9es.<\/p>\n\n\n\n<p>Le d\u00e9nouement de ce bras de fer est attendu lors du congr\u00e8s de la FIFA pr\u00e9vu le 30 avril prochain \u00e0 Vancouver, au Canada. C&rsquo;est \u00e0 cette occasion que l&rsquo;instance internationale devrait annoncer d&rsquo;\u00e9ventuels ajustements financiers, dans l&rsquo;objectif d&rsquo;apaiser les f\u00e9d\u00e9rations contestataires et de garantir les meilleures conditions de participation \u00e0 ce qui sera, avec 48 \u00e9quipes et 104 matchs au programme, la plus grande Coupe du monde de l&rsquo;histoire.<\/p>\n\n\n\n<p>M.D.<\/p>\n","protected":false},"excerpt":{"rendered":"<p>\u00c0 moins de trois mois du coup d&rsquo;envoi de la Coupe du monde 2026, la FIFA se trouve contrainte de<\/p>\n","protected":false},"author":6,"featured_media":1766,"comment_status":"open","ping_status":"closed","sticky":false,"template":"","format":"standard","meta":{"colormag_page_container_layout":"default_layout","colormag_page_sidebar_layout":"default_layout","om_disable_all_campaigns":false,"_monsterinsights_skip_tracking":false,"_monsterinsights_sitenote_active":false,"_monsterinsights_sitenote_note":"","_monsterinsights_sitenote_category":0,"footnotes":"","_wpscppro_dont_share_socialmedia":false,"_wpscppro_custom_social_share_image":0,"_facebook_share_type":"default","_twitter_share_type":"default","_linkedin_share_type":"default","_pinterest_share_type":"default","_linkedin_share_type_page":"","_instagram_share_type":"default","_medium_share_type":"default","_threads_share_type":"default","_google_business_share_type":"default","_selected_social_profile":[],"_wpsp_enable_custom_social_template":false,"_wpsp_social_scheduling":{"enabled":false,"datetime":null,"platforms":[],"status":"template_only","dateOption":"today","timeOption":"now","customDays":"","customHours":"","customDate":"","customTime":"","schedulingType":"absolute"},"_wpsp_active_default_template":true},"categories":[33],"tags":[],"class_list":["post-83490","post","type-post","status-publish","format-standard","has-post-thumbnail","hentry","category-sports"],"aioseo_notices":[],"yoast_head":"<!-- This site is optimized with the Yoast SEO plugin v27.5 - https:\/\/yoast.com\/product\/yoast-seo-wordpress\/ -->\n<title>Coupe du monde 2026\u00a0: La FIFA sous pression pour revoir ses primes \u00e0 la hausse - La Sentinelle<\/title>\n<meta name=\"robots\" content=\"index, follow, max-snippet:-1, max-image-preview:large, max-video-preview:-1\" \/>\n<link rel=\"canonical\" href=\"https:\/\/lasentinelle.dz\/index.php\/2026\/03\/14\/coupe-du-monde-2026-la-fifa-sous-pression-pour-revoir-ses-primes-a-la-hausse\/\" \/>\n<meta property=\"og:locale\" content=\"fr_FR\" \/>\n<meta property=\"og:type\" content=\"article\" \/>\n<meta property=\"og:title\" content=\"Coupe du monde 2026\u00a0: La FIFA sous pression pour revoir ses primes \u00e0 la hausse - La Sentinelle\" \/>\n<meta property=\"og:description\" content=\"\u00c0 moins de trois mois du coup d&rsquo;envoi de la Coupe du monde 2026, la FIFA se trouve contrainte de\" \/>\n<meta property=\"og:url\" content=\"https:\/\/lasentinelle.dz\/index.php\/2026\/03\/14\/coupe-du-monde-2026-la-fifa-sous-pression-pour-revoir-ses-primes-a-la-hausse\/\" \/>\n<meta property=\"og:site_name\" content=\"La Sentinelle\" \/>\n<meta property=\"article:publisher\" content=\"https:\/\/www.facebook.com\/La-Sentinelle-104059864394773\" \/>\n<meta property=\"article:published_time\" content=\"2026-03-14T19:13:44+00:00\" \/>\n<meta property=\"article:modified_time\" content=\"2026-03-14T19:13:45+00:00\" \/>\n<meta property=\"og:image\" content=\"https:\/\/lasentinelle.dz\/wp-content\/uploads\/2021\/07\/FIFA.png\" \/>\n\t<meta property=\"og:image:width\" content=\"1600\" \/>\n\t<meta property=\"og:image:height\" content=\"900\" \/>\n\t<meta property=\"og:image:type\" content=\"image\/png\" \/>\n<meta name=\"author\" content=\"admin\" \/>\n<meta name=\"twitter:card\" content=\"summary_large_image\" \/>\n<meta name=\"twitter:label1\" content=\"\u00c9crit par\" \/>\n\t<meta name=\"twitter:data1\" content=\"admin\" \/>\n\t<meta name=\"twitter:label2\" content=\"Dur\u00e9e de lecture estim\u00e9e\" \/>\n\t<meta name=\"twitter:data2\" content=\"3 minutes\" \/>\n<script type=\"application\/ld+json\" class=\"yoast-schema-graph\">{\"@context\":\"https:\\\/\\\/schema.org\",\"@graph\":[{\"@type\":\"Article\",\"@id\":\"https:\\\/\\\/lasentinelle.dz\\\/index.php\\\/2026\\\/03\\\/14\\\/coupe-du-monde-2026-la-fifa-sous-pression-pour-revoir-ses-primes-a-la-hausse\\\/#article\",\"isPartOf\":{\"@id\":\"https:\\\/\\\/lasentinelle.dz\\\/index.php\\\/2026\\\/03\\\/14\\\/coupe-du-monde-2026-la-fifa-sous-pression-pour-revoir-ses-primes-a-la-hausse\\\/\"},\"author\":{\"name\":\"admin\",\"@id\":\"https:\\\/\\\/lasentinelle.dz\\\/#\\\/schema\\\/person\\\/729ee0024f24e0b8c5ec17232f8e8b41\"},\"headline\":\"Coupe du monde 2026\u00a0: La FIFA sous pression pour revoir ses primes \u00e0 la hausse\",\"datePublished\":\"2026-03-14T19:13:44+00:00\",\"dateModified\":\"2026-03-14T19:13:45+00:00\",\"mainEntityOfPage\":{\"@id\":\"https:\\\/\\\/lasentinelle.dz\\\/index.php\\\/2026\\\/03\\\/14\\\/coupe-du-monde-2026-la-fifa-sous-pression-pour-revoir-ses-primes-a-la-hausse\\\/\"},\"wordCount\":624,\"commentCount\":0,\"publisher\":{\"@id\":\"https:\\\/\\\/lasentinelle.dz\\\/#organization\"},\"image\":{\"@id\":\"https:\\\/\\\/lasentinelle.dz\\\/index.php\\\/2026\\\/03\\\/14\\\/coupe-du-monde-2026-la-fifa-sous-pression-pour-revoir-ses-primes-a-la-hausse\\\/#primaryimage\"},\"thumbnailUrl\":\"https:\\\/\\\/lasentinelle.dz\\\/wp-content\\\/uploads\\\/2021\\\/07\\\/FIFA.png\",\"articleSection\":[\"Sports\"],\"inLanguage\":\"fr-FR\",\"potentialAction\":[{\"@type\":\"CommentAction\",\"name\":\"Comment\",\"target\":[\"https:\\\/\\\/lasentinelle.dz\\\/index.php\\\/2026\\\/03\\\/14\\\/coupe-du-monde-2026-la-fifa-sous-pression-pour-revoir-ses-primes-a-la-hausse\\\/#respond\"]}]},{\"@type\":\"WebPage\",\"@id\":\"https:\\\/\\\/lasentinelle.dz\\\/index.php\\\/2026\\\/03\\\/14\\\/coupe-du-monde-2026-la-fifa-sous-pression-pour-revoir-ses-primes-a-la-hausse\\\/\",\"url\":\"https:\\\/\\\/lasentinelle.dz\\\/index.php\\\/2026\\\/03\\\/14\\\/coupe-du-monde-2026-la-fifa-sous-pression-pour-revoir-ses-primes-a-la-hausse\\\/\",\"name\":\"Coupe du monde 2026\u00a0: La FIFA sous pression pour revoir ses primes \u00e0 la hausse - La Sentinelle\",\"isPartOf\":{\"@id\":\"https:\\\/\\\/lasentinelle.dz\\\/#website\"},\"primaryImageOfPage\":{\"@id\":\"https:\\\/\\\/lasentinelle.dz\\\/index.php\\\/2026\\\/03\\\/14\\\/coupe-du-monde-2026-la-fifa-sous-pression-pour-revoir-ses-primes-a-la-hausse\\\/#primaryimage\"},\"image\":{\"@id\":\"https:\\\/\\\/lasentinelle.dz\\\/index.php\\\/2026\\\/03\\\/14\\\/coupe-du-monde-2026-la-fifa-sous-pression-pour-revoir-ses-primes-a-la-hausse\\\/#primaryimage\"},\"thumbnailUrl\":\"https:\\\/\\\/lasentinelle.dz\\\/wp-content\\\/uploads\\\/2021\\\/07\\\/FIFA.png\",\"datePublished\":\"2026-03-14T19:13:44+00:00\",\"dateModified\":\"2026-03-14T19:13:45+00:00\",\"breadcrumb\":{\"@id\":\"https:\\\/\\\/lasentinelle.dz\\\/index.php\\\/2026\\\/03\\\/14\\\/coupe-du-monde-2026-la-fifa-sous-pression-pour-revoir-ses-primes-a-la-hausse\\\/#breadcrumb\"},\"inLanguage\":\"fr-FR\",\"potentialAction\":[{\"@type\":\"ReadAction\",\"target\":[\"https:\\\/\\\/lasentinelle.dz\\\/index.php\\\/2026\\\/03\\\/14\\\/coupe-du-monde-2026-la-fifa-sous-pression-pour-revoir-ses-primes-a-la-hausse\\\/\"]}]},{\"@type\":\"ImageObject\",\"inLanguage\":\"fr-FR\",\"@id\":\"https:\\\/\\\/lasentinelle.dz\\\/index.php\\\/2026\\\/03\\\/14\\\/coupe-du-monde-2026-la-fifa-sous-pression-pour-revoir-ses-primes-a-la-hausse\\\/#primaryimage\",\"url\":\"https:\\\/\\\/lasentinelle.dz\\\/wp-content\\\/uploads\\\/2021\\\/07\\\/FIFA.png\",\"contentUrl\":\"https:\\\/\\\/lasentinelle.dz\\\/wp-content\\\/uploads\\\/2021\\\/07\\\/FIFA.png\",\"width\":1600,\"height\":900},{\"@type\":\"BreadcrumbList\",\"@id\":\"https:\\\/\\\/lasentinelle.dz\\\/index.php\\\/2026\\\/03\\\/14\\\/coupe-du-monde-2026-la-fifa-sous-pression-pour-revoir-ses-primes-a-la-hausse\\\/#breadcrumb\",\"itemListElement\":[{\"@type\":\"ListItem\",\"position\":1,\"name\":\"Accueil\",\"item\":\"https:\\\/\\\/lasentinelle.dz\\\/\"},{\"@type\":\"ListItem\",\"position\":2,\"name\":\"Coupe du monde 2026\u00a0: La FIFA sous pression pour revoir ses primes \u00e0 la hausse\"}]},{\"@type\":\"WebSite\",\"@id\":\"https:\\\/\\\/lasentinelle.dz\\\/#website\",\"url\":\"https:\\\/\\\/lasentinelle.dz\\\/\",\"name\":\"La Sentinelle\",\"description\":\"Quotidien national d&#039;information\",\"publisher\":{\"@id\":\"https:\\\/\\\/lasentinelle.dz\\\/#organization\"},\"potentialAction\":[{\"@type\":\"SearchAction\",\"target\":{\"@type\":\"EntryPoint\",\"urlTemplate\":\"https:\\\/\\\/lasentinelle.dz\\\/?s={search_term_string}\"},\"query-input\":{\"@type\":\"PropertyValueSpecification\",\"valueRequired\":true,\"valueName\":\"search_term_string\"}}],\"inLanguage\":\"fr-FR\"},{\"@type\":\"Organization\",\"@id\":\"https:\\\/\\\/lasentinelle.dz\\\/#organization\",\"name\":\"Quotidien La Sentinelle\",\"url\":\"https:\\\/\\\/lasentinelle.dz\\\/\",\"logo\":{\"@type\":\"ImageObject\",\"inLanguage\":\"fr-FR\",\"@id\":\"https:\\\/\\\/lasentinelle.dz\\\/#\\\/schema\\\/logo\\\/image\\\/\",\"url\":\"https:\\\/\\\/lasentinelle.dz\\\/wp-content\\\/uploads\\\/2021\\\/09\\\/logo-sentinelleSLOGAN-1.png\",\"contentUrl\":\"https:\\\/\\\/lasentinelle.dz\\\/wp-content\\\/uploads\\\/2021\\\/09\\\/logo-sentinelleSLOGAN-1.png\",\"width\":615,\"height\":142,\"caption\":\"Quotidien La Sentinelle\"},\"image\":{\"@id\":\"https:\\\/\\\/lasentinelle.dz\\\/#\\\/schema\\\/logo\\\/image\\\/\"},\"sameAs\":[\"https:\\\/\\\/www.facebook.com\\\/La-Sentinelle-104059864394773\"]},{\"@type\":\"Person\",\"@id\":\"https:\\\/\\\/lasentinelle.dz\\\/#\\\/schema\\\/person\\\/729ee0024f24e0b8c5ec17232f8e8b41\",\"name\":\"admin\",\"image\":{\"@type\":\"ImageObject\",\"inLanguage\":\"fr-FR\",\"@id\":\"https:\\\/\\\/secure.gravatar.com\\\/avatar\\\/4c81fed838786e9b53f540bf46533e750f5d292099ae3b66cfc6fb1982e29df7?s=96&d=mm&r=g\",\"url\":\"https:\\\/\\\/secure.gravatar.com\\\/avatar\\\/4c81fed838786e9b53f540bf46533e750f5d292099ae3b66cfc6fb1982e29df7?s=96&d=mm&r=g\",\"contentUrl\":\"https:\\\/\\\/secure.gravatar.com\\\/avatar\\\/4c81fed838786e9b53f540bf46533e750f5d292099ae3b66cfc6fb1982e29df7?s=96&d=mm&r=g\",\"caption\":\"admin\"},\"description\":\"admin\",\"url\":\"https:\\\/\\\/lasentinelle.dz\\\/author\\\/admin\\\/\"}]}<\/script>\n<!-- \/ Yoast SEO plugin. -->","yoast_head_json":{"title":"Coupe du monde 2026\u00a0: La FIFA sous pression pour revoir ses primes \u00e0 la hausse - La Sentinelle","robots":{"index":"index","follow":"follow","max-snippet":"max-snippet:-1","max-image-preview":"max-image-preview:large","max-video-preview":"max-video-preview:-1"},"canonical":"https:\/\/lasentinelle.dz\/index.php\/2026\/03\/14\/coupe-du-monde-2026-la-fifa-sous-pression-pour-revoir-ses-primes-a-la-hausse\/","og_locale":"fr_FR","og_type":"article","og_title":"Coupe du monde 2026\u00a0: La FIFA sous pression pour revoir ses primes \u00e0 la hausse - La Sentinelle","og_description":"\u00c0 moins de trois mois du coup d&rsquo;envoi de la Coupe du monde 2026, la FIFA se trouve contrainte de","og_url":"https:\/\/lasentinelle.dz\/index.php\/2026\/03\/14\/coupe-du-monde-2026-la-fifa-sous-pression-pour-revoir-ses-primes-a-la-hausse\/","og_site_name":"La Sentinelle","article_publisher":"https:\/\/www.facebook.com\/La-Sentinelle-104059864394773","article_published_time":"2026-03-14T19:13:44+00:00","article_modified_time":"2026-03-14T19:13:45+00:00","og_image":[{"width":1600,"height":900,"url":"https:\/\/lasentinelle.dz\/wp-content\/uploads\/2021\/07\/FIFA.png","type":"image\/png"}],"author":"admin","twitter_card":"summary_large_image","twitter_misc":{"\u00c9crit par":"admin","Dur\u00e9e de lecture estim\u00e9e":"3 minutes"},"schema":{"@context":"https:\/\/schema.org","@graph":[{"@type":"Article","@id":"https:\/\/lasentinelle.dz\/index.php\/2026\/03\/14\/coupe-du-monde-2026-la-fifa-sous-pression-pour-revoir-ses-primes-a-la-hausse\/#article","isPartOf":{"@id":"https:\/\/lasentinelle.dz\/index.php\/2026\/03\/14\/coupe-du-monde-2026-la-fifa-sous-pression-pour-revoir-ses-primes-a-la-hausse\/"},"author":{"name":"admin","@id":"https:\/\/lasentinelle.dz\/#\/schema\/person\/729ee0024f24e0b8c5ec17232f8e8b41"},"headline":"Coupe du monde 2026\u00a0: La FIFA sous pression pour revoir ses primes \u00e0 la hausse","datePublished":"2026-03-14T19:13:44+00:00","dateModified":"2026-03-14T19:13:45+00:00","mainEntityOfPage":{"@id":"https:\/\/lasentinelle.dz\/index.php\/2026\/03\/14\/coupe-du-monde-2026-la-fifa-sous-pression-pour-revoir-ses-primes-a-la-hausse\/"},"wordCount":624,"commentCount":0,"publisher":{"@id":"https:\/\/lasentinelle.dz\/#organization"},"image":{"@id":"https:\/\/lasentinelle.dz\/index.php\/2026\/03\/14\/coupe-du-monde-2026-la-fifa-sous-pression-pour-revoir-ses-primes-a-la-hausse\/#primaryimage"},"thumbnailUrl":"https:\/\/lasentinelle.dz\/wp-content\/uploads\/2021\/07\/FIFA.png","articleSection":["Sports"],"inLanguage":"fr-FR","potentialAction":[{"@type":"CommentAction","name":"Comment","target":["https:\/\/lasentinelle.dz\/index.php\/2026\/03\/14\/coupe-du-monde-2026-la-fifa-sous-pression-pour-revoir-ses-primes-a-la-hausse\/#respond"]}]},{"@type":"WebPage","@id":"https:\/\/lasentinelle.dz\/index.php\/2026\/03\/14\/coupe-du-monde-2026-la-fifa-sous-pression-pour-revoir-ses-primes-a-la-hausse\/","url":"https:\/\/lasentinelle.dz\/index.php\/2026\/03\/14\/coupe-du-monde-2026-la-fifa-sous-pression-pour-revoir-ses-primes-a-la-hausse\/","name":"Coupe du monde 2026\u00a0: La FIFA sous pression pour revoir ses primes \u00e0 la hausse - La Sentinelle","isPartOf":{"@id":"https:\/\/lasentinelle.dz\/#website"},"primaryImageOfPage":{"@id":"https:\/\/lasentinelle.dz\/index.php\/2026\/03\/14\/coupe-du-monde-2026-la-fifa-sous-pression-pour-revoir-ses-primes-a-la-hausse\/#primaryimage"},"image":{"@id":"https:\/\/lasentinelle.dz\/index.php\/2026\/03\/14\/coupe-du-monde-2026-la-fifa-sous-pression-pour-revoir-ses-primes-a-la-hausse\/#primaryimage"},"thumbnailUrl":"https:\/\/lasentinelle.dz\/wp-content\/uploads\/2021\/07\/FIFA.png","datePublished":"2026-03-14T19:13:44+00:00","dateModified":"2026-03-14T19:13:45+00:00","breadcrumb":{"@id":"https:\/\/lasentinelle.dz\/index.php\/2026\/03\/14\/coupe-du-monde-2026-la-fifa-sous-pression-pour-revoir-ses-primes-a-la-hausse\/#breadcrumb"},"inLanguage":"fr-FR","potentialAction":[{"@type":"ReadAction","target":["https:\/\/lasentinelle.dz\/index.php\/2026\/03\/14\/coupe-du-monde-2026-la-fifa-sous-pression-pour-revoir-ses-primes-a-la-hausse\/"]}]},{"@type":"ImageObject","inLanguage":"fr-FR","@id":"https:\/\/lasentinelle.dz\/index.php\/2026\/03\/14\/coupe-du-monde-2026-la-fifa-sous-pression-pour-revoir-ses-primes-a-la-hausse\/#primaryimage","url":"https:\/\/lasentinelle.dz\/wp-content\/uploads\/2021\/07\/FIFA.png","contentUrl":"https:\/\/lasentinelle.dz\/wp-content\/uploads\/2021\/07\/FIFA.png","width":1600,"height":900},{"@type":"BreadcrumbList","@id":"https:\/\/lasentinelle.dz\/index.php\/2026\/03\/14\/coupe-du-monde-2026-la-fifa-sous-pression-pour-revoir-ses-primes-a-la-hausse\/#breadcrumb","itemListElement":[{"@type":"ListItem","position":1,"name":"Accueil","item":"https:\/\/lasentinelle.dz\/"},{"@type":"ListItem","position":2,"name":"Coupe du monde 2026\u00a0: La FIFA sous pression pour revoir ses primes \u00e0 la hausse"}]},{"@type":"WebSite","@id":"https:\/\/lasentinelle.dz\/#website","url":"https:\/\/lasentinelle.dz\/","name":"La Sentinelle","description":"Quotidien national d&#039;information","publisher":{"@id":"https:\/\/lasentinelle.dz\/#organization"},"potentialAction":[{"@type":"SearchAction","target":{"@type":"EntryPoint","urlTemplate":"https:\/\/lasentinelle.dz\/?s={search_term_string}"},"query-input":{"@type":"PropertyValueSpecification","valueRequired":true,"valueName":"search_term_string"}}],"inLanguage":"fr-FR"},{"@type":"Organization","@id":"https:\/\/lasentinelle.dz\/#organization","name":"Quotidien La Sentinelle","url":"https:\/\/lasentinelle.dz\/","logo":{"@type":"ImageObject","inLanguage":"fr-FR","@id":"https:\/\/lasentinelle.dz\/#\/schema\/logo\/image\/","url":"https:\/\/lasentinelle.dz\/wp-content\/uploads\/2021\/09\/logo-sentinelleSLOGAN-1.png","contentUrl":"https:\/\/lasentinelle.dz\/wp-content\/uploads\/2021\/09\/logo-sentinelleSLOGAN-1.png","width":615,"height":142,"caption":"Quotidien La Sentinelle"},"image":{"@id":"https:\/\/lasentinelle.dz\/#\/schema\/logo\/image\/"},"sameAs":["https:\/\/www.facebook.com\/La-Sentinelle-104059864394773"]},{"@type":"Person","@id":"https:\/\/lasentinelle.dz\/#\/schema\/person\/729ee0024f24e0b8c5ec17232f8e8b41","name":"admin","image":{"@type":"ImageObject","inLanguage":"fr-FR","@id":"https:\/\/secure.gravatar.com\/avatar\/4c81fed838786e9b53f540bf46533e750f5d292099ae3b66cfc6fb1982e29df7?s=96&d=mm&r=g","url":"https:\/\/secure.gravatar.com\/avatar\/4c81fed838786e9b53f540bf46533e750f5d292099ae3b66cfc6fb1982e29df7?s=96&d=mm&r=g","contentUrl":"https:\/\/secure.gravatar.com\/avatar\/4c81fed838786e9b53f540bf46533e750f5d292099ae3b66cfc6fb1982e29df7?s=96&d=mm&r=g","caption":"admin"},"description":"admin","url":"https:\/\/lasentinelle.dz\/author\/admin\/"}]}},"_links":{"self":[{"href":"https:\/\/lasentinelle.dz\/index.php\/wp-json\/wp\/v2\/posts\/83490","targetHints":{"allow":["GET"]}}],"collection":[{"href":"https:\/\/lasentinelle.dz\/index.php\/wp-json\/wp\/v2\/posts"}],"about":[{"href":"https:\/\/lasentinelle.dz\/index.php\/wp-json\/wp\/v2\/types\/post"}],"author":[{"embeddable":true,"href":"https:\/\/lasentinelle.dz\/index.php\/wp-json\/wp\/v2\/users\/6"}],"replies":[{"embeddable":true,"href":"https:\/\/lasentinelle.dz\/index.php\/wp-json\/wp\/v2\/comments?post=83490"}],"version-history":[{"count":1,"href":"https:\/\/lasentinelle.dz\/index.php\/wp-json\/wp\/v2\/posts\/83490\/revisions"}],"predecessor-version":[{"id":83491,"href":"https:\/\/lasentinelle.dz\/index.php\/wp-json\/wp\/v2\/posts\/83490\/revisions\/83491"}],"wp:featuredmedia":[{"embeddable":true,"href":"https:\/\/lasentinelle.dz\/index.php\/wp-json\/wp\/v2\/media\/1766"}],"wp:attachment":[{"href":"https:\/\/lasentinelle.dz\/index.php\/wp-json\/wp\/v2\/media?parent=83490"}],"wp:term":[{"taxonomy":"category","embeddable":true,"href":"https:\/\/lasentinelle.dz\/index.php\/wp-json\/wp\/v2\/categories?post=83490"},{"taxonomy":"post_tag","embeddable":true,"href":"https:\/\/lasentinelle.dz\/index.php\/wp-json\/wp\/v2\/tags?post=83490"}],"curies":[{"name":"wp","href":"https:\/\/api.w.org\/{rel}","templated":true}]}}