{"id":83499,"date":"2026-03-14T20:16:57","date_gmt":"2026-03-14T19:16:57","guid":{"rendered":"https:\/\/lasentinelle.dz\/?p=83499"},"modified":"2026-03-14T20:16:58","modified_gmt":"2026-03-14T19:16:58","slug":"petkovic-devoile-sa-liste-mercredi-les-fennecs-se-preparent-en-grand-pour-le-mondial","status":"publish","type":"post","link":"https:\/\/lasentinelle.dz\/index.php\/2026\/03\/14\/petkovic-devoile-sa-liste-mercredi-les-fennecs-se-preparent-en-grand-pour-le-mondial\/","title":{"rendered":"Petkovic d\u00e9voile sa liste mercredi\u00a0: Les Fennecs se pr\u00e9parent en grand pour le Mondial"},"content":{"rendered":"\n<p>C&rsquo;est mercredi soir que Vladimir Petkovic l\u00e8vera le voile sur les joueurs retenus pour les deux matchs amicaux face au Guatemala et \u00e0 l&rsquo;Uruguay, pr\u00e9vus respectivement les 27 et 31 mars en Italie. Une \u00e9ch\u00e9ance cruciale dans la pr\u00e9paration des Verts pour la Coupe du monde 2026, o\u00f9 l&rsquo;Alg\u00e9rie \u00e9voluera dans le groupe J aux c\u00f4t\u00e9s de l&rsquo;Argentine, de l&rsquo;Autriche et de la Jordanie.<\/p>\n\n\n\n<p>La conf\u00e9rence de presse du s\u00e9lectionneur national est programm\u00e9e \u00e0 21h00 \u00e0 la salle Mohamed Sellah du stade Nelson-Mandela de Baraki. C&rsquo;est l\u00e0 que Petkovic, fid\u00e8le \u00e0 son rituel, \u00e9gr\u00e8nera les noms de ceux qu&rsquo;il a choisis pour repr\u00e9senter les couleurs nationales lors de la fen\u00eatre internationale de mars. La F\u00e9d\u00e9ration alg\u00e9rienne de football (FAF) en a fait l&rsquo;annonce vendredi soir dans un communiqu\u00e9 publi\u00e9 sur son site officiel, mettant fin \u00e0 plusieurs jours de sp\u00e9culations et de rumeurs qui agitaient la toile et les cercles du football alg\u00e9rien.<\/p>\n\n\n\n<p>Les deux rendez-vous italiens s&rsquo;annoncent riches d&rsquo;enseignements. Le premier opposera les Fennecs au Guatemala, le vendredi 27 mars au Stade Luigi Ferraris de G\u00eanes, une enceinte au cachet historique ind\u00e9niable. Quatre jours plus tard, le mardi 31 mars, c&rsquo;est face \u00e0 l&rsquo;Uruguay que les Verts seront attendus \u00e0 l&rsquo;Allianz Stadium de Turin, un adversaire d&rsquo;un tout autre calibre. La Celeste, port\u00e9e notamment par Federico Valverde, le milieu du Real Madrid, constituera un test autrement plus s\u00e9rieux pour jauger le niveau r\u00e9el de la s\u00e9lection alg\u00e9rienne \u00e0 quelques semaines du Mondial. Le coup d&rsquo;envoi des deux rencontres est fix\u00e9 \u00e0 20h30, heure alg\u00e9rienne.<\/p>\n\n\n\n<p>Cette double confrontation marque le retour sur sc\u00e8ne des Fennecs, pr\u00e8s de deux mois apr\u00e8s leur \u00e9limination en quarts de finale de la Coupe d&rsquo;Afrique des nations CAN-2025. Le 10 janvier dernier, l&rsquo;Alg\u00e9rie s&rsquo;\u00e9tait inclin\u00e9e face au Nigeria sur le score de deux buts \u00e0 z\u00e9ro, une d\u00e9faite qui avait mis un terme pr\u00e9matur\u00e9 \u00e0 l&rsquo;aventure des hommes de Petkovic. La fen\u00eatre de mars sera donc la premi\u00e8re occasion pour le s\u00e9lectionneur suisse de tourner la page et de relancer la dynamique collective en vue de l&rsquo;objectif principal : la Coupe du monde aux \u00c9tats-Unis.<\/p>\n\n\n\n<p>Avant de s&rsquo;envoler pour l&rsquo;Am\u00e9rique, les Verts auront encore une ultime r\u00e9p\u00e9tition. Le mercredi 3 juin, quelques jours seulement avant leur d\u00e9part pour les \u00c9tats-Unis, l&rsquo;Alg\u00e9rie affrontera les Pays-Bas au stade de Rotterdam, coup d&rsquo;envoi \u00e0 19h45, heure alg\u00e9rienne. Un adversaire de prestige qui permettra \u00e0 Petkovic de peaufiner ses derniers r\u00e9glages avant l&rsquo;entr\u00e9e dans la comp\u00e9tition. L&rsquo;Alg\u00e9rie est vers\u00e9e dans le groupe J, aux c\u00f4t\u00e9s de l&rsquo;Argentine championne du monde en titre, de l&rsquo;Autriche et de la Jordanie, un groupe relev\u00e9 qui exigera la meilleure version des Fennecs.<\/p>\n\n\n\n<p><strong>Quelles options&nbsp;?<\/strong><\/p>\n\n\n\n<p>C\u00f4t\u00e9 composition, les sp\u00e9culations vont bon train \u00e0 quelques heures de l&rsquo;annonce officielle. Plusieurs noms circulent avec insistance parmi les pr\u00e9s\u00e9lectionn\u00e9s pressentis. Far\u00e8s Ghedjemis, l&rsquo;attaquant de Frosinone, pourrait constituer l&rsquo;une des belles surprises de cette liste. D&rsquo;autres profils moins habitu\u00e9s des convocations sont \u00e9galement \u00e9voqu\u00e9s, comme le gardien Melvin Mastil du Stade Nyonnais, Rafik Messali de Toulouse, Sohaib Na\u00efr de Guingamp, Achraf Abada de l&rsquo;USM Alger, ou encore le d\u00e9fenseur exp\u00e9riment\u00e9 Victor Lekhal, qui \u00e9volue d\u00e9sormais \u00e0 Al Riyadh. Dans les buts, on \u00e9voque une convocation de Gaya Merbah.<\/p>\n\n\n\n<p>Deux dossiers m\u00e9dicaux retiennent particuli\u00e8rement l&rsquo;attention. Rafik Belghali, qui a retrouv\u00e9 la feuille de match de l&rsquo;Hellas V\u00e9rone le week-end dernier sans pour autant entrer en jeu apr\u00e8s une blessure \u00e0 la cheville, demeure incertain. Son \u00e9tat de forme r\u00e9el sera d\u00e9terminant dans la d\u00e9cision finale du s\u00e9lectionneur. M\u00eame incertitude autour de Samir Chergui, toujours en phase de r\u00e9\u00e9ducation, m\u00eame si son retour \u00e0 la comp\u00e9tition est annonc\u00e9 pour le week-end avec le Paris FC en Ligue 1.<\/p>\n\n\n\n<p>\u00c0 l&rsquo;inverse, la bonne nouvelle vient d&rsquo;Amine Gouiri. Buteur vendredi soir avec l&rsquo;Olympique de Marseille lors de la victoire \u00e9triqu\u00e9e mais pr\u00e9cieuse face \u00e0 Auxerre (1-0) en championnat, l&rsquo;avant-centre de 26 ans devrait signer son grand retour en s\u00e9lection pour la premi\u00e8re fois depuis octobre 2025. L&rsquo;attaquant avait \u00e9t\u00e9 contraint de d\u00e9clarer forfait pour la CAN 2025 au Maroc, victime d&rsquo;une op\u00e9ration \u00e0 l&rsquo;\u00e9paule qui l&rsquo;avait \u00e9loign\u00e9 des terrains entre fin octobre et mi-d\u00e9cembre. Son retour au premier plan avec l&rsquo;OM, o\u00f9 il retrouve visiblement son meilleur niveau, plaide en sa faveur.<\/p>\n\n\n\n<p>Pendant que Petkovic affine son groupe, la FAF, elle, pr\u00e9pare la Coupe du monde sur un autre plan. Selon des informations rapport\u00e9es il y a quelques jours par le quotidien El Khabar, citant des sources proches du dossier, l&rsquo;Alg\u00e9rie devrait se d\u00e9placer aux \u00c9tats-Unis avec une d\u00e9l\u00e9gation d&rsquo;une ampleur inhabituelle. Le camp de base des Fennecs sera \u00e9tabli au Rock Chalk Park de l&rsquo;Universit\u00e9 du Kansas, et la caravane qui s&rsquo;y rendra s&rsquo;annonce consid\u00e9rable. Outre les joueurs et le staff technique, voyageraient \u00e9galement les pr\u00e9sidents des&nbsp; ligues de wilaya, les neuf pr\u00e9sidents des ligues r\u00e9gionales, les responsables du football f\u00e9minin et du futsal, les membres de l&rsquo;assembl\u00e9e g\u00e9n\u00e9rale ainsi que les cadres administratifs de la f\u00e9d\u00e9ration.<\/p>\n\n\n\n<p>Le pr\u00e9sident de la FAF, Walid Sadi, aurait d&rsquo;ores et d\u00e9j\u00e0 sollicit\u00e9 Air Alg\u00e9rie pour assurer le transport de l&rsquo;ensemble de cette d\u00e9l\u00e9gation. Il en aurait inform\u00e9 les pr\u00e9sidents de ligues lors du tirage au sort de la Coupe d&rsquo;Alg\u00e9rie fin 2025, leur expliquant qu&rsquo;une telle mobilisation n&rsquo;avait pas \u00e9t\u00e9 possible pour la CAN en raison des contraintes logistiques et contextuelles. Ce d\u00e9ploiement ne serait toutefois pas sans pr\u00e9c\u00e9dent dans l&rsquo;histoire du football alg\u00e9rien. En 2010 en Afrique du Sud, en 2014 au Br\u00e9sil, et lors de la CAN 2019 remport\u00e9e en \u00c9gypte, des d\u00e9l\u00e9gations \u00e9largies avaient d\u00e9j\u00e0 accompagn\u00e9 les Verts. Pour le retour de l&rsquo;Alg\u00e9rie sur la sc\u00e8ne mondiale apr\u00e8s douze ans d&rsquo;absence, la FAF entend manifestement faire les choses en grand.<\/p>\n\n\n\n<p>Moncef Dahleb<\/p>\n","protected":false},"excerpt":{"rendered":"<p>C&rsquo;est mercredi soir que Vladimir Petkovic l\u00e8vera le voile sur les joueurs retenus pour les deux matchs amicaux face au<\/p>\n","protected":false},"author":6,"featured_media":79184,"comment_status":"open","ping_status":"closed","sticky":false,"template":"","format":"standard","meta":{"colormag_page_container_layout":"default_layout","colormag_page_sidebar_layout":"default_layout","om_disable_all_campaigns":false,"_monsterinsights_skip_tracking":false,"_monsterinsights_sitenote_active":false,"_monsterinsights_sitenote_note":"","_monsterinsights_sitenote_category":0,"footnotes":"","_wpscppro_dont_share_socialmedia":false,"_wpscppro_custom_social_share_image":0,"_facebook_share_type":"default","_twitter_share_type":"default","_linkedin_share_type":"default","_pinterest_share_type":"default","_linkedin_share_type_page":"","_instagram_share_type":"default","_medium_share_type":"default","_threads_share_type":"default","_google_business_share_type":"default","_selected_social_profile":[],"_wpsp_enable_custom_social_template":false,"_wpsp_social_scheduling":{"enabled":false,"datetime":null,"platforms":[],"status":"template_only","dateOption":"today","timeOption":"now","customDays":"","customHours":"","customDate":"","customTime":"","schedulingType":"absolute"},"_wpsp_active_default_template":true},"categories":[52,33],"tags":[],"class_list":["post-83499","post","type-post","status-publish","format-standard","has-post-thumbnail","hentry","category-a-la-une","category-sports"],"aioseo_notices":[],"yoast_head":"<!-- This site is optimized with the Yoast SEO plugin v27.5 - https:\/\/yoast.com\/product\/yoast-seo-wordpress\/ -->\n<title>Petkovic d\u00e9voile sa liste mercredi\u00a0: Les Fennecs se pr\u00e9parent en grand pour le Mondial - La Sentinelle<\/title>\n<meta name=\"robots\" content=\"index, follow, max-snippet:-1, max-image-preview:large, max-video-preview:-1\" \/>\n<link rel=\"canonical\" href=\"https:\/\/lasentinelle.dz\/index.php\/2026\/03\/14\/petkovic-devoile-sa-liste-mercredi-les-fennecs-se-preparent-en-grand-pour-le-mondial\/\" \/>\n<meta property=\"og:locale\" content=\"fr_FR\" \/>\n<meta property=\"og:type\" content=\"article\" \/>\n<meta property=\"og:title\" content=\"Petkovic d\u00e9voile sa liste mercredi\u00a0: Les Fennecs se pr\u00e9parent en grand pour le Mondial - La Sentinelle\" \/>\n<meta property=\"og:description\" content=\"C&rsquo;est mercredi soir que Vladimir Petkovic l\u00e8vera le voile sur les joueurs retenus pour les deux matchs amicaux face au\" \/>\n<meta property=\"og:url\" content=\"https:\/\/lasentinelle.dz\/index.php\/2026\/03\/14\/petkovic-devoile-sa-liste-mercredi-les-fennecs-se-preparent-en-grand-pour-le-mondial\/\" \/>\n<meta property=\"og:site_name\" content=\"La Sentinelle\" \/>\n<meta property=\"article:publisher\" content=\"https:\/\/www.facebook.com\/La-Sentinelle-104059864394773\" \/>\n<meta property=\"article:published_time\" content=\"2026-03-14T19:16:57+00:00\" \/>\n<meta property=\"article:modified_time\" content=\"2026-03-14T19:16:58+00:00\" \/>\n<meta property=\"og:image\" content=\"https:\/\/lasentinelle.dz\/wp-content\/uploads\/2026\/01\/Petkovic.jpeg\" \/>\n\t<meta property=\"og:image:width\" content=\"780\" \/>\n\t<meta property=\"og:image:height\" content=\"470\" \/>\n\t<meta property=\"og:image:type\" content=\"image\/jpeg\" \/>\n<meta name=\"author\" content=\"admin\" \/>\n<meta name=\"twitter:card\" content=\"summary_large_image\" \/>\n<meta name=\"twitter:label1\" content=\"\u00c9crit par\" \/>\n\t<meta name=\"twitter:data1\" content=\"admin\" \/>\n\t<meta name=\"twitter:label2\" content=\"Dur\u00e9e de lecture estim\u00e9e\" \/>\n\t<meta name=\"twitter:data2\" content=\"6 minutes\" \/>\n<script type=\"application\/ld+json\" class=\"yoast-schema-graph\">{\"@context\":\"https:\\\/\\\/schema.org\",\"@graph\":[{\"@type\":\"Article\",\"@id\":\"https:\\\/\\\/lasentinelle.dz\\\/index.php\\\/2026\\\/03\\\/14\\\/petkovic-devoile-sa-liste-mercredi-les-fennecs-se-preparent-en-grand-pour-le-mondial\\\/#article\",\"isPartOf\":{\"@id\":\"https:\\\/\\\/lasentinelle.dz\\\/index.php\\\/2026\\\/03\\\/14\\\/petkovic-devoile-sa-liste-mercredi-les-fennecs-se-preparent-en-grand-pour-le-mondial\\\/\"},\"author\":{\"name\":\"admin\",\"@id\":\"https:\\\/\\\/lasentinelle.dz\\\/#\\\/schema\\\/person\\\/729ee0024f24e0b8c5ec17232f8e8b41\"},\"headline\":\"Petkovic d\u00e9voile sa liste mercredi\u00a0: Les Fennecs se pr\u00e9parent en grand pour le Mondial\",\"datePublished\":\"2026-03-14T19:16:57+00:00\",\"dateModified\":\"2026-03-14T19:16:58+00:00\",\"mainEntityOfPage\":{\"@id\":\"https:\\\/\\\/lasentinelle.dz\\\/index.php\\\/2026\\\/03\\\/14\\\/petkovic-devoile-sa-liste-mercredi-les-fennecs-se-preparent-en-grand-pour-le-mondial\\\/\"},\"wordCount\":1098,\"commentCount\":0,\"publisher\":{\"@id\":\"https:\\\/\\\/lasentinelle.dz\\\/#organization\"},\"image\":{\"@id\":\"https:\\\/\\\/lasentinelle.dz\\\/index.php\\\/2026\\\/03\\\/14\\\/petkovic-devoile-sa-liste-mercredi-les-fennecs-se-preparent-en-grand-pour-le-mondial\\\/#primaryimage\"},\"thumbnailUrl\":\"https:\\\/\\\/lasentinelle.dz\\\/wp-content\\\/uploads\\\/2026\\\/01\\\/Petkovic.jpeg\",\"articleSection\":[\"\u00c0 la Une\",\"Sports\"],\"inLanguage\":\"fr-FR\",\"potentialAction\":[{\"@type\":\"CommentAction\",\"name\":\"Comment\",\"target\":[\"https:\\\/\\\/lasentinelle.dz\\\/index.php\\\/2026\\\/03\\\/14\\\/petkovic-devoile-sa-liste-mercredi-les-fennecs-se-preparent-en-grand-pour-le-mondial\\\/#respond\"]}]},{\"@type\":\"WebPage\",\"@id\":\"https:\\\/\\\/lasentinelle.dz\\\/index.php\\\/2026\\\/03\\\/14\\\/petkovic-devoile-sa-liste-mercredi-les-fennecs-se-preparent-en-grand-pour-le-mondial\\\/\",\"url\":\"https:\\\/\\\/lasentinelle.dz\\\/index.php\\\/2026\\\/03\\\/14\\\/petkovic-devoile-sa-liste-mercredi-les-fennecs-se-preparent-en-grand-pour-le-mondial\\\/\",\"name\":\"Petkovic d\u00e9voile sa liste mercredi\u00a0: Les Fennecs se pr\u00e9parent en grand pour le Mondial - La Sentinelle\",\"isPartOf\":{\"@id\":\"https:\\\/\\\/lasentinelle.dz\\\/#website\"},\"primaryImageOfPage\":{\"@id\":\"https:\\\/\\\/lasentinelle.dz\\\/index.php\\\/2026\\\/03\\\/14\\\/petkovic-devoile-sa-liste-mercredi-les-fennecs-se-preparent-en-grand-pour-le-mondial\\\/#primaryimage\"},\"image\":{\"@id\":\"https:\\\/\\\/lasentinelle.dz\\\/index.php\\\/2026\\\/03\\\/14\\\/petkovic-devoile-sa-liste-mercredi-les-fennecs-se-preparent-en-grand-pour-le-mondial\\\/#primaryimage\"},\"thumbnailUrl\":\"https:\\\/\\\/lasentinelle.dz\\\/wp-content\\\/uploads\\\/2026\\\/01\\\/Petkovic.jpeg\",\"datePublished\":\"2026-03-14T19:16:57+00:00\",\"dateModified\":\"2026-03-14T19:16:58+00:00\",\"breadcrumb\":{\"@id\":\"https:\\\/\\\/lasentinelle.dz\\\/index.php\\\/2026\\\/03\\\/14\\\/petkovic-devoile-sa-liste-mercredi-les-fennecs-se-preparent-en-grand-pour-le-mondial\\\/#breadcrumb\"},\"inLanguage\":\"fr-FR\",\"potentialAction\":[{\"@type\":\"ReadAction\",\"target\":[\"https:\\\/\\\/lasentinelle.dz\\\/index.php\\\/2026\\\/03\\\/14\\\/petkovic-devoile-sa-liste-mercredi-les-fennecs-se-preparent-en-grand-pour-le-mondial\\\/\"]}]},{\"@type\":\"ImageObject\",\"inLanguage\":\"fr-FR\",\"@id\":\"https:\\\/\\\/lasentinelle.dz\\\/index.php\\\/2026\\\/03\\\/14\\\/petkovic-devoile-sa-liste-mercredi-les-fennecs-se-preparent-en-grand-pour-le-mondial\\\/#primaryimage\",\"url\":\"https:\\\/\\\/lasentinelle.dz\\\/wp-content\\\/uploads\\\/2026\\\/01\\\/Petkovic.jpeg\",\"contentUrl\":\"https:\\\/\\\/lasentinelle.dz\\\/wp-content\\\/uploads\\\/2026\\\/01\\\/Petkovic.jpeg\",\"width\":780,\"height\":470},{\"@type\":\"BreadcrumbList\",\"@id\":\"https:\\\/\\\/lasentinelle.dz\\\/index.php\\\/2026\\\/03\\\/14\\\/petkovic-devoile-sa-liste-mercredi-les-fennecs-se-preparent-en-grand-pour-le-mondial\\\/#breadcrumb\",\"itemListElement\":[{\"@type\":\"ListItem\",\"position\":1,\"name\":\"Accueil\",\"item\":\"https:\\\/\\\/lasentinelle.dz\\\/\"},{\"@type\":\"ListItem\",\"position\":2,\"name\":\"Petkovic d\u00e9voile sa liste mercredi\u00a0: Les Fennecs se pr\u00e9parent en grand pour le Mondial\"}]},{\"@type\":\"WebSite\",\"@id\":\"https:\\\/\\\/lasentinelle.dz\\\/#website\",\"url\":\"https:\\\/\\\/lasentinelle.dz\\\/\",\"name\":\"La Sentinelle\",\"description\":\"Quotidien national d&#039;information\",\"publisher\":{\"@id\":\"https:\\\/\\\/lasentinelle.dz\\\/#organization\"},\"potentialAction\":[{\"@type\":\"SearchAction\",\"target\":{\"@type\":\"EntryPoint\",\"urlTemplate\":\"https:\\\/\\\/lasentinelle.dz\\\/?s={search_term_string}\"},\"query-input\":{\"@type\":\"PropertyValueSpecification\",\"valueRequired\":true,\"valueName\":\"search_term_string\"}}],\"inLanguage\":\"fr-FR\"},{\"@type\":\"Organization\",\"@id\":\"https:\\\/\\\/lasentinelle.dz\\\/#organization\",\"name\":\"Quotidien La Sentinelle\",\"url\":\"https:\\\/\\\/lasentinelle.dz\\\/\",\"logo\":{\"@type\":\"ImageObject\",\"inLanguage\":\"fr-FR\",\"@id\":\"https:\\\/\\\/lasentinelle.dz\\\/#\\\/schema\\\/logo\\\/image\\\/\",\"url\":\"https:\\\/\\\/lasentinelle.dz\\\/wp-content\\\/uploads\\\/2021\\\/09\\\/logo-sentinelleSLOGAN-1.png\",\"contentUrl\":\"https:\\\/\\\/lasentinelle.dz\\\/wp-content\\\/uploads\\\/2021\\\/09\\\/logo-sentinelleSLOGAN-1.png\",\"width\":615,\"height\":142,\"caption\":\"Quotidien La Sentinelle\"},\"image\":{\"@id\":\"https:\\\/\\\/lasentinelle.dz\\\/#\\\/schema\\\/logo\\\/image\\\/\"},\"sameAs\":[\"https:\\\/\\\/www.facebook.com\\\/La-Sentinelle-104059864394773\"]},{\"@type\":\"Person\",\"@id\":\"https:\\\/\\\/lasentinelle.dz\\\/#\\\/schema\\\/person\\\/729ee0024f24e0b8c5ec17232f8e8b41\",\"name\":\"admin\",\"image\":{\"@type\":\"ImageObject\",\"inLanguage\":\"fr-FR\",\"@id\":\"https:\\\/\\\/secure.gravatar.com\\\/avatar\\\/4c81fed838786e9b53f540bf46533e750f5d292099ae3b66cfc6fb1982e29df7?s=96&d=mm&r=g\",\"url\":\"https:\\\/\\\/secure.gravatar.com\\\/avatar\\\/4c81fed838786e9b53f540bf46533e750f5d292099ae3b66cfc6fb1982e29df7?s=96&d=mm&r=g\",\"contentUrl\":\"https:\\\/\\\/secure.gravatar.com\\\/avatar\\\/4c81fed838786e9b53f540bf46533e750f5d292099ae3b66cfc6fb1982e29df7?s=96&d=mm&r=g\",\"caption\":\"admin\"},\"description\":\"admin\",\"url\":\"https:\\\/\\\/lasentinelle.dz\\\/author\\\/admin\\\/\"}]}<\/script>\n<!-- \/ Yoast SEO plugin. -->","yoast_head_json":{"title":"Petkovic d\u00e9voile sa liste mercredi\u00a0: Les Fennecs se pr\u00e9parent en grand pour le Mondial - La Sentinelle","robots":{"index":"index","follow":"follow","max-snippet":"max-snippet:-1","max-image-preview":"max-image-preview:large","max-video-preview":"max-video-preview:-1"},"canonical":"https:\/\/lasentinelle.dz\/index.php\/2026\/03\/14\/petkovic-devoile-sa-liste-mercredi-les-fennecs-se-preparent-en-grand-pour-le-mondial\/","og_locale":"fr_FR","og_type":"article","og_title":"Petkovic d\u00e9voile sa liste mercredi\u00a0: Les Fennecs se pr\u00e9parent en grand pour le Mondial - La Sentinelle","og_description":"C&rsquo;est mercredi soir que Vladimir Petkovic l\u00e8vera le voile sur les joueurs retenus pour les deux matchs amicaux face au","og_url":"https:\/\/lasentinelle.dz\/index.php\/2026\/03\/14\/petkovic-devoile-sa-liste-mercredi-les-fennecs-se-preparent-en-grand-pour-le-mondial\/","og_site_name":"La Sentinelle","article_publisher":"https:\/\/www.facebook.com\/La-Sentinelle-104059864394773","article_published_time":"2026-03-14T19:16:57+00:00","article_modified_time":"2026-03-14T19:16:58+00:00","og_image":[{"width":780,"height":470,"url":"https:\/\/lasentinelle.dz\/wp-content\/uploads\/2026\/01\/Petkovic.jpeg","type":"image\/jpeg"}],"author":"admin","twitter_card":"summary_large_image","twitter_misc":{"\u00c9crit par":"admin","Dur\u00e9e de lecture estim\u00e9e":"6 minutes"},"schema":{"@context":"https:\/\/schema.org","@graph":[{"@type":"Article","@id":"https:\/\/lasentinelle.dz\/index.php\/2026\/03\/14\/petkovic-devoile-sa-liste-mercredi-les-fennecs-se-preparent-en-grand-pour-le-mondial\/#article","isPartOf":{"@id":"https:\/\/lasentinelle.dz\/index.php\/2026\/03\/14\/petkovic-devoile-sa-liste-mercredi-les-fennecs-se-preparent-en-grand-pour-le-mondial\/"},"author":{"name":"admin","@id":"https:\/\/lasentinelle.dz\/#\/schema\/person\/729ee0024f24e0b8c5ec17232f8e8b41"},"headline":"Petkovic d\u00e9voile sa liste mercredi\u00a0: Les Fennecs se pr\u00e9parent en grand pour le Mondial","datePublished":"2026-03-14T19:16:57+00:00","dateModified":"2026-03-14T19:16:58+00:00","mainEntityOfPage":{"@id":"https:\/\/lasentinelle.dz\/index.php\/2026\/03\/14\/petkovic-devoile-sa-liste-mercredi-les-fennecs-se-preparent-en-grand-pour-le-mondial\/"},"wordCount":1098,"commentCount":0,"publisher":{"@id":"https:\/\/lasentinelle.dz\/#organization"},"image":{"@id":"https:\/\/lasentinelle.dz\/index.php\/2026\/03\/14\/petkovic-devoile-sa-liste-mercredi-les-fennecs-se-preparent-en-grand-pour-le-mondial\/#primaryimage"},"thumbnailUrl":"https:\/\/lasentinelle.dz\/wp-content\/uploads\/2026\/01\/Petkovic.jpeg","articleSection":["\u00c0 la Une","Sports"],"inLanguage":"fr-FR","potentialAction":[{"@type":"CommentAction","name":"Comment","target":["https:\/\/lasentinelle.dz\/index.php\/2026\/03\/14\/petkovic-devoile-sa-liste-mercredi-les-fennecs-se-preparent-en-grand-pour-le-mondial\/#respond"]}]},{"@type":"WebPage","@id":"https:\/\/lasentinelle.dz\/index.php\/2026\/03\/14\/petkovic-devoile-sa-liste-mercredi-les-fennecs-se-preparent-en-grand-pour-le-mondial\/","url":"https:\/\/lasentinelle.dz\/index.php\/2026\/03\/14\/petkovic-devoile-sa-liste-mercredi-les-fennecs-se-preparent-en-grand-pour-le-mondial\/","name":"Petkovic d\u00e9voile sa liste mercredi\u00a0: Les Fennecs se pr\u00e9parent en grand pour le Mondial - La Sentinelle","isPartOf":{"@id":"https:\/\/lasentinelle.dz\/#website"},"primaryImageOfPage":{"@id":"https:\/\/lasentinelle.dz\/index.php\/2026\/03\/14\/petkovic-devoile-sa-liste-mercredi-les-fennecs-se-preparent-en-grand-pour-le-mondial\/#primaryimage"},"image":{"@id":"https:\/\/lasentinelle.dz\/index.php\/2026\/03\/14\/petkovic-devoile-sa-liste-mercredi-les-fennecs-se-preparent-en-grand-pour-le-mondial\/#primaryimage"},"thumbnailUrl":"https:\/\/lasentinelle.dz\/wp-content\/uploads\/2026\/01\/Petkovic.jpeg","datePublished":"2026-03-14T19:16:57+00:00","dateModified":"2026-03-14T19:16:58+00:00","breadcrumb":{"@id":"https:\/\/lasentinelle.dz\/index.php\/2026\/03\/14\/petkovic-devoile-sa-liste-mercredi-les-fennecs-se-preparent-en-grand-pour-le-mondial\/#breadcrumb"},"inLanguage":"fr-FR","potentialAction":[{"@type":"ReadAction","target":["https:\/\/lasentinelle.dz\/index.php\/2026\/03\/14\/petkovic-devoile-sa-liste-mercredi-les-fennecs-se-preparent-en-grand-pour-le-mondial\/"]}]},{"@type":"ImageObject","inLanguage":"fr-FR","@id":"https:\/\/lasentinelle.dz\/index.php\/2026\/03\/14\/petkovic-devoile-sa-liste-mercredi-les-fennecs-se-preparent-en-grand-pour-le-mondial\/#primaryimage","url":"https:\/\/lasentinelle.dz\/wp-content\/uploads\/2026\/01\/Petkovic.jpeg","contentUrl":"https:\/\/lasentinelle.dz\/wp-content\/uploads\/2026\/01\/Petkovic.jpeg","width":780,"height":470},{"@type":"BreadcrumbList","@id":"https:\/\/lasentinelle.dz\/index.php\/2026\/03\/14\/petkovic-devoile-sa-liste-mercredi-les-fennecs-se-preparent-en-grand-pour-le-mondial\/#breadcrumb","itemListElement":[{"@type":"ListItem","position":1,"name":"Accueil","item":"https:\/\/lasentinelle.dz\/"},{"@type":"ListItem","position":2,"name":"Petkovic d\u00e9voile sa liste mercredi\u00a0: Les Fennecs se pr\u00e9parent en grand pour le Mondial"}]},{"@type":"WebSite","@id":"https:\/\/lasentinelle.dz\/#website","url":"https:\/\/lasentinelle.dz\/","name":"La Sentinelle","description":"Quotidien national d&#039;information","publisher":{"@id":"https:\/\/lasentinelle.dz\/#organization"},"potentialAction":[{"@type":"SearchAction","target":{"@type":"EntryPoint","urlTemplate":"https:\/\/lasentinelle.dz\/?s={search_term_string}"},"query-input":{"@type":"PropertyValueSpecification","valueRequired":true,"valueName":"search_term_string"}}],"inLanguage":"fr-FR"},{"@type":"Organization","@id":"https:\/\/lasentinelle.dz\/#organization","name":"Quotidien La Sentinelle","url":"https:\/\/lasentinelle.dz\/","logo":{"@type":"ImageObject","inLanguage":"fr-FR","@id":"https:\/\/lasentinelle.dz\/#\/schema\/logo\/image\/","url":"https:\/\/lasentinelle.dz\/wp-content\/uploads\/2021\/09\/logo-sentinelleSLOGAN-1.png","contentUrl":"https:\/\/lasentinelle.dz\/wp-content\/uploads\/2021\/09\/logo-sentinelleSLOGAN-1.png","width":615,"height":142,"caption":"Quotidien La Sentinelle"},"image":{"@id":"https:\/\/lasentinelle.dz\/#\/schema\/logo\/image\/"},"sameAs":["https:\/\/www.facebook.com\/La-Sentinelle-104059864394773"]},{"@type":"Person","@id":"https:\/\/lasentinelle.dz\/#\/schema\/person\/729ee0024f24e0b8c5ec17232f8e8b41","name":"admin","image":{"@type":"ImageObject","inLanguage":"fr-FR","@id":"https:\/\/secure.gravatar.com\/avatar\/4c81fed838786e9b53f540bf46533e750f5d292099ae3b66cfc6fb1982e29df7?s=96&d=mm&r=g","url":"https:\/\/secure.gravatar.com\/avatar\/4c81fed838786e9b53f540bf46533e750f5d292099ae3b66cfc6fb1982e29df7?s=96&d=mm&r=g","contentUrl":"https:\/\/secure.gravatar.com\/avatar\/4c81fed838786e9b53f540bf46533e750f5d292099ae3b66cfc6fb1982e29df7?s=96&d=mm&r=g","caption":"admin"},"description":"admin","url":"https:\/\/lasentinelle.dz\/author\/admin\/"}]}},"_links":{"self":[{"href":"https:\/\/lasentinelle.dz\/index.php\/wp-json\/wp\/v2\/posts\/83499","targetHints":{"allow":["GET"]}}],"collection":[{"href":"https:\/\/lasentinelle.dz\/index.php\/wp-json\/wp\/v2\/posts"}],"about":[{"href":"https:\/\/lasentinelle.dz\/index.php\/wp-json\/wp\/v2\/types\/post"}],"author":[{"embeddable":true,"href":"https:\/\/lasentinelle.dz\/index.php\/wp-json\/wp\/v2\/users\/6"}],"replies":[{"embeddable":true,"href":"https:\/\/lasentinelle.dz\/index.php\/wp-json\/wp\/v2\/comments?post=83499"}],"version-history":[{"count":1,"href":"https:\/\/lasentinelle.dz\/index.php\/wp-json\/wp\/v2\/posts\/83499\/revisions"}],"predecessor-version":[{"id":83500,"href":"https:\/\/lasentinelle.dz\/index.php\/wp-json\/wp\/v2\/posts\/83499\/revisions\/83500"}],"wp:featuredmedia":[{"embeddable":true,"href":"https:\/\/lasentinelle.dz\/index.php\/wp-json\/wp\/v2\/media\/79184"}],"wp:attachment":[{"href":"https:\/\/lasentinelle.dz\/index.php\/wp-json\/wp\/v2\/media?parent=83499"}],"wp:term":[{"taxonomy":"category","embeddable":true,"href":"https:\/\/lasentinelle.dz\/index.php\/wp-json\/wp\/v2\/categories?post=83499"},{"taxonomy":"post_tag","embeddable":true,"href":"https:\/\/lasentinelle.dz\/index.php\/wp-json\/wp\/v2\/tags?post=83499"}],"curies":[{"name":"wp","href":"https:\/\/api.w.org\/{rel}","templated":true}]}}