{"id":83501,"date":"2026-03-14T20:17:48","date_gmt":"2026-03-14T19:17:48","guid":{"rendered":"https:\/\/lasentinelle.dz\/?p=83501"},"modified":"2026-03-14T20:17:49","modified_gmt":"2026-03-14T19:17:49","slug":"lutte-contre-le-criquet-pelerin-a-tebessa-les-autorites-locales-a-pied-doeuvre","status":"publish","type":"post","link":"https:\/\/lasentinelle.dz\/index.php\/2026\/03\/14\/lutte-contre-le-criquet-pelerin-a-tebessa-les-autorites-locales-a-pied-doeuvre\/","title":{"rendered":"Lutte contre le criquet p\u00e8lerin \u00e0 T\u00e9bessa\u00a0: Les autorit\u00e9s locales \u00e0 pied d&rsquo;\u0153uvre"},"content":{"rendered":"\n<p>Face \u00e0 la menace que repr\u00e9sente le criquet p\u00e8lerin pour le secteur agricole, les autorit\u00e9s de la wilaya de T\u00e9bessa ont tenu une r\u00e9union au si\u00e8ge de la wilaya dans le cadre de la mise en \u0153uvre du programme national de pr\u00e9vention contre ce fl\u00e9au, mobilisant moyens humains et logistiques pour prot\u00e9ger les cultures de la r\u00e9gion. La commission de wilaya charg\u00e9e de la surveillance et de la lutte contre le criquet p\u00e8lerin encha\u00eene les r\u00e9unions et suit de tr\u00e8s pr\u00e8s l&rsquo;\u00e9volution de la situation. Afin de ne rien laisser au hasard et surtout pour ne pas se faire surprendre par cet insecte d\u00e9vastateur, une r\u00e9union a \u00e9t\u00e9 tenue derni\u00e8rement au si\u00e8ge de la wilaya, dans le cadre de la mise en \u0153uvre du programme national de pr\u00e9vention contre ce fl\u00e9au. Celui-ci constitue, faut-il le souligner, une menace s\u00e9rieuse pour le secteur de l&rsquo;agriculture. Au titre de cette rencontre, le premier responsable de la wilaya de T\u00e9bessa a d&#8217;embl\u00e9e rappel\u00e9 l&rsquo;importance d&rsquo;une vigilance accrue et permanente face aux risques de prolif\u00e9ration acridienne. Le m\u00eame responsable a notamment soulign\u00e9 la dangerosit\u00e9 du criquet p\u00e8lerin en raison de sa capacit\u00e9 de reproduction rapide et de d\u00e9placement sur de longues distances. Le chef de l&rsquo;ex\u00e9cutif a surtout mis l&rsquo;accent sur les moyens logistiques, appelant, dans ce contexte, \u00e0 l&rsquo;optimisation de la mise \u00e0 disposition des \u00e9quipements adapt\u00e9s et des produits phytosanitaires, tout en veillant \u00e0 contr\u00f4ler leur efficacit\u00e9 et \u00e0 garantir leur utilisation dans des conditions conformes aux normes techniques. Dans le m\u00eame ordre d&rsquo;id\u00e9es, le wali a, par ailleurs, recommand\u00e9 l&rsquo;intensification des op\u00e9rations de prospection et de surveillance dans les zones agricoles les plus expos\u00e9es, afin de d\u00e9tecter rapidement toute apparition de foyers acridiens et d&rsquo;intervenir sans d\u00e9lai. Cette r\u00e9union a \u00e9t\u00e9 l&rsquo;occasion pour les services de la direction des services agricoles de la wilaya de T\u00e9bessa (DSA) de pr\u00e9senter un expos\u00e9 d\u00e9taill\u00e9 sur le bilan du plan op\u00e9rationnel de l&rsquo;exercice 2025. Lors de cet expos\u00e9, il a \u00e9t\u00e9 dress\u00e9 une r\u00e9trospective sur les facteurs ayant favoris\u00e9 la pr\u00e9sence de criquets dans certaines zones, ainsi que sur les actions men\u00e9es pour y faire face. Ont \u00e9galement \u00e9t\u00e9 pr\u00e9sent\u00e9s les dispositifs de pr\u00e9vention pr\u00e9vus pour l&rsquo;ann\u00e9e 2026.<\/p>\n\n\n\n<p>Lors de la pr\u00e9sentation, il a \u00e9t\u00e9 mis en avant le r\u00f4le de la commission de wilaya dans la coordination des efforts et dans la mise en place d&rsquo;un r\u00e9seau d&rsquo;information fond\u00e9 sur le suivi de terrain. Il est notamment pr\u00e9vu, dans ce dispositif, l&rsquo;organisation r\u00e9guli\u00e8re d&rsquo;op\u00e9rations de prospection couvrant l&rsquo;ensemble des zones agricoles, ainsi que la sensibilisation des professionnels de l&rsquo;agriculture afin de les inciter \u00e0 signaler toute apparition suspecte de criquets, permettant ainsi une intervention rapide des \u00e9quipes sp\u00e9cialis\u00e9es. Les actions retenues dans les mesures envisag\u00e9es pour faire face \u00e0 une \u00e9ventuelle invasion acridienne consistent en la mobilisation d&rsquo;\u00e9quipes d&rsquo;intervention dot\u00e9es de v\u00e9hicules motoris\u00e9s et de mat\u00e9riels de traitement, dont la mission est de proc\u00e9der, en cas de besoin, \u00e0 l&rsquo;\u00e9pandage de pesticides dans les zones touch\u00e9es. Les r\u00e9gions agricoles du sud de la wilaya font \u00e9galement l&rsquo;objet d&rsquo;une attention particuli\u00e8re, notamment la commune de Negrine, consid\u00e9r\u00e9e comme l&rsquo;une des zones les plus expos\u00e9es.<\/p>\n\n\n\n<p>Le criquet p\u00e8lerin, \u00e9galement appel\u00e9 \u00ab sauterelle du d\u00e9sert \u00bb, est consid\u00e9r\u00e9 comme l&rsquo;un des ravageurs les plus redoutables pour l&rsquo;agriculture. Les essaims peuvent parcourir rapidement de grandes distances et ravager d&rsquo;importantes superficies de cultures en tr\u00e8s peu de temps. Ainsi, face \u00e0 cette menace potentielle, les autorit\u00e9s locales de la wilaya de T\u00e9bessa se maintiennent \u00e0 un niveau \u00e9lev\u00e9 de vigilance et de pr\u00e9paration. Ils ont en outre tout mis en place, en termes de moyens humains et logistiques, afin de lutter contre cet insecte d\u00e9vastateur et de prot\u00e9ger la production agricole de la r\u00e9gion.<\/p>\n\n\n\n<p>Il faut noter que la p\u00e9riode la plus favorable au d\u00e9veloppement du criquet p\u00e8lerin est g\u00e9n\u00e9ralement comprise entre la fin de l&rsquo;hiver et le printemps, une p\u00e9riode \u00e0 laquelle l&rsquo;Alg\u00e9rie s&rsquo;appr\u00eate \u00e0 renforcer sa lutte contre ce fl\u00e9au. D&rsquo;ailleurs, lors du Conseil des ministres tenu le 9 mars courant, le pr\u00e9sident de la R\u00e9publique, Abdelmadjid Tebboune, a d\u00e9cid\u00e9 d&rsquo;intensifier les mesures en ordonnant \u00ab l&rsquo;augmentation des moyens de lutte contre la prolif\u00e9ration des essaims de criquets mena\u00e7ant les r\u00e9coltes agricoles dans l&rsquo;extr\u00eame Sud \u00bb. On rappelle \u00e9galement que le chef de l&rsquo;\u00c9tat a, au titre de ce conseil, demand\u00e9 aux services concern\u00e9s d&rsquo;adopter des \u00ab m\u00e9thodes et moyens scientifiques modernes pour accro\u00eetre l&rsquo;efficacit\u00e9, comme la pulv\u00e9risation a\u00e9rienne d&rsquo;insecticides, particuli\u00e8rement dans les zones frontali\u00e8res, consid\u00e9r\u00e9es comme premi\u00e8res lignes de contact avec ce fl\u00e9au \u00bb. Le pr\u00e9sident de la R\u00e9publique a, par ailleurs, insist\u00e9 sur la n\u00e9cessit\u00e9 de renforcer la surveillance en ordonnant \u00ab l&rsquo;activation stricte des cellules de veille par des approches proactives, en s&rsquo;appuyant sur les images des satellites alg\u00e9riens et les capacit\u00e9s technologiques disponibles \u00bb. Cette mobilisation intervient \u2014 faut-il le pr\u00e9ciser \u2014 \u00e0 un moment o\u00f9 les conditions climatiques deviennent propices \u00e0 la reproduction de l&rsquo;insecte dans les r\u00e9gions sahariennes. En effet, entre f\u00e9vrier et mai, les pluies humidifient les sols sablonneux et favorisent la croissance de la v\u00e9g\u00e9tation, cr\u00e9ant un environnement favorable \u00e0 la ponte et au d\u00e9veloppement des larves. Dans cet \u00e9lan, le Premier ministre avait pr\u00e9sid\u00e9, au d\u00e9but du mois de mars, une r\u00e9union interminist\u00e9rielle consacr\u00e9e \u00e0 l&rsquo;\u00e9valuation du niveau de pr\u00e9paration du plan d&rsquo;action proactif mis en place pour contenir la propagation du criquet dans certaines wilayas du Sud-Ouest. Cette rencontre, \u00e0 laquelle ont particip\u00e9 les walis concern\u00e9s par visioconf\u00e9rence, s&rsquo;inscrit dans le cadre du suivi permanent de la situation acridienne, en tenant compte notamment des mises \u00e0 jour de l&rsquo;Organisation des Nations unies pour l&rsquo;alimentation et l&rsquo;agriculture (FAO) et des capacit\u00e9s nationales en mati\u00e8re d&rsquo;imagerie satellitaire. Les expos\u00e9s pr\u00e9sent\u00e9s ont mis en \u00e9vidence le renforcement des dispositifs de veille et de surveillance dans les wilayas frontali\u00e8res du Sud, consid\u00e9r\u00e9es comme la premi\u00e8re ligne de d\u00e9fense, ainsi que la mobilisation des moyens d&rsquo;intervention terrestres et a\u00e9riens, notamment ceux du minist\u00e8re de la D\u00e9fense nationale.<\/p>\n\n\n\n<p>Ces mesures s&rsquo;inscrivent dans la continuit\u00e9 des actions engag\u00e9es l&rsquo;an dernier. En mars 2025, rappelons-le, le minist\u00e8re de l&rsquo;Agriculture avait annonc\u00e9 la mise en place d&rsquo;un \u00ab mur de protection \u00bb autour des zones agricoles strat\u00e9giques du Sud, reposant sur le d\u00e9ploiement d&rsquo;\u00e9quipes locales dot\u00e9es de produits chimiques, d&rsquo;\u00e9quipements de pulv\u00e9risation et de moyens de transport terrestres et a\u00e9riens. Des h\u00e9licopt\u00e8res de la D\u00e9fense nationale, des avions mobilis\u00e9s par le secteur de l&rsquo;\u00e9nergie ainsi que des drones avaient \u00e9t\u00e9 d\u00e9ploy\u00e9s pour surveiller les d\u00e9placements des essaims et permettre des interventions rapides.<\/p>\n\n\n\n<p>Sofia Chahine<\/p>\n","protected":false},"excerpt":{"rendered":"<p>Face \u00e0 la menace que repr\u00e9sente le criquet p\u00e8lerin pour le secteur agricole, les autorit\u00e9s de la wilaya de T\u00e9bessa<\/p>\n","protected":false},"author":6,"featured_media":64903,"comment_status":"open","ping_status":"closed","sticky":false,"template":"","format":"standard","meta":{"colormag_page_container_layout":"default_layout","colormag_page_sidebar_layout":"default_layout","om_disable_all_campaigns":false,"_monsterinsights_skip_tracking":false,"_monsterinsights_sitenote_active":false,"_monsterinsights_sitenote_note":"","_monsterinsights_sitenote_category":0,"footnotes":"","_wpscppro_dont_share_socialmedia":false,"_wpscppro_custom_social_share_image":0,"_facebook_share_type":"default","_twitter_share_type":"default","_linkedin_share_type":"default","_pinterest_share_type":"default","_linkedin_share_type_page":"","_instagram_share_type":"default","_medium_share_type":"default","_threads_share_type":"default","_google_business_share_type":"default","_selected_social_profile":[],"_wpsp_enable_custom_social_template":false,"_wpsp_social_scheduling":{"enabled":false,"datetime":null,"platforms":[],"status":"template_only","dateOption":"today","timeOption":"now","customDays":"","customHours":"","customDate":"","customTime":"","schedulingType":"absolute"},"_wpsp_active_default_template":true},"categories":[31],"tags":[],"class_list":["post-83501","post","type-post","status-publish","format-standard","has-post-thumbnail","hentry","category-regions"],"aioseo_notices":[],"yoast_head":"<!-- This site is optimized with the Yoast SEO plugin v27.5 - https:\/\/yoast.com\/product\/yoast-seo-wordpress\/ -->\n<title>Lutte contre le criquet p\u00e8lerin \u00e0 T\u00e9bessa\u00a0: Les autorit\u00e9s locales \u00e0 pied d&rsquo;\u0153uvre - La Sentinelle<\/title>\n<meta name=\"robots\" content=\"index, follow, max-snippet:-1, max-image-preview:large, max-video-preview:-1\" \/>\n<link rel=\"canonical\" href=\"https:\/\/lasentinelle.dz\/index.php\/2026\/03\/14\/lutte-contre-le-criquet-pelerin-a-tebessa-les-autorites-locales-a-pied-doeuvre\/\" \/>\n<meta property=\"og:locale\" content=\"fr_FR\" \/>\n<meta property=\"og:type\" content=\"article\" \/>\n<meta property=\"og:title\" content=\"Lutte contre le criquet p\u00e8lerin \u00e0 T\u00e9bessa\u00a0: Les autorit\u00e9s locales \u00e0 pied d&rsquo;\u0153uvre - La Sentinelle\" \/>\n<meta property=\"og:description\" content=\"Face \u00e0 la menace que repr\u00e9sente le criquet p\u00e8lerin pour le secteur agricole, les autorit\u00e9s de la wilaya de T\u00e9bessa\" \/>\n<meta property=\"og:url\" content=\"https:\/\/lasentinelle.dz\/index.php\/2026\/03\/14\/lutte-contre-le-criquet-pelerin-a-tebessa-les-autorites-locales-a-pied-doeuvre\/\" \/>\n<meta property=\"og:site_name\" content=\"La Sentinelle\" \/>\n<meta property=\"article:publisher\" content=\"https:\/\/www.facebook.com\/La-Sentinelle-104059864394773\" \/>\n<meta property=\"article:published_time\" content=\"2026-03-14T19:17:48+00:00\" \/>\n<meta property=\"article:modified_time\" content=\"2026-03-14T19:17:49+00:00\" \/>\n<meta property=\"og:image\" content=\"https:\/\/lasentinelle.dz\/wp-content\/uploads\/2025\/03\/criquets.webp\" \/>\n\t<meta property=\"og:image:width\" content=\"632\" \/>\n\t<meta property=\"og:image:height\" content=\"356\" \/>\n\t<meta property=\"og:image:type\" content=\"image\/webp\" \/>\n<meta name=\"author\" content=\"admin\" \/>\n<meta name=\"twitter:card\" content=\"summary_large_image\" \/>\n<meta name=\"twitter:label1\" content=\"\u00c9crit par\" \/>\n\t<meta name=\"twitter:data1\" content=\"admin\" \/>\n\t<meta name=\"twitter:label2\" content=\"Dur\u00e9e de lecture estim\u00e9e\" \/>\n\t<meta name=\"twitter:data2\" content=\"6 minutes\" \/>\n<script type=\"application\/ld+json\" class=\"yoast-schema-graph\">{\"@context\":\"https:\\\/\\\/schema.org\",\"@graph\":[{\"@type\":\"Article\",\"@id\":\"https:\\\/\\\/lasentinelle.dz\\\/index.php\\\/2026\\\/03\\\/14\\\/lutte-contre-le-criquet-pelerin-a-tebessa-les-autorites-locales-a-pied-doeuvre\\\/#article\",\"isPartOf\":{\"@id\":\"https:\\\/\\\/lasentinelle.dz\\\/index.php\\\/2026\\\/03\\\/14\\\/lutte-contre-le-criquet-pelerin-a-tebessa-les-autorites-locales-a-pied-doeuvre\\\/\"},\"author\":{\"name\":\"admin\",\"@id\":\"https:\\\/\\\/lasentinelle.dz\\\/#\\\/schema\\\/person\\\/729ee0024f24e0b8c5ec17232f8e8b41\"},\"headline\":\"Lutte contre le criquet p\u00e8lerin \u00e0 T\u00e9bessa\u00a0: Les autorit\u00e9s locales \u00e0 pied d&rsquo;\u0153uvre\",\"datePublished\":\"2026-03-14T19:17:48+00:00\",\"dateModified\":\"2026-03-14T19:17:49+00:00\",\"mainEntityOfPage\":{\"@id\":\"https:\\\/\\\/lasentinelle.dz\\\/index.php\\\/2026\\\/03\\\/14\\\/lutte-contre-le-criquet-pelerin-a-tebessa-les-autorites-locales-a-pied-doeuvre\\\/\"},\"wordCount\":1275,\"commentCount\":0,\"publisher\":{\"@id\":\"https:\\\/\\\/lasentinelle.dz\\\/#organization\"},\"image\":{\"@id\":\"https:\\\/\\\/lasentinelle.dz\\\/index.php\\\/2026\\\/03\\\/14\\\/lutte-contre-le-criquet-pelerin-a-tebessa-les-autorites-locales-a-pied-doeuvre\\\/#primaryimage\"},\"thumbnailUrl\":\"https:\\\/\\\/lasentinelle.dz\\\/wp-content\\\/uploads\\\/2025\\\/03\\\/criquets.webp\",\"articleSection\":[\"R\u00e9gions\"],\"inLanguage\":\"fr-FR\",\"potentialAction\":[{\"@type\":\"CommentAction\",\"name\":\"Comment\",\"target\":[\"https:\\\/\\\/lasentinelle.dz\\\/index.php\\\/2026\\\/03\\\/14\\\/lutte-contre-le-criquet-pelerin-a-tebessa-les-autorites-locales-a-pied-doeuvre\\\/#respond\"]}]},{\"@type\":\"WebPage\",\"@id\":\"https:\\\/\\\/lasentinelle.dz\\\/index.php\\\/2026\\\/03\\\/14\\\/lutte-contre-le-criquet-pelerin-a-tebessa-les-autorites-locales-a-pied-doeuvre\\\/\",\"url\":\"https:\\\/\\\/lasentinelle.dz\\\/index.php\\\/2026\\\/03\\\/14\\\/lutte-contre-le-criquet-pelerin-a-tebessa-les-autorites-locales-a-pied-doeuvre\\\/\",\"name\":\"Lutte contre le criquet p\u00e8lerin \u00e0 T\u00e9bessa\u00a0: Les autorit\u00e9s locales \u00e0 pied d&rsquo;\u0153uvre - La Sentinelle\",\"isPartOf\":{\"@id\":\"https:\\\/\\\/lasentinelle.dz\\\/#website\"},\"primaryImageOfPage\":{\"@id\":\"https:\\\/\\\/lasentinelle.dz\\\/index.php\\\/2026\\\/03\\\/14\\\/lutte-contre-le-criquet-pelerin-a-tebessa-les-autorites-locales-a-pied-doeuvre\\\/#primaryimage\"},\"image\":{\"@id\":\"https:\\\/\\\/lasentinelle.dz\\\/index.php\\\/2026\\\/03\\\/14\\\/lutte-contre-le-criquet-pelerin-a-tebessa-les-autorites-locales-a-pied-doeuvre\\\/#primaryimage\"},\"thumbnailUrl\":\"https:\\\/\\\/lasentinelle.dz\\\/wp-content\\\/uploads\\\/2025\\\/03\\\/criquets.webp\",\"datePublished\":\"2026-03-14T19:17:48+00:00\",\"dateModified\":\"2026-03-14T19:17:49+00:00\",\"breadcrumb\":{\"@id\":\"https:\\\/\\\/lasentinelle.dz\\\/index.php\\\/2026\\\/03\\\/14\\\/lutte-contre-le-criquet-pelerin-a-tebessa-les-autorites-locales-a-pied-doeuvre\\\/#breadcrumb\"},\"inLanguage\":\"fr-FR\",\"potentialAction\":[{\"@type\":\"ReadAction\",\"target\":[\"https:\\\/\\\/lasentinelle.dz\\\/index.php\\\/2026\\\/03\\\/14\\\/lutte-contre-le-criquet-pelerin-a-tebessa-les-autorites-locales-a-pied-doeuvre\\\/\"]}]},{\"@type\":\"ImageObject\",\"inLanguage\":\"fr-FR\",\"@id\":\"https:\\\/\\\/lasentinelle.dz\\\/index.php\\\/2026\\\/03\\\/14\\\/lutte-contre-le-criquet-pelerin-a-tebessa-les-autorites-locales-a-pied-doeuvre\\\/#primaryimage\",\"url\":\"https:\\\/\\\/lasentinelle.dz\\\/wp-content\\\/uploads\\\/2025\\\/03\\\/criquets.webp\",\"contentUrl\":\"https:\\\/\\\/lasentinelle.dz\\\/wp-content\\\/uploads\\\/2025\\\/03\\\/criquets.webp\",\"width\":632,\"height\":356},{\"@type\":\"BreadcrumbList\",\"@id\":\"https:\\\/\\\/lasentinelle.dz\\\/index.php\\\/2026\\\/03\\\/14\\\/lutte-contre-le-criquet-pelerin-a-tebessa-les-autorites-locales-a-pied-doeuvre\\\/#breadcrumb\",\"itemListElement\":[{\"@type\":\"ListItem\",\"position\":1,\"name\":\"Accueil\",\"item\":\"https:\\\/\\\/lasentinelle.dz\\\/\"},{\"@type\":\"ListItem\",\"position\":2,\"name\":\"Lutte contre le criquet p\u00e8lerin \u00e0 T\u00e9bessa\u00a0: Les autorit\u00e9s locales \u00e0 pied d&rsquo;\u0153uvre\"}]},{\"@type\":\"WebSite\",\"@id\":\"https:\\\/\\\/lasentinelle.dz\\\/#website\",\"url\":\"https:\\\/\\\/lasentinelle.dz\\\/\",\"name\":\"La Sentinelle\",\"description\":\"Quotidien national d&#039;information\",\"publisher\":{\"@id\":\"https:\\\/\\\/lasentinelle.dz\\\/#organization\"},\"potentialAction\":[{\"@type\":\"SearchAction\",\"target\":{\"@type\":\"EntryPoint\",\"urlTemplate\":\"https:\\\/\\\/lasentinelle.dz\\\/?s={search_term_string}\"},\"query-input\":{\"@type\":\"PropertyValueSpecification\",\"valueRequired\":true,\"valueName\":\"search_term_string\"}}],\"inLanguage\":\"fr-FR\"},{\"@type\":\"Organization\",\"@id\":\"https:\\\/\\\/lasentinelle.dz\\\/#organization\",\"name\":\"Quotidien La Sentinelle\",\"url\":\"https:\\\/\\\/lasentinelle.dz\\\/\",\"logo\":{\"@type\":\"ImageObject\",\"inLanguage\":\"fr-FR\",\"@id\":\"https:\\\/\\\/lasentinelle.dz\\\/#\\\/schema\\\/logo\\\/image\\\/\",\"url\":\"https:\\\/\\\/lasentinelle.dz\\\/wp-content\\\/uploads\\\/2021\\\/09\\\/logo-sentinelleSLOGAN-1.png\",\"contentUrl\":\"https:\\\/\\\/lasentinelle.dz\\\/wp-content\\\/uploads\\\/2021\\\/09\\\/logo-sentinelleSLOGAN-1.png\",\"width\":615,\"height\":142,\"caption\":\"Quotidien La Sentinelle\"},\"image\":{\"@id\":\"https:\\\/\\\/lasentinelle.dz\\\/#\\\/schema\\\/logo\\\/image\\\/\"},\"sameAs\":[\"https:\\\/\\\/www.facebook.com\\\/La-Sentinelle-104059864394773\"]},{\"@type\":\"Person\",\"@id\":\"https:\\\/\\\/lasentinelle.dz\\\/#\\\/schema\\\/person\\\/729ee0024f24e0b8c5ec17232f8e8b41\",\"name\":\"admin\",\"image\":{\"@type\":\"ImageObject\",\"inLanguage\":\"fr-FR\",\"@id\":\"https:\\\/\\\/secure.gravatar.com\\\/avatar\\\/4c81fed838786e9b53f540bf46533e750f5d292099ae3b66cfc6fb1982e29df7?s=96&d=mm&r=g\",\"url\":\"https:\\\/\\\/secure.gravatar.com\\\/avatar\\\/4c81fed838786e9b53f540bf46533e750f5d292099ae3b66cfc6fb1982e29df7?s=96&d=mm&r=g\",\"contentUrl\":\"https:\\\/\\\/secure.gravatar.com\\\/avatar\\\/4c81fed838786e9b53f540bf46533e750f5d292099ae3b66cfc6fb1982e29df7?s=96&d=mm&r=g\",\"caption\":\"admin\"},\"description\":\"admin\",\"url\":\"https:\\\/\\\/lasentinelle.dz\\\/author\\\/admin\\\/\"}]}<\/script>\n<!-- \/ Yoast SEO plugin. -->","yoast_head_json":{"title":"Lutte contre le criquet p\u00e8lerin \u00e0 T\u00e9bessa\u00a0: Les autorit\u00e9s locales \u00e0 pied d&rsquo;\u0153uvre - La Sentinelle","robots":{"index":"index","follow":"follow","max-snippet":"max-snippet:-1","max-image-preview":"max-image-preview:large","max-video-preview":"max-video-preview:-1"},"canonical":"https:\/\/lasentinelle.dz\/index.php\/2026\/03\/14\/lutte-contre-le-criquet-pelerin-a-tebessa-les-autorites-locales-a-pied-doeuvre\/","og_locale":"fr_FR","og_type":"article","og_title":"Lutte contre le criquet p\u00e8lerin \u00e0 T\u00e9bessa\u00a0: Les autorit\u00e9s locales \u00e0 pied d&rsquo;\u0153uvre - La Sentinelle","og_description":"Face \u00e0 la menace que repr\u00e9sente le criquet p\u00e8lerin pour le secteur agricole, les autorit\u00e9s de la wilaya de T\u00e9bessa","og_url":"https:\/\/lasentinelle.dz\/index.php\/2026\/03\/14\/lutte-contre-le-criquet-pelerin-a-tebessa-les-autorites-locales-a-pied-doeuvre\/","og_site_name":"La Sentinelle","article_publisher":"https:\/\/www.facebook.com\/La-Sentinelle-104059864394773","article_published_time":"2026-03-14T19:17:48+00:00","article_modified_time":"2026-03-14T19:17:49+00:00","og_image":[{"width":632,"height":356,"url":"https:\/\/lasentinelle.dz\/wp-content\/uploads\/2025\/03\/criquets.webp","type":"image\/webp"}],"author":"admin","twitter_card":"summary_large_image","twitter_misc":{"\u00c9crit par":"admin","Dur\u00e9e de lecture estim\u00e9e":"6 minutes"},"schema":{"@context":"https:\/\/schema.org","@graph":[{"@type":"Article","@id":"https:\/\/lasentinelle.dz\/index.php\/2026\/03\/14\/lutte-contre-le-criquet-pelerin-a-tebessa-les-autorites-locales-a-pied-doeuvre\/#article","isPartOf":{"@id":"https:\/\/lasentinelle.dz\/index.php\/2026\/03\/14\/lutte-contre-le-criquet-pelerin-a-tebessa-les-autorites-locales-a-pied-doeuvre\/"},"author":{"name":"admin","@id":"https:\/\/lasentinelle.dz\/#\/schema\/person\/729ee0024f24e0b8c5ec17232f8e8b41"},"headline":"Lutte contre le criquet p\u00e8lerin \u00e0 T\u00e9bessa\u00a0: Les autorit\u00e9s locales \u00e0 pied d&rsquo;\u0153uvre","datePublished":"2026-03-14T19:17:48+00:00","dateModified":"2026-03-14T19:17:49+00:00","mainEntityOfPage":{"@id":"https:\/\/lasentinelle.dz\/index.php\/2026\/03\/14\/lutte-contre-le-criquet-pelerin-a-tebessa-les-autorites-locales-a-pied-doeuvre\/"},"wordCount":1275,"commentCount":0,"publisher":{"@id":"https:\/\/lasentinelle.dz\/#organization"},"image":{"@id":"https:\/\/lasentinelle.dz\/index.php\/2026\/03\/14\/lutte-contre-le-criquet-pelerin-a-tebessa-les-autorites-locales-a-pied-doeuvre\/#primaryimage"},"thumbnailUrl":"https:\/\/lasentinelle.dz\/wp-content\/uploads\/2025\/03\/criquets.webp","articleSection":["R\u00e9gions"],"inLanguage":"fr-FR","potentialAction":[{"@type":"CommentAction","name":"Comment","target":["https:\/\/lasentinelle.dz\/index.php\/2026\/03\/14\/lutte-contre-le-criquet-pelerin-a-tebessa-les-autorites-locales-a-pied-doeuvre\/#respond"]}]},{"@type":"WebPage","@id":"https:\/\/lasentinelle.dz\/index.php\/2026\/03\/14\/lutte-contre-le-criquet-pelerin-a-tebessa-les-autorites-locales-a-pied-doeuvre\/","url":"https:\/\/lasentinelle.dz\/index.php\/2026\/03\/14\/lutte-contre-le-criquet-pelerin-a-tebessa-les-autorites-locales-a-pied-doeuvre\/","name":"Lutte contre le criquet p\u00e8lerin \u00e0 T\u00e9bessa\u00a0: Les autorit\u00e9s locales \u00e0 pied d&rsquo;\u0153uvre - La Sentinelle","isPartOf":{"@id":"https:\/\/lasentinelle.dz\/#website"},"primaryImageOfPage":{"@id":"https:\/\/lasentinelle.dz\/index.php\/2026\/03\/14\/lutte-contre-le-criquet-pelerin-a-tebessa-les-autorites-locales-a-pied-doeuvre\/#primaryimage"},"image":{"@id":"https:\/\/lasentinelle.dz\/index.php\/2026\/03\/14\/lutte-contre-le-criquet-pelerin-a-tebessa-les-autorites-locales-a-pied-doeuvre\/#primaryimage"},"thumbnailUrl":"https:\/\/lasentinelle.dz\/wp-content\/uploads\/2025\/03\/criquets.webp","datePublished":"2026-03-14T19:17:48+00:00","dateModified":"2026-03-14T19:17:49+00:00","breadcrumb":{"@id":"https:\/\/lasentinelle.dz\/index.php\/2026\/03\/14\/lutte-contre-le-criquet-pelerin-a-tebessa-les-autorites-locales-a-pied-doeuvre\/#breadcrumb"},"inLanguage":"fr-FR","potentialAction":[{"@type":"ReadAction","target":["https:\/\/lasentinelle.dz\/index.php\/2026\/03\/14\/lutte-contre-le-criquet-pelerin-a-tebessa-les-autorites-locales-a-pied-doeuvre\/"]}]},{"@type":"ImageObject","inLanguage":"fr-FR","@id":"https:\/\/lasentinelle.dz\/index.php\/2026\/03\/14\/lutte-contre-le-criquet-pelerin-a-tebessa-les-autorites-locales-a-pied-doeuvre\/#primaryimage","url":"https:\/\/lasentinelle.dz\/wp-content\/uploads\/2025\/03\/criquets.webp","contentUrl":"https:\/\/lasentinelle.dz\/wp-content\/uploads\/2025\/03\/criquets.webp","width":632,"height":356},{"@type":"BreadcrumbList","@id":"https:\/\/lasentinelle.dz\/index.php\/2026\/03\/14\/lutte-contre-le-criquet-pelerin-a-tebessa-les-autorites-locales-a-pied-doeuvre\/#breadcrumb","itemListElement":[{"@type":"ListItem","position":1,"name":"Accueil","item":"https:\/\/lasentinelle.dz\/"},{"@type":"ListItem","position":2,"name":"Lutte contre le criquet p\u00e8lerin \u00e0 T\u00e9bessa\u00a0: Les autorit\u00e9s locales \u00e0 pied d&rsquo;\u0153uvre"}]},{"@type":"WebSite","@id":"https:\/\/lasentinelle.dz\/#website","url":"https:\/\/lasentinelle.dz\/","name":"La Sentinelle","description":"Quotidien national d&#039;information","publisher":{"@id":"https:\/\/lasentinelle.dz\/#organization"},"potentialAction":[{"@type":"SearchAction","target":{"@type":"EntryPoint","urlTemplate":"https:\/\/lasentinelle.dz\/?s={search_term_string}"},"query-input":{"@type":"PropertyValueSpecification","valueRequired":true,"valueName":"search_term_string"}}],"inLanguage":"fr-FR"},{"@type":"Organization","@id":"https:\/\/lasentinelle.dz\/#organization","name":"Quotidien La Sentinelle","url":"https:\/\/lasentinelle.dz\/","logo":{"@type":"ImageObject","inLanguage":"fr-FR","@id":"https:\/\/lasentinelle.dz\/#\/schema\/logo\/image\/","url":"https:\/\/lasentinelle.dz\/wp-content\/uploads\/2021\/09\/logo-sentinelleSLOGAN-1.png","contentUrl":"https:\/\/lasentinelle.dz\/wp-content\/uploads\/2021\/09\/logo-sentinelleSLOGAN-1.png","width":615,"height":142,"caption":"Quotidien La Sentinelle"},"image":{"@id":"https:\/\/lasentinelle.dz\/#\/schema\/logo\/image\/"},"sameAs":["https:\/\/www.facebook.com\/La-Sentinelle-104059864394773"]},{"@type":"Person","@id":"https:\/\/lasentinelle.dz\/#\/schema\/person\/729ee0024f24e0b8c5ec17232f8e8b41","name":"admin","image":{"@type":"ImageObject","inLanguage":"fr-FR","@id":"https:\/\/secure.gravatar.com\/avatar\/4c81fed838786e9b53f540bf46533e750f5d292099ae3b66cfc6fb1982e29df7?s=96&d=mm&r=g","url":"https:\/\/secure.gravatar.com\/avatar\/4c81fed838786e9b53f540bf46533e750f5d292099ae3b66cfc6fb1982e29df7?s=96&d=mm&r=g","contentUrl":"https:\/\/secure.gravatar.com\/avatar\/4c81fed838786e9b53f540bf46533e750f5d292099ae3b66cfc6fb1982e29df7?s=96&d=mm&r=g","caption":"admin"},"description":"admin","url":"https:\/\/lasentinelle.dz\/author\/admin\/"}]}},"_links":{"self":[{"href":"https:\/\/lasentinelle.dz\/index.php\/wp-json\/wp\/v2\/posts\/83501","targetHints":{"allow":["GET"]}}],"collection":[{"href":"https:\/\/lasentinelle.dz\/index.php\/wp-json\/wp\/v2\/posts"}],"about":[{"href":"https:\/\/lasentinelle.dz\/index.php\/wp-json\/wp\/v2\/types\/post"}],"author":[{"embeddable":true,"href":"https:\/\/lasentinelle.dz\/index.php\/wp-json\/wp\/v2\/users\/6"}],"replies":[{"embeddable":true,"href":"https:\/\/lasentinelle.dz\/index.php\/wp-json\/wp\/v2\/comments?post=83501"}],"version-history":[{"count":2,"href":"https:\/\/lasentinelle.dz\/index.php\/wp-json\/wp\/v2\/posts\/83501\/revisions"}],"predecessor-version":[{"id":83503,"href":"https:\/\/lasentinelle.dz\/index.php\/wp-json\/wp\/v2\/posts\/83501\/revisions\/83503"}],"wp:featuredmedia":[{"embeddable":true,"href":"https:\/\/lasentinelle.dz\/index.php\/wp-json\/wp\/v2\/media\/64903"}],"wp:attachment":[{"href":"https:\/\/lasentinelle.dz\/index.php\/wp-json\/wp\/v2\/media?parent=83501"}],"wp:term":[{"taxonomy":"category","embeddable":true,"href":"https:\/\/lasentinelle.dz\/index.php\/wp-json\/wp\/v2\/categories?post=83501"},{"taxonomy":"post_tag","embeddable":true,"href":"https:\/\/lasentinelle.dz\/index.php\/wp-json\/wp\/v2\/tags?post=83501"}],"curies":[{"name":"wp","href":"https:\/\/api.w.org\/{rel}","templated":true}]}}