{"id":83504,"date":"2026-03-14T20:18:38","date_gmt":"2026-03-14T19:18:38","guid":{"rendered":"https:\/\/lasentinelle.dz\/?p=83504"},"modified":"2026-03-14T20:18:40","modified_gmt":"2026-03-14T19:18:40","slug":"valorisation-du-cheptel-bovin-local-a-annaba-la-vache-cheurfa-a-lhonneur","status":"publish","type":"post","link":"https:\/\/lasentinelle.dz\/index.php\/2026\/03\/14\/valorisation-du-cheptel-bovin-local-a-annaba-la-vache-cheurfa-a-lhonneur\/","title":{"rendered":"Valorisation du cheptel bovin local \u00e0 Annaba\u00a0: La vache \u00ab Cheurfa \u00bb \u00e0 l&rsquo;honneur"},"content":{"rendered":"\n<p>La Direction des services agricoles de la wilaya d&rsquo;Annaba a organis\u00e9, hier, une journ\u00e9e de sensibilisation d\u00e9di\u00e9e \u00e0 la valorisation de la race bovine locale \u00ab Cheurfa \u00bb, une vache reconnue pour sa capacit\u00e9 d&rsquo;adaptation et la qualit\u00e9 de ses produits laitiers et carn\u00e9s, dans le cadre d&rsquo;une d\u00e9marche de promotion de la biodiversit\u00e9 et du d\u00e9veloppement agricole durable.<\/p>\n\n\n\n<p>Cette journ\u00e9e marque une \u00e9tape significative pour la fili\u00e8re \u00e9levage, en engageant une r\u00e9flexion sur la valorisation des ressources locales et la consolidation d&rsquo;une agriculture durable, tout en mettant en avant une race qui incarne \u00e0 la fois la tradition et le potentiel d&rsquo;avenir. L&rsquo;objectif de cette rencontre, pr\u00e9sid\u00e9e par la directrice des services agricoles de la wilaya d&rsquo;Annaba, \u00e9tait de mettre en lumi\u00e8re et de vulgariser les atouts de la \u00ab Cheurfa \u00bb, race bovine locale reconnue pour sa capacit\u00e9 d&rsquo;adaptation et la qualit\u00e9 de ses produits laitiers et carn\u00e9s. L&rsquo;\u00e9v\u00e9nement a \u00e9t\u00e9 une occasion \u2014 voire un espace de r\u00e9flexion \u2014 sur les moyens devant permettre la relance de l&rsquo;int\u00e9r\u00eat pour cette race bovine locale et, surtout, de renforcer les actions de protection et de sauvegarde. \u00c0 cet effet, les th\u00e9matiques du programme ont \u00e9t\u00e9 aussi vari\u00e9es qu&rsquo;importantes. Les th\u00e8mes abord\u00e9s ont essentiellement port\u00e9 sur l&rsquo;importance environnementale et culturelle de la race \u00ab Cheurfa \u00bb, ses caract\u00e9ristiques morphologiques et sa r\u00e9silience face aux changements climatiques. Les d\u00e9bats se sont \u00e9galement articul\u00e9s autour des m\u00e9thodes de transformation et de commercialisation des produits, ainsi que du partage d&rsquo;exp\u00e9riences r\u00e9ussies d&rsquo;\u00e9leveurs et de producteurs, notamment autour du miel de l&rsquo;Edough. Les d\u00e9fis li\u00e9s \u00e0 l&rsquo;am\u00e9lioration de la productivit\u00e9 et les perspectives d&rsquo;avenir pour cette fili\u00e8re strat\u00e9gique ont \u00e9galement \u00e9t\u00e9 \u00e9voqu\u00e9s. Cette rencontre a constitu\u00e9 une plateforme d&rsquo;\u00e9changes et de r\u00e9flexion, favorisant le partage de connaissances et d&rsquo;exp\u00e9riences, ainsi que la mise en place de strat\u00e9gies pour renforcer la durabilit\u00e9 et la comp\u00e9titivit\u00e9 des produits locaux, en plus de la pr\u00e9servation du patrimoine g\u00e9n\u00e9tique national. Ont pris part \u00e0 cette journ\u00e9e d&rsquo;\u00e9tude un panel de participants compos\u00e9 notamment de professeurs et de chercheurs des universit\u00e9s de Souk Ahras. Ont \u00e9galement \u00e9t\u00e9 pr\u00e9sents \u00e0 cette rencontre des repr\u00e9sentants institutionnels et des professionnels, dont, entre autres, la Chambre d&rsquo;Agriculture, la Conservation des For\u00eats, l&rsquo;Institut Technique d&rsquo;\u00c9levage et la Chambre de Commerce et d&rsquo;Industrie (CCI), ainsi que la coop\u00e9rative Al Nadajah. Parmi les participants figuraient \u00e9galement la Conf\u00e9d\u00e9ration alg\u00e9rienne des employeurs et l&rsquo;Association pour la protection et la valorisation du miel de l&rsquo;Edough.<\/p>\n\n\n\n<p>Il est \u00e0 noter que l&rsquo;\u00e9levage jouit d&rsquo;une importance capitale aux yeux des pouvoirs publics. On rappelle, dans ce sens, qu&rsquo;en mati\u00e8re d&rsquo;\u00e9levage, le minist\u00e8re de l&rsquo;Agriculture, du D\u00e9veloppement rural et de la P\u00eache avait annonc\u00e9 une s\u00e9rie de nouvelles mesures visant \u00e0 soutenir la fili\u00e8re bovine. Ces mesures visent \u00e0 r\u00e9duire les co\u00fbts de production des viandes rouges et \u00e0 garantir la stabilit\u00e9 des prix des aliments du b\u00e9tail. Ces mesures, et bien d&rsquo;autres, s&rsquo;inscrivent dans le cadre de la nouvelle strat\u00e9gie visant \u00e0 soutenir et \u00e0 d\u00e9velopper la fili\u00e8re de l&rsquo;\u00e9levage bovin, entre autres, et \u00e0 renforcer la production des viandes rouges \u2014 notamment \u00e0 la suite de la rencontre nationale qui avait, rappelons-le, regroup\u00e9 le minist\u00e8re de l&rsquo;Agriculture, du D\u00e9veloppement rural et de la P\u00eache avec les repr\u00e9sentants de la fili\u00e8re des viandes rouges, les \u00e9leveurs, la Chambre nationale de l&rsquo;agriculture (CNA) et l&rsquo;Union nationale des paysans alg\u00e9riens (UNPA). Cette rencontre avait conclu \u00e0 la n\u00e9cessit\u00e9 de r\u00e9guler les prix des aliments pour b\u00e9tail et d&rsquo;en assurer la disponibilit\u00e9 continue, afin de pr\u00e9server cette fili\u00e8re strat\u00e9gique qu&rsquo;est la fili\u00e8re bovine.<\/p>\n\n\n\n<p>Sofia Chahine<\/p>\n","protected":false},"excerpt":{"rendered":"<p>La Direction des services agricoles de la wilaya d&rsquo;Annaba a organis\u00e9, hier, une journ\u00e9e de sensibilisation d\u00e9di\u00e9e \u00e0 la valorisation<\/p>\n","protected":false},"author":6,"featured_media":83505,"comment_status":"open","ping_status":"closed","sticky":false,"template":"","format":"standard","meta":{"colormag_page_container_layout":"default_layout","colormag_page_sidebar_layout":"default_layout","om_disable_all_campaigns":false,"_monsterinsights_skip_tracking":false,"_monsterinsights_sitenote_active":false,"_monsterinsights_sitenote_note":"","_monsterinsights_sitenote_category":0,"footnotes":"","_wpscppro_dont_share_socialmedia":false,"_wpscppro_custom_social_share_image":0,"_facebook_share_type":"default","_twitter_share_type":"default","_linkedin_share_type":"default","_pinterest_share_type":"default","_linkedin_share_type_page":"","_instagram_share_type":"default","_medium_share_type":"default","_threads_share_type":"default","_google_business_share_type":"default","_selected_social_profile":[],"_wpsp_enable_custom_social_template":false,"_wpsp_social_scheduling":{"enabled":false,"datetime":null,"platforms":[],"status":"template_only","dateOption":"today","timeOption":"now","customDays":"","customHours":"","customDate":"","customTime":"","schedulingType":"absolute"},"_wpsp_active_default_template":true},"categories":[31],"tags":[],"class_list":["post-83504","post","type-post","status-publish","format-standard","has-post-thumbnail","hentry","category-regions"],"aioseo_notices":[],"yoast_head":"<!-- This site is optimized with the Yoast SEO plugin v27.5 - https:\/\/yoast.com\/product\/yoast-seo-wordpress\/ -->\n<title>Valorisation du cheptel bovin local \u00e0 Annaba\u00a0: La vache \u00ab Cheurfa \u00bb \u00e0 l&rsquo;honneur - La Sentinelle<\/title>\n<meta name=\"robots\" content=\"index, follow, max-snippet:-1, max-image-preview:large, max-video-preview:-1\" \/>\n<link rel=\"canonical\" href=\"https:\/\/lasentinelle.dz\/index.php\/2026\/03\/14\/valorisation-du-cheptel-bovin-local-a-annaba-la-vache-cheurfa-a-lhonneur\/\" \/>\n<meta property=\"og:locale\" content=\"fr_FR\" \/>\n<meta property=\"og:type\" content=\"article\" \/>\n<meta property=\"og:title\" content=\"Valorisation du cheptel bovin local \u00e0 Annaba\u00a0: La vache \u00ab Cheurfa \u00bb \u00e0 l&rsquo;honneur - La Sentinelle\" \/>\n<meta property=\"og:description\" content=\"La Direction des services agricoles de la wilaya d&rsquo;Annaba a organis\u00e9, hier, une journ\u00e9e de sensibilisation d\u00e9di\u00e9e \u00e0 la valorisation\" \/>\n<meta property=\"og:url\" content=\"https:\/\/lasentinelle.dz\/index.php\/2026\/03\/14\/valorisation-du-cheptel-bovin-local-a-annaba-la-vache-cheurfa-a-lhonneur\/\" \/>\n<meta property=\"og:site_name\" content=\"La Sentinelle\" \/>\n<meta property=\"article:publisher\" content=\"https:\/\/www.facebook.com\/La-Sentinelle-104059864394773\" \/>\n<meta property=\"article:published_time\" content=\"2026-03-14T19:18:38+00:00\" \/>\n<meta property=\"article:modified_time\" content=\"2026-03-14T19:18:40+00:00\" \/>\n<meta property=\"og:image\" content=\"https:\/\/lasentinelle.dz\/wp-content\/uploads\/2026\/03\/vache-Cheurfa.jpg\" \/>\n\t<meta property=\"og:image:width\" content=\"800\" \/>\n\t<meta property=\"og:image:height\" content=\"547\" \/>\n\t<meta property=\"og:image:type\" content=\"image\/jpeg\" \/>\n<meta name=\"author\" content=\"admin\" \/>\n<meta name=\"twitter:card\" content=\"summary_large_image\" \/>\n<meta name=\"twitter:label1\" content=\"\u00c9crit par\" \/>\n\t<meta name=\"twitter:data1\" content=\"admin\" \/>\n\t<meta name=\"twitter:label2\" content=\"Dur\u00e9e de lecture estim\u00e9e\" \/>\n\t<meta name=\"twitter:data2\" content=\"4 minutes\" \/>\n<script type=\"application\/ld+json\" class=\"yoast-schema-graph\">{\"@context\":\"https:\\\/\\\/schema.org\",\"@graph\":[{\"@type\":\"Article\",\"@id\":\"https:\\\/\\\/lasentinelle.dz\\\/index.php\\\/2026\\\/03\\\/14\\\/valorisation-du-cheptel-bovin-local-a-annaba-la-vache-cheurfa-a-lhonneur\\\/#article\",\"isPartOf\":{\"@id\":\"https:\\\/\\\/lasentinelle.dz\\\/index.php\\\/2026\\\/03\\\/14\\\/valorisation-du-cheptel-bovin-local-a-annaba-la-vache-cheurfa-a-lhonneur\\\/\"},\"author\":{\"name\":\"admin\",\"@id\":\"https:\\\/\\\/lasentinelle.dz\\\/#\\\/schema\\\/person\\\/729ee0024f24e0b8c5ec17232f8e8b41\"},\"headline\":\"Valorisation du cheptel bovin local \u00e0 Annaba\u00a0: La vache \u00ab Cheurfa \u00bb \u00e0 l&rsquo;honneur\",\"datePublished\":\"2026-03-14T19:18:38+00:00\",\"dateModified\":\"2026-03-14T19:18:40+00:00\",\"mainEntityOfPage\":{\"@id\":\"https:\\\/\\\/lasentinelle.dz\\\/index.php\\\/2026\\\/03\\\/14\\\/valorisation-du-cheptel-bovin-local-a-annaba-la-vache-cheurfa-a-lhonneur\\\/\"},\"wordCount\":694,\"commentCount\":0,\"publisher\":{\"@id\":\"https:\\\/\\\/lasentinelle.dz\\\/#organization\"},\"image\":{\"@id\":\"https:\\\/\\\/lasentinelle.dz\\\/index.php\\\/2026\\\/03\\\/14\\\/valorisation-du-cheptel-bovin-local-a-annaba-la-vache-cheurfa-a-lhonneur\\\/#primaryimage\"},\"thumbnailUrl\":\"https:\\\/\\\/lasentinelle.dz\\\/wp-content\\\/uploads\\\/2026\\\/03\\\/vache-Cheurfa.jpg\",\"articleSection\":[\"R\u00e9gions\"],\"inLanguage\":\"fr-FR\",\"potentialAction\":[{\"@type\":\"CommentAction\",\"name\":\"Comment\",\"target\":[\"https:\\\/\\\/lasentinelle.dz\\\/index.php\\\/2026\\\/03\\\/14\\\/valorisation-du-cheptel-bovin-local-a-annaba-la-vache-cheurfa-a-lhonneur\\\/#respond\"]}]},{\"@type\":\"WebPage\",\"@id\":\"https:\\\/\\\/lasentinelle.dz\\\/index.php\\\/2026\\\/03\\\/14\\\/valorisation-du-cheptel-bovin-local-a-annaba-la-vache-cheurfa-a-lhonneur\\\/\",\"url\":\"https:\\\/\\\/lasentinelle.dz\\\/index.php\\\/2026\\\/03\\\/14\\\/valorisation-du-cheptel-bovin-local-a-annaba-la-vache-cheurfa-a-lhonneur\\\/\",\"name\":\"Valorisation du cheptel bovin local \u00e0 Annaba\u00a0: La vache \u00ab Cheurfa \u00bb \u00e0 l&rsquo;honneur - La Sentinelle\",\"isPartOf\":{\"@id\":\"https:\\\/\\\/lasentinelle.dz\\\/#website\"},\"primaryImageOfPage\":{\"@id\":\"https:\\\/\\\/lasentinelle.dz\\\/index.php\\\/2026\\\/03\\\/14\\\/valorisation-du-cheptel-bovin-local-a-annaba-la-vache-cheurfa-a-lhonneur\\\/#primaryimage\"},\"image\":{\"@id\":\"https:\\\/\\\/lasentinelle.dz\\\/index.php\\\/2026\\\/03\\\/14\\\/valorisation-du-cheptel-bovin-local-a-annaba-la-vache-cheurfa-a-lhonneur\\\/#primaryimage\"},\"thumbnailUrl\":\"https:\\\/\\\/lasentinelle.dz\\\/wp-content\\\/uploads\\\/2026\\\/03\\\/vache-Cheurfa.jpg\",\"datePublished\":\"2026-03-14T19:18:38+00:00\",\"dateModified\":\"2026-03-14T19:18:40+00:00\",\"breadcrumb\":{\"@id\":\"https:\\\/\\\/lasentinelle.dz\\\/index.php\\\/2026\\\/03\\\/14\\\/valorisation-du-cheptel-bovin-local-a-annaba-la-vache-cheurfa-a-lhonneur\\\/#breadcrumb\"},\"inLanguage\":\"fr-FR\",\"potentialAction\":[{\"@type\":\"ReadAction\",\"target\":[\"https:\\\/\\\/lasentinelle.dz\\\/index.php\\\/2026\\\/03\\\/14\\\/valorisation-du-cheptel-bovin-local-a-annaba-la-vache-cheurfa-a-lhonneur\\\/\"]}]},{\"@type\":\"ImageObject\",\"inLanguage\":\"fr-FR\",\"@id\":\"https:\\\/\\\/lasentinelle.dz\\\/index.php\\\/2026\\\/03\\\/14\\\/valorisation-du-cheptel-bovin-local-a-annaba-la-vache-cheurfa-a-lhonneur\\\/#primaryimage\",\"url\":\"https:\\\/\\\/lasentinelle.dz\\\/wp-content\\\/uploads\\\/2026\\\/03\\\/vache-Cheurfa.jpg\",\"contentUrl\":\"https:\\\/\\\/lasentinelle.dz\\\/wp-content\\\/uploads\\\/2026\\\/03\\\/vache-Cheurfa.jpg\",\"width\":800,\"height\":547},{\"@type\":\"BreadcrumbList\",\"@id\":\"https:\\\/\\\/lasentinelle.dz\\\/index.php\\\/2026\\\/03\\\/14\\\/valorisation-du-cheptel-bovin-local-a-annaba-la-vache-cheurfa-a-lhonneur\\\/#breadcrumb\",\"itemListElement\":[{\"@type\":\"ListItem\",\"position\":1,\"name\":\"Accueil\",\"item\":\"https:\\\/\\\/lasentinelle.dz\\\/\"},{\"@type\":\"ListItem\",\"position\":2,\"name\":\"Valorisation du cheptel bovin local \u00e0 Annaba\u00a0: La vache \u00ab Cheurfa \u00bb \u00e0 l&rsquo;honneur\"}]},{\"@type\":\"WebSite\",\"@id\":\"https:\\\/\\\/lasentinelle.dz\\\/#website\",\"url\":\"https:\\\/\\\/lasentinelle.dz\\\/\",\"name\":\"La Sentinelle\",\"description\":\"Quotidien national d&#039;information\",\"publisher\":{\"@id\":\"https:\\\/\\\/lasentinelle.dz\\\/#organization\"},\"potentialAction\":[{\"@type\":\"SearchAction\",\"target\":{\"@type\":\"EntryPoint\",\"urlTemplate\":\"https:\\\/\\\/lasentinelle.dz\\\/?s={search_term_string}\"},\"query-input\":{\"@type\":\"PropertyValueSpecification\",\"valueRequired\":true,\"valueName\":\"search_term_string\"}}],\"inLanguage\":\"fr-FR\"},{\"@type\":\"Organization\",\"@id\":\"https:\\\/\\\/lasentinelle.dz\\\/#organization\",\"name\":\"Quotidien La Sentinelle\",\"url\":\"https:\\\/\\\/lasentinelle.dz\\\/\",\"logo\":{\"@type\":\"ImageObject\",\"inLanguage\":\"fr-FR\",\"@id\":\"https:\\\/\\\/lasentinelle.dz\\\/#\\\/schema\\\/logo\\\/image\\\/\",\"url\":\"https:\\\/\\\/lasentinelle.dz\\\/wp-content\\\/uploads\\\/2021\\\/09\\\/logo-sentinelleSLOGAN-1.png\",\"contentUrl\":\"https:\\\/\\\/lasentinelle.dz\\\/wp-content\\\/uploads\\\/2021\\\/09\\\/logo-sentinelleSLOGAN-1.png\",\"width\":615,\"height\":142,\"caption\":\"Quotidien La Sentinelle\"},\"image\":{\"@id\":\"https:\\\/\\\/lasentinelle.dz\\\/#\\\/schema\\\/logo\\\/image\\\/\"},\"sameAs\":[\"https:\\\/\\\/www.facebook.com\\\/La-Sentinelle-104059864394773\"]},{\"@type\":\"Person\",\"@id\":\"https:\\\/\\\/lasentinelle.dz\\\/#\\\/schema\\\/person\\\/729ee0024f24e0b8c5ec17232f8e8b41\",\"name\":\"admin\",\"image\":{\"@type\":\"ImageObject\",\"inLanguage\":\"fr-FR\",\"@id\":\"https:\\\/\\\/secure.gravatar.com\\\/avatar\\\/4c81fed838786e9b53f540bf46533e750f5d292099ae3b66cfc6fb1982e29df7?s=96&d=mm&r=g\",\"url\":\"https:\\\/\\\/secure.gravatar.com\\\/avatar\\\/4c81fed838786e9b53f540bf46533e750f5d292099ae3b66cfc6fb1982e29df7?s=96&d=mm&r=g\",\"contentUrl\":\"https:\\\/\\\/secure.gravatar.com\\\/avatar\\\/4c81fed838786e9b53f540bf46533e750f5d292099ae3b66cfc6fb1982e29df7?s=96&d=mm&r=g\",\"caption\":\"admin\"},\"description\":\"admin\",\"url\":\"https:\\\/\\\/lasentinelle.dz\\\/author\\\/admin\\\/\"}]}<\/script>\n<!-- \/ Yoast SEO plugin. -->","yoast_head_json":{"title":"Valorisation du cheptel bovin local \u00e0 Annaba\u00a0: La vache \u00ab Cheurfa \u00bb \u00e0 l&rsquo;honneur - La Sentinelle","robots":{"index":"index","follow":"follow","max-snippet":"max-snippet:-1","max-image-preview":"max-image-preview:large","max-video-preview":"max-video-preview:-1"},"canonical":"https:\/\/lasentinelle.dz\/index.php\/2026\/03\/14\/valorisation-du-cheptel-bovin-local-a-annaba-la-vache-cheurfa-a-lhonneur\/","og_locale":"fr_FR","og_type":"article","og_title":"Valorisation du cheptel bovin local \u00e0 Annaba\u00a0: La vache \u00ab Cheurfa \u00bb \u00e0 l&rsquo;honneur - La Sentinelle","og_description":"La Direction des services agricoles de la wilaya d&rsquo;Annaba a organis\u00e9, hier, une journ\u00e9e de sensibilisation d\u00e9di\u00e9e \u00e0 la valorisation","og_url":"https:\/\/lasentinelle.dz\/index.php\/2026\/03\/14\/valorisation-du-cheptel-bovin-local-a-annaba-la-vache-cheurfa-a-lhonneur\/","og_site_name":"La Sentinelle","article_publisher":"https:\/\/www.facebook.com\/La-Sentinelle-104059864394773","article_published_time":"2026-03-14T19:18:38+00:00","article_modified_time":"2026-03-14T19:18:40+00:00","og_image":[{"width":800,"height":547,"url":"https:\/\/lasentinelle.dz\/wp-content\/uploads\/2026\/03\/vache-Cheurfa.jpg","type":"image\/jpeg"}],"author":"admin","twitter_card":"summary_large_image","twitter_misc":{"\u00c9crit par":"admin","Dur\u00e9e de lecture estim\u00e9e":"4 minutes"},"schema":{"@context":"https:\/\/schema.org","@graph":[{"@type":"Article","@id":"https:\/\/lasentinelle.dz\/index.php\/2026\/03\/14\/valorisation-du-cheptel-bovin-local-a-annaba-la-vache-cheurfa-a-lhonneur\/#article","isPartOf":{"@id":"https:\/\/lasentinelle.dz\/index.php\/2026\/03\/14\/valorisation-du-cheptel-bovin-local-a-annaba-la-vache-cheurfa-a-lhonneur\/"},"author":{"name":"admin","@id":"https:\/\/lasentinelle.dz\/#\/schema\/person\/729ee0024f24e0b8c5ec17232f8e8b41"},"headline":"Valorisation du cheptel bovin local \u00e0 Annaba\u00a0: La vache \u00ab Cheurfa \u00bb \u00e0 l&rsquo;honneur","datePublished":"2026-03-14T19:18:38+00:00","dateModified":"2026-03-14T19:18:40+00:00","mainEntityOfPage":{"@id":"https:\/\/lasentinelle.dz\/index.php\/2026\/03\/14\/valorisation-du-cheptel-bovin-local-a-annaba-la-vache-cheurfa-a-lhonneur\/"},"wordCount":694,"commentCount":0,"publisher":{"@id":"https:\/\/lasentinelle.dz\/#organization"},"image":{"@id":"https:\/\/lasentinelle.dz\/index.php\/2026\/03\/14\/valorisation-du-cheptel-bovin-local-a-annaba-la-vache-cheurfa-a-lhonneur\/#primaryimage"},"thumbnailUrl":"https:\/\/lasentinelle.dz\/wp-content\/uploads\/2026\/03\/vache-Cheurfa.jpg","articleSection":["R\u00e9gions"],"inLanguage":"fr-FR","potentialAction":[{"@type":"CommentAction","name":"Comment","target":["https:\/\/lasentinelle.dz\/index.php\/2026\/03\/14\/valorisation-du-cheptel-bovin-local-a-annaba-la-vache-cheurfa-a-lhonneur\/#respond"]}]},{"@type":"WebPage","@id":"https:\/\/lasentinelle.dz\/index.php\/2026\/03\/14\/valorisation-du-cheptel-bovin-local-a-annaba-la-vache-cheurfa-a-lhonneur\/","url":"https:\/\/lasentinelle.dz\/index.php\/2026\/03\/14\/valorisation-du-cheptel-bovin-local-a-annaba-la-vache-cheurfa-a-lhonneur\/","name":"Valorisation du cheptel bovin local \u00e0 Annaba\u00a0: La vache \u00ab Cheurfa \u00bb \u00e0 l&rsquo;honneur - La Sentinelle","isPartOf":{"@id":"https:\/\/lasentinelle.dz\/#website"},"primaryImageOfPage":{"@id":"https:\/\/lasentinelle.dz\/index.php\/2026\/03\/14\/valorisation-du-cheptel-bovin-local-a-annaba-la-vache-cheurfa-a-lhonneur\/#primaryimage"},"image":{"@id":"https:\/\/lasentinelle.dz\/index.php\/2026\/03\/14\/valorisation-du-cheptel-bovin-local-a-annaba-la-vache-cheurfa-a-lhonneur\/#primaryimage"},"thumbnailUrl":"https:\/\/lasentinelle.dz\/wp-content\/uploads\/2026\/03\/vache-Cheurfa.jpg","datePublished":"2026-03-14T19:18:38+00:00","dateModified":"2026-03-14T19:18:40+00:00","breadcrumb":{"@id":"https:\/\/lasentinelle.dz\/index.php\/2026\/03\/14\/valorisation-du-cheptel-bovin-local-a-annaba-la-vache-cheurfa-a-lhonneur\/#breadcrumb"},"inLanguage":"fr-FR","potentialAction":[{"@type":"ReadAction","target":["https:\/\/lasentinelle.dz\/index.php\/2026\/03\/14\/valorisation-du-cheptel-bovin-local-a-annaba-la-vache-cheurfa-a-lhonneur\/"]}]},{"@type":"ImageObject","inLanguage":"fr-FR","@id":"https:\/\/lasentinelle.dz\/index.php\/2026\/03\/14\/valorisation-du-cheptel-bovin-local-a-annaba-la-vache-cheurfa-a-lhonneur\/#primaryimage","url":"https:\/\/lasentinelle.dz\/wp-content\/uploads\/2026\/03\/vache-Cheurfa.jpg","contentUrl":"https:\/\/lasentinelle.dz\/wp-content\/uploads\/2026\/03\/vache-Cheurfa.jpg","width":800,"height":547},{"@type":"BreadcrumbList","@id":"https:\/\/lasentinelle.dz\/index.php\/2026\/03\/14\/valorisation-du-cheptel-bovin-local-a-annaba-la-vache-cheurfa-a-lhonneur\/#breadcrumb","itemListElement":[{"@type":"ListItem","position":1,"name":"Accueil","item":"https:\/\/lasentinelle.dz\/"},{"@type":"ListItem","position":2,"name":"Valorisation du cheptel bovin local \u00e0 Annaba\u00a0: La vache \u00ab Cheurfa \u00bb \u00e0 l&rsquo;honneur"}]},{"@type":"WebSite","@id":"https:\/\/lasentinelle.dz\/#website","url":"https:\/\/lasentinelle.dz\/","name":"La Sentinelle","description":"Quotidien national d&#039;information","publisher":{"@id":"https:\/\/lasentinelle.dz\/#organization"},"potentialAction":[{"@type":"SearchAction","target":{"@type":"EntryPoint","urlTemplate":"https:\/\/lasentinelle.dz\/?s={search_term_string}"},"query-input":{"@type":"PropertyValueSpecification","valueRequired":true,"valueName":"search_term_string"}}],"inLanguage":"fr-FR"},{"@type":"Organization","@id":"https:\/\/lasentinelle.dz\/#organization","name":"Quotidien La Sentinelle","url":"https:\/\/lasentinelle.dz\/","logo":{"@type":"ImageObject","inLanguage":"fr-FR","@id":"https:\/\/lasentinelle.dz\/#\/schema\/logo\/image\/","url":"https:\/\/lasentinelle.dz\/wp-content\/uploads\/2021\/09\/logo-sentinelleSLOGAN-1.png","contentUrl":"https:\/\/lasentinelle.dz\/wp-content\/uploads\/2021\/09\/logo-sentinelleSLOGAN-1.png","width":615,"height":142,"caption":"Quotidien La Sentinelle"},"image":{"@id":"https:\/\/lasentinelle.dz\/#\/schema\/logo\/image\/"},"sameAs":["https:\/\/www.facebook.com\/La-Sentinelle-104059864394773"]},{"@type":"Person","@id":"https:\/\/lasentinelle.dz\/#\/schema\/person\/729ee0024f24e0b8c5ec17232f8e8b41","name":"admin","image":{"@type":"ImageObject","inLanguage":"fr-FR","@id":"https:\/\/secure.gravatar.com\/avatar\/4c81fed838786e9b53f540bf46533e750f5d292099ae3b66cfc6fb1982e29df7?s=96&d=mm&r=g","url":"https:\/\/secure.gravatar.com\/avatar\/4c81fed838786e9b53f540bf46533e750f5d292099ae3b66cfc6fb1982e29df7?s=96&d=mm&r=g","contentUrl":"https:\/\/secure.gravatar.com\/avatar\/4c81fed838786e9b53f540bf46533e750f5d292099ae3b66cfc6fb1982e29df7?s=96&d=mm&r=g","caption":"admin"},"description":"admin","url":"https:\/\/lasentinelle.dz\/author\/admin\/"}]}},"_links":{"self":[{"href":"https:\/\/lasentinelle.dz\/index.php\/wp-json\/wp\/v2\/posts\/83504","targetHints":{"allow":["GET"]}}],"collection":[{"href":"https:\/\/lasentinelle.dz\/index.php\/wp-json\/wp\/v2\/posts"}],"about":[{"href":"https:\/\/lasentinelle.dz\/index.php\/wp-json\/wp\/v2\/types\/post"}],"author":[{"embeddable":true,"href":"https:\/\/lasentinelle.dz\/index.php\/wp-json\/wp\/v2\/users\/6"}],"replies":[{"embeddable":true,"href":"https:\/\/lasentinelle.dz\/index.php\/wp-json\/wp\/v2\/comments?post=83504"}],"version-history":[{"count":2,"href":"https:\/\/lasentinelle.dz\/index.php\/wp-json\/wp\/v2\/posts\/83504\/revisions"}],"predecessor-version":[{"id":83507,"href":"https:\/\/lasentinelle.dz\/index.php\/wp-json\/wp\/v2\/posts\/83504\/revisions\/83507"}],"wp:featuredmedia":[{"embeddable":true,"href":"https:\/\/lasentinelle.dz\/index.php\/wp-json\/wp\/v2\/media\/83505"}],"wp:attachment":[{"href":"https:\/\/lasentinelle.dz\/index.php\/wp-json\/wp\/v2\/media?parent=83504"}],"wp:term":[{"taxonomy":"category","embeddable":true,"href":"https:\/\/lasentinelle.dz\/index.php\/wp-json\/wp\/v2\/categories?post=83504"},{"taxonomy":"post_tag","embeddable":true,"href":"https:\/\/lasentinelle.dz\/index.php\/wp-json\/wp\/v2\/tags?post=83504"}],"curies":[{"name":"wp","href":"https:\/\/api.w.org\/{rel}","templated":true}]}}