{"id":83508,"date":"2026-03-14T20:19:35","date_gmt":"2026-03-14T19:19:35","guid":{"rendered":"https:\/\/lasentinelle.dz\/?p=83508"},"modified":"2026-03-14T20:19:37","modified_gmt":"2026-03-14T19:19:37","slug":"securite-hydrique-a-bouira-derbal-hausse-le-ton","status":"publish","type":"post","link":"https:\/\/lasentinelle.dz\/index.php\/2026\/03\/14\/securite-hydrique-a-bouira-derbal-hausse-le-ton\/","title":{"rendered":"S\u00e9curit\u00e9 hydrique \u00e0 Bouira\u00a0: Derbal hausse le ton\u00a0!"},"content":{"rendered":"\n<p>En visite de travail \u00e0 Bouira samedi, le ministre de l&rsquo;Hydraulique Taha Derbal a altern\u00e9 satisfecit et mises en garde, appelant les responsables locaux du secteur \u00e0 \u0153uvrer \u00ab sans rel\u00e2che et avec rigueur \u00bb pour rattraper les retards accus\u00e9s dans la r\u00e9alisation de plusieurs projets structurants. Une injonction qui r\u00e9sonne dans une wilaya dot\u00e9e de ressources hydriques consid\u00e9rables, mais o\u00f9 des communes continuent de souffrir de perturbations r\u00e9currentes dans l&rsquo;alimentation en eau potable, particuli\u00e8rement en p\u00e9riode estivale. Le ton \u00e9tait donn\u00e9 d\u00e8s l&rsquo;arriv\u00e9e du ministre. Apr\u00e8s avoir \u00e9cout\u00e9 un expos\u00e9 d\u00e9taill\u00e9 sur l&rsquo;\u00e9tat d&rsquo;avancement des projets du secteur, Taha Derbal a salu\u00e9 les progr\u00e8s accomplis avant d&rsquo;insister, sans ambigu\u00eft\u00e9, sur ce qui reste \u00e0 faire. \u00ab Je valorise tout ce qui a \u00e9t\u00e9 r\u00e9alis\u00e9 et les progr\u00e8s atteints qui ont permis une am\u00e9lioration en mati\u00e8re d&rsquo;approvisionnement en eau potable \u00e0 travers la wilaya, mais nous devons fournir des efforts suppl\u00e9mentaires pour concr\u00e9tiser tous les objectifs trac\u00e9s auparavant et r\u00e9pondre aux attentes \u00bb, a-t-il d\u00e9clar\u00e9.<\/p>\n\n\n\n<p>La wilaya de Bouira concentre pourtant un portefeuille de projets hydrauliques d&rsquo;une ampleur rarement atteinte dans l&rsquo;histoire r\u00e9cente de la r\u00e9gion. La visite du ministre, qui l&rsquo;a conduit aux quatre coins de la wilaya, a permis de mesurer \u00e0 la fois l&rsquo;\u00e9tendue des chantiers engag\u00e9s et la complexit\u00e9 des d\u00e9fis qui restent \u00e0 surmonter. Premi\u00e8re \u00e9tape significative : la commune montagneuse de Saharidj, o\u00f9 le ministre a inspect\u00e9 le projet de r\u00e9habilitation de la source Lainser Averkane, dit \u00ab La source noire \u00bb. Dot\u00e9 d&rsquo;une enveloppe financi\u00e8re de 470 millions de dinars, ce projet pr\u00e9voit la construction d&rsquo;un r\u00e9servoir d&rsquo;une capacit\u00e9 de 5 000 m\u00e8tres cubes et la pose d&rsquo;une conduite de 2 300 m\u00e8tres. Son objectif est d&rsquo;assurer un approvisionnement r\u00e9gulier en eau potable pour les communes de la r\u00e9gion Est de la wilaya, un secteur g\u00e9ographiquement enclav\u00e9 qui peine depuis des ann\u00e9es \u00e0 b\u00e9n\u00e9ficier d&rsquo;une desserte suffisante et continue. Le d\u00e9placement s&rsquo;est ensuite poursuivi vers M&rsquo;Chedallah, o\u00f9 est en cours l&rsquo;un des projets les plus strat\u00e9giques du programme : le raccordement de l&rsquo;usine de dessalement d&rsquo;eau de mer de Tighremt, situ\u00e9e \u00e0 B\u00e9ja\u00efa, au syst\u00e8me des transferts du barrage Tilesdit \u00e0 Bechloul. Lanc\u00e9s en septembre 2025 pour une enveloppe de 10 milliards de dinars, les travaux portent sur la r\u00e9alisation d&rsquo;un r\u00e9seau de conduites et d&rsquo;une s\u00e9rie d&rsquo;ouvrages hydrauliques. L&rsquo;usine de Tighremt, dont la capacit\u00e9 de traitement atteint 300 000 m\u00e8tres cubes d&rsquo;eau par jour, est appel\u00e9e \u00e0 alimenter non seulement les communes de B\u00e9ja\u00efa, mais \u00e9galement les wilayas limitrophes, dont Bouira et Bordj Bou Arr\u00e9ridj. Une interconnexion des syst\u00e8mes hydrauliques qui illustre la nouvelle approche adopt\u00e9e par les pouvoirs publics : g\u00e9rer la ressource en eau \u00e0 l&rsquo;\u00e9chelle r\u00e9gionale plut\u00f4t que wilaya par wilaya, pour en optimiser la distribution et r\u00e9duire les in\u00e9galit\u00e9s territoriales. Toujours au niveau du barrage de Tilesdit, le ministre s&rsquo;est enquis de l&rsquo;avancement des travaux d&rsquo;extension de la station de traitement. Le directeur de l&rsquo;Alg\u00e9rienne des eaux de Bouira, Hakim Lacen, a pr\u00e9cis\u00e9 \u00e0 cette occasion que \u00ab une fois mise en service, cette station assurera la distribution d&rsquo;un volume important d&rsquo;eau aux habitants des communes b\u00e9n\u00e9ficiaires, notamment celles de la partie Est de la wilaya de Bouira \u00bb. Un projet dont la livraison conditionnera directement le quotidien de milliers de foyers qui composent encore, bon an mal an, avec des coupures \u00e0 r\u00e9p\u00e9tition. La visite a \u00e9galement mis en lumi\u00e8re la dimension agricole de la politique hydraulique men\u00e9e dans la wilaya. \u00c0 Bouira m\u00eame, le ministre a inspect\u00e9 les travaux en cours \u00e0 la station d&rsquo;\u00e9puration des eaux us\u00e9es, dont la mise en service permettra de transf\u00e9rer les eaux trait\u00e9es vers le plateau irrigu\u00e9 d&rsquo;El Asnam. \u00c0 A\u00efn Bessam, un projet similaire est en cours de r\u00e9alisation pour renforcer l&rsquo;irrigation agricole du plateau des Aribs. Le r\u00e9emploi des eaux \u00e9pur\u00e9es \u00e0 des fins agricoles constitue l&rsquo;un des axes majeurs de la strat\u00e9gie nationale de gestion de l&rsquo;eau, dans un contexte de stress hydrique croissant aggrav\u00e9 par les effets du changement climatique sur les pr\u00e9cipitations et les niveaux des barrages. La derni\u00e8re \u00e9tape de la visite, dans la commune montagneuse de Zbarbar \u00e0 l&rsquo;ouest de la wilaya, a \u00e9t\u00e9 l&rsquo;occasion pour le ministre de donner le coup d&rsquo;envoi des travaux de forage de trois puits art\u00e9siens. Ce projet s&rsquo;inscrit dans le prolongement d&rsquo;une d\u00e9cision prise par le pr\u00e9sident de la R\u00e9publique Abdelmadjid Tebboune lors du Conseil des ministres du 18 f\u00e9vrier 2024, qui avait ordonn\u00e9 le lancement d&rsquo;\u00e9tudes g\u00e9ophysiques pour identifier et mobiliser les ressources souterraines dans les zones d\u00e9ficitaires. Taha Derbal a exprim\u00e9 l&rsquo;espoir que ce projet, une fois r\u00e9alis\u00e9, pourrait \u00ab r\u00e9gler les probl\u00e8mes des p\u00e9nuries dans cette r\u00e9gion de la wilaya \u00bb, o\u00f9 l&rsquo;acc\u00e8s \u00e0 l&rsquo;eau demeure une pr\u00e9occupation quotidienne pour les habitants. En cl\u00f4turant sa visite, le ministre a tenu \u00e0 replacer les enjeux dans leur cadre global. Bouira, a-t-il soulign\u00e9, dispose d&rsquo;\u00ab importants atouts \u00bb en mati\u00e8re de ressources hydriques, tant souterraines que superficielles, \u00e0 commencer par le raccordement du syst\u00e8me de transfert du barrage Koudiet Acerdoune \u00e0 la station de dessalement de Cap Djenet 2. \u00ab Il s&rsquo;agit d&rsquo;importants atouts qui pourraient mettre fin au calvaire des p\u00e9nuries \u00e0 Bouira, sur lesquels nous devons travailler davantage et \u00eatre plus rigoureux, notamment en ce qui concerne la gestion \u00bb, a-t-il insist\u00e9, avant de r\u00e9affirmer son engagement \u00e0 soutenir la wilaya dans la r\u00e9habilitation des r\u00e9seaux d&rsquo;alimentation en eau potable, notamment \u00e0 Ath La\u00e2ziz, au nord-est de la wilaya.<\/p>\n\n\n\n<p>Le message du ministre est ainsi doublement lisible : d&rsquo;un c\u00f4t\u00e9, la reconnaissance d&rsquo;un effort d&rsquo;investissement public consid\u00e9rable consenti par l&rsquo;\u00c9tat dans un secteur qu&rsquo;il qualifie lui-m\u00eame de \u00ab n\u00e9vralgique \u00bb ; de l&rsquo;autre, une exigence de r\u00e9sultats concrets et mesurables sur le terrain, sans laquelle ces milliards de dinars engag\u00e9s resteront lettre morte pour les citoyens qui attendent, parfois depuis des ann\u00e9es, de tourner enfin le robinet sans craindre d&rsquo;en voir sortir le vide.<\/p>\n\n\n\n<p>Chokri Hafed<\/p>\n","protected":false},"excerpt":{"rendered":"<p>En visite de travail \u00e0 Bouira samedi, le ministre de l&rsquo;Hydraulique Taha Derbal a altern\u00e9 satisfecit et mises en garde,<\/p>\n","protected":false},"author":6,"featured_media":0,"comment_status":"open","ping_status":"closed","sticky":false,"template":"","format":"standard","meta":{"colormag_page_container_layout":"default_layout","colormag_page_sidebar_layout":"default_layout","om_disable_all_campaigns":false,"_monsterinsights_skip_tracking":false,"_monsterinsights_sitenote_active":false,"_monsterinsights_sitenote_note":"","_monsterinsights_sitenote_category":0,"footnotes":"","_wpscppro_dont_share_socialmedia":false,"_wpscppro_custom_social_share_image":0,"_facebook_share_type":"default","_twitter_share_type":"default","_linkedin_share_type":"default","_pinterest_share_type":"default","_linkedin_share_type_page":"","_instagram_share_type":"default","_medium_share_type":"default","_threads_share_type":"default","_google_business_share_type":"default","_selected_social_profile":[],"_wpsp_enable_custom_social_template":false,"_wpsp_social_scheduling":{"enabled":false,"datetime":null,"platforms":[],"status":"template_only","dateOption":"today","timeOption":"now","customDays":"","customHours":"","customDate":"","customTime":"","schedulingType":"absolute"},"_wpsp_active_default_template":true},"categories":[27],"tags":[],"class_list":["post-83508","post","type-post","status-publish","format-standard","hentry","category-actualite"],"aioseo_notices":[],"yoast_head":"<!-- This site is optimized with the Yoast SEO plugin v27.5 - https:\/\/yoast.com\/product\/yoast-seo-wordpress\/ -->\n<title>S\u00e9curit\u00e9 hydrique \u00e0 Bouira\u00a0: Derbal hausse le ton\u00a0! - La Sentinelle<\/title>\n<meta name=\"robots\" content=\"index, follow, max-snippet:-1, max-image-preview:large, max-video-preview:-1\" \/>\n<link rel=\"canonical\" href=\"https:\/\/lasentinelle.dz\/index.php\/2026\/03\/14\/securite-hydrique-a-bouira-derbal-hausse-le-ton\/\" \/>\n<meta property=\"og:locale\" content=\"fr_FR\" \/>\n<meta property=\"og:type\" content=\"article\" \/>\n<meta property=\"og:title\" content=\"S\u00e9curit\u00e9 hydrique \u00e0 Bouira\u00a0: Derbal hausse le ton\u00a0! - La Sentinelle\" \/>\n<meta property=\"og:description\" content=\"En visite de travail \u00e0 Bouira samedi, le ministre de l&rsquo;Hydraulique Taha Derbal a altern\u00e9 satisfecit et mises en garde,\" \/>\n<meta property=\"og:url\" content=\"https:\/\/lasentinelle.dz\/index.php\/2026\/03\/14\/securite-hydrique-a-bouira-derbal-hausse-le-ton\/\" \/>\n<meta property=\"og:site_name\" content=\"La Sentinelle\" \/>\n<meta property=\"article:publisher\" content=\"https:\/\/www.facebook.com\/La-Sentinelle-104059864394773\" \/>\n<meta property=\"article:published_time\" content=\"2026-03-14T19:19:35+00:00\" \/>\n<meta property=\"article:modified_time\" content=\"2026-03-14T19:19:37+00:00\" \/>\n<meta name=\"author\" content=\"admin\" \/>\n<meta name=\"twitter:card\" content=\"summary_large_image\" \/>\n<meta name=\"twitter:label1\" content=\"\u00c9crit par\" \/>\n\t<meta name=\"twitter:data1\" content=\"admin\" \/>\n\t<meta name=\"twitter:label2\" content=\"Dur\u00e9e de lecture estim\u00e9e\" \/>\n\t<meta name=\"twitter:data2\" content=\"5 minutes\" \/>\n<script type=\"application\/ld+json\" class=\"yoast-schema-graph\">{\"@context\":\"https:\\\/\\\/schema.org\",\"@graph\":[{\"@type\":\"Article\",\"@id\":\"https:\\\/\\\/lasentinelle.dz\\\/index.php\\\/2026\\\/03\\\/14\\\/securite-hydrique-a-bouira-derbal-hausse-le-ton\\\/#article\",\"isPartOf\":{\"@id\":\"https:\\\/\\\/lasentinelle.dz\\\/index.php\\\/2026\\\/03\\\/14\\\/securite-hydrique-a-bouira-derbal-hausse-le-ton\\\/\"},\"author\":{\"name\":\"admin\",\"@id\":\"https:\\\/\\\/lasentinelle.dz\\\/#\\\/schema\\\/person\\\/729ee0024f24e0b8c5ec17232f8e8b41\"},\"headline\":\"S\u00e9curit\u00e9 hydrique \u00e0 Bouira\u00a0: Derbal hausse le ton\u00a0!\",\"datePublished\":\"2026-03-14T19:19:35+00:00\",\"dateModified\":\"2026-03-14T19:19:37+00:00\",\"mainEntityOfPage\":{\"@id\":\"https:\\\/\\\/lasentinelle.dz\\\/index.php\\\/2026\\\/03\\\/14\\\/securite-hydrique-a-bouira-derbal-hausse-le-ton\\\/\"},\"wordCount\":1103,\"commentCount\":0,\"publisher\":{\"@id\":\"https:\\\/\\\/lasentinelle.dz\\\/#organization\"},\"articleSection\":[\"Actualit\u00e9\"],\"inLanguage\":\"fr-FR\",\"potentialAction\":[{\"@type\":\"CommentAction\",\"name\":\"Comment\",\"target\":[\"https:\\\/\\\/lasentinelle.dz\\\/index.php\\\/2026\\\/03\\\/14\\\/securite-hydrique-a-bouira-derbal-hausse-le-ton\\\/#respond\"]}]},{\"@type\":\"WebPage\",\"@id\":\"https:\\\/\\\/lasentinelle.dz\\\/index.php\\\/2026\\\/03\\\/14\\\/securite-hydrique-a-bouira-derbal-hausse-le-ton\\\/\",\"url\":\"https:\\\/\\\/lasentinelle.dz\\\/index.php\\\/2026\\\/03\\\/14\\\/securite-hydrique-a-bouira-derbal-hausse-le-ton\\\/\",\"name\":\"S\u00e9curit\u00e9 hydrique \u00e0 Bouira\u00a0: Derbal hausse le ton\u00a0! - La Sentinelle\",\"isPartOf\":{\"@id\":\"https:\\\/\\\/lasentinelle.dz\\\/#website\"},\"datePublished\":\"2026-03-14T19:19:35+00:00\",\"dateModified\":\"2026-03-14T19:19:37+00:00\",\"breadcrumb\":{\"@id\":\"https:\\\/\\\/lasentinelle.dz\\\/index.php\\\/2026\\\/03\\\/14\\\/securite-hydrique-a-bouira-derbal-hausse-le-ton\\\/#breadcrumb\"},\"inLanguage\":\"fr-FR\",\"potentialAction\":[{\"@type\":\"ReadAction\",\"target\":[\"https:\\\/\\\/lasentinelle.dz\\\/index.php\\\/2026\\\/03\\\/14\\\/securite-hydrique-a-bouira-derbal-hausse-le-ton\\\/\"]}]},{\"@type\":\"BreadcrumbList\",\"@id\":\"https:\\\/\\\/lasentinelle.dz\\\/index.php\\\/2026\\\/03\\\/14\\\/securite-hydrique-a-bouira-derbal-hausse-le-ton\\\/#breadcrumb\",\"itemListElement\":[{\"@type\":\"ListItem\",\"position\":1,\"name\":\"Accueil\",\"item\":\"https:\\\/\\\/lasentinelle.dz\\\/\"},{\"@type\":\"ListItem\",\"position\":2,\"name\":\"S\u00e9curit\u00e9 hydrique \u00e0 Bouira\u00a0: Derbal hausse le ton\u00a0!\"}]},{\"@type\":\"WebSite\",\"@id\":\"https:\\\/\\\/lasentinelle.dz\\\/#website\",\"url\":\"https:\\\/\\\/lasentinelle.dz\\\/\",\"name\":\"La Sentinelle\",\"description\":\"Quotidien national d&#039;information\",\"publisher\":{\"@id\":\"https:\\\/\\\/lasentinelle.dz\\\/#organization\"},\"potentialAction\":[{\"@type\":\"SearchAction\",\"target\":{\"@type\":\"EntryPoint\",\"urlTemplate\":\"https:\\\/\\\/lasentinelle.dz\\\/?s={search_term_string}\"},\"query-input\":{\"@type\":\"PropertyValueSpecification\",\"valueRequired\":true,\"valueName\":\"search_term_string\"}}],\"inLanguage\":\"fr-FR\"},{\"@type\":\"Organization\",\"@id\":\"https:\\\/\\\/lasentinelle.dz\\\/#organization\",\"name\":\"Quotidien La Sentinelle\",\"url\":\"https:\\\/\\\/lasentinelle.dz\\\/\",\"logo\":{\"@type\":\"ImageObject\",\"inLanguage\":\"fr-FR\",\"@id\":\"https:\\\/\\\/lasentinelle.dz\\\/#\\\/schema\\\/logo\\\/image\\\/\",\"url\":\"https:\\\/\\\/lasentinelle.dz\\\/wp-content\\\/uploads\\\/2021\\\/09\\\/logo-sentinelleSLOGAN-1.png\",\"contentUrl\":\"https:\\\/\\\/lasentinelle.dz\\\/wp-content\\\/uploads\\\/2021\\\/09\\\/logo-sentinelleSLOGAN-1.png\",\"width\":615,\"height\":142,\"caption\":\"Quotidien La Sentinelle\"},\"image\":{\"@id\":\"https:\\\/\\\/lasentinelle.dz\\\/#\\\/schema\\\/logo\\\/image\\\/\"},\"sameAs\":[\"https:\\\/\\\/www.facebook.com\\\/La-Sentinelle-104059864394773\"]},{\"@type\":\"Person\",\"@id\":\"https:\\\/\\\/lasentinelle.dz\\\/#\\\/schema\\\/person\\\/729ee0024f24e0b8c5ec17232f8e8b41\",\"name\":\"admin\",\"image\":{\"@type\":\"ImageObject\",\"inLanguage\":\"fr-FR\",\"@id\":\"https:\\\/\\\/secure.gravatar.com\\\/avatar\\\/4c81fed838786e9b53f540bf46533e750f5d292099ae3b66cfc6fb1982e29df7?s=96&d=mm&r=g\",\"url\":\"https:\\\/\\\/secure.gravatar.com\\\/avatar\\\/4c81fed838786e9b53f540bf46533e750f5d292099ae3b66cfc6fb1982e29df7?s=96&d=mm&r=g\",\"contentUrl\":\"https:\\\/\\\/secure.gravatar.com\\\/avatar\\\/4c81fed838786e9b53f540bf46533e750f5d292099ae3b66cfc6fb1982e29df7?s=96&d=mm&r=g\",\"caption\":\"admin\"},\"description\":\"admin\",\"url\":\"https:\\\/\\\/lasentinelle.dz\\\/author\\\/admin\\\/\"}]}<\/script>\n<!-- \/ Yoast SEO plugin. -->","yoast_head_json":{"title":"S\u00e9curit\u00e9 hydrique \u00e0 Bouira\u00a0: Derbal hausse le ton\u00a0! - La Sentinelle","robots":{"index":"index","follow":"follow","max-snippet":"max-snippet:-1","max-image-preview":"max-image-preview:large","max-video-preview":"max-video-preview:-1"},"canonical":"https:\/\/lasentinelle.dz\/index.php\/2026\/03\/14\/securite-hydrique-a-bouira-derbal-hausse-le-ton\/","og_locale":"fr_FR","og_type":"article","og_title":"S\u00e9curit\u00e9 hydrique \u00e0 Bouira\u00a0: Derbal hausse le ton\u00a0! - La Sentinelle","og_description":"En visite de travail \u00e0 Bouira samedi, le ministre de l&rsquo;Hydraulique Taha Derbal a altern\u00e9 satisfecit et mises en garde,","og_url":"https:\/\/lasentinelle.dz\/index.php\/2026\/03\/14\/securite-hydrique-a-bouira-derbal-hausse-le-ton\/","og_site_name":"La Sentinelle","article_publisher":"https:\/\/www.facebook.com\/La-Sentinelle-104059864394773","article_published_time":"2026-03-14T19:19:35+00:00","article_modified_time":"2026-03-14T19:19:37+00:00","author":"admin","twitter_card":"summary_large_image","twitter_misc":{"\u00c9crit par":"admin","Dur\u00e9e de lecture estim\u00e9e":"5 minutes"},"schema":{"@context":"https:\/\/schema.org","@graph":[{"@type":"Article","@id":"https:\/\/lasentinelle.dz\/index.php\/2026\/03\/14\/securite-hydrique-a-bouira-derbal-hausse-le-ton\/#article","isPartOf":{"@id":"https:\/\/lasentinelle.dz\/index.php\/2026\/03\/14\/securite-hydrique-a-bouira-derbal-hausse-le-ton\/"},"author":{"name":"admin","@id":"https:\/\/lasentinelle.dz\/#\/schema\/person\/729ee0024f24e0b8c5ec17232f8e8b41"},"headline":"S\u00e9curit\u00e9 hydrique \u00e0 Bouira\u00a0: Derbal hausse le ton\u00a0!","datePublished":"2026-03-14T19:19:35+00:00","dateModified":"2026-03-14T19:19:37+00:00","mainEntityOfPage":{"@id":"https:\/\/lasentinelle.dz\/index.php\/2026\/03\/14\/securite-hydrique-a-bouira-derbal-hausse-le-ton\/"},"wordCount":1103,"commentCount":0,"publisher":{"@id":"https:\/\/lasentinelle.dz\/#organization"},"articleSection":["Actualit\u00e9"],"inLanguage":"fr-FR","potentialAction":[{"@type":"CommentAction","name":"Comment","target":["https:\/\/lasentinelle.dz\/index.php\/2026\/03\/14\/securite-hydrique-a-bouira-derbal-hausse-le-ton\/#respond"]}]},{"@type":"WebPage","@id":"https:\/\/lasentinelle.dz\/index.php\/2026\/03\/14\/securite-hydrique-a-bouira-derbal-hausse-le-ton\/","url":"https:\/\/lasentinelle.dz\/index.php\/2026\/03\/14\/securite-hydrique-a-bouira-derbal-hausse-le-ton\/","name":"S\u00e9curit\u00e9 hydrique \u00e0 Bouira\u00a0: Derbal hausse le ton\u00a0! - La Sentinelle","isPartOf":{"@id":"https:\/\/lasentinelle.dz\/#website"},"datePublished":"2026-03-14T19:19:35+00:00","dateModified":"2026-03-14T19:19:37+00:00","breadcrumb":{"@id":"https:\/\/lasentinelle.dz\/index.php\/2026\/03\/14\/securite-hydrique-a-bouira-derbal-hausse-le-ton\/#breadcrumb"},"inLanguage":"fr-FR","potentialAction":[{"@type":"ReadAction","target":["https:\/\/lasentinelle.dz\/index.php\/2026\/03\/14\/securite-hydrique-a-bouira-derbal-hausse-le-ton\/"]}]},{"@type":"BreadcrumbList","@id":"https:\/\/lasentinelle.dz\/index.php\/2026\/03\/14\/securite-hydrique-a-bouira-derbal-hausse-le-ton\/#breadcrumb","itemListElement":[{"@type":"ListItem","position":1,"name":"Accueil","item":"https:\/\/lasentinelle.dz\/"},{"@type":"ListItem","position":2,"name":"S\u00e9curit\u00e9 hydrique \u00e0 Bouira\u00a0: Derbal hausse le ton\u00a0!"}]},{"@type":"WebSite","@id":"https:\/\/lasentinelle.dz\/#website","url":"https:\/\/lasentinelle.dz\/","name":"La Sentinelle","description":"Quotidien national d&#039;information","publisher":{"@id":"https:\/\/lasentinelle.dz\/#organization"},"potentialAction":[{"@type":"SearchAction","target":{"@type":"EntryPoint","urlTemplate":"https:\/\/lasentinelle.dz\/?s={search_term_string}"},"query-input":{"@type":"PropertyValueSpecification","valueRequired":true,"valueName":"search_term_string"}}],"inLanguage":"fr-FR"},{"@type":"Organization","@id":"https:\/\/lasentinelle.dz\/#organization","name":"Quotidien La Sentinelle","url":"https:\/\/lasentinelle.dz\/","logo":{"@type":"ImageObject","inLanguage":"fr-FR","@id":"https:\/\/lasentinelle.dz\/#\/schema\/logo\/image\/","url":"https:\/\/lasentinelle.dz\/wp-content\/uploads\/2021\/09\/logo-sentinelleSLOGAN-1.png","contentUrl":"https:\/\/lasentinelle.dz\/wp-content\/uploads\/2021\/09\/logo-sentinelleSLOGAN-1.png","width":615,"height":142,"caption":"Quotidien La Sentinelle"},"image":{"@id":"https:\/\/lasentinelle.dz\/#\/schema\/logo\/image\/"},"sameAs":["https:\/\/www.facebook.com\/La-Sentinelle-104059864394773"]},{"@type":"Person","@id":"https:\/\/lasentinelle.dz\/#\/schema\/person\/729ee0024f24e0b8c5ec17232f8e8b41","name":"admin","image":{"@type":"ImageObject","inLanguage":"fr-FR","@id":"https:\/\/secure.gravatar.com\/avatar\/4c81fed838786e9b53f540bf46533e750f5d292099ae3b66cfc6fb1982e29df7?s=96&d=mm&r=g","url":"https:\/\/secure.gravatar.com\/avatar\/4c81fed838786e9b53f540bf46533e750f5d292099ae3b66cfc6fb1982e29df7?s=96&d=mm&r=g","contentUrl":"https:\/\/secure.gravatar.com\/avatar\/4c81fed838786e9b53f540bf46533e750f5d292099ae3b66cfc6fb1982e29df7?s=96&d=mm&r=g","caption":"admin"},"description":"admin","url":"https:\/\/lasentinelle.dz\/author\/admin\/"}]}},"_links":{"self":[{"href":"https:\/\/lasentinelle.dz\/index.php\/wp-json\/wp\/v2\/posts\/83508","targetHints":{"allow":["GET"]}}],"collection":[{"href":"https:\/\/lasentinelle.dz\/index.php\/wp-json\/wp\/v2\/posts"}],"about":[{"href":"https:\/\/lasentinelle.dz\/index.php\/wp-json\/wp\/v2\/types\/post"}],"author":[{"embeddable":true,"href":"https:\/\/lasentinelle.dz\/index.php\/wp-json\/wp\/v2\/users\/6"}],"replies":[{"embeddable":true,"href":"https:\/\/lasentinelle.dz\/index.php\/wp-json\/wp\/v2\/comments?post=83508"}],"version-history":[{"count":1,"href":"https:\/\/lasentinelle.dz\/index.php\/wp-json\/wp\/v2\/posts\/83508\/revisions"}],"predecessor-version":[{"id":83509,"href":"https:\/\/lasentinelle.dz\/index.php\/wp-json\/wp\/v2\/posts\/83508\/revisions\/83509"}],"wp:attachment":[{"href":"https:\/\/lasentinelle.dz\/index.php\/wp-json\/wp\/v2\/media?parent=83508"}],"wp:term":[{"taxonomy":"category","embeddable":true,"href":"https:\/\/lasentinelle.dz\/index.php\/wp-json\/wp\/v2\/categories?post=83508"},{"taxonomy":"post_tag","embeddable":true,"href":"https:\/\/lasentinelle.dz\/index.php\/wp-json\/wp\/v2\/tags?post=83508"}],"curies":[{"name":"wp","href":"https:\/\/api.w.org\/{rel}","templated":true}]}}