{"id":83510,"date":"2026-03-14T20:20:20","date_gmt":"2026-03-14T19:20:20","guid":{"rendered":"https:\/\/lasentinelle.dz\/?p=83510"},"modified":"2026-03-14T20:20:22","modified_gmt":"2026-03-14T19:20:22","slug":"campagne-de-lutte-contre-les-feux-de-foret-pour-lete-2026-140-drones-deployes-et-limagerie-satellitaire-mobilisee","status":"publish","type":"post","link":"https:\/\/lasentinelle.dz\/index.php\/2026\/03\/14\/campagne-de-lutte-contre-les-feux-de-foret-pour-lete-2026-140-drones-deployes-et-limagerie-satellitaire-mobilisee\/","title":{"rendered":"Campagne de lutte contre les feux de for\u00eat pour l\u2019\u00e9t\u00e9 2026\u00a0: 140 drones d\u00e9ploy\u00e9s et l&rsquo;imagerie satellitaire mobilis\u00e9e"},"content":{"rendered":"\n<p>L&rsquo;Alg\u00e9rie change d&rsquo;\u00e9chelle et renforce les moyens mobilis\u00e9s dans le cadre de la lutte contre les incendies de for\u00eat.<\/p>\n\n\n\n<p>Lors de l&rsquo;installation officielle de la Commission nationale de protection des for\u00eats pour l&rsquo;ann\u00e9e 2026, samedi 14 mars \u00e0 Alger, le ministre de l&rsquo;Agriculture, du D\u00e9veloppement rural et de la P\u00eache, Yacine El-Mahdi Oualid, a annonc\u00e9 l&rsquo;affectation de 140 drones sans pilote \u00e0 la d\u00e9tection pr\u00e9coce des foyers d&rsquo;incendie d\u00e8s la prochaine saison estivale, dans le cadre d&rsquo;une strat\u00e9gie int\u00e9gr\u00e9e qui fait \u00e9galement appel \u00e0 l&rsquo;imagerie des satellites de l&rsquo;Agence spatiale alg\u00e9rienne, aux syst\u00e8mes d&rsquo;information g\u00e9ographique et \u00e0 l&rsquo;alerte m\u00e9t\u00e9orologique avanc\u00e9e. Cette mont\u00e9e en puissance technologique intervient apr\u00e8s une campagne 2025 jug\u00e9e historiquement positive : \u00e0 peine 5 289 hectares br\u00fbl\u00e9s, soit une chute de pr\u00e8s de 90 % par rapport \u00e0 la moyenne enregistr\u00e9e au cours de la derni\u00e8re d\u00e9cennie, estim\u00e9e \u00e0 quelque 40 000 hectares par an.<\/p>\n\n\n\n<p><strong>Une baisse \u00ab sans pr\u00e9c\u00e9dent \u00bb des surfaces ravag\u00e9es<\/strong><\/p>\n\n\n\n<p>C&rsquo;est au si\u00e8ge de la Direction g\u00e9n\u00e9rale des for\u00eats, en pr\u00e9sence de son directeur g\u00e9n\u00e9ral Djamal Touahria, que le ministre a pr\u00e9sid\u00e9 la c\u00e9r\u00e9monie d&rsquo;installation de cette commission interminist\u00e9rielle. Compos\u00e9e de vingt-sept membres repr\u00e9sentant quatorze secteurs et treize \u00e9tablissements publics concern\u00e9s par la protection foresti\u00e8re, elle se r\u00e9unit chaque ann\u00e9e pour pr\u00e9parer la saison de pr\u00e9vention, dont le calendrier s&rsquo;\u00e9tend du 1\u1d49\u02b3 mai au 31 octobre. Dans son allocution, Yacine El-Mahdi Oualid a d&rsquo;abord soulign\u00e9 l&rsquo;ampleur du d\u00e9fi auquel fait face le pays, class\u00e9 parmi les zones \u00e0 risques majeurs, rappelant que \u00ab les incendies sont \u00e9troitement li\u00e9s aux comportements humains, tandis que le ph\u00e9nom\u00e8ne s&rsquo;aggrave en raison des transformations climatiques mondiales \u00bb. Le ministre a toutefois mis en avant les r\u00e9sultats obtenus au cours des deux derni\u00e8res campagnes. \u00ab La baisse sans pr\u00e9c\u00e9dent des surfaces touch\u00e9es par les feux de for\u00eat durant les saisons 2024 et 2025 confirme l&rsquo;efficacit\u00e9 de l&rsquo;approche proactive et participative adopt\u00e9e, et l&rsquo;am\u00e9lioration de l&rsquo;efficience du syst\u00e8me de pr\u00e9vention et d&rsquo;intervention \u00bb, a-t-il affirm\u00e9, chiffres \u00e0 l&rsquo;appui. Sur les 5 289 hectares d\u00e9truits en 2025 \u2014 dont 932 en dehors de la campagne officielle de pr\u00e9vention \u2014, le total marque un recul spectaculaire compar\u00e9 \u00e0 la moyenne d\u00e9cennale d&rsquo;environ 40 000 hectares. Ces r\u00e9sultats traduisent, selon le ministre, \u00ab la mobilisation totale des institutions de l&rsquo;\u00c9tat sous les directives des plus hautes autorit\u00e9s du pays, qui ont accord\u00e9 une attention particuli\u00e8re \u00e0 la protection du patrimoine forestier en mobilisant tous les moyens humains et mat\u00e9riels n\u00e9cessaires \u00bb, citant notamment l&rsquo;engagement de l&rsquo;Arm\u00e9e nationale populaire, de la Gendarmerie nationale, de la Protection civile et de l&rsquo;administration des for\u00eats, ainsi que \u00ab l&rsquo;harmonie et la coordination entre les diff\u00e9rents secteurs minist\u00e9riels \u00bb.<\/p>\n\n\n\n<p><strong>Drones, satellites et bases de donn\u00e9es num\u00e9riques<\/strong><\/p>\n\n\n\n<p>C&rsquo;est sur le terrain technologique que la campagne 2026 promet la rupture la plus nette. \u00ab Les d\u00e9fis environnementaux actuels nous imposent aujourd&rsquo;hui de passer \u00e0 une approche moderne fond\u00e9e sur la num\u00e9risation et la modernisation de la gestion des risques d&rsquo;incendies de for\u00eat \u00bb, a d\u00e9clar\u00e9 le ministre. Dans ce cadre, l&rsquo;\u00c9tat travaille au d\u00e9ploiement d&rsquo;un syst\u00e8me int\u00e9gr\u00e9 reposant sur plusieurs piliers. Le premier est l&rsquo;utilisation \u00e9largie de drones sans pilote pour la d\u00e9tection des foyers d&rsquo;incendie d\u00e8s leurs premi\u00e8res phases : 140 appareils seront affect\u00e9s \u00e0 cette mission durant la saison 2026. Le deuxi\u00e8me levier est l&rsquo;exploitation des images fournies par les satellites, en coop\u00e9ration avec l&rsquo;Agence spatiale alg\u00e9rienne, pour \u00e9valuer les dommages avec pr\u00e9cision, tandis que l&rsquo;utilisation \u00e9ventuelle du satellite alg\u00e9rien Alcomsat-1 pour assurer les t\u00e9l\u00e9communications dans les zones au relief accident\u00e9, difficiles d&rsquo;acc\u00e8s, fait l&rsquo;objet d&rsquo;une \u00e9tude de faisabilit\u00e9. Des syst\u00e8mes d&rsquo;information g\u00e9ographique seront mobilis\u00e9s pour analyser les risques et orienter les interventions, compl\u00e9t\u00e9s par des dispositifs d&rsquo;alerte pr\u00e9coce bas\u00e9s sur les donn\u00e9es m\u00e9t\u00e9orologiques. Enfin, la cr\u00e9ation de bases de donn\u00e9es num\u00e9riques nationales permettra l&rsquo;\u00e9change d&rsquo;informations entre tous les secteurs concern\u00e9s.<\/p>\n\n\n\n<p>Le ministre a \u00e9galement insist\u00e9 sur la n\u00e9cessit\u00e9 d&rsquo;unifier les m\u00e9thodologies scientifiques et op\u00e9rationnelles d&rsquo;\u00e9valuation des pertes caus\u00e9es par les incendies, en combinant constatations de terrain, donn\u00e9es satellitaires et analyse num\u00e9rique, afin de \u00ab garantir la fiabilit\u00e9 des statistiques et la cr\u00e9dibilit\u00e9 des \u00e9valuations \u00bb. Parmi les mesures compl\u00e9mentaires annonc\u00e9es figurent la cr\u00e9ation d&rsquo;une commission sectorielle op\u00e9rationnelle charg\u00e9e du suivi des recommandations durant la saison de pr\u00e9vention, la constitution d&rsquo;\u00e9quipes d&rsquo;enqu\u00eate mixtes \u2014 associant la Gendarmerie nationale, le secteur des for\u00eats et la Protection civile \u2014 pour d\u00e9terminer les causes des incendies au niveau de chaque wilaya, ainsi que l&rsquo;implication des populations riveraines et des agriculteurs dans les efforts de vigilance et d&rsquo;alerte pr\u00e9coce. Yacine El-Mahdi Oualid a par ailleurs appel\u00e9 \u00e0 sensibiliser les agriculteurs \u00e0 l&rsquo;assurance de leurs exploitations et \u00e0 encourager les start-up actives dans les technologies modernes \u00e0 contribuer au renforcement du dispositif national de pr\u00e9vention. Le lancement officiel de la campagne 2026 de pr\u00e9vention et de lutte contre les feux de for\u00eat est fix\u00e9 au 1\u1d49\u02b3 mai prochain.<\/p>\n\n\n\n<p>Lyna Larbi<\/p>\n","protected":false},"excerpt":{"rendered":"<p>L&rsquo;Alg\u00e9rie change d&rsquo;\u00e9chelle et renforce les moyens mobilis\u00e9s dans le cadre de la lutte contre les incendies de for\u00eat. Lors<\/p>\n","protected":false},"author":6,"featured_media":83511,"comment_status":"open","ping_status":"closed","sticky":false,"template":"","format":"standard","meta":{"colormag_page_container_layout":"default_layout","colormag_page_sidebar_layout":"default_layout","om_disable_all_campaigns":false,"_monsterinsights_skip_tracking":false,"_monsterinsights_sitenote_active":false,"_monsterinsights_sitenote_note":"","_monsterinsights_sitenote_category":0,"footnotes":"","_wpscppro_dont_share_socialmedia":false,"_wpscppro_custom_social_share_image":0,"_facebook_share_type":"default","_twitter_share_type":"default","_linkedin_share_type":"default","_pinterest_share_type":"default","_linkedin_share_type_page":"","_instagram_share_type":"default","_medium_share_type":"default","_threads_share_type":"default","_google_business_share_type":"default","_selected_social_profile":[],"_wpsp_enable_custom_social_template":false,"_wpsp_social_scheduling":{"enabled":false,"datetime":null,"platforms":[],"status":"template_only","dateOption":"today","timeOption":"now","customDays":"","customHours":"","customDate":"","customTime":"","schedulingType":"absolute"},"_wpsp_active_default_template":true},"categories":[52,27],"tags":[],"class_list":["post-83510","post","type-post","status-publish","format-standard","has-post-thumbnail","hentry","category-a-la-une","category-actualite"],"aioseo_notices":[],"yoast_head":"<!-- This site is optimized with the Yoast SEO plugin v27.5 - https:\/\/yoast.com\/product\/yoast-seo-wordpress\/ -->\n<title>Campagne de lutte contre les feux de for\u00eat pour l\u2019\u00e9t\u00e9 2026\u00a0: 140 drones d\u00e9ploy\u00e9s et l&rsquo;imagerie satellitaire mobilis\u00e9e - La Sentinelle<\/title>\n<meta name=\"robots\" content=\"index, follow, max-snippet:-1, max-image-preview:large, max-video-preview:-1\" \/>\n<link rel=\"canonical\" href=\"https:\/\/lasentinelle.dz\/index.php\/2026\/03\/14\/campagne-de-lutte-contre-les-feux-de-foret-pour-lete-2026-140-drones-deployes-et-limagerie-satellitaire-mobilisee\/\" \/>\n<meta property=\"og:locale\" content=\"fr_FR\" \/>\n<meta property=\"og:type\" content=\"article\" \/>\n<meta property=\"og:title\" content=\"Campagne de lutte contre les feux de for\u00eat pour l\u2019\u00e9t\u00e9 2026\u00a0: 140 drones d\u00e9ploy\u00e9s et l&rsquo;imagerie satellitaire mobilis\u00e9e - La Sentinelle\" \/>\n<meta property=\"og:description\" content=\"L&rsquo;Alg\u00e9rie change d&rsquo;\u00e9chelle et renforce les moyens mobilis\u00e9s dans le cadre de la lutte contre les incendies de for\u00eat. Lors\" \/>\n<meta property=\"og:url\" content=\"https:\/\/lasentinelle.dz\/index.php\/2026\/03\/14\/campagne-de-lutte-contre-les-feux-de-foret-pour-lete-2026-140-drones-deployes-et-limagerie-satellitaire-mobilisee\/\" \/>\n<meta property=\"og:site_name\" content=\"La Sentinelle\" \/>\n<meta property=\"article:publisher\" content=\"https:\/\/www.facebook.com\/La-Sentinelle-104059864394773\" \/>\n<meta property=\"article:published_time\" content=\"2026-03-14T19:20:20+00:00\" \/>\n<meta property=\"article:modified_time\" content=\"2026-03-14T19:20:22+00:00\" \/>\n<meta property=\"og:image\" content=\"https:\/\/lasentinelle.dz\/wp-content\/uploads\/2026\/03\/drone.jpg\" \/>\n\t<meta property=\"og:image:width\" content=\"1200\" \/>\n\t<meta property=\"og:image:height\" content=\"675\" \/>\n\t<meta property=\"og:image:type\" content=\"image\/jpeg\" \/>\n<meta name=\"author\" content=\"admin\" \/>\n<meta name=\"twitter:card\" content=\"summary_large_image\" \/>\n<meta name=\"twitter:label1\" content=\"\u00c9crit par\" \/>\n\t<meta name=\"twitter:data1\" content=\"admin\" \/>\n\t<meta name=\"twitter:label2\" content=\"Dur\u00e9e de lecture estim\u00e9e\" \/>\n\t<meta name=\"twitter:data2\" content=\"5 minutes\" \/>\n<script type=\"application\/ld+json\" class=\"yoast-schema-graph\">{\"@context\":\"https:\\\/\\\/schema.org\",\"@graph\":[{\"@type\":\"Article\",\"@id\":\"https:\\\/\\\/lasentinelle.dz\\\/index.php\\\/2026\\\/03\\\/14\\\/campagne-de-lutte-contre-les-feux-de-foret-pour-lete-2026-140-drones-deployes-et-limagerie-satellitaire-mobilisee\\\/#article\",\"isPartOf\":{\"@id\":\"https:\\\/\\\/lasentinelle.dz\\\/index.php\\\/2026\\\/03\\\/14\\\/campagne-de-lutte-contre-les-feux-de-foret-pour-lete-2026-140-drones-deployes-et-limagerie-satellitaire-mobilisee\\\/\"},\"author\":{\"name\":\"admin\",\"@id\":\"https:\\\/\\\/lasentinelle.dz\\\/#\\\/schema\\\/person\\\/729ee0024f24e0b8c5ec17232f8e8b41\"},\"headline\":\"Campagne de lutte contre les feux de for\u00eat pour l\u2019\u00e9t\u00e9 2026\u00a0: 140 drones d\u00e9ploy\u00e9s et l&rsquo;imagerie satellitaire mobilis\u00e9e\",\"datePublished\":\"2026-03-14T19:20:20+00:00\",\"dateModified\":\"2026-03-14T19:20:22+00:00\",\"mainEntityOfPage\":{\"@id\":\"https:\\\/\\\/lasentinelle.dz\\\/index.php\\\/2026\\\/03\\\/14\\\/campagne-de-lutte-contre-les-feux-de-foret-pour-lete-2026-140-drones-deployes-et-limagerie-satellitaire-mobilisee\\\/\"},\"wordCount\":957,\"commentCount\":0,\"publisher\":{\"@id\":\"https:\\\/\\\/lasentinelle.dz\\\/#organization\"},\"image\":{\"@id\":\"https:\\\/\\\/lasentinelle.dz\\\/index.php\\\/2026\\\/03\\\/14\\\/campagne-de-lutte-contre-les-feux-de-foret-pour-lete-2026-140-drones-deployes-et-limagerie-satellitaire-mobilisee\\\/#primaryimage\"},\"thumbnailUrl\":\"https:\\\/\\\/lasentinelle.dz\\\/wp-content\\\/uploads\\\/2026\\\/03\\\/drone.jpg\",\"articleSection\":[\"\u00c0 la Une\",\"Actualit\u00e9\"],\"inLanguage\":\"fr-FR\",\"potentialAction\":[{\"@type\":\"CommentAction\",\"name\":\"Comment\",\"target\":[\"https:\\\/\\\/lasentinelle.dz\\\/index.php\\\/2026\\\/03\\\/14\\\/campagne-de-lutte-contre-les-feux-de-foret-pour-lete-2026-140-drones-deployes-et-limagerie-satellitaire-mobilisee\\\/#respond\"]}]},{\"@type\":\"WebPage\",\"@id\":\"https:\\\/\\\/lasentinelle.dz\\\/index.php\\\/2026\\\/03\\\/14\\\/campagne-de-lutte-contre-les-feux-de-foret-pour-lete-2026-140-drones-deployes-et-limagerie-satellitaire-mobilisee\\\/\",\"url\":\"https:\\\/\\\/lasentinelle.dz\\\/index.php\\\/2026\\\/03\\\/14\\\/campagne-de-lutte-contre-les-feux-de-foret-pour-lete-2026-140-drones-deployes-et-limagerie-satellitaire-mobilisee\\\/\",\"name\":\"Campagne de lutte contre les feux de for\u00eat pour l\u2019\u00e9t\u00e9 2026\u00a0: 140 drones d\u00e9ploy\u00e9s et l&rsquo;imagerie satellitaire mobilis\u00e9e - La Sentinelle\",\"isPartOf\":{\"@id\":\"https:\\\/\\\/lasentinelle.dz\\\/#website\"},\"primaryImageOfPage\":{\"@id\":\"https:\\\/\\\/lasentinelle.dz\\\/index.php\\\/2026\\\/03\\\/14\\\/campagne-de-lutte-contre-les-feux-de-foret-pour-lete-2026-140-drones-deployes-et-limagerie-satellitaire-mobilisee\\\/#primaryimage\"},\"image\":{\"@id\":\"https:\\\/\\\/lasentinelle.dz\\\/index.php\\\/2026\\\/03\\\/14\\\/campagne-de-lutte-contre-les-feux-de-foret-pour-lete-2026-140-drones-deployes-et-limagerie-satellitaire-mobilisee\\\/#primaryimage\"},\"thumbnailUrl\":\"https:\\\/\\\/lasentinelle.dz\\\/wp-content\\\/uploads\\\/2026\\\/03\\\/drone.jpg\",\"datePublished\":\"2026-03-14T19:20:20+00:00\",\"dateModified\":\"2026-03-14T19:20:22+00:00\",\"breadcrumb\":{\"@id\":\"https:\\\/\\\/lasentinelle.dz\\\/index.php\\\/2026\\\/03\\\/14\\\/campagne-de-lutte-contre-les-feux-de-foret-pour-lete-2026-140-drones-deployes-et-limagerie-satellitaire-mobilisee\\\/#breadcrumb\"},\"inLanguage\":\"fr-FR\",\"potentialAction\":[{\"@type\":\"ReadAction\",\"target\":[\"https:\\\/\\\/lasentinelle.dz\\\/index.php\\\/2026\\\/03\\\/14\\\/campagne-de-lutte-contre-les-feux-de-foret-pour-lete-2026-140-drones-deployes-et-limagerie-satellitaire-mobilisee\\\/\"]}]},{\"@type\":\"ImageObject\",\"inLanguage\":\"fr-FR\",\"@id\":\"https:\\\/\\\/lasentinelle.dz\\\/index.php\\\/2026\\\/03\\\/14\\\/campagne-de-lutte-contre-les-feux-de-foret-pour-lete-2026-140-drones-deployes-et-limagerie-satellitaire-mobilisee\\\/#primaryimage\",\"url\":\"https:\\\/\\\/lasentinelle.dz\\\/wp-content\\\/uploads\\\/2026\\\/03\\\/drone.jpg\",\"contentUrl\":\"https:\\\/\\\/lasentinelle.dz\\\/wp-content\\\/uploads\\\/2026\\\/03\\\/drone.jpg\",\"width\":1200,\"height\":675},{\"@type\":\"BreadcrumbList\",\"@id\":\"https:\\\/\\\/lasentinelle.dz\\\/index.php\\\/2026\\\/03\\\/14\\\/campagne-de-lutte-contre-les-feux-de-foret-pour-lete-2026-140-drones-deployes-et-limagerie-satellitaire-mobilisee\\\/#breadcrumb\",\"itemListElement\":[{\"@type\":\"ListItem\",\"position\":1,\"name\":\"Accueil\",\"item\":\"https:\\\/\\\/lasentinelle.dz\\\/\"},{\"@type\":\"ListItem\",\"position\":2,\"name\":\"Campagne de lutte contre les feux de for\u00eat pour l\u2019\u00e9t\u00e9 2026\u00a0: 140 drones d\u00e9ploy\u00e9s et l&rsquo;imagerie satellitaire mobilis\u00e9e\"}]},{\"@type\":\"WebSite\",\"@id\":\"https:\\\/\\\/lasentinelle.dz\\\/#website\",\"url\":\"https:\\\/\\\/lasentinelle.dz\\\/\",\"name\":\"La Sentinelle\",\"description\":\"Quotidien national d&#039;information\",\"publisher\":{\"@id\":\"https:\\\/\\\/lasentinelle.dz\\\/#organization\"},\"potentialAction\":[{\"@type\":\"SearchAction\",\"target\":{\"@type\":\"EntryPoint\",\"urlTemplate\":\"https:\\\/\\\/lasentinelle.dz\\\/?s={search_term_string}\"},\"query-input\":{\"@type\":\"PropertyValueSpecification\",\"valueRequired\":true,\"valueName\":\"search_term_string\"}}],\"inLanguage\":\"fr-FR\"},{\"@type\":\"Organization\",\"@id\":\"https:\\\/\\\/lasentinelle.dz\\\/#organization\",\"name\":\"Quotidien La Sentinelle\",\"url\":\"https:\\\/\\\/lasentinelle.dz\\\/\",\"logo\":{\"@type\":\"ImageObject\",\"inLanguage\":\"fr-FR\",\"@id\":\"https:\\\/\\\/lasentinelle.dz\\\/#\\\/schema\\\/logo\\\/image\\\/\",\"url\":\"https:\\\/\\\/lasentinelle.dz\\\/wp-content\\\/uploads\\\/2021\\\/09\\\/logo-sentinelleSLOGAN-1.png\",\"contentUrl\":\"https:\\\/\\\/lasentinelle.dz\\\/wp-content\\\/uploads\\\/2021\\\/09\\\/logo-sentinelleSLOGAN-1.png\",\"width\":615,\"height\":142,\"caption\":\"Quotidien La Sentinelle\"},\"image\":{\"@id\":\"https:\\\/\\\/lasentinelle.dz\\\/#\\\/schema\\\/logo\\\/image\\\/\"},\"sameAs\":[\"https:\\\/\\\/www.facebook.com\\\/La-Sentinelle-104059864394773\"]},{\"@type\":\"Person\",\"@id\":\"https:\\\/\\\/lasentinelle.dz\\\/#\\\/schema\\\/person\\\/729ee0024f24e0b8c5ec17232f8e8b41\",\"name\":\"admin\",\"image\":{\"@type\":\"ImageObject\",\"inLanguage\":\"fr-FR\",\"@id\":\"https:\\\/\\\/secure.gravatar.com\\\/avatar\\\/4c81fed838786e9b53f540bf46533e750f5d292099ae3b66cfc6fb1982e29df7?s=96&d=mm&r=g\",\"url\":\"https:\\\/\\\/secure.gravatar.com\\\/avatar\\\/4c81fed838786e9b53f540bf46533e750f5d292099ae3b66cfc6fb1982e29df7?s=96&d=mm&r=g\",\"contentUrl\":\"https:\\\/\\\/secure.gravatar.com\\\/avatar\\\/4c81fed838786e9b53f540bf46533e750f5d292099ae3b66cfc6fb1982e29df7?s=96&d=mm&r=g\",\"caption\":\"admin\"},\"description\":\"admin\",\"url\":\"https:\\\/\\\/lasentinelle.dz\\\/author\\\/admin\\\/\"}]}<\/script>\n<!-- \/ Yoast SEO plugin. -->","yoast_head_json":{"title":"Campagne de lutte contre les feux de for\u00eat pour l\u2019\u00e9t\u00e9 2026\u00a0: 140 drones d\u00e9ploy\u00e9s et l&rsquo;imagerie satellitaire mobilis\u00e9e - La Sentinelle","robots":{"index":"index","follow":"follow","max-snippet":"max-snippet:-1","max-image-preview":"max-image-preview:large","max-video-preview":"max-video-preview:-1"},"canonical":"https:\/\/lasentinelle.dz\/index.php\/2026\/03\/14\/campagne-de-lutte-contre-les-feux-de-foret-pour-lete-2026-140-drones-deployes-et-limagerie-satellitaire-mobilisee\/","og_locale":"fr_FR","og_type":"article","og_title":"Campagne de lutte contre les feux de for\u00eat pour l\u2019\u00e9t\u00e9 2026\u00a0: 140 drones d\u00e9ploy\u00e9s et l&rsquo;imagerie satellitaire mobilis\u00e9e - La Sentinelle","og_description":"L&rsquo;Alg\u00e9rie change d&rsquo;\u00e9chelle et renforce les moyens mobilis\u00e9s dans le cadre de la lutte contre les incendies de for\u00eat. Lors","og_url":"https:\/\/lasentinelle.dz\/index.php\/2026\/03\/14\/campagne-de-lutte-contre-les-feux-de-foret-pour-lete-2026-140-drones-deployes-et-limagerie-satellitaire-mobilisee\/","og_site_name":"La Sentinelle","article_publisher":"https:\/\/www.facebook.com\/La-Sentinelle-104059864394773","article_published_time":"2026-03-14T19:20:20+00:00","article_modified_time":"2026-03-14T19:20:22+00:00","og_image":[{"width":1200,"height":675,"url":"https:\/\/lasentinelle.dz\/wp-content\/uploads\/2026\/03\/drone.jpg","type":"image\/jpeg"}],"author":"admin","twitter_card":"summary_large_image","twitter_misc":{"\u00c9crit par":"admin","Dur\u00e9e de lecture estim\u00e9e":"5 minutes"},"schema":{"@context":"https:\/\/schema.org","@graph":[{"@type":"Article","@id":"https:\/\/lasentinelle.dz\/index.php\/2026\/03\/14\/campagne-de-lutte-contre-les-feux-de-foret-pour-lete-2026-140-drones-deployes-et-limagerie-satellitaire-mobilisee\/#article","isPartOf":{"@id":"https:\/\/lasentinelle.dz\/index.php\/2026\/03\/14\/campagne-de-lutte-contre-les-feux-de-foret-pour-lete-2026-140-drones-deployes-et-limagerie-satellitaire-mobilisee\/"},"author":{"name":"admin","@id":"https:\/\/lasentinelle.dz\/#\/schema\/person\/729ee0024f24e0b8c5ec17232f8e8b41"},"headline":"Campagne de lutte contre les feux de for\u00eat pour l\u2019\u00e9t\u00e9 2026\u00a0: 140 drones d\u00e9ploy\u00e9s et l&rsquo;imagerie satellitaire mobilis\u00e9e","datePublished":"2026-03-14T19:20:20+00:00","dateModified":"2026-03-14T19:20:22+00:00","mainEntityOfPage":{"@id":"https:\/\/lasentinelle.dz\/index.php\/2026\/03\/14\/campagne-de-lutte-contre-les-feux-de-foret-pour-lete-2026-140-drones-deployes-et-limagerie-satellitaire-mobilisee\/"},"wordCount":957,"commentCount":0,"publisher":{"@id":"https:\/\/lasentinelle.dz\/#organization"},"image":{"@id":"https:\/\/lasentinelle.dz\/index.php\/2026\/03\/14\/campagne-de-lutte-contre-les-feux-de-foret-pour-lete-2026-140-drones-deployes-et-limagerie-satellitaire-mobilisee\/#primaryimage"},"thumbnailUrl":"https:\/\/lasentinelle.dz\/wp-content\/uploads\/2026\/03\/drone.jpg","articleSection":["\u00c0 la Une","Actualit\u00e9"],"inLanguage":"fr-FR","potentialAction":[{"@type":"CommentAction","name":"Comment","target":["https:\/\/lasentinelle.dz\/index.php\/2026\/03\/14\/campagne-de-lutte-contre-les-feux-de-foret-pour-lete-2026-140-drones-deployes-et-limagerie-satellitaire-mobilisee\/#respond"]}]},{"@type":"WebPage","@id":"https:\/\/lasentinelle.dz\/index.php\/2026\/03\/14\/campagne-de-lutte-contre-les-feux-de-foret-pour-lete-2026-140-drones-deployes-et-limagerie-satellitaire-mobilisee\/","url":"https:\/\/lasentinelle.dz\/index.php\/2026\/03\/14\/campagne-de-lutte-contre-les-feux-de-foret-pour-lete-2026-140-drones-deployes-et-limagerie-satellitaire-mobilisee\/","name":"Campagne de lutte contre les feux de for\u00eat pour l\u2019\u00e9t\u00e9 2026\u00a0: 140 drones d\u00e9ploy\u00e9s et l&rsquo;imagerie satellitaire mobilis\u00e9e - La Sentinelle","isPartOf":{"@id":"https:\/\/lasentinelle.dz\/#website"},"primaryImageOfPage":{"@id":"https:\/\/lasentinelle.dz\/index.php\/2026\/03\/14\/campagne-de-lutte-contre-les-feux-de-foret-pour-lete-2026-140-drones-deployes-et-limagerie-satellitaire-mobilisee\/#primaryimage"},"image":{"@id":"https:\/\/lasentinelle.dz\/index.php\/2026\/03\/14\/campagne-de-lutte-contre-les-feux-de-foret-pour-lete-2026-140-drones-deployes-et-limagerie-satellitaire-mobilisee\/#primaryimage"},"thumbnailUrl":"https:\/\/lasentinelle.dz\/wp-content\/uploads\/2026\/03\/drone.jpg","datePublished":"2026-03-14T19:20:20+00:00","dateModified":"2026-03-14T19:20:22+00:00","breadcrumb":{"@id":"https:\/\/lasentinelle.dz\/index.php\/2026\/03\/14\/campagne-de-lutte-contre-les-feux-de-foret-pour-lete-2026-140-drones-deployes-et-limagerie-satellitaire-mobilisee\/#breadcrumb"},"inLanguage":"fr-FR","potentialAction":[{"@type":"ReadAction","target":["https:\/\/lasentinelle.dz\/index.php\/2026\/03\/14\/campagne-de-lutte-contre-les-feux-de-foret-pour-lete-2026-140-drones-deployes-et-limagerie-satellitaire-mobilisee\/"]}]},{"@type":"ImageObject","inLanguage":"fr-FR","@id":"https:\/\/lasentinelle.dz\/index.php\/2026\/03\/14\/campagne-de-lutte-contre-les-feux-de-foret-pour-lete-2026-140-drones-deployes-et-limagerie-satellitaire-mobilisee\/#primaryimage","url":"https:\/\/lasentinelle.dz\/wp-content\/uploads\/2026\/03\/drone.jpg","contentUrl":"https:\/\/lasentinelle.dz\/wp-content\/uploads\/2026\/03\/drone.jpg","width":1200,"height":675},{"@type":"BreadcrumbList","@id":"https:\/\/lasentinelle.dz\/index.php\/2026\/03\/14\/campagne-de-lutte-contre-les-feux-de-foret-pour-lete-2026-140-drones-deployes-et-limagerie-satellitaire-mobilisee\/#breadcrumb","itemListElement":[{"@type":"ListItem","position":1,"name":"Accueil","item":"https:\/\/lasentinelle.dz\/"},{"@type":"ListItem","position":2,"name":"Campagne de lutte contre les feux de for\u00eat pour l\u2019\u00e9t\u00e9 2026\u00a0: 140 drones d\u00e9ploy\u00e9s et l&rsquo;imagerie satellitaire mobilis\u00e9e"}]},{"@type":"WebSite","@id":"https:\/\/lasentinelle.dz\/#website","url":"https:\/\/lasentinelle.dz\/","name":"La Sentinelle","description":"Quotidien national d&#039;information","publisher":{"@id":"https:\/\/lasentinelle.dz\/#organization"},"potentialAction":[{"@type":"SearchAction","target":{"@type":"EntryPoint","urlTemplate":"https:\/\/lasentinelle.dz\/?s={search_term_string}"},"query-input":{"@type":"PropertyValueSpecification","valueRequired":true,"valueName":"search_term_string"}}],"inLanguage":"fr-FR"},{"@type":"Organization","@id":"https:\/\/lasentinelle.dz\/#organization","name":"Quotidien La Sentinelle","url":"https:\/\/lasentinelle.dz\/","logo":{"@type":"ImageObject","inLanguage":"fr-FR","@id":"https:\/\/lasentinelle.dz\/#\/schema\/logo\/image\/","url":"https:\/\/lasentinelle.dz\/wp-content\/uploads\/2021\/09\/logo-sentinelleSLOGAN-1.png","contentUrl":"https:\/\/lasentinelle.dz\/wp-content\/uploads\/2021\/09\/logo-sentinelleSLOGAN-1.png","width":615,"height":142,"caption":"Quotidien La Sentinelle"},"image":{"@id":"https:\/\/lasentinelle.dz\/#\/schema\/logo\/image\/"},"sameAs":["https:\/\/www.facebook.com\/La-Sentinelle-104059864394773"]},{"@type":"Person","@id":"https:\/\/lasentinelle.dz\/#\/schema\/person\/729ee0024f24e0b8c5ec17232f8e8b41","name":"admin","image":{"@type":"ImageObject","inLanguage":"fr-FR","@id":"https:\/\/secure.gravatar.com\/avatar\/4c81fed838786e9b53f540bf46533e750f5d292099ae3b66cfc6fb1982e29df7?s=96&d=mm&r=g","url":"https:\/\/secure.gravatar.com\/avatar\/4c81fed838786e9b53f540bf46533e750f5d292099ae3b66cfc6fb1982e29df7?s=96&d=mm&r=g","contentUrl":"https:\/\/secure.gravatar.com\/avatar\/4c81fed838786e9b53f540bf46533e750f5d292099ae3b66cfc6fb1982e29df7?s=96&d=mm&r=g","caption":"admin"},"description":"admin","url":"https:\/\/lasentinelle.dz\/author\/admin\/"}]}},"_links":{"self":[{"href":"https:\/\/lasentinelle.dz\/index.php\/wp-json\/wp\/v2\/posts\/83510","targetHints":{"allow":["GET"]}}],"collection":[{"href":"https:\/\/lasentinelle.dz\/index.php\/wp-json\/wp\/v2\/posts"}],"about":[{"href":"https:\/\/lasentinelle.dz\/index.php\/wp-json\/wp\/v2\/types\/post"}],"author":[{"embeddable":true,"href":"https:\/\/lasentinelle.dz\/index.php\/wp-json\/wp\/v2\/users\/6"}],"replies":[{"embeddable":true,"href":"https:\/\/lasentinelle.dz\/index.php\/wp-json\/wp\/v2\/comments?post=83510"}],"version-history":[{"count":2,"href":"https:\/\/lasentinelle.dz\/index.php\/wp-json\/wp\/v2\/posts\/83510\/revisions"}],"predecessor-version":[{"id":83513,"href":"https:\/\/lasentinelle.dz\/index.php\/wp-json\/wp\/v2\/posts\/83510\/revisions\/83513"}],"wp:featuredmedia":[{"embeddable":true,"href":"https:\/\/lasentinelle.dz\/index.php\/wp-json\/wp\/v2\/media\/83511"}],"wp:attachment":[{"href":"https:\/\/lasentinelle.dz\/index.php\/wp-json\/wp\/v2\/media?parent=83510"}],"wp:term":[{"taxonomy":"category","embeddable":true,"href":"https:\/\/lasentinelle.dz\/index.php\/wp-json\/wp\/v2\/categories?post=83510"},{"taxonomy":"post_tag","embeddable":true,"href":"https:\/\/lasentinelle.dz\/index.php\/wp-json\/wp\/v2\/tags?post=83510"}],"curies":[{"name":"wp","href":"https:\/\/api.w.org\/{rel}","templated":true}]}}