{"id":83514,"date":"2026-03-14T20:21:35","date_gmt":"2026-03-14T19:21:35","guid":{"rendered":"https:\/\/lasentinelle.dz\/?p=83514"},"modified":"2026-03-14T20:21:36","modified_gmt":"2026-03-14T19:21:36","slug":"paysage-mediatique-national-une-famille-unie-au-service-de-la-nation","status":"publish","type":"post","link":"https:\/\/lasentinelle.dz\/index.php\/2026\/03\/14\/paysage-mediatique-national-une-famille-unie-au-service-de-la-nation\/","title":{"rendered":"Paysage m\u00e9diatique national\u00a0: \u00ab\u00a0Une famille unie au service de la nation\u00a0\u00bb"},"content":{"rendered":"\n<p>La grande famille de la presse alg\u00e9rienne s&rsquo;est retrouv\u00e9e, vendredi soir \u00e0 la Coupole du Complexe olympique Mohamed-Boudiaf d&rsquo;Alger, dans une atmosph\u00e8re festive et fraternelle, \u00e0 l&rsquo;occasion de la c\u00e9r\u00e9monie de remise des prix du \u00ab Tournoi presse by Ooredoo 2026 \u00bb, \u00e9dition annuelle de futsal organis\u00e9e durant le mois de Ramadhan par l&rsquo;Organisation nationale des journalistes sportifs alg\u00e9riens (ONJSA). Un rendez-vous sportif et convivial qui a r\u00e9uni personnalit\u00e9s politiques, figures du sport national et repr\u00e9sentants des diff\u00e9rentes familles m\u00e9diatiques du pays. C&rsquo;est dans ce cadre que le ministre de la Communication, Zoheir Bouamama, a tenu \u00e0 rappeler ce qui unit, au fond, tous les acteurs du paysage m\u00e9diatique national. \u00ab La corporation m\u00e9diatique alg\u00e9rienne, avec toutes ses composantes, est une seule famille unie, au service du pays \u00bb, a-t-il d\u00e9clar\u00e9 en marge de la c\u00e9r\u00e9monie. Le ministre est all\u00e9 plus loin, plaidant pour la multiplication de tels moments de coh\u00e9sion. \u00ab Je crois qu&rsquo;il est essentiel que la corporation m\u00e9diatique, qui accompagne toujours l&rsquo;\u00c9tat et met en lumi\u00e8re les efforts consid\u00e9rables qu&rsquo;il d\u00e9ploie et ses nombreuses r\u00e9alisations dans divers domaines, notamment le domaine sportif, se r\u00e9unisse dans de telles occasions et multiplie ce genre d&rsquo;activit\u00e9s que nous soutenons et dont nous nous r\u00e9jouissons \u00bb, a-t-il ajout\u00e9.<\/p>\n\n\n\n<p>Dans le m\u00eame esprit, le conseiller aupr\u00e8s du pr\u00e9sident de la R\u00e9publique charg\u00e9 de la Direction g\u00e9n\u00e9rale de la communication, Kamal Sidi Sa\u00efd, a rendu un hommage appuy\u00e9 \u00e0 la presse sportive alg\u00e9rienne, qu&rsquo;il a qualifi\u00e9e d&rsquo;\u00ab \u00e9l\u00e9ment important de la corporation m\u00e9diatique nationale \u00bb. Il a remerci\u00e9 l&rsquo;ensemble de la corporation pour \u00ab son r\u00f4le pionnier et les efforts constants consentis dans la d\u00e9fense des int\u00e9r\u00eats strat\u00e9giques du pays \u00bb, saluant au passage son unit\u00e9 et sa coh\u00e9sion. Il a \u00e9galement f\u00e9licit\u00e9 l&rsquo;ONJSA pour cette initiative qu&rsquo;il a jug\u00e9e louable, reconduite chaque ann\u00e9e en ce mois de Ramadhan.<\/p>\n\n\n\n<p>Sur le plan sportif, c&rsquo;est l&rsquo;\u00e9quipe d&rsquo;Ennahar TV qui a d\u00e9croch\u00e9 le titre de championne de l&rsquo;\u00e9dition 2026, au terme d&rsquo;une finale disput\u00e9e face \u00e0 l&rsquo;\u00e9quipe \u00ab B \u00bb de la Radio nationale, conclue sur le score de 4 buts \u00e0 3. Une rencontre anim\u00e9e, suivie par un public nombreux et des invit\u00e9s de marque. En marge du tournoi, plusieurs journalistes sportifs ont \u00e9t\u00e9 distingu\u00e9s par Ooredoo Alg\u00e9rie et l&rsquo;ONJSA, en reconnaissance de leur contribution au rayonnement de la presse sportive nationale.<\/p>\n\n\n\n<p>R.N.<\/p>\n","protected":false},"excerpt":{"rendered":"<p>La grande famille de la presse alg\u00e9rienne s&rsquo;est retrouv\u00e9e, vendredi soir \u00e0 la Coupole du Complexe olympique Mohamed-Boudiaf d&rsquo;Alger, dans<\/p>\n","protected":false},"author":6,"featured_media":79463,"comment_status":"open","ping_status":"closed","sticky":false,"template":"","format":"standard","meta":{"colormag_page_container_layout":"default_layout","colormag_page_sidebar_layout":"default_layout","om_disable_all_campaigns":false,"_monsterinsights_skip_tracking":false,"_monsterinsights_sitenote_active":false,"_monsterinsights_sitenote_note":"","_monsterinsights_sitenote_category":0,"footnotes":"","_wpscppro_dont_share_socialmedia":false,"_wpscppro_custom_social_share_image":0,"_facebook_share_type":"default","_twitter_share_type":"default","_linkedin_share_type":"default","_pinterest_share_type":"default","_linkedin_share_type_page":"","_instagram_share_type":"default","_medium_share_type":"default","_threads_share_type":"default","_google_business_share_type":"default","_selected_social_profile":[],"_wpsp_enable_custom_social_template":false,"_wpsp_social_scheduling":{"enabled":false,"datetime":null,"platforms":[],"status":"template_only","dateOption":"today","timeOption":"now","customDays":"","customHours":"","customDate":"","customTime":"","schedulingType":"absolute"},"_wpsp_active_default_template":true},"categories":[27],"tags":[],"class_list":["post-83514","post","type-post","status-publish","format-standard","has-post-thumbnail","hentry","category-actualite"],"aioseo_notices":[],"yoast_head":"<!-- This site is optimized with the Yoast SEO plugin v27.5 - https:\/\/yoast.com\/product\/yoast-seo-wordpress\/ -->\n<title>Paysage m\u00e9diatique national\u00a0: \u00ab\u00a0Une famille unie au service de la nation\u00a0\u00bb - La Sentinelle<\/title>\n<meta name=\"robots\" content=\"index, follow, max-snippet:-1, max-image-preview:large, max-video-preview:-1\" \/>\n<link rel=\"canonical\" href=\"https:\/\/lasentinelle.dz\/index.php\/2026\/03\/14\/paysage-mediatique-national-une-famille-unie-au-service-de-la-nation\/\" \/>\n<meta property=\"og:locale\" content=\"fr_FR\" \/>\n<meta property=\"og:type\" content=\"article\" \/>\n<meta property=\"og:title\" content=\"Paysage m\u00e9diatique national\u00a0: \u00ab\u00a0Une famille unie au service de la nation\u00a0\u00bb - La Sentinelle\" \/>\n<meta property=\"og:description\" content=\"La grande famille de la presse alg\u00e9rienne s&rsquo;est retrouv\u00e9e, vendredi soir \u00e0 la Coupole du Complexe olympique Mohamed-Boudiaf d&rsquo;Alger, dans\" \/>\n<meta property=\"og:url\" content=\"https:\/\/lasentinelle.dz\/index.php\/2026\/03\/14\/paysage-mediatique-national-une-famille-unie-au-service-de-la-nation\/\" \/>\n<meta property=\"og:site_name\" content=\"La Sentinelle\" \/>\n<meta property=\"article:publisher\" content=\"https:\/\/www.facebook.com\/La-Sentinelle-104059864394773\" \/>\n<meta property=\"article:published_time\" content=\"2026-03-14T19:21:35+00:00\" \/>\n<meta property=\"article:modified_time\" content=\"2026-03-14T19:21:36+00:00\" \/>\n<meta property=\"og:image\" content=\"https:\/\/lasentinelle.dz\/wp-content\/uploads\/2026\/01\/Bouamama.webp\" \/>\n\t<meta property=\"og:image:width\" content=\"1200\" \/>\n\t<meta property=\"og:image:height\" content=\"676\" \/>\n\t<meta property=\"og:image:type\" content=\"image\/webp\" \/>\n<meta name=\"author\" content=\"admin\" \/>\n<meta name=\"twitter:card\" content=\"summary_large_image\" \/>\n<meta name=\"twitter:label1\" content=\"\u00c9crit par\" \/>\n\t<meta name=\"twitter:data1\" content=\"admin\" \/>\n\t<meta name=\"twitter:label2\" content=\"Dur\u00e9e de lecture estim\u00e9e\" \/>\n\t<meta name=\"twitter:data2\" content=\"3 minutes\" \/>\n<script type=\"application\/ld+json\" class=\"yoast-schema-graph\">{\"@context\":\"https:\\\/\\\/schema.org\",\"@graph\":[{\"@type\":\"Article\",\"@id\":\"https:\\\/\\\/lasentinelle.dz\\\/index.php\\\/2026\\\/03\\\/14\\\/paysage-mediatique-national-une-famille-unie-au-service-de-la-nation\\\/#article\",\"isPartOf\":{\"@id\":\"https:\\\/\\\/lasentinelle.dz\\\/index.php\\\/2026\\\/03\\\/14\\\/paysage-mediatique-national-une-famille-unie-au-service-de-la-nation\\\/\"},\"author\":{\"name\":\"admin\",\"@id\":\"https:\\\/\\\/lasentinelle.dz\\\/#\\\/schema\\\/person\\\/729ee0024f24e0b8c5ec17232f8e8b41\"},\"headline\":\"Paysage m\u00e9diatique national\u00a0: \u00ab\u00a0Une famille unie au service de la nation\u00a0\u00bb\",\"datePublished\":\"2026-03-14T19:21:35+00:00\",\"dateModified\":\"2026-03-14T19:21:36+00:00\",\"mainEntityOfPage\":{\"@id\":\"https:\\\/\\\/lasentinelle.dz\\\/index.php\\\/2026\\\/03\\\/14\\\/paysage-mediatique-national-une-famille-unie-au-service-de-la-nation\\\/\"},\"wordCount\":454,\"commentCount\":0,\"publisher\":{\"@id\":\"https:\\\/\\\/lasentinelle.dz\\\/#organization\"},\"image\":{\"@id\":\"https:\\\/\\\/lasentinelle.dz\\\/index.php\\\/2026\\\/03\\\/14\\\/paysage-mediatique-national-une-famille-unie-au-service-de-la-nation\\\/#primaryimage\"},\"thumbnailUrl\":\"https:\\\/\\\/lasentinelle.dz\\\/wp-content\\\/uploads\\\/2026\\\/01\\\/Bouamama.webp\",\"articleSection\":[\"Actualit\u00e9\"],\"inLanguage\":\"fr-FR\",\"potentialAction\":[{\"@type\":\"CommentAction\",\"name\":\"Comment\",\"target\":[\"https:\\\/\\\/lasentinelle.dz\\\/index.php\\\/2026\\\/03\\\/14\\\/paysage-mediatique-national-une-famille-unie-au-service-de-la-nation\\\/#respond\"]}]},{\"@type\":\"WebPage\",\"@id\":\"https:\\\/\\\/lasentinelle.dz\\\/index.php\\\/2026\\\/03\\\/14\\\/paysage-mediatique-national-une-famille-unie-au-service-de-la-nation\\\/\",\"url\":\"https:\\\/\\\/lasentinelle.dz\\\/index.php\\\/2026\\\/03\\\/14\\\/paysage-mediatique-national-une-famille-unie-au-service-de-la-nation\\\/\",\"name\":\"Paysage m\u00e9diatique national\u00a0: \u00ab\u00a0Une famille unie au service de la nation\u00a0\u00bb - La Sentinelle\",\"isPartOf\":{\"@id\":\"https:\\\/\\\/lasentinelle.dz\\\/#website\"},\"primaryImageOfPage\":{\"@id\":\"https:\\\/\\\/lasentinelle.dz\\\/index.php\\\/2026\\\/03\\\/14\\\/paysage-mediatique-national-une-famille-unie-au-service-de-la-nation\\\/#primaryimage\"},\"image\":{\"@id\":\"https:\\\/\\\/lasentinelle.dz\\\/index.php\\\/2026\\\/03\\\/14\\\/paysage-mediatique-national-une-famille-unie-au-service-de-la-nation\\\/#primaryimage\"},\"thumbnailUrl\":\"https:\\\/\\\/lasentinelle.dz\\\/wp-content\\\/uploads\\\/2026\\\/01\\\/Bouamama.webp\",\"datePublished\":\"2026-03-14T19:21:35+00:00\",\"dateModified\":\"2026-03-14T19:21:36+00:00\",\"breadcrumb\":{\"@id\":\"https:\\\/\\\/lasentinelle.dz\\\/index.php\\\/2026\\\/03\\\/14\\\/paysage-mediatique-national-une-famille-unie-au-service-de-la-nation\\\/#breadcrumb\"},\"inLanguage\":\"fr-FR\",\"potentialAction\":[{\"@type\":\"ReadAction\",\"target\":[\"https:\\\/\\\/lasentinelle.dz\\\/index.php\\\/2026\\\/03\\\/14\\\/paysage-mediatique-national-une-famille-unie-au-service-de-la-nation\\\/\"]}]},{\"@type\":\"ImageObject\",\"inLanguage\":\"fr-FR\",\"@id\":\"https:\\\/\\\/lasentinelle.dz\\\/index.php\\\/2026\\\/03\\\/14\\\/paysage-mediatique-national-une-famille-unie-au-service-de-la-nation\\\/#primaryimage\",\"url\":\"https:\\\/\\\/lasentinelle.dz\\\/wp-content\\\/uploads\\\/2026\\\/01\\\/Bouamama.webp\",\"contentUrl\":\"https:\\\/\\\/lasentinelle.dz\\\/wp-content\\\/uploads\\\/2026\\\/01\\\/Bouamama.webp\",\"width\":1200,\"height\":676},{\"@type\":\"BreadcrumbList\",\"@id\":\"https:\\\/\\\/lasentinelle.dz\\\/index.php\\\/2026\\\/03\\\/14\\\/paysage-mediatique-national-une-famille-unie-au-service-de-la-nation\\\/#breadcrumb\",\"itemListElement\":[{\"@type\":\"ListItem\",\"position\":1,\"name\":\"Accueil\",\"item\":\"https:\\\/\\\/lasentinelle.dz\\\/\"},{\"@type\":\"ListItem\",\"position\":2,\"name\":\"Paysage m\u00e9diatique national\u00a0: \u00ab\u00a0Une famille unie au service de la nation\u00a0\u00bb\"}]},{\"@type\":\"WebSite\",\"@id\":\"https:\\\/\\\/lasentinelle.dz\\\/#website\",\"url\":\"https:\\\/\\\/lasentinelle.dz\\\/\",\"name\":\"La Sentinelle\",\"description\":\"Quotidien national d&#039;information\",\"publisher\":{\"@id\":\"https:\\\/\\\/lasentinelle.dz\\\/#organization\"},\"potentialAction\":[{\"@type\":\"SearchAction\",\"target\":{\"@type\":\"EntryPoint\",\"urlTemplate\":\"https:\\\/\\\/lasentinelle.dz\\\/?s={search_term_string}\"},\"query-input\":{\"@type\":\"PropertyValueSpecification\",\"valueRequired\":true,\"valueName\":\"search_term_string\"}}],\"inLanguage\":\"fr-FR\"},{\"@type\":\"Organization\",\"@id\":\"https:\\\/\\\/lasentinelle.dz\\\/#organization\",\"name\":\"Quotidien La Sentinelle\",\"url\":\"https:\\\/\\\/lasentinelle.dz\\\/\",\"logo\":{\"@type\":\"ImageObject\",\"inLanguage\":\"fr-FR\",\"@id\":\"https:\\\/\\\/lasentinelle.dz\\\/#\\\/schema\\\/logo\\\/image\\\/\",\"url\":\"https:\\\/\\\/lasentinelle.dz\\\/wp-content\\\/uploads\\\/2021\\\/09\\\/logo-sentinelleSLOGAN-1.png\",\"contentUrl\":\"https:\\\/\\\/lasentinelle.dz\\\/wp-content\\\/uploads\\\/2021\\\/09\\\/logo-sentinelleSLOGAN-1.png\",\"width\":615,\"height\":142,\"caption\":\"Quotidien La Sentinelle\"},\"image\":{\"@id\":\"https:\\\/\\\/lasentinelle.dz\\\/#\\\/schema\\\/logo\\\/image\\\/\"},\"sameAs\":[\"https:\\\/\\\/www.facebook.com\\\/La-Sentinelle-104059864394773\"]},{\"@type\":\"Person\",\"@id\":\"https:\\\/\\\/lasentinelle.dz\\\/#\\\/schema\\\/person\\\/729ee0024f24e0b8c5ec17232f8e8b41\",\"name\":\"admin\",\"image\":{\"@type\":\"ImageObject\",\"inLanguage\":\"fr-FR\",\"@id\":\"https:\\\/\\\/secure.gravatar.com\\\/avatar\\\/4c81fed838786e9b53f540bf46533e750f5d292099ae3b66cfc6fb1982e29df7?s=96&d=mm&r=g\",\"url\":\"https:\\\/\\\/secure.gravatar.com\\\/avatar\\\/4c81fed838786e9b53f540bf46533e750f5d292099ae3b66cfc6fb1982e29df7?s=96&d=mm&r=g\",\"contentUrl\":\"https:\\\/\\\/secure.gravatar.com\\\/avatar\\\/4c81fed838786e9b53f540bf46533e750f5d292099ae3b66cfc6fb1982e29df7?s=96&d=mm&r=g\",\"caption\":\"admin\"},\"description\":\"admin\",\"url\":\"https:\\\/\\\/lasentinelle.dz\\\/author\\\/admin\\\/\"}]}<\/script>\n<!-- \/ Yoast SEO plugin. -->","yoast_head_json":{"title":"Paysage m\u00e9diatique national\u00a0: \u00ab\u00a0Une famille unie au service de la nation\u00a0\u00bb - La Sentinelle","robots":{"index":"index","follow":"follow","max-snippet":"max-snippet:-1","max-image-preview":"max-image-preview:large","max-video-preview":"max-video-preview:-1"},"canonical":"https:\/\/lasentinelle.dz\/index.php\/2026\/03\/14\/paysage-mediatique-national-une-famille-unie-au-service-de-la-nation\/","og_locale":"fr_FR","og_type":"article","og_title":"Paysage m\u00e9diatique national\u00a0: \u00ab\u00a0Une famille unie au service de la nation\u00a0\u00bb - La Sentinelle","og_description":"La grande famille de la presse alg\u00e9rienne s&rsquo;est retrouv\u00e9e, vendredi soir \u00e0 la Coupole du Complexe olympique Mohamed-Boudiaf d&rsquo;Alger, dans","og_url":"https:\/\/lasentinelle.dz\/index.php\/2026\/03\/14\/paysage-mediatique-national-une-famille-unie-au-service-de-la-nation\/","og_site_name":"La Sentinelle","article_publisher":"https:\/\/www.facebook.com\/La-Sentinelle-104059864394773","article_published_time":"2026-03-14T19:21:35+00:00","article_modified_time":"2026-03-14T19:21:36+00:00","og_image":[{"width":1200,"height":676,"url":"https:\/\/lasentinelle.dz\/wp-content\/uploads\/2026\/01\/Bouamama.webp","type":"image\/webp"}],"author":"admin","twitter_card":"summary_large_image","twitter_misc":{"\u00c9crit par":"admin","Dur\u00e9e de lecture estim\u00e9e":"3 minutes"},"schema":{"@context":"https:\/\/schema.org","@graph":[{"@type":"Article","@id":"https:\/\/lasentinelle.dz\/index.php\/2026\/03\/14\/paysage-mediatique-national-une-famille-unie-au-service-de-la-nation\/#article","isPartOf":{"@id":"https:\/\/lasentinelle.dz\/index.php\/2026\/03\/14\/paysage-mediatique-national-une-famille-unie-au-service-de-la-nation\/"},"author":{"name":"admin","@id":"https:\/\/lasentinelle.dz\/#\/schema\/person\/729ee0024f24e0b8c5ec17232f8e8b41"},"headline":"Paysage m\u00e9diatique national\u00a0: \u00ab\u00a0Une famille unie au service de la nation\u00a0\u00bb","datePublished":"2026-03-14T19:21:35+00:00","dateModified":"2026-03-14T19:21:36+00:00","mainEntityOfPage":{"@id":"https:\/\/lasentinelle.dz\/index.php\/2026\/03\/14\/paysage-mediatique-national-une-famille-unie-au-service-de-la-nation\/"},"wordCount":454,"commentCount":0,"publisher":{"@id":"https:\/\/lasentinelle.dz\/#organization"},"image":{"@id":"https:\/\/lasentinelle.dz\/index.php\/2026\/03\/14\/paysage-mediatique-national-une-famille-unie-au-service-de-la-nation\/#primaryimage"},"thumbnailUrl":"https:\/\/lasentinelle.dz\/wp-content\/uploads\/2026\/01\/Bouamama.webp","articleSection":["Actualit\u00e9"],"inLanguage":"fr-FR","potentialAction":[{"@type":"CommentAction","name":"Comment","target":["https:\/\/lasentinelle.dz\/index.php\/2026\/03\/14\/paysage-mediatique-national-une-famille-unie-au-service-de-la-nation\/#respond"]}]},{"@type":"WebPage","@id":"https:\/\/lasentinelle.dz\/index.php\/2026\/03\/14\/paysage-mediatique-national-une-famille-unie-au-service-de-la-nation\/","url":"https:\/\/lasentinelle.dz\/index.php\/2026\/03\/14\/paysage-mediatique-national-une-famille-unie-au-service-de-la-nation\/","name":"Paysage m\u00e9diatique national\u00a0: \u00ab\u00a0Une famille unie au service de la nation\u00a0\u00bb - La Sentinelle","isPartOf":{"@id":"https:\/\/lasentinelle.dz\/#website"},"primaryImageOfPage":{"@id":"https:\/\/lasentinelle.dz\/index.php\/2026\/03\/14\/paysage-mediatique-national-une-famille-unie-au-service-de-la-nation\/#primaryimage"},"image":{"@id":"https:\/\/lasentinelle.dz\/index.php\/2026\/03\/14\/paysage-mediatique-national-une-famille-unie-au-service-de-la-nation\/#primaryimage"},"thumbnailUrl":"https:\/\/lasentinelle.dz\/wp-content\/uploads\/2026\/01\/Bouamama.webp","datePublished":"2026-03-14T19:21:35+00:00","dateModified":"2026-03-14T19:21:36+00:00","breadcrumb":{"@id":"https:\/\/lasentinelle.dz\/index.php\/2026\/03\/14\/paysage-mediatique-national-une-famille-unie-au-service-de-la-nation\/#breadcrumb"},"inLanguage":"fr-FR","potentialAction":[{"@type":"ReadAction","target":["https:\/\/lasentinelle.dz\/index.php\/2026\/03\/14\/paysage-mediatique-national-une-famille-unie-au-service-de-la-nation\/"]}]},{"@type":"ImageObject","inLanguage":"fr-FR","@id":"https:\/\/lasentinelle.dz\/index.php\/2026\/03\/14\/paysage-mediatique-national-une-famille-unie-au-service-de-la-nation\/#primaryimage","url":"https:\/\/lasentinelle.dz\/wp-content\/uploads\/2026\/01\/Bouamama.webp","contentUrl":"https:\/\/lasentinelle.dz\/wp-content\/uploads\/2026\/01\/Bouamama.webp","width":1200,"height":676},{"@type":"BreadcrumbList","@id":"https:\/\/lasentinelle.dz\/index.php\/2026\/03\/14\/paysage-mediatique-national-une-famille-unie-au-service-de-la-nation\/#breadcrumb","itemListElement":[{"@type":"ListItem","position":1,"name":"Accueil","item":"https:\/\/lasentinelle.dz\/"},{"@type":"ListItem","position":2,"name":"Paysage m\u00e9diatique national\u00a0: \u00ab\u00a0Une famille unie au service de la nation\u00a0\u00bb"}]},{"@type":"WebSite","@id":"https:\/\/lasentinelle.dz\/#website","url":"https:\/\/lasentinelle.dz\/","name":"La Sentinelle","description":"Quotidien national d&#039;information","publisher":{"@id":"https:\/\/lasentinelle.dz\/#organization"},"potentialAction":[{"@type":"SearchAction","target":{"@type":"EntryPoint","urlTemplate":"https:\/\/lasentinelle.dz\/?s={search_term_string}"},"query-input":{"@type":"PropertyValueSpecification","valueRequired":true,"valueName":"search_term_string"}}],"inLanguage":"fr-FR"},{"@type":"Organization","@id":"https:\/\/lasentinelle.dz\/#organization","name":"Quotidien La Sentinelle","url":"https:\/\/lasentinelle.dz\/","logo":{"@type":"ImageObject","inLanguage":"fr-FR","@id":"https:\/\/lasentinelle.dz\/#\/schema\/logo\/image\/","url":"https:\/\/lasentinelle.dz\/wp-content\/uploads\/2021\/09\/logo-sentinelleSLOGAN-1.png","contentUrl":"https:\/\/lasentinelle.dz\/wp-content\/uploads\/2021\/09\/logo-sentinelleSLOGAN-1.png","width":615,"height":142,"caption":"Quotidien La Sentinelle"},"image":{"@id":"https:\/\/lasentinelle.dz\/#\/schema\/logo\/image\/"},"sameAs":["https:\/\/www.facebook.com\/La-Sentinelle-104059864394773"]},{"@type":"Person","@id":"https:\/\/lasentinelle.dz\/#\/schema\/person\/729ee0024f24e0b8c5ec17232f8e8b41","name":"admin","image":{"@type":"ImageObject","inLanguage":"fr-FR","@id":"https:\/\/secure.gravatar.com\/avatar\/4c81fed838786e9b53f540bf46533e750f5d292099ae3b66cfc6fb1982e29df7?s=96&d=mm&r=g","url":"https:\/\/secure.gravatar.com\/avatar\/4c81fed838786e9b53f540bf46533e750f5d292099ae3b66cfc6fb1982e29df7?s=96&d=mm&r=g","contentUrl":"https:\/\/secure.gravatar.com\/avatar\/4c81fed838786e9b53f540bf46533e750f5d292099ae3b66cfc6fb1982e29df7?s=96&d=mm&r=g","caption":"admin"},"description":"admin","url":"https:\/\/lasentinelle.dz\/author\/admin\/"}]}},"_links":{"self":[{"href":"https:\/\/lasentinelle.dz\/index.php\/wp-json\/wp\/v2\/posts\/83514","targetHints":{"allow":["GET"]}}],"collection":[{"href":"https:\/\/lasentinelle.dz\/index.php\/wp-json\/wp\/v2\/posts"}],"about":[{"href":"https:\/\/lasentinelle.dz\/index.php\/wp-json\/wp\/v2\/types\/post"}],"author":[{"embeddable":true,"href":"https:\/\/lasentinelle.dz\/index.php\/wp-json\/wp\/v2\/users\/6"}],"replies":[{"embeddable":true,"href":"https:\/\/lasentinelle.dz\/index.php\/wp-json\/wp\/v2\/comments?post=83514"}],"version-history":[{"count":1,"href":"https:\/\/lasentinelle.dz\/index.php\/wp-json\/wp\/v2\/posts\/83514\/revisions"}],"predecessor-version":[{"id":83515,"href":"https:\/\/lasentinelle.dz\/index.php\/wp-json\/wp\/v2\/posts\/83514\/revisions\/83515"}],"wp:featuredmedia":[{"embeddable":true,"href":"https:\/\/lasentinelle.dz\/index.php\/wp-json\/wp\/v2\/media\/79463"}],"wp:attachment":[{"href":"https:\/\/lasentinelle.dz\/index.php\/wp-json\/wp\/v2\/media?parent=83514"}],"wp:term":[{"taxonomy":"category","embeddable":true,"href":"https:\/\/lasentinelle.dz\/index.php\/wp-json\/wp\/v2\/categories?post=83514"},{"taxonomy":"post_tag","embeddable":true,"href":"https:\/\/lasentinelle.dz\/index.php\/wp-json\/wp\/v2\/tags?post=83514"}],"curies":[{"name":"wp","href":"https:\/\/api.w.org\/{rel}","templated":true}]}}