{"id":83516,"date":"2026-03-14T20:22:21","date_gmt":"2026-03-14T19:22:21","guid":{"rendered":"https:\/\/lasentinelle.dz\/?p=83516"},"modified":"2026-03-14T20:22:22","modified_gmt":"2026-03-14T19:22:22","slug":"aouchiche-lance-un-plan-de-restructuration-le-ffs-prepare-ses-troupes-pour-les-prochaines-elections","status":"publish","type":"post","link":"https:\/\/lasentinelle.dz\/index.php\/2026\/03\/14\/aouchiche-lance-un-plan-de-restructuration-le-ffs-prepare-ses-troupes-pour-les-prochaines-elections\/","title":{"rendered":"Aouchiche lance un plan de restructuration\u00a0: Le FFS pr\u00e9pare ses troupes pour les prochaines \u00e9lections"},"content":{"rendered":"\n<p>Le Front des Forces Socialistes engage sa reconstruction de l&rsquo;int\u00e9rieur. Le Premier Secr\u00e9taire national du parti, Youcef Aouchiche, s&rsquo;est rendu \u00e0 la F\u00e9d\u00e9ration de Bouira pour une r\u00e9union de travail avec les cadres et responsables locaux du FFS, consacr\u00e9e \u00e0 l&rsquo;\u00e9valuation de l&rsquo;\u00e9tat organisationnel des sections \u00e0 travers les communes de la wilaya et \u00e0 la pr\u00e9paration anticip\u00e9e des prochaines \u00e9ch\u00e9ances \u00e9lectorales. Une visite qui sonne comme un signal : le plus vieux parti d&rsquo;opposition alg\u00e9rien, fond\u00e9 en 1963 par Hocine A\u00eft Ahmed, entend reconsolider son ancrage territorial dans l&rsquo;une de ses bastions historiques de Kabylie, \u00e0 l&rsquo;heure o\u00f9 le paysage politique national se reconfigure \u00e0 l&rsquo;approche de nouvelles consultations. La rencontre a d&rsquo;abord permis un \u00e9tat des lieux sans complaisance. Les responsables locaux ont pr\u00e9sent\u00e9 \u00ab des rapports d\u00e9taill\u00e9s sur l&rsquo;activit\u00e9 des structures de base ainsi que sur le niveau d&rsquo;encadrement politique au niveau local \u00bb, selon le communiqu\u00e9 du parti. Les \u00e9changes ont \u00e9galement permis d&rsquo;aborder, \u00ab de mani\u00e8re franche et responsable, les d\u00e9fis auxquels est confront\u00e9e l&rsquo;action politique sur le terrain et les moyens de redynamiser les structures de base du parti \u00bb. Le ton est celui d&rsquo;un diagnostic assum\u00e9 : les sections locales accusent des faiblesses d&rsquo;organisation et de mobilisation militante que la direction nationale entend corriger avant que ne s&rsquo;ouvre la prochaine s\u00e9quence \u00e9lectorale.<\/p>\n\n\n\n<p>Dans son intervention, Youcef Aouchiche a fix\u00e9 le cap. Il a insist\u00e9 sur \u00ab la n\u00e9cessit\u00e9 d&rsquo;engager une v\u00e9ritable restructuration des sections \u00e0 travers les communes, fond\u00e9e sur une organisation plus efficace, une mobilisation accrue des militants et un renforcement du travail politique de proximit\u00e9 avec les citoyens \u00bb. Le Premier Secr\u00e9taire a \u00e9galement mis en avant \u00ab le r\u00f4le central des coordinateurs de sections dans l&rsquo;encadrement des militants et la dynamisation des structures locales \u00bb, soulignant que c&rsquo;est \u00e0 ce niveau de base que se joue la cr\u00e9dibilit\u00e9 du parti sur le terrain. La discipline organisationnelle a \u00e9t\u00e9 \u00e9rig\u00e9e en condition sine qua non : Aouchiche a appel\u00e9 \u00e0 \u00ab la mise en \u0153uvre d&rsquo;un plan de travail pr\u00e9cis pour consolider l&rsquo;implantation du parti sur le terrain \u00bb et au \u00ab respect de la discipline organisationnelle \u00bb comme pr\u00e9alable \u00e0 toute d\u00e9marche \u00e9lectorale coh\u00e9rente.<\/p>\n\n\n\n<p>La r\u00e9union s&rsquo;est conclue sur des d\u00e9cisions concr\u00e8tes. Il a \u00e9t\u00e9 \u00ab convenu de mettre en place une feuille de route pour la p\u00e9riode \u00e0 venir, pr\u00e9voyant notamment l&rsquo;organisation de plusieurs conf\u00e9rences politiques \u00e0 travers les diff\u00e9rentes communes de la wilaya \u00bb. Un appel final \u00e0 \u00ab la responsabilit\u00e9, \u00e0 la discipline organisationnelle et \u00e0 l&rsquo;engagement collectif des cadres et des coordinateurs de sections afin de renforcer la pr\u00e9sence politique du parti et de poursuivre la d\u00e9fense des aspirations des citoyens \u00bb a cl\u00f4tur\u00e9 les travaux. Youcef Aouchiche envoie un message clair : le FFS mise sur la remobilisation de ses bases pour aborder en position de force les prochains rendez-vous \u00e9lectoraux.<\/p>\n\n\n\n<p>Hocine Fadheli<\/p>\n","protected":false},"excerpt":{"rendered":"<p>Le Front des Forces Socialistes engage sa reconstruction de l&rsquo;int\u00e9rieur. Le Premier Secr\u00e9taire national du parti, Youcef Aouchiche, s&rsquo;est rendu<\/p>\n","protected":false},"author":6,"featured_media":83028,"comment_status":"open","ping_status":"closed","sticky":false,"template":"","format":"standard","meta":{"colormag_page_container_layout":"default_layout","colormag_page_sidebar_layout":"default_layout","om_disable_all_campaigns":false,"_monsterinsights_skip_tracking":false,"_monsterinsights_sitenote_active":false,"_monsterinsights_sitenote_note":"","_monsterinsights_sitenote_category":0,"footnotes":"","_wpscppro_dont_share_socialmedia":false,"_wpscppro_custom_social_share_image":0,"_facebook_share_type":"default","_twitter_share_type":"default","_linkedin_share_type":"default","_pinterest_share_type":"default","_linkedin_share_type_page":"","_instagram_share_type":"default","_medium_share_type":"default","_threads_share_type":"default","_google_business_share_type":"default","_selected_social_profile":[],"_wpsp_enable_custom_social_template":false,"_wpsp_social_scheduling":{"enabled":false,"datetime":null,"platforms":[],"status":"template_only","dateOption":"today","timeOption":"now","customDays":"","customHours":"","customDate":"","customTime":"","schedulingType":"absolute"},"_wpsp_active_default_template":true},"categories":[28],"tags":[],"class_list":["post-83516","post","type-post","status-publish","format-standard","has-post-thumbnail","hentry","category-politique"],"aioseo_notices":[],"yoast_head":"<!-- This site is optimized with the Yoast SEO plugin v27.5 - https:\/\/yoast.com\/product\/yoast-seo-wordpress\/ -->\n<title>Aouchiche lance un plan de restructuration\u00a0: Le FFS pr\u00e9pare ses troupes pour les prochaines \u00e9lections - La Sentinelle<\/title>\n<meta name=\"robots\" content=\"index, follow, max-snippet:-1, max-image-preview:large, max-video-preview:-1\" \/>\n<link rel=\"canonical\" href=\"https:\/\/lasentinelle.dz\/index.php\/2026\/03\/14\/aouchiche-lance-un-plan-de-restructuration-le-ffs-prepare-ses-troupes-pour-les-prochaines-elections\/\" \/>\n<meta property=\"og:locale\" content=\"fr_FR\" \/>\n<meta property=\"og:type\" content=\"article\" \/>\n<meta property=\"og:title\" content=\"Aouchiche lance un plan de restructuration\u00a0: Le FFS pr\u00e9pare ses troupes pour les prochaines \u00e9lections - La Sentinelle\" \/>\n<meta property=\"og:description\" content=\"Le Front des Forces Socialistes engage sa reconstruction de l&rsquo;int\u00e9rieur. Le Premier Secr\u00e9taire national du parti, Youcef Aouchiche, s&rsquo;est rendu\" \/>\n<meta property=\"og:url\" content=\"https:\/\/lasentinelle.dz\/index.php\/2026\/03\/14\/aouchiche-lance-un-plan-de-restructuration-le-ffs-prepare-ses-troupes-pour-les-prochaines-elections\/\" \/>\n<meta property=\"og:site_name\" content=\"La Sentinelle\" \/>\n<meta property=\"article:publisher\" content=\"https:\/\/www.facebook.com\/La-Sentinelle-104059864394773\" \/>\n<meta property=\"article:published_time\" content=\"2026-03-14T19:22:21+00:00\" \/>\n<meta property=\"article:modified_time\" content=\"2026-03-14T19:22:22+00:00\" \/>\n<meta property=\"og:image\" content=\"https:\/\/lasentinelle.dz\/wp-content\/uploads\/2026\/03\/Aouchiche.jpg\" \/>\n\t<meta property=\"og:image:width\" content=\"1280\" \/>\n\t<meta property=\"og:image:height\" content=\"720\" \/>\n\t<meta property=\"og:image:type\" content=\"image\/jpeg\" \/>\n<meta name=\"author\" content=\"admin\" \/>\n<meta name=\"twitter:card\" content=\"summary_large_image\" \/>\n<meta name=\"twitter:label1\" content=\"\u00c9crit par\" \/>\n\t<meta name=\"twitter:data1\" content=\"admin\" \/>\n\t<meta name=\"twitter:label2\" content=\"Dur\u00e9e de lecture estim\u00e9e\" \/>\n\t<meta name=\"twitter:data2\" content=\"3 minutes\" \/>\n<script type=\"application\/ld+json\" class=\"yoast-schema-graph\">{\"@context\":\"https:\\\/\\\/schema.org\",\"@graph\":[{\"@type\":\"Article\",\"@id\":\"https:\\\/\\\/lasentinelle.dz\\\/index.php\\\/2026\\\/03\\\/14\\\/aouchiche-lance-un-plan-de-restructuration-le-ffs-prepare-ses-troupes-pour-les-prochaines-elections\\\/#article\",\"isPartOf\":{\"@id\":\"https:\\\/\\\/lasentinelle.dz\\\/index.php\\\/2026\\\/03\\\/14\\\/aouchiche-lance-un-plan-de-restructuration-le-ffs-prepare-ses-troupes-pour-les-prochaines-elections\\\/\"},\"author\":{\"name\":\"admin\",\"@id\":\"https:\\\/\\\/lasentinelle.dz\\\/#\\\/schema\\\/person\\\/729ee0024f24e0b8c5ec17232f8e8b41\"},\"headline\":\"Aouchiche lance un plan de restructuration\u00a0: Le FFS pr\u00e9pare ses troupes pour les prochaines \u00e9lections\",\"datePublished\":\"2026-03-14T19:22:21+00:00\",\"dateModified\":\"2026-03-14T19:22:22+00:00\",\"mainEntityOfPage\":{\"@id\":\"https:\\\/\\\/lasentinelle.dz\\\/index.php\\\/2026\\\/03\\\/14\\\/aouchiche-lance-un-plan-de-restructuration-le-ffs-prepare-ses-troupes-pour-les-prochaines-elections\\\/\"},\"wordCount\":521,\"commentCount\":0,\"publisher\":{\"@id\":\"https:\\\/\\\/lasentinelle.dz\\\/#organization\"},\"image\":{\"@id\":\"https:\\\/\\\/lasentinelle.dz\\\/index.php\\\/2026\\\/03\\\/14\\\/aouchiche-lance-un-plan-de-restructuration-le-ffs-prepare-ses-troupes-pour-les-prochaines-elections\\\/#primaryimage\"},\"thumbnailUrl\":\"https:\\\/\\\/lasentinelle.dz\\\/wp-content\\\/uploads\\\/2026\\\/03\\\/Aouchiche.jpg\",\"articleSection\":[\"Politique\"],\"inLanguage\":\"fr-FR\",\"potentialAction\":[{\"@type\":\"CommentAction\",\"name\":\"Comment\",\"target\":[\"https:\\\/\\\/lasentinelle.dz\\\/index.php\\\/2026\\\/03\\\/14\\\/aouchiche-lance-un-plan-de-restructuration-le-ffs-prepare-ses-troupes-pour-les-prochaines-elections\\\/#respond\"]}]},{\"@type\":\"WebPage\",\"@id\":\"https:\\\/\\\/lasentinelle.dz\\\/index.php\\\/2026\\\/03\\\/14\\\/aouchiche-lance-un-plan-de-restructuration-le-ffs-prepare-ses-troupes-pour-les-prochaines-elections\\\/\",\"url\":\"https:\\\/\\\/lasentinelle.dz\\\/index.php\\\/2026\\\/03\\\/14\\\/aouchiche-lance-un-plan-de-restructuration-le-ffs-prepare-ses-troupes-pour-les-prochaines-elections\\\/\",\"name\":\"Aouchiche lance un plan de restructuration\u00a0: Le FFS pr\u00e9pare ses troupes pour les prochaines \u00e9lections - La Sentinelle\",\"isPartOf\":{\"@id\":\"https:\\\/\\\/lasentinelle.dz\\\/#website\"},\"primaryImageOfPage\":{\"@id\":\"https:\\\/\\\/lasentinelle.dz\\\/index.php\\\/2026\\\/03\\\/14\\\/aouchiche-lance-un-plan-de-restructuration-le-ffs-prepare-ses-troupes-pour-les-prochaines-elections\\\/#primaryimage\"},\"image\":{\"@id\":\"https:\\\/\\\/lasentinelle.dz\\\/index.php\\\/2026\\\/03\\\/14\\\/aouchiche-lance-un-plan-de-restructuration-le-ffs-prepare-ses-troupes-pour-les-prochaines-elections\\\/#primaryimage\"},\"thumbnailUrl\":\"https:\\\/\\\/lasentinelle.dz\\\/wp-content\\\/uploads\\\/2026\\\/03\\\/Aouchiche.jpg\",\"datePublished\":\"2026-03-14T19:22:21+00:00\",\"dateModified\":\"2026-03-14T19:22:22+00:00\",\"breadcrumb\":{\"@id\":\"https:\\\/\\\/lasentinelle.dz\\\/index.php\\\/2026\\\/03\\\/14\\\/aouchiche-lance-un-plan-de-restructuration-le-ffs-prepare-ses-troupes-pour-les-prochaines-elections\\\/#breadcrumb\"},\"inLanguage\":\"fr-FR\",\"potentialAction\":[{\"@type\":\"ReadAction\",\"target\":[\"https:\\\/\\\/lasentinelle.dz\\\/index.php\\\/2026\\\/03\\\/14\\\/aouchiche-lance-un-plan-de-restructuration-le-ffs-prepare-ses-troupes-pour-les-prochaines-elections\\\/\"]}]},{\"@type\":\"ImageObject\",\"inLanguage\":\"fr-FR\",\"@id\":\"https:\\\/\\\/lasentinelle.dz\\\/index.php\\\/2026\\\/03\\\/14\\\/aouchiche-lance-un-plan-de-restructuration-le-ffs-prepare-ses-troupes-pour-les-prochaines-elections\\\/#primaryimage\",\"url\":\"https:\\\/\\\/lasentinelle.dz\\\/wp-content\\\/uploads\\\/2026\\\/03\\\/Aouchiche.jpg\",\"contentUrl\":\"https:\\\/\\\/lasentinelle.dz\\\/wp-content\\\/uploads\\\/2026\\\/03\\\/Aouchiche.jpg\",\"width\":1280,\"height\":720},{\"@type\":\"BreadcrumbList\",\"@id\":\"https:\\\/\\\/lasentinelle.dz\\\/index.php\\\/2026\\\/03\\\/14\\\/aouchiche-lance-un-plan-de-restructuration-le-ffs-prepare-ses-troupes-pour-les-prochaines-elections\\\/#breadcrumb\",\"itemListElement\":[{\"@type\":\"ListItem\",\"position\":1,\"name\":\"Accueil\",\"item\":\"https:\\\/\\\/lasentinelle.dz\\\/\"},{\"@type\":\"ListItem\",\"position\":2,\"name\":\"Aouchiche lance un plan de restructuration\u00a0: Le FFS pr\u00e9pare ses troupes pour les prochaines \u00e9lections\"}]},{\"@type\":\"WebSite\",\"@id\":\"https:\\\/\\\/lasentinelle.dz\\\/#website\",\"url\":\"https:\\\/\\\/lasentinelle.dz\\\/\",\"name\":\"La Sentinelle\",\"description\":\"Quotidien national d&#039;information\",\"publisher\":{\"@id\":\"https:\\\/\\\/lasentinelle.dz\\\/#organization\"},\"potentialAction\":[{\"@type\":\"SearchAction\",\"target\":{\"@type\":\"EntryPoint\",\"urlTemplate\":\"https:\\\/\\\/lasentinelle.dz\\\/?s={search_term_string}\"},\"query-input\":{\"@type\":\"PropertyValueSpecification\",\"valueRequired\":true,\"valueName\":\"search_term_string\"}}],\"inLanguage\":\"fr-FR\"},{\"@type\":\"Organization\",\"@id\":\"https:\\\/\\\/lasentinelle.dz\\\/#organization\",\"name\":\"Quotidien La Sentinelle\",\"url\":\"https:\\\/\\\/lasentinelle.dz\\\/\",\"logo\":{\"@type\":\"ImageObject\",\"inLanguage\":\"fr-FR\",\"@id\":\"https:\\\/\\\/lasentinelle.dz\\\/#\\\/schema\\\/logo\\\/image\\\/\",\"url\":\"https:\\\/\\\/lasentinelle.dz\\\/wp-content\\\/uploads\\\/2021\\\/09\\\/logo-sentinelleSLOGAN-1.png\",\"contentUrl\":\"https:\\\/\\\/lasentinelle.dz\\\/wp-content\\\/uploads\\\/2021\\\/09\\\/logo-sentinelleSLOGAN-1.png\",\"width\":615,\"height\":142,\"caption\":\"Quotidien La Sentinelle\"},\"image\":{\"@id\":\"https:\\\/\\\/lasentinelle.dz\\\/#\\\/schema\\\/logo\\\/image\\\/\"},\"sameAs\":[\"https:\\\/\\\/www.facebook.com\\\/La-Sentinelle-104059864394773\"]},{\"@type\":\"Person\",\"@id\":\"https:\\\/\\\/lasentinelle.dz\\\/#\\\/schema\\\/person\\\/729ee0024f24e0b8c5ec17232f8e8b41\",\"name\":\"admin\",\"image\":{\"@type\":\"ImageObject\",\"inLanguage\":\"fr-FR\",\"@id\":\"https:\\\/\\\/secure.gravatar.com\\\/avatar\\\/4c81fed838786e9b53f540bf46533e750f5d292099ae3b66cfc6fb1982e29df7?s=96&d=mm&r=g\",\"url\":\"https:\\\/\\\/secure.gravatar.com\\\/avatar\\\/4c81fed838786e9b53f540bf46533e750f5d292099ae3b66cfc6fb1982e29df7?s=96&d=mm&r=g\",\"contentUrl\":\"https:\\\/\\\/secure.gravatar.com\\\/avatar\\\/4c81fed838786e9b53f540bf46533e750f5d292099ae3b66cfc6fb1982e29df7?s=96&d=mm&r=g\",\"caption\":\"admin\"},\"description\":\"admin\",\"url\":\"https:\\\/\\\/lasentinelle.dz\\\/author\\\/admin\\\/\"}]}<\/script>\n<!-- \/ Yoast SEO plugin. -->","yoast_head_json":{"title":"Aouchiche lance un plan de restructuration\u00a0: Le FFS pr\u00e9pare ses troupes pour les prochaines \u00e9lections - La Sentinelle","robots":{"index":"index","follow":"follow","max-snippet":"max-snippet:-1","max-image-preview":"max-image-preview:large","max-video-preview":"max-video-preview:-1"},"canonical":"https:\/\/lasentinelle.dz\/index.php\/2026\/03\/14\/aouchiche-lance-un-plan-de-restructuration-le-ffs-prepare-ses-troupes-pour-les-prochaines-elections\/","og_locale":"fr_FR","og_type":"article","og_title":"Aouchiche lance un plan de restructuration\u00a0: Le FFS pr\u00e9pare ses troupes pour les prochaines \u00e9lections - La Sentinelle","og_description":"Le Front des Forces Socialistes engage sa reconstruction de l&rsquo;int\u00e9rieur. Le Premier Secr\u00e9taire national du parti, Youcef Aouchiche, s&rsquo;est rendu","og_url":"https:\/\/lasentinelle.dz\/index.php\/2026\/03\/14\/aouchiche-lance-un-plan-de-restructuration-le-ffs-prepare-ses-troupes-pour-les-prochaines-elections\/","og_site_name":"La Sentinelle","article_publisher":"https:\/\/www.facebook.com\/La-Sentinelle-104059864394773","article_published_time":"2026-03-14T19:22:21+00:00","article_modified_time":"2026-03-14T19:22:22+00:00","og_image":[{"width":1280,"height":720,"url":"https:\/\/lasentinelle.dz\/wp-content\/uploads\/2026\/03\/Aouchiche.jpg","type":"image\/jpeg"}],"author":"admin","twitter_card":"summary_large_image","twitter_misc":{"\u00c9crit par":"admin","Dur\u00e9e de lecture estim\u00e9e":"3 minutes"},"schema":{"@context":"https:\/\/schema.org","@graph":[{"@type":"Article","@id":"https:\/\/lasentinelle.dz\/index.php\/2026\/03\/14\/aouchiche-lance-un-plan-de-restructuration-le-ffs-prepare-ses-troupes-pour-les-prochaines-elections\/#article","isPartOf":{"@id":"https:\/\/lasentinelle.dz\/index.php\/2026\/03\/14\/aouchiche-lance-un-plan-de-restructuration-le-ffs-prepare-ses-troupes-pour-les-prochaines-elections\/"},"author":{"name":"admin","@id":"https:\/\/lasentinelle.dz\/#\/schema\/person\/729ee0024f24e0b8c5ec17232f8e8b41"},"headline":"Aouchiche lance un plan de restructuration\u00a0: Le FFS pr\u00e9pare ses troupes pour les prochaines \u00e9lections","datePublished":"2026-03-14T19:22:21+00:00","dateModified":"2026-03-14T19:22:22+00:00","mainEntityOfPage":{"@id":"https:\/\/lasentinelle.dz\/index.php\/2026\/03\/14\/aouchiche-lance-un-plan-de-restructuration-le-ffs-prepare-ses-troupes-pour-les-prochaines-elections\/"},"wordCount":521,"commentCount":0,"publisher":{"@id":"https:\/\/lasentinelle.dz\/#organization"},"image":{"@id":"https:\/\/lasentinelle.dz\/index.php\/2026\/03\/14\/aouchiche-lance-un-plan-de-restructuration-le-ffs-prepare-ses-troupes-pour-les-prochaines-elections\/#primaryimage"},"thumbnailUrl":"https:\/\/lasentinelle.dz\/wp-content\/uploads\/2026\/03\/Aouchiche.jpg","articleSection":["Politique"],"inLanguage":"fr-FR","potentialAction":[{"@type":"CommentAction","name":"Comment","target":["https:\/\/lasentinelle.dz\/index.php\/2026\/03\/14\/aouchiche-lance-un-plan-de-restructuration-le-ffs-prepare-ses-troupes-pour-les-prochaines-elections\/#respond"]}]},{"@type":"WebPage","@id":"https:\/\/lasentinelle.dz\/index.php\/2026\/03\/14\/aouchiche-lance-un-plan-de-restructuration-le-ffs-prepare-ses-troupes-pour-les-prochaines-elections\/","url":"https:\/\/lasentinelle.dz\/index.php\/2026\/03\/14\/aouchiche-lance-un-plan-de-restructuration-le-ffs-prepare-ses-troupes-pour-les-prochaines-elections\/","name":"Aouchiche lance un plan de restructuration\u00a0: Le FFS pr\u00e9pare ses troupes pour les prochaines \u00e9lections - La Sentinelle","isPartOf":{"@id":"https:\/\/lasentinelle.dz\/#website"},"primaryImageOfPage":{"@id":"https:\/\/lasentinelle.dz\/index.php\/2026\/03\/14\/aouchiche-lance-un-plan-de-restructuration-le-ffs-prepare-ses-troupes-pour-les-prochaines-elections\/#primaryimage"},"image":{"@id":"https:\/\/lasentinelle.dz\/index.php\/2026\/03\/14\/aouchiche-lance-un-plan-de-restructuration-le-ffs-prepare-ses-troupes-pour-les-prochaines-elections\/#primaryimage"},"thumbnailUrl":"https:\/\/lasentinelle.dz\/wp-content\/uploads\/2026\/03\/Aouchiche.jpg","datePublished":"2026-03-14T19:22:21+00:00","dateModified":"2026-03-14T19:22:22+00:00","breadcrumb":{"@id":"https:\/\/lasentinelle.dz\/index.php\/2026\/03\/14\/aouchiche-lance-un-plan-de-restructuration-le-ffs-prepare-ses-troupes-pour-les-prochaines-elections\/#breadcrumb"},"inLanguage":"fr-FR","potentialAction":[{"@type":"ReadAction","target":["https:\/\/lasentinelle.dz\/index.php\/2026\/03\/14\/aouchiche-lance-un-plan-de-restructuration-le-ffs-prepare-ses-troupes-pour-les-prochaines-elections\/"]}]},{"@type":"ImageObject","inLanguage":"fr-FR","@id":"https:\/\/lasentinelle.dz\/index.php\/2026\/03\/14\/aouchiche-lance-un-plan-de-restructuration-le-ffs-prepare-ses-troupes-pour-les-prochaines-elections\/#primaryimage","url":"https:\/\/lasentinelle.dz\/wp-content\/uploads\/2026\/03\/Aouchiche.jpg","contentUrl":"https:\/\/lasentinelle.dz\/wp-content\/uploads\/2026\/03\/Aouchiche.jpg","width":1280,"height":720},{"@type":"BreadcrumbList","@id":"https:\/\/lasentinelle.dz\/index.php\/2026\/03\/14\/aouchiche-lance-un-plan-de-restructuration-le-ffs-prepare-ses-troupes-pour-les-prochaines-elections\/#breadcrumb","itemListElement":[{"@type":"ListItem","position":1,"name":"Accueil","item":"https:\/\/lasentinelle.dz\/"},{"@type":"ListItem","position":2,"name":"Aouchiche lance un plan de restructuration\u00a0: Le FFS pr\u00e9pare ses troupes pour les prochaines \u00e9lections"}]},{"@type":"WebSite","@id":"https:\/\/lasentinelle.dz\/#website","url":"https:\/\/lasentinelle.dz\/","name":"La Sentinelle","description":"Quotidien national d&#039;information","publisher":{"@id":"https:\/\/lasentinelle.dz\/#organization"},"potentialAction":[{"@type":"SearchAction","target":{"@type":"EntryPoint","urlTemplate":"https:\/\/lasentinelle.dz\/?s={search_term_string}"},"query-input":{"@type":"PropertyValueSpecification","valueRequired":true,"valueName":"search_term_string"}}],"inLanguage":"fr-FR"},{"@type":"Organization","@id":"https:\/\/lasentinelle.dz\/#organization","name":"Quotidien La Sentinelle","url":"https:\/\/lasentinelle.dz\/","logo":{"@type":"ImageObject","inLanguage":"fr-FR","@id":"https:\/\/lasentinelle.dz\/#\/schema\/logo\/image\/","url":"https:\/\/lasentinelle.dz\/wp-content\/uploads\/2021\/09\/logo-sentinelleSLOGAN-1.png","contentUrl":"https:\/\/lasentinelle.dz\/wp-content\/uploads\/2021\/09\/logo-sentinelleSLOGAN-1.png","width":615,"height":142,"caption":"Quotidien La Sentinelle"},"image":{"@id":"https:\/\/lasentinelle.dz\/#\/schema\/logo\/image\/"},"sameAs":["https:\/\/www.facebook.com\/La-Sentinelle-104059864394773"]},{"@type":"Person","@id":"https:\/\/lasentinelle.dz\/#\/schema\/person\/729ee0024f24e0b8c5ec17232f8e8b41","name":"admin","image":{"@type":"ImageObject","inLanguage":"fr-FR","@id":"https:\/\/secure.gravatar.com\/avatar\/4c81fed838786e9b53f540bf46533e750f5d292099ae3b66cfc6fb1982e29df7?s=96&d=mm&r=g","url":"https:\/\/secure.gravatar.com\/avatar\/4c81fed838786e9b53f540bf46533e750f5d292099ae3b66cfc6fb1982e29df7?s=96&d=mm&r=g","contentUrl":"https:\/\/secure.gravatar.com\/avatar\/4c81fed838786e9b53f540bf46533e750f5d292099ae3b66cfc6fb1982e29df7?s=96&d=mm&r=g","caption":"admin"},"description":"admin","url":"https:\/\/lasentinelle.dz\/author\/admin\/"}]}},"_links":{"self":[{"href":"https:\/\/lasentinelle.dz\/index.php\/wp-json\/wp\/v2\/posts\/83516","targetHints":{"allow":["GET"]}}],"collection":[{"href":"https:\/\/lasentinelle.dz\/index.php\/wp-json\/wp\/v2\/posts"}],"about":[{"href":"https:\/\/lasentinelle.dz\/index.php\/wp-json\/wp\/v2\/types\/post"}],"author":[{"embeddable":true,"href":"https:\/\/lasentinelle.dz\/index.php\/wp-json\/wp\/v2\/users\/6"}],"replies":[{"embeddable":true,"href":"https:\/\/lasentinelle.dz\/index.php\/wp-json\/wp\/v2\/comments?post=83516"}],"version-history":[{"count":1,"href":"https:\/\/lasentinelle.dz\/index.php\/wp-json\/wp\/v2\/posts\/83516\/revisions"}],"predecessor-version":[{"id":83517,"href":"https:\/\/lasentinelle.dz\/index.php\/wp-json\/wp\/v2\/posts\/83516\/revisions\/83517"}],"wp:featuredmedia":[{"embeddable":true,"href":"https:\/\/lasentinelle.dz\/index.php\/wp-json\/wp\/v2\/media\/83028"}],"wp:attachment":[{"href":"https:\/\/lasentinelle.dz\/index.php\/wp-json\/wp\/v2\/media?parent=83516"}],"wp:term":[{"taxonomy":"category","embeddable":true,"href":"https:\/\/lasentinelle.dz\/index.php\/wp-json\/wp\/v2\/categories?post=83516"},{"taxonomy":"post_tag","embeddable":true,"href":"https:\/\/lasentinelle.dz\/index.php\/wp-json\/wp\/v2\/tags?post=83516"}],"curies":[{"name":"wp","href":"https:\/\/api.w.org\/{rel}","templated":true}]}}