{"id":83518,"date":"2026-03-14T20:23:06","date_gmt":"2026-03-14T19:23:06","guid":{"rendered":"https:\/\/lasentinelle.dz\/?p=83518"},"modified":"2026-03-14T20:23:07","modified_gmt":"2026-03-14T19:23:07","slug":"lutte-antiterroriste-eradiquer-definitivement-les-residus-des-groupes-terroristes","status":"publish","type":"post","link":"https:\/\/lasentinelle.dz\/index.php\/2026\/03\/14\/lutte-antiterroriste-eradiquer-definitivement-les-residus-des-groupes-terroristes\/","title":{"rendered":"Lutte antiterroriste\u00a0: \u00ab \u00c9radiquer d\u00e9finitivement \u00bb les r\u00e9sidus des groupes terroristes"},"content":{"rendered":"\n<p>Chanegriha r\u00e9affirme \u00e0 T\u00e9bessa la d\u00e9termination de l&rsquo;arm\u00e9e \u00e0 \u00ab \u00e9radiquer d\u00e9finitivement \u00bb les r\u00e9sidus des groupes terroristes<\/p>\n\n\n\n<p>Sept terroristes neutralis\u00e9s, sept pistolets mitrailleurs de type Kalachnikov saisis, des munitions r\u00e9cup\u00e9r\u00e9es : l&rsquo;op\u00e9ration qualitative men\u00e9e par l&rsquo;Arm\u00e9e nationale populaire (ANP) les 12 et 13 mars dans la zone de T\u00e9bessa, \u00e0 la fronti\u00e8re est du pays, illustre la volont\u00e9 des forces arm\u00e9es de ne laisser aucun r\u00e9pit aux derniers groupuscules terroristes encore actifs sur le territoire national. Au lendemain de cette op\u00e9ration, le G\u00e9n\u00e9ral d&rsquo;Arm\u00e9e Sa\u00efd Chanegriha, ministre d\u00e9l\u00e9gu\u00e9 aupr\u00e8s du ministre de la D\u00e9fense nationale et Chef d&rsquo;\u00c9tat-Major de l&rsquo;ANP, s&rsquo;est rendu samedi au Secteur militaire de T\u00e9bessa, relevant de la 5\u1d49 R\u00e9gion militaire, pour inspecter les d\u00e9tachements ayant pris part \u00e0 l&rsquo;engagement et souligner \u00ab la justesse de l&rsquo;approche adopt\u00e9e dans la lutte contre les r\u00e9sidus des groupes terroristes en vue d&rsquo;\u00e9radiquer d\u00e9finitivement ce ph\u00e9nom\u00e8ne de notre pays \u00bb, selon un communiqu\u00e9 du minist\u00e8re de la D\u00e9fense nationale. Accompagn\u00e9 du Commandant de la 5\u1d49 R\u00e9gion militaire, le G\u00e9n\u00e9ral-Major Noureddine Hambli, le Chef d&rsquo;\u00c9tat-Major s&rsquo;est d&rsquo;abord adress\u00e9 aux personnels militaires engag\u00e9s dans l&rsquo;op\u00e9ration. Il \u00ab a pr\u00e9sent\u00e9 ses condol\u00e9ances pour leurs camarades tomb\u00e9s au champ d&rsquo;honneur durant ce mois sacr\u00e9 du Ramadhan \u00bb et \u00ab a salu\u00e9 leur esprit de sacrifice et leur action h\u00e9ro\u00efque d\u00e9montr\u00e9s lors de cette op\u00e9ration, avant de leur transmettre les salutations et les f\u00e9licitations de Monsieur le pr\u00e9sident de la R\u00e9publique, Abdelmadjid Tebboune, Chef supr\u00eame des Forces arm\u00e9es, ministre de la D\u00e9fense nationale \u00bb, pr\u00e9cise le communiqu\u00e9.<\/p>\n\n\n\n<p>Le G\u00e9n\u00e9ral d&rsquo;Arm\u00e9e \u00ab a prodigu\u00e9 un ensemble d&rsquo;orientations, exhortant l&rsquo;ensemble des personnels \u00e0 redoubler d&rsquo;efforts afin de pr\u00e9server la s\u00e9curit\u00e9 du pays et des citoyens et \u00e0 poursuivre la lutte contre les r\u00e9sidus des groupuscules terroristes avec d\u00e9termination et fiert\u00e9 envers ce devoir sacr\u00e9 \u00bb, ajoute la m\u00eame source. Cette prise de position, formul\u00e9e sur le terrain m\u00eame des combats, r\u00e9affirme la doctrine de l&rsquo;\u00e9tat-major : maintenir une pression op\u00e9rationnelle constante sur les poches r\u00e9siduelles de terrorisme, notamment dans les zones frontali\u00e8res de l&rsquo;Est. Le bilan de l&rsquo;op\u00e9ration de T\u00e9bessa \u2014 sept \u00e9l\u00e9ments \u00e9limin\u00e9s et un armement cons\u00e9quent r\u00e9cup\u00e9r\u00e9 en 48 heures \u2014 t\u00e9moigne de la mont\u00e9e en capacit\u00e9 des unit\u00e9s d\u00e9ploy\u00e9es et du renseignement op\u00e9rationnel qui a permis de localiser puis de neutraliser ce groupe. L&rsquo;approche que le G\u00e9n\u00e9ral d&rsquo;Arm\u00e9e Chanegriha qualifie de \u00ab juste \u00bb repose sur la combinaison de moyens humains aguerris et de capacit\u00e9s de surveillance renforc\u00e9es, dans un contexte s\u00e9curitaire r\u00e9gional marqu\u00e9 par l&rsquo;instabilit\u00e9 persistante au Sahel et les risques de porosit\u00e9 aux fronti\u00e8res.<\/p>\n\n\n\n<p>Salim Amokrane<\/p>\n\n\n\n<p><strong>Le Pr\u00e9sident Tebboune rend hommage aux trois martyrs tomb\u00e9s au champ d&rsquo;honneur<\/strong><\/p>\n\n\n\n<p>Le pr\u00e9sident de la R\u00e9publique, Chef supr\u00eame des Forces arm\u00e9es, ministre de la D\u00e9fense nationale, M. Abdelmadjid&nbsp;Tebboune, a pr\u00e9sent\u00e9, vendredi, ses sinc\u00e8res condol\u00e9ances aux familles des trois martyrs, tomb\u00e9s au champ d\u2019honneur dans la 5\u00e8me R\u00e9gion militaire, les assurant de sa profonde compassion. \u00ab\u00a0Le pr\u00e9sident de la R\u00e9publique, M. Abdelmadjid&nbsp;Tebboune, Chef supr\u00eame des Forces arm\u00e9es, ministre de la D\u00e9fense nationale, pr\u00e9sente ses sinc\u00e8res condol\u00e9ances aux familles de nos trois martyrs, tomb\u00e9s au champ d\u2019honneur alors qu&rsquo;ils d\u00e9fendaient vaillamment l&rsquo;Alg\u00e9rie et sa s\u00e9curit\u00e9 contre les r\u00e9sidus des forces du mal et de l&rsquo;obscurantisme terroristes, dans la 5\u00e8me R\u00e9gion militaire\u00a0\u00bb, lit-on dans le message de condol\u00e9ances. \u00ab\u00a0Tout en pr\u00e9sentant nos condol\u00e9ances \u00e0 l&rsquo;ensemble des personnels de l&rsquo;Arm\u00e9e nationale populaire (ANP), nous nous inclinons avec pi\u00e9t\u00e9 \u00e0 la m\u00e9moire de ces martyrs et de leurs \u00e2mes pures, priant Allah Tout-Puissant de les accueillir en Son vaste paradis et de les entourer de Sa sainte mis\u00e9ricorde en ces dix derniers jours du mois sacr\u00e9 de Ramadhan. A Allah nous appartenons et \u00e0 Lui nous retournons. Gloire et \u00e9ternit\u00e9 \u00e0 nos valeureux martyrs\u00a0\u00bb, a ajout\u00e9 le pr\u00e9sident de la R\u00e9publique.<\/p>\n\n\n\n<p>APS<\/p>\n","protected":false},"excerpt":{"rendered":"<p>Chanegriha r\u00e9affirme \u00e0 T\u00e9bessa la d\u00e9termination de l&rsquo;arm\u00e9e \u00e0 \u00ab \u00e9radiquer d\u00e9finitivement \u00bb les r\u00e9sidus des groupes terroristes Sept terroristes<\/p>\n","protected":false},"author":6,"featured_media":83519,"comment_status":"open","ping_status":"closed","sticky":false,"template":"","format":"standard","meta":{"colormag_page_container_layout":"default_layout","colormag_page_sidebar_layout":"default_layout","om_disable_all_campaigns":false,"_monsterinsights_skip_tracking":false,"_monsterinsights_sitenote_active":false,"_monsterinsights_sitenote_note":"","_monsterinsights_sitenote_category":0,"footnotes":"","_wpscppro_dont_share_socialmedia":false,"_wpscppro_custom_social_share_image":0,"_facebook_share_type":"default","_twitter_share_type":"default","_linkedin_share_type":"default","_pinterest_share_type":"default","_linkedin_share_type_page":"","_instagram_share_type":"default","_medium_share_type":"default","_threads_share_type":"default","_google_business_share_type":"default","_selected_social_profile":[],"_wpsp_enable_custom_social_template":false,"_wpsp_social_scheduling":{"enabled":false,"datetime":null,"platforms":[],"status":"template_only","dateOption":"today","timeOption":"now","customDays":"","customHours":"","customDate":"","customTime":"","schedulingType":"absolute"},"_wpsp_active_default_template":true},"categories":[52,27],"tags":[],"class_list":["post-83518","post","type-post","status-publish","format-standard","has-post-thumbnail","hentry","category-a-la-une","category-actualite"],"aioseo_notices":[],"yoast_head":"<!-- This site is optimized with the Yoast SEO plugin v27.5 - https:\/\/yoast.com\/product\/yoast-seo-wordpress\/ -->\n<title>Lutte antiterroriste\u00a0: \u00ab \u00c9radiquer d\u00e9finitivement \u00bb les r\u00e9sidus des groupes terroristes - La Sentinelle<\/title>\n<meta name=\"robots\" content=\"index, follow, max-snippet:-1, max-image-preview:large, max-video-preview:-1\" \/>\n<link rel=\"canonical\" href=\"https:\/\/lasentinelle.dz\/index.php\/2026\/03\/14\/lutte-antiterroriste-eradiquer-definitivement-les-residus-des-groupes-terroristes\/\" \/>\n<meta property=\"og:locale\" content=\"fr_FR\" \/>\n<meta property=\"og:type\" content=\"article\" \/>\n<meta property=\"og:title\" content=\"Lutte antiterroriste\u00a0: \u00ab \u00c9radiquer d\u00e9finitivement \u00bb les r\u00e9sidus des groupes terroristes - La Sentinelle\" \/>\n<meta property=\"og:description\" content=\"Chanegriha r\u00e9affirme \u00e0 T\u00e9bessa la d\u00e9termination de l&rsquo;arm\u00e9e \u00e0 \u00ab \u00e9radiquer d\u00e9finitivement \u00bb les r\u00e9sidus des groupes terroristes Sept terroristes\" \/>\n<meta property=\"og:url\" content=\"https:\/\/lasentinelle.dz\/index.php\/2026\/03\/14\/lutte-antiterroriste-eradiquer-definitivement-les-residus-des-groupes-terroristes\/\" \/>\n<meta property=\"og:site_name\" content=\"La Sentinelle\" \/>\n<meta property=\"article:publisher\" content=\"https:\/\/www.facebook.com\/La-Sentinelle-104059864394773\" \/>\n<meta property=\"article:published_time\" content=\"2026-03-14T19:23:06+00:00\" \/>\n<meta property=\"article:modified_time\" content=\"2026-03-14T19:23:07+00:00\" \/>\n<meta property=\"og:image\" content=\"https:\/\/lasentinelle.dz\/wp-content\/uploads\/2026\/03\/Chane-1.jpg\" \/>\n\t<meta property=\"og:image:width\" content=\"799\" \/>\n\t<meta property=\"og:image:height\" content=\"533\" \/>\n\t<meta property=\"og:image:type\" content=\"image\/jpeg\" \/>\n<meta name=\"author\" content=\"admin\" \/>\n<meta name=\"twitter:card\" content=\"summary_large_image\" \/>\n<meta name=\"twitter:label1\" content=\"\u00c9crit par\" \/>\n\t<meta name=\"twitter:data1\" content=\"admin\" \/>\n\t<meta name=\"twitter:label2\" content=\"Dur\u00e9e de lecture estim\u00e9e\" \/>\n\t<meta name=\"twitter:data2\" content=\"4 minutes\" \/>\n<script type=\"application\/ld+json\" class=\"yoast-schema-graph\">{\"@context\":\"https:\\\/\\\/schema.org\",\"@graph\":[{\"@type\":\"Article\",\"@id\":\"https:\\\/\\\/lasentinelle.dz\\\/index.php\\\/2026\\\/03\\\/14\\\/lutte-antiterroriste-eradiquer-definitivement-les-residus-des-groupes-terroristes\\\/#article\",\"isPartOf\":{\"@id\":\"https:\\\/\\\/lasentinelle.dz\\\/index.php\\\/2026\\\/03\\\/14\\\/lutte-antiterroriste-eradiquer-definitivement-les-residus-des-groupes-terroristes\\\/\"},\"author\":{\"name\":\"admin\",\"@id\":\"https:\\\/\\\/lasentinelle.dz\\\/#\\\/schema\\\/person\\\/729ee0024f24e0b8c5ec17232f8e8b41\"},\"headline\":\"Lutte antiterroriste\u00a0: \u00ab \u00c9radiquer d\u00e9finitivement \u00bb les r\u00e9sidus des groupes terroristes\",\"datePublished\":\"2026-03-14T19:23:06+00:00\",\"dateModified\":\"2026-03-14T19:23:07+00:00\",\"mainEntityOfPage\":{\"@id\":\"https:\\\/\\\/lasentinelle.dz\\\/index.php\\\/2026\\\/03\\\/14\\\/lutte-antiterroriste-eradiquer-definitivement-les-residus-des-groupes-terroristes\\\/\"},\"wordCount\":766,\"commentCount\":0,\"publisher\":{\"@id\":\"https:\\\/\\\/lasentinelle.dz\\\/#organization\"},\"image\":{\"@id\":\"https:\\\/\\\/lasentinelle.dz\\\/index.php\\\/2026\\\/03\\\/14\\\/lutte-antiterroriste-eradiquer-definitivement-les-residus-des-groupes-terroristes\\\/#primaryimage\"},\"thumbnailUrl\":\"https:\\\/\\\/lasentinelle.dz\\\/wp-content\\\/uploads\\\/2026\\\/03\\\/Chane-1.jpg\",\"articleSection\":[\"\u00c0 la Une\",\"Actualit\u00e9\"],\"inLanguage\":\"fr-FR\",\"potentialAction\":[{\"@type\":\"CommentAction\",\"name\":\"Comment\",\"target\":[\"https:\\\/\\\/lasentinelle.dz\\\/index.php\\\/2026\\\/03\\\/14\\\/lutte-antiterroriste-eradiquer-definitivement-les-residus-des-groupes-terroristes\\\/#respond\"]}]},{\"@type\":\"WebPage\",\"@id\":\"https:\\\/\\\/lasentinelle.dz\\\/index.php\\\/2026\\\/03\\\/14\\\/lutte-antiterroriste-eradiquer-definitivement-les-residus-des-groupes-terroristes\\\/\",\"url\":\"https:\\\/\\\/lasentinelle.dz\\\/index.php\\\/2026\\\/03\\\/14\\\/lutte-antiterroriste-eradiquer-definitivement-les-residus-des-groupes-terroristes\\\/\",\"name\":\"Lutte antiterroriste\u00a0: \u00ab \u00c9radiquer d\u00e9finitivement \u00bb les r\u00e9sidus des groupes terroristes - La Sentinelle\",\"isPartOf\":{\"@id\":\"https:\\\/\\\/lasentinelle.dz\\\/#website\"},\"primaryImageOfPage\":{\"@id\":\"https:\\\/\\\/lasentinelle.dz\\\/index.php\\\/2026\\\/03\\\/14\\\/lutte-antiterroriste-eradiquer-definitivement-les-residus-des-groupes-terroristes\\\/#primaryimage\"},\"image\":{\"@id\":\"https:\\\/\\\/lasentinelle.dz\\\/index.php\\\/2026\\\/03\\\/14\\\/lutte-antiterroriste-eradiquer-definitivement-les-residus-des-groupes-terroristes\\\/#primaryimage\"},\"thumbnailUrl\":\"https:\\\/\\\/lasentinelle.dz\\\/wp-content\\\/uploads\\\/2026\\\/03\\\/Chane-1.jpg\",\"datePublished\":\"2026-03-14T19:23:06+00:00\",\"dateModified\":\"2026-03-14T19:23:07+00:00\",\"breadcrumb\":{\"@id\":\"https:\\\/\\\/lasentinelle.dz\\\/index.php\\\/2026\\\/03\\\/14\\\/lutte-antiterroriste-eradiquer-definitivement-les-residus-des-groupes-terroristes\\\/#breadcrumb\"},\"inLanguage\":\"fr-FR\",\"potentialAction\":[{\"@type\":\"ReadAction\",\"target\":[\"https:\\\/\\\/lasentinelle.dz\\\/index.php\\\/2026\\\/03\\\/14\\\/lutte-antiterroriste-eradiquer-definitivement-les-residus-des-groupes-terroristes\\\/\"]}]},{\"@type\":\"ImageObject\",\"inLanguage\":\"fr-FR\",\"@id\":\"https:\\\/\\\/lasentinelle.dz\\\/index.php\\\/2026\\\/03\\\/14\\\/lutte-antiterroriste-eradiquer-definitivement-les-residus-des-groupes-terroristes\\\/#primaryimage\",\"url\":\"https:\\\/\\\/lasentinelle.dz\\\/wp-content\\\/uploads\\\/2026\\\/03\\\/Chane-1.jpg\",\"contentUrl\":\"https:\\\/\\\/lasentinelle.dz\\\/wp-content\\\/uploads\\\/2026\\\/03\\\/Chane-1.jpg\",\"width\":799,\"height\":533},{\"@type\":\"BreadcrumbList\",\"@id\":\"https:\\\/\\\/lasentinelle.dz\\\/index.php\\\/2026\\\/03\\\/14\\\/lutte-antiterroriste-eradiquer-definitivement-les-residus-des-groupes-terroristes\\\/#breadcrumb\",\"itemListElement\":[{\"@type\":\"ListItem\",\"position\":1,\"name\":\"Accueil\",\"item\":\"https:\\\/\\\/lasentinelle.dz\\\/\"},{\"@type\":\"ListItem\",\"position\":2,\"name\":\"Lutte antiterroriste\u00a0: \u00ab \u00c9radiquer d\u00e9finitivement \u00bb les r\u00e9sidus des groupes terroristes\"}]},{\"@type\":\"WebSite\",\"@id\":\"https:\\\/\\\/lasentinelle.dz\\\/#website\",\"url\":\"https:\\\/\\\/lasentinelle.dz\\\/\",\"name\":\"La Sentinelle\",\"description\":\"Quotidien national d&#039;information\",\"publisher\":{\"@id\":\"https:\\\/\\\/lasentinelle.dz\\\/#organization\"},\"potentialAction\":[{\"@type\":\"SearchAction\",\"target\":{\"@type\":\"EntryPoint\",\"urlTemplate\":\"https:\\\/\\\/lasentinelle.dz\\\/?s={search_term_string}\"},\"query-input\":{\"@type\":\"PropertyValueSpecification\",\"valueRequired\":true,\"valueName\":\"search_term_string\"}}],\"inLanguage\":\"fr-FR\"},{\"@type\":\"Organization\",\"@id\":\"https:\\\/\\\/lasentinelle.dz\\\/#organization\",\"name\":\"Quotidien La Sentinelle\",\"url\":\"https:\\\/\\\/lasentinelle.dz\\\/\",\"logo\":{\"@type\":\"ImageObject\",\"inLanguage\":\"fr-FR\",\"@id\":\"https:\\\/\\\/lasentinelle.dz\\\/#\\\/schema\\\/logo\\\/image\\\/\",\"url\":\"https:\\\/\\\/lasentinelle.dz\\\/wp-content\\\/uploads\\\/2021\\\/09\\\/logo-sentinelleSLOGAN-1.png\",\"contentUrl\":\"https:\\\/\\\/lasentinelle.dz\\\/wp-content\\\/uploads\\\/2021\\\/09\\\/logo-sentinelleSLOGAN-1.png\",\"width\":615,\"height\":142,\"caption\":\"Quotidien La Sentinelle\"},\"image\":{\"@id\":\"https:\\\/\\\/lasentinelle.dz\\\/#\\\/schema\\\/logo\\\/image\\\/\"},\"sameAs\":[\"https:\\\/\\\/www.facebook.com\\\/La-Sentinelle-104059864394773\"]},{\"@type\":\"Person\",\"@id\":\"https:\\\/\\\/lasentinelle.dz\\\/#\\\/schema\\\/person\\\/729ee0024f24e0b8c5ec17232f8e8b41\",\"name\":\"admin\",\"image\":{\"@type\":\"ImageObject\",\"inLanguage\":\"fr-FR\",\"@id\":\"https:\\\/\\\/secure.gravatar.com\\\/avatar\\\/4c81fed838786e9b53f540bf46533e750f5d292099ae3b66cfc6fb1982e29df7?s=96&d=mm&r=g\",\"url\":\"https:\\\/\\\/secure.gravatar.com\\\/avatar\\\/4c81fed838786e9b53f540bf46533e750f5d292099ae3b66cfc6fb1982e29df7?s=96&d=mm&r=g\",\"contentUrl\":\"https:\\\/\\\/secure.gravatar.com\\\/avatar\\\/4c81fed838786e9b53f540bf46533e750f5d292099ae3b66cfc6fb1982e29df7?s=96&d=mm&r=g\",\"caption\":\"admin\"},\"description\":\"admin\",\"url\":\"https:\\\/\\\/lasentinelle.dz\\\/author\\\/admin\\\/\"}]}<\/script>\n<!-- \/ Yoast SEO plugin. -->","yoast_head_json":{"title":"Lutte antiterroriste\u00a0: \u00ab \u00c9radiquer d\u00e9finitivement \u00bb les r\u00e9sidus des groupes terroristes - La Sentinelle","robots":{"index":"index","follow":"follow","max-snippet":"max-snippet:-1","max-image-preview":"max-image-preview:large","max-video-preview":"max-video-preview:-1"},"canonical":"https:\/\/lasentinelle.dz\/index.php\/2026\/03\/14\/lutte-antiterroriste-eradiquer-definitivement-les-residus-des-groupes-terroristes\/","og_locale":"fr_FR","og_type":"article","og_title":"Lutte antiterroriste\u00a0: \u00ab \u00c9radiquer d\u00e9finitivement \u00bb les r\u00e9sidus des groupes terroristes - La Sentinelle","og_description":"Chanegriha r\u00e9affirme \u00e0 T\u00e9bessa la d\u00e9termination de l&rsquo;arm\u00e9e \u00e0 \u00ab \u00e9radiquer d\u00e9finitivement \u00bb les r\u00e9sidus des groupes terroristes Sept terroristes","og_url":"https:\/\/lasentinelle.dz\/index.php\/2026\/03\/14\/lutte-antiterroriste-eradiquer-definitivement-les-residus-des-groupes-terroristes\/","og_site_name":"La Sentinelle","article_publisher":"https:\/\/www.facebook.com\/La-Sentinelle-104059864394773","article_published_time":"2026-03-14T19:23:06+00:00","article_modified_time":"2026-03-14T19:23:07+00:00","og_image":[{"width":799,"height":533,"url":"https:\/\/lasentinelle.dz\/wp-content\/uploads\/2026\/03\/Chane-1.jpg","type":"image\/jpeg"}],"author":"admin","twitter_card":"summary_large_image","twitter_misc":{"\u00c9crit par":"admin","Dur\u00e9e de lecture estim\u00e9e":"4 minutes"},"schema":{"@context":"https:\/\/schema.org","@graph":[{"@type":"Article","@id":"https:\/\/lasentinelle.dz\/index.php\/2026\/03\/14\/lutte-antiterroriste-eradiquer-definitivement-les-residus-des-groupes-terroristes\/#article","isPartOf":{"@id":"https:\/\/lasentinelle.dz\/index.php\/2026\/03\/14\/lutte-antiterroriste-eradiquer-definitivement-les-residus-des-groupes-terroristes\/"},"author":{"name":"admin","@id":"https:\/\/lasentinelle.dz\/#\/schema\/person\/729ee0024f24e0b8c5ec17232f8e8b41"},"headline":"Lutte antiterroriste\u00a0: \u00ab \u00c9radiquer d\u00e9finitivement \u00bb les r\u00e9sidus des groupes terroristes","datePublished":"2026-03-14T19:23:06+00:00","dateModified":"2026-03-14T19:23:07+00:00","mainEntityOfPage":{"@id":"https:\/\/lasentinelle.dz\/index.php\/2026\/03\/14\/lutte-antiterroriste-eradiquer-definitivement-les-residus-des-groupes-terroristes\/"},"wordCount":766,"commentCount":0,"publisher":{"@id":"https:\/\/lasentinelle.dz\/#organization"},"image":{"@id":"https:\/\/lasentinelle.dz\/index.php\/2026\/03\/14\/lutte-antiterroriste-eradiquer-definitivement-les-residus-des-groupes-terroristes\/#primaryimage"},"thumbnailUrl":"https:\/\/lasentinelle.dz\/wp-content\/uploads\/2026\/03\/Chane-1.jpg","articleSection":["\u00c0 la Une","Actualit\u00e9"],"inLanguage":"fr-FR","potentialAction":[{"@type":"CommentAction","name":"Comment","target":["https:\/\/lasentinelle.dz\/index.php\/2026\/03\/14\/lutte-antiterroriste-eradiquer-definitivement-les-residus-des-groupes-terroristes\/#respond"]}]},{"@type":"WebPage","@id":"https:\/\/lasentinelle.dz\/index.php\/2026\/03\/14\/lutte-antiterroriste-eradiquer-definitivement-les-residus-des-groupes-terroristes\/","url":"https:\/\/lasentinelle.dz\/index.php\/2026\/03\/14\/lutte-antiterroriste-eradiquer-definitivement-les-residus-des-groupes-terroristes\/","name":"Lutte antiterroriste\u00a0: \u00ab \u00c9radiquer d\u00e9finitivement \u00bb les r\u00e9sidus des groupes terroristes - La Sentinelle","isPartOf":{"@id":"https:\/\/lasentinelle.dz\/#website"},"primaryImageOfPage":{"@id":"https:\/\/lasentinelle.dz\/index.php\/2026\/03\/14\/lutte-antiterroriste-eradiquer-definitivement-les-residus-des-groupes-terroristes\/#primaryimage"},"image":{"@id":"https:\/\/lasentinelle.dz\/index.php\/2026\/03\/14\/lutte-antiterroriste-eradiquer-definitivement-les-residus-des-groupes-terroristes\/#primaryimage"},"thumbnailUrl":"https:\/\/lasentinelle.dz\/wp-content\/uploads\/2026\/03\/Chane-1.jpg","datePublished":"2026-03-14T19:23:06+00:00","dateModified":"2026-03-14T19:23:07+00:00","breadcrumb":{"@id":"https:\/\/lasentinelle.dz\/index.php\/2026\/03\/14\/lutte-antiterroriste-eradiquer-definitivement-les-residus-des-groupes-terroristes\/#breadcrumb"},"inLanguage":"fr-FR","potentialAction":[{"@type":"ReadAction","target":["https:\/\/lasentinelle.dz\/index.php\/2026\/03\/14\/lutte-antiterroriste-eradiquer-definitivement-les-residus-des-groupes-terroristes\/"]}]},{"@type":"ImageObject","inLanguage":"fr-FR","@id":"https:\/\/lasentinelle.dz\/index.php\/2026\/03\/14\/lutte-antiterroriste-eradiquer-definitivement-les-residus-des-groupes-terroristes\/#primaryimage","url":"https:\/\/lasentinelle.dz\/wp-content\/uploads\/2026\/03\/Chane-1.jpg","contentUrl":"https:\/\/lasentinelle.dz\/wp-content\/uploads\/2026\/03\/Chane-1.jpg","width":799,"height":533},{"@type":"BreadcrumbList","@id":"https:\/\/lasentinelle.dz\/index.php\/2026\/03\/14\/lutte-antiterroriste-eradiquer-definitivement-les-residus-des-groupes-terroristes\/#breadcrumb","itemListElement":[{"@type":"ListItem","position":1,"name":"Accueil","item":"https:\/\/lasentinelle.dz\/"},{"@type":"ListItem","position":2,"name":"Lutte antiterroriste\u00a0: \u00ab \u00c9radiquer d\u00e9finitivement \u00bb les r\u00e9sidus des groupes terroristes"}]},{"@type":"WebSite","@id":"https:\/\/lasentinelle.dz\/#website","url":"https:\/\/lasentinelle.dz\/","name":"La Sentinelle","description":"Quotidien national d&#039;information","publisher":{"@id":"https:\/\/lasentinelle.dz\/#organization"},"potentialAction":[{"@type":"SearchAction","target":{"@type":"EntryPoint","urlTemplate":"https:\/\/lasentinelle.dz\/?s={search_term_string}"},"query-input":{"@type":"PropertyValueSpecification","valueRequired":true,"valueName":"search_term_string"}}],"inLanguage":"fr-FR"},{"@type":"Organization","@id":"https:\/\/lasentinelle.dz\/#organization","name":"Quotidien La Sentinelle","url":"https:\/\/lasentinelle.dz\/","logo":{"@type":"ImageObject","inLanguage":"fr-FR","@id":"https:\/\/lasentinelle.dz\/#\/schema\/logo\/image\/","url":"https:\/\/lasentinelle.dz\/wp-content\/uploads\/2021\/09\/logo-sentinelleSLOGAN-1.png","contentUrl":"https:\/\/lasentinelle.dz\/wp-content\/uploads\/2021\/09\/logo-sentinelleSLOGAN-1.png","width":615,"height":142,"caption":"Quotidien La Sentinelle"},"image":{"@id":"https:\/\/lasentinelle.dz\/#\/schema\/logo\/image\/"},"sameAs":["https:\/\/www.facebook.com\/La-Sentinelle-104059864394773"]},{"@type":"Person","@id":"https:\/\/lasentinelle.dz\/#\/schema\/person\/729ee0024f24e0b8c5ec17232f8e8b41","name":"admin","image":{"@type":"ImageObject","inLanguage":"fr-FR","@id":"https:\/\/secure.gravatar.com\/avatar\/4c81fed838786e9b53f540bf46533e750f5d292099ae3b66cfc6fb1982e29df7?s=96&d=mm&r=g","url":"https:\/\/secure.gravatar.com\/avatar\/4c81fed838786e9b53f540bf46533e750f5d292099ae3b66cfc6fb1982e29df7?s=96&d=mm&r=g","contentUrl":"https:\/\/secure.gravatar.com\/avatar\/4c81fed838786e9b53f540bf46533e750f5d292099ae3b66cfc6fb1982e29df7?s=96&d=mm&r=g","caption":"admin"},"description":"admin","url":"https:\/\/lasentinelle.dz\/author\/admin\/"}]}},"_links":{"self":[{"href":"https:\/\/lasentinelle.dz\/index.php\/wp-json\/wp\/v2\/posts\/83518","targetHints":{"allow":["GET"]}}],"collection":[{"href":"https:\/\/lasentinelle.dz\/index.php\/wp-json\/wp\/v2\/posts"}],"about":[{"href":"https:\/\/lasentinelle.dz\/index.php\/wp-json\/wp\/v2\/types\/post"}],"author":[{"embeddable":true,"href":"https:\/\/lasentinelle.dz\/index.php\/wp-json\/wp\/v2\/users\/6"}],"replies":[{"embeddable":true,"href":"https:\/\/lasentinelle.dz\/index.php\/wp-json\/wp\/v2\/comments?post=83518"}],"version-history":[{"count":1,"href":"https:\/\/lasentinelle.dz\/index.php\/wp-json\/wp\/v2\/posts\/83518\/revisions"}],"predecessor-version":[{"id":83520,"href":"https:\/\/lasentinelle.dz\/index.php\/wp-json\/wp\/v2\/posts\/83518\/revisions\/83520"}],"wp:featuredmedia":[{"embeddable":true,"href":"https:\/\/lasentinelle.dz\/index.php\/wp-json\/wp\/v2\/media\/83519"}],"wp:attachment":[{"href":"https:\/\/lasentinelle.dz\/index.php\/wp-json\/wp\/v2\/media?parent=83518"}],"wp:term":[{"taxonomy":"category","embeddable":true,"href":"https:\/\/lasentinelle.dz\/index.php\/wp-json\/wp\/v2\/categories?post=83518"},{"taxonomy":"post_tag","embeddable":true,"href":"https:\/\/lasentinelle.dz\/index.php\/wp-json\/wp\/v2\/tags?post=83518"}],"curies":[{"name":"wp","href":"https:\/\/api.w.org\/{rel}","templated":true}]}}