{"id":83521,"date":"2026-03-14T20:24:42","date_gmt":"2026-03-14T19:24:42","guid":{"rendered":"https:\/\/lasentinelle.dz\/?p=83521"},"modified":"2026-03-14T20:24:44","modified_gmt":"2026-03-14T19:24:44","slug":"ecosysteme-des-start-up-le-comite-national-de-labellisation-renouvele-pour-plus-de-rigueur-et-de-transparence","status":"publish","type":"post","link":"https:\/\/lasentinelle.dz\/index.php\/2026\/03\/14\/ecosysteme-des-start-up-le-comite-national-de-labellisation-renouvele-pour-plus-de-rigueur-et-de-transparence\/","title":{"rendered":"\u00c9cosyst\u00e8me des start-up\u00a0: Le Comit\u00e9 national de labellisation renouvel\u00e9 pour plus de rigueur et de transparence"},"content":{"rendered":"\n<p>Le ministre de l&rsquo;\u00c9conomie de la connaissance, des Start-up et des Micro-entreprises, Noureddine Ouadah, a pr\u00e9sid\u00e9 samedi \u00e0 Alger la c\u00e9r\u00e9monie d&rsquo;installation de la nouvelle composition du Comit\u00e9 national de labellisation, l&rsquo;instance charg\u00e9e d&rsquo;attribuer les labels \u00ab projet innovant \u00bb, \u00ab start-up \u00bb, \u00ab incubateur \u00bb et \u00ab acc\u00e9l\u00e9rateur \u00bb. Un renouvellement pr\u00e9sent\u00e9 comme une \u00e9tape cl\u00e9 dans la consolidation de la gouvernance de l&rsquo;\u00e9cosyst\u00e8me entrepreneurial alg\u00e9rien. Institu\u00e9 dans le sillage de la loi sur les start-up adopt\u00e9e en 2020, le Comit\u00e9 national de labellisation occupe une place centrale dans l&rsquo;architecture du dispositif alg\u00e9rien de soutien \u00e0 l&rsquo;innovation et \u00e0 l&rsquo;entrepreneuriat. C&rsquo;est lui qui examine l&rsquo;ensemble des demandes de labellisation d\u00e9pos\u00e9es par les porteurs de projets, les jeunes entreprises technologiques, les structures d&rsquo;accompagnement et les programmes d&rsquo;acc\u00e9l\u00e9ration. Sans son aval, aucune entit\u00e9 ne peut pr\u00e9tendre aux avantages consid\u00e9rables attach\u00e9s aux labels qu&rsquo;il d\u00e9livre : exon\u00e9rations fiscales, acc\u00e8s au financement public, facilit\u00e9s d&rsquo;importation de mat\u00e9riel technologique et accompagnement institutionnel. Le communiqu\u00e9 du minist\u00e8re le d\u00e9finit d&rsquo;ailleurs comme \u00ab le c\u0153ur battant de l&rsquo;\u00e9cosyst\u00e8me des start-up en Alg\u00e9rie, \u00e0 travers l&rsquo;examen de toutes les demandes de labellisation dans ses quatre cat\u00e9gories, ainsi que l&rsquo;\u00e9valuation des besoins li\u00e9s au lancement, \u00e0 l&rsquo;expansion et aux programmes d&rsquo;importation \u00bb.<\/p>\n\n\n\n<p>Le renouvellement de sa composition intervient dans un contexte o\u00f9 l&rsquo;\u00e9cosyst\u00e8me entrepreneurial alg\u00e9rien a connu une mont\u00e9e en puissance significative depuis le lancement du programme national des start-up. En quelques ann\u00e9es, le nombre de start-up labellis\u00e9es a progress\u00e9 de mani\u00e8re soutenue, et les structures d&rsquo;incubation et d&rsquo;acc\u00e9l\u00e9ration se sont multipli\u00e9es \u00e0 travers le territoire national. Cette dynamique, port\u00e9e par une jeunesse alg\u00e9rienne de plus en plus tourn\u00e9e vers la cr\u00e9ation d&rsquo;entreprises technologiques, a mis sous pression un comit\u00e9 dont les proc\u00e9dures et la composition devaient \u00e9voluer pour r\u00e9pondre \u00e0 la demande croissante et aux exigences d&rsquo;une \u00e9valuation toujours plus rigoureuse.<\/p>\n\n\n\n<p>C&rsquo;est pr\u00e9cis\u00e9ment dans cet esprit que s&rsquo;inscrit ce renouvellement. Selon le communiqu\u00e9 minist\u00e9riel, il vise le \u00ab renforcement de l&rsquo;efficacit\u00e9 du travail du Comit\u00e9 et l&rsquo;ancrage des principes de transparence et de bonne gouvernance dans le processus de labellisation, afin de garantir une \u00e9valuation objective et rigoureuse des projets et initiatives \u00bb. Plusieurs nouveaux membres, repr\u00e9sentants de diff\u00e9rents secteurs minist\u00e9riels et experts nationaux, ont rejoint l&rsquo;instance lors de la c\u00e9r\u00e9monie d&rsquo;installation. Chamseddine Bamoussat, repr\u00e9sentant du ministre charg\u00e9 des start-up, a \u00e9t\u00e9 d\u00e9sign\u00e9 nouveau pr\u00e9sident du Comit\u00e9, prenant ainsi la t\u00eate d&rsquo;une structure dont les d\u00e9cisions conditionnent directement l&rsquo;acc\u00e8s de milliers de porteurs de projets aux m\u00e9canismes de soutien de l&rsquo;\u00c9tat.<\/p>\n\n\n\n<p>Les enjeux de cette r\u00e9forme de gouvernance d\u00e9passent le cadre purement administratif. La labellisation est en effet la porte d&rsquo;entr\u00e9e obligatoire vers un \u00e9cosyst\u00e8me de financement et d&rsquo;accompagnement que l&rsquo;\u00c9tat a consid\u00e9rablement \u00e9toff\u00e9 ces derni\u00e8res ann\u00e9es. Le Fonds national pour le financement des start-up, la Caisse de garantie des cr\u00e9dits \u00e0 l&rsquo;investissement et les diff\u00e9rents dispositifs d&rsquo;aide \u00e0 l&rsquo;innovation sont autant de leviers auxquels seules les entit\u00e9s labellis\u00e9es peuvent acc\u00e9der. La transparence et la rigueur du processus d&rsquo;\u00e9valuation constituent donc une condition sine qua non de la cr\u00e9dibilit\u00e9 de l&rsquo;ensemble du syst\u00e8me.<\/p>\n\n\n\n<p><strong>Malik Meziane<\/strong><\/p>\n","protected":false},"excerpt":{"rendered":"<p>Le ministre de l&rsquo;\u00c9conomie de la connaissance, des Start-up et des Micro-entreprises, Noureddine Ouadah, a pr\u00e9sid\u00e9 samedi \u00e0 Alger la<\/p>\n","protected":false},"author":6,"featured_media":83522,"comment_status":"open","ping_status":"closed","sticky":false,"template":"","format":"standard","meta":{"colormag_page_container_layout":"default_layout","colormag_page_sidebar_layout":"default_layout","om_disable_all_campaigns":false,"_monsterinsights_skip_tracking":false,"_monsterinsights_sitenote_active":false,"_monsterinsights_sitenote_note":"","_monsterinsights_sitenote_category":0,"footnotes":"","_wpscppro_dont_share_socialmedia":false,"_wpscppro_custom_social_share_image":0,"_facebook_share_type":"default","_twitter_share_type":"default","_linkedin_share_type":"default","_pinterest_share_type":"default","_linkedin_share_type_page":"","_instagram_share_type":"default","_medium_share_type":"default","_threads_share_type":"default","_google_business_share_type":"default","_selected_social_profile":[],"_wpsp_enable_custom_social_template":false,"_wpsp_social_scheduling":{"enabled":false,"datetime":null,"platforms":[],"status":"template_only","dateOption":"today","timeOption":"now","customDays":"","customHours":"","customDate":"","customTime":"","schedulingType":"absolute"},"_wpsp_active_default_template":true},"categories":[29],"tags":[],"class_list":["post-83521","post","type-post","status-publish","format-standard","has-post-thumbnail","hentry","category-economie"],"aioseo_notices":[],"yoast_head":"<!-- This site is optimized with the Yoast SEO plugin v27.5 - https:\/\/yoast.com\/product\/yoast-seo-wordpress\/ -->\n<title>\u00c9cosyst\u00e8me des start-up\u00a0: Le Comit\u00e9 national de labellisation renouvel\u00e9 pour plus de rigueur et de transparence - La Sentinelle<\/title>\n<meta name=\"robots\" content=\"index, follow, max-snippet:-1, max-image-preview:large, max-video-preview:-1\" \/>\n<link rel=\"canonical\" href=\"https:\/\/lasentinelle.dz\/index.php\/2026\/03\/14\/ecosysteme-des-start-up-le-comite-national-de-labellisation-renouvele-pour-plus-de-rigueur-et-de-transparence\/\" \/>\n<meta property=\"og:locale\" content=\"fr_FR\" \/>\n<meta property=\"og:type\" content=\"article\" \/>\n<meta property=\"og:title\" content=\"\u00c9cosyst\u00e8me des start-up\u00a0: Le Comit\u00e9 national de labellisation renouvel\u00e9 pour plus de rigueur et de transparence - La Sentinelle\" \/>\n<meta property=\"og:description\" content=\"Le ministre de l&rsquo;\u00c9conomie de la connaissance, des Start-up et des Micro-entreprises, Noureddine Ouadah, a pr\u00e9sid\u00e9 samedi \u00e0 Alger la\" \/>\n<meta property=\"og:url\" content=\"https:\/\/lasentinelle.dz\/index.php\/2026\/03\/14\/ecosysteme-des-start-up-le-comite-national-de-labellisation-renouvele-pour-plus-de-rigueur-et-de-transparence\/\" \/>\n<meta property=\"og:site_name\" content=\"La Sentinelle\" \/>\n<meta property=\"article:publisher\" content=\"https:\/\/www.facebook.com\/La-Sentinelle-104059864394773\" \/>\n<meta property=\"article:published_time\" content=\"2026-03-14T19:24:42+00:00\" \/>\n<meta property=\"article:modified_time\" content=\"2026-03-14T19:24:44+00:00\" \/>\n<meta property=\"og:image\" content=\"https:\/\/lasentinelle.dz\/wp-content\/uploads\/2026\/03\/gvhgdf-xugtdfsx-u.webp\" \/>\n\t<meta property=\"og:image:width\" content=\"1400\" \/>\n\t<meta property=\"og:image:height\" content=\"1050\" \/>\n\t<meta property=\"og:image:type\" content=\"image\/webp\" \/>\n<meta name=\"author\" content=\"admin\" \/>\n<meta name=\"twitter:card\" content=\"summary_large_image\" \/>\n<meta name=\"twitter:label1\" content=\"\u00c9crit par\" \/>\n\t<meta name=\"twitter:data1\" content=\"admin\" \/>\n\t<meta name=\"twitter:label2\" content=\"Dur\u00e9e de lecture estim\u00e9e\" \/>\n\t<meta name=\"twitter:data2\" content=\"3 minutes\" \/>\n<script type=\"application\/ld+json\" class=\"yoast-schema-graph\">{\"@context\":\"https:\\\/\\\/schema.org\",\"@graph\":[{\"@type\":\"Article\",\"@id\":\"https:\\\/\\\/lasentinelle.dz\\\/index.php\\\/2026\\\/03\\\/14\\\/ecosysteme-des-start-up-le-comite-national-de-labellisation-renouvele-pour-plus-de-rigueur-et-de-transparence\\\/#article\",\"isPartOf\":{\"@id\":\"https:\\\/\\\/lasentinelle.dz\\\/index.php\\\/2026\\\/03\\\/14\\\/ecosysteme-des-start-up-le-comite-national-de-labellisation-renouvele-pour-plus-de-rigueur-et-de-transparence\\\/\"},\"author\":{\"name\":\"admin\",\"@id\":\"https:\\\/\\\/lasentinelle.dz\\\/#\\\/schema\\\/person\\\/729ee0024f24e0b8c5ec17232f8e8b41\"},\"headline\":\"\u00c9cosyst\u00e8me des start-up\u00a0: Le Comit\u00e9 national de labellisation renouvel\u00e9 pour plus de rigueur et de transparence\",\"datePublished\":\"2026-03-14T19:24:42+00:00\",\"dateModified\":\"2026-03-14T19:24:44+00:00\",\"mainEntityOfPage\":{\"@id\":\"https:\\\/\\\/lasentinelle.dz\\\/index.php\\\/2026\\\/03\\\/14\\\/ecosysteme-des-start-up-le-comite-national-de-labellisation-renouvele-pour-plus-de-rigueur-et-de-transparence\\\/\"},\"wordCount\":618,\"commentCount\":0,\"publisher\":{\"@id\":\"https:\\\/\\\/lasentinelle.dz\\\/#organization\"},\"image\":{\"@id\":\"https:\\\/\\\/lasentinelle.dz\\\/index.php\\\/2026\\\/03\\\/14\\\/ecosysteme-des-start-up-le-comite-national-de-labellisation-renouvele-pour-plus-de-rigueur-et-de-transparence\\\/#primaryimage\"},\"thumbnailUrl\":\"https:\\\/\\\/lasentinelle.dz\\\/wp-content\\\/uploads\\\/2026\\\/03\\\/gvhgdf-xugtdfsx-u.webp\",\"articleSection\":[\"\u00c9conomie\"],\"inLanguage\":\"fr-FR\",\"potentialAction\":[{\"@type\":\"CommentAction\",\"name\":\"Comment\",\"target\":[\"https:\\\/\\\/lasentinelle.dz\\\/index.php\\\/2026\\\/03\\\/14\\\/ecosysteme-des-start-up-le-comite-national-de-labellisation-renouvele-pour-plus-de-rigueur-et-de-transparence\\\/#respond\"]}]},{\"@type\":\"WebPage\",\"@id\":\"https:\\\/\\\/lasentinelle.dz\\\/index.php\\\/2026\\\/03\\\/14\\\/ecosysteme-des-start-up-le-comite-national-de-labellisation-renouvele-pour-plus-de-rigueur-et-de-transparence\\\/\",\"url\":\"https:\\\/\\\/lasentinelle.dz\\\/index.php\\\/2026\\\/03\\\/14\\\/ecosysteme-des-start-up-le-comite-national-de-labellisation-renouvele-pour-plus-de-rigueur-et-de-transparence\\\/\",\"name\":\"\u00c9cosyst\u00e8me des start-up\u00a0: Le Comit\u00e9 national de labellisation renouvel\u00e9 pour plus de rigueur et de transparence - La Sentinelle\",\"isPartOf\":{\"@id\":\"https:\\\/\\\/lasentinelle.dz\\\/#website\"},\"primaryImageOfPage\":{\"@id\":\"https:\\\/\\\/lasentinelle.dz\\\/index.php\\\/2026\\\/03\\\/14\\\/ecosysteme-des-start-up-le-comite-national-de-labellisation-renouvele-pour-plus-de-rigueur-et-de-transparence\\\/#primaryimage\"},\"image\":{\"@id\":\"https:\\\/\\\/lasentinelle.dz\\\/index.php\\\/2026\\\/03\\\/14\\\/ecosysteme-des-start-up-le-comite-national-de-labellisation-renouvele-pour-plus-de-rigueur-et-de-transparence\\\/#primaryimage\"},\"thumbnailUrl\":\"https:\\\/\\\/lasentinelle.dz\\\/wp-content\\\/uploads\\\/2026\\\/03\\\/gvhgdf-xugtdfsx-u.webp\",\"datePublished\":\"2026-03-14T19:24:42+00:00\",\"dateModified\":\"2026-03-14T19:24:44+00:00\",\"breadcrumb\":{\"@id\":\"https:\\\/\\\/lasentinelle.dz\\\/index.php\\\/2026\\\/03\\\/14\\\/ecosysteme-des-start-up-le-comite-national-de-labellisation-renouvele-pour-plus-de-rigueur-et-de-transparence\\\/#breadcrumb\"},\"inLanguage\":\"fr-FR\",\"potentialAction\":[{\"@type\":\"ReadAction\",\"target\":[\"https:\\\/\\\/lasentinelle.dz\\\/index.php\\\/2026\\\/03\\\/14\\\/ecosysteme-des-start-up-le-comite-national-de-labellisation-renouvele-pour-plus-de-rigueur-et-de-transparence\\\/\"]}]},{\"@type\":\"ImageObject\",\"inLanguage\":\"fr-FR\",\"@id\":\"https:\\\/\\\/lasentinelle.dz\\\/index.php\\\/2026\\\/03\\\/14\\\/ecosysteme-des-start-up-le-comite-national-de-labellisation-renouvele-pour-plus-de-rigueur-et-de-transparence\\\/#primaryimage\",\"url\":\"https:\\\/\\\/lasentinelle.dz\\\/wp-content\\\/uploads\\\/2026\\\/03\\\/gvhgdf-xugtdfsx-u.webp\",\"contentUrl\":\"https:\\\/\\\/lasentinelle.dz\\\/wp-content\\\/uploads\\\/2026\\\/03\\\/gvhgdf-xugtdfsx-u.webp\",\"width\":1400,\"height\":1050},{\"@type\":\"BreadcrumbList\",\"@id\":\"https:\\\/\\\/lasentinelle.dz\\\/index.php\\\/2026\\\/03\\\/14\\\/ecosysteme-des-start-up-le-comite-national-de-labellisation-renouvele-pour-plus-de-rigueur-et-de-transparence\\\/#breadcrumb\",\"itemListElement\":[{\"@type\":\"ListItem\",\"position\":1,\"name\":\"Accueil\",\"item\":\"https:\\\/\\\/lasentinelle.dz\\\/\"},{\"@type\":\"ListItem\",\"position\":2,\"name\":\"\u00c9cosyst\u00e8me des start-up\u00a0: Le Comit\u00e9 national de labellisation renouvel\u00e9 pour plus de rigueur et de transparence\"}]},{\"@type\":\"WebSite\",\"@id\":\"https:\\\/\\\/lasentinelle.dz\\\/#website\",\"url\":\"https:\\\/\\\/lasentinelle.dz\\\/\",\"name\":\"La Sentinelle\",\"description\":\"Quotidien national d&#039;information\",\"publisher\":{\"@id\":\"https:\\\/\\\/lasentinelle.dz\\\/#organization\"},\"potentialAction\":[{\"@type\":\"SearchAction\",\"target\":{\"@type\":\"EntryPoint\",\"urlTemplate\":\"https:\\\/\\\/lasentinelle.dz\\\/?s={search_term_string}\"},\"query-input\":{\"@type\":\"PropertyValueSpecification\",\"valueRequired\":true,\"valueName\":\"search_term_string\"}}],\"inLanguage\":\"fr-FR\"},{\"@type\":\"Organization\",\"@id\":\"https:\\\/\\\/lasentinelle.dz\\\/#organization\",\"name\":\"Quotidien La Sentinelle\",\"url\":\"https:\\\/\\\/lasentinelle.dz\\\/\",\"logo\":{\"@type\":\"ImageObject\",\"inLanguage\":\"fr-FR\",\"@id\":\"https:\\\/\\\/lasentinelle.dz\\\/#\\\/schema\\\/logo\\\/image\\\/\",\"url\":\"https:\\\/\\\/lasentinelle.dz\\\/wp-content\\\/uploads\\\/2021\\\/09\\\/logo-sentinelleSLOGAN-1.png\",\"contentUrl\":\"https:\\\/\\\/lasentinelle.dz\\\/wp-content\\\/uploads\\\/2021\\\/09\\\/logo-sentinelleSLOGAN-1.png\",\"width\":615,\"height\":142,\"caption\":\"Quotidien La Sentinelle\"},\"image\":{\"@id\":\"https:\\\/\\\/lasentinelle.dz\\\/#\\\/schema\\\/logo\\\/image\\\/\"},\"sameAs\":[\"https:\\\/\\\/www.facebook.com\\\/La-Sentinelle-104059864394773\"]},{\"@type\":\"Person\",\"@id\":\"https:\\\/\\\/lasentinelle.dz\\\/#\\\/schema\\\/person\\\/729ee0024f24e0b8c5ec17232f8e8b41\",\"name\":\"admin\",\"image\":{\"@type\":\"ImageObject\",\"inLanguage\":\"fr-FR\",\"@id\":\"https:\\\/\\\/secure.gravatar.com\\\/avatar\\\/4c81fed838786e9b53f540bf46533e750f5d292099ae3b66cfc6fb1982e29df7?s=96&d=mm&r=g\",\"url\":\"https:\\\/\\\/secure.gravatar.com\\\/avatar\\\/4c81fed838786e9b53f540bf46533e750f5d292099ae3b66cfc6fb1982e29df7?s=96&d=mm&r=g\",\"contentUrl\":\"https:\\\/\\\/secure.gravatar.com\\\/avatar\\\/4c81fed838786e9b53f540bf46533e750f5d292099ae3b66cfc6fb1982e29df7?s=96&d=mm&r=g\",\"caption\":\"admin\"},\"description\":\"admin\",\"url\":\"https:\\\/\\\/lasentinelle.dz\\\/author\\\/admin\\\/\"}]}<\/script>\n<!-- \/ Yoast SEO plugin. -->","yoast_head_json":{"title":"\u00c9cosyst\u00e8me des start-up\u00a0: Le Comit\u00e9 national de labellisation renouvel\u00e9 pour plus de rigueur et de transparence - La Sentinelle","robots":{"index":"index","follow":"follow","max-snippet":"max-snippet:-1","max-image-preview":"max-image-preview:large","max-video-preview":"max-video-preview:-1"},"canonical":"https:\/\/lasentinelle.dz\/index.php\/2026\/03\/14\/ecosysteme-des-start-up-le-comite-national-de-labellisation-renouvele-pour-plus-de-rigueur-et-de-transparence\/","og_locale":"fr_FR","og_type":"article","og_title":"\u00c9cosyst\u00e8me des start-up\u00a0: Le Comit\u00e9 national de labellisation renouvel\u00e9 pour plus de rigueur et de transparence - La Sentinelle","og_description":"Le ministre de l&rsquo;\u00c9conomie de la connaissance, des Start-up et des Micro-entreprises, Noureddine Ouadah, a pr\u00e9sid\u00e9 samedi \u00e0 Alger la","og_url":"https:\/\/lasentinelle.dz\/index.php\/2026\/03\/14\/ecosysteme-des-start-up-le-comite-national-de-labellisation-renouvele-pour-plus-de-rigueur-et-de-transparence\/","og_site_name":"La Sentinelle","article_publisher":"https:\/\/www.facebook.com\/La-Sentinelle-104059864394773","article_published_time":"2026-03-14T19:24:42+00:00","article_modified_time":"2026-03-14T19:24:44+00:00","og_image":[{"width":1400,"height":1050,"url":"https:\/\/lasentinelle.dz\/wp-content\/uploads\/2026\/03\/gvhgdf-xugtdfsx-u.webp","type":"image\/webp"}],"author":"admin","twitter_card":"summary_large_image","twitter_misc":{"\u00c9crit par":"admin","Dur\u00e9e de lecture estim\u00e9e":"3 minutes"},"schema":{"@context":"https:\/\/schema.org","@graph":[{"@type":"Article","@id":"https:\/\/lasentinelle.dz\/index.php\/2026\/03\/14\/ecosysteme-des-start-up-le-comite-national-de-labellisation-renouvele-pour-plus-de-rigueur-et-de-transparence\/#article","isPartOf":{"@id":"https:\/\/lasentinelle.dz\/index.php\/2026\/03\/14\/ecosysteme-des-start-up-le-comite-national-de-labellisation-renouvele-pour-plus-de-rigueur-et-de-transparence\/"},"author":{"name":"admin","@id":"https:\/\/lasentinelle.dz\/#\/schema\/person\/729ee0024f24e0b8c5ec17232f8e8b41"},"headline":"\u00c9cosyst\u00e8me des start-up\u00a0: Le Comit\u00e9 national de labellisation renouvel\u00e9 pour plus de rigueur et de transparence","datePublished":"2026-03-14T19:24:42+00:00","dateModified":"2026-03-14T19:24:44+00:00","mainEntityOfPage":{"@id":"https:\/\/lasentinelle.dz\/index.php\/2026\/03\/14\/ecosysteme-des-start-up-le-comite-national-de-labellisation-renouvele-pour-plus-de-rigueur-et-de-transparence\/"},"wordCount":618,"commentCount":0,"publisher":{"@id":"https:\/\/lasentinelle.dz\/#organization"},"image":{"@id":"https:\/\/lasentinelle.dz\/index.php\/2026\/03\/14\/ecosysteme-des-start-up-le-comite-national-de-labellisation-renouvele-pour-plus-de-rigueur-et-de-transparence\/#primaryimage"},"thumbnailUrl":"https:\/\/lasentinelle.dz\/wp-content\/uploads\/2026\/03\/gvhgdf-xugtdfsx-u.webp","articleSection":["\u00c9conomie"],"inLanguage":"fr-FR","potentialAction":[{"@type":"CommentAction","name":"Comment","target":["https:\/\/lasentinelle.dz\/index.php\/2026\/03\/14\/ecosysteme-des-start-up-le-comite-national-de-labellisation-renouvele-pour-plus-de-rigueur-et-de-transparence\/#respond"]}]},{"@type":"WebPage","@id":"https:\/\/lasentinelle.dz\/index.php\/2026\/03\/14\/ecosysteme-des-start-up-le-comite-national-de-labellisation-renouvele-pour-plus-de-rigueur-et-de-transparence\/","url":"https:\/\/lasentinelle.dz\/index.php\/2026\/03\/14\/ecosysteme-des-start-up-le-comite-national-de-labellisation-renouvele-pour-plus-de-rigueur-et-de-transparence\/","name":"\u00c9cosyst\u00e8me des start-up\u00a0: Le Comit\u00e9 national de labellisation renouvel\u00e9 pour plus de rigueur et de transparence - La Sentinelle","isPartOf":{"@id":"https:\/\/lasentinelle.dz\/#website"},"primaryImageOfPage":{"@id":"https:\/\/lasentinelle.dz\/index.php\/2026\/03\/14\/ecosysteme-des-start-up-le-comite-national-de-labellisation-renouvele-pour-plus-de-rigueur-et-de-transparence\/#primaryimage"},"image":{"@id":"https:\/\/lasentinelle.dz\/index.php\/2026\/03\/14\/ecosysteme-des-start-up-le-comite-national-de-labellisation-renouvele-pour-plus-de-rigueur-et-de-transparence\/#primaryimage"},"thumbnailUrl":"https:\/\/lasentinelle.dz\/wp-content\/uploads\/2026\/03\/gvhgdf-xugtdfsx-u.webp","datePublished":"2026-03-14T19:24:42+00:00","dateModified":"2026-03-14T19:24:44+00:00","breadcrumb":{"@id":"https:\/\/lasentinelle.dz\/index.php\/2026\/03\/14\/ecosysteme-des-start-up-le-comite-national-de-labellisation-renouvele-pour-plus-de-rigueur-et-de-transparence\/#breadcrumb"},"inLanguage":"fr-FR","potentialAction":[{"@type":"ReadAction","target":["https:\/\/lasentinelle.dz\/index.php\/2026\/03\/14\/ecosysteme-des-start-up-le-comite-national-de-labellisation-renouvele-pour-plus-de-rigueur-et-de-transparence\/"]}]},{"@type":"ImageObject","inLanguage":"fr-FR","@id":"https:\/\/lasentinelle.dz\/index.php\/2026\/03\/14\/ecosysteme-des-start-up-le-comite-national-de-labellisation-renouvele-pour-plus-de-rigueur-et-de-transparence\/#primaryimage","url":"https:\/\/lasentinelle.dz\/wp-content\/uploads\/2026\/03\/gvhgdf-xugtdfsx-u.webp","contentUrl":"https:\/\/lasentinelle.dz\/wp-content\/uploads\/2026\/03\/gvhgdf-xugtdfsx-u.webp","width":1400,"height":1050},{"@type":"BreadcrumbList","@id":"https:\/\/lasentinelle.dz\/index.php\/2026\/03\/14\/ecosysteme-des-start-up-le-comite-national-de-labellisation-renouvele-pour-plus-de-rigueur-et-de-transparence\/#breadcrumb","itemListElement":[{"@type":"ListItem","position":1,"name":"Accueil","item":"https:\/\/lasentinelle.dz\/"},{"@type":"ListItem","position":2,"name":"\u00c9cosyst\u00e8me des start-up\u00a0: Le Comit\u00e9 national de labellisation renouvel\u00e9 pour plus de rigueur et de transparence"}]},{"@type":"WebSite","@id":"https:\/\/lasentinelle.dz\/#website","url":"https:\/\/lasentinelle.dz\/","name":"La Sentinelle","description":"Quotidien national d&#039;information","publisher":{"@id":"https:\/\/lasentinelle.dz\/#organization"},"potentialAction":[{"@type":"SearchAction","target":{"@type":"EntryPoint","urlTemplate":"https:\/\/lasentinelle.dz\/?s={search_term_string}"},"query-input":{"@type":"PropertyValueSpecification","valueRequired":true,"valueName":"search_term_string"}}],"inLanguage":"fr-FR"},{"@type":"Organization","@id":"https:\/\/lasentinelle.dz\/#organization","name":"Quotidien La Sentinelle","url":"https:\/\/lasentinelle.dz\/","logo":{"@type":"ImageObject","inLanguage":"fr-FR","@id":"https:\/\/lasentinelle.dz\/#\/schema\/logo\/image\/","url":"https:\/\/lasentinelle.dz\/wp-content\/uploads\/2021\/09\/logo-sentinelleSLOGAN-1.png","contentUrl":"https:\/\/lasentinelle.dz\/wp-content\/uploads\/2021\/09\/logo-sentinelleSLOGAN-1.png","width":615,"height":142,"caption":"Quotidien La Sentinelle"},"image":{"@id":"https:\/\/lasentinelle.dz\/#\/schema\/logo\/image\/"},"sameAs":["https:\/\/www.facebook.com\/La-Sentinelle-104059864394773"]},{"@type":"Person","@id":"https:\/\/lasentinelle.dz\/#\/schema\/person\/729ee0024f24e0b8c5ec17232f8e8b41","name":"admin","image":{"@type":"ImageObject","inLanguage":"fr-FR","@id":"https:\/\/secure.gravatar.com\/avatar\/4c81fed838786e9b53f540bf46533e750f5d292099ae3b66cfc6fb1982e29df7?s=96&d=mm&r=g","url":"https:\/\/secure.gravatar.com\/avatar\/4c81fed838786e9b53f540bf46533e750f5d292099ae3b66cfc6fb1982e29df7?s=96&d=mm&r=g","contentUrl":"https:\/\/secure.gravatar.com\/avatar\/4c81fed838786e9b53f540bf46533e750f5d292099ae3b66cfc6fb1982e29df7?s=96&d=mm&r=g","caption":"admin"},"description":"admin","url":"https:\/\/lasentinelle.dz\/author\/admin\/"}]}},"_links":{"self":[{"href":"https:\/\/lasentinelle.dz\/index.php\/wp-json\/wp\/v2\/posts\/83521","targetHints":{"allow":["GET"]}}],"collection":[{"href":"https:\/\/lasentinelle.dz\/index.php\/wp-json\/wp\/v2\/posts"}],"about":[{"href":"https:\/\/lasentinelle.dz\/index.php\/wp-json\/wp\/v2\/types\/post"}],"author":[{"embeddable":true,"href":"https:\/\/lasentinelle.dz\/index.php\/wp-json\/wp\/v2\/users\/6"}],"replies":[{"embeddable":true,"href":"https:\/\/lasentinelle.dz\/index.php\/wp-json\/wp\/v2\/comments?post=83521"}],"version-history":[{"count":1,"href":"https:\/\/lasentinelle.dz\/index.php\/wp-json\/wp\/v2\/posts\/83521\/revisions"}],"predecessor-version":[{"id":83523,"href":"https:\/\/lasentinelle.dz\/index.php\/wp-json\/wp\/v2\/posts\/83521\/revisions\/83523"}],"wp:featuredmedia":[{"embeddable":true,"href":"https:\/\/lasentinelle.dz\/index.php\/wp-json\/wp\/v2\/media\/83522"}],"wp:attachment":[{"href":"https:\/\/lasentinelle.dz\/index.php\/wp-json\/wp\/v2\/media?parent=83521"}],"wp:term":[{"taxonomy":"category","embeddable":true,"href":"https:\/\/lasentinelle.dz\/index.php\/wp-json\/wp\/v2\/categories?post=83521"},{"taxonomy":"post_tag","embeddable":true,"href":"https:\/\/lasentinelle.dz\/index.php\/wp-json\/wp\/v2\/tags?post=83521"}],"curies":[{"name":"wp","href":"https:\/\/api.w.org\/{rel}","templated":true}]}}