{"id":83524,"date":"2026-03-14T20:25:27","date_gmt":"2026-03-14T19:25:27","guid":{"rendered":"https:\/\/lasentinelle.dz\/?p=83524"},"modified":"2026-03-14T20:25:36","modified_gmt":"2026-03-14T19:25:36","slug":"cuir-et-textiles-un-plan-offensif-pour-ressusciter-la-filiere","status":"publish","type":"post","link":"https:\/\/lasentinelle.dz\/index.php\/2026\/03\/14\/cuir-et-textiles-un-plan-offensif-pour-ressusciter-la-filiere\/","title":{"rendered":"Cuir et textiles\u00a0: Un plan offensif pour ressusciter la fili\u00e8re"},"content":{"rendered":"\n<p>La holding publique Getex, sp\u00e9cialis\u00e9e dans le textile et le cuir, lance un vaste programme d&rsquo;investissement comprenant l&rsquo;ouverture de nouvelles lignes de production, la relance d&rsquo;usines \u00e0 l&rsquo;arr\u00eat et la cr\u00e9ation de centres de formation sp\u00e9cialis\u00e9s, dans l&rsquo;objectif de reconqu\u00e9rir le march\u00e9 national et de r\u00e9duire la facture d&rsquo;importation de chaussures et d&rsquo;articles en cuir, a annonc\u00e9 son PDG, Toufik Berkani.<\/p>\n\n\n\n<p>L&rsquo;annonce intervient dans un contexte o\u00f9 l&rsquo;Alg\u00e9rie acc\u00e9l\u00e8re sa politique de diversification \u00e9conomique pour desserrer la d\u00e9pendance aux hydrocarbures. L&rsquo;industrie du cuir et de la chaussure, qui a compt\u00e9 parmi les fleurons du tissu manufacturier national dans les d\u00e9cennies suivant l&rsquo;ind\u00e9pendance, a subi un long processus de d\u00e9structuration marqu\u00e9 par le vieillissement des \u00e9quipements, la perte de savoir-faire, la d\u00e9sorganisation des circuits d&rsquo;approvisionnement en mati\u00e8res premi\u00e8res et la concurrence massive des importations, notamment asiatiques. Relancer cette fili\u00e8re rel\u00e8ve donc autant de la souverainet\u00e9 industrielle que de la cr\u00e9ation d&#8217;emplois dans des bassins int\u00e9rieurs qui en ont cruellement besoin.<\/p>\n\n\n\n<p><strong>Nouvelles lignes de production \u00e0 Akbou et N&rsquo;Gaous<\/strong><\/p>\n\n\n\n<p>Le plan d\u00e9voil\u00e9 par Toufik Berkani repose d&rsquo;abord sur un \u00e9largissement significatif de l&rsquo;appareil productif. \u00ab Il s&rsquo;agit d&rsquo;un programme d&rsquo;investissement comprenant le lancement d&rsquo;une nouvelle ligne de production de chaussures de sport et de chaussures de d\u00e9tente au niveau des unit\u00e9s d&rsquo;Akbou et de N&rsquo;Gaous, afin de contribuer au renforcement de la production nationale de chaussures et d&rsquo;am\u00e9liorer la comp\u00e9titivit\u00e9 des produits de l&rsquo;entreprise sur le march\u00e9 national, avec une orientation future vers l&rsquo;exportation \u00bb, a d\u00e9taill\u00e9 le PDG de Getex dans une d\u00e9claration \u00e0 l&rsquo;APS. Le choix de ces deux segments \u2014 sport et d\u00e9tente \u2014 n&rsquo;est pas anodin : il correspond aux cr\u00e9neaux o\u00f9 la demande int\u00e9rieure est la plus dynamique et o\u00f9 les marques \u00e9trang\u00e8res occupent l&rsquo;essentiel des parts de march\u00e9. Parall\u00e8lement, les unit\u00e9s de Cheraga, d&rsquo;Akbou et de N&rsquo;Gaous verront leur activit\u00e9 \u00e9largie par l&rsquo;introduction de nouveaux produits tels que les cartables scolaires, les sacs \u00e0 dos, les sacs de sport et de voyage, des articles dont la consommation est en hausse constante sur le territoire national. L&rsquo;objectif affich\u00e9 est double : satisfaire la demande locale et comprimer les importations.<\/p>\n\n\n\n<p>Le programme pr\u00e9voit \u00e9galement la remise en service de l&rsquo;usine de produits en cuir de Kherrata, dans la wilaya de B\u00e9ja\u00efa, ferm\u00e9e depuis plusieurs ann\u00e9es. Une \u00e9valuation technique des structures et des \u00e9quipements existants a \u00e9t\u00e9 r\u00e9alis\u00e9e en pr\u00e9alable. \u00ab La remise en exploitation de cette usine vise la production de divers produits en cuir et le renforcement des capacit\u00e9s industrielles de l&rsquo;entreprise dans ce domaine \u00bb, a expliqu\u00e9 Toufik Berkani, ajoutant que le groupe pr\u00e9voit aussi l&rsquo;ouverture d&rsquo;une usine de fabrication de chaussures professionnelles \u2014 un cr\u00e9neau de niche \u00e0 forte valeur ajout\u00e9e, largement couvert aujourd&rsquo;hui par l&rsquo;importation. Le PDG de Getex a inscrit l&rsquo;ensemble de ces projets dans \u00ab une strat\u00e9gie plus large visant \u00e0 d\u00e9velopper l&rsquo;industrie nationale du cuir \u00e0 travers l&rsquo;am\u00e9lioration de la qualit\u00e9 des produits, l&rsquo;\u00e9largissement du r\u00e9seau de distribution et le d\u00e9veloppement des m\u00e9thodes de commercialisation, permettant ainsi d&rsquo;augmenter la part des produits locaux sur le march\u00e9 \u00bb.<\/p>\n\n\n\n<p>L&rsquo;un des handicaps majeurs h\u00e9rit\u00e9s de d\u00e9cennies de d\u00e9sinvestissement r\u00e9side dans l&rsquo;\u00e9rosion du capital humain. Le plan de Getex tente d&rsquo;y r\u00e9pondre par la cr\u00e9ation de centres de formation sp\u00e9cialis\u00e9s dans les m\u00e9tiers du cuir et du textile dans plusieurs wilayas, sur le mod\u00e8le du centre d&rsquo;excellence de Bouira. \u00ab Le d\u00e9veloppement de ce secteur ne peut \u00eatre r\u00e9alis\u00e9 sans la qualification des ressources humaines et la disponibilit\u00e9 d&rsquo;une main-d&rsquo;\u0153uvre qualifi\u00e9e capable de suivre les \u00e9volutions techniques dans les domaines de la fabrication et de la transformation \u00bb, a soulign\u00e9 Toufik Berkani. Selon lui, \u00ab ces centres constituent un espace de transfert de connaissances et d&rsquo;expertise, permettant de former une nouvelle g\u00e9n\u00e9ration de techniciens et de professionnels capables de d\u00e9velopper l&rsquo;industrie de la chaussure et des produits en cuir et d&rsquo;en am\u00e9liorer la qualit\u00e9 \u00bb. Le responsable a insist\u00e9 sur la n\u00e9cessit\u00e9 d&rsquo;arrimer la formation aux besoins r\u00e9els de l&rsquo;outil productif, en mettant en place des programmes de formation appliqu\u00e9e directement li\u00e9s aux exigences des unit\u00e9s de production, couvrant le design, la fabrication, le contr\u00f4le qualit\u00e9 et la maintenance des \u00e9quipements.<\/p>\n\n\n\n<p><strong>Des clusters pour structurer la cha\u00eene de valeur<\/strong><\/p>\n\n\n\n<p>Au-del\u00e0 des investissements physiques, Getex mise sur une r\u00e9organisation de l&rsquo;\u00e9cosyst\u00e8me industriel par la constitution de clusters r\u00e9unissant l&rsquo;ensemble des op\u00e9rateurs des fili\u00e8res cuir et textile. \u00ab Cette approche permet de relier les diff\u00e9rentes \u00e9tapes de l&rsquo;activit\u00e9 industrielle, depuis l&rsquo;approvisionnement en mati\u00e8res premi\u00e8res jusqu&rsquo;\u00e0 la transformation industrielle, en passant par la fabrication finale, la commercialisation et les services logistiques, ce qui am\u00e9liore l&rsquo;efficacit\u00e9 \u00e9conomique et renforce la capacit\u00e9 \u00e0 r\u00e9pondre plus efficacement aux besoins du march\u00e9 national \u00bb, a fait valoir le PDG du groupe. Ces regroupements doivent encourager la coop\u00e9ration entre grandes entreprises industrielles, PME, start-up et centres de recherche, dans une logique de d\u00e9veloppement des cha\u00eenes de valeur locales, de r\u00e9duction des co\u00fbts de production et de mont\u00e9e en gamme.<\/p>\n\n\n\n<p>L&rsquo;Alg\u00e9rie dispose d&rsquo;un avantage comparatif encore largement sous-valoris\u00e9. \u00ab L&rsquo;Alg\u00e9rie dispose d&rsquo;une ressource importante de cuirs bruts de qualit\u00e9 reconnue \u00e0 l&rsquo;international, gr\u00e2ce au cheptel diversifi\u00e9 dont dispose le pays \u00bb, a rappel\u00e9 Toufik Berkani, soulignant que cette mati\u00e8re premi\u00e8re constitue un socle solide pour le d\u00e9veloppement du tannage, de la fabrication de chaussures et de la maroquinerie. Les op\u00e9rations de collecte de peaux, en particulier lors de l&rsquo;A\u00efd El-Adha, fournissent des volumes croissants : la campagne de 2025 a permis de rassembler pr\u00e8s de 765 000 peaux, avec un taux de peaux exploitables en nette am\u00e9lioration d&rsquo;une ann\u00e9e sur l&rsquo;autre. Pour s\u00e9curiser et rationaliser cet approvisionnement, Getex a sign\u00e9 une convention-cadre avec le groupe des industries alimentaires et de logistique Agrolog, portant sur la fourniture et le transport des cuirs bruts au profit des unit\u00e9s industrielles du groupe. L\u2019alliance inter-holdings publiques illustre la volont\u00e9 de b\u00e2tir des synergies sectorielles capables de structurer une fili\u00e8re int\u00e9gr\u00e9e, de la peau brute au produit fini, condition indispensable pour que l&rsquo;industrie alg\u00e9rienne du cuir et de la chaussure retrouve la place qu&rsquo;elle occupait autrefois dans le paysage manufacturier national \u2014 et, \u00e0 terme, sur les march\u00e9s d&rsquo;exportation.<\/p>\n\n\n\n<p>Samira Ghrib<\/p>\n","protected":false},"excerpt":{"rendered":"<p>La holding publique Getex, sp\u00e9cialis\u00e9e dans le textile et le cuir, lance un vaste programme d&rsquo;investissement comprenant l&rsquo;ouverture de nouvelles<\/p>\n","protected":false},"author":6,"featured_media":83525,"comment_status":"open","ping_status":"closed","sticky":false,"template":"","format":"standard","meta":{"colormag_page_container_layout":"default_layout","colormag_page_sidebar_layout":"default_layout","om_disable_all_campaigns":false,"_monsterinsights_skip_tracking":false,"_monsterinsights_sitenote_active":false,"_monsterinsights_sitenote_note":"","_monsterinsights_sitenote_category":0,"footnotes":"","_wpscppro_dont_share_socialmedia":false,"_wpscppro_custom_social_share_image":0,"_facebook_share_type":"default","_twitter_share_type":"default","_linkedin_share_type":"default","_pinterest_share_type":"default","_linkedin_share_type_page":"","_instagram_share_type":"default","_medium_share_type":"default","_threads_share_type":"default","_google_business_share_type":"default","_selected_social_profile":[],"_wpsp_enable_custom_social_template":false,"_wpsp_social_scheduling":{"enabled":false,"datetime":null,"platforms":[],"status":"template_only","dateOption":"today","timeOption":"now","customDays":"","customHours":"","customDate":"","customTime":"","schedulingType":"absolute"},"_wpsp_active_default_template":true},"categories":[52,29],"tags":[],"class_list":["post-83524","post","type-post","status-publish","format-standard","has-post-thumbnail","hentry","category-a-la-une","category-economie"],"aioseo_notices":[],"yoast_head":"<!-- This site is optimized with the Yoast SEO plugin v27.5 - https:\/\/yoast.com\/product\/yoast-seo-wordpress\/ -->\n<title>Cuir et textiles\u00a0: Un plan offensif pour ressusciter la fili\u00e8re - La Sentinelle<\/title>\n<meta name=\"robots\" content=\"index, follow, max-snippet:-1, max-image-preview:large, max-video-preview:-1\" \/>\n<link rel=\"canonical\" href=\"https:\/\/lasentinelle.dz\/index.php\/2026\/03\/14\/cuir-et-textiles-un-plan-offensif-pour-ressusciter-la-filiere\/\" \/>\n<meta property=\"og:locale\" content=\"fr_FR\" \/>\n<meta property=\"og:type\" content=\"article\" \/>\n<meta property=\"og:title\" content=\"Cuir et textiles\u00a0: Un plan offensif pour ressusciter la fili\u00e8re - La Sentinelle\" \/>\n<meta property=\"og:description\" content=\"La holding publique Getex, sp\u00e9cialis\u00e9e dans le textile et le cuir, lance un vaste programme d&rsquo;investissement comprenant l&rsquo;ouverture de nouvelles\" \/>\n<meta property=\"og:url\" content=\"https:\/\/lasentinelle.dz\/index.php\/2026\/03\/14\/cuir-et-textiles-un-plan-offensif-pour-ressusciter-la-filiere\/\" \/>\n<meta property=\"og:site_name\" content=\"La Sentinelle\" \/>\n<meta property=\"article:publisher\" content=\"https:\/\/www.facebook.com\/La-Sentinelle-104059864394773\" \/>\n<meta property=\"article:published_time\" content=\"2026-03-14T19:25:27+00:00\" \/>\n<meta property=\"article:modified_time\" content=\"2026-03-14T19:25:36+00:00\" \/>\n<meta property=\"og:image\" content=\"https:\/\/lasentinelle.dz\/wp-content\/uploads\/2026\/03\/textile.jpeg\" \/>\n\t<meta property=\"og:image:width\" content=\"696\" \/>\n\t<meta property=\"og:image:height\" content=\"464\" \/>\n\t<meta property=\"og:image:type\" content=\"image\/jpeg\" \/>\n<meta name=\"author\" content=\"admin\" \/>\n<meta name=\"twitter:card\" content=\"summary_large_image\" \/>\n<meta name=\"twitter:label1\" content=\"\u00c9crit par\" \/>\n\t<meta name=\"twitter:data1\" content=\"admin\" \/>\n\t<meta name=\"twitter:label2\" content=\"Dur\u00e9e de lecture estim\u00e9e\" \/>\n\t<meta name=\"twitter:data2\" content=\"6 minutes\" \/>\n<script type=\"application\/ld+json\" class=\"yoast-schema-graph\">{\"@context\":\"https:\\\/\\\/schema.org\",\"@graph\":[{\"@type\":\"Article\",\"@id\":\"https:\\\/\\\/lasentinelle.dz\\\/index.php\\\/2026\\\/03\\\/14\\\/cuir-et-textiles-un-plan-offensif-pour-ressusciter-la-filiere\\\/#article\",\"isPartOf\":{\"@id\":\"https:\\\/\\\/lasentinelle.dz\\\/index.php\\\/2026\\\/03\\\/14\\\/cuir-et-textiles-un-plan-offensif-pour-ressusciter-la-filiere\\\/\"},\"author\":{\"name\":\"admin\",\"@id\":\"https:\\\/\\\/lasentinelle.dz\\\/#\\\/schema\\\/person\\\/729ee0024f24e0b8c5ec17232f8e8b41\"},\"headline\":\"Cuir et textiles\u00a0: Un plan offensif pour ressusciter la fili\u00e8re\",\"datePublished\":\"2026-03-14T19:25:27+00:00\",\"dateModified\":\"2026-03-14T19:25:36+00:00\",\"mainEntityOfPage\":{\"@id\":\"https:\\\/\\\/lasentinelle.dz\\\/index.php\\\/2026\\\/03\\\/14\\\/cuir-et-textiles-un-plan-offensif-pour-ressusciter-la-filiere\\\/\"},\"wordCount\":1174,\"commentCount\":0,\"publisher\":{\"@id\":\"https:\\\/\\\/lasentinelle.dz\\\/#organization\"},\"image\":{\"@id\":\"https:\\\/\\\/lasentinelle.dz\\\/index.php\\\/2026\\\/03\\\/14\\\/cuir-et-textiles-un-plan-offensif-pour-ressusciter-la-filiere\\\/#primaryimage\"},\"thumbnailUrl\":\"https:\\\/\\\/lasentinelle.dz\\\/wp-content\\\/uploads\\\/2026\\\/03\\\/textile.jpeg\",\"articleSection\":[\"\u00c0 la Une\",\"\u00c9conomie\"],\"inLanguage\":\"fr-FR\",\"potentialAction\":[{\"@type\":\"CommentAction\",\"name\":\"Comment\",\"target\":[\"https:\\\/\\\/lasentinelle.dz\\\/index.php\\\/2026\\\/03\\\/14\\\/cuir-et-textiles-un-plan-offensif-pour-ressusciter-la-filiere\\\/#respond\"]}]},{\"@type\":\"WebPage\",\"@id\":\"https:\\\/\\\/lasentinelle.dz\\\/index.php\\\/2026\\\/03\\\/14\\\/cuir-et-textiles-un-plan-offensif-pour-ressusciter-la-filiere\\\/\",\"url\":\"https:\\\/\\\/lasentinelle.dz\\\/index.php\\\/2026\\\/03\\\/14\\\/cuir-et-textiles-un-plan-offensif-pour-ressusciter-la-filiere\\\/\",\"name\":\"Cuir et textiles\u00a0: Un plan offensif pour ressusciter la fili\u00e8re - La Sentinelle\",\"isPartOf\":{\"@id\":\"https:\\\/\\\/lasentinelle.dz\\\/#website\"},\"primaryImageOfPage\":{\"@id\":\"https:\\\/\\\/lasentinelle.dz\\\/index.php\\\/2026\\\/03\\\/14\\\/cuir-et-textiles-un-plan-offensif-pour-ressusciter-la-filiere\\\/#primaryimage\"},\"image\":{\"@id\":\"https:\\\/\\\/lasentinelle.dz\\\/index.php\\\/2026\\\/03\\\/14\\\/cuir-et-textiles-un-plan-offensif-pour-ressusciter-la-filiere\\\/#primaryimage\"},\"thumbnailUrl\":\"https:\\\/\\\/lasentinelle.dz\\\/wp-content\\\/uploads\\\/2026\\\/03\\\/textile.jpeg\",\"datePublished\":\"2026-03-14T19:25:27+00:00\",\"dateModified\":\"2026-03-14T19:25:36+00:00\",\"breadcrumb\":{\"@id\":\"https:\\\/\\\/lasentinelle.dz\\\/index.php\\\/2026\\\/03\\\/14\\\/cuir-et-textiles-un-plan-offensif-pour-ressusciter-la-filiere\\\/#breadcrumb\"},\"inLanguage\":\"fr-FR\",\"potentialAction\":[{\"@type\":\"ReadAction\",\"target\":[\"https:\\\/\\\/lasentinelle.dz\\\/index.php\\\/2026\\\/03\\\/14\\\/cuir-et-textiles-un-plan-offensif-pour-ressusciter-la-filiere\\\/\"]}]},{\"@type\":\"ImageObject\",\"inLanguage\":\"fr-FR\",\"@id\":\"https:\\\/\\\/lasentinelle.dz\\\/index.php\\\/2026\\\/03\\\/14\\\/cuir-et-textiles-un-plan-offensif-pour-ressusciter-la-filiere\\\/#primaryimage\",\"url\":\"https:\\\/\\\/lasentinelle.dz\\\/wp-content\\\/uploads\\\/2026\\\/03\\\/textile.jpeg\",\"contentUrl\":\"https:\\\/\\\/lasentinelle.dz\\\/wp-content\\\/uploads\\\/2026\\\/03\\\/textile.jpeg\",\"width\":696,\"height\":464},{\"@type\":\"BreadcrumbList\",\"@id\":\"https:\\\/\\\/lasentinelle.dz\\\/index.php\\\/2026\\\/03\\\/14\\\/cuir-et-textiles-un-plan-offensif-pour-ressusciter-la-filiere\\\/#breadcrumb\",\"itemListElement\":[{\"@type\":\"ListItem\",\"position\":1,\"name\":\"Accueil\",\"item\":\"https:\\\/\\\/lasentinelle.dz\\\/\"},{\"@type\":\"ListItem\",\"position\":2,\"name\":\"Cuir et textiles\u00a0: Un plan offensif pour ressusciter la fili\u00e8re\"}]},{\"@type\":\"WebSite\",\"@id\":\"https:\\\/\\\/lasentinelle.dz\\\/#website\",\"url\":\"https:\\\/\\\/lasentinelle.dz\\\/\",\"name\":\"La Sentinelle\",\"description\":\"Quotidien national d&#039;information\",\"publisher\":{\"@id\":\"https:\\\/\\\/lasentinelle.dz\\\/#organization\"},\"potentialAction\":[{\"@type\":\"SearchAction\",\"target\":{\"@type\":\"EntryPoint\",\"urlTemplate\":\"https:\\\/\\\/lasentinelle.dz\\\/?s={search_term_string}\"},\"query-input\":{\"@type\":\"PropertyValueSpecification\",\"valueRequired\":true,\"valueName\":\"search_term_string\"}}],\"inLanguage\":\"fr-FR\"},{\"@type\":\"Organization\",\"@id\":\"https:\\\/\\\/lasentinelle.dz\\\/#organization\",\"name\":\"Quotidien La Sentinelle\",\"url\":\"https:\\\/\\\/lasentinelle.dz\\\/\",\"logo\":{\"@type\":\"ImageObject\",\"inLanguage\":\"fr-FR\",\"@id\":\"https:\\\/\\\/lasentinelle.dz\\\/#\\\/schema\\\/logo\\\/image\\\/\",\"url\":\"https:\\\/\\\/lasentinelle.dz\\\/wp-content\\\/uploads\\\/2021\\\/09\\\/logo-sentinelleSLOGAN-1.png\",\"contentUrl\":\"https:\\\/\\\/lasentinelle.dz\\\/wp-content\\\/uploads\\\/2021\\\/09\\\/logo-sentinelleSLOGAN-1.png\",\"width\":615,\"height\":142,\"caption\":\"Quotidien La Sentinelle\"},\"image\":{\"@id\":\"https:\\\/\\\/lasentinelle.dz\\\/#\\\/schema\\\/logo\\\/image\\\/\"},\"sameAs\":[\"https:\\\/\\\/www.facebook.com\\\/La-Sentinelle-104059864394773\"]},{\"@type\":\"Person\",\"@id\":\"https:\\\/\\\/lasentinelle.dz\\\/#\\\/schema\\\/person\\\/729ee0024f24e0b8c5ec17232f8e8b41\",\"name\":\"admin\",\"image\":{\"@type\":\"ImageObject\",\"inLanguage\":\"fr-FR\",\"@id\":\"https:\\\/\\\/secure.gravatar.com\\\/avatar\\\/4c81fed838786e9b53f540bf46533e750f5d292099ae3b66cfc6fb1982e29df7?s=96&d=mm&r=g\",\"url\":\"https:\\\/\\\/secure.gravatar.com\\\/avatar\\\/4c81fed838786e9b53f540bf46533e750f5d292099ae3b66cfc6fb1982e29df7?s=96&d=mm&r=g\",\"contentUrl\":\"https:\\\/\\\/secure.gravatar.com\\\/avatar\\\/4c81fed838786e9b53f540bf46533e750f5d292099ae3b66cfc6fb1982e29df7?s=96&d=mm&r=g\",\"caption\":\"admin\"},\"description\":\"admin\",\"url\":\"https:\\\/\\\/lasentinelle.dz\\\/author\\\/admin\\\/\"}]}<\/script>\n<!-- \/ Yoast SEO plugin. -->","yoast_head_json":{"title":"Cuir et textiles\u00a0: Un plan offensif pour ressusciter la fili\u00e8re - La Sentinelle","robots":{"index":"index","follow":"follow","max-snippet":"max-snippet:-1","max-image-preview":"max-image-preview:large","max-video-preview":"max-video-preview:-1"},"canonical":"https:\/\/lasentinelle.dz\/index.php\/2026\/03\/14\/cuir-et-textiles-un-plan-offensif-pour-ressusciter-la-filiere\/","og_locale":"fr_FR","og_type":"article","og_title":"Cuir et textiles\u00a0: Un plan offensif pour ressusciter la fili\u00e8re - La Sentinelle","og_description":"La holding publique Getex, sp\u00e9cialis\u00e9e dans le textile et le cuir, lance un vaste programme d&rsquo;investissement comprenant l&rsquo;ouverture de nouvelles","og_url":"https:\/\/lasentinelle.dz\/index.php\/2026\/03\/14\/cuir-et-textiles-un-plan-offensif-pour-ressusciter-la-filiere\/","og_site_name":"La Sentinelle","article_publisher":"https:\/\/www.facebook.com\/La-Sentinelle-104059864394773","article_published_time":"2026-03-14T19:25:27+00:00","article_modified_time":"2026-03-14T19:25:36+00:00","og_image":[{"width":696,"height":464,"url":"https:\/\/lasentinelle.dz\/wp-content\/uploads\/2026\/03\/textile.jpeg","type":"image\/jpeg"}],"author":"admin","twitter_card":"summary_large_image","twitter_misc":{"\u00c9crit par":"admin","Dur\u00e9e de lecture estim\u00e9e":"6 minutes"},"schema":{"@context":"https:\/\/schema.org","@graph":[{"@type":"Article","@id":"https:\/\/lasentinelle.dz\/index.php\/2026\/03\/14\/cuir-et-textiles-un-plan-offensif-pour-ressusciter-la-filiere\/#article","isPartOf":{"@id":"https:\/\/lasentinelle.dz\/index.php\/2026\/03\/14\/cuir-et-textiles-un-plan-offensif-pour-ressusciter-la-filiere\/"},"author":{"name":"admin","@id":"https:\/\/lasentinelle.dz\/#\/schema\/person\/729ee0024f24e0b8c5ec17232f8e8b41"},"headline":"Cuir et textiles\u00a0: Un plan offensif pour ressusciter la fili\u00e8re","datePublished":"2026-03-14T19:25:27+00:00","dateModified":"2026-03-14T19:25:36+00:00","mainEntityOfPage":{"@id":"https:\/\/lasentinelle.dz\/index.php\/2026\/03\/14\/cuir-et-textiles-un-plan-offensif-pour-ressusciter-la-filiere\/"},"wordCount":1174,"commentCount":0,"publisher":{"@id":"https:\/\/lasentinelle.dz\/#organization"},"image":{"@id":"https:\/\/lasentinelle.dz\/index.php\/2026\/03\/14\/cuir-et-textiles-un-plan-offensif-pour-ressusciter-la-filiere\/#primaryimage"},"thumbnailUrl":"https:\/\/lasentinelle.dz\/wp-content\/uploads\/2026\/03\/textile.jpeg","articleSection":["\u00c0 la Une","\u00c9conomie"],"inLanguage":"fr-FR","potentialAction":[{"@type":"CommentAction","name":"Comment","target":["https:\/\/lasentinelle.dz\/index.php\/2026\/03\/14\/cuir-et-textiles-un-plan-offensif-pour-ressusciter-la-filiere\/#respond"]}]},{"@type":"WebPage","@id":"https:\/\/lasentinelle.dz\/index.php\/2026\/03\/14\/cuir-et-textiles-un-plan-offensif-pour-ressusciter-la-filiere\/","url":"https:\/\/lasentinelle.dz\/index.php\/2026\/03\/14\/cuir-et-textiles-un-plan-offensif-pour-ressusciter-la-filiere\/","name":"Cuir et textiles\u00a0: Un plan offensif pour ressusciter la fili\u00e8re - La Sentinelle","isPartOf":{"@id":"https:\/\/lasentinelle.dz\/#website"},"primaryImageOfPage":{"@id":"https:\/\/lasentinelle.dz\/index.php\/2026\/03\/14\/cuir-et-textiles-un-plan-offensif-pour-ressusciter-la-filiere\/#primaryimage"},"image":{"@id":"https:\/\/lasentinelle.dz\/index.php\/2026\/03\/14\/cuir-et-textiles-un-plan-offensif-pour-ressusciter-la-filiere\/#primaryimage"},"thumbnailUrl":"https:\/\/lasentinelle.dz\/wp-content\/uploads\/2026\/03\/textile.jpeg","datePublished":"2026-03-14T19:25:27+00:00","dateModified":"2026-03-14T19:25:36+00:00","breadcrumb":{"@id":"https:\/\/lasentinelle.dz\/index.php\/2026\/03\/14\/cuir-et-textiles-un-plan-offensif-pour-ressusciter-la-filiere\/#breadcrumb"},"inLanguage":"fr-FR","potentialAction":[{"@type":"ReadAction","target":["https:\/\/lasentinelle.dz\/index.php\/2026\/03\/14\/cuir-et-textiles-un-plan-offensif-pour-ressusciter-la-filiere\/"]}]},{"@type":"ImageObject","inLanguage":"fr-FR","@id":"https:\/\/lasentinelle.dz\/index.php\/2026\/03\/14\/cuir-et-textiles-un-plan-offensif-pour-ressusciter-la-filiere\/#primaryimage","url":"https:\/\/lasentinelle.dz\/wp-content\/uploads\/2026\/03\/textile.jpeg","contentUrl":"https:\/\/lasentinelle.dz\/wp-content\/uploads\/2026\/03\/textile.jpeg","width":696,"height":464},{"@type":"BreadcrumbList","@id":"https:\/\/lasentinelle.dz\/index.php\/2026\/03\/14\/cuir-et-textiles-un-plan-offensif-pour-ressusciter-la-filiere\/#breadcrumb","itemListElement":[{"@type":"ListItem","position":1,"name":"Accueil","item":"https:\/\/lasentinelle.dz\/"},{"@type":"ListItem","position":2,"name":"Cuir et textiles\u00a0: Un plan offensif pour ressusciter la fili\u00e8re"}]},{"@type":"WebSite","@id":"https:\/\/lasentinelle.dz\/#website","url":"https:\/\/lasentinelle.dz\/","name":"La Sentinelle","description":"Quotidien national d&#039;information","publisher":{"@id":"https:\/\/lasentinelle.dz\/#organization"},"potentialAction":[{"@type":"SearchAction","target":{"@type":"EntryPoint","urlTemplate":"https:\/\/lasentinelle.dz\/?s={search_term_string}"},"query-input":{"@type":"PropertyValueSpecification","valueRequired":true,"valueName":"search_term_string"}}],"inLanguage":"fr-FR"},{"@type":"Organization","@id":"https:\/\/lasentinelle.dz\/#organization","name":"Quotidien La Sentinelle","url":"https:\/\/lasentinelle.dz\/","logo":{"@type":"ImageObject","inLanguage":"fr-FR","@id":"https:\/\/lasentinelle.dz\/#\/schema\/logo\/image\/","url":"https:\/\/lasentinelle.dz\/wp-content\/uploads\/2021\/09\/logo-sentinelleSLOGAN-1.png","contentUrl":"https:\/\/lasentinelle.dz\/wp-content\/uploads\/2021\/09\/logo-sentinelleSLOGAN-1.png","width":615,"height":142,"caption":"Quotidien La Sentinelle"},"image":{"@id":"https:\/\/lasentinelle.dz\/#\/schema\/logo\/image\/"},"sameAs":["https:\/\/www.facebook.com\/La-Sentinelle-104059864394773"]},{"@type":"Person","@id":"https:\/\/lasentinelle.dz\/#\/schema\/person\/729ee0024f24e0b8c5ec17232f8e8b41","name":"admin","image":{"@type":"ImageObject","inLanguage":"fr-FR","@id":"https:\/\/secure.gravatar.com\/avatar\/4c81fed838786e9b53f540bf46533e750f5d292099ae3b66cfc6fb1982e29df7?s=96&d=mm&r=g","url":"https:\/\/secure.gravatar.com\/avatar\/4c81fed838786e9b53f540bf46533e750f5d292099ae3b66cfc6fb1982e29df7?s=96&d=mm&r=g","contentUrl":"https:\/\/secure.gravatar.com\/avatar\/4c81fed838786e9b53f540bf46533e750f5d292099ae3b66cfc6fb1982e29df7?s=96&d=mm&r=g","caption":"admin"},"description":"admin","url":"https:\/\/lasentinelle.dz\/author\/admin\/"}]}},"_links":{"self":[{"href":"https:\/\/lasentinelle.dz\/index.php\/wp-json\/wp\/v2\/posts\/83524","targetHints":{"allow":["GET"]}}],"collection":[{"href":"https:\/\/lasentinelle.dz\/index.php\/wp-json\/wp\/v2\/posts"}],"about":[{"href":"https:\/\/lasentinelle.dz\/index.php\/wp-json\/wp\/v2\/types\/post"}],"author":[{"embeddable":true,"href":"https:\/\/lasentinelle.dz\/index.php\/wp-json\/wp\/v2\/users\/6"}],"replies":[{"embeddable":true,"href":"https:\/\/lasentinelle.dz\/index.php\/wp-json\/wp\/v2\/comments?post=83524"}],"version-history":[{"count":1,"href":"https:\/\/lasentinelle.dz\/index.php\/wp-json\/wp\/v2\/posts\/83524\/revisions"}],"predecessor-version":[{"id":83526,"href":"https:\/\/lasentinelle.dz\/index.php\/wp-json\/wp\/v2\/posts\/83524\/revisions\/83526"}],"wp:featuredmedia":[{"embeddable":true,"href":"https:\/\/lasentinelle.dz\/index.php\/wp-json\/wp\/v2\/media\/83525"}],"wp:attachment":[{"href":"https:\/\/lasentinelle.dz\/index.php\/wp-json\/wp\/v2\/media?parent=83524"}],"wp:term":[{"taxonomy":"category","embeddable":true,"href":"https:\/\/lasentinelle.dz\/index.php\/wp-json\/wp\/v2\/categories?post=83524"},{"taxonomy":"post_tag","embeddable":true,"href":"https:\/\/lasentinelle.dz\/index.php\/wp-json\/wp\/v2\/tags?post=83524"}],"curies":[{"name":"wp","href":"https:\/\/api.w.org\/{rel}","templated":true}]}}