{"id":83527,"date":"2026-03-14T20:27:04","date_gmt":"2026-03-14T19:27:04","guid":{"rendered":"https:\/\/lasentinelle.dz\/?p=83527"},"modified":"2026-03-14T20:27:05","modified_gmt":"2026-03-14T19:27:05","slug":"ghaza-amnesty-international-denonce-un-acte-de-guerre-delibere-visant-les-femmes-et-les-filles","status":"publish","type":"post","link":"https:\/\/lasentinelle.dz\/index.php\/2026\/03\/14\/ghaza-amnesty-international-denonce-un-acte-de-guerre-delibere-visant-les-femmes-et-les-filles\/","title":{"rendered":"Ghaza\u00a0: Amnesty International d\u00e9nonce un \u00ab acte de guerre d\u00e9lib\u00e9r\u00e9 visant les femmes et les filles \u00bb"},"content":{"rendered":"\n<p>Dans un rapport publi\u00e9 apr\u00e8s 29 mois d&rsquo;agression g\u00e9nocidaire sioniste contre Ghaza, Amnesty International s&rsquo;alarme de l&rsquo;effondrement du syst\u00e8me de sant\u00e9 palestinien, d\u00e9non\u00e7ant un \u00ab acte de guerre d\u00e9lib\u00e9r\u00e9 visant les femmes et les filles \u00bb qui s&rsquo;inscrit dans \u00ab la continuit\u00e9 du g\u00e9nocide \u00bb. La secr\u00e9taire g\u00e9n\u00e9rale d&rsquo;Amnesty International, Agn\u00e8s Callamard, n&rsquo;a pas us\u00e9 de circonlocutions. Dans ce document fond\u00e9 sur des entretiens men\u00e9s en f\u00e9vrier avec 41 femmes d\u00e9plac\u00e9es, dont plusieurs enceintes ou atteintes de cancers, et 26 professionnels de la sant\u00e9, elle fustige une \u00ab \u00e9rosion syst\u00e9matique \u00bb des droits des femmes palestiniennes, qualifiant la situation de catastrophe d\u00e9lib\u00e9r\u00e9ment entretenue. Les Palestiniennes ont \u00e9t\u00e9 pouss\u00e9es, selon elle, \u00ab au bord du pr\u00e9cipice \u00bb, victimes de souffrances \u00ab aggrav\u00e9es et potentiellement mortelles \u00bb, exacerb\u00e9es par les d\u00e9placements forc\u00e9s de masse et le blocage syst\u00e9matique de l&rsquo;aide humanitaire par l&rsquo;entit\u00e9 sioniste. Sur le terrain, les chiffres sont vertigineux. Pr\u00e8s de 60 % des points de sant\u00e9 sont hors d&rsquo;usage, selon l&rsquo;Organisation mondiale de la sant\u00e9. Les unit\u00e9s n\u00e9onatales fonctionnent jusqu&rsquo;\u00e0 170 % de leurs capacit\u00e9s, contraignant les soignants \u00e0 placer parfois trois nouveau-n\u00e9s par couveuse. 46 % des m\u00e9dicaments essentiels demeurent en rupture de stock, obligeant \u00e0 la r\u00e9utilisation de mat\u00e9riel \u00e0 usage unique ou au recours \u00e0 des anesth\u00e9siants p\u00e9rim\u00e9s. Les t\u00e9moignages recueillis par l&rsquo;ONG donnent un visage humain \u00e0 ces statistiques : Hind, 22 ans, raconte n&rsquo;avoir pes\u00e9 que 43 kilos \u00e0 l&rsquo;accouchement, donnant naissance \u00e0 un b\u00e9b\u00e9 pr\u00e9matur\u00e9 souffrant d&rsquo;une double infection pulmonaire, apr\u00e8s une grossesse v\u00e9cue dans une tente surpeupl\u00e9e, expos\u00e9e au froid et \u00e0 la pollution. Selon les Nations unies, 37 000 femmes enceintes et allaitantes souffriront de malnutrition aigu\u00eb d&rsquo;ici \u00e0 la mi-octobre 2026. Plus de 18 500 malades requi\u00e8rent une \u00e9vacuation m\u00e9dicale urgente, mais le processus est \u00ab compl\u00e8tement arr\u00eat\u00e9 \u00bb depuis la fermeture des points de passage, notamment Rafah.<\/p>\n\n\n\n<p>Ce tableau s&rsquo;inscrit dans un bilan global qui ne cesse de s&rsquo;alourdir. Depuis le 7 octobre 2023, l&rsquo;agression g\u00e9nocidaire sioniste a fait 72 234 martyrs et 171 852 bless\u00e9s, en majorit\u00e9 des femmes et des enfants, selon les autorit\u00e9s sanitaires palestiniennes. Depuis l&rsquo;entr\u00e9e en vigueur du cessez-le-feu le 10 octobre dernier, 658 Palestiniens sont encore tomb\u00e9s en martyrs. Sur le plan juridique, l&rsquo;isolement de l&rsquo;entit\u00e9 sioniste se renforce. L&rsquo;Islande et les Pays-Bas ont annonc\u00e9 rejoindre la plainte pour g\u00e9nocide initialement d\u00e9pos\u00e9e par l&rsquo;Afrique du Sud devant la Cour internationale de Justice le 29 d\u00e9cembre 2023. Leur adh\u00e9sion porte \u00e0 18 le nombre d&rsquo;\u00c9tats intervenants, aux c\u00f4t\u00e9s de l&rsquo;Espagne, de l&rsquo;Irlande, du Br\u00e9sil, de la Belgique et de la Norv\u00e8ge. Dans leur document d&rsquo;intervention, les Pays-Bas affirment que le d\u00e9placement forc\u00e9, la famine, la privation d&rsquo;aide humanitaire et les actes commis contre les enfants \u00ab peuvent \u00eatre consid\u00e9r\u00e9s comme des actes de g\u00e9nocide \u00bb, soulignant que ces pratiques \u00ab peuvent jouer un r\u00f4le d\u00e9terminant dans l&rsquo;\u00e9tablissement de l&rsquo;intention g\u00e9nocidaire \u00bb. Face \u00e0 ces \u00ab catastrophes en cascade \u00bb, Amnesty International appelle les \u00c9tats \u00e0 exercer une pression diplomatique et \u00e9conomique sur l&rsquo;entit\u00e9 sioniste pour lever \u00ab enti\u00e8rement \u00bb le blocus et garantir l&rsquo;acc\u00e8s vital aux soins.<\/p>\n\n\n\n<p>L.S.<\/p>\n","protected":false},"excerpt":{"rendered":"<p>Dans un rapport publi\u00e9 apr\u00e8s 29 mois d&rsquo;agression g\u00e9nocidaire sioniste contre Ghaza, Amnesty International s&rsquo;alarme de l&rsquo;effondrement du syst\u00e8me de<\/p>\n","protected":false},"author":6,"featured_media":21683,"comment_status":"open","ping_status":"closed","sticky":false,"template":"","format":"standard","meta":{"colormag_page_container_layout":"default_layout","colormag_page_sidebar_layout":"default_layout","om_disable_all_campaigns":false,"_monsterinsights_skip_tracking":false,"_monsterinsights_sitenote_active":false,"_monsterinsights_sitenote_note":"","_monsterinsights_sitenote_category":0,"footnotes":"","_wpscppro_dont_share_socialmedia":false,"_wpscppro_custom_social_share_image":0,"_facebook_share_type":"default","_twitter_share_type":"default","_linkedin_share_type":"default","_pinterest_share_type":"default","_linkedin_share_type_page":"","_instagram_share_type":"default","_medium_share_type":"default","_threads_share_type":"default","_google_business_share_type":"default","_selected_social_profile":[],"_wpsp_enable_custom_social_template":false,"_wpsp_social_scheduling":{"enabled":false,"datetime":null,"platforms":[],"status":"template_only","dateOption":"today","timeOption":"now","customDays":"","customHours":"","customDate":"","customTime":"","schedulingType":"absolute"},"_wpsp_active_default_template":true},"categories":[37],"tags":[],"class_list":["post-83527","post","type-post","status-publish","format-standard","has-post-thumbnail","hentry","category-monde"],"aioseo_notices":[],"yoast_head":"<!-- This site is optimized with the Yoast SEO plugin v27.5 - https:\/\/yoast.com\/product\/yoast-seo-wordpress\/ -->\n<title>Ghaza\u00a0: Amnesty International d\u00e9nonce un \u00ab acte de guerre d\u00e9lib\u00e9r\u00e9 visant les femmes et les filles \u00bb - La Sentinelle<\/title>\n<meta name=\"robots\" content=\"index, follow, max-snippet:-1, max-image-preview:large, max-video-preview:-1\" \/>\n<link rel=\"canonical\" href=\"https:\/\/lasentinelle.dz\/index.php\/2026\/03\/14\/ghaza-amnesty-international-denonce-un-acte-de-guerre-delibere-visant-les-femmes-et-les-filles\/\" \/>\n<meta property=\"og:locale\" content=\"fr_FR\" \/>\n<meta property=\"og:type\" content=\"article\" \/>\n<meta property=\"og:title\" content=\"Ghaza\u00a0: Amnesty International d\u00e9nonce un \u00ab acte de guerre d\u00e9lib\u00e9r\u00e9 visant les femmes et les filles \u00bb - La Sentinelle\" \/>\n<meta property=\"og:description\" content=\"Dans un rapport publi\u00e9 apr\u00e8s 29 mois d&rsquo;agression g\u00e9nocidaire sioniste contre Ghaza, Amnesty International s&rsquo;alarme de l&rsquo;effondrement du syst\u00e8me de\" \/>\n<meta property=\"og:url\" content=\"https:\/\/lasentinelle.dz\/index.php\/2026\/03\/14\/ghaza-amnesty-international-denonce-un-acte-de-guerre-delibere-visant-les-femmes-et-les-filles\/\" \/>\n<meta property=\"og:site_name\" content=\"La Sentinelle\" \/>\n<meta property=\"article:publisher\" content=\"https:\/\/www.facebook.com\/La-Sentinelle-104059864394773\" \/>\n<meta property=\"article:published_time\" content=\"2026-03-14T19:27:04+00:00\" \/>\n<meta property=\"article:modified_time\" content=\"2026-03-14T19:27:05+00:00\" \/>\n<meta property=\"og:image\" content=\"https:\/\/lasentinelle.dz\/wp-content\/uploads\/2022\/05\/Amnesty-International.png\" \/>\n\t<meta property=\"og:image:width\" content=\"1343\" \/>\n\t<meta property=\"og:image:height\" content=\"900\" \/>\n\t<meta property=\"og:image:type\" content=\"image\/png\" \/>\n<meta name=\"author\" content=\"admin\" \/>\n<meta name=\"twitter:card\" content=\"summary_large_image\" \/>\n<meta name=\"twitter:label1\" content=\"\u00c9crit par\" \/>\n\t<meta name=\"twitter:data1\" content=\"admin\" \/>\n\t<meta name=\"twitter:label2\" content=\"Dur\u00e9e de lecture estim\u00e9e\" \/>\n\t<meta name=\"twitter:data2\" content=\"3 minutes\" \/>\n<script type=\"application\/ld+json\" class=\"yoast-schema-graph\">{\"@context\":\"https:\\\/\\\/schema.org\",\"@graph\":[{\"@type\":\"Article\",\"@id\":\"https:\\\/\\\/lasentinelle.dz\\\/index.php\\\/2026\\\/03\\\/14\\\/ghaza-amnesty-international-denonce-un-acte-de-guerre-delibere-visant-les-femmes-et-les-filles\\\/#article\",\"isPartOf\":{\"@id\":\"https:\\\/\\\/lasentinelle.dz\\\/index.php\\\/2026\\\/03\\\/14\\\/ghaza-amnesty-international-denonce-un-acte-de-guerre-delibere-visant-les-femmes-et-les-filles\\\/\"},\"author\":{\"name\":\"admin\",\"@id\":\"https:\\\/\\\/lasentinelle.dz\\\/#\\\/schema\\\/person\\\/729ee0024f24e0b8c5ec17232f8e8b41\"},\"headline\":\"Ghaza\u00a0: Amnesty International d\u00e9nonce un \u00ab acte de guerre d\u00e9lib\u00e9r\u00e9 visant les femmes et les filles \u00bb\",\"datePublished\":\"2026-03-14T19:27:04+00:00\",\"dateModified\":\"2026-03-14T19:27:05+00:00\",\"mainEntityOfPage\":{\"@id\":\"https:\\\/\\\/lasentinelle.dz\\\/index.php\\\/2026\\\/03\\\/14\\\/ghaza-amnesty-international-denonce-un-acte-de-guerre-delibere-visant-les-femmes-et-les-filles\\\/\"},\"wordCount\":577,\"commentCount\":0,\"publisher\":{\"@id\":\"https:\\\/\\\/lasentinelle.dz\\\/#organization\"},\"image\":{\"@id\":\"https:\\\/\\\/lasentinelle.dz\\\/index.php\\\/2026\\\/03\\\/14\\\/ghaza-amnesty-international-denonce-un-acte-de-guerre-delibere-visant-les-femmes-et-les-filles\\\/#primaryimage\"},\"thumbnailUrl\":\"https:\\\/\\\/lasentinelle.dz\\\/wp-content\\\/uploads\\\/2022\\\/05\\\/Amnesty-International.png\",\"articleSection\":[\"Monde\"],\"inLanguage\":\"fr-FR\",\"potentialAction\":[{\"@type\":\"CommentAction\",\"name\":\"Comment\",\"target\":[\"https:\\\/\\\/lasentinelle.dz\\\/index.php\\\/2026\\\/03\\\/14\\\/ghaza-amnesty-international-denonce-un-acte-de-guerre-delibere-visant-les-femmes-et-les-filles\\\/#respond\"]}]},{\"@type\":\"WebPage\",\"@id\":\"https:\\\/\\\/lasentinelle.dz\\\/index.php\\\/2026\\\/03\\\/14\\\/ghaza-amnesty-international-denonce-un-acte-de-guerre-delibere-visant-les-femmes-et-les-filles\\\/\",\"url\":\"https:\\\/\\\/lasentinelle.dz\\\/index.php\\\/2026\\\/03\\\/14\\\/ghaza-amnesty-international-denonce-un-acte-de-guerre-delibere-visant-les-femmes-et-les-filles\\\/\",\"name\":\"Ghaza\u00a0: Amnesty International d\u00e9nonce un \u00ab acte de guerre d\u00e9lib\u00e9r\u00e9 visant les femmes et les filles \u00bb - La Sentinelle\",\"isPartOf\":{\"@id\":\"https:\\\/\\\/lasentinelle.dz\\\/#website\"},\"primaryImageOfPage\":{\"@id\":\"https:\\\/\\\/lasentinelle.dz\\\/index.php\\\/2026\\\/03\\\/14\\\/ghaza-amnesty-international-denonce-un-acte-de-guerre-delibere-visant-les-femmes-et-les-filles\\\/#primaryimage\"},\"image\":{\"@id\":\"https:\\\/\\\/lasentinelle.dz\\\/index.php\\\/2026\\\/03\\\/14\\\/ghaza-amnesty-international-denonce-un-acte-de-guerre-delibere-visant-les-femmes-et-les-filles\\\/#primaryimage\"},\"thumbnailUrl\":\"https:\\\/\\\/lasentinelle.dz\\\/wp-content\\\/uploads\\\/2022\\\/05\\\/Amnesty-International.png\",\"datePublished\":\"2026-03-14T19:27:04+00:00\",\"dateModified\":\"2026-03-14T19:27:05+00:00\",\"breadcrumb\":{\"@id\":\"https:\\\/\\\/lasentinelle.dz\\\/index.php\\\/2026\\\/03\\\/14\\\/ghaza-amnesty-international-denonce-un-acte-de-guerre-delibere-visant-les-femmes-et-les-filles\\\/#breadcrumb\"},\"inLanguage\":\"fr-FR\",\"potentialAction\":[{\"@type\":\"ReadAction\",\"target\":[\"https:\\\/\\\/lasentinelle.dz\\\/index.php\\\/2026\\\/03\\\/14\\\/ghaza-amnesty-international-denonce-un-acte-de-guerre-delibere-visant-les-femmes-et-les-filles\\\/\"]}]},{\"@type\":\"ImageObject\",\"inLanguage\":\"fr-FR\",\"@id\":\"https:\\\/\\\/lasentinelle.dz\\\/index.php\\\/2026\\\/03\\\/14\\\/ghaza-amnesty-international-denonce-un-acte-de-guerre-delibere-visant-les-femmes-et-les-filles\\\/#primaryimage\",\"url\":\"https:\\\/\\\/lasentinelle.dz\\\/wp-content\\\/uploads\\\/2022\\\/05\\\/Amnesty-International.png\",\"contentUrl\":\"https:\\\/\\\/lasentinelle.dz\\\/wp-content\\\/uploads\\\/2022\\\/05\\\/Amnesty-International.png\",\"width\":1343,\"height\":900},{\"@type\":\"BreadcrumbList\",\"@id\":\"https:\\\/\\\/lasentinelle.dz\\\/index.php\\\/2026\\\/03\\\/14\\\/ghaza-amnesty-international-denonce-un-acte-de-guerre-delibere-visant-les-femmes-et-les-filles\\\/#breadcrumb\",\"itemListElement\":[{\"@type\":\"ListItem\",\"position\":1,\"name\":\"Accueil\",\"item\":\"https:\\\/\\\/lasentinelle.dz\\\/\"},{\"@type\":\"ListItem\",\"position\":2,\"name\":\"Ghaza\u00a0: Amnesty International d\u00e9nonce un \u00ab acte de guerre d\u00e9lib\u00e9r\u00e9 visant les femmes et les filles \u00bb\"}]},{\"@type\":\"WebSite\",\"@id\":\"https:\\\/\\\/lasentinelle.dz\\\/#website\",\"url\":\"https:\\\/\\\/lasentinelle.dz\\\/\",\"name\":\"La Sentinelle\",\"description\":\"Quotidien national d&#039;information\",\"publisher\":{\"@id\":\"https:\\\/\\\/lasentinelle.dz\\\/#organization\"},\"potentialAction\":[{\"@type\":\"SearchAction\",\"target\":{\"@type\":\"EntryPoint\",\"urlTemplate\":\"https:\\\/\\\/lasentinelle.dz\\\/?s={search_term_string}\"},\"query-input\":{\"@type\":\"PropertyValueSpecification\",\"valueRequired\":true,\"valueName\":\"search_term_string\"}}],\"inLanguage\":\"fr-FR\"},{\"@type\":\"Organization\",\"@id\":\"https:\\\/\\\/lasentinelle.dz\\\/#organization\",\"name\":\"Quotidien La Sentinelle\",\"url\":\"https:\\\/\\\/lasentinelle.dz\\\/\",\"logo\":{\"@type\":\"ImageObject\",\"inLanguage\":\"fr-FR\",\"@id\":\"https:\\\/\\\/lasentinelle.dz\\\/#\\\/schema\\\/logo\\\/image\\\/\",\"url\":\"https:\\\/\\\/lasentinelle.dz\\\/wp-content\\\/uploads\\\/2021\\\/09\\\/logo-sentinelleSLOGAN-1.png\",\"contentUrl\":\"https:\\\/\\\/lasentinelle.dz\\\/wp-content\\\/uploads\\\/2021\\\/09\\\/logo-sentinelleSLOGAN-1.png\",\"width\":615,\"height\":142,\"caption\":\"Quotidien La Sentinelle\"},\"image\":{\"@id\":\"https:\\\/\\\/lasentinelle.dz\\\/#\\\/schema\\\/logo\\\/image\\\/\"},\"sameAs\":[\"https:\\\/\\\/www.facebook.com\\\/La-Sentinelle-104059864394773\"]},{\"@type\":\"Person\",\"@id\":\"https:\\\/\\\/lasentinelle.dz\\\/#\\\/schema\\\/person\\\/729ee0024f24e0b8c5ec17232f8e8b41\",\"name\":\"admin\",\"image\":{\"@type\":\"ImageObject\",\"inLanguage\":\"fr-FR\",\"@id\":\"https:\\\/\\\/secure.gravatar.com\\\/avatar\\\/4c81fed838786e9b53f540bf46533e750f5d292099ae3b66cfc6fb1982e29df7?s=96&d=mm&r=g\",\"url\":\"https:\\\/\\\/secure.gravatar.com\\\/avatar\\\/4c81fed838786e9b53f540bf46533e750f5d292099ae3b66cfc6fb1982e29df7?s=96&d=mm&r=g\",\"contentUrl\":\"https:\\\/\\\/secure.gravatar.com\\\/avatar\\\/4c81fed838786e9b53f540bf46533e750f5d292099ae3b66cfc6fb1982e29df7?s=96&d=mm&r=g\",\"caption\":\"admin\"},\"description\":\"admin\",\"url\":\"https:\\\/\\\/lasentinelle.dz\\\/author\\\/admin\\\/\"}]}<\/script>\n<!-- \/ Yoast SEO plugin. -->","yoast_head_json":{"title":"Ghaza\u00a0: Amnesty International d\u00e9nonce un \u00ab acte de guerre d\u00e9lib\u00e9r\u00e9 visant les femmes et les filles \u00bb - La Sentinelle","robots":{"index":"index","follow":"follow","max-snippet":"max-snippet:-1","max-image-preview":"max-image-preview:large","max-video-preview":"max-video-preview:-1"},"canonical":"https:\/\/lasentinelle.dz\/index.php\/2026\/03\/14\/ghaza-amnesty-international-denonce-un-acte-de-guerre-delibere-visant-les-femmes-et-les-filles\/","og_locale":"fr_FR","og_type":"article","og_title":"Ghaza\u00a0: Amnesty International d\u00e9nonce un \u00ab acte de guerre d\u00e9lib\u00e9r\u00e9 visant les femmes et les filles \u00bb - La Sentinelle","og_description":"Dans un rapport publi\u00e9 apr\u00e8s 29 mois d&rsquo;agression g\u00e9nocidaire sioniste contre Ghaza, Amnesty International s&rsquo;alarme de l&rsquo;effondrement du syst\u00e8me de","og_url":"https:\/\/lasentinelle.dz\/index.php\/2026\/03\/14\/ghaza-amnesty-international-denonce-un-acte-de-guerre-delibere-visant-les-femmes-et-les-filles\/","og_site_name":"La Sentinelle","article_publisher":"https:\/\/www.facebook.com\/La-Sentinelle-104059864394773","article_published_time":"2026-03-14T19:27:04+00:00","article_modified_time":"2026-03-14T19:27:05+00:00","og_image":[{"width":1343,"height":900,"url":"https:\/\/lasentinelle.dz\/wp-content\/uploads\/2022\/05\/Amnesty-International.png","type":"image\/png"}],"author":"admin","twitter_card":"summary_large_image","twitter_misc":{"\u00c9crit par":"admin","Dur\u00e9e de lecture estim\u00e9e":"3 minutes"},"schema":{"@context":"https:\/\/schema.org","@graph":[{"@type":"Article","@id":"https:\/\/lasentinelle.dz\/index.php\/2026\/03\/14\/ghaza-amnesty-international-denonce-un-acte-de-guerre-delibere-visant-les-femmes-et-les-filles\/#article","isPartOf":{"@id":"https:\/\/lasentinelle.dz\/index.php\/2026\/03\/14\/ghaza-amnesty-international-denonce-un-acte-de-guerre-delibere-visant-les-femmes-et-les-filles\/"},"author":{"name":"admin","@id":"https:\/\/lasentinelle.dz\/#\/schema\/person\/729ee0024f24e0b8c5ec17232f8e8b41"},"headline":"Ghaza\u00a0: Amnesty International d\u00e9nonce un \u00ab acte de guerre d\u00e9lib\u00e9r\u00e9 visant les femmes et les filles \u00bb","datePublished":"2026-03-14T19:27:04+00:00","dateModified":"2026-03-14T19:27:05+00:00","mainEntityOfPage":{"@id":"https:\/\/lasentinelle.dz\/index.php\/2026\/03\/14\/ghaza-amnesty-international-denonce-un-acte-de-guerre-delibere-visant-les-femmes-et-les-filles\/"},"wordCount":577,"commentCount":0,"publisher":{"@id":"https:\/\/lasentinelle.dz\/#organization"},"image":{"@id":"https:\/\/lasentinelle.dz\/index.php\/2026\/03\/14\/ghaza-amnesty-international-denonce-un-acte-de-guerre-delibere-visant-les-femmes-et-les-filles\/#primaryimage"},"thumbnailUrl":"https:\/\/lasentinelle.dz\/wp-content\/uploads\/2022\/05\/Amnesty-International.png","articleSection":["Monde"],"inLanguage":"fr-FR","potentialAction":[{"@type":"CommentAction","name":"Comment","target":["https:\/\/lasentinelle.dz\/index.php\/2026\/03\/14\/ghaza-amnesty-international-denonce-un-acte-de-guerre-delibere-visant-les-femmes-et-les-filles\/#respond"]}]},{"@type":"WebPage","@id":"https:\/\/lasentinelle.dz\/index.php\/2026\/03\/14\/ghaza-amnesty-international-denonce-un-acte-de-guerre-delibere-visant-les-femmes-et-les-filles\/","url":"https:\/\/lasentinelle.dz\/index.php\/2026\/03\/14\/ghaza-amnesty-international-denonce-un-acte-de-guerre-delibere-visant-les-femmes-et-les-filles\/","name":"Ghaza\u00a0: Amnesty International d\u00e9nonce un \u00ab acte de guerre d\u00e9lib\u00e9r\u00e9 visant les femmes et les filles \u00bb - La Sentinelle","isPartOf":{"@id":"https:\/\/lasentinelle.dz\/#website"},"primaryImageOfPage":{"@id":"https:\/\/lasentinelle.dz\/index.php\/2026\/03\/14\/ghaza-amnesty-international-denonce-un-acte-de-guerre-delibere-visant-les-femmes-et-les-filles\/#primaryimage"},"image":{"@id":"https:\/\/lasentinelle.dz\/index.php\/2026\/03\/14\/ghaza-amnesty-international-denonce-un-acte-de-guerre-delibere-visant-les-femmes-et-les-filles\/#primaryimage"},"thumbnailUrl":"https:\/\/lasentinelle.dz\/wp-content\/uploads\/2022\/05\/Amnesty-International.png","datePublished":"2026-03-14T19:27:04+00:00","dateModified":"2026-03-14T19:27:05+00:00","breadcrumb":{"@id":"https:\/\/lasentinelle.dz\/index.php\/2026\/03\/14\/ghaza-amnesty-international-denonce-un-acte-de-guerre-delibere-visant-les-femmes-et-les-filles\/#breadcrumb"},"inLanguage":"fr-FR","potentialAction":[{"@type":"ReadAction","target":["https:\/\/lasentinelle.dz\/index.php\/2026\/03\/14\/ghaza-amnesty-international-denonce-un-acte-de-guerre-delibere-visant-les-femmes-et-les-filles\/"]}]},{"@type":"ImageObject","inLanguage":"fr-FR","@id":"https:\/\/lasentinelle.dz\/index.php\/2026\/03\/14\/ghaza-amnesty-international-denonce-un-acte-de-guerre-delibere-visant-les-femmes-et-les-filles\/#primaryimage","url":"https:\/\/lasentinelle.dz\/wp-content\/uploads\/2022\/05\/Amnesty-International.png","contentUrl":"https:\/\/lasentinelle.dz\/wp-content\/uploads\/2022\/05\/Amnesty-International.png","width":1343,"height":900},{"@type":"BreadcrumbList","@id":"https:\/\/lasentinelle.dz\/index.php\/2026\/03\/14\/ghaza-amnesty-international-denonce-un-acte-de-guerre-delibere-visant-les-femmes-et-les-filles\/#breadcrumb","itemListElement":[{"@type":"ListItem","position":1,"name":"Accueil","item":"https:\/\/lasentinelle.dz\/"},{"@type":"ListItem","position":2,"name":"Ghaza\u00a0: Amnesty International d\u00e9nonce un \u00ab acte de guerre d\u00e9lib\u00e9r\u00e9 visant les femmes et les filles \u00bb"}]},{"@type":"WebSite","@id":"https:\/\/lasentinelle.dz\/#website","url":"https:\/\/lasentinelle.dz\/","name":"La Sentinelle","description":"Quotidien national d&#039;information","publisher":{"@id":"https:\/\/lasentinelle.dz\/#organization"},"potentialAction":[{"@type":"SearchAction","target":{"@type":"EntryPoint","urlTemplate":"https:\/\/lasentinelle.dz\/?s={search_term_string}"},"query-input":{"@type":"PropertyValueSpecification","valueRequired":true,"valueName":"search_term_string"}}],"inLanguage":"fr-FR"},{"@type":"Organization","@id":"https:\/\/lasentinelle.dz\/#organization","name":"Quotidien La Sentinelle","url":"https:\/\/lasentinelle.dz\/","logo":{"@type":"ImageObject","inLanguage":"fr-FR","@id":"https:\/\/lasentinelle.dz\/#\/schema\/logo\/image\/","url":"https:\/\/lasentinelle.dz\/wp-content\/uploads\/2021\/09\/logo-sentinelleSLOGAN-1.png","contentUrl":"https:\/\/lasentinelle.dz\/wp-content\/uploads\/2021\/09\/logo-sentinelleSLOGAN-1.png","width":615,"height":142,"caption":"Quotidien La Sentinelle"},"image":{"@id":"https:\/\/lasentinelle.dz\/#\/schema\/logo\/image\/"},"sameAs":["https:\/\/www.facebook.com\/La-Sentinelle-104059864394773"]},{"@type":"Person","@id":"https:\/\/lasentinelle.dz\/#\/schema\/person\/729ee0024f24e0b8c5ec17232f8e8b41","name":"admin","image":{"@type":"ImageObject","inLanguage":"fr-FR","@id":"https:\/\/secure.gravatar.com\/avatar\/4c81fed838786e9b53f540bf46533e750f5d292099ae3b66cfc6fb1982e29df7?s=96&d=mm&r=g","url":"https:\/\/secure.gravatar.com\/avatar\/4c81fed838786e9b53f540bf46533e750f5d292099ae3b66cfc6fb1982e29df7?s=96&d=mm&r=g","contentUrl":"https:\/\/secure.gravatar.com\/avatar\/4c81fed838786e9b53f540bf46533e750f5d292099ae3b66cfc6fb1982e29df7?s=96&d=mm&r=g","caption":"admin"},"description":"admin","url":"https:\/\/lasentinelle.dz\/author\/admin\/"}]}},"_links":{"self":[{"href":"https:\/\/lasentinelle.dz\/index.php\/wp-json\/wp\/v2\/posts\/83527","targetHints":{"allow":["GET"]}}],"collection":[{"href":"https:\/\/lasentinelle.dz\/index.php\/wp-json\/wp\/v2\/posts"}],"about":[{"href":"https:\/\/lasentinelle.dz\/index.php\/wp-json\/wp\/v2\/types\/post"}],"author":[{"embeddable":true,"href":"https:\/\/lasentinelle.dz\/index.php\/wp-json\/wp\/v2\/users\/6"}],"replies":[{"embeddable":true,"href":"https:\/\/lasentinelle.dz\/index.php\/wp-json\/wp\/v2\/comments?post=83527"}],"version-history":[{"count":1,"href":"https:\/\/lasentinelle.dz\/index.php\/wp-json\/wp\/v2\/posts\/83527\/revisions"}],"predecessor-version":[{"id":83528,"href":"https:\/\/lasentinelle.dz\/index.php\/wp-json\/wp\/v2\/posts\/83527\/revisions\/83528"}],"wp:featuredmedia":[{"embeddable":true,"href":"https:\/\/lasentinelle.dz\/index.php\/wp-json\/wp\/v2\/media\/21683"}],"wp:attachment":[{"href":"https:\/\/lasentinelle.dz\/index.php\/wp-json\/wp\/v2\/media?parent=83527"}],"wp:term":[{"taxonomy":"category","embeddable":true,"href":"https:\/\/lasentinelle.dz\/index.php\/wp-json\/wp\/v2\/categories?post=83527"},{"taxonomy":"post_tag","embeddable":true,"href":"https:\/\/lasentinelle.dz\/index.php\/wp-json\/wp\/v2\/tags?post=83527"}],"curies":[{"name":"wp","href":"https:\/\/api.w.org\/{rel}","templated":true}]}}