{"id":83529,"date":"2026-03-14T20:28:21","date_gmt":"2026-03-14T19:28:21","guid":{"rendered":"https:\/\/lasentinelle.dz\/?p=83529"},"modified":"2026-03-14T20:28:22","modified_gmt":"2026-03-14T19:28:22","slug":"liban-le-hezbollah-se-dit-pret-a-une-longue-confrontation","status":"publish","type":"post","link":"https:\/\/lasentinelle.dz\/index.php\/2026\/03\/14\/liban-le-hezbollah-se-dit-pret-a-une-longue-confrontation\/","title":{"rendered":"Liban\u00a0: Le Hezbollah se dit pr\u00eat \u00e0 une \u00ab longue confrontation \u00bb"},"content":{"rendered":"\n<p>\u00c0 l&rsquo;occasion de la Journ\u00e9e mondiale d&rsquo;Al-Qods, le secr\u00e9taire g\u00e9n\u00e9ral du Hezbollah, Na\u00efm Qassem, a affirm\u00e9 vendredi que son mouvement \u00e9tait engag\u00e9 dans une \u00ab longue confrontation \u00bb contre l&rsquo;entit\u00e9 sioniste et se pr\u00e9parait \u00e0 une guerre de longue dur\u00e9e. Des d\u00e9clarations qui interviennent dans un contexte d&rsquo;escalade militaire sans pr\u00e9c\u00e9dent : les frappes sur le Liban ont fait au moins 24 morts en une seule journ\u00e9e, d\u00e9pla\u00e7ant plus de 882 000 personnes et plongeant le pays dans une catastrophe humanitaire. C&rsquo;est dans une allocution solennelle diffus\u00e9e vendredi que Na\u00efm Qassem a choisi de hausser le ton. Le chef du Hezbollah a assur\u00e9 que son mouvement \u00ab surprendrait l&rsquo;ennemi sur le terrain \u00bb et que \u00ab les solutions diplomatiques ont \u00e9chou\u00e9 \u00e0 mettre fin aux agressions \u00bb. Dressant un tableau sombre de la situation, il a estim\u00e9 que le Liban faisait face \u00e0 un \u00ab assaut isra\u00e9lo-am\u00e9ricain \u00bb depuis plus de quinze mois, marqu\u00e9 par des bombardements, des d\u00e9placements forc\u00e9s et des destructions massives, avant de conclure : \u00ab Il n&rsquo;y a pas d&rsquo;autre issue que la r\u00e9sistance. \u00bb<\/p>\n\n\n\n<p>Sur le terrain, les faits donnent une mesure concr\u00e8te de l&rsquo;intensit\u00e9 du conflit. Selon l&rsquo;agence de presse libanaise ANI, les frappes de l&rsquo;arm\u00e9e sioniste ont fait au moins 24 morts en une seule journ\u00e9e. Pour le deuxi\u00e8me jour cons\u00e9cutif, un raid a\u00e9rien a vis\u00e9 la zone de Nabaa \u00e0 Bourj Hammoud, tandis qu&rsquo;un autre ciblait un appartement r\u00e9sidentiel \u00e0 Haret Sa\u00efda. Au cours de la nuit, plusieurs localit\u00e9s du sud ont \u00e9t\u00e9 bombard\u00e9es, notamment Bint Jbeil, A\u00efnata, A\u00eftaroun et les abords de Maroun el-Ras. La frappe sur Bourj Qalaouiyeh a co\u00fbt\u00e9 la vie \u00e0 un m\u00e9decin originaire de Deir Qanoun. \u00c0 Nabatiy\u00e9, le bilan du bombardement du quartier des Religieuses s&rsquo;est alourdi \u00e0 sept morts. Depuis le d\u00e9but du mois de mars, le minist\u00e8re libanais de la Sant\u00e9 fait \u00e9tat de 773 martyrs, dont 103 enfants, et de 1 933 bless\u00e9s.<\/p>\n\n\n\n<p>La dimension humanitaire de cette escalade est tout aussi accablante. Depuis le 2 mars, les raids et les ordres d&rsquo;\u00e9vacuation ont provoqu\u00e9 le d\u00e9placement de plus de 882 000 personnes, dont pr\u00e8s de 300 000 enfants. Le porte-parole du secr\u00e9taire g\u00e9n\u00e9ral de l&rsquo;ONU, St\u00e9phane Dujarric, a pr\u00e9cis\u00e9 que 28 000 personnes \u00e9taient h\u00e9berg\u00e9es dans pr\u00e8s de 600 sites collectifs \u00e0 travers le pays, tout en reconnaissant que \u00ab le nombre r\u00e9el de personnes d\u00e9plac\u00e9es est beaucoup plus \u00e9lev\u00e9 \u00bb. 55 h\u00f4pitaux et cliniques ont \u00e9t\u00e9 contraints de fermer, soit parce qu&rsquo;ils se trouvaient dans des zones vis\u00e9es par des ordres d&rsquo;\u00e9vacuation massive, soit parce qu&rsquo;ils avaient subi des dommages directs.<\/p>\n\n\n\n<p>Parmi les victimes les plus vuln\u00e9rables de cette guerre figurent les femmes enceintes. L&rsquo;Agence des Nations unies charg\u00e9e des questions de sant\u00e9 sexuelle et reproductive (UNFPA) alerte sur le sort de plus de 11 600 femmes enceintes prises dans le conflit. Sa repr\u00e9sentante au Liban, Anandita Philipose, a d\u00e9clar\u00e9 depuis Beyrouth que \u00ab beaucoup de ces femmes ont \u00e9t\u00e9 contraintes de rester chez elles, coup\u00e9es des services de sant\u00e9 essentiels, et oblig\u00e9es d&rsquo;accoucher dans des conditions dangereuses, certaines m\u00eame au bord de la route \u00bb, ajoutant que \u00ab dans chaque crise, les femmes et les filles sont confront\u00e9es \u00e0 des risques sp\u00e9cifiques et potentiellement mortels \u00bb. Quelque 4 000 d&rsquo;entre elles devraient accoucher dans les trois prochains mois.<\/p>\n\n\n\n<p>C&rsquo;est dans ce contexte que le secr\u00e9taire g\u00e9n\u00e9ral de l&rsquo;ONU, Antonio Guterres, a fait le d\u00e9placement \u00e0 Beyrouth, arrivant vendredi au lendemain de violentes frappes sur la capitale pour marquer sa solidarit\u00e9 avec la population libanaise. Re\u00e7u par le pr\u00e9sident du Parlement Nabih Berri puis par le Premier ministre Nawaf Salam, il a plaid\u00e9 pour \u00ab un cessez-le-feu imm\u00e9diat \u00bb et lanc\u00e9, conjointement avec le gouvernement libanais, un appel humanitaire d&rsquo;urgence de plus de 308 millions de dollars destin\u00e9 \u00e0 financer l&rsquo;aide aux populations sinistr\u00e9es durant les trois prochains mois. \u00ab La solidarit\u00e9 en paroles doit s&rsquo;accompagner d&rsquo;une solidarit\u00e9 en actes \u00bb, a-t-il martel\u00e9, avant de promettre au peuple libanais que \u00ab les Nations unies feront tout ce qui est possible afin de mettre fin \u00e0 ce cauchemar. \u00bb En violation du cessez-le-feu conclu fin novembre 2024, l&rsquo;arm\u00e9e d\u2019occupation sioniste poursuit ses agressions, ignorant jusqu&rsquo;ici les appels r\u00e9p\u00e9t\u00e9s de la communaut\u00e9 internationale.<\/p>\n\n\n\n<p>L.S.<\/p>\n","protected":false},"excerpt":{"rendered":"<p>\u00c0 l&rsquo;occasion de la Journ\u00e9e mondiale d&rsquo;Al-Qods, le secr\u00e9taire g\u00e9n\u00e9ral du Hezbollah, Na\u00efm Qassem, a affirm\u00e9 vendredi que son mouvement<\/p>\n","protected":false},"author":6,"featured_media":83530,"comment_status":"open","ping_status":"closed","sticky":false,"template":"","format":"standard","meta":{"colormag_page_container_layout":"default_layout","colormag_page_sidebar_layout":"default_layout","om_disable_all_campaigns":false,"_monsterinsights_skip_tracking":false,"_monsterinsights_sitenote_active":false,"_monsterinsights_sitenote_note":"","_monsterinsights_sitenote_category":0,"footnotes":"","_wpscppro_dont_share_socialmedia":false,"_wpscppro_custom_social_share_image":0,"_facebook_share_type":"default","_twitter_share_type":"default","_linkedin_share_type":"default","_pinterest_share_type":"default","_linkedin_share_type_page":"","_instagram_share_type":"default","_medium_share_type":"default","_threads_share_type":"default","_google_business_share_type":"default","_selected_social_profile":[],"_wpsp_enable_custom_social_template":false,"_wpsp_social_scheduling":{"enabled":false,"datetime":null,"platforms":[],"status":"template_only","dateOption":"today","timeOption":"now","customDays":"","customHours":"","customDate":"","customTime":"","schedulingType":"absolute"},"_wpsp_active_default_template":true},"categories":[37],"tags":[],"class_list":["post-83529","post","type-post","status-publish","format-standard","has-post-thumbnail","hentry","category-monde"],"aioseo_notices":[],"yoast_head":"<!-- This site is optimized with the Yoast SEO plugin v27.5 - https:\/\/yoast.com\/product\/yoast-seo-wordpress\/ -->\n<title>Liban\u00a0: Le Hezbollah se dit pr\u00eat \u00e0 une \u00ab longue confrontation \u00bb - La Sentinelle<\/title>\n<meta name=\"robots\" content=\"index, follow, max-snippet:-1, max-image-preview:large, max-video-preview:-1\" \/>\n<link rel=\"canonical\" href=\"https:\/\/lasentinelle.dz\/index.php\/2026\/03\/14\/liban-le-hezbollah-se-dit-pret-a-une-longue-confrontation\/\" \/>\n<meta property=\"og:locale\" content=\"fr_FR\" \/>\n<meta property=\"og:type\" content=\"article\" \/>\n<meta property=\"og:title\" content=\"Liban\u00a0: Le Hezbollah se dit pr\u00eat \u00e0 une \u00ab longue confrontation \u00bb - La Sentinelle\" \/>\n<meta property=\"og:description\" content=\"\u00c0 l&rsquo;occasion de la Journ\u00e9e mondiale d&rsquo;Al-Qods, le secr\u00e9taire g\u00e9n\u00e9ral du Hezbollah, Na\u00efm Qassem, a affirm\u00e9 vendredi que son mouvement\" \/>\n<meta property=\"og:url\" content=\"https:\/\/lasentinelle.dz\/index.php\/2026\/03\/14\/liban-le-hezbollah-se-dit-pret-a-une-longue-confrontation\/\" \/>\n<meta property=\"og:site_name\" content=\"La Sentinelle\" \/>\n<meta property=\"article:publisher\" content=\"https:\/\/www.facebook.com\/La-Sentinelle-104059864394773\" \/>\n<meta property=\"article:published_time\" content=\"2026-03-14T19:28:21+00:00\" \/>\n<meta property=\"article:modified_time\" content=\"2026-03-14T19:28:22+00:00\" \/>\n<meta property=\"og:image\" content=\"https:\/\/lasentinelle.dz\/wp-content\/uploads\/2026\/03\/Naim-Qassem.jpeg\" \/>\n\t<meta property=\"og:image:width\" content=\"300\" \/>\n\t<meta property=\"og:image:height\" content=\"168\" \/>\n\t<meta property=\"og:image:type\" content=\"image\/jpeg\" \/>\n<meta name=\"author\" content=\"admin\" \/>\n<meta name=\"twitter:card\" content=\"summary_large_image\" \/>\n<meta name=\"twitter:label1\" content=\"\u00c9crit par\" \/>\n\t<meta name=\"twitter:data1\" content=\"admin\" \/>\n\t<meta name=\"twitter:label2\" content=\"Dur\u00e9e de lecture estim\u00e9e\" \/>\n\t<meta name=\"twitter:data2\" content=\"4 minutes\" \/>\n<script type=\"application\/ld+json\" class=\"yoast-schema-graph\">{\"@context\":\"https:\\\/\\\/schema.org\",\"@graph\":[{\"@type\":\"Article\",\"@id\":\"https:\\\/\\\/lasentinelle.dz\\\/index.php\\\/2026\\\/03\\\/14\\\/liban-le-hezbollah-se-dit-pret-a-une-longue-confrontation\\\/#article\",\"isPartOf\":{\"@id\":\"https:\\\/\\\/lasentinelle.dz\\\/index.php\\\/2026\\\/03\\\/14\\\/liban-le-hezbollah-se-dit-pret-a-une-longue-confrontation\\\/\"},\"author\":{\"name\":\"admin\",\"@id\":\"https:\\\/\\\/lasentinelle.dz\\\/#\\\/schema\\\/person\\\/729ee0024f24e0b8c5ec17232f8e8b41\"},\"headline\":\"Liban\u00a0: Le Hezbollah se dit pr\u00eat \u00e0 une \u00ab longue confrontation \u00bb\",\"datePublished\":\"2026-03-14T19:28:21+00:00\",\"dateModified\":\"2026-03-14T19:28:22+00:00\",\"mainEntityOfPage\":{\"@id\":\"https:\\\/\\\/lasentinelle.dz\\\/index.php\\\/2026\\\/03\\\/14\\\/liban-le-hezbollah-se-dit-pret-a-une-longue-confrontation\\\/\"},\"wordCount\":754,\"commentCount\":0,\"publisher\":{\"@id\":\"https:\\\/\\\/lasentinelle.dz\\\/#organization\"},\"image\":{\"@id\":\"https:\\\/\\\/lasentinelle.dz\\\/index.php\\\/2026\\\/03\\\/14\\\/liban-le-hezbollah-se-dit-pret-a-une-longue-confrontation\\\/#primaryimage\"},\"thumbnailUrl\":\"https:\\\/\\\/lasentinelle.dz\\\/wp-content\\\/uploads\\\/2026\\\/03\\\/Naim-Qassem.jpeg\",\"articleSection\":[\"Monde\"],\"inLanguage\":\"fr-FR\",\"potentialAction\":[{\"@type\":\"CommentAction\",\"name\":\"Comment\",\"target\":[\"https:\\\/\\\/lasentinelle.dz\\\/index.php\\\/2026\\\/03\\\/14\\\/liban-le-hezbollah-se-dit-pret-a-une-longue-confrontation\\\/#respond\"]}]},{\"@type\":\"WebPage\",\"@id\":\"https:\\\/\\\/lasentinelle.dz\\\/index.php\\\/2026\\\/03\\\/14\\\/liban-le-hezbollah-se-dit-pret-a-une-longue-confrontation\\\/\",\"url\":\"https:\\\/\\\/lasentinelle.dz\\\/index.php\\\/2026\\\/03\\\/14\\\/liban-le-hezbollah-se-dit-pret-a-une-longue-confrontation\\\/\",\"name\":\"Liban\u00a0: Le Hezbollah se dit pr\u00eat \u00e0 une \u00ab longue confrontation \u00bb - La Sentinelle\",\"isPartOf\":{\"@id\":\"https:\\\/\\\/lasentinelle.dz\\\/#website\"},\"primaryImageOfPage\":{\"@id\":\"https:\\\/\\\/lasentinelle.dz\\\/index.php\\\/2026\\\/03\\\/14\\\/liban-le-hezbollah-se-dit-pret-a-une-longue-confrontation\\\/#primaryimage\"},\"image\":{\"@id\":\"https:\\\/\\\/lasentinelle.dz\\\/index.php\\\/2026\\\/03\\\/14\\\/liban-le-hezbollah-se-dit-pret-a-une-longue-confrontation\\\/#primaryimage\"},\"thumbnailUrl\":\"https:\\\/\\\/lasentinelle.dz\\\/wp-content\\\/uploads\\\/2026\\\/03\\\/Naim-Qassem.jpeg\",\"datePublished\":\"2026-03-14T19:28:21+00:00\",\"dateModified\":\"2026-03-14T19:28:22+00:00\",\"breadcrumb\":{\"@id\":\"https:\\\/\\\/lasentinelle.dz\\\/index.php\\\/2026\\\/03\\\/14\\\/liban-le-hezbollah-se-dit-pret-a-une-longue-confrontation\\\/#breadcrumb\"},\"inLanguage\":\"fr-FR\",\"potentialAction\":[{\"@type\":\"ReadAction\",\"target\":[\"https:\\\/\\\/lasentinelle.dz\\\/index.php\\\/2026\\\/03\\\/14\\\/liban-le-hezbollah-se-dit-pret-a-une-longue-confrontation\\\/\"]}]},{\"@type\":\"ImageObject\",\"inLanguage\":\"fr-FR\",\"@id\":\"https:\\\/\\\/lasentinelle.dz\\\/index.php\\\/2026\\\/03\\\/14\\\/liban-le-hezbollah-se-dit-pret-a-une-longue-confrontation\\\/#primaryimage\",\"url\":\"https:\\\/\\\/lasentinelle.dz\\\/wp-content\\\/uploads\\\/2026\\\/03\\\/Naim-Qassem.jpeg\",\"contentUrl\":\"https:\\\/\\\/lasentinelle.dz\\\/wp-content\\\/uploads\\\/2026\\\/03\\\/Naim-Qassem.jpeg\",\"width\":300,\"height\":168},{\"@type\":\"BreadcrumbList\",\"@id\":\"https:\\\/\\\/lasentinelle.dz\\\/index.php\\\/2026\\\/03\\\/14\\\/liban-le-hezbollah-se-dit-pret-a-une-longue-confrontation\\\/#breadcrumb\",\"itemListElement\":[{\"@type\":\"ListItem\",\"position\":1,\"name\":\"Accueil\",\"item\":\"https:\\\/\\\/lasentinelle.dz\\\/\"},{\"@type\":\"ListItem\",\"position\":2,\"name\":\"Liban\u00a0: Le Hezbollah se dit pr\u00eat \u00e0 une \u00ab longue confrontation \u00bb\"}]},{\"@type\":\"WebSite\",\"@id\":\"https:\\\/\\\/lasentinelle.dz\\\/#website\",\"url\":\"https:\\\/\\\/lasentinelle.dz\\\/\",\"name\":\"La Sentinelle\",\"description\":\"Quotidien national d&#039;information\",\"publisher\":{\"@id\":\"https:\\\/\\\/lasentinelle.dz\\\/#organization\"},\"potentialAction\":[{\"@type\":\"SearchAction\",\"target\":{\"@type\":\"EntryPoint\",\"urlTemplate\":\"https:\\\/\\\/lasentinelle.dz\\\/?s={search_term_string}\"},\"query-input\":{\"@type\":\"PropertyValueSpecification\",\"valueRequired\":true,\"valueName\":\"search_term_string\"}}],\"inLanguage\":\"fr-FR\"},{\"@type\":\"Organization\",\"@id\":\"https:\\\/\\\/lasentinelle.dz\\\/#organization\",\"name\":\"Quotidien La Sentinelle\",\"url\":\"https:\\\/\\\/lasentinelle.dz\\\/\",\"logo\":{\"@type\":\"ImageObject\",\"inLanguage\":\"fr-FR\",\"@id\":\"https:\\\/\\\/lasentinelle.dz\\\/#\\\/schema\\\/logo\\\/image\\\/\",\"url\":\"https:\\\/\\\/lasentinelle.dz\\\/wp-content\\\/uploads\\\/2021\\\/09\\\/logo-sentinelleSLOGAN-1.png\",\"contentUrl\":\"https:\\\/\\\/lasentinelle.dz\\\/wp-content\\\/uploads\\\/2021\\\/09\\\/logo-sentinelleSLOGAN-1.png\",\"width\":615,\"height\":142,\"caption\":\"Quotidien La Sentinelle\"},\"image\":{\"@id\":\"https:\\\/\\\/lasentinelle.dz\\\/#\\\/schema\\\/logo\\\/image\\\/\"},\"sameAs\":[\"https:\\\/\\\/www.facebook.com\\\/La-Sentinelle-104059864394773\"]},{\"@type\":\"Person\",\"@id\":\"https:\\\/\\\/lasentinelle.dz\\\/#\\\/schema\\\/person\\\/729ee0024f24e0b8c5ec17232f8e8b41\",\"name\":\"admin\",\"image\":{\"@type\":\"ImageObject\",\"inLanguage\":\"fr-FR\",\"@id\":\"https:\\\/\\\/secure.gravatar.com\\\/avatar\\\/4c81fed838786e9b53f540bf46533e750f5d292099ae3b66cfc6fb1982e29df7?s=96&d=mm&r=g\",\"url\":\"https:\\\/\\\/secure.gravatar.com\\\/avatar\\\/4c81fed838786e9b53f540bf46533e750f5d292099ae3b66cfc6fb1982e29df7?s=96&d=mm&r=g\",\"contentUrl\":\"https:\\\/\\\/secure.gravatar.com\\\/avatar\\\/4c81fed838786e9b53f540bf46533e750f5d292099ae3b66cfc6fb1982e29df7?s=96&d=mm&r=g\",\"caption\":\"admin\"},\"description\":\"admin\",\"url\":\"https:\\\/\\\/lasentinelle.dz\\\/author\\\/admin\\\/\"}]}<\/script>\n<!-- \/ Yoast SEO plugin. -->","yoast_head_json":{"title":"Liban\u00a0: Le Hezbollah se dit pr\u00eat \u00e0 une \u00ab longue confrontation \u00bb - La Sentinelle","robots":{"index":"index","follow":"follow","max-snippet":"max-snippet:-1","max-image-preview":"max-image-preview:large","max-video-preview":"max-video-preview:-1"},"canonical":"https:\/\/lasentinelle.dz\/index.php\/2026\/03\/14\/liban-le-hezbollah-se-dit-pret-a-une-longue-confrontation\/","og_locale":"fr_FR","og_type":"article","og_title":"Liban\u00a0: Le Hezbollah se dit pr\u00eat \u00e0 une \u00ab longue confrontation \u00bb - La Sentinelle","og_description":"\u00c0 l&rsquo;occasion de la Journ\u00e9e mondiale d&rsquo;Al-Qods, le secr\u00e9taire g\u00e9n\u00e9ral du Hezbollah, Na\u00efm Qassem, a affirm\u00e9 vendredi que son mouvement","og_url":"https:\/\/lasentinelle.dz\/index.php\/2026\/03\/14\/liban-le-hezbollah-se-dit-pret-a-une-longue-confrontation\/","og_site_name":"La Sentinelle","article_publisher":"https:\/\/www.facebook.com\/La-Sentinelle-104059864394773","article_published_time":"2026-03-14T19:28:21+00:00","article_modified_time":"2026-03-14T19:28:22+00:00","og_image":[{"width":300,"height":168,"url":"https:\/\/lasentinelle.dz\/wp-content\/uploads\/2026\/03\/Naim-Qassem.jpeg","type":"image\/jpeg"}],"author":"admin","twitter_card":"summary_large_image","twitter_misc":{"\u00c9crit par":"admin","Dur\u00e9e de lecture estim\u00e9e":"4 minutes"},"schema":{"@context":"https:\/\/schema.org","@graph":[{"@type":"Article","@id":"https:\/\/lasentinelle.dz\/index.php\/2026\/03\/14\/liban-le-hezbollah-se-dit-pret-a-une-longue-confrontation\/#article","isPartOf":{"@id":"https:\/\/lasentinelle.dz\/index.php\/2026\/03\/14\/liban-le-hezbollah-se-dit-pret-a-une-longue-confrontation\/"},"author":{"name":"admin","@id":"https:\/\/lasentinelle.dz\/#\/schema\/person\/729ee0024f24e0b8c5ec17232f8e8b41"},"headline":"Liban\u00a0: Le Hezbollah se dit pr\u00eat \u00e0 une \u00ab longue confrontation \u00bb","datePublished":"2026-03-14T19:28:21+00:00","dateModified":"2026-03-14T19:28:22+00:00","mainEntityOfPage":{"@id":"https:\/\/lasentinelle.dz\/index.php\/2026\/03\/14\/liban-le-hezbollah-se-dit-pret-a-une-longue-confrontation\/"},"wordCount":754,"commentCount":0,"publisher":{"@id":"https:\/\/lasentinelle.dz\/#organization"},"image":{"@id":"https:\/\/lasentinelle.dz\/index.php\/2026\/03\/14\/liban-le-hezbollah-se-dit-pret-a-une-longue-confrontation\/#primaryimage"},"thumbnailUrl":"https:\/\/lasentinelle.dz\/wp-content\/uploads\/2026\/03\/Naim-Qassem.jpeg","articleSection":["Monde"],"inLanguage":"fr-FR","potentialAction":[{"@type":"CommentAction","name":"Comment","target":["https:\/\/lasentinelle.dz\/index.php\/2026\/03\/14\/liban-le-hezbollah-se-dit-pret-a-une-longue-confrontation\/#respond"]}]},{"@type":"WebPage","@id":"https:\/\/lasentinelle.dz\/index.php\/2026\/03\/14\/liban-le-hezbollah-se-dit-pret-a-une-longue-confrontation\/","url":"https:\/\/lasentinelle.dz\/index.php\/2026\/03\/14\/liban-le-hezbollah-se-dit-pret-a-une-longue-confrontation\/","name":"Liban\u00a0: Le Hezbollah se dit pr\u00eat \u00e0 une \u00ab longue confrontation \u00bb - La Sentinelle","isPartOf":{"@id":"https:\/\/lasentinelle.dz\/#website"},"primaryImageOfPage":{"@id":"https:\/\/lasentinelle.dz\/index.php\/2026\/03\/14\/liban-le-hezbollah-se-dit-pret-a-une-longue-confrontation\/#primaryimage"},"image":{"@id":"https:\/\/lasentinelle.dz\/index.php\/2026\/03\/14\/liban-le-hezbollah-se-dit-pret-a-une-longue-confrontation\/#primaryimage"},"thumbnailUrl":"https:\/\/lasentinelle.dz\/wp-content\/uploads\/2026\/03\/Naim-Qassem.jpeg","datePublished":"2026-03-14T19:28:21+00:00","dateModified":"2026-03-14T19:28:22+00:00","breadcrumb":{"@id":"https:\/\/lasentinelle.dz\/index.php\/2026\/03\/14\/liban-le-hezbollah-se-dit-pret-a-une-longue-confrontation\/#breadcrumb"},"inLanguage":"fr-FR","potentialAction":[{"@type":"ReadAction","target":["https:\/\/lasentinelle.dz\/index.php\/2026\/03\/14\/liban-le-hezbollah-se-dit-pret-a-une-longue-confrontation\/"]}]},{"@type":"ImageObject","inLanguage":"fr-FR","@id":"https:\/\/lasentinelle.dz\/index.php\/2026\/03\/14\/liban-le-hezbollah-se-dit-pret-a-une-longue-confrontation\/#primaryimage","url":"https:\/\/lasentinelle.dz\/wp-content\/uploads\/2026\/03\/Naim-Qassem.jpeg","contentUrl":"https:\/\/lasentinelle.dz\/wp-content\/uploads\/2026\/03\/Naim-Qassem.jpeg","width":300,"height":168},{"@type":"BreadcrumbList","@id":"https:\/\/lasentinelle.dz\/index.php\/2026\/03\/14\/liban-le-hezbollah-se-dit-pret-a-une-longue-confrontation\/#breadcrumb","itemListElement":[{"@type":"ListItem","position":1,"name":"Accueil","item":"https:\/\/lasentinelle.dz\/"},{"@type":"ListItem","position":2,"name":"Liban\u00a0: Le Hezbollah se dit pr\u00eat \u00e0 une \u00ab longue confrontation \u00bb"}]},{"@type":"WebSite","@id":"https:\/\/lasentinelle.dz\/#website","url":"https:\/\/lasentinelle.dz\/","name":"La Sentinelle","description":"Quotidien national d&#039;information","publisher":{"@id":"https:\/\/lasentinelle.dz\/#organization"},"potentialAction":[{"@type":"SearchAction","target":{"@type":"EntryPoint","urlTemplate":"https:\/\/lasentinelle.dz\/?s={search_term_string}"},"query-input":{"@type":"PropertyValueSpecification","valueRequired":true,"valueName":"search_term_string"}}],"inLanguage":"fr-FR"},{"@type":"Organization","@id":"https:\/\/lasentinelle.dz\/#organization","name":"Quotidien La Sentinelle","url":"https:\/\/lasentinelle.dz\/","logo":{"@type":"ImageObject","inLanguage":"fr-FR","@id":"https:\/\/lasentinelle.dz\/#\/schema\/logo\/image\/","url":"https:\/\/lasentinelle.dz\/wp-content\/uploads\/2021\/09\/logo-sentinelleSLOGAN-1.png","contentUrl":"https:\/\/lasentinelle.dz\/wp-content\/uploads\/2021\/09\/logo-sentinelleSLOGAN-1.png","width":615,"height":142,"caption":"Quotidien La Sentinelle"},"image":{"@id":"https:\/\/lasentinelle.dz\/#\/schema\/logo\/image\/"},"sameAs":["https:\/\/www.facebook.com\/La-Sentinelle-104059864394773"]},{"@type":"Person","@id":"https:\/\/lasentinelle.dz\/#\/schema\/person\/729ee0024f24e0b8c5ec17232f8e8b41","name":"admin","image":{"@type":"ImageObject","inLanguage":"fr-FR","@id":"https:\/\/secure.gravatar.com\/avatar\/4c81fed838786e9b53f540bf46533e750f5d292099ae3b66cfc6fb1982e29df7?s=96&d=mm&r=g","url":"https:\/\/secure.gravatar.com\/avatar\/4c81fed838786e9b53f540bf46533e750f5d292099ae3b66cfc6fb1982e29df7?s=96&d=mm&r=g","contentUrl":"https:\/\/secure.gravatar.com\/avatar\/4c81fed838786e9b53f540bf46533e750f5d292099ae3b66cfc6fb1982e29df7?s=96&d=mm&r=g","caption":"admin"},"description":"admin","url":"https:\/\/lasentinelle.dz\/author\/admin\/"}]}},"_links":{"self":[{"href":"https:\/\/lasentinelle.dz\/index.php\/wp-json\/wp\/v2\/posts\/83529","targetHints":{"allow":["GET"]}}],"collection":[{"href":"https:\/\/lasentinelle.dz\/index.php\/wp-json\/wp\/v2\/posts"}],"about":[{"href":"https:\/\/lasentinelle.dz\/index.php\/wp-json\/wp\/v2\/types\/post"}],"author":[{"embeddable":true,"href":"https:\/\/lasentinelle.dz\/index.php\/wp-json\/wp\/v2\/users\/6"}],"replies":[{"embeddable":true,"href":"https:\/\/lasentinelle.dz\/index.php\/wp-json\/wp\/v2\/comments?post=83529"}],"version-history":[{"count":1,"href":"https:\/\/lasentinelle.dz\/index.php\/wp-json\/wp\/v2\/posts\/83529\/revisions"}],"predecessor-version":[{"id":83531,"href":"https:\/\/lasentinelle.dz\/index.php\/wp-json\/wp\/v2\/posts\/83529\/revisions\/83531"}],"wp:featuredmedia":[{"embeddable":true,"href":"https:\/\/lasentinelle.dz\/index.php\/wp-json\/wp\/v2\/media\/83530"}],"wp:attachment":[{"href":"https:\/\/lasentinelle.dz\/index.php\/wp-json\/wp\/v2\/media?parent=83529"}],"wp:term":[{"taxonomy":"category","embeddable":true,"href":"https:\/\/lasentinelle.dz\/index.php\/wp-json\/wp\/v2\/categories?post=83529"},{"taxonomy":"post_tag","embeddable":true,"href":"https:\/\/lasentinelle.dz\/index.php\/wp-json\/wp\/v2\/tags?post=83529"}],"curies":[{"name":"wp","href":"https:\/\/api.w.org\/{rel}","templated":true}]}}