{"id":83532,"date":"2026-03-14T20:29:10","date_gmt":"2026-03-14T19:29:10","guid":{"rendered":"https:\/\/lasentinelle.dz\/?p=83532"},"modified":"2026-03-14T20:29:12","modified_gmt":"2026-03-14T19:29:12","slug":"kharg-epicentre-strategique-de-la-guerre-au-moyen-orient-les-infrastructures-energetiques-sous-la-menace","status":"publish","type":"post","link":"https:\/\/lasentinelle.dz\/index.php\/2026\/03\/14\/kharg-epicentre-strategique-de-la-guerre-au-moyen-orient-les-infrastructures-energetiques-sous-la-menace\/","title":{"rendered":"Kharg, \u00e9picentre strat\u00e9gique de la guerre au Moyen-Orient\u00a0: Les infrastructures \u00e9nerg\u00e9tiques sous la menace\u00a0!"},"content":{"rendered":"\n<p>Les frappes am\u00e9ricaines sur l&rsquo;\u00eele iranienne de Kharg, principal terminal p\u00e9trolier du pays, ont marqu\u00e9 la journ\u00e9e du 14 mars, cristallisant le risque d&rsquo;un embrasement r\u00e9gional autour des infrastructures \u00e9nerg\u00e9tiques du Golfe, au quinzi\u00e8me jour de la guerre d\u00e9clench\u00e9e par les \u00c9tats-Unis et l\u2019entit\u00e9 sioniste contre l&rsquo;Iran.<\/p>\n\n\n\n<p>L&rsquo;\u00eele de Kharg, petit \u00eelot du golfe Persique situ\u00e9 \u00e0 une trentaine de kilom\u00e8tres des c\u00f4tes iraniennes et \u00e0 pr\u00e8s de cinq cents kilom\u00e8tres au nord-ouest du d\u00e9troit d&rsquo;Ormuz, est devenue samedi le point focal d&rsquo;une escalade militaire et diplomatique aux cons\u00e9quences potentiellement consid\u00e9rables pour l&rsquo;approvisionnement \u00e9nerg\u00e9tique mondial. Ce terminal, par lequel transitent entre 90 et 95 % des exportations de brut iranien \u2014 soit environ 1,7 million de barils par jour l&rsquo;an dernier \u2014, a \u00e9t\u00e9 la cible de frappes a\u00e9riennes am\u00e9ricaines dans la nuit de vendredi \u00e0 samedi. Le commandement central des \u00c9tats-Unis (Centcom) a indiqu\u00e9 avoir touch\u00e9 90 cibles militaires sur l&rsquo;\u00eele, d\u00e9truisant des installations de stockage de mines navales, des bunkers de missiles et plusieurs autres sites militaires, tout en pr\u00e9cisant que les infrastructures p\u00e9troli\u00e8res avaient \u00e9t\u00e9 \u00e9pargn\u00e9es. Selon l&rsquo;agence de presse iranienne Fars, citant des sources sur le terrain, plus de quinze explosions ont \u00e9t\u00e9 entendues mais aucune installation p\u00e9troli\u00e8re n&rsquo;a \u00e9t\u00e9 endommag\u00e9e. Les donn\u00e9es GPS des navires p\u00e9troliers confirmaient d&rsquo;ailleurs la poursuite des op\u00e9rations de chargement : deux tankers, l&rsquo;Aynaz et le Shantia, ont fait escale sur l&rsquo;\u00eele dans les heures qui ont suivi les bombardements.<\/p>\n\n\n\n<p>Le pr\u00e9sident am\u00e9ricain Donald Trump a revendiqu\u00e9 ces frappes sur les r\u00e9seaux sociaux, les qualifiant de l&rsquo;un \u00ab des raids a\u00e9riens les plus puissants de l&rsquo;histoire au Moyen-Orient \u00bb et affirmant que les \u00c9tats-Unis avaient \u00ab totalement d\u00e9truit \u00bb les capacit\u00e9s militaires iraniennes sur l&rsquo;\u00eele. Mais le message contenait surtout un ultimatum explicite : si l&rsquo;Iran ou toute autre partie continuait d&rsquo;entraver la libre circulation des navires dans le d\u00e9troit d&rsquo;Ormuz, Washington n&rsquo;h\u00e9siterait pas \u00e0 frapper cette fois les infrastructures p\u00e9troli\u00e8res elles-m\u00eames. Trump a par ailleurs appel\u00e9 plusieurs pays \u2014 la Chine, la France, le Japon, la Cor\u00e9e du Sud et le Royaume-Uni \u2014 \u00e0 envoyer des navires de guerre dans la zone pour garantir l&rsquo;ouverture du d\u00e9troit, admettant au passage qu&rsquo;il restait \u00ab facile \u00bb pour l&rsquo;Iran \u00ab d&rsquo;envoyer un ou deux drones, de poser une mine ou de lancer un missile \u00e0 courte port\u00e9e dans ce couloir maritime \u00bb.<\/p>\n\n\n\n<p><strong>\u00ab&nbsp;R\u00e9duire en cendres&nbsp;\u00bb les infrastructures p\u00e9troli\u00e8res<\/strong><\/p>\n\n\n\n<p>La r\u00e9ponse iranienne n&rsquo;a pas tard\u00e9. Un porte-parole du quartier g\u00e9n\u00e9ral interarm\u00e9es Khatam al-Anbiya a averti que toute attaque visant les actifs p\u00e9troliers, \u00e9conomiques ou \u00e9nerg\u00e9tiques de l&rsquo;Iran conduirait \u00e0 la destruction de \u00ab toutes les installations am\u00e9ricaines correspondantes dans la r\u00e9gion \u00bb. L&rsquo;arm\u00e9e iranienne a menac\u00e9 de \u00ab r\u00e9duire en cendres \u00bb les infrastructures p\u00e9troli\u00e8res li\u00e9es aux \u00c9tats-Unis, et les forces arm\u00e9es ont explicitement d\u00e9sign\u00e9 les ports des \u00c9mirats arabes unis comme des \u00ab cibles l\u00e9gitimes \u00bb, appelant les civils \u00e9miratis \u00e0 s&rsquo;en \u00e9loigner. Dans la foul\u00e9e, de la fum\u00e9e a \u00e9t\u00e9 observ\u00e9e \u00e0 la mi-journ\u00e9e au-dessus du port de Fuja\u00efrah, aux \u00c9mirats, qui abrite un terminal d&rsquo;exportation p\u00e9trolier majeur, semblant r\u00e9sulter d&rsquo;une nouvelle frappe contre les infrastructures du Golfe. Le consulat \u00e9mirati dans la r\u00e9gion du Kurdistan irakien a \u00e9galement \u00e9t\u00e9 vis\u00e9 par un drone.<\/p>\n\n\n\n<p>Cette concentration des menaces et des frappes autour des infrastructures \u00e9nerg\u00e9tiques illustre la tendance lourde de la journ\u00e9e : le conflit, entr\u00e9 dans sa troisi\u00e8me semaine depuis les frappes conjointes am\u00e9ricano-isra\u00e9liennes du 28 f\u00e9vrier qui ont fait environ 1 200 morts en Iran \u2014 dont l&rsquo;ancien guide supr\u00eame Ali Khamenei \u2014, se d\u00e9place d\u00e9sormais sur le terrain de la guerre \u00e9conomique et p\u00e9troli\u00e8re. L&rsquo;Iran, dont les capacit\u00e9s militaires conventionnelles ont \u00e9t\u00e9 s\u00e9v\u00e8rement r\u00e9duites selon Washington, conserve n\u00e9anmoins une capacit\u00e9 de nuisance asym\u00e9trique dans le d\u00e9troit d&rsquo;Ormuz, passage oblig\u00e9 d&rsquo;environ un cinqui\u00e8me du p\u00e9trole mondial, et la capacit\u00e9 de frapper les installations de ses voisins du Golfe. Cette escalade risque s\u2019affoler encore plus les march\u00e9s p\u00e9troliers au moment o\u00f9 le baril de Brent a pris 42% depuis le d\u00e9but de la guerre et a fini la semaine \u00e0 plus de 103 dollars.<\/p>\n\n\n\n<p><strong>Trump face \u00e0 des critiques croissantes<\/strong><\/p>\n\n\n\n<p>L&rsquo;ambassade am\u00e9ricaine \u00e0 Bagdad a d&rsquo;ailleurs \u00e9t\u00e9 touch\u00e9e \u00e0 l&rsquo;aube par une attaque de drone et de roquettes qui a d\u00e9truit son syst\u00e8me de d\u00e9fense a\u00e9rienne C-RAM, selon des sources s\u00e9curitaires irakiennes. Des explosions ont aussi \u00e9t\u00e9 entendues \u00e0 Doha, au Qatar, o\u00f9 l&rsquo;arm\u00e9e a dit avoir intercept\u00e9 une attaque de missiles iranienne. Les d\u00e9g\u00e2ts humains et mat\u00e9riels en Iran continuent par ailleurs de s&rsquo;alourdir. La porte-parole du gouvernement iranien, Fatemeh Mohajerani, a fait \u00e9tat de 42 914 infrastructures civiles endommag\u00e9es depuis le d\u00e9but du conflit, dont plus de 36 000 habitations, 152 centres de sant\u00e9, 120 \u00e9coles et 56 mus\u00e9es et sites historiques, parmi lesquels le palais du Golestan \u00e0 T\u00e9h\u00e9ran, inscrit au patrimoine mondial de l&rsquo;Unesco. Face \u00e0 l&rsquo;extension r\u00e9gionale du conflit, le Hamas a exhort\u00e9 son alli\u00e9 iranien \u00e0 cesser de prendre pour cible les pays voisins du Golfe, tout en r\u00e9affirmant le droit de T\u00e9h\u00e9ran \u00e0 la riposte. Le secr\u00e9taire g\u00e9n\u00e9ral de l&rsquo;ONU, Ant\u00f3nio Guterres, a pour sa part estim\u00e9 que \u00ab des voies diplomatiques sont possibles \u00bb et appel\u00e9 la communaut\u00e9 internationale \u00e0 renforcer son engagement.<\/p>\n\n\n\n<p>Aux \u00c9tats-Unis m\u00eames, le d\u00e9ploiement de renforts militaires \u2014 2 500 Marines suppl\u00e9mentaires et trois navires, dont le b\u00e2timent d&rsquo;assaut USS Tripoli \u2014 t\u00e9moigne d&rsquo;une pr\u00e9paration \u00e0 un engagement prolong\u00e9. Mais \u00e0 quelques mois des \u00e9lections de mi-mandat, Donald Trump fait face \u00e0 des critiques croissantes, y compris dans son propre camp, pour avoir engag\u00e9 le pays dans un conflit dont l&rsquo;issue demeure incertaine et dont le th\u00e9\u00e2tre d&rsquo;op\u00e9rations ne cesse de s&rsquo;\u00e9largir.<\/p>\n\n\n\n<p>Lyes Sa\u00efdi<\/p>\n","protected":false},"excerpt":{"rendered":"<p>Les frappes am\u00e9ricaines sur l&rsquo;\u00eele iranienne de Kharg, principal terminal p\u00e9trolier du pays, ont marqu\u00e9 la journ\u00e9e du 14 mars,<\/p>\n","protected":false},"author":6,"featured_media":83533,"comment_status":"open","ping_status":"closed","sticky":false,"template":"","format":"standard","meta":{"colormag_page_container_layout":"default_layout","colormag_page_sidebar_layout":"default_layout","om_disable_all_campaigns":false,"_monsterinsights_skip_tracking":false,"_monsterinsights_sitenote_active":false,"_monsterinsights_sitenote_note":"","_monsterinsights_sitenote_category":0,"footnotes":"","_wpscppro_dont_share_socialmedia":false,"_wpscppro_custom_social_share_image":0,"_facebook_share_type":"default","_twitter_share_type":"default","_linkedin_share_type":"default","_pinterest_share_type":"default","_linkedin_share_type_page":"","_instagram_share_type":"default","_medium_share_type":"default","_threads_share_type":"default","_google_business_share_type":"default","_selected_social_profile":[],"_wpsp_enable_custom_social_template":false,"_wpsp_social_scheduling":{"enabled":false,"datetime":null,"platforms":[],"status":"template_only","dateOption":"today","timeOption":"now","customDays":"","customHours":"","customDate":"","customTime":"","schedulingType":"absolute"},"_wpsp_active_default_template":true},"categories":[52,37],"tags":[],"class_list":["post-83532","post","type-post","status-publish","format-standard","has-post-thumbnail","hentry","category-a-la-une","category-monde"],"aioseo_notices":[],"yoast_head":"<!-- This site is optimized with the Yoast SEO plugin v27.5 - https:\/\/yoast.com\/product\/yoast-seo-wordpress\/ -->\n<title>Kharg, \u00e9picentre strat\u00e9gique de la guerre au Moyen-Orient\u00a0: Les infrastructures \u00e9nerg\u00e9tiques sous la menace\u00a0! - La Sentinelle<\/title>\n<meta name=\"robots\" content=\"index, follow, max-snippet:-1, max-image-preview:large, max-video-preview:-1\" \/>\n<link rel=\"canonical\" href=\"https:\/\/lasentinelle.dz\/index.php\/2026\/03\/14\/kharg-epicentre-strategique-de-la-guerre-au-moyen-orient-les-infrastructures-energetiques-sous-la-menace\/\" \/>\n<meta property=\"og:locale\" content=\"fr_FR\" \/>\n<meta property=\"og:type\" content=\"article\" \/>\n<meta property=\"og:title\" content=\"Kharg, \u00e9picentre strat\u00e9gique de la guerre au Moyen-Orient\u00a0: Les infrastructures \u00e9nerg\u00e9tiques sous la menace\u00a0! - La Sentinelle\" \/>\n<meta property=\"og:description\" content=\"Les frappes am\u00e9ricaines sur l&rsquo;\u00eele iranienne de Kharg, principal terminal p\u00e9trolier du pays, ont marqu\u00e9 la journ\u00e9e du 14 mars,\" \/>\n<meta property=\"og:url\" content=\"https:\/\/lasentinelle.dz\/index.php\/2026\/03\/14\/kharg-epicentre-strategique-de-la-guerre-au-moyen-orient-les-infrastructures-energetiques-sous-la-menace\/\" \/>\n<meta property=\"og:site_name\" content=\"La Sentinelle\" \/>\n<meta property=\"article:publisher\" content=\"https:\/\/www.facebook.com\/La-Sentinelle-104059864394773\" \/>\n<meta property=\"article:published_time\" content=\"2026-03-14T19:29:10+00:00\" \/>\n<meta property=\"article:modified_time\" content=\"2026-03-14T19:29:12+00:00\" \/>\n<meta property=\"og:image\" content=\"https:\/\/lasentinelle.dz\/wp-content\/uploads\/2026\/03\/ile-de-kharg.jpg\" \/>\n\t<meta property=\"og:image:width\" content=\"1280\" \/>\n\t<meta property=\"og:image:height\" content=\"720\" \/>\n\t<meta property=\"og:image:type\" content=\"image\/jpeg\" \/>\n<meta name=\"author\" content=\"admin\" \/>\n<meta name=\"twitter:card\" content=\"summary_large_image\" \/>\n<meta name=\"twitter:label1\" content=\"\u00c9crit par\" \/>\n\t<meta name=\"twitter:data1\" content=\"admin\" \/>\n\t<meta name=\"twitter:label2\" content=\"Dur\u00e9e de lecture estim\u00e9e\" \/>\n\t<meta name=\"twitter:data2\" content=\"5 minutes\" \/>\n<script type=\"application\/ld+json\" class=\"yoast-schema-graph\">{\"@context\":\"https:\\\/\\\/schema.org\",\"@graph\":[{\"@type\":\"Article\",\"@id\":\"https:\\\/\\\/lasentinelle.dz\\\/index.php\\\/2026\\\/03\\\/14\\\/kharg-epicentre-strategique-de-la-guerre-au-moyen-orient-les-infrastructures-energetiques-sous-la-menace\\\/#article\",\"isPartOf\":{\"@id\":\"https:\\\/\\\/lasentinelle.dz\\\/index.php\\\/2026\\\/03\\\/14\\\/kharg-epicentre-strategique-de-la-guerre-au-moyen-orient-les-infrastructures-energetiques-sous-la-menace\\\/\"},\"author\":{\"name\":\"admin\",\"@id\":\"https:\\\/\\\/lasentinelle.dz\\\/#\\\/schema\\\/person\\\/729ee0024f24e0b8c5ec17232f8e8b41\"},\"headline\":\"Kharg, \u00e9picentre strat\u00e9gique de la guerre au Moyen-Orient\u00a0: Les infrastructures \u00e9nerg\u00e9tiques sous la menace\u00a0!\",\"datePublished\":\"2026-03-14T19:29:10+00:00\",\"dateModified\":\"2026-03-14T19:29:12+00:00\",\"mainEntityOfPage\":{\"@id\":\"https:\\\/\\\/lasentinelle.dz\\\/index.php\\\/2026\\\/03\\\/14\\\/kharg-epicentre-strategique-de-la-guerre-au-moyen-orient-les-infrastructures-energetiques-sous-la-menace\\\/\"},\"wordCount\":1061,\"commentCount\":0,\"publisher\":{\"@id\":\"https:\\\/\\\/lasentinelle.dz\\\/#organization\"},\"image\":{\"@id\":\"https:\\\/\\\/lasentinelle.dz\\\/index.php\\\/2026\\\/03\\\/14\\\/kharg-epicentre-strategique-de-la-guerre-au-moyen-orient-les-infrastructures-energetiques-sous-la-menace\\\/#primaryimage\"},\"thumbnailUrl\":\"https:\\\/\\\/lasentinelle.dz\\\/wp-content\\\/uploads\\\/2026\\\/03\\\/ile-de-kharg.jpg\",\"articleSection\":[\"\u00c0 la Une\",\"Monde\"],\"inLanguage\":\"fr-FR\",\"potentialAction\":[{\"@type\":\"CommentAction\",\"name\":\"Comment\",\"target\":[\"https:\\\/\\\/lasentinelle.dz\\\/index.php\\\/2026\\\/03\\\/14\\\/kharg-epicentre-strategique-de-la-guerre-au-moyen-orient-les-infrastructures-energetiques-sous-la-menace\\\/#respond\"]}]},{\"@type\":\"WebPage\",\"@id\":\"https:\\\/\\\/lasentinelle.dz\\\/index.php\\\/2026\\\/03\\\/14\\\/kharg-epicentre-strategique-de-la-guerre-au-moyen-orient-les-infrastructures-energetiques-sous-la-menace\\\/\",\"url\":\"https:\\\/\\\/lasentinelle.dz\\\/index.php\\\/2026\\\/03\\\/14\\\/kharg-epicentre-strategique-de-la-guerre-au-moyen-orient-les-infrastructures-energetiques-sous-la-menace\\\/\",\"name\":\"Kharg, \u00e9picentre strat\u00e9gique de la guerre au Moyen-Orient\u00a0: Les infrastructures \u00e9nerg\u00e9tiques sous la menace\u00a0! - La Sentinelle\",\"isPartOf\":{\"@id\":\"https:\\\/\\\/lasentinelle.dz\\\/#website\"},\"primaryImageOfPage\":{\"@id\":\"https:\\\/\\\/lasentinelle.dz\\\/index.php\\\/2026\\\/03\\\/14\\\/kharg-epicentre-strategique-de-la-guerre-au-moyen-orient-les-infrastructures-energetiques-sous-la-menace\\\/#primaryimage\"},\"image\":{\"@id\":\"https:\\\/\\\/lasentinelle.dz\\\/index.php\\\/2026\\\/03\\\/14\\\/kharg-epicentre-strategique-de-la-guerre-au-moyen-orient-les-infrastructures-energetiques-sous-la-menace\\\/#primaryimage\"},\"thumbnailUrl\":\"https:\\\/\\\/lasentinelle.dz\\\/wp-content\\\/uploads\\\/2026\\\/03\\\/ile-de-kharg.jpg\",\"datePublished\":\"2026-03-14T19:29:10+00:00\",\"dateModified\":\"2026-03-14T19:29:12+00:00\",\"breadcrumb\":{\"@id\":\"https:\\\/\\\/lasentinelle.dz\\\/index.php\\\/2026\\\/03\\\/14\\\/kharg-epicentre-strategique-de-la-guerre-au-moyen-orient-les-infrastructures-energetiques-sous-la-menace\\\/#breadcrumb\"},\"inLanguage\":\"fr-FR\",\"potentialAction\":[{\"@type\":\"ReadAction\",\"target\":[\"https:\\\/\\\/lasentinelle.dz\\\/index.php\\\/2026\\\/03\\\/14\\\/kharg-epicentre-strategique-de-la-guerre-au-moyen-orient-les-infrastructures-energetiques-sous-la-menace\\\/\"]}]},{\"@type\":\"ImageObject\",\"inLanguage\":\"fr-FR\",\"@id\":\"https:\\\/\\\/lasentinelle.dz\\\/index.php\\\/2026\\\/03\\\/14\\\/kharg-epicentre-strategique-de-la-guerre-au-moyen-orient-les-infrastructures-energetiques-sous-la-menace\\\/#primaryimage\",\"url\":\"https:\\\/\\\/lasentinelle.dz\\\/wp-content\\\/uploads\\\/2026\\\/03\\\/ile-de-kharg.jpg\",\"contentUrl\":\"https:\\\/\\\/lasentinelle.dz\\\/wp-content\\\/uploads\\\/2026\\\/03\\\/ile-de-kharg.jpg\",\"width\":1280,\"height\":720,\"caption\":\"This handout image taken by the European Space Agency (ESA) captured by the Copernicus Sentinel-2 satellite shows a view of Iran's Kharg Island, which hosts the country\u2019s main crude export terminal and is responsible for the overwhelming majority of its oil shipments to the world, about 30 kilometres south of the mainland in the north of the Gulf, on March 2, 2026. The US and Israel have previously treaded carefully around the island in the conflict, but an Axios report over the weekend cited Trump administration officials saying capturing Kharg was on the table. The island handles roughly 90 percent of Iran's crude exports, according to a JP Morgan note released on March 8. (Photo by EUROPEAN SPACE AGENCY \\\/ AFP) \\\/ RESTRICTED TO EDITORIAL USE - MANDATORY CREDIT \\\"AFP PHOTO \\\/ ESA\\\" - HANDOUT - NO MARKETING NO ADVERTISING CAMPAIGNS - DISTRIBUTED AS A SERVICE TO CLIENTS\"},{\"@type\":\"BreadcrumbList\",\"@id\":\"https:\\\/\\\/lasentinelle.dz\\\/index.php\\\/2026\\\/03\\\/14\\\/kharg-epicentre-strategique-de-la-guerre-au-moyen-orient-les-infrastructures-energetiques-sous-la-menace\\\/#breadcrumb\",\"itemListElement\":[{\"@type\":\"ListItem\",\"position\":1,\"name\":\"Accueil\",\"item\":\"https:\\\/\\\/lasentinelle.dz\\\/\"},{\"@type\":\"ListItem\",\"position\":2,\"name\":\"Kharg, \u00e9picentre strat\u00e9gique de la guerre au Moyen-Orient\u00a0: Les infrastructures \u00e9nerg\u00e9tiques sous la menace\u00a0!\"}]},{\"@type\":\"WebSite\",\"@id\":\"https:\\\/\\\/lasentinelle.dz\\\/#website\",\"url\":\"https:\\\/\\\/lasentinelle.dz\\\/\",\"name\":\"La Sentinelle\",\"description\":\"Quotidien national d&#039;information\",\"publisher\":{\"@id\":\"https:\\\/\\\/lasentinelle.dz\\\/#organization\"},\"potentialAction\":[{\"@type\":\"SearchAction\",\"target\":{\"@type\":\"EntryPoint\",\"urlTemplate\":\"https:\\\/\\\/lasentinelle.dz\\\/?s={search_term_string}\"},\"query-input\":{\"@type\":\"PropertyValueSpecification\",\"valueRequired\":true,\"valueName\":\"search_term_string\"}}],\"inLanguage\":\"fr-FR\"},{\"@type\":\"Organization\",\"@id\":\"https:\\\/\\\/lasentinelle.dz\\\/#organization\",\"name\":\"Quotidien La Sentinelle\",\"url\":\"https:\\\/\\\/lasentinelle.dz\\\/\",\"logo\":{\"@type\":\"ImageObject\",\"inLanguage\":\"fr-FR\",\"@id\":\"https:\\\/\\\/lasentinelle.dz\\\/#\\\/schema\\\/logo\\\/image\\\/\",\"url\":\"https:\\\/\\\/lasentinelle.dz\\\/wp-content\\\/uploads\\\/2021\\\/09\\\/logo-sentinelleSLOGAN-1.png\",\"contentUrl\":\"https:\\\/\\\/lasentinelle.dz\\\/wp-content\\\/uploads\\\/2021\\\/09\\\/logo-sentinelleSLOGAN-1.png\",\"width\":615,\"height\":142,\"caption\":\"Quotidien La Sentinelle\"},\"image\":{\"@id\":\"https:\\\/\\\/lasentinelle.dz\\\/#\\\/schema\\\/logo\\\/image\\\/\"},\"sameAs\":[\"https:\\\/\\\/www.facebook.com\\\/La-Sentinelle-104059864394773\"]},{\"@type\":\"Person\",\"@id\":\"https:\\\/\\\/lasentinelle.dz\\\/#\\\/schema\\\/person\\\/729ee0024f24e0b8c5ec17232f8e8b41\",\"name\":\"admin\",\"image\":{\"@type\":\"ImageObject\",\"inLanguage\":\"fr-FR\",\"@id\":\"https:\\\/\\\/secure.gravatar.com\\\/avatar\\\/4c81fed838786e9b53f540bf46533e750f5d292099ae3b66cfc6fb1982e29df7?s=96&d=mm&r=g\",\"url\":\"https:\\\/\\\/secure.gravatar.com\\\/avatar\\\/4c81fed838786e9b53f540bf46533e750f5d292099ae3b66cfc6fb1982e29df7?s=96&d=mm&r=g\",\"contentUrl\":\"https:\\\/\\\/secure.gravatar.com\\\/avatar\\\/4c81fed838786e9b53f540bf46533e750f5d292099ae3b66cfc6fb1982e29df7?s=96&d=mm&r=g\",\"caption\":\"admin\"},\"description\":\"admin\",\"url\":\"https:\\\/\\\/lasentinelle.dz\\\/author\\\/admin\\\/\"}]}<\/script>\n<!-- \/ Yoast SEO plugin. -->","yoast_head_json":{"title":"Kharg, \u00e9picentre strat\u00e9gique de la guerre au Moyen-Orient\u00a0: Les infrastructures \u00e9nerg\u00e9tiques sous la menace\u00a0! - La Sentinelle","robots":{"index":"index","follow":"follow","max-snippet":"max-snippet:-1","max-image-preview":"max-image-preview:large","max-video-preview":"max-video-preview:-1"},"canonical":"https:\/\/lasentinelle.dz\/index.php\/2026\/03\/14\/kharg-epicentre-strategique-de-la-guerre-au-moyen-orient-les-infrastructures-energetiques-sous-la-menace\/","og_locale":"fr_FR","og_type":"article","og_title":"Kharg, \u00e9picentre strat\u00e9gique de la guerre au Moyen-Orient\u00a0: Les infrastructures \u00e9nerg\u00e9tiques sous la menace\u00a0! - La Sentinelle","og_description":"Les frappes am\u00e9ricaines sur l&rsquo;\u00eele iranienne de Kharg, principal terminal p\u00e9trolier du pays, ont marqu\u00e9 la journ\u00e9e du 14 mars,","og_url":"https:\/\/lasentinelle.dz\/index.php\/2026\/03\/14\/kharg-epicentre-strategique-de-la-guerre-au-moyen-orient-les-infrastructures-energetiques-sous-la-menace\/","og_site_name":"La Sentinelle","article_publisher":"https:\/\/www.facebook.com\/La-Sentinelle-104059864394773","article_published_time":"2026-03-14T19:29:10+00:00","article_modified_time":"2026-03-14T19:29:12+00:00","og_image":[{"width":1280,"height":720,"url":"https:\/\/lasentinelle.dz\/wp-content\/uploads\/2026\/03\/ile-de-kharg.jpg","type":"image\/jpeg"}],"author":"admin","twitter_card":"summary_large_image","twitter_misc":{"\u00c9crit par":"admin","Dur\u00e9e de lecture estim\u00e9e":"5 minutes"},"schema":{"@context":"https:\/\/schema.org","@graph":[{"@type":"Article","@id":"https:\/\/lasentinelle.dz\/index.php\/2026\/03\/14\/kharg-epicentre-strategique-de-la-guerre-au-moyen-orient-les-infrastructures-energetiques-sous-la-menace\/#article","isPartOf":{"@id":"https:\/\/lasentinelle.dz\/index.php\/2026\/03\/14\/kharg-epicentre-strategique-de-la-guerre-au-moyen-orient-les-infrastructures-energetiques-sous-la-menace\/"},"author":{"name":"admin","@id":"https:\/\/lasentinelle.dz\/#\/schema\/person\/729ee0024f24e0b8c5ec17232f8e8b41"},"headline":"Kharg, \u00e9picentre strat\u00e9gique de la guerre au Moyen-Orient\u00a0: Les infrastructures \u00e9nerg\u00e9tiques sous la menace\u00a0!","datePublished":"2026-03-14T19:29:10+00:00","dateModified":"2026-03-14T19:29:12+00:00","mainEntityOfPage":{"@id":"https:\/\/lasentinelle.dz\/index.php\/2026\/03\/14\/kharg-epicentre-strategique-de-la-guerre-au-moyen-orient-les-infrastructures-energetiques-sous-la-menace\/"},"wordCount":1061,"commentCount":0,"publisher":{"@id":"https:\/\/lasentinelle.dz\/#organization"},"image":{"@id":"https:\/\/lasentinelle.dz\/index.php\/2026\/03\/14\/kharg-epicentre-strategique-de-la-guerre-au-moyen-orient-les-infrastructures-energetiques-sous-la-menace\/#primaryimage"},"thumbnailUrl":"https:\/\/lasentinelle.dz\/wp-content\/uploads\/2026\/03\/ile-de-kharg.jpg","articleSection":["\u00c0 la Une","Monde"],"inLanguage":"fr-FR","potentialAction":[{"@type":"CommentAction","name":"Comment","target":["https:\/\/lasentinelle.dz\/index.php\/2026\/03\/14\/kharg-epicentre-strategique-de-la-guerre-au-moyen-orient-les-infrastructures-energetiques-sous-la-menace\/#respond"]}]},{"@type":"WebPage","@id":"https:\/\/lasentinelle.dz\/index.php\/2026\/03\/14\/kharg-epicentre-strategique-de-la-guerre-au-moyen-orient-les-infrastructures-energetiques-sous-la-menace\/","url":"https:\/\/lasentinelle.dz\/index.php\/2026\/03\/14\/kharg-epicentre-strategique-de-la-guerre-au-moyen-orient-les-infrastructures-energetiques-sous-la-menace\/","name":"Kharg, \u00e9picentre strat\u00e9gique de la guerre au Moyen-Orient\u00a0: Les infrastructures \u00e9nerg\u00e9tiques sous la menace\u00a0! - La Sentinelle","isPartOf":{"@id":"https:\/\/lasentinelle.dz\/#website"},"primaryImageOfPage":{"@id":"https:\/\/lasentinelle.dz\/index.php\/2026\/03\/14\/kharg-epicentre-strategique-de-la-guerre-au-moyen-orient-les-infrastructures-energetiques-sous-la-menace\/#primaryimage"},"image":{"@id":"https:\/\/lasentinelle.dz\/index.php\/2026\/03\/14\/kharg-epicentre-strategique-de-la-guerre-au-moyen-orient-les-infrastructures-energetiques-sous-la-menace\/#primaryimage"},"thumbnailUrl":"https:\/\/lasentinelle.dz\/wp-content\/uploads\/2026\/03\/ile-de-kharg.jpg","datePublished":"2026-03-14T19:29:10+00:00","dateModified":"2026-03-14T19:29:12+00:00","breadcrumb":{"@id":"https:\/\/lasentinelle.dz\/index.php\/2026\/03\/14\/kharg-epicentre-strategique-de-la-guerre-au-moyen-orient-les-infrastructures-energetiques-sous-la-menace\/#breadcrumb"},"inLanguage":"fr-FR","potentialAction":[{"@type":"ReadAction","target":["https:\/\/lasentinelle.dz\/index.php\/2026\/03\/14\/kharg-epicentre-strategique-de-la-guerre-au-moyen-orient-les-infrastructures-energetiques-sous-la-menace\/"]}]},{"@type":"ImageObject","inLanguage":"fr-FR","@id":"https:\/\/lasentinelle.dz\/index.php\/2026\/03\/14\/kharg-epicentre-strategique-de-la-guerre-au-moyen-orient-les-infrastructures-energetiques-sous-la-menace\/#primaryimage","url":"https:\/\/lasentinelle.dz\/wp-content\/uploads\/2026\/03\/ile-de-kharg.jpg","contentUrl":"https:\/\/lasentinelle.dz\/wp-content\/uploads\/2026\/03\/ile-de-kharg.jpg","width":1280,"height":720,"caption":"This handout image taken by the European Space Agency (ESA) captured by the Copernicus Sentinel-2 satellite shows a view of Iran's Kharg Island, which hosts the country\u2019s main crude export terminal and is responsible for the overwhelming majority of its oil shipments to the world, about 30 kilometres south of the mainland in the north of the Gulf, on March 2, 2026. The US and Israel have previously treaded carefully around the island in the conflict, but an Axios report over the weekend cited Trump administration officials saying capturing Kharg was on the table. The island handles roughly 90 percent of Iran's crude exports, according to a JP Morgan note released on March 8. (Photo by EUROPEAN SPACE AGENCY \/ AFP) \/ RESTRICTED TO EDITORIAL USE - MANDATORY CREDIT \"AFP PHOTO \/ ESA\" - HANDOUT - NO MARKETING NO ADVERTISING CAMPAIGNS - DISTRIBUTED AS A SERVICE TO CLIENTS"},{"@type":"BreadcrumbList","@id":"https:\/\/lasentinelle.dz\/index.php\/2026\/03\/14\/kharg-epicentre-strategique-de-la-guerre-au-moyen-orient-les-infrastructures-energetiques-sous-la-menace\/#breadcrumb","itemListElement":[{"@type":"ListItem","position":1,"name":"Accueil","item":"https:\/\/lasentinelle.dz\/"},{"@type":"ListItem","position":2,"name":"Kharg, \u00e9picentre strat\u00e9gique de la guerre au Moyen-Orient\u00a0: Les infrastructures \u00e9nerg\u00e9tiques sous la menace\u00a0!"}]},{"@type":"WebSite","@id":"https:\/\/lasentinelle.dz\/#website","url":"https:\/\/lasentinelle.dz\/","name":"La Sentinelle","description":"Quotidien national d&#039;information","publisher":{"@id":"https:\/\/lasentinelle.dz\/#organization"},"potentialAction":[{"@type":"SearchAction","target":{"@type":"EntryPoint","urlTemplate":"https:\/\/lasentinelle.dz\/?s={search_term_string}"},"query-input":{"@type":"PropertyValueSpecification","valueRequired":true,"valueName":"search_term_string"}}],"inLanguage":"fr-FR"},{"@type":"Organization","@id":"https:\/\/lasentinelle.dz\/#organization","name":"Quotidien La Sentinelle","url":"https:\/\/lasentinelle.dz\/","logo":{"@type":"ImageObject","inLanguage":"fr-FR","@id":"https:\/\/lasentinelle.dz\/#\/schema\/logo\/image\/","url":"https:\/\/lasentinelle.dz\/wp-content\/uploads\/2021\/09\/logo-sentinelleSLOGAN-1.png","contentUrl":"https:\/\/lasentinelle.dz\/wp-content\/uploads\/2021\/09\/logo-sentinelleSLOGAN-1.png","width":615,"height":142,"caption":"Quotidien La Sentinelle"},"image":{"@id":"https:\/\/lasentinelle.dz\/#\/schema\/logo\/image\/"},"sameAs":["https:\/\/www.facebook.com\/La-Sentinelle-104059864394773"]},{"@type":"Person","@id":"https:\/\/lasentinelle.dz\/#\/schema\/person\/729ee0024f24e0b8c5ec17232f8e8b41","name":"admin","image":{"@type":"ImageObject","inLanguage":"fr-FR","@id":"https:\/\/secure.gravatar.com\/avatar\/4c81fed838786e9b53f540bf46533e750f5d292099ae3b66cfc6fb1982e29df7?s=96&d=mm&r=g","url":"https:\/\/secure.gravatar.com\/avatar\/4c81fed838786e9b53f540bf46533e750f5d292099ae3b66cfc6fb1982e29df7?s=96&d=mm&r=g","contentUrl":"https:\/\/secure.gravatar.com\/avatar\/4c81fed838786e9b53f540bf46533e750f5d292099ae3b66cfc6fb1982e29df7?s=96&d=mm&r=g","caption":"admin"},"description":"admin","url":"https:\/\/lasentinelle.dz\/author\/admin\/"}]}},"_links":{"self":[{"href":"https:\/\/lasentinelle.dz\/index.php\/wp-json\/wp\/v2\/posts\/83532","targetHints":{"allow":["GET"]}}],"collection":[{"href":"https:\/\/lasentinelle.dz\/index.php\/wp-json\/wp\/v2\/posts"}],"about":[{"href":"https:\/\/lasentinelle.dz\/index.php\/wp-json\/wp\/v2\/types\/post"}],"author":[{"embeddable":true,"href":"https:\/\/lasentinelle.dz\/index.php\/wp-json\/wp\/v2\/users\/6"}],"replies":[{"embeddable":true,"href":"https:\/\/lasentinelle.dz\/index.php\/wp-json\/wp\/v2\/comments?post=83532"}],"version-history":[{"count":1,"href":"https:\/\/lasentinelle.dz\/index.php\/wp-json\/wp\/v2\/posts\/83532\/revisions"}],"predecessor-version":[{"id":83534,"href":"https:\/\/lasentinelle.dz\/index.php\/wp-json\/wp\/v2\/posts\/83532\/revisions\/83534"}],"wp:featuredmedia":[{"embeddable":true,"href":"https:\/\/lasentinelle.dz\/index.php\/wp-json\/wp\/v2\/media\/83533"}],"wp:attachment":[{"href":"https:\/\/lasentinelle.dz\/index.php\/wp-json\/wp\/v2\/media?parent=83532"}],"wp:term":[{"taxonomy":"category","embeddable":true,"href":"https:\/\/lasentinelle.dz\/index.php\/wp-json\/wp\/v2\/categories?post=83532"},{"taxonomy":"post_tag","embeddable":true,"href":"https:\/\/lasentinelle.dz\/index.php\/wp-json\/wp\/v2\/tags?post=83532"}],"curies":[{"name":"wp","href":"https:\/\/api.w.org\/{rel}","templated":true}]}}