{"id":8354,"date":"2021-09-20T00:01:00","date_gmt":"2021-09-19T23:01:00","guid":{"rendered":"https:\/\/lasentinelle.dz\/?p=8354"},"modified":"2021-09-19T15:30:58","modified_gmt":"2021-09-19T14:30:58","slug":"preparation-du-match-niger-algerie-labdi-a-niamey","status":"publish","type":"post","link":"https:\/\/lasentinelle.dz\/index.php\/2021\/09\/20\/preparation-du-match-niger-algerie-labdi-a-niamey\/","title":{"rendered":"Pr\u00e9paration du match Niger \u2013 Alg\u00e9rie : Labdi \u00e0 Niamey"},"content":{"rendered":"\n<p>Leaders de leur groupe, en Eliminatoires du Mondial-2022, les Alg\u00e9riens ne veulent rien laisser au hasard.&nbsp;<\/p>\n\n\n\n<p>Le manager g\u00e9n\u00e9ral de la s\u00e9lection nationale alg\u00e9rienne de football, Amine Labdi, s\u2019est d\u00e9plac\u00e9 hier dans la capitale nig\u00e9rienne, Niamey, pour pr\u00e9parer le s\u00e9jour des Verts en pr\u00e9vision de la rencontre retour face au Niger, pr\u00e9vue le lundi 11 octobre 2021, comptant pour la 4e journ\u00e9e des \u00e9liminatoires de la Coupe du monde-2022. La F\u00e9d\u00e9ration alg\u00e9rienne de football, qui a fait part de cette information, a indiqu\u00e9 que Labdi sera accompagn\u00e9 du Youcef Ouznali, Directeur du Centre technique national (CTN) de Sidi Moussa et responsable de l\u2019hygi\u00e8ne, du contr\u00f4le et de la s\u00e9curit\u00e9 alimentaire, ajoute la m\u00eame source. \u00ab Sur place, les deux \u00e9missaires de la FAF, auront \u00e0 s\u2019enqu\u00e9rir des conditions de s\u00e9jour de la s\u00e9lection nationale, notamment le lieu d\u2019h\u00e9bergement, mais \u00e9galement la visite du stade du G\u00e9n\u00e9ral Seyni Kountch\u00e9 de Niamey, enceinte qui abritera la rencontre Niger- Alg\u00e9rie, le 11 octobre prochain, pr\u00e9cise l&rsquo;instance f\u00e9d\u00e9rale \u00bb, \u00e9crit encore l\u2019instance f\u00e9d\u00e9rale. Les Verts, qui occupent la premi\u00e8re place au classement de leur groupe, apr\u00e8s une victoire \u00e0 Djibouti (8-0) et un match nul face au Burkina Faso (1-1), recevront en premier lieu le Niger au stade Mustapha-Tchaker de Blida, le 8 octobre prochain. Et c\u2019est l\u2019heure choisie pour le coup d\u2019envoi de cette partie, \u00e0 savoir 17h, qui a suscit\u00e9 moult interrogations. A en croire des sources,&nbsp; c\u2019est le coach national, Djamel Belmadi, qui a demand\u00e9 \u00e0 ce que ce match se joue dans une heure avanc\u00e9e, dans l\u2019optique de permettre \u00e0 ses joueurs de s\u2019adapter aux conditions climatiques difficiles, sachant que le match de Niamey d\u00e9butera \u00e0 14h. Le driver national ne veut rien laisser au hasard, lui qui cherche \u00e0 arracher la qualification pour le match barrage de ces \u00e9liminatoires le plus t\u00f4t possible. Belmadi sait que la mission ne sera pas facile, et il l\u2019a v\u00e9rifi\u00e9 face au Burkina Faso, raison pour laquelle il a mis en garde ses joueurs contre tout rel\u00e2chement.&nbsp;<\/p>\n\n\n\n<p><strong>Abderrahim Mahious<\/strong><\/p>\n","protected":false},"excerpt":{"rendered":"<p>Leaders de leur groupe, en Eliminatoires du Mondial-2022, les Alg\u00e9riens ne veulent rien laisser au hasard.&nbsp; Le manager g\u00e9n\u00e9ral de<\/p>\n","protected":false},"author":3,"featured_media":8372,"comment_status":"open","ping_status":"closed","sticky":false,"template":"","format":"standard","meta":{"colormag_page_container_layout":"default_layout","colormag_page_sidebar_layout":"default_layout","om_disable_all_campaigns":false,"_monsterinsights_skip_tracking":false,"_monsterinsights_sitenote_active":false,"_monsterinsights_sitenote_note":"","_monsterinsights_sitenote_category":0,"footnotes":"","_wpscppro_dont_share_socialmedia":false,"_wpscppro_custom_social_share_image":0,"_facebook_share_type":"","_twitter_share_type":"","_linkedin_share_type":"","_pinterest_share_type":"","_linkedin_share_type_page":"","_instagram_share_type":"","_medium_share_type":"","_threads_share_type":"","_google_business_share_type":"","_selected_social_profile":[],"_wpsp_enable_custom_social_template":false,"_wpsp_social_scheduling":{"enabled":false,"datetime":null,"platforms":[],"status":"template_only","dateOption":"today","timeOption":"now","customDays":"","customHours":"","customDate":"","customTime":"","schedulingType":"absolute"},"_wpsp_active_default_template":true},"categories":[33],"tags":[],"class_list":["post-8354","post","type-post","status-publish","format-standard","has-post-thumbnail","hentry","category-sports"],"aioseo_notices":[],"yoast_head":"<!-- This site is optimized with the Yoast SEO plugin v27.4 - https:\/\/yoast.com\/product\/yoast-seo-wordpress\/ -->\n<title>Pr\u00e9paration du match Niger \u2013 Alg\u00e9rie : Labdi \u00e0 Niamey - La Sentinelle<\/title>\n<meta name=\"robots\" content=\"index, follow, max-snippet:-1, max-image-preview:large, max-video-preview:-1\" \/>\n<link rel=\"canonical\" href=\"https:\/\/lasentinelle.dz\/index.php\/2021\/09\/20\/preparation-du-match-niger-algerie-labdi-a-niamey\/\" \/>\n<meta property=\"og:locale\" content=\"fr_FR\" \/>\n<meta property=\"og:type\" content=\"article\" \/>\n<meta property=\"og:title\" content=\"Pr\u00e9paration du match Niger \u2013 Alg\u00e9rie : Labdi \u00e0 Niamey - La Sentinelle\" \/>\n<meta property=\"og:description\" content=\"Leaders de leur groupe, en Eliminatoires du Mondial-2022, les Alg\u00e9riens ne veulent rien laisser au hasard.&nbsp; Le manager g\u00e9n\u00e9ral de\" \/>\n<meta property=\"og:url\" content=\"https:\/\/lasentinelle.dz\/index.php\/2021\/09\/20\/preparation-du-match-niger-algerie-labdi-a-niamey\/\" \/>\n<meta property=\"og:site_name\" content=\"La Sentinelle\" \/>\n<meta property=\"article:publisher\" content=\"https:\/\/www.facebook.com\/La-Sentinelle-104059864394773\" \/>\n<meta property=\"article:published_time\" content=\"2021-09-19T23:01:00+00:00\" \/>\n<meta property=\"og:image\" content=\"https:\/\/lasentinelle.dz\/wp-content\/uploads\/2021\/09\/Labdi.jpg\" \/>\n\t<meta property=\"og:image:width\" content=\"720\" \/>\n\t<meta property=\"og:image:height\" content=\"480\" \/>\n\t<meta property=\"og:image:type\" content=\"image\/jpeg\" \/>\n<meta name=\"author\" content=\"La Sentinelle\" \/>\n<meta name=\"twitter:card\" content=\"summary_large_image\" \/>\n<meta name=\"twitter:label1\" content=\"\u00c9crit par\" \/>\n\t<meta name=\"twitter:data1\" content=\"La Sentinelle\" \/>\n\t<meta name=\"twitter:label2\" content=\"Dur\u00e9e de lecture estim\u00e9e\" \/>\n\t<meta name=\"twitter:data2\" content=\"2 minutes\" \/>\n<script type=\"application\/ld+json\" class=\"yoast-schema-graph\">{\"@context\":\"https:\\\/\\\/schema.org\",\"@graph\":[{\"@type\":\"Article\",\"@id\":\"https:\\\/\\\/lasentinelle.dz\\\/index.php\\\/2021\\\/09\\\/20\\\/preparation-du-match-niger-algerie-labdi-a-niamey\\\/#article\",\"isPartOf\":{\"@id\":\"https:\\\/\\\/lasentinelle.dz\\\/index.php\\\/2021\\\/09\\\/20\\\/preparation-du-match-niger-algerie-labdi-a-niamey\\\/\"},\"author\":{\"name\":\"La Sentinelle\",\"@id\":\"https:\\\/\\\/lasentinelle.dz\\\/#\\\/schema\\\/person\\\/d865044e22e70a75174ce8bcad3acfb3\"},\"headline\":\"Pr\u00e9paration du match Niger \u2013 Alg\u00e9rie : Labdi \u00e0 Niamey\",\"datePublished\":\"2021-09-19T23:01:00+00:00\",\"mainEntityOfPage\":{\"@id\":\"https:\\\/\\\/lasentinelle.dz\\\/index.php\\\/2021\\\/09\\\/20\\\/preparation-du-match-niger-algerie-labdi-a-niamey\\\/\"},\"wordCount\":386,\"commentCount\":0,\"publisher\":{\"@id\":\"https:\\\/\\\/lasentinelle.dz\\\/#organization\"},\"image\":{\"@id\":\"https:\\\/\\\/lasentinelle.dz\\\/index.php\\\/2021\\\/09\\\/20\\\/preparation-du-match-niger-algerie-labdi-a-niamey\\\/#primaryimage\"},\"thumbnailUrl\":\"https:\\\/\\\/lasentinelle.dz\\\/wp-content\\\/uploads\\\/2021\\\/09\\\/Labdi.jpg\",\"articleSection\":[\"Sports\"],\"inLanguage\":\"fr-FR\",\"potentialAction\":[{\"@type\":\"CommentAction\",\"name\":\"Comment\",\"target\":[\"https:\\\/\\\/lasentinelle.dz\\\/index.php\\\/2021\\\/09\\\/20\\\/preparation-du-match-niger-algerie-labdi-a-niamey\\\/#respond\"]}]},{\"@type\":\"WebPage\",\"@id\":\"https:\\\/\\\/lasentinelle.dz\\\/index.php\\\/2021\\\/09\\\/20\\\/preparation-du-match-niger-algerie-labdi-a-niamey\\\/\",\"url\":\"https:\\\/\\\/lasentinelle.dz\\\/index.php\\\/2021\\\/09\\\/20\\\/preparation-du-match-niger-algerie-labdi-a-niamey\\\/\",\"name\":\"Pr\u00e9paration du match Niger \u2013 Alg\u00e9rie : Labdi \u00e0 Niamey - La Sentinelle\",\"isPartOf\":{\"@id\":\"https:\\\/\\\/lasentinelle.dz\\\/#website\"},\"primaryImageOfPage\":{\"@id\":\"https:\\\/\\\/lasentinelle.dz\\\/index.php\\\/2021\\\/09\\\/20\\\/preparation-du-match-niger-algerie-labdi-a-niamey\\\/#primaryimage\"},\"image\":{\"@id\":\"https:\\\/\\\/lasentinelle.dz\\\/index.php\\\/2021\\\/09\\\/20\\\/preparation-du-match-niger-algerie-labdi-a-niamey\\\/#primaryimage\"},\"thumbnailUrl\":\"https:\\\/\\\/lasentinelle.dz\\\/wp-content\\\/uploads\\\/2021\\\/09\\\/Labdi.jpg\",\"datePublished\":\"2021-09-19T23:01:00+00:00\",\"breadcrumb\":{\"@id\":\"https:\\\/\\\/lasentinelle.dz\\\/index.php\\\/2021\\\/09\\\/20\\\/preparation-du-match-niger-algerie-labdi-a-niamey\\\/#breadcrumb\"},\"inLanguage\":\"fr-FR\",\"potentialAction\":[{\"@type\":\"ReadAction\",\"target\":[\"https:\\\/\\\/lasentinelle.dz\\\/index.php\\\/2021\\\/09\\\/20\\\/preparation-du-match-niger-algerie-labdi-a-niamey\\\/\"]}]},{\"@type\":\"ImageObject\",\"inLanguage\":\"fr-FR\",\"@id\":\"https:\\\/\\\/lasentinelle.dz\\\/index.php\\\/2021\\\/09\\\/20\\\/preparation-du-match-niger-algerie-labdi-a-niamey\\\/#primaryimage\",\"url\":\"https:\\\/\\\/lasentinelle.dz\\\/wp-content\\\/uploads\\\/2021\\\/09\\\/Labdi.jpg\",\"contentUrl\":\"https:\\\/\\\/lasentinelle.dz\\\/wp-content\\\/uploads\\\/2021\\\/09\\\/Labdi.jpg\",\"width\":720,\"height\":480},{\"@type\":\"BreadcrumbList\",\"@id\":\"https:\\\/\\\/lasentinelle.dz\\\/index.php\\\/2021\\\/09\\\/20\\\/preparation-du-match-niger-algerie-labdi-a-niamey\\\/#breadcrumb\",\"itemListElement\":[{\"@type\":\"ListItem\",\"position\":1,\"name\":\"Accueil\",\"item\":\"https:\\\/\\\/lasentinelle.dz\\\/\"},{\"@type\":\"ListItem\",\"position\":2,\"name\":\"Pr\u00e9paration du match Niger \u2013 Alg\u00e9rie : Labdi \u00e0 Niamey\"}]},{\"@type\":\"WebSite\",\"@id\":\"https:\\\/\\\/lasentinelle.dz\\\/#website\",\"url\":\"https:\\\/\\\/lasentinelle.dz\\\/\",\"name\":\"La Sentinelle\",\"description\":\"Quotidien national d&#039;information\",\"publisher\":{\"@id\":\"https:\\\/\\\/lasentinelle.dz\\\/#organization\"},\"potentialAction\":[{\"@type\":\"SearchAction\",\"target\":{\"@type\":\"EntryPoint\",\"urlTemplate\":\"https:\\\/\\\/lasentinelle.dz\\\/?s={search_term_string}\"},\"query-input\":{\"@type\":\"PropertyValueSpecification\",\"valueRequired\":true,\"valueName\":\"search_term_string\"}}],\"inLanguage\":\"fr-FR\"},{\"@type\":\"Organization\",\"@id\":\"https:\\\/\\\/lasentinelle.dz\\\/#organization\",\"name\":\"Quotidien La Sentinelle\",\"url\":\"https:\\\/\\\/lasentinelle.dz\\\/\",\"logo\":{\"@type\":\"ImageObject\",\"inLanguage\":\"fr-FR\",\"@id\":\"https:\\\/\\\/lasentinelle.dz\\\/#\\\/schema\\\/logo\\\/image\\\/\",\"url\":\"https:\\\/\\\/lasentinelle.dz\\\/wp-content\\\/uploads\\\/2021\\\/09\\\/logo-sentinelleSLOGAN-1.png\",\"contentUrl\":\"https:\\\/\\\/lasentinelle.dz\\\/wp-content\\\/uploads\\\/2021\\\/09\\\/logo-sentinelleSLOGAN-1.png\",\"width\":615,\"height\":142,\"caption\":\"Quotidien La Sentinelle\"},\"image\":{\"@id\":\"https:\\\/\\\/lasentinelle.dz\\\/#\\\/schema\\\/logo\\\/image\\\/\"},\"sameAs\":[\"https:\\\/\\\/www.facebook.com\\\/La-Sentinelle-104059864394773\"]},{\"@type\":\"Person\",\"@id\":\"https:\\\/\\\/lasentinelle.dz\\\/#\\\/schema\\\/person\\\/d865044e22e70a75174ce8bcad3acfb3\",\"name\":\"La Sentinelle\",\"image\":{\"@type\":\"ImageObject\",\"inLanguage\":\"fr-FR\",\"@id\":\"https:\\\/\\\/secure.gravatar.com\\\/avatar\\\/57de8e5d4b15d43fb361a71fbb36338450fe67865b528a43dd10ef7c51a20392?s=96&d=mm&r=g\",\"url\":\"https:\\\/\\\/secure.gravatar.com\\\/avatar\\\/57de8e5d4b15d43fb361a71fbb36338450fe67865b528a43dd10ef7c51a20392?s=96&d=mm&r=g\",\"contentUrl\":\"https:\\\/\\\/secure.gravatar.com\\\/avatar\\\/57de8e5d4b15d43fb361a71fbb36338450fe67865b528a43dd10ef7c51a20392?s=96&d=mm&r=g\",\"caption\":\"La Sentinelle\"},\"sameAs\":[\"http:\\\/\\\/www.lasentinelle.dz\"],\"url\":\"https:\\\/\\\/lasentinelle.dz\\\/author\\\/redaction\\\/\"}]}<\/script>\n<!-- \/ Yoast SEO plugin. -->","yoast_head_json":{"title":"Pr\u00e9paration du match Niger \u2013 Alg\u00e9rie : Labdi \u00e0 Niamey - La Sentinelle","robots":{"index":"index","follow":"follow","max-snippet":"max-snippet:-1","max-image-preview":"max-image-preview:large","max-video-preview":"max-video-preview:-1"},"canonical":"https:\/\/lasentinelle.dz\/index.php\/2021\/09\/20\/preparation-du-match-niger-algerie-labdi-a-niamey\/","og_locale":"fr_FR","og_type":"article","og_title":"Pr\u00e9paration du match Niger \u2013 Alg\u00e9rie : Labdi \u00e0 Niamey - La Sentinelle","og_description":"Leaders de leur groupe, en Eliminatoires du Mondial-2022, les Alg\u00e9riens ne veulent rien laisser au hasard.&nbsp; Le manager g\u00e9n\u00e9ral de","og_url":"https:\/\/lasentinelle.dz\/index.php\/2021\/09\/20\/preparation-du-match-niger-algerie-labdi-a-niamey\/","og_site_name":"La Sentinelle","article_publisher":"https:\/\/www.facebook.com\/La-Sentinelle-104059864394773","article_published_time":"2021-09-19T23:01:00+00:00","og_image":[{"width":720,"height":480,"url":"https:\/\/lasentinelle.dz\/wp-content\/uploads\/2021\/09\/Labdi.jpg","type":"image\/jpeg"}],"author":"La Sentinelle","twitter_card":"summary_large_image","twitter_misc":{"\u00c9crit par":"La Sentinelle","Dur\u00e9e de lecture estim\u00e9e":"2 minutes"},"schema":{"@context":"https:\/\/schema.org","@graph":[{"@type":"Article","@id":"https:\/\/lasentinelle.dz\/index.php\/2021\/09\/20\/preparation-du-match-niger-algerie-labdi-a-niamey\/#article","isPartOf":{"@id":"https:\/\/lasentinelle.dz\/index.php\/2021\/09\/20\/preparation-du-match-niger-algerie-labdi-a-niamey\/"},"author":{"name":"La Sentinelle","@id":"https:\/\/lasentinelle.dz\/#\/schema\/person\/d865044e22e70a75174ce8bcad3acfb3"},"headline":"Pr\u00e9paration du match Niger \u2013 Alg\u00e9rie : Labdi \u00e0 Niamey","datePublished":"2021-09-19T23:01:00+00:00","mainEntityOfPage":{"@id":"https:\/\/lasentinelle.dz\/index.php\/2021\/09\/20\/preparation-du-match-niger-algerie-labdi-a-niamey\/"},"wordCount":386,"commentCount":0,"publisher":{"@id":"https:\/\/lasentinelle.dz\/#organization"},"image":{"@id":"https:\/\/lasentinelle.dz\/index.php\/2021\/09\/20\/preparation-du-match-niger-algerie-labdi-a-niamey\/#primaryimage"},"thumbnailUrl":"https:\/\/lasentinelle.dz\/wp-content\/uploads\/2021\/09\/Labdi.jpg","articleSection":["Sports"],"inLanguage":"fr-FR","potentialAction":[{"@type":"CommentAction","name":"Comment","target":["https:\/\/lasentinelle.dz\/index.php\/2021\/09\/20\/preparation-du-match-niger-algerie-labdi-a-niamey\/#respond"]}]},{"@type":"WebPage","@id":"https:\/\/lasentinelle.dz\/index.php\/2021\/09\/20\/preparation-du-match-niger-algerie-labdi-a-niamey\/","url":"https:\/\/lasentinelle.dz\/index.php\/2021\/09\/20\/preparation-du-match-niger-algerie-labdi-a-niamey\/","name":"Pr\u00e9paration du match Niger \u2013 Alg\u00e9rie : Labdi \u00e0 Niamey - La Sentinelle","isPartOf":{"@id":"https:\/\/lasentinelle.dz\/#website"},"primaryImageOfPage":{"@id":"https:\/\/lasentinelle.dz\/index.php\/2021\/09\/20\/preparation-du-match-niger-algerie-labdi-a-niamey\/#primaryimage"},"image":{"@id":"https:\/\/lasentinelle.dz\/index.php\/2021\/09\/20\/preparation-du-match-niger-algerie-labdi-a-niamey\/#primaryimage"},"thumbnailUrl":"https:\/\/lasentinelle.dz\/wp-content\/uploads\/2021\/09\/Labdi.jpg","datePublished":"2021-09-19T23:01:00+00:00","breadcrumb":{"@id":"https:\/\/lasentinelle.dz\/index.php\/2021\/09\/20\/preparation-du-match-niger-algerie-labdi-a-niamey\/#breadcrumb"},"inLanguage":"fr-FR","potentialAction":[{"@type":"ReadAction","target":["https:\/\/lasentinelle.dz\/index.php\/2021\/09\/20\/preparation-du-match-niger-algerie-labdi-a-niamey\/"]}]},{"@type":"ImageObject","inLanguage":"fr-FR","@id":"https:\/\/lasentinelle.dz\/index.php\/2021\/09\/20\/preparation-du-match-niger-algerie-labdi-a-niamey\/#primaryimage","url":"https:\/\/lasentinelle.dz\/wp-content\/uploads\/2021\/09\/Labdi.jpg","contentUrl":"https:\/\/lasentinelle.dz\/wp-content\/uploads\/2021\/09\/Labdi.jpg","width":720,"height":480},{"@type":"BreadcrumbList","@id":"https:\/\/lasentinelle.dz\/index.php\/2021\/09\/20\/preparation-du-match-niger-algerie-labdi-a-niamey\/#breadcrumb","itemListElement":[{"@type":"ListItem","position":1,"name":"Accueil","item":"https:\/\/lasentinelle.dz\/"},{"@type":"ListItem","position":2,"name":"Pr\u00e9paration du match Niger \u2013 Alg\u00e9rie : Labdi \u00e0 Niamey"}]},{"@type":"WebSite","@id":"https:\/\/lasentinelle.dz\/#website","url":"https:\/\/lasentinelle.dz\/","name":"La Sentinelle","description":"Quotidien national d&#039;information","publisher":{"@id":"https:\/\/lasentinelle.dz\/#organization"},"potentialAction":[{"@type":"SearchAction","target":{"@type":"EntryPoint","urlTemplate":"https:\/\/lasentinelle.dz\/?s={search_term_string}"},"query-input":{"@type":"PropertyValueSpecification","valueRequired":true,"valueName":"search_term_string"}}],"inLanguage":"fr-FR"},{"@type":"Organization","@id":"https:\/\/lasentinelle.dz\/#organization","name":"Quotidien La Sentinelle","url":"https:\/\/lasentinelle.dz\/","logo":{"@type":"ImageObject","inLanguage":"fr-FR","@id":"https:\/\/lasentinelle.dz\/#\/schema\/logo\/image\/","url":"https:\/\/lasentinelle.dz\/wp-content\/uploads\/2021\/09\/logo-sentinelleSLOGAN-1.png","contentUrl":"https:\/\/lasentinelle.dz\/wp-content\/uploads\/2021\/09\/logo-sentinelleSLOGAN-1.png","width":615,"height":142,"caption":"Quotidien La Sentinelle"},"image":{"@id":"https:\/\/lasentinelle.dz\/#\/schema\/logo\/image\/"},"sameAs":["https:\/\/www.facebook.com\/La-Sentinelle-104059864394773"]},{"@type":"Person","@id":"https:\/\/lasentinelle.dz\/#\/schema\/person\/d865044e22e70a75174ce8bcad3acfb3","name":"La Sentinelle","image":{"@type":"ImageObject","inLanguage":"fr-FR","@id":"https:\/\/secure.gravatar.com\/avatar\/57de8e5d4b15d43fb361a71fbb36338450fe67865b528a43dd10ef7c51a20392?s=96&d=mm&r=g","url":"https:\/\/secure.gravatar.com\/avatar\/57de8e5d4b15d43fb361a71fbb36338450fe67865b528a43dd10ef7c51a20392?s=96&d=mm&r=g","contentUrl":"https:\/\/secure.gravatar.com\/avatar\/57de8e5d4b15d43fb361a71fbb36338450fe67865b528a43dd10ef7c51a20392?s=96&d=mm&r=g","caption":"La Sentinelle"},"sameAs":["http:\/\/www.lasentinelle.dz"],"url":"https:\/\/lasentinelle.dz\/author\/redaction\/"}]}},"_links":{"self":[{"href":"https:\/\/lasentinelle.dz\/index.php\/wp-json\/wp\/v2\/posts\/8354","targetHints":{"allow":["GET"]}}],"collection":[{"href":"https:\/\/lasentinelle.dz\/index.php\/wp-json\/wp\/v2\/posts"}],"about":[{"href":"https:\/\/lasentinelle.dz\/index.php\/wp-json\/wp\/v2\/types\/post"}],"author":[{"embeddable":true,"href":"https:\/\/lasentinelle.dz\/index.php\/wp-json\/wp\/v2\/users\/3"}],"replies":[{"embeddable":true,"href":"https:\/\/lasentinelle.dz\/index.php\/wp-json\/wp\/v2\/comments?post=8354"}],"version-history":[{"count":1,"href":"https:\/\/lasentinelle.dz\/index.php\/wp-json\/wp\/v2\/posts\/8354\/revisions"}],"predecessor-version":[{"id":8371,"href":"https:\/\/lasentinelle.dz\/index.php\/wp-json\/wp\/v2\/posts\/8354\/revisions\/8371"}],"wp:featuredmedia":[{"embeddable":true,"href":"https:\/\/lasentinelle.dz\/index.php\/wp-json\/wp\/v2\/media\/8372"}],"wp:attachment":[{"href":"https:\/\/lasentinelle.dz\/index.php\/wp-json\/wp\/v2\/media?parent=8354"}],"wp:term":[{"taxonomy":"category","embeddable":true,"href":"https:\/\/lasentinelle.dz\/index.php\/wp-json\/wp\/v2\/categories?post=8354"},{"taxonomy":"post_tag","embeddable":true,"href":"https:\/\/lasentinelle.dz\/index.php\/wp-json\/wp\/v2\/tags?post=8354"}],"curies":[{"name":"wp","href":"https:\/\/api.w.org\/{rel}","templated":true}]}}