{"id":83545,"date":"2026-03-15T19:41:00","date_gmt":"2026-03-15T18:41:00","guid":{"rendered":"https:\/\/lasentinelle.dz\/?p=83545"},"modified":"2026-03-15T19:46:06","modified_gmt":"2026-03-15T18:46:06","slug":"judo-ouikene-en-argent-abouriche-en-bronze-a-rome","status":"publish","type":"post","link":"https:\/\/lasentinelle.dz\/index.php\/2026\/03\/15\/judo-ouikene-en-argent-abouriche-en-bronze-a-rome\/","title":{"rendered":"Judo\u00a0: Ouik\u00e8ne en argent, Abouriche en bronze \u00e0 Rome"},"content":{"rendered":"\n<p>En une m\u00eame journ\u00e9e romaine, deux karat\u00e9kas alg\u00e9riennes ont gravi le podium de l&rsquo;une des comp\u00e9titions de kumit\u00e9 les plus relev\u00e9es du circuit mondial. Un doubl\u00e9 qui confirme que le karat\u00e9 f\u00e9minin alg\u00e9rien a d\u00e9finitivement chang\u00e9 de dimension.<\/p>\n\n\n\n<p>Le tournoi international \u00ab One Premier League \u00bb, qui r\u00e9unit sur ses tatamis les meilleurs sp\u00e9cialistes mondiaux du kumit\u00e9, a livr\u00e9 dimanche ses verdicts dans les cat\u00e9gories f\u00e9minines avec, au bout du compte, deux m\u00e9dailles alg\u00e9riennes. Cylia Ouik\u00e8ne (-50 kg) a d\u00e9croch\u00e9 l&rsquo;argent apr\u00e8s une finale \u00e2prement disput\u00e9e, tandis que Louisa Abouriche (-55 kg) a conquis le bronze au terme d&rsquo;un duel tranch\u00e9 par les juges-arbitres. Deux couleurs, une seule lecture : le karat\u00e9 f\u00e9minin alg\u00e9rien s&rsquo;installe durablement dans l&rsquo;\u00e9lite mondiale. C&rsquo;est Cylia Ouik\u00e8ne qui avait ouvert la voie. La jeune karat\u00e9ka de 22 ans, actuellement class\u00e9e troisi\u00e8me mondiale dans sa cat\u00e9gorie, a travers\u00e9 la comp\u00e9tition avec la r\u00e9gularit\u00e9 et la ma\u00eetrise que l&rsquo;on attend d&rsquo;une athl\u00e8te de son rang. Vers\u00e9e dans la poule N6, elle a d&rsquo;abord neutralis\u00e9 la Turque Ozdemir Muserref sur le score d&rsquo;un point \u00e0 z\u00e9ro, avant d&rsquo;imposer sa domination face \u00e0 la Mexicaine sur un cinglant neuf \u00e0 un, puis de conclure sa phase de groupes en \u00e9cartant l&rsquo;Italienne Agus Asie deux \u00e0 z\u00e9ro. Trois victoires, aucun accroc : Ouik\u00e8ne abordait les phases \u00e0 \u00e9limination directe en conqu\u00e9rante. La suite a confirm\u00e9 l&rsquo;impression. En quarts de finale, la repr\u00e9sentante de Taipei, Chan Hsin-Yu, n&rsquo;a pu r\u00e9sister \u00e0 son jeu pr\u00e9cis, battue un \u00e0 z\u00e9ro. En demi-finale, l&rsquo;Italienne Legitimo Ludovica, \u00e9voluant \u00e0 domicile devant son public, a subi le m\u00eame sort sur le score de deux \u00e0 un. Ouik\u00e8ne s&rsquo;\u00e9tait fray\u00e9 un chemin jusqu&rsquo;\u00e0 la finale sans conc\u00e9der la moindre d\u00e9faite \u2014 cinq combats, cinq succ\u00e8s. La m\u00e9daille d&rsquo;or semblait \u00e0 port\u00e9e. C&rsquo;est en finale que le r\u00eave s&rsquo;est arr\u00eat\u00e9. La V\u00e9n\u00e9zu\u00e9lienne Salazar Yorgelis, au terme d&rsquo;un combat disput\u00e9, s&rsquo;est impos\u00e9e six \u00e0 trois. Un score qui traduit la domination de la Sud-Am\u00e9ricaine sur ce dernier duel, sans effacer ce qu&rsquo;Ouik\u00e8ne avait accompli pendant toute la journ\u00e9e. L&rsquo;argent, au niveau d&rsquo;un tournoi Premier League o\u00f9 les meilleures nations du monde sont repr\u00e9sent\u00e9es, est une performance de premier plan pour une athl\u00e8te qui n&rsquo;a pas encore atteint la pl\u00e9nitude de sa carri\u00e8re.<\/p>\n\n\n\n<p>Louisa Abouriche, elle, a pris un chemin diff\u00e9rent vers le podium. Elimin\u00e9e en demi-finale par l&rsquo;Italienne Lallo Viola sur le score de cinq \u00e0 un, la karat\u00e9ka de la cat\u00e9gorie -55 kg s&rsquo;est retrouv\u00e9e dans le match pour la troisi\u00e8me place face \u00e0 la Russe Sofia Liaskalo. Un combat serr\u00e9, termin\u00e9 sur un score nul de z\u00e9ro \u00e0 z\u00e9ro, et c&rsquo;est la d\u00e9cision des juges-arbitres qui a tranch\u00e9 en sa faveur. Bronze acquis au m\u00e9rite, dans la discipline et la concentration que requiert ce type de duel sans filet. Dans cette cat\u00e9gorie, la m\u00e9daille d&rsquo;or est revenue \u00e0 la Bosniaque Sipovic Nejra, devant l&rsquo;Italienne Lallo Viola et l&rsquo;Egyptienne Youssef Ahlam, deuxi\u00e8me m\u00e9daill\u00e9e de bronze.<\/p>\n\n\n\n<p>Sept athl\u00e8tes avaient fait le d\u00e9placement \u2014 quatre hommes et trois femmes \u2014 pour affronter ce que le circuit mondial du kumit\u00e9 compte de mieux. Aux c\u00f4t\u00e9s d&rsquo;Ouik\u00e8ne et d&rsquo;Abouriche, Rayane Sekouar (-50 kg) compl\u00e9tait le trio f\u00e9minin, tandis que Hocine Daikhi (+84 kg), Anis Helassa (-67 kg), Faleh Midoune (-84 kg) et Oussama Zaid (-75 kg) repr\u00e9sentaient les couleurs nationales chez les messieurs. Ce sont les femmes qui auront port\u00e9 haut le drapeau alg\u00e9rien dans cette \u00e9dition romaine, rappelant que le renouveau du karat\u00e9 alg\u00e9rien se joue aussi, et peut-\u00eatre d&rsquo;abord, sur les tatamis f\u00e9minins.<\/p>\n\n\n\n<p>Pour Cylia Ouik\u00e8ne, troisi\u00e8me mondiale \u00e0 22 ans et d\u00e9sormais vice-championne d&rsquo;un tournoi Premier League, la trajectoire est celle d&rsquo;une athl\u00e8te qui se rapproche m\u00e9thodiquement du sommet.<\/p>\n\n\n\n<p>M. Dahleb<\/p>\n","protected":false},"excerpt":{"rendered":"<p>En une m\u00eame journ\u00e9e romaine, deux karat\u00e9kas alg\u00e9riennes ont gravi le podium de l&rsquo;une des comp\u00e9titions de kumit\u00e9 les plus<\/p>\n","protected":false},"author":6,"featured_media":83546,"comment_status":"open","ping_status":"closed","sticky":false,"template":"","format":"standard","meta":{"colormag_page_container_layout":"default_layout","colormag_page_sidebar_layout":"default_layout","om_disable_all_campaigns":false,"_monsterinsights_skip_tracking":false,"_monsterinsights_sitenote_active":false,"_monsterinsights_sitenote_note":"","_monsterinsights_sitenote_category":0,"footnotes":"","_wpscppro_dont_share_socialmedia":false,"_wpscppro_custom_social_share_image":0,"_facebook_share_type":"default","_twitter_share_type":"default","_linkedin_share_type":"default","_pinterest_share_type":"default","_linkedin_share_type_page":"","_instagram_share_type":"default","_medium_share_type":"default","_threads_share_type":"default","_google_business_share_type":"default","_selected_social_profile":[],"_wpsp_enable_custom_social_template":false,"_wpsp_social_scheduling":{"enabled":false,"datetime":null,"platforms":[],"status":"template_only","dateOption":"today","timeOption":"now","customDays":"","customHours":"","customDate":"","customTime":"","schedulingType":"absolute"},"_wpsp_active_default_template":true},"categories":[33],"tags":[],"class_list":["post-83545","post","type-post","status-publish","format-standard","has-post-thumbnail","hentry","category-sports"],"aioseo_notices":[],"yoast_head":"<!-- This site is optimized with the Yoast SEO plugin v27.5 - https:\/\/yoast.com\/product\/yoast-seo-wordpress\/ -->\n<title>Judo\u00a0: Ouik\u00e8ne en argent, Abouriche en bronze \u00e0 Rome - La Sentinelle<\/title>\n<meta name=\"robots\" content=\"index, follow, max-snippet:-1, max-image-preview:large, max-video-preview:-1\" \/>\n<link rel=\"canonical\" href=\"https:\/\/lasentinelle.dz\/index.php\/2026\/03\/15\/judo-ouikene-en-argent-abouriche-en-bronze-a-rome\/\" \/>\n<meta property=\"og:locale\" content=\"fr_FR\" \/>\n<meta property=\"og:type\" content=\"article\" \/>\n<meta property=\"og:title\" content=\"Judo\u00a0: Ouik\u00e8ne en argent, Abouriche en bronze \u00e0 Rome - La Sentinelle\" \/>\n<meta property=\"og:description\" content=\"En une m\u00eame journ\u00e9e romaine, deux karat\u00e9kas alg\u00e9riennes ont gravi le podium de l&rsquo;une des comp\u00e9titions de kumit\u00e9 les plus\" \/>\n<meta property=\"og:url\" content=\"https:\/\/lasentinelle.dz\/index.php\/2026\/03\/15\/judo-ouikene-en-argent-abouriche-en-bronze-a-rome\/\" \/>\n<meta property=\"og:site_name\" content=\"La Sentinelle\" \/>\n<meta property=\"article:publisher\" content=\"https:\/\/www.facebook.com\/La-Sentinelle-104059864394773\" \/>\n<meta property=\"article:published_time\" content=\"2026-03-15T18:41:00+00:00\" \/>\n<meta property=\"article:modified_time\" content=\"2026-03-15T18:46:06+00:00\" \/>\n<meta property=\"og:image\" content=\"https:\/\/lasentinelle.dz\/wp-content\/uploads\/2026\/03\/oukene.webp\" \/>\n\t<meta property=\"og:image:width\" content=\"1400\" \/>\n\t<meta property=\"og:image:height\" content=\"1050\" \/>\n\t<meta property=\"og:image:type\" content=\"image\/webp\" \/>\n<meta name=\"author\" content=\"admin\" \/>\n<meta name=\"twitter:card\" content=\"summary_large_image\" \/>\n<meta name=\"twitter:label1\" content=\"\u00c9crit par\" \/>\n\t<meta name=\"twitter:data1\" content=\"admin\" \/>\n\t<meta name=\"twitter:label2\" content=\"Dur\u00e9e de lecture estim\u00e9e\" \/>\n\t<meta name=\"twitter:data2\" content=\"4 minutes\" \/>\n<script type=\"application\/ld+json\" class=\"yoast-schema-graph\">{\"@context\":\"https:\\\/\\\/schema.org\",\"@graph\":[{\"@type\":\"Article\",\"@id\":\"https:\\\/\\\/lasentinelle.dz\\\/index.php\\\/2026\\\/03\\\/15\\\/judo-ouikene-en-argent-abouriche-en-bronze-a-rome\\\/#article\",\"isPartOf\":{\"@id\":\"https:\\\/\\\/lasentinelle.dz\\\/index.php\\\/2026\\\/03\\\/15\\\/judo-ouikene-en-argent-abouriche-en-bronze-a-rome\\\/\"},\"author\":{\"name\":\"admin\",\"@id\":\"https:\\\/\\\/lasentinelle.dz\\\/#\\\/schema\\\/person\\\/729ee0024f24e0b8c5ec17232f8e8b41\"},\"headline\":\"Judo\u00a0: Ouik\u00e8ne en argent, Abouriche en bronze \u00e0 Rome\",\"datePublished\":\"2026-03-15T18:41:00+00:00\",\"dateModified\":\"2026-03-15T18:46:06+00:00\",\"mainEntityOfPage\":{\"@id\":\"https:\\\/\\\/lasentinelle.dz\\\/index.php\\\/2026\\\/03\\\/15\\\/judo-ouikene-en-argent-abouriche-en-bronze-a-rome\\\/\"},\"wordCount\":723,\"commentCount\":0,\"publisher\":{\"@id\":\"https:\\\/\\\/lasentinelle.dz\\\/#organization\"},\"image\":{\"@id\":\"https:\\\/\\\/lasentinelle.dz\\\/index.php\\\/2026\\\/03\\\/15\\\/judo-ouikene-en-argent-abouriche-en-bronze-a-rome\\\/#primaryimage\"},\"thumbnailUrl\":\"https:\\\/\\\/lasentinelle.dz\\\/wp-content\\\/uploads\\\/2026\\\/03\\\/oukene.webp\",\"articleSection\":[\"Sports\"],\"inLanguage\":\"fr-FR\",\"potentialAction\":[{\"@type\":\"CommentAction\",\"name\":\"Comment\",\"target\":[\"https:\\\/\\\/lasentinelle.dz\\\/index.php\\\/2026\\\/03\\\/15\\\/judo-ouikene-en-argent-abouriche-en-bronze-a-rome\\\/#respond\"]}]},{\"@type\":\"WebPage\",\"@id\":\"https:\\\/\\\/lasentinelle.dz\\\/index.php\\\/2026\\\/03\\\/15\\\/judo-ouikene-en-argent-abouriche-en-bronze-a-rome\\\/\",\"url\":\"https:\\\/\\\/lasentinelle.dz\\\/index.php\\\/2026\\\/03\\\/15\\\/judo-ouikene-en-argent-abouriche-en-bronze-a-rome\\\/\",\"name\":\"Judo\u00a0: Ouik\u00e8ne en argent, Abouriche en bronze \u00e0 Rome - La Sentinelle\",\"isPartOf\":{\"@id\":\"https:\\\/\\\/lasentinelle.dz\\\/#website\"},\"primaryImageOfPage\":{\"@id\":\"https:\\\/\\\/lasentinelle.dz\\\/index.php\\\/2026\\\/03\\\/15\\\/judo-ouikene-en-argent-abouriche-en-bronze-a-rome\\\/#primaryimage\"},\"image\":{\"@id\":\"https:\\\/\\\/lasentinelle.dz\\\/index.php\\\/2026\\\/03\\\/15\\\/judo-ouikene-en-argent-abouriche-en-bronze-a-rome\\\/#primaryimage\"},\"thumbnailUrl\":\"https:\\\/\\\/lasentinelle.dz\\\/wp-content\\\/uploads\\\/2026\\\/03\\\/oukene.webp\",\"datePublished\":\"2026-03-15T18:41:00+00:00\",\"dateModified\":\"2026-03-15T18:46:06+00:00\",\"breadcrumb\":{\"@id\":\"https:\\\/\\\/lasentinelle.dz\\\/index.php\\\/2026\\\/03\\\/15\\\/judo-ouikene-en-argent-abouriche-en-bronze-a-rome\\\/#breadcrumb\"},\"inLanguage\":\"fr-FR\",\"potentialAction\":[{\"@type\":\"ReadAction\",\"target\":[\"https:\\\/\\\/lasentinelle.dz\\\/index.php\\\/2026\\\/03\\\/15\\\/judo-ouikene-en-argent-abouriche-en-bronze-a-rome\\\/\"]}]},{\"@type\":\"ImageObject\",\"inLanguage\":\"fr-FR\",\"@id\":\"https:\\\/\\\/lasentinelle.dz\\\/index.php\\\/2026\\\/03\\\/15\\\/judo-ouikene-en-argent-abouriche-en-bronze-a-rome\\\/#primaryimage\",\"url\":\"https:\\\/\\\/lasentinelle.dz\\\/wp-content\\\/uploads\\\/2026\\\/03\\\/oukene.webp\",\"contentUrl\":\"https:\\\/\\\/lasentinelle.dz\\\/wp-content\\\/uploads\\\/2026\\\/03\\\/oukene.webp\",\"width\":1400,\"height\":1050},{\"@type\":\"BreadcrumbList\",\"@id\":\"https:\\\/\\\/lasentinelle.dz\\\/index.php\\\/2026\\\/03\\\/15\\\/judo-ouikene-en-argent-abouriche-en-bronze-a-rome\\\/#breadcrumb\",\"itemListElement\":[{\"@type\":\"ListItem\",\"position\":1,\"name\":\"Accueil\",\"item\":\"https:\\\/\\\/lasentinelle.dz\\\/\"},{\"@type\":\"ListItem\",\"position\":2,\"name\":\"Judo\u00a0: Ouik\u00e8ne en argent, Abouriche en bronze \u00e0 Rome\"}]},{\"@type\":\"WebSite\",\"@id\":\"https:\\\/\\\/lasentinelle.dz\\\/#website\",\"url\":\"https:\\\/\\\/lasentinelle.dz\\\/\",\"name\":\"La Sentinelle\",\"description\":\"Quotidien national d&#039;information\",\"publisher\":{\"@id\":\"https:\\\/\\\/lasentinelle.dz\\\/#organization\"},\"potentialAction\":[{\"@type\":\"SearchAction\",\"target\":{\"@type\":\"EntryPoint\",\"urlTemplate\":\"https:\\\/\\\/lasentinelle.dz\\\/?s={search_term_string}\"},\"query-input\":{\"@type\":\"PropertyValueSpecification\",\"valueRequired\":true,\"valueName\":\"search_term_string\"}}],\"inLanguage\":\"fr-FR\"},{\"@type\":\"Organization\",\"@id\":\"https:\\\/\\\/lasentinelle.dz\\\/#organization\",\"name\":\"Quotidien La Sentinelle\",\"url\":\"https:\\\/\\\/lasentinelle.dz\\\/\",\"logo\":{\"@type\":\"ImageObject\",\"inLanguage\":\"fr-FR\",\"@id\":\"https:\\\/\\\/lasentinelle.dz\\\/#\\\/schema\\\/logo\\\/image\\\/\",\"url\":\"https:\\\/\\\/lasentinelle.dz\\\/wp-content\\\/uploads\\\/2021\\\/09\\\/logo-sentinelleSLOGAN-1.png\",\"contentUrl\":\"https:\\\/\\\/lasentinelle.dz\\\/wp-content\\\/uploads\\\/2021\\\/09\\\/logo-sentinelleSLOGAN-1.png\",\"width\":615,\"height\":142,\"caption\":\"Quotidien La Sentinelle\"},\"image\":{\"@id\":\"https:\\\/\\\/lasentinelle.dz\\\/#\\\/schema\\\/logo\\\/image\\\/\"},\"sameAs\":[\"https:\\\/\\\/www.facebook.com\\\/La-Sentinelle-104059864394773\"]},{\"@type\":\"Person\",\"@id\":\"https:\\\/\\\/lasentinelle.dz\\\/#\\\/schema\\\/person\\\/729ee0024f24e0b8c5ec17232f8e8b41\",\"name\":\"admin\",\"image\":{\"@type\":\"ImageObject\",\"inLanguage\":\"fr-FR\",\"@id\":\"https:\\\/\\\/secure.gravatar.com\\\/avatar\\\/4c81fed838786e9b53f540bf46533e750f5d292099ae3b66cfc6fb1982e29df7?s=96&d=mm&r=g\",\"url\":\"https:\\\/\\\/secure.gravatar.com\\\/avatar\\\/4c81fed838786e9b53f540bf46533e750f5d292099ae3b66cfc6fb1982e29df7?s=96&d=mm&r=g\",\"contentUrl\":\"https:\\\/\\\/secure.gravatar.com\\\/avatar\\\/4c81fed838786e9b53f540bf46533e750f5d292099ae3b66cfc6fb1982e29df7?s=96&d=mm&r=g\",\"caption\":\"admin\"},\"description\":\"admin\",\"url\":\"https:\\\/\\\/lasentinelle.dz\\\/author\\\/admin\\\/\"}]}<\/script>\n<!-- \/ Yoast SEO plugin. -->","yoast_head_json":{"title":"Judo\u00a0: Ouik\u00e8ne en argent, Abouriche en bronze \u00e0 Rome - La Sentinelle","robots":{"index":"index","follow":"follow","max-snippet":"max-snippet:-1","max-image-preview":"max-image-preview:large","max-video-preview":"max-video-preview:-1"},"canonical":"https:\/\/lasentinelle.dz\/index.php\/2026\/03\/15\/judo-ouikene-en-argent-abouriche-en-bronze-a-rome\/","og_locale":"fr_FR","og_type":"article","og_title":"Judo\u00a0: Ouik\u00e8ne en argent, Abouriche en bronze \u00e0 Rome - La Sentinelle","og_description":"En une m\u00eame journ\u00e9e romaine, deux karat\u00e9kas alg\u00e9riennes ont gravi le podium de l&rsquo;une des comp\u00e9titions de kumit\u00e9 les plus","og_url":"https:\/\/lasentinelle.dz\/index.php\/2026\/03\/15\/judo-ouikene-en-argent-abouriche-en-bronze-a-rome\/","og_site_name":"La Sentinelle","article_publisher":"https:\/\/www.facebook.com\/La-Sentinelle-104059864394773","article_published_time":"2026-03-15T18:41:00+00:00","article_modified_time":"2026-03-15T18:46:06+00:00","og_image":[{"width":1400,"height":1050,"url":"https:\/\/lasentinelle.dz\/wp-content\/uploads\/2026\/03\/oukene.webp","type":"image\/webp"}],"author":"admin","twitter_card":"summary_large_image","twitter_misc":{"\u00c9crit par":"admin","Dur\u00e9e de lecture estim\u00e9e":"4 minutes"},"schema":{"@context":"https:\/\/schema.org","@graph":[{"@type":"Article","@id":"https:\/\/lasentinelle.dz\/index.php\/2026\/03\/15\/judo-ouikene-en-argent-abouriche-en-bronze-a-rome\/#article","isPartOf":{"@id":"https:\/\/lasentinelle.dz\/index.php\/2026\/03\/15\/judo-ouikene-en-argent-abouriche-en-bronze-a-rome\/"},"author":{"name":"admin","@id":"https:\/\/lasentinelle.dz\/#\/schema\/person\/729ee0024f24e0b8c5ec17232f8e8b41"},"headline":"Judo\u00a0: Ouik\u00e8ne en argent, Abouriche en bronze \u00e0 Rome","datePublished":"2026-03-15T18:41:00+00:00","dateModified":"2026-03-15T18:46:06+00:00","mainEntityOfPage":{"@id":"https:\/\/lasentinelle.dz\/index.php\/2026\/03\/15\/judo-ouikene-en-argent-abouriche-en-bronze-a-rome\/"},"wordCount":723,"commentCount":0,"publisher":{"@id":"https:\/\/lasentinelle.dz\/#organization"},"image":{"@id":"https:\/\/lasentinelle.dz\/index.php\/2026\/03\/15\/judo-ouikene-en-argent-abouriche-en-bronze-a-rome\/#primaryimage"},"thumbnailUrl":"https:\/\/lasentinelle.dz\/wp-content\/uploads\/2026\/03\/oukene.webp","articleSection":["Sports"],"inLanguage":"fr-FR","potentialAction":[{"@type":"CommentAction","name":"Comment","target":["https:\/\/lasentinelle.dz\/index.php\/2026\/03\/15\/judo-ouikene-en-argent-abouriche-en-bronze-a-rome\/#respond"]}]},{"@type":"WebPage","@id":"https:\/\/lasentinelle.dz\/index.php\/2026\/03\/15\/judo-ouikene-en-argent-abouriche-en-bronze-a-rome\/","url":"https:\/\/lasentinelle.dz\/index.php\/2026\/03\/15\/judo-ouikene-en-argent-abouriche-en-bronze-a-rome\/","name":"Judo\u00a0: Ouik\u00e8ne en argent, Abouriche en bronze \u00e0 Rome - La Sentinelle","isPartOf":{"@id":"https:\/\/lasentinelle.dz\/#website"},"primaryImageOfPage":{"@id":"https:\/\/lasentinelle.dz\/index.php\/2026\/03\/15\/judo-ouikene-en-argent-abouriche-en-bronze-a-rome\/#primaryimage"},"image":{"@id":"https:\/\/lasentinelle.dz\/index.php\/2026\/03\/15\/judo-ouikene-en-argent-abouriche-en-bronze-a-rome\/#primaryimage"},"thumbnailUrl":"https:\/\/lasentinelle.dz\/wp-content\/uploads\/2026\/03\/oukene.webp","datePublished":"2026-03-15T18:41:00+00:00","dateModified":"2026-03-15T18:46:06+00:00","breadcrumb":{"@id":"https:\/\/lasentinelle.dz\/index.php\/2026\/03\/15\/judo-ouikene-en-argent-abouriche-en-bronze-a-rome\/#breadcrumb"},"inLanguage":"fr-FR","potentialAction":[{"@type":"ReadAction","target":["https:\/\/lasentinelle.dz\/index.php\/2026\/03\/15\/judo-ouikene-en-argent-abouriche-en-bronze-a-rome\/"]}]},{"@type":"ImageObject","inLanguage":"fr-FR","@id":"https:\/\/lasentinelle.dz\/index.php\/2026\/03\/15\/judo-ouikene-en-argent-abouriche-en-bronze-a-rome\/#primaryimage","url":"https:\/\/lasentinelle.dz\/wp-content\/uploads\/2026\/03\/oukene.webp","contentUrl":"https:\/\/lasentinelle.dz\/wp-content\/uploads\/2026\/03\/oukene.webp","width":1400,"height":1050},{"@type":"BreadcrumbList","@id":"https:\/\/lasentinelle.dz\/index.php\/2026\/03\/15\/judo-ouikene-en-argent-abouriche-en-bronze-a-rome\/#breadcrumb","itemListElement":[{"@type":"ListItem","position":1,"name":"Accueil","item":"https:\/\/lasentinelle.dz\/"},{"@type":"ListItem","position":2,"name":"Judo\u00a0: Ouik\u00e8ne en argent, Abouriche en bronze \u00e0 Rome"}]},{"@type":"WebSite","@id":"https:\/\/lasentinelle.dz\/#website","url":"https:\/\/lasentinelle.dz\/","name":"La Sentinelle","description":"Quotidien national d&#039;information","publisher":{"@id":"https:\/\/lasentinelle.dz\/#organization"},"potentialAction":[{"@type":"SearchAction","target":{"@type":"EntryPoint","urlTemplate":"https:\/\/lasentinelle.dz\/?s={search_term_string}"},"query-input":{"@type":"PropertyValueSpecification","valueRequired":true,"valueName":"search_term_string"}}],"inLanguage":"fr-FR"},{"@type":"Organization","@id":"https:\/\/lasentinelle.dz\/#organization","name":"Quotidien La Sentinelle","url":"https:\/\/lasentinelle.dz\/","logo":{"@type":"ImageObject","inLanguage":"fr-FR","@id":"https:\/\/lasentinelle.dz\/#\/schema\/logo\/image\/","url":"https:\/\/lasentinelle.dz\/wp-content\/uploads\/2021\/09\/logo-sentinelleSLOGAN-1.png","contentUrl":"https:\/\/lasentinelle.dz\/wp-content\/uploads\/2021\/09\/logo-sentinelleSLOGAN-1.png","width":615,"height":142,"caption":"Quotidien La Sentinelle"},"image":{"@id":"https:\/\/lasentinelle.dz\/#\/schema\/logo\/image\/"},"sameAs":["https:\/\/www.facebook.com\/La-Sentinelle-104059864394773"]},{"@type":"Person","@id":"https:\/\/lasentinelle.dz\/#\/schema\/person\/729ee0024f24e0b8c5ec17232f8e8b41","name":"admin","image":{"@type":"ImageObject","inLanguage":"fr-FR","@id":"https:\/\/secure.gravatar.com\/avatar\/4c81fed838786e9b53f540bf46533e750f5d292099ae3b66cfc6fb1982e29df7?s=96&d=mm&r=g","url":"https:\/\/secure.gravatar.com\/avatar\/4c81fed838786e9b53f540bf46533e750f5d292099ae3b66cfc6fb1982e29df7?s=96&d=mm&r=g","contentUrl":"https:\/\/secure.gravatar.com\/avatar\/4c81fed838786e9b53f540bf46533e750f5d292099ae3b66cfc6fb1982e29df7?s=96&d=mm&r=g","caption":"admin"},"description":"admin","url":"https:\/\/lasentinelle.dz\/author\/admin\/"}]}},"_links":{"self":[{"href":"https:\/\/lasentinelle.dz\/index.php\/wp-json\/wp\/v2\/posts\/83545","targetHints":{"allow":["GET"]}}],"collection":[{"href":"https:\/\/lasentinelle.dz\/index.php\/wp-json\/wp\/v2\/posts"}],"about":[{"href":"https:\/\/lasentinelle.dz\/index.php\/wp-json\/wp\/v2\/types\/post"}],"author":[{"embeddable":true,"href":"https:\/\/lasentinelle.dz\/index.php\/wp-json\/wp\/v2\/users\/6"}],"replies":[{"embeddable":true,"href":"https:\/\/lasentinelle.dz\/index.php\/wp-json\/wp\/v2\/comments?post=83545"}],"version-history":[{"count":1,"href":"https:\/\/lasentinelle.dz\/index.php\/wp-json\/wp\/v2\/posts\/83545\/revisions"}],"predecessor-version":[{"id":83547,"href":"https:\/\/lasentinelle.dz\/index.php\/wp-json\/wp\/v2\/posts\/83545\/revisions\/83547"}],"wp:featuredmedia":[{"embeddable":true,"href":"https:\/\/lasentinelle.dz\/index.php\/wp-json\/wp\/v2\/media\/83546"}],"wp:attachment":[{"href":"https:\/\/lasentinelle.dz\/index.php\/wp-json\/wp\/v2\/media?parent=83545"}],"wp:term":[{"taxonomy":"category","embeddable":true,"href":"https:\/\/lasentinelle.dz\/index.php\/wp-json\/wp\/v2\/categories?post=83545"},{"taxonomy":"post_tag","embeddable":true,"href":"https:\/\/lasentinelle.dz\/index.php\/wp-json\/wp\/v2\/tags?post=83545"}],"curies":[{"name":"wp","href":"https:\/\/api.w.org\/{rel}","templated":true}]}}