{"id":83550,"date":"2026-03-15T19:48:11","date_gmt":"2026-03-15T18:48:11","guid":{"rendered":"https:\/\/lasentinelle.dz\/?p=83550"},"modified":"2026-03-15T19:48:12","modified_gmt":"2026-03-15T18:48:12","slug":"can-u17-les-cadets-en-stage-a-sidi-moussa","status":"publish","type":"post","link":"https:\/\/lasentinelle.dz\/index.php\/2026\/03\/15\/can-u17-les-cadets-en-stage-a-sidi-moussa\/","title":{"rendered":"CAN U17 : Les Cadets en stage \u00e0 Sidi Moussa"},"content":{"rendered":"\n<p><strong>Il ne reste plus que quelques jours aux moins de 17 ans pour peaufiner leur jeu avant d&rsquo;affronter leurs rivaux nord-africains en Libye. Un tournoi \u00e0 quatre \u00e9quipes, trois tickets pour la CAN \u2014 et pas le droit \u00e0 l&rsquo;erreur.<\/strong><\/p>\n\n\n\n<p>Le compte \u00e0 rebours a commenc\u00e9. Samedi soir, au Centre technique national de Sidi Moussa, la s\u00e9lection nationale des moins de 17 ans a entam\u00e9 son dernier stage de pr\u00e9paration avant de s&rsquo;envoler vers Benghazi. L&rsquo;objectif est clairement d\u00e9fini : d\u00e9crocher l&rsquo;une des trois places qualificatives \u00e0 la Coupe d&rsquo;Afrique des nations CAN-2026 U17, distribu\u00e9es \u00e0 l&rsquo;issue du tournoi de l&rsquo;Union Nord-Africaine de Football (UNAF) pr\u00e9vu du 22 mars au 5 avril en Libye. Pour les cadets d&rsquo;Amine Ghimouz, le temps presse et chaque s\u00e9ance compte. La premi\u00e8re session de travail, organis\u00e9e samedi en soir\u00e9e sous la direction du s\u00e9lectionneur national, a volontairement d\u00e9but\u00e9 en douceur. Effectif r\u00e9duit, exercices l\u00e9gers en salle de sport avant de rejoindre les terrains du CTN : Ghimouz a choisi la progressivit\u00e9 plut\u00f4t que l&rsquo;intensit\u00e9 imm\u00e9diate, laissant les organismes se mettre en route. La logique du stage est celle d&rsquo;une mont\u00e9e en charge contr\u00f4l\u00e9e sur une semaine serr\u00e9e \u2014 la liste finale des joueurs retenus ne sera d\u00e9voil\u00e9e que le 18 mars, laissant au staff quelques jours suppl\u00e9mentaires pour observer et trancher.<\/p>\n\n\n\n<p>Le calendrier du tournoi UNAF dessine un parcours exigeant. Les Alg\u00e9riens d\u00e9buteront face aux Libyens, pays h\u00f4te, le mardi 24 mars au stade international de Benghazi, coup d&rsquo;envoi \u00e0 16 heures \u2014 un premier test sous pression, dans une enceinte acquise \u00e0 l&rsquo;adversaire. Trois jours plus tard, le vendredi 27 mars, c&rsquo;est le Maroc qui se dressera sur leur route au stade Al-Ittihad Al-Askari, d\u00e8s 15 heures. Un derby maghr\u00e9bin \u00e0 haute tension, dont l&rsquo;issue pourrait largement conditionner la suite du parcours. Exempt\u00e9s de la troisi\u00e8me journ\u00e9e, les cadets retrouveront ensuite la Tunisie le jeudi 2 avril, avant de conclure la comp\u00e9tition face \u00e0 l&rsquo;\u00c9gypte le dimanche 5 avril, les deux rencontres se tenant au stade international de Benghazi.<\/p>\n\n\n\n<p>La formule du tournoi ne laisse gu\u00e8re de place \u00e0 l&rsquo;improvisation : cinq journ\u00e9es de mini-championnat, et seulement les trois premiers du classement g\u00e9n\u00e9ral acc\u00e8dent \u00e0 la phase finale de la CAN-2026 U17. Autrement dit, une seule \u00e9quipe sur cinq sera \u00e9limin\u00e9e \u2014 mais dans ce groupe o\u00f9 figurent le Maroc, la Tunisie, l&rsquo;\u00c9gypte et la Libye, chaque point arrach\u00e9 ou conc\u00e9d\u00e9 peut faire basculer une qualification. L&rsquo;Alg\u00e9rie, qui s&rsquo;appr\u00eate \u00e0 disputer quatre matchs en douze jours, devra conjuguer fra\u00eecheur physique et concentration maximale du premier au dernier coup de sifflet.<\/p>\n\n\n\n<p>Pour Amine Ghimouz et son staff, le travail de ces prochains jours \u00e0 Sidi Moussa sera donc d\u00e9cisif. Aff\u00fbter les automatismes collectifs, finaliser les choix tactiques, s\u00e9lectionner les vingt-trois joueurs capables d&rsquo;assumer la pression d&rsquo;une comp\u00e9tition internationale \u00e0 \u00e9limination indirecte : tout cela devra \u00eatre accompli avant le 18 mars. La jeunesse des protagonistes \u2014 des gar\u00e7ons n\u00e9s en 2009 et apr\u00e8s \u2014 n&rsquo;att\u00e9nue en rien l&rsquo;importance de l&rsquo;enjeu. Une qualification \u00e0 la CAN, m\u00eame dans une cat\u00e9gorie de jeunes, c&rsquo;est une promesse faite \u00e0 tout un vivier de talents en devenir.<\/p>\n\n\n\n<p>Moncef D.<\/p>\n\n\n\n<p><strong>Equipe nationale (U20)<\/strong><\/p>\n\n\n\n<p><strong>Double confrontation amicale face \u00e0 l&rsquo;\u00c9gypte au Caire<\/strong><\/p>\n\n\n\n<p>La s\u00e9lection alg\u00e9rienne de football des moins de 20 ans (U20) disputera deux matchs amicaux face \u00e0 son homologue \u00e9gyptienne au Caire les 27 et 30 mars courant, a annonc\u00e9 samedi la F\u00e9d\u00e9ration alg\u00e9rienne de football (FAF) sur son site officiel. Ces deux rencontres entrent dans le cadre du stage de pr\u00e9paration des jeunes \u00ab\u00a0Verts\u00a0\u00bb, pr\u00e9vu durant la prochaine fen\u00eatre internationale, du 22 au 31 mars 2026, en vue de pr\u00e9parer les prochaines \u00e9ch\u00e9ances, pr\u00e9cise le communiqu\u00e9 de la FAF. La m\u00eame source indique que la pr\u00e9paration pour ces deux matchs amicaux d\u00e9butera \u00e0 Alger, avant le d\u00e9part de la d\u00e9l\u00e9gation pour Le Caire le 24 mars. La s\u00e9lection nationale de cette cat\u00e9gorie d\u2019\u00e2ge, dirig\u00e9e par le s\u00e9lectionneur Rezki Ne\u00efder, avait d\u00e9j\u00e0 effectu\u00e9 un stage de pr\u00e9paration du 18 au 21 janvier dernier au Centre technique r\u00e9gional de Tlemcen, avec la participation de 27 joueurs \u00e9voluant dans le championnat national, dans le but de les superviser et de retenir les meilleurs \u00e9l\u00e9ments en vue des prochaines \u00e9ch\u00e9ances. Ces pr\u00e9paratifs s\u2019inscrivent dans le cadre de la pr\u00e9paration aux \u00e9liminatoires r\u00e9gionales qualificatives \u00e0 la Coupe d\u2019Afrique des nations 2026.<\/p>\n\n\n\n<p>APS<\/p>\n","protected":false},"excerpt":{"rendered":"<p>Il ne reste plus que quelques jours aux moins de 17 ans pour peaufiner leur jeu avant d&rsquo;affronter leurs rivaux<\/p>\n","protected":false},"author":6,"featured_media":83551,"comment_status":"open","ping_status":"closed","sticky":false,"template":"","format":"standard","meta":{"colormag_page_container_layout":"default_layout","colormag_page_sidebar_layout":"default_layout","om_disable_all_campaigns":false,"_monsterinsights_skip_tracking":false,"_monsterinsights_sitenote_active":false,"_monsterinsights_sitenote_note":"","_monsterinsights_sitenote_category":0,"footnotes":"","_wpscppro_dont_share_socialmedia":false,"_wpscppro_custom_social_share_image":0,"_facebook_share_type":"default","_twitter_share_type":"default","_linkedin_share_type":"default","_pinterest_share_type":"default","_linkedin_share_type_page":"","_instagram_share_type":"default","_medium_share_type":"default","_threads_share_type":"default","_google_business_share_type":"default","_selected_social_profile":[],"_wpsp_enable_custom_social_template":false,"_wpsp_social_scheduling":{"enabled":false,"datetime":null,"platforms":[],"status":"template_only","dateOption":"today","timeOption":"now","customDays":"","customHours":"","customDate":"","customTime":"","schedulingType":"absolute"},"_wpsp_active_default_template":true},"categories":[33],"tags":[],"class_list":["post-83550","post","type-post","status-publish","format-standard","has-post-thumbnail","hentry","category-sports"],"aioseo_notices":[],"yoast_head":"<!-- This site is optimized with the Yoast SEO plugin v27.5 - https:\/\/yoast.com\/product\/yoast-seo-wordpress\/ -->\n<title>CAN U17 : Les Cadets en stage \u00e0 Sidi Moussa - La Sentinelle<\/title>\n<meta name=\"robots\" content=\"index, follow, max-snippet:-1, max-image-preview:large, max-video-preview:-1\" \/>\n<link rel=\"canonical\" href=\"https:\/\/lasentinelle.dz\/index.php\/2026\/03\/15\/can-u17-les-cadets-en-stage-a-sidi-moussa\/\" \/>\n<meta property=\"og:locale\" content=\"fr_FR\" \/>\n<meta property=\"og:type\" content=\"article\" \/>\n<meta property=\"og:title\" content=\"CAN U17 : Les Cadets en stage \u00e0 Sidi Moussa - La Sentinelle\" \/>\n<meta property=\"og:description\" content=\"Il ne reste plus que quelques jours aux moins de 17 ans pour peaufiner leur jeu avant d&rsquo;affronter leurs rivaux\" \/>\n<meta property=\"og:url\" content=\"https:\/\/lasentinelle.dz\/index.php\/2026\/03\/15\/can-u17-les-cadets-en-stage-a-sidi-moussa\/\" \/>\n<meta property=\"og:site_name\" content=\"La Sentinelle\" \/>\n<meta property=\"article:publisher\" content=\"https:\/\/www.facebook.com\/La-Sentinelle-104059864394773\" \/>\n<meta property=\"article:published_time\" content=\"2026-03-15T18:48:11+00:00\" \/>\n<meta property=\"article:modified_time\" content=\"2026-03-15T18:48:12+00:00\" \/>\n<meta property=\"og:image\" content=\"https:\/\/lasentinelle.dz\/wp-content\/uploads\/2026\/03\/cadets-1.jpg\" \/>\n\t<meta property=\"og:image:width\" content=\"1790\" \/>\n\t<meta property=\"og:image:height\" content=\"1789\" \/>\n\t<meta property=\"og:image:type\" content=\"image\/jpeg\" \/>\n<meta name=\"author\" content=\"admin\" \/>\n<meta name=\"twitter:card\" content=\"summary_large_image\" \/>\n<meta name=\"twitter:label1\" content=\"\u00c9crit par\" \/>\n\t<meta name=\"twitter:data1\" content=\"admin\" \/>\n\t<meta name=\"twitter:label2\" content=\"Dur\u00e9e de lecture estim\u00e9e\" \/>\n\t<meta name=\"twitter:data2\" content=\"4 minutes\" \/>\n<script type=\"application\/ld+json\" class=\"yoast-schema-graph\">{\"@context\":\"https:\\\/\\\/schema.org\",\"@graph\":[{\"@type\":\"Article\",\"@id\":\"https:\\\/\\\/lasentinelle.dz\\\/index.php\\\/2026\\\/03\\\/15\\\/can-u17-les-cadets-en-stage-a-sidi-moussa\\\/#article\",\"isPartOf\":{\"@id\":\"https:\\\/\\\/lasentinelle.dz\\\/index.php\\\/2026\\\/03\\\/15\\\/can-u17-les-cadets-en-stage-a-sidi-moussa\\\/\"},\"author\":{\"name\":\"admin\",\"@id\":\"https:\\\/\\\/lasentinelle.dz\\\/#\\\/schema\\\/person\\\/729ee0024f24e0b8c5ec17232f8e8b41\"},\"headline\":\"CAN U17 : Les Cadets en stage \u00e0 Sidi Moussa\",\"datePublished\":\"2026-03-15T18:48:11+00:00\",\"dateModified\":\"2026-03-15T18:48:12+00:00\",\"mainEntityOfPage\":{\"@id\":\"https:\\\/\\\/lasentinelle.dz\\\/index.php\\\/2026\\\/03\\\/15\\\/can-u17-les-cadets-en-stage-a-sidi-moussa\\\/\"},\"wordCount\":786,\"commentCount\":0,\"publisher\":{\"@id\":\"https:\\\/\\\/lasentinelle.dz\\\/#organization\"},\"image\":{\"@id\":\"https:\\\/\\\/lasentinelle.dz\\\/index.php\\\/2026\\\/03\\\/15\\\/can-u17-les-cadets-en-stage-a-sidi-moussa\\\/#primaryimage\"},\"thumbnailUrl\":\"https:\\\/\\\/lasentinelle.dz\\\/wp-content\\\/uploads\\\/2026\\\/03\\\/cadets-1.jpg\",\"articleSection\":[\"Sports\"],\"inLanguage\":\"fr-FR\",\"potentialAction\":[{\"@type\":\"CommentAction\",\"name\":\"Comment\",\"target\":[\"https:\\\/\\\/lasentinelle.dz\\\/index.php\\\/2026\\\/03\\\/15\\\/can-u17-les-cadets-en-stage-a-sidi-moussa\\\/#respond\"]}]},{\"@type\":\"WebPage\",\"@id\":\"https:\\\/\\\/lasentinelle.dz\\\/index.php\\\/2026\\\/03\\\/15\\\/can-u17-les-cadets-en-stage-a-sidi-moussa\\\/\",\"url\":\"https:\\\/\\\/lasentinelle.dz\\\/index.php\\\/2026\\\/03\\\/15\\\/can-u17-les-cadets-en-stage-a-sidi-moussa\\\/\",\"name\":\"CAN U17 : Les Cadets en stage \u00e0 Sidi Moussa - La Sentinelle\",\"isPartOf\":{\"@id\":\"https:\\\/\\\/lasentinelle.dz\\\/#website\"},\"primaryImageOfPage\":{\"@id\":\"https:\\\/\\\/lasentinelle.dz\\\/index.php\\\/2026\\\/03\\\/15\\\/can-u17-les-cadets-en-stage-a-sidi-moussa\\\/#primaryimage\"},\"image\":{\"@id\":\"https:\\\/\\\/lasentinelle.dz\\\/index.php\\\/2026\\\/03\\\/15\\\/can-u17-les-cadets-en-stage-a-sidi-moussa\\\/#primaryimage\"},\"thumbnailUrl\":\"https:\\\/\\\/lasentinelle.dz\\\/wp-content\\\/uploads\\\/2026\\\/03\\\/cadets-1.jpg\",\"datePublished\":\"2026-03-15T18:48:11+00:00\",\"dateModified\":\"2026-03-15T18:48:12+00:00\",\"breadcrumb\":{\"@id\":\"https:\\\/\\\/lasentinelle.dz\\\/index.php\\\/2026\\\/03\\\/15\\\/can-u17-les-cadets-en-stage-a-sidi-moussa\\\/#breadcrumb\"},\"inLanguage\":\"fr-FR\",\"potentialAction\":[{\"@type\":\"ReadAction\",\"target\":[\"https:\\\/\\\/lasentinelle.dz\\\/index.php\\\/2026\\\/03\\\/15\\\/can-u17-les-cadets-en-stage-a-sidi-moussa\\\/\"]}]},{\"@type\":\"ImageObject\",\"inLanguage\":\"fr-FR\",\"@id\":\"https:\\\/\\\/lasentinelle.dz\\\/index.php\\\/2026\\\/03\\\/15\\\/can-u17-les-cadets-en-stage-a-sidi-moussa\\\/#primaryimage\",\"url\":\"https:\\\/\\\/lasentinelle.dz\\\/wp-content\\\/uploads\\\/2026\\\/03\\\/cadets-1.jpg\",\"contentUrl\":\"https:\\\/\\\/lasentinelle.dz\\\/wp-content\\\/uploads\\\/2026\\\/03\\\/cadets-1.jpg\",\"width\":1790,\"height\":1789},{\"@type\":\"BreadcrumbList\",\"@id\":\"https:\\\/\\\/lasentinelle.dz\\\/index.php\\\/2026\\\/03\\\/15\\\/can-u17-les-cadets-en-stage-a-sidi-moussa\\\/#breadcrumb\",\"itemListElement\":[{\"@type\":\"ListItem\",\"position\":1,\"name\":\"Accueil\",\"item\":\"https:\\\/\\\/lasentinelle.dz\\\/\"},{\"@type\":\"ListItem\",\"position\":2,\"name\":\"CAN U17 : Les Cadets en stage \u00e0 Sidi Moussa\"}]},{\"@type\":\"WebSite\",\"@id\":\"https:\\\/\\\/lasentinelle.dz\\\/#website\",\"url\":\"https:\\\/\\\/lasentinelle.dz\\\/\",\"name\":\"La Sentinelle\",\"description\":\"Quotidien national d&#039;information\",\"publisher\":{\"@id\":\"https:\\\/\\\/lasentinelle.dz\\\/#organization\"},\"potentialAction\":[{\"@type\":\"SearchAction\",\"target\":{\"@type\":\"EntryPoint\",\"urlTemplate\":\"https:\\\/\\\/lasentinelle.dz\\\/?s={search_term_string}\"},\"query-input\":{\"@type\":\"PropertyValueSpecification\",\"valueRequired\":true,\"valueName\":\"search_term_string\"}}],\"inLanguage\":\"fr-FR\"},{\"@type\":\"Organization\",\"@id\":\"https:\\\/\\\/lasentinelle.dz\\\/#organization\",\"name\":\"Quotidien La Sentinelle\",\"url\":\"https:\\\/\\\/lasentinelle.dz\\\/\",\"logo\":{\"@type\":\"ImageObject\",\"inLanguage\":\"fr-FR\",\"@id\":\"https:\\\/\\\/lasentinelle.dz\\\/#\\\/schema\\\/logo\\\/image\\\/\",\"url\":\"https:\\\/\\\/lasentinelle.dz\\\/wp-content\\\/uploads\\\/2021\\\/09\\\/logo-sentinelleSLOGAN-1.png\",\"contentUrl\":\"https:\\\/\\\/lasentinelle.dz\\\/wp-content\\\/uploads\\\/2021\\\/09\\\/logo-sentinelleSLOGAN-1.png\",\"width\":615,\"height\":142,\"caption\":\"Quotidien La Sentinelle\"},\"image\":{\"@id\":\"https:\\\/\\\/lasentinelle.dz\\\/#\\\/schema\\\/logo\\\/image\\\/\"},\"sameAs\":[\"https:\\\/\\\/www.facebook.com\\\/La-Sentinelle-104059864394773\"]},{\"@type\":\"Person\",\"@id\":\"https:\\\/\\\/lasentinelle.dz\\\/#\\\/schema\\\/person\\\/729ee0024f24e0b8c5ec17232f8e8b41\",\"name\":\"admin\",\"image\":{\"@type\":\"ImageObject\",\"inLanguage\":\"fr-FR\",\"@id\":\"https:\\\/\\\/secure.gravatar.com\\\/avatar\\\/4c81fed838786e9b53f540bf46533e750f5d292099ae3b66cfc6fb1982e29df7?s=96&d=mm&r=g\",\"url\":\"https:\\\/\\\/secure.gravatar.com\\\/avatar\\\/4c81fed838786e9b53f540bf46533e750f5d292099ae3b66cfc6fb1982e29df7?s=96&d=mm&r=g\",\"contentUrl\":\"https:\\\/\\\/secure.gravatar.com\\\/avatar\\\/4c81fed838786e9b53f540bf46533e750f5d292099ae3b66cfc6fb1982e29df7?s=96&d=mm&r=g\",\"caption\":\"admin\"},\"description\":\"admin\",\"url\":\"https:\\\/\\\/lasentinelle.dz\\\/author\\\/admin\\\/\"}]}<\/script>\n<!-- \/ Yoast SEO plugin. -->","yoast_head_json":{"title":"CAN U17 : Les Cadets en stage \u00e0 Sidi Moussa - La Sentinelle","robots":{"index":"index","follow":"follow","max-snippet":"max-snippet:-1","max-image-preview":"max-image-preview:large","max-video-preview":"max-video-preview:-1"},"canonical":"https:\/\/lasentinelle.dz\/index.php\/2026\/03\/15\/can-u17-les-cadets-en-stage-a-sidi-moussa\/","og_locale":"fr_FR","og_type":"article","og_title":"CAN U17 : Les Cadets en stage \u00e0 Sidi Moussa - La Sentinelle","og_description":"Il ne reste plus que quelques jours aux moins de 17 ans pour peaufiner leur jeu avant d&rsquo;affronter leurs rivaux","og_url":"https:\/\/lasentinelle.dz\/index.php\/2026\/03\/15\/can-u17-les-cadets-en-stage-a-sidi-moussa\/","og_site_name":"La Sentinelle","article_publisher":"https:\/\/www.facebook.com\/La-Sentinelle-104059864394773","article_published_time":"2026-03-15T18:48:11+00:00","article_modified_time":"2026-03-15T18:48:12+00:00","og_image":[{"width":1790,"height":1789,"url":"https:\/\/lasentinelle.dz\/wp-content\/uploads\/2026\/03\/cadets-1.jpg","type":"image\/jpeg"}],"author":"admin","twitter_card":"summary_large_image","twitter_misc":{"\u00c9crit par":"admin","Dur\u00e9e de lecture estim\u00e9e":"4 minutes"},"schema":{"@context":"https:\/\/schema.org","@graph":[{"@type":"Article","@id":"https:\/\/lasentinelle.dz\/index.php\/2026\/03\/15\/can-u17-les-cadets-en-stage-a-sidi-moussa\/#article","isPartOf":{"@id":"https:\/\/lasentinelle.dz\/index.php\/2026\/03\/15\/can-u17-les-cadets-en-stage-a-sidi-moussa\/"},"author":{"name":"admin","@id":"https:\/\/lasentinelle.dz\/#\/schema\/person\/729ee0024f24e0b8c5ec17232f8e8b41"},"headline":"CAN U17 : Les Cadets en stage \u00e0 Sidi Moussa","datePublished":"2026-03-15T18:48:11+00:00","dateModified":"2026-03-15T18:48:12+00:00","mainEntityOfPage":{"@id":"https:\/\/lasentinelle.dz\/index.php\/2026\/03\/15\/can-u17-les-cadets-en-stage-a-sidi-moussa\/"},"wordCount":786,"commentCount":0,"publisher":{"@id":"https:\/\/lasentinelle.dz\/#organization"},"image":{"@id":"https:\/\/lasentinelle.dz\/index.php\/2026\/03\/15\/can-u17-les-cadets-en-stage-a-sidi-moussa\/#primaryimage"},"thumbnailUrl":"https:\/\/lasentinelle.dz\/wp-content\/uploads\/2026\/03\/cadets-1.jpg","articleSection":["Sports"],"inLanguage":"fr-FR","potentialAction":[{"@type":"CommentAction","name":"Comment","target":["https:\/\/lasentinelle.dz\/index.php\/2026\/03\/15\/can-u17-les-cadets-en-stage-a-sidi-moussa\/#respond"]}]},{"@type":"WebPage","@id":"https:\/\/lasentinelle.dz\/index.php\/2026\/03\/15\/can-u17-les-cadets-en-stage-a-sidi-moussa\/","url":"https:\/\/lasentinelle.dz\/index.php\/2026\/03\/15\/can-u17-les-cadets-en-stage-a-sidi-moussa\/","name":"CAN U17 : Les Cadets en stage \u00e0 Sidi Moussa - La Sentinelle","isPartOf":{"@id":"https:\/\/lasentinelle.dz\/#website"},"primaryImageOfPage":{"@id":"https:\/\/lasentinelle.dz\/index.php\/2026\/03\/15\/can-u17-les-cadets-en-stage-a-sidi-moussa\/#primaryimage"},"image":{"@id":"https:\/\/lasentinelle.dz\/index.php\/2026\/03\/15\/can-u17-les-cadets-en-stage-a-sidi-moussa\/#primaryimage"},"thumbnailUrl":"https:\/\/lasentinelle.dz\/wp-content\/uploads\/2026\/03\/cadets-1.jpg","datePublished":"2026-03-15T18:48:11+00:00","dateModified":"2026-03-15T18:48:12+00:00","breadcrumb":{"@id":"https:\/\/lasentinelle.dz\/index.php\/2026\/03\/15\/can-u17-les-cadets-en-stage-a-sidi-moussa\/#breadcrumb"},"inLanguage":"fr-FR","potentialAction":[{"@type":"ReadAction","target":["https:\/\/lasentinelle.dz\/index.php\/2026\/03\/15\/can-u17-les-cadets-en-stage-a-sidi-moussa\/"]}]},{"@type":"ImageObject","inLanguage":"fr-FR","@id":"https:\/\/lasentinelle.dz\/index.php\/2026\/03\/15\/can-u17-les-cadets-en-stage-a-sidi-moussa\/#primaryimage","url":"https:\/\/lasentinelle.dz\/wp-content\/uploads\/2026\/03\/cadets-1.jpg","contentUrl":"https:\/\/lasentinelle.dz\/wp-content\/uploads\/2026\/03\/cadets-1.jpg","width":1790,"height":1789},{"@type":"BreadcrumbList","@id":"https:\/\/lasentinelle.dz\/index.php\/2026\/03\/15\/can-u17-les-cadets-en-stage-a-sidi-moussa\/#breadcrumb","itemListElement":[{"@type":"ListItem","position":1,"name":"Accueil","item":"https:\/\/lasentinelle.dz\/"},{"@type":"ListItem","position":2,"name":"CAN U17 : Les Cadets en stage \u00e0 Sidi Moussa"}]},{"@type":"WebSite","@id":"https:\/\/lasentinelle.dz\/#website","url":"https:\/\/lasentinelle.dz\/","name":"La Sentinelle","description":"Quotidien national d&#039;information","publisher":{"@id":"https:\/\/lasentinelle.dz\/#organization"},"potentialAction":[{"@type":"SearchAction","target":{"@type":"EntryPoint","urlTemplate":"https:\/\/lasentinelle.dz\/?s={search_term_string}"},"query-input":{"@type":"PropertyValueSpecification","valueRequired":true,"valueName":"search_term_string"}}],"inLanguage":"fr-FR"},{"@type":"Organization","@id":"https:\/\/lasentinelle.dz\/#organization","name":"Quotidien La Sentinelle","url":"https:\/\/lasentinelle.dz\/","logo":{"@type":"ImageObject","inLanguage":"fr-FR","@id":"https:\/\/lasentinelle.dz\/#\/schema\/logo\/image\/","url":"https:\/\/lasentinelle.dz\/wp-content\/uploads\/2021\/09\/logo-sentinelleSLOGAN-1.png","contentUrl":"https:\/\/lasentinelle.dz\/wp-content\/uploads\/2021\/09\/logo-sentinelleSLOGAN-1.png","width":615,"height":142,"caption":"Quotidien La Sentinelle"},"image":{"@id":"https:\/\/lasentinelle.dz\/#\/schema\/logo\/image\/"},"sameAs":["https:\/\/www.facebook.com\/La-Sentinelle-104059864394773"]},{"@type":"Person","@id":"https:\/\/lasentinelle.dz\/#\/schema\/person\/729ee0024f24e0b8c5ec17232f8e8b41","name":"admin","image":{"@type":"ImageObject","inLanguage":"fr-FR","@id":"https:\/\/secure.gravatar.com\/avatar\/4c81fed838786e9b53f540bf46533e750f5d292099ae3b66cfc6fb1982e29df7?s=96&d=mm&r=g","url":"https:\/\/secure.gravatar.com\/avatar\/4c81fed838786e9b53f540bf46533e750f5d292099ae3b66cfc6fb1982e29df7?s=96&d=mm&r=g","contentUrl":"https:\/\/secure.gravatar.com\/avatar\/4c81fed838786e9b53f540bf46533e750f5d292099ae3b66cfc6fb1982e29df7?s=96&d=mm&r=g","caption":"admin"},"description":"admin","url":"https:\/\/lasentinelle.dz\/author\/admin\/"}]}},"_links":{"self":[{"href":"https:\/\/lasentinelle.dz\/index.php\/wp-json\/wp\/v2\/posts\/83550","targetHints":{"allow":["GET"]}}],"collection":[{"href":"https:\/\/lasentinelle.dz\/index.php\/wp-json\/wp\/v2\/posts"}],"about":[{"href":"https:\/\/lasentinelle.dz\/index.php\/wp-json\/wp\/v2\/types\/post"}],"author":[{"embeddable":true,"href":"https:\/\/lasentinelle.dz\/index.php\/wp-json\/wp\/v2\/users\/6"}],"replies":[{"embeddable":true,"href":"https:\/\/lasentinelle.dz\/index.php\/wp-json\/wp\/v2\/comments?post=83550"}],"version-history":[{"count":1,"href":"https:\/\/lasentinelle.dz\/index.php\/wp-json\/wp\/v2\/posts\/83550\/revisions"}],"predecessor-version":[{"id":83552,"href":"https:\/\/lasentinelle.dz\/index.php\/wp-json\/wp\/v2\/posts\/83550\/revisions\/83552"}],"wp:featuredmedia":[{"embeddable":true,"href":"https:\/\/lasentinelle.dz\/index.php\/wp-json\/wp\/v2\/media\/83551"}],"wp:attachment":[{"href":"https:\/\/lasentinelle.dz\/index.php\/wp-json\/wp\/v2\/media?parent=83550"}],"wp:term":[{"taxonomy":"category","embeddable":true,"href":"https:\/\/lasentinelle.dz\/index.php\/wp-json\/wp\/v2\/categories?post=83550"},{"taxonomy":"post_tag","embeddable":true,"href":"https:\/\/lasentinelle.dz\/index.php\/wp-json\/wp\/v2\/tags?post=83550"}],"curies":[{"name":"wp","href":"https:\/\/api.w.org\/{rel}","templated":true}]}}