{"id":83562,"date":"2026-03-15T19:54:07","date_gmt":"2026-03-15T18:54:07","guid":{"rendered":"https:\/\/lasentinelle.dz\/?p=83562"},"modified":"2026-03-15T19:54:08","modified_gmt":"2026-03-15T18:54:08","slug":"les-bibliotheques-au-defi-numerique-entre-heritage-civilisationnel-et-desaffection-silencieuse","status":"publish","type":"post","link":"https:\/\/lasentinelle.dz\/index.php\/2026\/03\/15\/les-bibliotheques-au-defi-numerique-entre-heritage-civilisationnel-et-desaffection-silencieuse\/","title":{"rendered":"Les biblioth\u00e8ques au d\u00e9fi num\u00e9rique\u00a0: Entre h\u00e9ritage civilisationnel et d\u00e9saffection silencieuse"},"content":{"rendered":"\n<p>C&rsquo;est dans les murs de la biblioth\u00e8que principale de lecture publique \u00ab Dr Yahia Bouaziz \u00bb de Mascara qu&rsquo;universitaires, \u00e9crivains et po\u00e8tes se sont retrouv\u00e9s samedi pour une conf\u00e9rence sobrement intitul\u00e9e \u00ab Les biblioth\u00e8ques : message civilisationnel et valeur humaine \u00bb. Organis\u00e9e \u00e0 l&rsquo;occasion de la Journ\u00e9e arabe des biblioth\u00e8ques, en coordination avec \u00ab Beit El Hikma \u00bb pour la pens\u00e9e, la litt\u00e9rature et les arts, cette rencontre a mis des mots savants sur une inqui\u00e9tude que beaucoup partagent sans toujours l&rsquo;exprimer : celle de voir ces institutions fondatrices se vider de leur substance \u00e0 l&rsquo;heure du tout-num\u00e9rique. Le professeur Tahar Bekeddar, de l&rsquo;universit\u00e9 Mustapha-Stambouli de Mascara, a pos\u00e9 d&#8217;embl\u00e9e le cadre conceptuel. Pour lui, les biblioth\u00e8ques de lecture publique remplissent \u00ab un r\u00f4le civilisationnel important \u00bb qui d\u00e9passe de loin la simple conservation de livres. Elles assurent, a-t-il rappel\u00e9, la pr\u00e9servation du patrimoine culturel et intellectuel de la soci\u00e9t\u00e9, la diffusion du savoir et l&rsquo;encouragement \u00e0 la lecture et \u00e0 la recherche scientifique. Autant de missions qui r\u00e9sonnent comme autant d&rsquo;urgences dans un pays o\u00f9 le taux de lecture demeure une pr\u00e9occupation r\u00e9currente des acteurs culturels. Bekeddar est all\u00e9 plus loin, insistant sur la dimension humaine de ces espaces : ces \u00e9tablissements \u00ab contribuent au d\u00e9veloppement de la personnalit\u00e9 de l&rsquo;individu \u00bb en l&rsquo;incitant \u00e0 la d\u00e9couverte, \u00e0 l&rsquo;acquisition du savoir, au d\u00e9veloppement de la r\u00e9flexion et de la cr\u00e9ativit\u00e9, tout en \u00ab \u00e9largissant les horizons intellectuels et culturels de l&rsquo;\u00eatre humain \u00bb. Un plaidoyer pour la biblioth\u00e8que comme \u00e9cole de vie autant que r\u00e9servoir de connaissances. Son coll\u00e8gue, le professeur Larbi Messabih, a quant \u00e0 lui centr\u00e9 son propos sur l&rsquo;enjeu d\u00e9mocratique et p\u00e9dagogique de ces institutions. Les biblioth\u00e8ques publiques, a-t-il soulign\u00e9, permettent \u00ab l&rsquo;acc\u00e8s au savoir pour tous \u00bb et favorisent \u00ab le dialogue ainsi que l&rsquo;\u00e9change d&rsquo;id\u00e9es entre les lecteurs \u00bb \u2014 une fonction sociale que ni l&rsquo;algorithme ni le moteur de recherche ne sauraient v\u00e9ritablement remplir. Messabih a particuli\u00e8rement insist\u00e9 sur la n\u00e9cessit\u00e9 d&rsquo;impliquer davantage les \u00e9l\u00e8ves et les \u00e9tudiants dans ces structures, soulignant leur importance dans le d\u00e9veloppement des capacit\u00e9s cognitives, leur r\u00f4le dans \u00ab l&rsquo;am\u00e9lioration de la compr\u00e9hension des cours et des conf\u00e9rences \u00bb et leur contribution \u00e0 \u00ab l&rsquo;enrichissement des recherches acad\u00e9miques \u00bb. Un appel direct aux \u00e9tablissements scolaires et universitaires \u00e0 renouer avec ces espaces souvent n\u00e9glig\u00e9s dans les cursus.<\/p>\n\n\n\n<p>M.S.<\/p>\n","protected":false},"excerpt":{"rendered":"<p>C&rsquo;est dans les murs de la biblioth\u00e8que principale de lecture publique \u00ab Dr Yahia Bouaziz \u00bb de Mascara qu&rsquo;universitaires, \u00e9crivains<\/p>\n","protected":false},"author":6,"featured_media":75067,"comment_status":"open","ping_status":"closed","sticky":false,"template":"","format":"standard","meta":{"colormag_page_container_layout":"default_layout","colormag_page_sidebar_layout":"default_layout","om_disable_all_campaigns":false,"_monsterinsights_skip_tracking":false,"_monsterinsights_sitenote_active":false,"_monsterinsights_sitenote_note":"","_monsterinsights_sitenote_category":0,"footnotes":"","_wpscppro_dont_share_socialmedia":false,"_wpscppro_custom_social_share_image":0,"_facebook_share_type":"default","_twitter_share_type":"default","_linkedin_share_type":"default","_pinterest_share_type":"default","_linkedin_share_type_page":"","_instagram_share_type":"default","_medium_share_type":"default","_threads_share_type":"default","_google_business_share_type":"default","_selected_social_profile":[],"_wpsp_enable_custom_social_template":false,"_wpsp_social_scheduling":{"enabled":false,"datetime":null,"platforms":[],"status":"template_only","dateOption":"today","timeOption":"now","customDays":"","customHours":"","customDate":"","customTime":"","schedulingType":"absolute"},"_wpsp_active_default_template":true},"categories":[36],"tags":[],"class_list":["post-83562","post","type-post","status-publish","format-standard","has-post-thumbnail","hentry","category-culture"],"aioseo_notices":[],"yoast_head":"<!-- This site is optimized with the Yoast SEO plugin v27.5 - https:\/\/yoast.com\/product\/yoast-seo-wordpress\/ -->\n<title>Les biblioth\u00e8ques au d\u00e9fi num\u00e9rique\u00a0: Entre h\u00e9ritage civilisationnel et d\u00e9saffection silencieuse - La Sentinelle<\/title>\n<meta name=\"robots\" content=\"index, follow, max-snippet:-1, max-image-preview:large, max-video-preview:-1\" \/>\n<link rel=\"canonical\" href=\"https:\/\/lasentinelle.dz\/index.php\/2026\/03\/15\/les-bibliotheques-au-defi-numerique-entre-heritage-civilisationnel-et-desaffection-silencieuse\/\" \/>\n<meta property=\"og:locale\" content=\"fr_FR\" \/>\n<meta property=\"og:type\" content=\"article\" \/>\n<meta property=\"og:title\" content=\"Les biblioth\u00e8ques au d\u00e9fi num\u00e9rique\u00a0: Entre h\u00e9ritage civilisationnel et d\u00e9saffection silencieuse - La Sentinelle\" \/>\n<meta property=\"og:description\" content=\"C&rsquo;est dans les murs de la biblioth\u00e8que principale de lecture publique \u00ab Dr Yahia Bouaziz \u00bb de Mascara qu&rsquo;universitaires, \u00e9crivains\" \/>\n<meta property=\"og:url\" content=\"https:\/\/lasentinelle.dz\/index.php\/2026\/03\/15\/les-bibliotheques-au-defi-numerique-entre-heritage-civilisationnel-et-desaffection-silencieuse\/\" \/>\n<meta property=\"og:site_name\" content=\"La Sentinelle\" \/>\n<meta property=\"article:publisher\" content=\"https:\/\/www.facebook.com\/La-Sentinelle-104059864394773\" \/>\n<meta property=\"article:published_time\" content=\"2026-03-15T18:54:07+00:00\" \/>\n<meta property=\"article:modified_time\" content=\"2026-03-15T18:54:08+00:00\" \/>\n<meta property=\"og:image\" content=\"https:\/\/lasentinelle.dz\/wp-content\/uploads\/2025\/10\/bibliotheque.jpg\" \/>\n\t<meta property=\"og:image:width\" content=\"640\" \/>\n\t<meta property=\"og:image:height\" content=\"424\" \/>\n\t<meta property=\"og:image:type\" content=\"image\/jpeg\" \/>\n<meta name=\"author\" content=\"admin\" \/>\n<meta name=\"twitter:card\" content=\"summary_large_image\" \/>\n<meta name=\"twitter:label1\" content=\"\u00c9crit par\" \/>\n\t<meta name=\"twitter:data1\" content=\"admin\" \/>\n\t<meta name=\"twitter:label2\" content=\"Dur\u00e9e de lecture estim\u00e9e\" \/>\n\t<meta name=\"twitter:data2\" content=\"3 minutes\" \/>\n<script type=\"application\/ld+json\" class=\"yoast-schema-graph\">{\"@context\":\"https:\\\/\\\/schema.org\",\"@graph\":[{\"@type\":\"Article\",\"@id\":\"https:\\\/\\\/lasentinelle.dz\\\/index.php\\\/2026\\\/03\\\/15\\\/les-bibliotheques-au-defi-numerique-entre-heritage-civilisationnel-et-desaffection-silencieuse\\\/#article\",\"isPartOf\":{\"@id\":\"https:\\\/\\\/lasentinelle.dz\\\/index.php\\\/2026\\\/03\\\/15\\\/les-bibliotheques-au-defi-numerique-entre-heritage-civilisationnel-et-desaffection-silencieuse\\\/\"},\"author\":{\"name\":\"admin\",\"@id\":\"https:\\\/\\\/lasentinelle.dz\\\/#\\\/schema\\\/person\\\/729ee0024f24e0b8c5ec17232f8e8b41\"},\"headline\":\"Les biblioth\u00e8ques au d\u00e9fi num\u00e9rique\u00a0: Entre h\u00e9ritage civilisationnel et d\u00e9saffection silencieuse\",\"datePublished\":\"2026-03-15T18:54:07+00:00\",\"dateModified\":\"2026-03-15T18:54:08+00:00\",\"mainEntityOfPage\":{\"@id\":\"https:\\\/\\\/lasentinelle.dz\\\/index.php\\\/2026\\\/03\\\/15\\\/les-bibliotheques-au-defi-numerique-entre-heritage-civilisationnel-et-desaffection-silencieuse\\\/\"},\"wordCount\":443,\"commentCount\":0,\"publisher\":{\"@id\":\"https:\\\/\\\/lasentinelle.dz\\\/#organization\"},\"image\":{\"@id\":\"https:\\\/\\\/lasentinelle.dz\\\/index.php\\\/2026\\\/03\\\/15\\\/les-bibliotheques-au-defi-numerique-entre-heritage-civilisationnel-et-desaffection-silencieuse\\\/#primaryimage\"},\"thumbnailUrl\":\"https:\\\/\\\/lasentinelle.dz\\\/wp-content\\\/uploads\\\/2025\\\/10\\\/bibliotheque.jpg\",\"articleSection\":[\"Culture\"],\"inLanguage\":\"fr-FR\",\"potentialAction\":[{\"@type\":\"CommentAction\",\"name\":\"Comment\",\"target\":[\"https:\\\/\\\/lasentinelle.dz\\\/index.php\\\/2026\\\/03\\\/15\\\/les-bibliotheques-au-defi-numerique-entre-heritage-civilisationnel-et-desaffection-silencieuse\\\/#respond\"]}]},{\"@type\":\"WebPage\",\"@id\":\"https:\\\/\\\/lasentinelle.dz\\\/index.php\\\/2026\\\/03\\\/15\\\/les-bibliotheques-au-defi-numerique-entre-heritage-civilisationnel-et-desaffection-silencieuse\\\/\",\"url\":\"https:\\\/\\\/lasentinelle.dz\\\/index.php\\\/2026\\\/03\\\/15\\\/les-bibliotheques-au-defi-numerique-entre-heritage-civilisationnel-et-desaffection-silencieuse\\\/\",\"name\":\"Les biblioth\u00e8ques au d\u00e9fi num\u00e9rique\u00a0: Entre h\u00e9ritage civilisationnel et d\u00e9saffection silencieuse - La Sentinelle\",\"isPartOf\":{\"@id\":\"https:\\\/\\\/lasentinelle.dz\\\/#website\"},\"primaryImageOfPage\":{\"@id\":\"https:\\\/\\\/lasentinelle.dz\\\/index.php\\\/2026\\\/03\\\/15\\\/les-bibliotheques-au-defi-numerique-entre-heritage-civilisationnel-et-desaffection-silencieuse\\\/#primaryimage\"},\"image\":{\"@id\":\"https:\\\/\\\/lasentinelle.dz\\\/index.php\\\/2026\\\/03\\\/15\\\/les-bibliotheques-au-defi-numerique-entre-heritage-civilisationnel-et-desaffection-silencieuse\\\/#primaryimage\"},\"thumbnailUrl\":\"https:\\\/\\\/lasentinelle.dz\\\/wp-content\\\/uploads\\\/2025\\\/10\\\/bibliotheque.jpg\",\"datePublished\":\"2026-03-15T18:54:07+00:00\",\"dateModified\":\"2026-03-15T18:54:08+00:00\",\"breadcrumb\":{\"@id\":\"https:\\\/\\\/lasentinelle.dz\\\/index.php\\\/2026\\\/03\\\/15\\\/les-bibliotheques-au-defi-numerique-entre-heritage-civilisationnel-et-desaffection-silencieuse\\\/#breadcrumb\"},\"inLanguage\":\"fr-FR\",\"potentialAction\":[{\"@type\":\"ReadAction\",\"target\":[\"https:\\\/\\\/lasentinelle.dz\\\/index.php\\\/2026\\\/03\\\/15\\\/les-bibliotheques-au-defi-numerique-entre-heritage-civilisationnel-et-desaffection-silencieuse\\\/\"]}]},{\"@type\":\"ImageObject\",\"inLanguage\":\"fr-FR\",\"@id\":\"https:\\\/\\\/lasentinelle.dz\\\/index.php\\\/2026\\\/03\\\/15\\\/les-bibliotheques-au-defi-numerique-entre-heritage-civilisationnel-et-desaffection-silencieuse\\\/#primaryimage\",\"url\":\"https:\\\/\\\/lasentinelle.dz\\\/wp-content\\\/uploads\\\/2025\\\/10\\\/bibliotheque.jpg\",\"contentUrl\":\"https:\\\/\\\/lasentinelle.dz\\\/wp-content\\\/uploads\\\/2025\\\/10\\\/bibliotheque.jpg\",\"width\":640,\"height\":424},{\"@type\":\"BreadcrumbList\",\"@id\":\"https:\\\/\\\/lasentinelle.dz\\\/index.php\\\/2026\\\/03\\\/15\\\/les-bibliotheques-au-defi-numerique-entre-heritage-civilisationnel-et-desaffection-silencieuse\\\/#breadcrumb\",\"itemListElement\":[{\"@type\":\"ListItem\",\"position\":1,\"name\":\"Accueil\",\"item\":\"https:\\\/\\\/lasentinelle.dz\\\/\"},{\"@type\":\"ListItem\",\"position\":2,\"name\":\"Les biblioth\u00e8ques au d\u00e9fi num\u00e9rique\u00a0: Entre h\u00e9ritage civilisationnel et d\u00e9saffection silencieuse\"}]},{\"@type\":\"WebSite\",\"@id\":\"https:\\\/\\\/lasentinelle.dz\\\/#website\",\"url\":\"https:\\\/\\\/lasentinelle.dz\\\/\",\"name\":\"La Sentinelle\",\"description\":\"Quotidien national d&#039;information\",\"publisher\":{\"@id\":\"https:\\\/\\\/lasentinelle.dz\\\/#organization\"},\"potentialAction\":[{\"@type\":\"SearchAction\",\"target\":{\"@type\":\"EntryPoint\",\"urlTemplate\":\"https:\\\/\\\/lasentinelle.dz\\\/?s={search_term_string}\"},\"query-input\":{\"@type\":\"PropertyValueSpecification\",\"valueRequired\":true,\"valueName\":\"search_term_string\"}}],\"inLanguage\":\"fr-FR\"},{\"@type\":\"Organization\",\"@id\":\"https:\\\/\\\/lasentinelle.dz\\\/#organization\",\"name\":\"Quotidien La Sentinelle\",\"url\":\"https:\\\/\\\/lasentinelle.dz\\\/\",\"logo\":{\"@type\":\"ImageObject\",\"inLanguage\":\"fr-FR\",\"@id\":\"https:\\\/\\\/lasentinelle.dz\\\/#\\\/schema\\\/logo\\\/image\\\/\",\"url\":\"https:\\\/\\\/lasentinelle.dz\\\/wp-content\\\/uploads\\\/2021\\\/09\\\/logo-sentinelleSLOGAN-1.png\",\"contentUrl\":\"https:\\\/\\\/lasentinelle.dz\\\/wp-content\\\/uploads\\\/2021\\\/09\\\/logo-sentinelleSLOGAN-1.png\",\"width\":615,\"height\":142,\"caption\":\"Quotidien La Sentinelle\"},\"image\":{\"@id\":\"https:\\\/\\\/lasentinelle.dz\\\/#\\\/schema\\\/logo\\\/image\\\/\"},\"sameAs\":[\"https:\\\/\\\/www.facebook.com\\\/La-Sentinelle-104059864394773\"]},{\"@type\":\"Person\",\"@id\":\"https:\\\/\\\/lasentinelle.dz\\\/#\\\/schema\\\/person\\\/729ee0024f24e0b8c5ec17232f8e8b41\",\"name\":\"admin\",\"image\":{\"@type\":\"ImageObject\",\"inLanguage\":\"fr-FR\",\"@id\":\"https:\\\/\\\/secure.gravatar.com\\\/avatar\\\/4c81fed838786e9b53f540bf46533e750f5d292099ae3b66cfc6fb1982e29df7?s=96&d=mm&r=g\",\"url\":\"https:\\\/\\\/secure.gravatar.com\\\/avatar\\\/4c81fed838786e9b53f540bf46533e750f5d292099ae3b66cfc6fb1982e29df7?s=96&d=mm&r=g\",\"contentUrl\":\"https:\\\/\\\/secure.gravatar.com\\\/avatar\\\/4c81fed838786e9b53f540bf46533e750f5d292099ae3b66cfc6fb1982e29df7?s=96&d=mm&r=g\",\"caption\":\"admin\"},\"description\":\"admin\",\"url\":\"https:\\\/\\\/lasentinelle.dz\\\/author\\\/admin\\\/\"}]}<\/script>\n<!-- \/ Yoast SEO plugin. -->","yoast_head_json":{"title":"Les biblioth\u00e8ques au d\u00e9fi num\u00e9rique\u00a0: Entre h\u00e9ritage civilisationnel et d\u00e9saffection silencieuse - La Sentinelle","robots":{"index":"index","follow":"follow","max-snippet":"max-snippet:-1","max-image-preview":"max-image-preview:large","max-video-preview":"max-video-preview:-1"},"canonical":"https:\/\/lasentinelle.dz\/index.php\/2026\/03\/15\/les-bibliotheques-au-defi-numerique-entre-heritage-civilisationnel-et-desaffection-silencieuse\/","og_locale":"fr_FR","og_type":"article","og_title":"Les biblioth\u00e8ques au d\u00e9fi num\u00e9rique\u00a0: Entre h\u00e9ritage civilisationnel et d\u00e9saffection silencieuse - La Sentinelle","og_description":"C&rsquo;est dans les murs de la biblioth\u00e8que principale de lecture publique \u00ab Dr Yahia Bouaziz \u00bb de Mascara qu&rsquo;universitaires, \u00e9crivains","og_url":"https:\/\/lasentinelle.dz\/index.php\/2026\/03\/15\/les-bibliotheques-au-defi-numerique-entre-heritage-civilisationnel-et-desaffection-silencieuse\/","og_site_name":"La Sentinelle","article_publisher":"https:\/\/www.facebook.com\/La-Sentinelle-104059864394773","article_published_time":"2026-03-15T18:54:07+00:00","article_modified_time":"2026-03-15T18:54:08+00:00","og_image":[{"width":640,"height":424,"url":"https:\/\/lasentinelle.dz\/wp-content\/uploads\/2025\/10\/bibliotheque.jpg","type":"image\/jpeg"}],"author":"admin","twitter_card":"summary_large_image","twitter_misc":{"\u00c9crit par":"admin","Dur\u00e9e de lecture estim\u00e9e":"3 minutes"},"schema":{"@context":"https:\/\/schema.org","@graph":[{"@type":"Article","@id":"https:\/\/lasentinelle.dz\/index.php\/2026\/03\/15\/les-bibliotheques-au-defi-numerique-entre-heritage-civilisationnel-et-desaffection-silencieuse\/#article","isPartOf":{"@id":"https:\/\/lasentinelle.dz\/index.php\/2026\/03\/15\/les-bibliotheques-au-defi-numerique-entre-heritage-civilisationnel-et-desaffection-silencieuse\/"},"author":{"name":"admin","@id":"https:\/\/lasentinelle.dz\/#\/schema\/person\/729ee0024f24e0b8c5ec17232f8e8b41"},"headline":"Les biblioth\u00e8ques au d\u00e9fi num\u00e9rique\u00a0: Entre h\u00e9ritage civilisationnel et d\u00e9saffection silencieuse","datePublished":"2026-03-15T18:54:07+00:00","dateModified":"2026-03-15T18:54:08+00:00","mainEntityOfPage":{"@id":"https:\/\/lasentinelle.dz\/index.php\/2026\/03\/15\/les-bibliotheques-au-defi-numerique-entre-heritage-civilisationnel-et-desaffection-silencieuse\/"},"wordCount":443,"commentCount":0,"publisher":{"@id":"https:\/\/lasentinelle.dz\/#organization"},"image":{"@id":"https:\/\/lasentinelle.dz\/index.php\/2026\/03\/15\/les-bibliotheques-au-defi-numerique-entre-heritage-civilisationnel-et-desaffection-silencieuse\/#primaryimage"},"thumbnailUrl":"https:\/\/lasentinelle.dz\/wp-content\/uploads\/2025\/10\/bibliotheque.jpg","articleSection":["Culture"],"inLanguage":"fr-FR","potentialAction":[{"@type":"CommentAction","name":"Comment","target":["https:\/\/lasentinelle.dz\/index.php\/2026\/03\/15\/les-bibliotheques-au-defi-numerique-entre-heritage-civilisationnel-et-desaffection-silencieuse\/#respond"]}]},{"@type":"WebPage","@id":"https:\/\/lasentinelle.dz\/index.php\/2026\/03\/15\/les-bibliotheques-au-defi-numerique-entre-heritage-civilisationnel-et-desaffection-silencieuse\/","url":"https:\/\/lasentinelle.dz\/index.php\/2026\/03\/15\/les-bibliotheques-au-defi-numerique-entre-heritage-civilisationnel-et-desaffection-silencieuse\/","name":"Les biblioth\u00e8ques au d\u00e9fi num\u00e9rique\u00a0: Entre h\u00e9ritage civilisationnel et d\u00e9saffection silencieuse - La Sentinelle","isPartOf":{"@id":"https:\/\/lasentinelle.dz\/#website"},"primaryImageOfPage":{"@id":"https:\/\/lasentinelle.dz\/index.php\/2026\/03\/15\/les-bibliotheques-au-defi-numerique-entre-heritage-civilisationnel-et-desaffection-silencieuse\/#primaryimage"},"image":{"@id":"https:\/\/lasentinelle.dz\/index.php\/2026\/03\/15\/les-bibliotheques-au-defi-numerique-entre-heritage-civilisationnel-et-desaffection-silencieuse\/#primaryimage"},"thumbnailUrl":"https:\/\/lasentinelle.dz\/wp-content\/uploads\/2025\/10\/bibliotheque.jpg","datePublished":"2026-03-15T18:54:07+00:00","dateModified":"2026-03-15T18:54:08+00:00","breadcrumb":{"@id":"https:\/\/lasentinelle.dz\/index.php\/2026\/03\/15\/les-bibliotheques-au-defi-numerique-entre-heritage-civilisationnel-et-desaffection-silencieuse\/#breadcrumb"},"inLanguage":"fr-FR","potentialAction":[{"@type":"ReadAction","target":["https:\/\/lasentinelle.dz\/index.php\/2026\/03\/15\/les-bibliotheques-au-defi-numerique-entre-heritage-civilisationnel-et-desaffection-silencieuse\/"]}]},{"@type":"ImageObject","inLanguage":"fr-FR","@id":"https:\/\/lasentinelle.dz\/index.php\/2026\/03\/15\/les-bibliotheques-au-defi-numerique-entre-heritage-civilisationnel-et-desaffection-silencieuse\/#primaryimage","url":"https:\/\/lasentinelle.dz\/wp-content\/uploads\/2025\/10\/bibliotheque.jpg","contentUrl":"https:\/\/lasentinelle.dz\/wp-content\/uploads\/2025\/10\/bibliotheque.jpg","width":640,"height":424},{"@type":"BreadcrumbList","@id":"https:\/\/lasentinelle.dz\/index.php\/2026\/03\/15\/les-bibliotheques-au-defi-numerique-entre-heritage-civilisationnel-et-desaffection-silencieuse\/#breadcrumb","itemListElement":[{"@type":"ListItem","position":1,"name":"Accueil","item":"https:\/\/lasentinelle.dz\/"},{"@type":"ListItem","position":2,"name":"Les biblioth\u00e8ques au d\u00e9fi num\u00e9rique\u00a0: Entre h\u00e9ritage civilisationnel et d\u00e9saffection silencieuse"}]},{"@type":"WebSite","@id":"https:\/\/lasentinelle.dz\/#website","url":"https:\/\/lasentinelle.dz\/","name":"La Sentinelle","description":"Quotidien national d&#039;information","publisher":{"@id":"https:\/\/lasentinelle.dz\/#organization"},"potentialAction":[{"@type":"SearchAction","target":{"@type":"EntryPoint","urlTemplate":"https:\/\/lasentinelle.dz\/?s={search_term_string}"},"query-input":{"@type":"PropertyValueSpecification","valueRequired":true,"valueName":"search_term_string"}}],"inLanguage":"fr-FR"},{"@type":"Organization","@id":"https:\/\/lasentinelle.dz\/#organization","name":"Quotidien La Sentinelle","url":"https:\/\/lasentinelle.dz\/","logo":{"@type":"ImageObject","inLanguage":"fr-FR","@id":"https:\/\/lasentinelle.dz\/#\/schema\/logo\/image\/","url":"https:\/\/lasentinelle.dz\/wp-content\/uploads\/2021\/09\/logo-sentinelleSLOGAN-1.png","contentUrl":"https:\/\/lasentinelle.dz\/wp-content\/uploads\/2021\/09\/logo-sentinelleSLOGAN-1.png","width":615,"height":142,"caption":"Quotidien La Sentinelle"},"image":{"@id":"https:\/\/lasentinelle.dz\/#\/schema\/logo\/image\/"},"sameAs":["https:\/\/www.facebook.com\/La-Sentinelle-104059864394773"]},{"@type":"Person","@id":"https:\/\/lasentinelle.dz\/#\/schema\/person\/729ee0024f24e0b8c5ec17232f8e8b41","name":"admin","image":{"@type":"ImageObject","inLanguage":"fr-FR","@id":"https:\/\/secure.gravatar.com\/avatar\/4c81fed838786e9b53f540bf46533e750f5d292099ae3b66cfc6fb1982e29df7?s=96&d=mm&r=g","url":"https:\/\/secure.gravatar.com\/avatar\/4c81fed838786e9b53f540bf46533e750f5d292099ae3b66cfc6fb1982e29df7?s=96&d=mm&r=g","contentUrl":"https:\/\/secure.gravatar.com\/avatar\/4c81fed838786e9b53f540bf46533e750f5d292099ae3b66cfc6fb1982e29df7?s=96&d=mm&r=g","caption":"admin"},"description":"admin","url":"https:\/\/lasentinelle.dz\/author\/admin\/"}]}},"_links":{"self":[{"href":"https:\/\/lasentinelle.dz\/index.php\/wp-json\/wp\/v2\/posts\/83562","targetHints":{"allow":["GET"]}}],"collection":[{"href":"https:\/\/lasentinelle.dz\/index.php\/wp-json\/wp\/v2\/posts"}],"about":[{"href":"https:\/\/lasentinelle.dz\/index.php\/wp-json\/wp\/v2\/types\/post"}],"author":[{"embeddable":true,"href":"https:\/\/lasentinelle.dz\/index.php\/wp-json\/wp\/v2\/users\/6"}],"replies":[{"embeddable":true,"href":"https:\/\/lasentinelle.dz\/index.php\/wp-json\/wp\/v2\/comments?post=83562"}],"version-history":[{"count":1,"href":"https:\/\/lasentinelle.dz\/index.php\/wp-json\/wp\/v2\/posts\/83562\/revisions"}],"predecessor-version":[{"id":83563,"href":"https:\/\/lasentinelle.dz\/index.php\/wp-json\/wp\/v2\/posts\/83562\/revisions\/83563"}],"wp:featuredmedia":[{"embeddable":true,"href":"https:\/\/lasentinelle.dz\/index.php\/wp-json\/wp\/v2\/media\/75067"}],"wp:attachment":[{"href":"https:\/\/lasentinelle.dz\/index.php\/wp-json\/wp\/v2\/media?parent=83562"}],"wp:term":[{"taxonomy":"category","embeddable":true,"href":"https:\/\/lasentinelle.dz\/index.php\/wp-json\/wp\/v2\/categories?post=83562"},{"taxonomy":"post_tag","embeddable":true,"href":"https:\/\/lasentinelle.dz\/index.php\/wp-json\/wp\/v2\/tags?post=83562"}],"curies":[{"name":"wp","href":"https:\/\/api.w.org\/{rel}","templated":true}]}}