{"id":83564,"date":"2026-03-15T19:55:01","date_gmt":"2026-03-15T18:55:01","guid":{"rendered":"https:\/\/lasentinelle.dz\/?p=83564"},"modified":"2026-03-15T19:55:02","modified_gmt":"2026-03-15T18:55:02","slug":"32-ans-apres-lassassinat-dabdelkader-alloula-oran-garde-vivante-la-flamme-du-maitre-de-la-halqa","status":"publish","type":"post","link":"https:\/\/lasentinelle.dz\/index.php\/2026\/03\/15\/32-ans-apres-lassassinat-dabdelkader-alloula-oran-garde-vivante-la-flamme-du-maitre-de-la-halqa\/","title":{"rendered":"32 ans apr\u00e8s l\u2019assassinat d\u2019Abdelkader Alloula\u00a0: Oran garde vivante la flamme du ma\u00eetre de la halqa"},"content":{"rendered":"\n<p>Un mus\u00e9e, un livre, un film et des t\u00e9moignages : le 32e anniversaire de l&rsquo;assassinat du dramaturge oranais a donn\u00e9 lieu samedi \u00e0 une soir\u00e9e m\u00e9morielle qui pose, en creux, une question br\u00fblante \u2014 que fait-on d&rsquo;un g\u00e9nie quand il n&rsquo;est plus l\u00e0 pour se d\u00e9fendre ?<\/p>\n\n\n\n<p>Il y a 32 ans, une balle interrompait l&rsquo;une des aventures th\u00e9\u00e2trales les plus singuli\u00e8res qu&rsquo;ait connues le monde arabe. Abdelkader Alloula, dramaturge, metteur en sc\u00e8ne et fondateur du th\u00e9\u00e2tre de la <em>halqa<\/em>, tombait \u00e0 Oran le 10 mars 1994, victime du terrorisme. Samedi soir, le Mus\u00e9e national Ahmed-Zabana de la m\u00eame ville a rouvert ce dossier avec la rigueur et l&rsquo;\u00e9motion qu&rsquo;il m\u00e9rite, lors d&rsquo;une conf\u00e9rence intellectuelle organis\u00e9e sous le patronage de la ministre de la Culture et des Arts, Malika Bendouda, avec la contribution du Th\u00e9\u00e2tre national Mahieddine-Bachtarzi. Chercheurs, artistes, proches du d\u00e9funt et h\u00e9ritiers de la sc\u00e8ne alg\u00e9rienne \u00e9taient r\u00e9unis pour une soir\u00e9e qui ne se contentait pas de comm\u00e9morer \u2014 elle construisait. La nouvelle la plus concr\u00e8te de la soir\u00e9e est venue du directeur du mus\u00e9e, Hichem Sekkal, qui a annonc\u00e9 la cr\u00e9ation d&rsquo;un espace permanent d\u00e9di\u00e9 au mouvement th\u00e9\u00e2tral et \u00e0 l&rsquo;exp\u00e9rience d&rsquo;Alloula au sein m\u00eame de l&rsquo;\u00e9tablissement, dans la section d&rsquo;ethnographie consacr\u00e9e \u00e0 l&rsquo;histoire d&rsquo;Oran. Une d\u00e9cision qui n&rsquo;est pas anodine : inscrire le th\u00e9\u00e2tre dans un mus\u00e9e d&rsquo;histoire et d&rsquo;ethnographie, c&rsquo;est affirmer qu&rsquo;Alloula n&rsquo;appartient pas seulement \u00e0 la m\u00e9moire des arts de la sc\u00e8ne, mais \u00e0 la m\u00e9moire collective d&rsquo;une ville et d&rsquo;un peuple. L&rsquo;initiative vise, selon Sekkal, \u00e0 rendre hommage \u00e0 \u00ab une grande figure artistique dont la renomm\u00e9e a d\u00e9pass\u00e9 les fronti\u00e8res nationales et qui a \u00e9t\u00e9 prim\u00e9e dans plusieurs festivals internationaux de th\u00e9\u00e2tre \u00bb.<\/p>\n\n\n\n<p>L&rsquo;autre \u00e9v\u00e9nement de la soir\u00e9e \u00e9tait \u00e9ditorial. L&rsquo;universitaire Lakhdar Mansouri, qui animait la rencontre, a pr\u00e9sent\u00e9 un ouvrage publi\u00e9 r\u00e9cemment par le Th\u00e9\u00e2tre national Mahieddine-Bachtarzi, intitul\u00e9 <em>Abdelkader Alloula : les nobles ne disparaissent pas<\/em>. Le titre, emprunt\u00e9 \u00e0 la sagesse populaire, dit l&rsquo;essentiel du projet. Le livre rassemble plus de quarante articles scientifiques et acad\u00e9miques, auxquels s&rsquo;ajoutent plus de soixante t\u00e9moignages d&rsquo;amis, de membres de la famille et de personnalit\u00e9s alg\u00e9riennes et \u00e9trang\u00e8res ayant collabor\u00e9 avec le dramaturge. Des chercheurs issus de pays arabes et europ\u00e9ens y ont contribu\u00e9, faisant de cette publication un objet transnational \u00e0 la mesure d&rsquo;une \u0153uvre qui le fut. Mansouri a soulign\u00e9 que l&rsquo;ouvrage \u00ab met en lumi\u00e8re les contributions d&rsquo;Alloula au th\u00e9\u00e2tre et \u00e0 la sc\u00e8ne culturelle en Alg\u00e9rie \u00e0 travers son exp\u00e9rience artistique diversifi\u00e9e \u00bb \u2014 une fa\u00e7on de rappeler qu&rsquo;Alloula ne peut se r\u00e9sumer \u00e0 une formule ni \u00e0 une seule pi\u00e8ce, f\u00fbt-elle aussi embl\u00e9matique qu&rsquo;<em>El-Adjouad<\/em> ou <em>El-Litham<\/em>.<\/p>\n\n\n\n<p>La parole la plus attendue de la soir\u00e9e \u00e9tait celle de Rehab Alloula, fille du dramaturge disparu. Elle a tenu \u00e0 saluer le travail accompli, estimant que cette publication, r\u00e9alis\u00e9e en hommage \u00e0 son p\u00e8re, est \u00ab compl\u00e8te et fid\u00e8le \u00bb, et qu&rsquo;elle \u00ab permettra aux nouvelles g\u00e9n\u00e9rations pratiquant le th\u00e9\u00e2tre de d\u00e9couvrir son parcours \u00bb. Dans cette phrase tient tout l&rsquo;enjeu de la soir\u00e9e : la transmission. Alloula a forg\u00e9 un langage sc\u00e9nique unique, nourri de la tradition de la <em>halqa<\/em> \u2014 ce th\u00e9\u00e2tre de la place publique o\u00f9 le conteur tient cercle \u2014 et des techniques dramaturgiques modernes. Ce langage, s&rsquo;il n&rsquo;est pas enseign\u00e9, document\u00e9, comment\u00e9, risque de rester un souvenir admir\u00e9 plut\u00f4t qu&rsquo;un outil vivant.<\/p>\n\n\n\n<p>C&rsquo;est pr\u00e9cis\u00e9ment ce que le critique th\u00e9\u00e2tral Bouziane Benachour a mis en lumi\u00e8re dans son intervention, en explorant la relation d&rsquo;Alloula avec la presse et ses \u00e9crits. Il a soulign\u00e9 qu&rsquo;Alloula \u00ab a su d\u00e9velopper le th\u00e9\u00e2tre populaire \u00e0 travers l&rsquo;\u00e9criture et la mise en sc\u00e8ne, tout en r\u00e9ussissant \u00e0 allier le patrimoine culturel aux techniques modernes de la pratique th\u00e9\u00e2trale \u00bb. Une synth\u00e8se rare, qui explique pourquoi son \u0153uvre continue de r\u00e9sonner au-del\u00e0 des fronti\u00e8res. L&rsquo;artiste Ghouti Azri, compagnon de sc\u00e8ne, a quant \u00e0 lui \u00e9voqu\u00e9 les ann\u00e9es au Th\u00e9\u00e2tre r\u00e9gional d&rsquo;Oran et rappel\u00e9 qu&rsquo;Alloula avait fond\u00e9 la coop\u00e9rative th\u00e9\u00e2trale \u00ab 1er Mai \u00bb, premi\u00e8re exp\u00e9rience du genre en Alg\u00e9rie \u2014 une audace organisationnelle qui prolongeait son audace artistique.<\/p>\n\n\n\n<p>La soir\u00e9e s&rsquo;est referm\u00e9e sur la projection d&rsquo;un film documentaire retra\u00e7ant le parcours d&rsquo;Abdelkader Alloula, n\u00e9 en 1939 et mort \u00e0 55 ans en pleine cr\u00e9ation, r\u00e9alis\u00e9 par le journaliste Issam Belkedrouci. Des images, des archives, des voix : la <em>halqa<\/em> reconstitu\u00e9e le temps d&rsquo;une projection, dans un mus\u00e9e qui s&rsquo;appr\u00eate d\u00e9sormais \u00e0 lui ouvrir une salle.<\/p>\n\n\n\n<p>Mohand S.<\/p>\n","protected":false},"excerpt":{"rendered":"<p>Un mus\u00e9e, un livre, un film et des t\u00e9moignages : le 32e anniversaire de l&rsquo;assassinat du dramaturge oranais a donn\u00e9<\/p>\n","protected":false},"author":6,"featured_media":83381,"comment_status":"open","ping_status":"closed","sticky":false,"template":"","format":"standard","meta":{"colormag_page_container_layout":"default_layout","colormag_page_sidebar_layout":"default_layout","om_disable_all_campaigns":false,"_monsterinsights_skip_tracking":false,"_monsterinsights_sitenote_active":false,"_monsterinsights_sitenote_note":"","_monsterinsights_sitenote_category":0,"footnotes":"","_wpscppro_dont_share_socialmedia":false,"_wpscppro_custom_social_share_image":0,"_facebook_share_type":"default","_twitter_share_type":"default","_linkedin_share_type":"default","_pinterest_share_type":"default","_linkedin_share_type_page":"","_instagram_share_type":"default","_medium_share_type":"default","_threads_share_type":"default","_google_business_share_type":"default","_selected_social_profile":[],"_wpsp_enable_custom_social_template":false,"_wpsp_social_scheduling":{"enabled":false,"datetime":null,"platforms":[],"status":"template_only","dateOption":"today","timeOption":"now","customDays":"","customHours":"","customDate":"","customTime":"","schedulingType":"absolute"},"_wpsp_active_default_template":true},"categories":[36],"tags":[],"class_list":["post-83564","post","type-post","status-publish","format-standard","has-post-thumbnail","hentry","category-culture"],"aioseo_notices":[],"yoast_head":"<!-- This site is optimized with the Yoast SEO plugin v27.5 - https:\/\/yoast.com\/product\/yoast-seo-wordpress\/ -->\n<title>32 ans apr\u00e8s l\u2019assassinat d\u2019Abdelkader Alloula\u00a0: Oran garde vivante la flamme du ma\u00eetre de la halqa - La Sentinelle<\/title>\n<meta name=\"robots\" content=\"index, follow, max-snippet:-1, max-image-preview:large, max-video-preview:-1\" \/>\n<link rel=\"canonical\" href=\"https:\/\/lasentinelle.dz\/index.php\/2026\/03\/15\/32-ans-apres-lassassinat-dabdelkader-alloula-oran-garde-vivante-la-flamme-du-maitre-de-la-halqa\/\" \/>\n<meta property=\"og:locale\" content=\"fr_FR\" \/>\n<meta property=\"og:type\" content=\"article\" \/>\n<meta property=\"og:title\" content=\"32 ans apr\u00e8s l\u2019assassinat d\u2019Abdelkader Alloula\u00a0: Oran garde vivante la flamme du ma\u00eetre de la halqa - La Sentinelle\" \/>\n<meta property=\"og:description\" content=\"Un mus\u00e9e, un livre, un film et des t\u00e9moignages : le 32e anniversaire de l&rsquo;assassinat du dramaturge oranais a donn\u00e9\" \/>\n<meta property=\"og:url\" content=\"https:\/\/lasentinelle.dz\/index.php\/2026\/03\/15\/32-ans-apres-lassassinat-dabdelkader-alloula-oran-garde-vivante-la-flamme-du-maitre-de-la-halqa\/\" \/>\n<meta property=\"og:site_name\" content=\"La Sentinelle\" \/>\n<meta property=\"article:publisher\" content=\"https:\/\/www.facebook.com\/La-Sentinelle-104059864394773\" \/>\n<meta property=\"article:published_time\" content=\"2026-03-15T18:55:01+00:00\" \/>\n<meta property=\"article:modified_time\" content=\"2026-03-15T18:55:02+00:00\" \/>\n<meta property=\"og:image\" content=\"https:\/\/lasentinelle.dz\/wp-content\/uploads\/2026\/03\/alloula.jpg\" \/>\n\t<meta property=\"og:image:width\" content=\"1534\" \/>\n\t<meta property=\"og:image:height\" content=\"1061\" \/>\n\t<meta property=\"og:image:type\" content=\"image\/jpeg\" \/>\n<meta name=\"author\" content=\"admin\" \/>\n<meta name=\"twitter:card\" content=\"summary_large_image\" \/>\n<meta name=\"twitter:label1\" content=\"\u00c9crit par\" \/>\n\t<meta name=\"twitter:data1\" content=\"admin\" \/>\n\t<meta name=\"twitter:label2\" content=\"Dur\u00e9e de lecture estim\u00e9e\" \/>\n\t<meta name=\"twitter:data2\" content=\"4 minutes\" \/>\n<script type=\"application\/ld+json\" class=\"yoast-schema-graph\">{\"@context\":\"https:\\\/\\\/schema.org\",\"@graph\":[{\"@type\":\"Article\",\"@id\":\"https:\\\/\\\/lasentinelle.dz\\\/index.php\\\/2026\\\/03\\\/15\\\/32-ans-apres-lassassinat-dabdelkader-alloula-oran-garde-vivante-la-flamme-du-maitre-de-la-halqa\\\/#article\",\"isPartOf\":{\"@id\":\"https:\\\/\\\/lasentinelle.dz\\\/index.php\\\/2026\\\/03\\\/15\\\/32-ans-apres-lassassinat-dabdelkader-alloula-oran-garde-vivante-la-flamme-du-maitre-de-la-halqa\\\/\"},\"author\":{\"name\":\"admin\",\"@id\":\"https:\\\/\\\/lasentinelle.dz\\\/#\\\/schema\\\/person\\\/729ee0024f24e0b8c5ec17232f8e8b41\"},\"headline\":\"32 ans apr\u00e8s l\u2019assassinat d\u2019Abdelkader Alloula\u00a0: Oran garde vivante la flamme du ma\u00eetre de la halqa\",\"datePublished\":\"2026-03-15T18:55:01+00:00\",\"dateModified\":\"2026-03-15T18:55:02+00:00\",\"mainEntityOfPage\":{\"@id\":\"https:\\\/\\\/lasentinelle.dz\\\/index.php\\\/2026\\\/03\\\/15\\\/32-ans-apres-lassassinat-dabdelkader-alloula-oran-garde-vivante-la-flamme-du-maitre-de-la-halqa\\\/\"},\"wordCount\":864,\"commentCount\":0,\"publisher\":{\"@id\":\"https:\\\/\\\/lasentinelle.dz\\\/#organization\"},\"image\":{\"@id\":\"https:\\\/\\\/lasentinelle.dz\\\/index.php\\\/2026\\\/03\\\/15\\\/32-ans-apres-lassassinat-dabdelkader-alloula-oran-garde-vivante-la-flamme-du-maitre-de-la-halqa\\\/#primaryimage\"},\"thumbnailUrl\":\"https:\\\/\\\/lasentinelle.dz\\\/wp-content\\\/uploads\\\/2026\\\/03\\\/alloula.jpg\",\"articleSection\":[\"Culture\"],\"inLanguage\":\"fr-FR\",\"potentialAction\":[{\"@type\":\"CommentAction\",\"name\":\"Comment\",\"target\":[\"https:\\\/\\\/lasentinelle.dz\\\/index.php\\\/2026\\\/03\\\/15\\\/32-ans-apres-lassassinat-dabdelkader-alloula-oran-garde-vivante-la-flamme-du-maitre-de-la-halqa\\\/#respond\"]}]},{\"@type\":\"WebPage\",\"@id\":\"https:\\\/\\\/lasentinelle.dz\\\/index.php\\\/2026\\\/03\\\/15\\\/32-ans-apres-lassassinat-dabdelkader-alloula-oran-garde-vivante-la-flamme-du-maitre-de-la-halqa\\\/\",\"url\":\"https:\\\/\\\/lasentinelle.dz\\\/index.php\\\/2026\\\/03\\\/15\\\/32-ans-apres-lassassinat-dabdelkader-alloula-oran-garde-vivante-la-flamme-du-maitre-de-la-halqa\\\/\",\"name\":\"32 ans apr\u00e8s l\u2019assassinat d\u2019Abdelkader Alloula\u00a0: Oran garde vivante la flamme du ma\u00eetre de la halqa - La Sentinelle\",\"isPartOf\":{\"@id\":\"https:\\\/\\\/lasentinelle.dz\\\/#website\"},\"primaryImageOfPage\":{\"@id\":\"https:\\\/\\\/lasentinelle.dz\\\/index.php\\\/2026\\\/03\\\/15\\\/32-ans-apres-lassassinat-dabdelkader-alloula-oran-garde-vivante-la-flamme-du-maitre-de-la-halqa\\\/#primaryimage\"},\"image\":{\"@id\":\"https:\\\/\\\/lasentinelle.dz\\\/index.php\\\/2026\\\/03\\\/15\\\/32-ans-apres-lassassinat-dabdelkader-alloula-oran-garde-vivante-la-flamme-du-maitre-de-la-halqa\\\/#primaryimage\"},\"thumbnailUrl\":\"https:\\\/\\\/lasentinelle.dz\\\/wp-content\\\/uploads\\\/2026\\\/03\\\/alloula.jpg\",\"datePublished\":\"2026-03-15T18:55:01+00:00\",\"dateModified\":\"2026-03-15T18:55:02+00:00\",\"breadcrumb\":{\"@id\":\"https:\\\/\\\/lasentinelle.dz\\\/index.php\\\/2026\\\/03\\\/15\\\/32-ans-apres-lassassinat-dabdelkader-alloula-oran-garde-vivante-la-flamme-du-maitre-de-la-halqa\\\/#breadcrumb\"},\"inLanguage\":\"fr-FR\",\"potentialAction\":[{\"@type\":\"ReadAction\",\"target\":[\"https:\\\/\\\/lasentinelle.dz\\\/index.php\\\/2026\\\/03\\\/15\\\/32-ans-apres-lassassinat-dabdelkader-alloula-oran-garde-vivante-la-flamme-du-maitre-de-la-halqa\\\/\"]}]},{\"@type\":\"ImageObject\",\"inLanguage\":\"fr-FR\",\"@id\":\"https:\\\/\\\/lasentinelle.dz\\\/index.php\\\/2026\\\/03\\\/15\\\/32-ans-apres-lassassinat-dabdelkader-alloula-oran-garde-vivante-la-flamme-du-maitre-de-la-halqa\\\/#primaryimage\",\"url\":\"https:\\\/\\\/lasentinelle.dz\\\/wp-content\\\/uploads\\\/2026\\\/03\\\/alloula.jpg\",\"contentUrl\":\"https:\\\/\\\/lasentinelle.dz\\\/wp-content\\\/uploads\\\/2026\\\/03\\\/alloula.jpg\",\"width\":1534,\"height\":1061},{\"@type\":\"BreadcrumbList\",\"@id\":\"https:\\\/\\\/lasentinelle.dz\\\/index.php\\\/2026\\\/03\\\/15\\\/32-ans-apres-lassassinat-dabdelkader-alloula-oran-garde-vivante-la-flamme-du-maitre-de-la-halqa\\\/#breadcrumb\",\"itemListElement\":[{\"@type\":\"ListItem\",\"position\":1,\"name\":\"Accueil\",\"item\":\"https:\\\/\\\/lasentinelle.dz\\\/\"},{\"@type\":\"ListItem\",\"position\":2,\"name\":\"32 ans apr\u00e8s l\u2019assassinat d\u2019Abdelkader Alloula\u00a0: Oran garde vivante la flamme du ma\u00eetre de la halqa\"}]},{\"@type\":\"WebSite\",\"@id\":\"https:\\\/\\\/lasentinelle.dz\\\/#website\",\"url\":\"https:\\\/\\\/lasentinelle.dz\\\/\",\"name\":\"La Sentinelle\",\"description\":\"Quotidien national d&#039;information\",\"publisher\":{\"@id\":\"https:\\\/\\\/lasentinelle.dz\\\/#organization\"},\"potentialAction\":[{\"@type\":\"SearchAction\",\"target\":{\"@type\":\"EntryPoint\",\"urlTemplate\":\"https:\\\/\\\/lasentinelle.dz\\\/?s={search_term_string}\"},\"query-input\":{\"@type\":\"PropertyValueSpecification\",\"valueRequired\":true,\"valueName\":\"search_term_string\"}}],\"inLanguage\":\"fr-FR\"},{\"@type\":\"Organization\",\"@id\":\"https:\\\/\\\/lasentinelle.dz\\\/#organization\",\"name\":\"Quotidien La Sentinelle\",\"url\":\"https:\\\/\\\/lasentinelle.dz\\\/\",\"logo\":{\"@type\":\"ImageObject\",\"inLanguage\":\"fr-FR\",\"@id\":\"https:\\\/\\\/lasentinelle.dz\\\/#\\\/schema\\\/logo\\\/image\\\/\",\"url\":\"https:\\\/\\\/lasentinelle.dz\\\/wp-content\\\/uploads\\\/2021\\\/09\\\/logo-sentinelleSLOGAN-1.png\",\"contentUrl\":\"https:\\\/\\\/lasentinelle.dz\\\/wp-content\\\/uploads\\\/2021\\\/09\\\/logo-sentinelleSLOGAN-1.png\",\"width\":615,\"height\":142,\"caption\":\"Quotidien La Sentinelle\"},\"image\":{\"@id\":\"https:\\\/\\\/lasentinelle.dz\\\/#\\\/schema\\\/logo\\\/image\\\/\"},\"sameAs\":[\"https:\\\/\\\/www.facebook.com\\\/La-Sentinelle-104059864394773\"]},{\"@type\":\"Person\",\"@id\":\"https:\\\/\\\/lasentinelle.dz\\\/#\\\/schema\\\/person\\\/729ee0024f24e0b8c5ec17232f8e8b41\",\"name\":\"admin\",\"image\":{\"@type\":\"ImageObject\",\"inLanguage\":\"fr-FR\",\"@id\":\"https:\\\/\\\/secure.gravatar.com\\\/avatar\\\/4c81fed838786e9b53f540bf46533e750f5d292099ae3b66cfc6fb1982e29df7?s=96&d=mm&r=g\",\"url\":\"https:\\\/\\\/secure.gravatar.com\\\/avatar\\\/4c81fed838786e9b53f540bf46533e750f5d292099ae3b66cfc6fb1982e29df7?s=96&d=mm&r=g\",\"contentUrl\":\"https:\\\/\\\/secure.gravatar.com\\\/avatar\\\/4c81fed838786e9b53f540bf46533e750f5d292099ae3b66cfc6fb1982e29df7?s=96&d=mm&r=g\",\"caption\":\"admin\"},\"description\":\"admin\",\"url\":\"https:\\\/\\\/lasentinelle.dz\\\/author\\\/admin\\\/\"}]}<\/script>\n<!-- \/ Yoast SEO plugin. -->","yoast_head_json":{"title":"32 ans apr\u00e8s l\u2019assassinat d\u2019Abdelkader Alloula\u00a0: Oran garde vivante la flamme du ma\u00eetre de la halqa - La Sentinelle","robots":{"index":"index","follow":"follow","max-snippet":"max-snippet:-1","max-image-preview":"max-image-preview:large","max-video-preview":"max-video-preview:-1"},"canonical":"https:\/\/lasentinelle.dz\/index.php\/2026\/03\/15\/32-ans-apres-lassassinat-dabdelkader-alloula-oran-garde-vivante-la-flamme-du-maitre-de-la-halqa\/","og_locale":"fr_FR","og_type":"article","og_title":"32 ans apr\u00e8s l\u2019assassinat d\u2019Abdelkader Alloula\u00a0: Oran garde vivante la flamme du ma\u00eetre de la halqa - La Sentinelle","og_description":"Un mus\u00e9e, un livre, un film et des t\u00e9moignages : le 32e anniversaire de l&rsquo;assassinat du dramaturge oranais a donn\u00e9","og_url":"https:\/\/lasentinelle.dz\/index.php\/2026\/03\/15\/32-ans-apres-lassassinat-dabdelkader-alloula-oran-garde-vivante-la-flamme-du-maitre-de-la-halqa\/","og_site_name":"La Sentinelle","article_publisher":"https:\/\/www.facebook.com\/La-Sentinelle-104059864394773","article_published_time":"2026-03-15T18:55:01+00:00","article_modified_time":"2026-03-15T18:55:02+00:00","og_image":[{"width":1534,"height":1061,"url":"https:\/\/lasentinelle.dz\/wp-content\/uploads\/2026\/03\/alloula.jpg","type":"image\/jpeg"}],"author":"admin","twitter_card":"summary_large_image","twitter_misc":{"\u00c9crit par":"admin","Dur\u00e9e de lecture estim\u00e9e":"4 minutes"},"schema":{"@context":"https:\/\/schema.org","@graph":[{"@type":"Article","@id":"https:\/\/lasentinelle.dz\/index.php\/2026\/03\/15\/32-ans-apres-lassassinat-dabdelkader-alloula-oran-garde-vivante-la-flamme-du-maitre-de-la-halqa\/#article","isPartOf":{"@id":"https:\/\/lasentinelle.dz\/index.php\/2026\/03\/15\/32-ans-apres-lassassinat-dabdelkader-alloula-oran-garde-vivante-la-flamme-du-maitre-de-la-halqa\/"},"author":{"name":"admin","@id":"https:\/\/lasentinelle.dz\/#\/schema\/person\/729ee0024f24e0b8c5ec17232f8e8b41"},"headline":"32 ans apr\u00e8s l\u2019assassinat d\u2019Abdelkader Alloula\u00a0: Oran garde vivante la flamme du ma\u00eetre de la halqa","datePublished":"2026-03-15T18:55:01+00:00","dateModified":"2026-03-15T18:55:02+00:00","mainEntityOfPage":{"@id":"https:\/\/lasentinelle.dz\/index.php\/2026\/03\/15\/32-ans-apres-lassassinat-dabdelkader-alloula-oran-garde-vivante-la-flamme-du-maitre-de-la-halqa\/"},"wordCount":864,"commentCount":0,"publisher":{"@id":"https:\/\/lasentinelle.dz\/#organization"},"image":{"@id":"https:\/\/lasentinelle.dz\/index.php\/2026\/03\/15\/32-ans-apres-lassassinat-dabdelkader-alloula-oran-garde-vivante-la-flamme-du-maitre-de-la-halqa\/#primaryimage"},"thumbnailUrl":"https:\/\/lasentinelle.dz\/wp-content\/uploads\/2026\/03\/alloula.jpg","articleSection":["Culture"],"inLanguage":"fr-FR","potentialAction":[{"@type":"CommentAction","name":"Comment","target":["https:\/\/lasentinelle.dz\/index.php\/2026\/03\/15\/32-ans-apres-lassassinat-dabdelkader-alloula-oran-garde-vivante-la-flamme-du-maitre-de-la-halqa\/#respond"]}]},{"@type":"WebPage","@id":"https:\/\/lasentinelle.dz\/index.php\/2026\/03\/15\/32-ans-apres-lassassinat-dabdelkader-alloula-oran-garde-vivante-la-flamme-du-maitre-de-la-halqa\/","url":"https:\/\/lasentinelle.dz\/index.php\/2026\/03\/15\/32-ans-apres-lassassinat-dabdelkader-alloula-oran-garde-vivante-la-flamme-du-maitre-de-la-halqa\/","name":"32 ans apr\u00e8s l\u2019assassinat d\u2019Abdelkader Alloula\u00a0: Oran garde vivante la flamme du ma\u00eetre de la halqa - La Sentinelle","isPartOf":{"@id":"https:\/\/lasentinelle.dz\/#website"},"primaryImageOfPage":{"@id":"https:\/\/lasentinelle.dz\/index.php\/2026\/03\/15\/32-ans-apres-lassassinat-dabdelkader-alloula-oran-garde-vivante-la-flamme-du-maitre-de-la-halqa\/#primaryimage"},"image":{"@id":"https:\/\/lasentinelle.dz\/index.php\/2026\/03\/15\/32-ans-apres-lassassinat-dabdelkader-alloula-oran-garde-vivante-la-flamme-du-maitre-de-la-halqa\/#primaryimage"},"thumbnailUrl":"https:\/\/lasentinelle.dz\/wp-content\/uploads\/2026\/03\/alloula.jpg","datePublished":"2026-03-15T18:55:01+00:00","dateModified":"2026-03-15T18:55:02+00:00","breadcrumb":{"@id":"https:\/\/lasentinelle.dz\/index.php\/2026\/03\/15\/32-ans-apres-lassassinat-dabdelkader-alloula-oran-garde-vivante-la-flamme-du-maitre-de-la-halqa\/#breadcrumb"},"inLanguage":"fr-FR","potentialAction":[{"@type":"ReadAction","target":["https:\/\/lasentinelle.dz\/index.php\/2026\/03\/15\/32-ans-apres-lassassinat-dabdelkader-alloula-oran-garde-vivante-la-flamme-du-maitre-de-la-halqa\/"]}]},{"@type":"ImageObject","inLanguage":"fr-FR","@id":"https:\/\/lasentinelle.dz\/index.php\/2026\/03\/15\/32-ans-apres-lassassinat-dabdelkader-alloula-oran-garde-vivante-la-flamme-du-maitre-de-la-halqa\/#primaryimage","url":"https:\/\/lasentinelle.dz\/wp-content\/uploads\/2026\/03\/alloula.jpg","contentUrl":"https:\/\/lasentinelle.dz\/wp-content\/uploads\/2026\/03\/alloula.jpg","width":1534,"height":1061},{"@type":"BreadcrumbList","@id":"https:\/\/lasentinelle.dz\/index.php\/2026\/03\/15\/32-ans-apres-lassassinat-dabdelkader-alloula-oran-garde-vivante-la-flamme-du-maitre-de-la-halqa\/#breadcrumb","itemListElement":[{"@type":"ListItem","position":1,"name":"Accueil","item":"https:\/\/lasentinelle.dz\/"},{"@type":"ListItem","position":2,"name":"32 ans apr\u00e8s l\u2019assassinat d\u2019Abdelkader Alloula\u00a0: Oran garde vivante la flamme du ma\u00eetre de la halqa"}]},{"@type":"WebSite","@id":"https:\/\/lasentinelle.dz\/#website","url":"https:\/\/lasentinelle.dz\/","name":"La Sentinelle","description":"Quotidien national d&#039;information","publisher":{"@id":"https:\/\/lasentinelle.dz\/#organization"},"potentialAction":[{"@type":"SearchAction","target":{"@type":"EntryPoint","urlTemplate":"https:\/\/lasentinelle.dz\/?s={search_term_string}"},"query-input":{"@type":"PropertyValueSpecification","valueRequired":true,"valueName":"search_term_string"}}],"inLanguage":"fr-FR"},{"@type":"Organization","@id":"https:\/\/lasentinelle.dz\/#organization","name":"Quotidien La Sentinelle","url":"https:\/\/lasentinelle.dz\/","logo":{"@type":"ImageObject","inLanguage":"fr-FR","@id":"https:\/\/lasentinelle.dz\/#\/schema\/logo\/image\/","url":"https:\/\/lasentinelle.dz\/wp-content\/uploads\/2021\/09\/logo-sentinelleSLOGAN-1.png","contentUrl":"https:\/\/lasentinelle.dz\/wp-content\/uploads\/2021\/09\/logo-sentinelleSLOGAN-1.png","width":615,"height":142,"caption":"Quotidien La Sentinelle"},"image":{"@id":"https:\/\/lasentinelle.dz\/#\/schema\/logo\/image\/"},"sameAs":["https:\/\/www.facebook.com\/La-Sentinelle-104059864394773"]},{"@type":"Person","@id":"https:\/\/lasentinelle.dz\/#\/schema\/person\/729ee0024f24e0b8c5ec17232f8e8b41","name":"admin","image":{"@type":"ImageObject","inLanguage":"fr-FR","@id":"https:\/\/secure.gravatar.com\/avatar\/4c81fed838786e9b53f540bf46533e750f5d292099ae3b66cfc6fb1982e29df7?s=96&d=mm&r=g","url":"https:\/\/secure.gravatar.com\/avatar\/4c81fed838786e9b53f540bf46533e750f5d292099ae3b66cfc6fb1982e29df7?s=96&d=mm&r=g","contentUrl":"https:\/\/secure.gravatar.com\/avatar\/4c81fed838786e9b53f540bf46533e750f5d292099ae3b66cfc6fb1982e29df7?s=96&d=mm&r=g","caption":"admin"},"description":"admin","url":"https:\/\/lasentinelle.dz\/author\/admin\/"}]}},"_links":{"self":[{"href":"https:\/\/lasentinelle.dz\/index.php\/wp-json\/wp\/v2\/posts\/83564","targetHints":{"allow":["GET"]}}],"collection":[{"href":"https:\/\/lasentinelle.dz\/index.php\/wp-json\/wp\/v2\/posts"}],"about":[{"href":"https:\/\/lasentinelle.dz\/index.php\/wp-json\/wp\/v2\/types\/post"}],"author":[{"embeddable":true,"href":"https:\/\/lasentinelle.dz\/index.php\/wp-json\/wp\/v2\/users\/6"}],"replies":[{"embeddable":true,"href":"https:\/\/lasentinelle.dz\/index.php\/wp-json\/wp\/v2\/comments?post=83564"}],"version-history":[{"count":1,"href":"https:\/\/lasentinelle.dz\/index.php\/wp-json\/wp\/v2\/posts\/83564\/revisions"}],"predecessor-version":[{"id":83565,"href":"https:\/\/lasentinelle.dz\/index.php\/wp-json\/wp\/v2\/posts\/83564\/revisions\/83565"}],"wp:featuredmedia":[{"embeddable":true,"href":"https:\/\/lasentinelle.dz\/index.php\/wp-json\/wp\/v2\/media\/83381"}],"wp:attachment":[{"href":"https:\/\/lasentinelle.dz\/index.php\/wp-json\/wp\/v2\/media?parent=83564"}],"wp:term":[{"taxonomy":"category","embeddable":true,"href":"https:\/\/lasentinelle.dz\/index.php\/wp-json\/wp\/v2\/categories?post=83564"},{"taxonomy":"post_tag","embeddable":true,"href":"https:\/\/lasentinelle.dz\/index.php\/wp-json\/wp\/v2\/tags?post=83564"}],"curies":[{"name":"wp","href":"https:\/\/api.w.org\/{rel}","templated":true}]}}