{"id":83578,"date":"2026-03-15T20:00:54","date_gmt":"2026-03-15T19:00:54","guid":{"rendered":"https:\/\/lasentinelle.dz\/?p=83578"},"modified":"2026-03-15T20:00:55","modified_gmt":"2026-03-15T19:00:55","slug":"liban-le-systeme-de-sante-pris-pour-cible-par-loccupation-sioniste","status":"publish","type":"post","link":"https:\/\/lasentinelle.dz\/index.php\/2026\/03\/15\/liban-le-systeme-de-sante-pris-pour-cible-par-loccupation-sioniste\/","title":{"rendered":"Liban\u00a0: Le syst\u00e8me de sant\u00e9 pris pour cible par l\u2019occupation sioniste"},"content":{"rendered":"\n<p>Les frappes isra\u00e9liennes contre le Liban ont franchi un nouveau seuil de gravit\u00e9 ce week-end, ciblant des zones r\u00e9sidentielles et des \u00e9tablissements de sant\u00e9 dans le sud du pays, au m\u00e9pris de l&rsquo;accord de cessez-le-feu en vigueur depuis fin novembre 2024. Le bilan humain s&rsquo;alourdit de jour en jour : selon le minist\u00e8re libanais de la Sant\u00e9, au moins 826 personnes ont \u00e9t\u00e9 tu\u00e9es, dont 106 enfants, et 2 009 autres bless\u00e9es depuis le 2 mars. Samedi seul, les bombardements ont co\u00fbt\u00e9 la vie \u00e0 au moins 24 personnes, selon l&rsquo;agence de presse libanaise ANI. Les frappes de la nuit de vendredi \u00e0 samedi ont touch\u00e9 plusieurs localit\u00e9s du sud du Liban, notamment Bint Jbeil, A\u00efnata, A\u00eftaroun et les abords de Maroun el-Ras. Dans la journ\u00e9e de samedi, un raid a\u00e9rien a vis\u00e9 pour le deuxi\u00e8me jour cons\u00e9cutif la zone de Nabaa, dans le quartier de Bourj Hammoud, tandis qu&rsquo;un appartement r\u00e9sidentiel \u00e0 Haret Sa\u00efda \u00e9tait \u00e9galement pris pour cible. La nuit suivante, trois personnes ont \u00e9t\u00e9 tu\u00e9es dans le village de Qatrani, et un mort suppl\u00e9mentaire a \u00e9t\u00e9 enregistr\u00e9 pr\u00e8s de Sa\u00efda, principale ville du sud, o\u00f9 l&rsquo;arm\u00e9e isra\u00e9lienne a frapp\u00e9, selon l&rsquo;ANI, \u00ab un appartement dans un immeuble r\u00e9sidentiel \u00bb. Ce qui indigne particuli\u00e8rement la communaut\u00e9 internationale, c&rsquo;est le ciblage d\u00e9lib\u00e9r\u00e9 des structures m\u00e9dicales. En une seule journ\u00e9e, quatorze agents de sant\u00e9 ont \u00e9t\u00e9 tu\u00e9s dans des frappes isra\u00e9liennes dans le sud du Liban, provoquant la condamnation du directeur g\u00e9n\u00e9ral de l&rsquo;Organisation mondiale de la sant\u00e9. Tedros Adhanom Ghebreyesus a d\u00e9nonc\u00e9 samedi l&rsquo;attaque contre le centre de soins de sant\u00e9 primaires de Burj Qalawiya, qui a co\u00fbt\u00e9 la vie \u00e0 douze m\u00e9decins, ambulanciers et infirmiers en une seule frappe. Quelques heures plus t\u00f4t, deux autres ambulanciers avaient \u00e9t\u00e9 tu\u00e9s lors d&rsquo;une attaque contre un second \u00e9tablissement de sant\u00e9. \u00ab Ces incidents mettent en lumi\u00e8re l&rsquo;attaque continue contre le syst\u00e8me de sant\u00e9 libanais, qui est un pilier vital pour la population \u00bb, a d\u00e9clar\u00e9 le responsable onusien. Depuis le 2 mars, l&rsquo;OMS a recens\u00e9 27 attaques isra\u00e9liennes contre des \u00e9tablissements de soins au Liban, faisant 30 morts et 35 bless\u00e9s parmi le personnel m\u00e9dical. L&rsquo;organisation a rappel\u00e9 solennellement qu&rsquo;\u00ab en vertu du droit international humanitaire, le personnel et les infrastructures m\u00e9dicales ne doivent jamais \u00eatre attaqu\u00e9s ni militaris\u00e9s \u00bb, soulignant \u00ab la n\u00e9cessit\u00e9 de prot\u00e9ger en permanence les personnels soignants \u00bb. Au total, 31 agents de sant\u00e9 ont \u00e9t\u00e9 tu\u00e9s depuis le d\u00e9but de cette nouvelle vague de violences.<\/p>\n\n\n\n<p>L.S.<\/p>\n","protected":false},"excerpt":{"rendered":"<p>Les frappes isra\u00e9liennes contre le Liban ont franchi un nouveau seuil de gravit\u00e9 ce week-end, ciblant des zones r\u00e9sidentielles et<\/p>\n","protected":false},"author":6,"featured_media":83579,"comment_status":"open","ping_status":"closed","sticky":false,"template":"","format":"standard","meta":{"colormag_page_container_layout":"default_layout","colormag_page_sidebar_layout":"default_layout","om_disable_all_campaigns":false,"_monsterinsights_skip_tracking":false,"_monsterinsights_sitenote_active":false,"_monsterinsights_sitenote_note":"","_monsterinsights_sitenote_category":0,"footnotes":"","_wpscppro_dont_share_socialmedia":false,"_wpscppro_custom_social_share_image":0,"_facebook_share_type":"default","_twitter_share_type":"default","_linkedin_share_type":"default","_pinterest_share_type":"default","_linkedin_share_type_page":"","_instagram_share_type":"default","_medium_share_type":"default","_threads_share_type":"default","_google_business_share_type":"default","_selected_social_profile":[],"_wpsp_enable_custom_social_template":false,"_wpsp_social_scheduling":{"enabled":false,"datetime":null,"platforms":[],"status":"template_only","dateOption":"today","timeOption":"now","customDays":"","customHours":"","customDate":"","customTime":"","schedulingType":"absolute"},"_wpsp_active_default_template":true},"categories":[37],"tags":[],"class_list":["post-83578","post","type-post","status-publish","format-standard","has-post-thumbnail","hentry","category-monde"],"aioseo_notices":[],"yoast_head":"<!-- This site is optimized with the Yoast SEO plugin v27.5 - https:\/\/yoast.com\/product\/yoast-seo-wordpress\/ -->\n<title>Liban\u00a0: Le syst\u00e8me de sant\u00e9 pris pour cible par l\u2019occupation sioniste - La Sentinelle<\/title>\n<meta name=\"robots\" content=\"index, follow, max-snippet:-1, max-image-preview:large, max-video-preview:-1\" \/>\n<link rel=\"canonical\" href=\"https:\/\/lasentinelle.dz\/index.php\/2026\/03\/15\/liban-le-systeme-de-sante-pris-pour-cible-par-loccupation-sioniste\/\" \/>\n<meta property=\"og:locale\" content=\"fr_FR\" \/>\n<meta property=\"og:type\" content=\"article\" \/>\n<meta property=\"og:title\" content=\"Liban\u00a0: Le syst\u00e8me de sant\u00e9 pris pour cible par l\u2019occupation sioniste - La Sentinelle\" \/>\n<meta property=\"og:description\" content=\"Les frappes isra\u00e9liennes contre le Liban ont franchi un nouveau seuil de gravit\u00e9 ce week-end, ciblant des zones r\u00e9sidentielles et\" \/>\n<meta property=\"og:url\" content=\"https:\/\/lasentinelle.dz\/index.php\/2026\/03\/15\/liban-le-systeme-de-sante-pris-pour-cible-par-loccupation-sioniste\/\" \/>\n<meta property=\"og:site_name\" content=\"La Sentinelle\" \/>\n<meta property=\"article:publisher\" content=\"https:\/\/www.facebook.com\/La-Sentinelle-104059864394773\" \/>\n<meta property=\"article:published_time\" content=\"2026-03-15T19:00:54+00:00\" \/>\n<meta property=\"article:modified_time\" content=\"2026-03-15T19:00:55+00:00\" \/>\n<meta property=\"og:image\" content=\"https:\/\/lasentinelle.dz\/wp-content\/uploads\/2026\/03\/liban-agression-sioniste.jpg\" \/>\n\t<meta property=\"og:image:width\" content=\"980\" \/>\n\t<meta property=\"og:image:height\" content=\"551\" \/>\n\t<meta property=\"og:image:type\" content=\"image\/jpeg\" \/>\n<meta name=\"author\" content=\"admin\" \/>\n<meta name=\"twitter:card\" content=\"summary_large_image\" \/>\n<meta name=\"twitter:label1\" content=\"\u00c9crit par\" \/>\n\t<meta name=\"twitter:data1\" content=\"admin\" \/>\n\t<meta name=\"twitter:label2\" content=\"Dur\u00e9e de lecture estim\u00e9e\" \/>\n\t<meta name=\"twitter:data2\" content=\"3 minutes\" \/>\n<script type=\"application\/ld+json\" class=\"yoast-schema-graph\">{\"@context\":\"https:\\\/\\\/schema.org\",\"@graph\":[{\"@type\":\"Article\",\"@id\":\"https:\\\/\\\/lasentinelle.dz\\\/index.php\\\/2026\\\/03\\\/15\\\/liban-le-systeme-de-sante-pris-pour-cible-par-loccupation-sioniste\\\/#article\",\"isPartOf\":{\"@id\":\"https:\\\/\\\/lasentinelle.dz\\\/index.php\\\/2026\\\/03\\\/15\\\/liban-le-systeme-de-sante-pris-pour-cible-par-loccupation-sioniste\\\/\"},\"author\":{\"name\":\"admin\",\"@id\":\"https:\\\/\\\/lasentinelle.dz\\\/#\\\/schema\\\/person\\\/729ee0024f24e0b8c5ec17232f8e8b41\"},\"headline\":\"Liban\u00a0: Le syst\u00e8me de sant\u00e9 pris pour cible par l\u2019occupation sioniste\",\"datePublished\":\"2026-03-15T19:00:54+00:00\",\"dateModified\":\"2026-03-15T19:00:55+00:00\",\"mainEntityOfPage\":{\"@id\":\"https:\\\/\\\/lasentinelle.dz\\\/index.php\\\/2026\\\/03\\\/15\\\/liban-le-systeme-de-sante-pris-pour-cible-par-loccupation-sioniste\\\/\"},\"wordCount\":464,\"commentCount\":0,\"publisher\":{\"@id\":\"https:\\\/\\\/lasentinelle.dz\\\/#organization\"},\"image\":{\"@id\":\"https:\\\/\\\/lasentinelle.dz\\\/index.php\\\/2026\\\/03\\\/15\\\/liban-le-systeme-de-sante-pris-pour-cible-par-loccupation-sioniste\\\/#primaryimage\"},\"thumbnailUrl\":\"https:\\\/\\\/lasentinelle.dz\\\/wp-content\\\/uploads\\\/2026\\\/03\\\/liban-agression-sioniste.jpg\",\"articleSection\":[\"Monde\"],\"inLanguage\":\"fr-FR\",\"potentialAction\":[{\"@type\":\"CommentAction\",\"name\":\"Comment\",\"target\":[\"https:\\\/\\\/lasentinelle.dz\\\/index.php\\\/2026\\\/03\\\/15\\\/liban-le-systeme-de-sante-pris-pour-cible-par-loccupation-sioniste\\\/#respond\"]}]},{\"@type\":\"WebPage\",\"@id\":\"https:\\\/\\\/lasentinelle.dz\\\/index.php\\\/2026\\\/03\\\/15\\\/liban-le-systeme-de-sante-pris-pour-cible-par-loccupation-sioniste\\\/\",\"url\":\"https:\\\/\\\/lasentinelle.dz\\\/index.php\\\/2026\\\/03\\\/15\\\/liban-le-systeme-de-sante-pris-pour-cible-par-loccupation-sioniste\\\/\",\"name\":\"Liban\u00a0: Le syst\u00e8me de sant\u00e9 pris pour cible par l\u2019occupation sioniste - La Sentinelle\",\"isPartOf\":{\"@id\":\"https:\\\/\\\/lasentinelle.dz\\\/#website\"},\"primaryImageOfPage\":{\"@id\":\"https:\\\/\\\/lasentinelle.dz\\\/index.php\\\/2026\\\/03\\\/15\\\/liban-le-systeme-de-sante-pris-pour-cible-par-loccupation-sioniste\\\/#primaryimage\"},\"image\":{\"@id\":\"https:\\\/\\\/lasentinelle.dz\\\/index.php\\\/2026\\\/03\\\/15\\\/liban-le-systeme-de-sante-pris-pour-cible-par-loccupation-sioniste\\\/#primaryimage\"},\"thumbnailUrl\":\"https:\\\/\\\/lasentinelle.dz\\\/wp-content\\\/uploads\\\/2026\\\/03\\\/liban-agression-sioniste.jpg\",\"datePublished\":\"2026-03-15T19:00:54+00:00\",\"dateModified\":\"2026-03-15T19:00:55+00:00\",\"breadcrumb\":{\"@id\":\"https:\\\/\\\/lasentinelle.dz\\\/index.php\\\/2026\\\/03\\\/15\\\/liban-le-systeme-de-sante-pris-pour-cible-par-loccupation-sioniste\\\/#breadcrumb\"},\"inLanguage\":\"fr-FR\",\"potentialAction\":[{\"@type\":\"ReadAction\",\"target\":[\"https:\\\/\\\/lasentinelle.dz\\\/index.php\\\/2026\\\/03\\\/15\\\/liban-le-systeme-de-sante-pris-pour-cible-par-loccupation-sioniste\\\/\"]}]},{\"@type\":\"ImageObject\",\"inLanguage\":\"fr-FR\",\"@id\":\"https:\\\/\\\/lasentinelle.dz\\\/index.php\\\/2026\\\/03\\\/15\\\/liban-le-systeme-de-sante-pris-pour-cible-par-loccupation-sioniste\\\/#primaryimage\",\"url\":\"https:\\\/\\\/lasentinelle.dz\\\/wp-content\\\/uploads\\\/2026\\\/03\\\/liban-agression-sioniste.jpg\",\"contentUrl\":\"https:\\\/\\\/lasentinelle.dz\\\/wp-content\\\/uploads\\\/2026\\\/03\\\/liban-agression-sioniste.jpg\",\"width\":980,\"height\":551},{\"@type\":\"BreadcrumbList\",\"@id\":\"https:\\\/\\\/lasentinelle.dz\\\/index.php\\\/2026\\\/03\\\/15\\\/liban-le-systeme-de-sante-pris-pour-cible-par-loccupation-sioniste\\\/#breadcrumb\",\"itemListElement\":[{\"@type\":\"ListItem\",\"position\":1,\"name\":\"Accueil\",\"item\":\"https:\\\/\\\/lasentinelle.dz\\\/\"},{\"@type\":\"ListItem\",\"position\":2,\"name\":\"Liban\u00a0: Le syst\u00e8me de sant\u00e9 pris pour cible par l\u2019occupation sioniste\"}]},{\"@type\":\"WebSite\",\"@id\":\"https:\\\/\\\/lasentinelle.dz\\\/#website\",\"url\":\"https:\\\/\\\/lasentinelle.dz\\\/\",\"name\":\"La Sentinelle\",\"description\":\"Quotidien national d&#039;information\",\"publisher\":{\"@id\":\"https:\\\/\\\/lasentinelle.dz\\\/#organization\"},\"potentialAction\":[{\"@type\":\"SearchAction\",\"target\":{\"@type\":\"EntryPoint\",\"urlTemplate\":\"https:\\\/\\\/lasentinelle.dz\\\/?s={search_term_string}\"},\"query-input\":{\"@type\":\"PropertyValueSpecification\",\"valueRequired\":true,\"valueName\":\"search_term_string\"}}],\"inLanguage\":\"fr-FR\"},{\"@type\":\"Organization\",\"@id\":\"https:\\\/\\\/lasentinelle.dz\\\/#organization\",\"name\":\"Quotidien La Sentinelle\",\"url\":\"https:\\\/\\\/lasentinelle.dz\\\/\",\"logo\":{\"@type\":\"ImageObject\",\"inLanguage\":\"fr-FR\",\"@id\":\"https:\\\/\\\/lasentinelle.dz\\\/#\\\/schema\\\/logo\\\/image\\\/\",\"url\":\"https:\\\/\\\/lasentinelle.dz\\\/wp-content\\\/uploads\\\/2021\\\/09\\\/logo-sentinelleSLOGAN-1.png\",\"contentUrl\":\"https:\\\/\\\/lasentinelle.dz\\\/wp-content\\\/uploads\\\/2021\\\/09\\\/logo-sentinelleSLOGAN-1.png\",\"width\":615,\"height\":142,\"caption\":\"Quotidien La Sentinelle\"},\"image\":{\"@id\":\"https:\\\/\\\/lasentinelle.dz\\\/#\\\/schema\\\/logo\\\/image\\\/\"},\"sameAs\":[\"https:\\\/\\\/www.facebook.com\\\/La-Sentinelle-104059864394773\"]},{\"@type\":\"Person\",\"@id\":\"https:\\\/\\\/lasentinelle.dz\\\/#\\\/schema\\\/person\\\/729ee0024f24e0b8c5ec17232f8e8b41\",\"name\":\"admin\",\"image\":{\"@type\":\"ImageObject\",\"inLanguage\":\"fr-FR\",\"@id\":\"https:\\\/\\\/secure.gravatar.com\\\/avatar\\\/4c81fed838786e9b53f540bf46533e750f5d292099ae3b66cfc6fb1982e29df7?s=96&d=mm&r=g\",\"url\":\"https:\\\/\\\/secure.gravatar.com\\\/avatar\\\/4c81fed838786e9b53f540bf46533e750f5d292099ae3b66cfc6fb1982e29df7?s=96&d=mm&r=g\",\"contentUrl\":\"https:\\\/\\\/secure.gravatar.com\\\/avatar\\\/4c81fed838786e9b53f540bf46533e750f5d292099ae3b66cfc6fb1982e29df7?s=96&d=mm&r=g\",\"caption\":\"admin\"},\"description\":\"admin\",\"url\":\"https:\\\/\\\/lasentinelle.dz\\\/author\\\/admin\\\/\"}]}<\/script>\n<!-- \/ Yoast SEO plugin. -->","yoast_head_json":{"title":"Liban\u00a0: Le syst\u00e8me de sant\u00e9 pris pour cible par l\u2019occupation sioniste - La Sentinelle","robots":{"index":"index","follow":"follow","max-snippet":"max-snippet:-1","max-image-preview":"max-image-preview:large","max-video-preview":"max-video-preview:-1"},"canonical":"https:\/\/lasentinelle.dz\/index.php\/2026\/03\/15\/liban-le-systeme-de-sante-pris-pour-cible-par-loccupation-sioniste\/","og_locale":"fr_FR","og_type":"article","og_title":"Liban\u00a0: Le syst\u00e8me de sant\u00e9 pris pour cible par l\u2019occupation sioniste - La Sentinelle","og_description":"Les frappes isra\u00e9liennes contre le Liban ont franchi un nouveau seuil de gravit\u00e9 ce week-end, ciblant des zones r\u00e9sidentielles et","og_url":"https:\/\/lasentinelle.dz\/index.php\/2026\/03\/15\/liban-le-systeme-de-sante-pris-pour-cible-par-loccupation-sioniste\/","og_site_name":"La Sentinelle","article_publisher":"https:\/\/www.facebook.com\/La-Sentinelle-104059864394773","article_published_time":"2026-03-15T19:00:54+00:00","article_modified_time":"2026-03-15T19:00:55+00:00","og_image":[{"width":980,"height":551,"url":"https:\/\/lasentinelle.dz\/wp-content\/uploads\/2026\/03\/liban-agression-sioniste.jpg","type":"image\/jpeg"}],"author":"admin","twitter_card":"summary_large_image","twitter_misc":{"\u00c9crit par":"admin","Dur\u00e9e de lecture estim\u00e9e":"3 minutes"},"schema":{"@context":"https:\/\/schema.org","@graph":[{"@type":"Article","@id":"https:\/\/lasentinelle.dz\/index.php\/2026\/03\/15\/liban-le-systeme-de-sante-pris-pour-cible-par-loccupation-sioniste\/#article","isPartOf":{"@id":"https:\/\/lasentinelle.dz\/index.php\/2026\/03\/15\/liban-le-systeme-de-sante-pris-pour-cible-par-loccupation-sioniste\/"},"author":{"name":"admin","@id":"https:\/\/lasentinelle.dz\/#\/schema\/person\/729ee0024f24e0b8c5ec17232f8e8b41"},"headline":"Liban\u00a0: Le syst\u00e8me de sant\u00e9 pris pour cible par l\u2019occupation sioniste","datePublished":"2026-03-15T19:00:54+00:00","dateModified":"2026-03-15T19:00:55+00:00","mainEntityOfPage":{"@id":"https:\/\/lasentinelle.dz\/index.php\/2026\/03\/15\/liban-le-systeme-de-sante-pris-pour-cible-par-loccupation-sioniste\/"},"wordCount":464,"commentCount":0,"publisher":{"@id":"https:\/\/lasentinelle.dz\/#organization"},"image":{"@id":"https:\/\/lasentinelle.dz\/index.php\/2026\/03\/15\/liban-le-systeme-de-sante-pris-pour-cible-par-loccupation-sioniste\/#primaryimage"},"thumbnailUrl":"https:\/\/lasentinelle.dz\/wp-content\/uploads\/2026\/03\/liban-agression-sioniste.jpg","articleSection":["Monde"],"inLanguage":"fr-FR","potentialAction":[{"@type":"CommentAction","name":"Comment","target":["https:\/\/lasentinelle.dz\/index.php\/2026\/03\/15\/liban-le-systeme-de-sante-pris-pour-cible-par-loccupation-sioniste\/#respond"]}]},{"@type":"WebPage","@id":"https:\/\/lasentinelle.dz\/index.php\/2026\/03\/15\/liban-le-systeme-de-sante-pris-pour-cible-par-loccupation-sioniste\/","url":"https:\/\/lasentinelle.dz\/index.php\/2026\/03\/15\/liban-le-systeme-de-sante-pris-pour-cible-par-loccupation-sioniste\/","name":"Liban\u00a0: Le syst\u00e8me de sant\u00e9 pris pour cible par l\u2019occupation sioniste - La Sentinelle","isPartOf":{"@id":"https:\/\/lasentinelle.dz\/#website"},"primaryImageOfPage":{"@id":"https:\/\/lasentinelle.dz\/index.php\/2026\/03\/15\/liban-le-systeme-de-sante-pris-pour-cible-par-loccupation-sioniste\/#primaryimage"},"image":{"@id":"https:\/\/lasentinelle.dz\/index.php\/2026\/03\/15\/liban-le-systeme-de-sante-pris-pour-cible-par-loccupation-sioniste\/#primaryimage"},"thumbnailUrl":"https:\/\/lasentinelle.dz\/wp-content\/uploads\/2026\/03\/liban-agression-sioniste.jpg","datePublished":"2026-03-15T19:00:54+00:00","dateModified":"2026-03-15T19:00:55+00:00","breadcrumb":{"@id":"https:\/\/lasentinelle.dz\/index.php\/2026\/03\/15\/liban-le-systeme-de-sante-pris-pour-cible-par-loccupation-sioniste\/#breadcrumb"},"inLanguage":"fr-FR","potentialAction":[{"@type":"ReadAction","target":["https:\/\/lasentinelle.dz\/index.php\/2026\/03\/15\/liban-le-systeme-de-sante-pris-pour-cible-par-loccupation-sioniste\/"]}]},{"@type":"ImageObject","inLanguage":"fr-FR","@id":"https:\/\/lasentinelle.dz\/index.php\/2026\/03\/15\/liban-le-systeme-de-sante-pris-pour-cible-par-loccupation-sioniste\/#primaryimage","url":"https:\/\/lasentinelle.dz\/wp-content\/uploads\/2026\/03\/liban-agression-sioniste.jpg","contentUrl":"https:\/\/lasentinelle.dz\/wp-content\/uploads\/2026\/03\/liban-agression-sioniste.jpg","width":980,"height":551},{"@type":"BreadcrumbList","@id":"https:\/\/lasentinelle.dz\/index.php\/2026\/03\/15\/liban-le-systeme-de-sante-pris-pour-cible-par-loccupation-sioniste\/#breadcrumb","itemListElement":[{"@type":"ListItem","position":1,"name":"Accueil","item":"https:\/\/lasentinelle.dz\/"},{"@type":"ListItem","position":2,"name":"Liban\u00a0: Le syst\u00e8me de sant\u00e9 pris pour cible par l\u2019occupation sioniste"}]},{"@type":"WebSite","@id":"https:\/\/lasentinelle.dz\/#website","url":"https:\/\/lasentinelle.dz\/","name":"La Sentinelle","description":"Quotidien national d&#039;information","publisher":{"@id":"https:\/\/lasentinelle.dz\/#organization"},"potentialAction":[{"@type":"SearchAction","target":{"@type":"EntryPoint","urlTemplate":"https:\/\/lasentinelle.dz\/?s={search_term_string}"},"query-input":{"@type":"PropertyValueSpecification","valueRequired":true,"valueName":"search_term_string"}}],"inLanguage":"fr-FR"},{"@type":"Organization","@id":"https:\/\/lasentinelle.dz\/#organization","name":"Quotidien La Sentinelle","url":"https:\/\/lasentinelle.dz\/","logo":{"@type":"ImageObject","inLanguage":"fr-FR","@id":"https:\/\/lasentinelle.dz\/#\/schema\/logo\/image\/","url":"https:\/\/lasentinelle.dz\/wp-content\/uploads\/2021\/09\/logo-sentinelleSLOGAN-1.png","contentUrl":"https:\/\/lasentinelle.dz\/wp-content\/uploads\/2021\/09\/logo-sentinelleSLOGAN-1.png","width":615,"height":142,"caption":"Quotidien La Sentinelle"},"image":{"@id":"https:\/\/lasentinelle.dz\/#\/schema\/logo\/image\/"},"sameAs":["https:\/\/www.facebook.com\/La-Sentinelle-104059864394773"]},{"@type":"Person","@id":"https:\/\/lasentinelle.dz\/#\/schema\/person\/729ee0024f24e0b8c5ec17232f8e8b41","name":"admin","image":{"@type":"ImageObject","inLanguage":"fr-FR","@id":"https:\/\/secure.gravatar.com\/avatar\/4c81fed838786e9b53f540bf46533e750f5d292099ae3b66cfc6fb1982e29df7?s=96&d=mm&r=g","url":"https:\/\/secure.gravatar.com\/avatar\/4c81fed838786e9b53f540bf46533e750f5d292099ae3b66cfc6fb1982e29df7?s=96&d=mm&r=g","contentUrl":"https:\/\/secure.gravatar.com\/avatar\/4c81fed838786e9b53f540bf46533e750f5d292099ae3b66cfc6fb1982e29df7?s=96&d=mm&r=g","caption":"admin"},"description":"admin","url":"https:\/\/lasentinelle.dz\/author\/admin\/"}]}},"_links":{"self":[{"href":"https:\/\/lasentinelle.dz\/index.php\/wp-json\/wp\/v2\/posts\/83578","targetHints":{"allow":["GET"]}}],"collection":[{"href":"https:\/\/lasentinelle.dz\/index.php\/wp-json\/wp\/v2\/posts"}],"about":[{"href":"https:\/\/lasentinelle.dz\/index.php\/wp-json\/wp\/v2\/types\/post"}],"author":[{"embeddable":true,"href":"https:\/\/lasentinelle.dz\/index.php\/wp-json\/wp\/v2\/users\/6"}],"replies":[{"embeddable":true,"href":"https:\/\/lasentinelle.dz\/index.php\/wp-json\/wp\/v2\/comments?post=83578"}],"version-history":[{"count":1,"href":"https:\/\/lasentinelle.dz\/index.php\/wp-json\/wp\/v2\/posts\/83578\/revisions"}],"predecessor-version":[{"id":83580,"href":"https:\/\/lasentinelle.dz\/index.php\/wp-json\/wp\/v2\/posts\/83578\/revisions\/83580"}],"wp:featuredmedia":[{"embeddable":true,"href":"https:\/\/lasentinelle.dz\/index.php\/wp-json\/wp\/v2\/media\/83579"}],"wp:attachment":[{"href":"https:\/\/lasentinelle.dz\/index.php\/wp-json\/wp\/v2\/media?parent=83578"}],"wp:term":[{"taxonomy":"category","embeddable":true,"href":"https:\/\/lasentinelle.dz\/index.php\/wp-json\/wp\/v2\/categories?post=83578"},{"taxonomy":"post_tag","embeddable":true,"href":"https:\/\/lasentinelle.dz\/index.php\/wp-json\/wp\/v2\/tags?post=83578"}],"curies":[{"name":"wp","href":"https:\/\/api.w.org\/{rel}","templated":true}]}}