{"id":83581,"date":"2026-03-15T20:01:37","date_gmt":"2026-03-15T19:01:37","guid":{"rendered":"https:\/\/lasentinelle.dz\/?p=83581"},"modified":"2026-03-15T20:01:38","modified_gmt":"2026-03-15T19:01:38","slug":"escalade-de-la-guerre-au-moyen-orient-liran-intensifie-la-riposte-et-traque-netanyahou","status":"publish","type":"post","link":"https:\/\/lasentinelle.dz\/index.php\/2026\/03\/15\/escalade-de-la-guerre-au-moyen-orient-liran-intensifie-la-riposte-et-traque-netanyahou\/","title":{"rendered":"Escalade de la guerre au Moyen-Orient\u00a0: L&rsquo;Iran intensifie la riposte et traque Netanyahou"},"content":{"rendered":"\n<p>Le Corps des gardiens de la r\u00e9volution islamique (CGRI) a annonc\u00e9, samedi, avoir frapp\u00e9 trois bases abritant des forces am\u00e9ricaines en Irak et au Kowe\u00eft \u00e0 l&rsquo;aide de missiles et de drones, tout en r\u00e9it\u00e9rant sa d\u00e9termination \u00e0 \u00ab traquer et tuer \u00bb le Premier ministre de l\u2019entit\u00e9 sioniste Benjamin Netanyahou, dans le cadre de la 52e vague de son op\u00e9ration baptis\u00e9e \u00ab La Promesse Fid\u00e8le-4 \u00bb et ce en riposte \u00e0 l\u2019agression am\u00e9ricano-sioniste contre l\u2019Iran qui a fait au moins 1 300 morts, dont l&rsquo;ancien guide supr\u00eame Ali Khamenei, et bless\u00e9 plus de 10 000 personnes.<\/p>\n\n\n\n<p>Selon un communiqu\u00e9 relay\u00e9 par l&rsquo;agence semi-officielle Fars News, le CGRI affirme avoir vis\u00e9 un \u00ab centre de rassemblement des forces am\u00e9ricaines \u00bb sur la base a\u00e9rienne d&rsquo;Al-Harir \u00e0 Erbil, dans le nord de l&rsquo;Irak, ainsi que les bases Ali Al-Salem et le camp Arifjan au Kowe\u00eft, affirmant les avoir \u00ab d\u00e9truites \u00bb au moyen de \u00ab missiles et drones puissants \u00bb. Des zones industrielles \u00e0 Tel-Aviv auraient \u00e9galement \u00e9t\u00e9 cibl\u00e9es par des missiles lourds, selon la m\u00eame source. Le communiqu\u00e9 du CGRI ont soulign\u00e9 que ces frappes sont une riposte \u00e0 la mort d&rsquo;ouvriers dans des zones industrielles iraniennes touch\u00e9es par les bombardements de la coalition am\u00e9ricano-isra\u00e9lienne. Les gardiens de la r\u00e9volution ont aussi affirm\u00e9 que &nbsp;\u00ab Tant que Netanyahou est en vie, nous continuerons nos attaques avec d\u00e9termination pour le traquer et le tuer. \u00bb Le bureau du Premier ministre isra\u00e9lien, interrog\u00e9 par l&rsquo;agence Anadolu au sujet de rumeurs circulant sur les r\u00e9seaux sociaux quant \u00e0 un \u00e9ventuel d\u00e9c\u00e8s de Netanyahou, a cat\u00e9goriquement d\u00e9menti ces informations, assurant que le Premier ministre \u00e9tait \u00ab sain et sauf \u00bb et qualifiant les informations circulant \u00e0 ce propos de \u00ab fake news \u00bb.<\/p>\n\n\n\n<p><strong>Les entreprises am\u00e9ricaines comme cibles<\/strong><\/p>\n\n\n\n<p>Parall\u00e8lement \u00e0 ces op\u00e9rations militaires, T\u00e9h\u00e9ran a \u00e9largi le p\u00e9rim\u00e8tre de ses op\u00e9rations de riposte qui prennent une dimension \u00e9conomique en publiant une liste d&rsquo;entreprises am\u00e9ricaines pr\u00e9sentes au Moyen-Orient, dans les secteurs industriel, \u00e9nerg\u00e9tique et financier, les d\u00e9clarant \u00ab cibles l\u00e9gitimes \u00bb. Parmi les soci\u00e9t\u00e9s cit\u00e9es figurent Lockheed Martin, Boeing, Microsoft, Oracle, ExxonMobil, Citigroup, Amazon Web Services, le NSO Group ou encore Trafigura, avec des installations identifi\u00e9es \u00e0 Amman, Abu Dhabi et Duba\u00ef. Le CGRI a exhort\u00e9 les habitants r\u00e9sidant \u00e0 proximit\u00e9 de ces sites \u00e0 \u00e9vacuer les lieux. Ce n&rsquo;est pas la premi\u00e8re fois que des infrastructures civiles li\u00e9es \u00e0 des int\u00e9r\u00eats am\u00e9ricains sont touch\u00e9es dans la r\u00e9gion : le 2 mars, Amazon avait annonc\u00e9 que deux de ses centres de donn\u00e9es aux \u00c9mirats arabes unis et un \u00e0 Bahre\u00efn avaient subi des d\u00e9g\u00e2ts physiques lors d&rsquo;attaques de drones. Sur le plan diplomatique, le ministre iranien des Affaires \u00e9trang\u00e8res, Abbas Araghchi, a multipli\u00e9 les interventions m\u00e9diatiques ce dimanche, accordant des entretiens \u00e0 CBS News et au journal londonien The New Arab. Le chef de la diplomatie iranienne a affich\u00e9 une posture oscillant entre fermet\u00e9 et ouverture conditionnelle. \u00ab Nous n&rsquo;avons jamais demand\u00e9 de cessez-le-feu, ni m\u00eame de n\u00e9gociations \u00bb, a-t-il martel\u00e9 sur CBS News, ajoutant que l&rsquo;Iran \u00e9tait \u00ab pr\u00eat \u00e0 se d\u00e9fendre aussi longtemps qu&rsquo;il le faudra, jusqu&rsquo;\u00e0 ce que Trump soit convaincu que la guerre est ill\u00e9gitime et qu&rsquo;il n&rsquo;y a aucune victoire \u00e0 en retirer \u00bb.<\/p>\n\n\n\n<p><strong>Des conditions pour une sortie de crise<\/strong><\/p>\n\n\n\n<p>Dans le m\u00eame temps, Araghchi a pos\u00e9 les conditions d&rsquo;une \u00e9ventuelle sortie de crise, subordonnant la fin du conflit \u00e0 \u00ab la garantie qu&rsquo;il ne se reproduira pas \u00bb et \u00e0 \u00ab l&rsquo;octroi d&rsquo;une indemnisation \u00bb pour les d\u00e9g\u00e2ts caus\u00e9s. Il a \u00e9galement propos\u00e9 la formation d&rsquo;un comit\u00e9 d&rsquo;enqu\u00eate conjoint avec les pays de la r\u00e9gion pour d\u00e9terminer la nature des cibles frapp\u00e9es par l&rsquo;Iran et v\u00e9rifier si elles \u00e9taient effectivement li\u00e9es aux \u00c9tats-Unis. \u00ab Nous n&rsquo;avons jusqu&rsquo;\u00e0 pr\u00e9sent cibl\u00e9 aucune zone civile ou r\u00e9sidentielle dans les pays de la r\u00e9gion \u00bb, a-t-il assur\u00e9, tout en mena\u00e7ant de frapper les installations des entreprises am\u00e9ricaines si les infrastructures \u00e9nerg\u00e9tiques iraniennes venaient \u00e0 \u00eatre vis\u00e9es. Selon le ministre, les contacts diplomatiques avec les pays voisins, notamment le Qatar, l&rsquo;Arabie saoudite et Oman, \u00ab n&rsquo;ont pas cess\u00e9 \u00bb, et T\u00e9h\u00e9ran se dit pr\u00eat \u00e0 accueillir \u00ab favorablement toute initiative r\u00e9gionale conduisant \u00e0 une fin juste de la guerre \u00bb.<\/p>\n\n\n\n<p>L&rsquo;Iran a par ailleurs assur\u00e9 que le nouveau guide supr\u00eame, Mojtaba Khamenei, qui a succ\u00e9d\u00e9 \u00e0 son p\u00e8re Ali Khamenei, tu\u00e9 dans les frappes du 28 f\u00e9vrier, \u00e9tait \u00ab en parfaite sant\u00e9 \u00bb et \u00ab ma\u00eetrisait parfaitement la situation \u00bb. Les m\u00e9dias officiels iraniens ont \u00e9galement fait \u00e9tat de l&rsquo;utilisation d&rsquo;un nouveau type de missile balistique, le Sejil, d&rsquo;une port\u00e9e comprise entre 2 000 et 2 500 kilom\u00e8tres, ainsi que de frappes de drones contre des centres de s\u00e9curit\u00e9 isra\u00e9liens, y compris l&rsquo;unit\u00e9 sp\u00e9ciale Lahav 433, parfois d\u00e9crite comme le \u00ab FBI isra\u00e9lien \u00bb.<\/p>\n\n\n\n<p>Le Royaume-Uni a confirm\u00e9 que des avions de combat Eurofighter Typhoon et F-35, appuy\u00e9s par des ravitailleurs Airbus Voyager, avaient men\u00e9 des sorties a\u00e9riennes \u00ab pour d\u00e9fendre les int\u00e9r\u00eats britanniques et ceux de leurs alli\u00e9s \u00bb depuis des bases au Qatar, \u00e0 Chypre, aux \u00c9mirats arabes unis, en Jordanie et \u00e0 Bahre\u00efn. Le Japon, pour sa part, a indiqu\u00e9 qu&rsquo;il \u00ab prend ses propres d\u00e9cisions \u00bb et refus\u00e9 d&rsquo;engager des navires de guerre \u00e0 la demande de Washington pour s\u00e9curiser le d\u00e9troit d&rsquo;Ormuz, soulignant la n\u00e9cessit\u00e9 d&rsquo;\u00ab \u00e9valuer la l\u00e9galit\u00e9 des actions am\u00e9ricaines et isra\u00e9liennes \u00bb.<\/p>\n\n\n\n<p>Le secr\u00e9taire am\u00e9ricain \u00e0 l&rsquo;\u00c9nergie, Chris Wright, a estim\u00e9 sur ABC News que \u00ab ce conflit prendra certainement fin dans les prochaines semaines \u00bb, invoquant la pression \u00e9conomique croissante. Les prix de l&rsquo;essence aux \u00c9tats-Unis ont en effet bondi de 24 % depuis le 28 f\u00e9vrier, atteignant une moyenne de 3,70 dollars le gallon selon l&rsquo;American Automobile Association.<\/p>\n\n\n\n<p><strong>Crimes de guerre<\/strong><\/p>\n\n\n\n<p>Les r\u00e9percussions humanitaires du conflit suscitent une indignation internationale croissante. Le directeur g\u00e9n\u00e9ral de l&rsquo;Organisation mondiale de la sant\u00e9, Tedros Adhanom Ghebreyesus, a d\u00e9nonc\u00e9 dimanche les attaques contre des h\u00f4pitaux, des \u00e9coles et du personnel m\u00e9dical, refusant de les r\u00e9duire \u00e0 de simples \u00ab erreurs de calcul \u00bb ou \u00e0 des \u00ab dommages collat\u00e9raux \u00bb. \u00ab Ce sont des crimes de guerre. Point final. Il faut appeler les choses par leur nom \u00bb, a-t-il d\u00e9clar\u00e9. Au moins 150 \u00e9coli\u00e8res avaient \u00e9t\u00e9 tu\u00e9es le 28 f\u00e9vrier dans une frappe a\u00e9rienne ayant touch\u00e9 l&rsquo;\u00e9cole primaire Shajareh Tayyebeh, \u00e0 Minab, dans le sud de l&rsquo;Iran. Le pape L\u00e9on XIV a lui aussi renouvel\u00e9 son appel \u00e0 la paix lors de la pri\u00e8re de l&rsquo;Ang\u00e9lus : \u00ab Cessez le feu ! Que les voies du dialogue soient rouvertes ! \u00bb, a lanc\u00e9 le souverain pontife, exprimant sa solidarit\u00e9 avec toutes les victimes des deux c\u00f4t\u00e9s. Le conflit s&rsquo;est \u00e9galement \u00e9tendu au Liban, o\u00f9 l&rsquo;arm\u00e9e isra\u00e9lienne a intensifi\u00e9 ses op\u00e9rations contre le Hezbollah, faisant plus de 800 morts et 2 000 bless\u00e9s depuis le 2 mars.<\/p>\n\n\n\n<p>Lyes Sa\u00efdi<\/p>\n","protected":false},"excerpt":{"rendered":"<p>Le Corps des gardiens de la r\u00e9volution islamique (CGRI) a annonc\u00e9, samedi, avoir frapp\u00e9 trois bases abritant des forces am\u00e9ricaines<\/p>\n","protected":false},"author":6,"featured_media":69194,"comment_status":"open","ping_status":"closed","sticky":false,"template":"","format":"standard","meta":{"colormag_page_container_layout":"default_layout","colormag_page_sidebar_layout":"default_layout","om_disable_all_campaigns":false,"_monsterinsights_skip_tracking":false,"_monsterinsights_sitenote_active":false,"_monsterinsights_sitenote_note":"","_monsterinsights_sitenote_category":0,"footnotes":"","_wpscppro_dont_share_socialmedia":false,"_wpscppro_custom_social_share_image":0,"_facebook_share_type":"default","_twitter_share_type":"default","_linkedin_share_type":"default","_pinterest_share_type":"default","_linkedin_share_type_page":"","_instagram_share_type":"default","_medium_share_type":"default","_threads_share_type":"default","_google_business_share_type":"default","_selected_social_profile":[],"_wpsp_enable_custom_social_template":false,"_wpsp_social_scheduling":{"enabled":false,"datetime":null,"platforms":[],"status":"template_only","dateOption":"today","timeOption":"now","customDays":"","customHours":"","customDate":"","customTime":"","schedulingType":"absolute"},"_wpsp_active_default_template":true},"categories":[37],"tags":[],"class_list":["post-83581","post","type-post","status-publish","format-standard","has-post-thumbnail","hentry","category-monde"],"aioseo_notices":[],"yoast_head":"<!-- This site is optimized with the Yoast SEO plugin v27.5 - https:\/\/yoast.com\/product\/yoast-seo-wordpress\/ -->\n<title>Escalade de la guerre au Moyen-Orient\u00a0: L&rsquo;Iran intensifie la riposte et traque Netanyahou - La Sentinelle<\/title>\n<meta name=\"robots\" content=\"index, follow, max-snippet:-1, max-image-preview:large, max-video-preview:-1\" \/>\n<link rel=\"canonical\" href=\"https:\/\/lasentinelle.dz\/index.php\/2026\/03\/15\/escalade-de-la-guerre-au-moyen-orient-liran-intensifie-la-riposte-et-traque-netanyahou\/\" \/>\n<meta property=\"og:locale\" content=\"fr_FR\" \/>\n<meta property=\"og:type\" content=\"article\" \/>\n<meta property=\"og:title\" content=\"Escalade de la guerre au Moyen-Orient\u00a0: L&rsquo;Iran intensifie la riposte et traque Netanyahou - La Sentinelle\" \/>\n<meta property=\"og:description\" content=\"Le Corps des gardiens de la r\u00e9volution islamique (CGRI) a annonc\u00e9, samedi, avoir frapp\u00e9 trois bases abritant des forces am\u00e9ricaines\" \/>\n<meta property=\"og:url\" content=\"https:\/\/lasentinelle.dz\/index.php\/2026\/03\/15\/escalade-de-la-guerre-au-moyen-orient-liran-intensifie-la-riposte-et-traque-netanyahou\/\" \/>\n<meta property=\"og:site_name\" content=\"La Sentinelle\" \/>\n<meta property=\"article:publisher\" content=\"https:\/\/www.facebook.com\/La-Sentinelle-104059864394773\" \/>\n<meta property=\"article:published_time\" content=\"2026-03-15T19:01:37+00:00\" \/>\n<meta property=\"article:modified_time\" content=\"2026-03-15T19:01:38+00:00\" \/>\n<meta property=\"og:image\" content=\"https:\/\/lasentinelle.dz\/wp-content\/uploads\/2025\/06\/guerre.jpg\" \/>\n\t<meta property=\"og:image:width\" content=\"932\" \/>\n\t<meta property=\"og:image:height\" content=\"582\" \/>\n\t<meta property=\"og:image:type\" content=\"image\/jpeg\" \/>\n<meta name=\"author\" content=\"admin\" \/>\n<meta name=\"twitter:card\" content=\"summary_large_image\" \/>\n<meta name=\"twitter:label1\" content=\"\u00c9crit par\" \/>\n\t<meta name=\"twitter:data1\" content=\"admin\" \/>\n\t<meta name=\"twitter:label2\" content=\"Dur\u00e9e de lecture estim\u00e9e\" \/>\n\t<meta name=\"twitter:data2\" content=\"6 minutes\" \/>\n<script type=\"application\/ld+json\" class=\"yoast-schema-graph\">{\"@context\":\"https:\\\/\\\/schema.org\",\"@graph\":[{\"@type\":\"Article\",\"@id\":\"https:\\\/\\\/lasentinelle.dz\\\/index.php\\\/2026\\\/03\\\/15\\\/escalade-de-la-guerre-au-moyen-orient-liran-intensifie-la-riposte-et-traque-netanyahou\\\/#article\",\"isPartOf\":{\"@id\":\"https:\\\/\\\/lasentinelle.dz\\\/index.php\\\/2026\\\/03\\\/15\\\/escalade-de-la-guerre-au-moyen-orient-liran-intensifie-la-riposte-et-traque-netanyahou\\\/\"},\"author\":{\"name\":\"admin\",\"@id\":\"https:\\\/\\\/lasentinelle.dz\\\/#\\\/schema\\\/person\\\/729ee0024f24e0b8c5ec17232f8e8b41\"},\"headline\":\"Escalade de la guerre au Moyen-Orient\u00a0: L&rsquo;Iran intensifie la riposte et traque Netanyahou\",\"datePublished\":\"2026-03-15T19:01:37+00:00\",\"dateModified\":\"2026-03-15T19:01:38+00:00\",\"mainEntityOfPage\":{\"@id\":\"https:\\\/\\\/lasentinelle.dz\\\/index.php\\\/2026\\\/03\\\/15\\\/escalade-de-la-guerre-au-moyen-orient-liran-intensifie-la-riposte-et-traque-netanyahou\\\/\"},\"wordCount\":1221,\"commentCount\":0,\"publisher\":{\"@id\":\"https:\\\/\\\/lasentinelle.dz\\\/#organization\"},\"image\":{\"@id\":\"https:\\\/\\\/lasentinelle.dz\\\/index.php\\\/2026\\\/03\\\/15\\\/escalade-de-la-guerre-au-moyen-orient-liran-intensifie-la-riposte-et-traque-netanyahou\\\/#primaryimage\"},\"thumbnailUrl\":\"https:\\\/\\\/lasentinelle.dz\\\/wp-content\\\/uploads\\\/2025\\\/06\\\/guerre.jpg\",\"articleSection\":[\"Monde\"],\"inLanguage\":\"fr-FR\",\"potentialAction\":[{\"@type\":\"CommentAction\",\"name\":\"Comment\",\"target\":[\"https:\\\/\\\/lasentinelle.dz\\\/index.php\\\/2026\\\/03\\\/15\\\/escalade-de-la-guerre-au-moyen-orient-liran-intensifie-la-riposte-et-traque-netanyahou\\\/#respond\"]}]},{\"@type\":\"WebPage\",\"@id\":\"https:\\\/\\\/lasentinelle.dz\\\/index.php\\\/2026\\\/03\\\/15\\\/escalade-de-la-guerre-au-moyen-orient-liran-intensifie-la-riposte-et-traque-netanyahou\\\/\",\"url\":\"https:\\\/\\\/lasentinelle.dz\\\/index.php\\\/2026\\\/03\\\/15\\\/escalade-de-la-guerre-au-moyen-orient-liran-intensifie-la-riposte-et-traque-netanyahou\\\/\",\"name\":\"Escalade de la guerre au Moyen-Orient\u00a0: L&rsquo;Iran intensifie la riposte et traque Netanyahou - La Sentinelle\",\"isPartOf\":{\"@id\":\"https:\\\/\\\/lasentinelle.dz\\\/#website\"},\"primaryImageOfPage\":{\"@id\":\"https:\\\/\\\/lasentinelle.dz\\\/index.php\\\/2026\\\/03\\\/15\\\/escalade-de-la-guerre-au-moyen-orient-liran-intensifie-la-riposte-et-traque-netanyahou\\\/#primaryimage\"},\"image\":{\"@id\":\"https:\\\/\\\/lasentinelle.dz\\\/index.php\\\/2026\\\/03\\\/15\\\/escalade-de-la-guerre-au-moyen-orient-liran-intensifie-la-riposte-et-traque-netanyahou\\\/#primaryimage\"},\"thumbnailUrl\":\"https:\\\/\\\/lasentinelle.dz\\\/wp-content\\\/uploads\\\/2025\\\/06\\\/guerre.jpg\",\"datePublished\":\"2026-03-15T19:01:37+00:00\",\"dateModified\":\"2026-03-15T19:01:38+00:00\",\"breadcrumb\":{\"@id\":\"https:\\\/\\\/lasentinelle.dz\\\/index.php\\\/2026\\\/03\\\/15\\\/escalade-de-la-guerre-au-moyen-orient-liran-intensifie-la-riposte-et-traque-netanyahou\\\/#breadcrumb\"},\"inLanguage\":\"fr-FR\",\"potentialAction\":[{\"@type\":\"ReadAction\",\"target\":[\"https:\\\/\\\/lasentinelle.dz\\\/index.php\\\/2026\\\/03\\\/15\\\/escalade-de-la-guerre-au-moyen-orient-liran-intensifie-la-riposte-et-traque-netanyahou\\\/\"]}]},{\"@type\":\"ImageObject\",\"inLanguage\":\"fr-FR\",\"@id\":\"https:\\\/\\\/lasentinelle.dz\\\/index.php\\\/2026\\\/03\\\/15\\\/escalade-de-la-guerre-au-moyen-orient-liran-intensifie-la-riposte-et-traque-netanyahou\\\/#primaryimage\",\"url\":\"https:\\\/\\\/lasentinelle.dz\\\/wp-content\\\/uploads\\\/2025\\\/06\\\/guerre.jpg\",\"contentUrl\":\"https:\\\/\\\/lasentinelle.dz\\\/wp-content\\\/uploads\\\/2025\\\/06\\\/guerre.jpg\",\"width\":932,\"height\":582,\"caption\":\"FILE PHOTO: A missile is launched during a military exercise in Isfahan, Iran, October 28, 2023. Iranian Army\\\/WANA (West Asia News Agency)\\\/Handout via REUTERS\\\/File Photo\"},{\"@type\":\"BreadcrumbList\",\"@id\":\"https:\\\/\\\/lasentinelle.dz\\\/index.php\\\/2026\\\/03\\\/15\\\/escalade-de-la-guerre-au-moyen-orient-liran-intensifie-la-riposte-et-traque-netanyahou\\\/#breadcrumb\",\"itemListElement\":[{\"@type\":\"ListItem\",\"position\":1,\"name\":\"Accueil\",\"item\":\"https:\\\/\\\/lasentinelle.dz\\\/\"},{\"@type\":\"ListItem\",\"position\":2,\"name\":\"Escalade de la guerre au Moyen-Orient\u00a0: L&rsquo;Iran intensifie la riposte et traque Netanyahou\"}]},{\"@type\":\"WebSite\",\"@id\":\"https:\\\/\\\/lasentinelle.dz\\\/#website\",\"url\":\"https:\\\/\\\/lasentinelle.dz\\\/\",\"name\":\"La Sentinelle\",\"description\":\"Quotidien national d&#039;information\",\"publisher\":{\"@id\":\"https:\\\/\\\/lasentinelle.dz\\\/#organization\"},\"potentialAction\":[{\"@type\":\"SearchAction\",\"target\":{\"@type\":\"EntryPoint\",\"urlTemplate\":\"https:\\\/\\\/lasentinelle.dz\\\/?s={search_term_string}\"},\"query-input\":{\"@type\":\"PropertyValueSpecification\",\"valueRequired\":true,\"valueName\":\"search_term_string\"}}],\"inLanguage\":\"fr-FR\"},{\"@type\":\"Organization\",\"@id\":\"https:\\\/\\\/lasentinelle.dz\\\/#organization\",\"name\":\"Quotidien La Sentinelle\",\"url\":\"https:\\\/\\\/lasentinelle.dz\\\/\",\"logo\":{\"@type\":\"ImageObject\",\"inLanguage\":\"fr-FR\",\"@id\":\"https:\\\/\\\/lasentinelle.dz\\\/#\\\/schema\\\/logo\\\/image\\\/\",\"url\":\"https:\\\/\\\/lasentinelle.dz\\\/wp-content\\\/uploads\\\/2021\\\/09\\\/logo-sentinelleSLOGAN-1.png\",\"contentUrl\":\"https:\\\/\\\/lasentinelle.dz\\\/wp-content\\\/uploads\\\/2021\\\/09\\\/logo-sentinelleSLOGAN-1.png\",\"width\":615,\"height\":142,\"caption\":\"Quotidien La Sentinelle\"},\"image\":{\"@id\":\"https:\\\/\\\/lasentinelle.dz\\\/#\\\/schema\\\/logo\\\/image\\\/\"},\"sameAs\":[\"https:\\\/\\\/www.facebook.com\\\/La-Sentinelle-104059864394773\"]},{\"@type\":\"Person\",\"@id\":\"https:\\\/\\\/lasentinelle.dz\\\/#\\\/schema\\\/person\\\/729ee0024f24e0b8c5ec17232f8e8b41\",\"name\":\"admin\",\"image\":{\"@type\":\"ImageObject\",\"inLanguage\":\"fr-FR\",\"@id\":\"https:\\\/\\\/secure.gravatar.com\\\/avatar\\\/4c81fed838786e9b53f540bf46533e750f5d292099ae3b66cfc6fb1982e29df7?s=96&d=mm&r=g\",\"url\":\"https:\\\/\\\/secure.gravatar.com\\\/avatar\\\/4c81fed838786e9b53f540bf46533e750f5d292099ae3b66cfc6fb1982e29df7?s=96&d=mm&r=g\",\"contentUrl\":\"https:\\\/\\\/secure.gravatar.com\\\/avatar\\\/4c81fed838786e9b53f540bf46533e750f5d292099ae3b66cfc6fb1982e29df7?s=96&d=mm&r=g\",\"caption\":\"admin\"},\"description\":\"admin\",\"url\":\"https:\\\/\\\/lasentinelle.dz\\\/author\\\/admin\\\/\"}]}<\/script>\n<!-- \/ Yoast SEO plugin. -->","yoast_head_json":{"title":"Escalade de la guerre au Moyen-Orient\u00a0: L&rsquo;Iran intensifie la riposte et traque Netanyahou - La Sentinelle","robots":{"index":"index","follow":"follow","max-snippet":"max-snippet:-1","max-image-preview":"max-image-preview:large","max-video-preview":"max-video-preview:-1"},"canonical":"https:\/\/lasentinelle.dz\/index.php\/2026\/03\/15\/escalade-de-la-guerre-au-moyen-orient-liran-intensifie-la-riposte-et-traque-netanyahou\/","og_locale":"fr_FR","og_type":"article","og_title":"Escalade de la guerre au Moyen-Orient\u00a0: L&rsquo;Iran intensifie la riposte et traque Netanyahou - La Sentinelle","og_description":"Le Corps des gardiens de la r\u00e9volution islamique (CGRI) a annonc\u00e9, samedi, avoir frapp\u00e9 trois bases abritant des forces am\u00e9ricaines","og_url":"https:\/\/lasentinelle.dz\/index.php\/2026\/03\/15\/escalade-de-la-guerre-au-moyen-orient-liran-intensifie-la-riposte-et-traque-netanyahou\/","og_site_name":"La Sentinelle","article_publisher":"https:\/\/www.facebook.com\/La-Sentinelle-104059864394773","article_published_time":"2026-03-15T19:01:37+00:00","article_modified_time":"2026-03-15T19:01:38+00:00","og_image":[{"width":932,"height":582,"url":"https:\/\/lasentinelle.dz\/wp-content\/uploads\/2025\/06\/guerre.jpg","type":"image\/jpeg"}],"author":"admin","twitter_card":"summary_large_image","twitter_misc":{"\u00c9crit par":"admin","Dur\u00e9e de lecture estim\u00e9e":"6 minutes"},"schema":{"@context":"https:\/\/schema.org","@graph":[{"@type":"Article","@id":"https:\/\/lasentinelle.dz\/index.php\/2026\/03\/15\/escalade-de-la-guerre-au-moyen-orient-liran-intensifie-la-riposte-et-traque-netanyahou\/#article","isPartOf":{"@id":"https:\/\/lasentinelle.dz\/index.php\/2026\/03\/15\/escalade-de-la-guerre-au-moyen-orient-liran-intensifie-la-riposte-et-traque-netanyahou\/"},"author":{"name":"admin","@id":"https:\/\/lasentinelle.dz\/#\/schema\/person\/729ee0024f24e0b8c5ec17232f8e8b41"},"headline":"Escalade de la guerre au Moyen-Orient\u00a0: L&rsquo;Iran intensifie la riposte et traque Netanyahou","datePublished":"2026-03-15T19:01:37+00:00","dateModified":"2026-03-15T19:01:38+00:00","mainEntityOfPage":{"@id":"https:\/\/lasentinelle.dz\/index.php\/2026\/03\/15\/escalade-de-la-guerre-au-moyen-orient-liran-intensifie-la-riposte-et-traque-netanyahou\/"},"wordCount":1221,"commentCount":0,"publisher":{"@id":"https:\/\/lasentinelle.dz\/#organization"},"image":{"@id":"https:\/\/lasentinelle.dz\/index.php\/2026\/03\/15\/escalade-de-la-guerre-au-moyen-orient-liran-intensifie-la-riposte-et-traque-netanyahou\/#primaryimage"},"thumbnailUrl":"https:\/\/lasentinelle.dz\/wp-content\/uploads\/2025\/06\/guerre.jpg","articleSection":["Monde"],"inLanguage":"fr-FR","potentialAction":[{"@type":"CommentAction","name":"Comment","target":["https:\/\/lasentinelle.dz\/index.php\/2026\/03\/15\/escalade-de-la-guerre-au-moyen-orient-liran-intensifie-la-riposte-et-traque-netanyahou\/#respond"]}]},{"@type":"WebPage","@id":"https:\/\/lasentinelle.dz\/index.php\/2026\/03\/15\/escalade-de-la-guerre-au-moyen-orient-liran-intensifie-la-riposte-et-traque-netanyahou\/","url":"https:\/\/lasentinelle.dz\/index.php\/2026\/03\/15\/escalade-de-la-guerre-au-moyen-orient-liran-intensifie-la-riposte-et-traque-netanyahou\/","name":"Escalade de la guerre au Moyen-Orient\u00a0: L&rsquo;Iran intensifie la riposte et traque Netanyahou - La Sentinelle","isPartOf":{"@id":"https:\/\/lasentinelle.dz\/#website"},"primaryImageOfPage":{"@id":"https:\/\/lasentinelle.dz\/index.php\/2026\/03\/15\/escalade-de-la-guerre-au-moyen-orient-liran-intensifie-la-riposte-et-traque-netanyahou\/#primaryimage"},"image":{"@id":"https:\/\/lasentinelle.dz\/index.php\/2026\/03\/15\/escalade-de-la-guerre-au-moyen-orient-liran-intensifie-la-riposte-et-traque-netanyahou\/#primaryimage"},"thumbnailUrl":"https:\/\/lasentinelle.dz\/wp-content\/uploads\/2025\/06\/guerre.jpg","datePublished":"2026-03-15T19:01:37+00:00","dateModified":"2026-03-15T19:01:38+00:00","breadcrumb":{"@id":"https:\/\/lasentinelle.dz\/index.php\/2026\/03\/15\/escalade-de-la-guerre-au-moyen-orient-liran-intensifie-la-riposte-et-traque-netanyahou\/#breadcrumb"},"inLanguage":"fr-FR","potentialAction":[{"@type":"ReadAction","target":["https:\/\/lasentinelle.dz\/index.php\/2026\/03\/15\/escalade-de-la-guerre-au-moyen-orient-liran-intensifie-la-riposte-et-traque-netanyahou\/"]}]},{"@type":"ImageObject","inLanguage":"fr-FR","@id":"https:\/\/lasentinelle.dz\/index.php\/2026\/03\/15\/escalade-de-la-guerre-au-moyen-orient-liran-intensifie-la-riposte-et-traque-netanyahou\/#primaryimage","url":"https:\/\/lasentinelle.dz\/wp-content\/uploads\/2025\/06\/guerre.jpg","contentUrl":"https:\/\/lasentinelle.dz\/wp-content\/uploads\/2025\/06\/guerre.jpg","width":932,"height":582,"caption":"FILE PHOTO: A missile is launched during a military exercise in Isfahan, Iran, October 28, 2023. Iranian Army\/WANA (West Asia News Agency)\/Handout via REUTERS\/File Photo"},{"@type":"BreadcrumbList","@id":"https:\/\/lasentinelle.dz\/index.php\/2026\/03\/15\/escalade-de-la-guerre-au-moyen-orient-liran-intensifie-la-riposte-et-traque-netanyahou\/#breadcrumb","itemListElement":[{"@type":"ListItem","position":1,"name":"Accueil","item":"https:\/\/lasentinelle.dz\/"},{"@type":"ListItem","position":2,"name":"Escalade de la guerre au Moyen-Orient\u00a0: L&rsquo;Iran intensifie la riposte et traque Netanyahou"}]},{"@type":"WebSite","@id":"https:\/\/lasentinelle.dz\/#website","url":"https:\/\/lasentinelle.dz\/","name":"La Sentinelle","description":"Quotidien national d&#039;information","publisher":{"@id":"https:\/\/lasentinelle.dz\/#organization"},"potentialAction":[{"@type":"SearchAction","target":{"@type":"EntryPoint","urlTemplate":"https:\/\/lasentinelle.dz\/?s={search_term_string}"},"query-input":{"@type":"PropertyValueSpecification","valueRequired":true,"valueName":"search_term_string"}}],"inLanguage":"fr-FR"},{"@type":"Organization","@id":"https:\/\/lasentinelle.dz\/#organization","name":"Quotidien La Sentinelle","url":"https:\/\/lasentinelle.dz\/","logo":{"@type":"ImageObject","inLanguage":"fr-FR","@id":"https:\/\/lasentinelle.dz\/#\/schema\/logo\/image\/","url":"https:\/\/lasentinelle.dz\/wp-content\/uploads\/2021\/09\/logo-sentinelleSLOGAN-1.png","contentUrl":"https:\/\/lasentinelle.dz\/wp-content\/uploads\/2021\/09\/logo-sentinelleSLOGAN-1.png","width":615,"height":142,"caption":"Quotidien La Sentinelle"},"image":{"@id":"https:\/\/lasentinelle.dz\/#\/schema\/logo\/image\/"},"sameAs":["https:\/\/www.facebook.com\/La-Sentinelle-104059864394773"]},{"@type":"Person","@id":"https:\/\/lasentinelle.dz\/#\/schema\/person\/729ee0024f24e0b8c5ec17232f8e8b41","name":"admin","image":{"@type":"ImageObject","inLanguage":"fr-FR","@id":"https:\/\/secure.gravatar.com\/avatar\/4c81fed838786e9b53f540bf46533e750f5d292099ae3b66cfc6fb1982e29df7?s=96&d=mm&r=g","url":"https:\/\/secure.gravatar.com\/avatar\/4c81fed838786e9b53f540bf46533e750f5d292099ae3b66cfc6fb1982e29df7?s=96&d=mm&r=g","contentUrl":"https:\/\/secure.gravatar.com\/avatar\/4c81fed838786e9b53f540bf46533e750f5d292099ae3b66cfc6fb1982e29df7?s=96&d=mm&r=g","caption":"admin"},"description":"admin","url":"https:\/\/lasentinelle.dz\/author\/admin\/"}]}},"_links":{"self":[{"href":"https:\/\/lasentinelle.dz\/index.php\/wp-json\/wp\/v2\/posts\/83581","targetHints":{"allow":["GET"]}}],"collection":[{"href":"https:\/\/lasentinelle.dz\/index.php\/wp-json\/wp\/v2\/posts"}],"about":[{"href":"https:\/\/lasentinelle.dz\/index.php\/wp-json\/wp\/v2\/types\/post"}],"author":[{"embeddable":true,"href":"https:\/\/lasentinelle.dz\/index.php\/wp-json\/wp\/v2\/users\/6"}],"replies":[{"embeddable":true,"href":"https:\/\/lasentinelle.dz\/index.php\/wp-json\/wp\/v2\/comments?post=83581"}],"version-history":[{"count":2,"href":"https:\/\/lasentinelle.dz\/index.php\/wp-json\/wp\/v2\/posts\/83581\/revisions"}],"predecessor-version":[{"id":83583,"href":"https:\/\/lasentinelle.dz\/index.php\/wp-json\/wp\/v2\/posts\/83581\/revisions\/83583"}],"wp:featuredmedia":[{"embeddable":true,"href":"https:\/\/lasentinelle.dz\/index.php\/wp-json\/wp\/v2\/media\/69194"}],"wp:attachment":[{"href":"https:\/\/lasentinelle.dz\/index.php\/wp-json\/wp\/v2\/media?parent=83581"}],"wp:term":[{"taxonomy":"category","embeddable":true,"href":"https:\/\/lasentinelle.dz\/index.php\/wp-json\/wp\/v2\/categories?post=83581"},{"taxonomy":"post_tag","embeddable":true,"href":"https:\/\/lasentinelle.dz\/index.php\/wp-json\/wp\/v2\/tags?post=83581"}],"curies":[{"name":"wp","href":"https:\/\/api.w.org\/{rel}","templated":true}]}}