{"id":83584,"date":"2026-03-15T20:02:33","date_gmt":"2026-03-15T19:02:33","guid":{"rendered":"https:\/\/lasentinelle.dz\/?p=83584"},"modified":"2026-03-15T20:02:34","modified_gmt":"2026-03-15T19:02:34","slug":"ramadhan-a-tindouf-des-marches-bien-achalandes-et-un-controle-sanitaire-renforce","status":"publish","type":"post","link":"https:\/\/lasentinelle.dz\/index.php\/2026\/03\/15\/ramadhan-a-tindouf-des-marches-bien-achalandes-et-un-controle-sanitaire-renforce\/","title":{"rendered":"Ramadhan \u00e0 Tindouf\u00a0: Des march\u00e9s bien achaland\u00e9s et un contr\u00f4le sanitaire renforc\u00e9"},"content":{"rendered":"\n<p>Les \u00e9tals ne manquent de rien dans la wilaya du grand Sud. Depuis le coup d&rsquo;envoi du mois sacr\u00e9, les march\u00e9s de Tindouf affichent une disponibilit\u00e9 soutenue en viandes et produits alimentaires de base, fruit d&rsquo;un dispositif de contr\u00f4le et d&rsquo;approvisionnement mobilis\u00e9 bien en amont. C&rsquo;est dans la discr\u00e9tion des abattoirs, bien avant l&rsquo;heure de la rupture du je\u00fbne, que se joue une bonne part du Ramadhan \u00e0 Tindouf. Chaque nuit, des \u00e9quipes v\u00e9t\u00e9rinaires assurent des permanences pour accompagner les op\u00e9rations d&rsquo;abattage et contr\u00f4ler la qualit\u00e9 sanitaire des carcasses avant qu&rsquo;elles ne rejoignent les boucheries. R\u00e9sultat : depuis l&rsquo;entame du mois sacr\u00e9, aucune infraction et aucun cas d&rsquo;intoxication alimentaire n&rsquo;ont \u00e9t\u00e9 enregistr\u00e9s, selon la direction du Commerce de la wilaya, qui a dress\u00e9 dimanche un bilan rassurant de la situation. Les chiffres avanc\u00e9s par les autorit\u00e9s t\u00e9moignent d&rsquo;un effort logistique cons\u00e9quent pour une wilaya aux confins du Sahara. L&rsquo;inspecteur v\u00e9t\u00e9rinaire de wilaya, Mohamed Chagour Djeltia, a pr\u00e9cis\u00e9 \u00e0 l\u2019APS que \u00ab plus de 675 t\u00eates de dromadaires, 84 t\u00eates de bovins et 115 t\u00eates d&rsquo;ovins \u00bb ont \u00e9t\u00e9 abattues dans les abattoirs locaux depuis le d\u00e9but du Ramadhan, contribuant \u00e0 alimenter les \u00e9tals en viandes rouges. Une offre compl\u00e9t\u00e9e par quelque 1 940 quintaux de viande blanche fra\u00eeche et pr\u00e8s de 700 quintaux de poulet congel\u00e9, destin\u00e9s \u00e0 satisfaire une demande particuli\u00e8rement soutenue pour cette denr\u00e9e pris\u00e9e pendant le mois de je\u00fbne. Le volet des produits subventionn\u00e9s n&rsquo;est pas en reste. Pr\u00e8s de 400 000 litres de lait pasteuris\u00e9 ont \u00e9t\u00e9 inject\u00e9s sur le march\u00e9 \u00e0 travers les diff\u00e9rents points de vente, tandis que la distribution d&rsquo;environ 93 000 plateaux d&rsquo;\u0153ufs de consommation est venue compl\u00e9ter le tableau d&rsquo;un approvisionnement globalement ma\u00eetris\u00e9. Ces volumes sont achemin\u00e9s par sept \u00e0 huit op\u00e9rateurs \u00e9conomiques qui activent dans le domaine de l&rsquo;approvisionnement des march\u00e9s et des institutions en viandes sur le territoire de la wilaya.<\/p>\n\n\n\n<p>Pour garantir la r\u00e9gularit\u00e9 de cet approvisionnement et pr\u00e9venir tout d\u00e9rapage sanitaire, une commission mixte associant les services du Commerce et les services v\u00e9t\u00e9rinaires assure un suivi permanent des march\u00e9s. Les agents de contr\u00f4le ont intensifi\u00e9 leurs sorties de terrain dans les boucheries des communes de la wilaya, en particulier \u00e0 Tindouf et Oum El-Assel ainsi que dans les zones avoisinantes, afin de s&rsquo;assurer, selon la direction du Commerce, \u00ab de la salubrit\u00e9 des produits alimentaires propos\u00e9s et de la protection de la sant\u00e9 du consommateur \u00bb. Toutes les viandes et produits d&rsquo;origine animale font l&rsquo;objet d&rsquo;un contr\u00f4le v\u00e9t\u00e9rinaire rigoureux avant leur mise en distribution. Ce bilan, pour l&rsquo;heure sans fausse note, traduit la volont\u00e9 des autorit\u00e9s locales d&rsquo;anticiper les tensions habituelles que le Ramadhan exerce sur les circuits d&rsquo;approvisionnement.<\/p>\n\n\n\n<p>R&nbsp;.R.<\/p>\n","protected":false},"excerpt":{"rendered":"<p>Les \u00e9tals ne manquent de rien dans la wilaya du grand Sud. Depuis le coup d&rsquo;envoi du mois sacr\u00e9, les<\/p>\n","protected":false},"author":6,"featured_media":32931,"comment_status":"open","ping_status":"closed","sticky":false,"template":"","format":"standard","meta":{"colormag_page_container_layout":"default_layout","colormag_page_sidebar_layout":"default_layout","om_disable_all_campaigns":false,"_monsterinsights_skip_tracking":false,"_monsterinsights_sitenote_active":false,"_monsterinsights_sitenote_note":"","_monsterinsights_sitenote_category":0,"footnotes":"","_wpscppro_dont_share_socialmedia":false,"_wpscppro_custom_social_share_image":0,"_facebook_share_type":"default","_twitter_share_type":"default","_linkedin_share_type":"default","_pinterest_share_type":"default","_linkedin_share_type_page":"","_instagram_share_type":"default","_medium_share_type":"default","_threads_share_type":"default","_google_business_share_type":"default","_selected_social_profile":[],"_wpsp_enable_custom_social_template":false,"_wpsp_social_scheduling":{"enabled":false,"datetime":null,"platforms":[],"status":"template_only","dateOption":"today","timeOption":"now","customDays":"","customHours":"","customDate":"","customTime":"","schedulingType":"absolute"},"_wpsp_active_default_template":true},"categories":[31],"tags":[],"class_list":["post-83584","post","type-post","status-publish","format-standard","has-post-thumbnail","hentry","category-regions"],"aioseo_notices":[],"yoast_head":"<!-- This site is optimized with the Yoast SEO plugin v27.5 - https:\/\/yoast.com\/product\/yoast-seo-wordpress\/ -->\n<title>Ramadhan \u00e0 Tindouf\u00a0: Des march\u00e9s bien achaland\u00e9s et un contr\u00f4le sanitaire renforc\u00e9 - La Sentinelle<\/title>\n<meta name=\"robots\" content=\"index, follow, max-snippet:-1, max-image-preview:large, max-video-preview:-1\" \/>\n<link rel=\"canonical\" href=\"https:\/\/lasentinelle.dz\/index.php\/2026\/03\/15\/ramadhan-a-tindouf-des-marches-bien-achalandes-et-un-controle-sanitaire-renforce\/\" \/>\n<meta property=\"og:locale\" content=\"fr_FR\" \/>\n<meta property=\"og:type\" content=\"article\" \/>\n<meta property=\"og:title\" content=\"Ramadhan \u00e0 Tindouf\u00a0: Des march\u00e9s bien achaland\u00e9s et un contr\u00f4le sanitaire renforc\u00e9 - La Sentinelle\" \/>\n<meta property=\"og:description\" content=\"Les \u00e9tals ne manquent de rien dans la wilaya du grand Sud. Depuis le coup d&rsquo;envoi du mois sacr\u00e9, les\" \/>\n<meta property=\"og:url\" content=\"https:\/\/lasentinelle.dz\/index.php\/2026\/03\/15\/ramadhan-a-tindouf-des-marches-bien-achalandes-et-un-controle-sanitaire-renforce\/\" \/>\n<meta property=\"og:site_name\" content=\"La Sentinelle\" \/>\n<meta property=\"article:publisher\" content=\"https:\/\/www.facebook.com\/La-Sentinelle-104059864394773\" \/>\n<meta property=\"article:published_time\" content=\"2026-03-15T19:02:33+00:00\" \/>\n<meta property=\"article:modified_time\" content=\"2026-03-15T19:02:34+00:00\" \/>\n<meta property=\"og:image\" content=\"https:\/\/lasentinelle.dz\/wp-content\/uploads\/2022\/12\/boucherie.png\" \/>\n\t<meta property=\"og:image:width\" content=\"1200\" \/>\n\t<meta property=\"og:image:height\" content=\"900\" \/>\n\t<meta property=\"og:image:type\" content=\"image\/png\" \/>\n<meta name=\"author\" content=\"admin\" \/>\n<meta name=\"twitter:card\" content=\"summary_large_image\" \/>\n<meta name=\"twitter:label1\" content=\"\u00c9crit par\" \/>\n\t<meta name=\"twitter:data1\" content=\"admin\" \/>\n\t<meta name=\"twitter:label2\" content=\"Dur\u00e9e de lecture estim\u00e9e\" \/>\n\t<meta name=\"twitter:data2\" content=\"3 minutes\" \/>\n<script type=\"application\/ld+json\" class=\"yoast-schema-graph\">{\"@context\":\"https:\\\/\\\/schema.org\",\"@graph\":[{\"@type\":\"Article\",\"@id\":\"https:\\\/\\\/lasentinelle.dz\\\/index.php\\\/2026\\\/03\\\/15\\\/ramadhan-a-tindouf-des-marches-bien-achalandes-et-un-controle-sanitaire-renforce\\\/#article\",\"isPartOf\":{\"@id\":\"https:\\\/\\\/lasentinelle.dz\\\/index.php\\\/2026\\\/03\\\/15\\\/ramadhan-a-tindouf-des-marches-bien-achalandes-et-un-controle-sanitaire-renforce\\\/\"},\"author\":{\"name\":\"admin\",\"@id\":\"https:\\\/\\\/lasentinelle.dz\\\/#\\\/schema\\\/person\\\/729ee0024f24e0b8c5ec17232f8e8b41\"},\"headline\":\"Ramadhan \u00e0 Tindouf\u00a0: Des march\u00e9s bien achaland\u00e9s et un contr\u00f4le sanitaire renforc\u00e9\",\"datePublished\":\"2026-03-15T19:02:33+00:00\",\"dateModified\":\"2026-03-15T19:02:34+00:00\",\"mainEntityOfPage\":{\"@id\":\"https:\\\/\\\/lasentinelle.dz\\\/index.php\\\/2026\\\/03\\\/15\\\/ramadhan-a-tindouf-des-marches-bien-achalandes-et-un-controle-sanitaire-renforce\\\/\"},\"wordCount\":514,\"commentCount\":0,\"publisher\":{\"@id\":\"https:\\\/\\\/lasentinelle.dz\\\/#organization\"},\"image\":{\"@id\":\"https:\\\/\\\/lasentinelle.dz\\\/index.php\\\/2026\\\/03\\\/15\\\/ramadhan-a-tindouf-des-marches-bien-achalandes-et-un-controle-sanitaire-renforce\\\/#primaryimage\"},\"thumbnailUrl\":\"https:\\\/\\\/lasentinelle.dz\\\/wp-content\\\/uploads\\\/2022\\\/12\\\/boucherie.png\",\"articleSection\":[\"R\u00e9gions\"],\"inLanguage\":\"fr-FR\",\"potentialAction\":[{\"@type\":\"CommentAction\",\"name\":\"Comment\",\"target\":[\"https:\\\/\\\/lasentinelle.dz\\\/index.php\\\/2026\\\/03\\\/15\\\/ramadhan-a-tindouf-des-marches-bien-achalandes-et-un-controle-sanitaire-renforce\\\/#respond\"]}]},{\"@type\":\"WebPage\",\"@id\":\"https:\\\/\\\/lasentinelle.dz\\\/index.php\\\/2026\\\/03\\\/15\\\/ramadhan-a-tindouf-des-marches-bien-achalandes-et-un-controle-sanitaire-renforce\\\/\",\"url\":\"https:\\\/\\\/lasentinelle.dz\\\/index.php\\\/2026\\\/03\\\/15\\\/ramadhan-a-tindouf-des-marches-bien-achalandes-et-un-controle-sanitaire-renforce\\\/\",\"name\":\"Ramadhan \u00e0 Tindouf\u00a0: Des march\u00e9s bien achaland\u00e9s et un contr\u00f4le sanitaire renforc\u00e9 - La Sentinelle\",\"isPartOf\":{\"@id\":\"https:\\\/\\\/lasentinelle.dz\\\/#website\"},\"primaryImageOfPage\":{\"@id\":\"https:\\\/\\\/lasentinelle.dz\\\/index.php\\\/2026\\\/03\\\/15\\\/ramadhan-a-tindouf-des-marches-bien-achalandes-et-un-controle-sanitaire-renforce\\\/#primaryimage\"},\"image\":{\"@id\":\"https:\\\/\\\/lasentinelle.dz\\\/index.php\\\/2026\\\/03\\\/15\\\/ramadhan-a-tindouf-des-marches-bien-achalandes-et-un-controle-sanitaire-renforce\\\/#primaryimage\"},\"thumbnailUrl\":\"https:\\\/\\\/lasentinelle.dz\\\/wp-content\\\/uploads\\\/2022\\\/12\\\/boucherie.png\",\"datePublished\":\"2026-03-15T19:02:33+00:00\",\"dateModified\":\"2026-03-15T19:02:34+00:00\",\"breadcrumb\":{\"@id\":\"https:\\\/\\\/lasentinelle.dz\\\/index.php\\\/2026\\\/03\\\/15\\\/ramadhan-a-tindouf-des-marches-bien-achalandes-et-un-controle-sanitaire-renforce\\\/#breadcrumb\"},\"inLanguage\":\"fr-FR\",\"potentialAction\":[{\"@type\":\"ReadAction\",\"target\":[\"https:\\\/\\\/lasentinelle.dz\\\/index.php\\\/2026\\\/03\\\/15\\\/ramadhan-a-tindouf-des-marches-bien-achalandes-et-un-controle-sanitaire-renforce\\\/\"]}]},{\"@type\":\"ImageObject\",\"inLanguage\":\"fr-FR\",\"@id\":\"https:\\\/\\\/lasentinelle.dz\\\/index.php\\\/2026\\\/03\\\/15\\\/ramadhan-a-tindouf-des-marches-bien-achalandes-et-un-controle-sanitaire-renforce\\\/#primaryimage\",\"url\":\"https:\\\/\\\/lasentinelle.dz\\\/wp-content\\\/uploads\\\/2022\\\/12\\\/boucherie.png\",\"contentUrl\":\"https:\\\/\\\/lasentinelle.dz\\\/wp-content\\\/uploads\\\/2022\\\/12\\\/boucherie.png\",\"width\":1200,\"height\":900},{\"@type\":\"BreadcrumbList\",\"@id\":\"https:\\\/\\\/lasentinelle.dz\\\/index.php\\\/2026\\\/03\\\/15\\\/ramadhan-a-tindouf-des-marches-bien-achalandes-et-un-controle-sanitaire-renforce\\\/#breadcrumb\",\"itemListElement\":[{\"@type\":\"ListItem\",\"position\":1,\"name\":\"Accueil\",\"item\":\"https:\\\/\\\/lasentinelle.dz\\\/\"},{\"@type\":\"ListItem\",\"position\":2,\"name\":\"Ramadhan \u00e0 Tindouf\u00a0: Des march\u00e9s bien achaland\u00e9s et un contr\u00f4le sanitaire renforc\u00e9\"}]},{\"@type\":\"WebSite\",\"@id\":\"https:\\\/\\\/lasentinelle.dz\\\/#website\",\"url\":\"https:\\\/\\\/lasentinelle.dz\\\/\",\"name\":\"La Sentinelle\",\"description\":\"Quotidien national d&#039;information\",\"publisher\":{\"@id\":\"https:\\\/\\\/lasentinelle.dz\\\/#organization\"},\"potentialAction\":[{\"@type\":\"SearchAction\",\"target\":{\"@type\":\"EntryPoint\",\"urlTemplate\":\"https:\\\/\\\/lasentinelle.dz\\\/?s={search_term_string}\"},\"query-input\":{\"@type\":\"PropertyValueSpecification\",\"valueRequired\":true,\"valueName\":\"search_term_string\"}}],\"inLanguage\":\"fr-FR\"},{\"@type\":\"Organization\",\"@id\":\"https:\\\/\\\/lasentinelle.dz\\\/#organization\",\"name\":\"Quotidien La Sentinelle\",\"url\":\"https:\\\/\\\/lasentinelle.dz\\\/\",\"logo\":{\"@type\":\"ImageObject\",\"inLanguage\":\"fr-FR\",\"@id\":\"https:\\\/\\\/lasentinelle.dz\\\/#\\\/schema\\\/logo\\\/image\\\/\",\"url\":\"https:\\\/\\\/lasentinelle.dz\\\/wp-content\\\/uploads\\\/2021\\\/09\\\/logo-sentinelleSLOGAN-1.png\",\"contentUrl\":\"https:\\\/\\\/lasentinelle.dz\\\/wp-content\\\/uploads\\\/2021\\\/09\\\/logo-sentinelleSLOGAN-1.png\",\"width\":615,\"height\":142,\"caption\":\"Quotidien La Sentinelle\"},\"image\":{\"@id\":\"https:\\\/\\\/lasentinelle.dz\\\/#\\\/schema\\\/logo\\\/image\\\/\"},\"sameAs\":[\"https:\\\/\\\/www.facebook.com\\\/La-Sentinelle-104059864394773\"]},{\"@type\":\"Person\",\"@id\":\"https:\\\/\\\/lasentinelle.dz\\\/#\\\/schema\\\/person\\\/729ee0024f24e0b8c5ec17232f8e8b41\",\"name\":\"admin\",\"image\":{\"@type\":\"ImageObject\",\"inLanguage\":\"fr-FR\",\"@id\":\"https:\\\/\\\/secure.gravatar.com\\\/avatar\\\/4c81fed838786e9b53f540bf46533e750f5d292099ae3b66cfc6fb1982e29df7?s=96&d=mm&r=g\",\"url\":\"https:\\\/\\\/secure.gravatar.com\\\/avatar\\\/4c81fed838786e9b53f540bf46533e750f5d292099ae3b66cfc6fb1982e29df7?s=96&d=mm&r=g\",\"contentUrl\":\"https:\\\/\\\/secure.gravatar.com\\\/avatar\\\/4c81fed838786e9b53f540bf46533e750f5d292099ae3b66cfc6fb1982e29df7?s=96&d=mm&r=g\",\"caption\":\"admin\"},\"description\":\"admin\",\"url\":\"https:\\\/\\\/lasentinelle.dz\\\/author\\\/admin\\\/\"}]}<\/script>\n<!-- \/ Yoast SEO plugin. -->","yoast_head_json":{"title":"Ramadhan \u00e0 Tindouf\u00a0: Des march\u00e9s bien achaland\u00e9s et un contr\u00f4le sanitaire renforc\u00e9 - La Sentinelle","robots":{"index":"index","follow":"follow","max-snippet":"max-snippet:-1","max-image-preview":"max-image-preview:large","max-video-preview":"max-video-preview:-1"},"canonical":"https:\/\/lasentinelle.dz\/index.php\/2026\/03\/15\/ramadhan-a-tindouf-des-marches-bien-achalandes-et-un-controle-sanitaire-renforce\/","og_locale":"fr_FR","og_type":"article","og_title":"Ramadhan \u00e0 Tindouf\u00a0: Des march\u00e9s bien achaland\u00e9s et un contr\u00f4le sanitaire renforc\u00e9 - La Sentinelle","og_description":"Les \u00e9tals ne manquent de rien dans la wilaya du grand Sud. Depuis le coup d&rsquo;envoi du mois sacr\u00e9, les","og_url":"https:\/\/lasentinelle.dz\/index.php\/2026\/03\/15\/ramadhan-a-tindouf-des-marches-bien-achalandes-et-un-controle-sanitaire-renforce\/","og_site_name":"La Sentinelle","article_publisher":"https:\/\/www.facebook.com\/La-Sentinelle-104059864394773","article_published_time":"2026-03-15T19:02:33+00:00","article_modified_time":"2026-03-15T19:02:34+00:00","og_image":[{"width":1200,"height":900,"url":"https:\/\/lasentinelle.dz\/wp-content\/uploads\/2022\/12\/boucherie.png","type":"image\/png"}],"author":"admin","twitter_card":"summary_large_image","twitter_misc":{"\u00c9crit par":"admin","Dur\u00e9e de lecture estim\u00e9e":"3 minutes"},"schema":{"@context":"https:\/\/schema.org","@graph":[{"@type":"Article","@id":"https:\/\/lasentinelle.dz\/index.php\/2026\/03\/15\/ramadhan-a-tindouf-des-marches-bien-achalandes-et-un-controle-sanitaire-renforce\/#article","isPartOf":{"@id":"https:\/\/lasentinelle.dz\/index.php\/2026\/03\/15\/ramadhan-a-tindouf-des-marches-bien-achalandes-et-un-controle-sanitaire-renforce\/"},"author":{"name":"admin","@id":"https:\/\/lasentinelle.dz\/#\/schema\/person\/729ee0024f24e0b8c5ec17232f8e8b41"},"headline":"Ramadhan \u00e0 Tindouf\u00a0: Des march\u00e9s bien achaland\u00e9s et un contr\u00f4le sanitaire renforc\u00e9","datePublished":"2026-03-15T19:02:33+00:00","dateModified":"2026-03-15T19:02:34+00:00","mainEntityOfPage":{"@id":"https:\/\/lasentinelle.dz\/index.php\/2026\/03\/15\/ramadhan-a-tindouf-des-marches-bien-achalandes-et-un-controle-sanitaire-renforce\/"},"wordCount":514,"commentCount":0,"publisher":{"@id":"https:\/\/lasentinelle.dz\/#organization"},"image":{"@id":"https:\/\/lasentinelle.dz\/index.php\/2026\/03\/15\/ramadhan-a-tindouf-des-marches-bien-achalandes-et-un-controle-sanitaire-renforce\/#primaryimage"},"thumbnailUrl":"https:\/\/lasentinelle.dz\/wp-content\/uploads\/2022\/12\/boucherie.png","articleSection":["R\u00e9gions"],"inLanguage":"fr-FR","potentialAction":[{"@type":"CommentAction","name":"Comment","target":["https:\/\/lasentinelle.dz\/index.php\/2026\/03\/15\/ramadhan-a-tindouf-des-marches-bien-achalandes-et-un-controle-sanitaire-renforce\/#respond"]}]},{"@type":"WebPage","@id":"https:\/\/lasentinelle.dz\/index.php\/2026\/03\/15\/ramadhan-a-tindouf-des-marches-bien-achalandes-et-un-controle-sanitaire-renforce\/","url":"https:\/\/lasentinelle.dz\/index.php\/2026\/03\/15\/ramadhan-a-tindouf-des-marches-bien-achalandes-et-un-controle-sanitaire-renforce\/","name":"Ramadhan \u00e0 Tindouf\u00a0: Des march\u00e9s bien achaland\u00e9s et un contr\u00f4le sanitaire renforc\u00e9 - La Sentinelle","isPartOf":{"@id":"https:\/\/lasentinelle.dz\/#website"},"primaryImageOfPage":{"@id":"https:\/\/lasentinelle.dz\/index.php\/2026\/03\/15\/ramadhan-a-tindouf-des-marches-bien-achalandes-et-un-controle-sanitaire-renforce\/#primaryimage"},"image":{"@id":"https:\/\/lasentinelle.dz\/index.php\/2026\/03\/15\/ramadhan-a-tindouf-des-marches-bien-achalandes-et-un-controle-sanitaire-renforce\/#primaryimage"},"thumbnailUrl":"https:\/\/lasentinelle.dz\/wp-content\/uploads\/2022\/12\/boucherie.png","datePublished":"2026-03-15T19:02:33+00:00","dateModified":"2026-03-15T19:02:34+00:00","breadcrumb":{"@id":"https:\/\/lasentinelle.dz\/index.php\/2026\/03\/15\/ramadhan-a-tindouf-des-marches-bien-achalandes-et-un-controle-sanitaire-renforce\/#breadcrumb"},"inLanguage":"fr-FR","potentialAction":[{"@type":"ReadAction","target":["https:\/\/lasentinelle.dz\/index.php\/2026\/03\/15\/ramadhan-a-tindouf-des-marches-bien-achalandes-et-un-controle-sanitaire-renforce\/"]}]},{"@type":"ImageObject","inLanguage":"fr-FR","@id":"https:\/\/lasentinelle.dz\/index.php\/2026\/03\/15\/ramadhan-a-tindouf-des-marches-bien-achalandes-et-un-controle-sanitaire-renforce\/#primaryimage","url":"https:\/\/lasentinelle.dz\/wp-content\/uploads\/2022\/12\/boucherie.png","contentUrl":"https:\/\/lasentinelle.dz\/wp-content\/uploads\/2022\/12\/boucherie.png","width":1200,"height":900},{"@type":"BreadcrumbList","@id":"https:\/\/lasentinelle.dz\/index.php\/2026\/03\/15\/ramadhan-a-tindouf-des-marches-bien-achalandes-et-un-controle-sanitaire-renforce\/#breadcrumb","itemListElement":[{"@type":"ListItem","position":1,"name":"Accueil","item":"https:\/\/lasentinelle.dz\/"},{"@type":"ListItem","position":2,"name":"Ramadhan \u00e0 Tindouf\u00a0: Des march\u00e9s bien achaland\u00e9s et un contr\u00f4le sanitaire renforc\u00e9"}]},{"@type":"WebSite","@id":"https:\/\/lasentinelle.dz\/#website","url":"https:\/\/lasentinelle.dz\/","name":"La Sentinelle","description":"Quotidien national d&#039;information","publisher":{"@id":"https:\/\/lasentinelle.dz\/#organization"},"potentialAction":[{"@type":"SearchAction","target":{"@type":"EntryPoint","urlTemplate":"https:\/\/lasentinelle.dz\/?s={search_term_string}"},"query-input":{"@type":"PropertyValueSpecification","valueRequired":true,"valueName":"search_term_string"}}],"inLanguage":"fr-FR"},{"@type":"Organization","@id":"https:\/\/lasentinelle.dz\/#organization","name":"Quotidien La Sentinelle","url":"https:\/\/lasentinelle.dz\/","logo":{"@type":"ImageObject","inLanguage":"fr-FR","@id":"https:\/\/lasentinelle.dz\/#\/schema\/logo\/image\/","url":"https:\/\/lasentinelle.dz\/wp-content\/uploads\/2021\/09\/logo-sentinelleSLOGAN-1.png","contentUrl":"https:\/\/lasentinelle.dz\/wp-content\/uploads\/2021\/09\/logo-sentinelleSLOGAN-1.png","width":615,"height":142,"caption":"Quotidien La Sentinelle"},"image":{"@id":"https:\/\/lasentinelle.dz\/#\/schema\/logo\/image\/"},"sameAs":["https:\/\/www.facebook.com\/La-Sentinelle-104059864394773"]},{"@type":"Person","@id":"https:\/\/lasentinelle.dz\/#\/schema\/person\/729ee0024f24e0b8c5ec17232f8e8b41","name":"admin","image":{"@type":"ImageObject","inLanguage":"fr-FR","@id":"https:\/\/secure.gravatar.com\/avatar\/4c81fed838786e9b53f540bf46533e750f5d292099ae3b66cfc6fb1982e29df7?s=96&d=mm&r=g","url":"https:\/\/secure.gravatar.com\/avatar\/4c81fed838786e9b53f540bf46533e750f5d292099ae3b66cfc6fb1982e29df7?s=96&d=mm&r=g","contentUrl":"https:\/\/secure.gravatar.com\/avatar\/4c81fed838786e9b53f540bf46533e750f5d292099ae3b66cfc6fb1982e29df7?s=96&d=mm&r=g","caption":"admin"},"description":"admin","url":"https:\/\/lasentinelle.dz\/author\/admin\/"}]}},"_links":{"self":[{"href":"https:\/\/lasentinelle.dz\/index.php\/wp-json\/wp\/v2\/posts\/83584","targetHints":{"allow":["GET"]}}],"collection":[{"href":"https:\/\/lasentinelle.dz\/index.php\/wp-json\/wp\/v2\/posts"}],"about":[{"href":"https:\/\/lasentinelle.dz\/index.php\/wp-json\/wp\/v2\/types\/post"}],"author":[{"embeddable":true,"href":"https:\/\/lasentinelle.dz\/index.php\/wp-json\/wp\/v2\/users\/6"}],"replies":[{"embeddable":true,"href":"https:\/\/lasentinelle.dz\/index.php\/wp-json\/wp\/v2\/comments?post=83584"}],"version-history":[{"count":1,"href":"https:\/\/lasentinelle.dz\/index.php\/wp-json\/wp\/v2\/posts\/83584\/revisions"}],"predecessor-version":[{"id":83585,"href":"https:\/\/lasentinelle.dz\/index.php\/wp-json\/wp\/v2\/posts\/83584\/revisions\/83585"}],"wp:featuredmedia":[{"embeddable":true,"href":"https:\/\/lasentinelle.dz\/index.php\/wp-json\/wp\/v2\/media\/32931"}],"wp:attachment":[{"href":"https:\/\/lasentinelle.dz\/index.php\/wp-json\/wp\/v2\/media?parent=83584"}],"wp:term":[{"taxonomy":"category","embeddable":true,"href":"https:\/\/lasentinelle.dz\/index.php\/wp-json\/wp\/v2\/categories?post=83584"},{"taxonomy":"post_tag","embeddable":true,"href":"https:\/\/lasentinelle.dz\/index.php\/wp-json\/wp\/v2\/tags?post=83584"}],"curies":[{"name":"wp","href":"https:\/\/api.w.org\/{rel}","templated":true}]}}