{"id":83586,"date":"2026-03-15T20:03:21","date_gmt":"2026-03-15T19:03:21","guid":{"rendered":"https:\/\/lasentinelle.dz\/?p=83586"},"modified":"2026-03-15T20:03:23","modified_gmt":"2026-03-15T19:03:23","slug":"boumerdes-15-milliard-de-dinars-mobilises-pour-preparer-la-saison-estivale","status":"publish","type":"post","link":"https:\/\/lasentinelle.dz\/index.php\/2026\/03\/15\/boumerdes-15-milliard-de-dinars-mobilises-pour-preparer-la-saison-estivale\/","title":{"rendered":"Boumerdes\u00a0: 1,5 milliard de dinars mobilis\u00e9s pour pr\u00e9parer la saison estivale"},"content":{"rendered":"\n<p>La wilaya de Boumerdes lance 39 chantiers le long de ses 45 plages en vue d&rsquo;accueillir les estivants dans de meilleures conditions cet \u00e9t\u00e9, avec une enveloppe budg\u00e9taire de 1,5 milliard de dinars.<\/p>\n\n\n\n<p>\u00c0 six mois de la saison estivale, les autorit\u00e9s de la wilaya de Boumerdes ont enclench\u00e9 la vitesse sup\u00e9rieure. Pas moins de 39 op\u00e9rations de d\u00e9veloppement ont \u00e9t\u00e9 officiellement lanc\u00e9es \u00e0 travers dix communes c\u00f4ti\u00e8res, pour un budget global de 1,5 milliard de dinars. L&rsquo;annonce a \u00e9t\u00e9 faite samedi \u00e0 l&rsquo;issue d&rsquo;un conseil ex\u00e9cutif de la wilaya consacr\u00e9 \u00e0 l&rsquo;examen de dossiers de d\u00e9veloppement. \u00ab Ce plan cible 45 plages \u00e0 travers 10 communes c\u00f4ti\u00e8res \u00bb, a pr\u00e9cis\u00e9 \u00e0 l\u2019APS Sofiane Bouhraoua, chef du service de gestion et de suivi du budget de la wilaya, en d\u00e9taillant l&rsquo;architecture d&rsquo;un programme qui ambitionne de transformer le visage du littoral de la wilaya avant l&rsquo;arriv\u00e9e des premiers baigneurs. Au c\u0153ur du dispositif figure l&rsquo;am\u00e9nagement de huit plages dites \u00ab mod\u00e8les \u00bb, dot\u00e9es d&rsquo;\u00e9quipements structurants le long du littoral, pour un montant de pr\u00e8s de 400 millions de dinars. Ces sites pilotes concentreront l&rsquo;essentiel des efforts de r\u00e9habilitation, d&rsquo;\u00e9quipement et de nettoyage pr\u00e9vus dans le plan. Parall\u00e8lement, la fa\u00e7ade de la Route nationale 24 longeant le littoral ainsi que les voies d&rsquo;acc\u00e8s aux plages feront l&rsquo;objet de travaux d&rsquo;am\u00e9nagement. \u00c9clairage public, sanitaires, points d&rsquo;eau potable, espaces commerciaux, restauration rapide et parkings : les services de base jug\u00e9s indispensables \u00e0 l&rsquo;accueil du public seront d\u00e9ploy\u00e9s sur l&rsquo;ensemble des sites concern\u00e9s.<\/p>\n\n\n\n<p>Le programme ne se limite pas aux seuls am\u00e9nagements physiques. Il int\u00e8gre \u00e9galement une dimension de gouvernance locale, avec un volet d\u00e9di\u00e9 \u00e0 l&rsquo;accompagnement des communes dans la gestion et la valorisation de leurs plages, ainsi qu&rsquo;un volet s\u00e9curitaire portant sur la lutte contre l&rsquo;exploitation ill\u00e9gale des espaces c\u00f4tiers. La mise \u00e0 niveau des zones urbaines entourant les plages, la pose de panneaux d&rsquo;information et d&rsquo;orientation, ainsi que la r\u00e9habilitation des structures de la Protection civile et de la Gendarmerie nationale d\u00e9ploy\u00e9es sur le littoral compl\u00e8tent ce volet. Fait notable, la wilaya entend \u00e9galement promouvoir le tourisme de montagne et de for\u00eat en cr\u00e9ant trois sites familiaux, valorisant des espaces naturels jusqu&rsquo;ici peu exploit\u00e9s \u00e0 des fins touristiques. Parmi les sites vis\u00e9s figurent la for\u00eat de Boukerdane dans la commune de Bouzegza Keddara, la \u00ab cascade des Gorges \u00bb \u00e0 Ammal, ainsi que la zone montagneuse de \u00ab Djoula \u00bb \u00e0 Kherrouba. Face \u00e0 l&rsquo;ampleur du chantier, la wali de Boumerdes, Fouzia Naama, a tenu \u00e0 rappeler ses exigences lors du conseil ex\u00e9cutif. \u00ab Il est imp\u00e9ratif de respecter les d\u00e9lais de r\u00e9alisation des projets programm\u00e9s, notamment l&rsquo;am\u00e9nagement du littoral ainsi que l&rsquo;ach\u00e8vement des travaux de r\u00e9habilitation des jardins publics, des places et espaces verts et des centres urbains des communes c\u00f4ti\u00e8res \u00bb, a-t-elle d\u00e9clar\u00e9, signalant que les retards ne seront pas tol\u00e9r\u00e9s \u00e0 l&rsquo;approche d&rsquo;une saison qui mobilise chaque ann\u00e9e des centaines de milliers de vacanciers venus de toute l&rsquo;Alg\u00e9rie.<\/p>\n\n\n\n<p><em>R.R.<\/em><\/p>\n","protected":false},"excerpt":{"rendered":"<p>La wilaya de Boumerdes lance 39 chantiers le long de ses 45 plages en vue d&rsquo;accueillir les estivants dans de<\/p>\n","protected":false},"author":6,"featured_media":83587,"comment_status":"open","ping_status":"closed","sticky":false,"template":"","format":"standard","meta":{"colormag_page_container_layout":"default_layout","colormag_page_sidebar_layout":"default_layout","om_disable_all_campaigns":false,"_monsterinsights_skip_tracking":false,"_monsterinsights_sitenote_active":false,"_monsterinsights_sitenote_note":"","_monsterinsights_sitenote_category":0,"footnotes":"","_wpscppro_dont_share_socialmedia":false,"_wpscppro_custom_social_share_image":0,"_facebook_share_type":"default","_twitter_share_type":"default","_linkedin_share_type":"default","_pinterest_share_type":"default","_linkedin_share_type_page":"","_instagram_share_type":"default","_medium_share_type":"default","_threads_share_type":"default","_google_business_share_type":"default","_selected_social_profile":[],"_wpsp_enable_custom_social_template":false,"_wpsp_social_scheduling":{"enabled":false,"datetime":null,"platforms":[],"status":"template_only","dateOption":"today","timeOption":"now","customDays":"","customHours":"","customDate":"","customTime":"","schedulingType":"absolute"},"_wpsp_active_default_template":true},"categories":[31],"tags":[],"class_list":["post-83586","post","type-post","status-publish","format-standard","has-post-thumbnail","hentry","category-regions"],"aioseo_notices":[],"yoast_head":"<!-- This site is optimized with the Yoast SEO plugin v27.5 - https:\/\/yoast.com\/product\/yoast-seo-wordpress\/ -->\n<title>Boumerdes\u00a0: 1,5 milliard de dinars mobilis\u00e9s pour pr\u00e9parer la saison estivale - La Sentinelle<\/title>\n<meta name=\"robots\" content=\"index, follow, max-snippet:-1, max-image-preview:large, max-video-preview:-1\" \/>\n<link rel=\"canonical\" href=\"https:\/\/lasentinelle.dz\/index.php\/2026\/03\/15\/boumerdes-15-milliard-de-dinars-mobilises-pour-preparer-la-saison-estivale\/\" \/>\n<meta property=\"og:locale\" content=\"fr_FR\" \/>\n<meta property=\"og:type\" content=\"article\" \/>\n<meta property=\"og:title\" content=\"Boumerdes\u00a0: 1,5 milliard de dinars mobilis\u00e9s pour pr\u00e9parer la saison estivale - La Sentinelle\" \/>\n<meta property=\"og:description\" content=\"La wilaya de Boumerdes lance 39 chantiers le long de ses 45 plages en vue d&rsquo;accueillir les estivants dans de\" \/>\n<meta property=\"og:url\" content=\"https:\/\/lasentinelle.dz\/index.php\/2026\/03\/15\/boumerdes-15-milliard-de-dinars-mobilises-pour-preparer-la-saison-estivale\/\" \/>\n<meta property=\"og:site_name\" content=\"La Sentinelle\" \/>\n<meta property=\"article:publisher\" content=\"https:\/\/www.facebook.com\/La-Sentinelle-104059864394773\" \/>\n<meta property=\"article:published_time\" content=\"2026-03-15T19:03:21+00:00\" \/>\n<meta property=\"article:modified_time\" content=\"2026-03-15T19:03:23+00:00\" \/>\n<meta property=\"og:image\" content=\"https:\/\/lasentinelle.dz\/wp-content\/uploads\/2026\/03\/plage-boumerdes.jpg\" \/>\n\t<meta property=\"og:image:width\" content=\"1600\" \/>\n\t<meta property=\"og:image:height\" content=\"1200\" \/>\n\t<meta property=\"og:image:type\" content=\"image\/jpeg\" \/>\n<meta name=\"author\" content=\"admin\" \/>\n<meta name=\"twitter:card\" content=\"summary_large_image\" \/>\n<meta name=\"twitter:label1\" content=\"\u00c9crit par\" \/>\n\t<meta name=\"twitter:data1\" content=\"admin\" \/>\n\t<meta name=\"twitter:label2\" content=\"Dur\u00e9e de lecture estim\u00e9e\" \/>\n\t<meta name=\"twitter:data2\" content=\"3 minutes\" \/>\n<script type=\"application\/ld+json\" class=\"yoast-schema-graph\">{\"@context\":\"https:\\\/\\\/schema.org\",\"@graph\":[{\"@type\":\"Article\",\"@id\":\"https:\\\/\\\/lasentinelle.dz\\\/index.php\\\/2026\\\/03\\\/15\\\/boumerdes-15-milliard-de-dinars-mobilises-pour-preparer-la-saison-estivale\\\/#article\",\"isPartOf\":{\"@id\":\"https:\\\/\\\/lasentinelle.dz\\\/index.php\\\/2026\\\/03\\\/15\\\/boumerdes-15-milliard-de-dinars-mobilises-pour-preparer-la-saison-estivale\\\/\"},\"author\":{\"name\":\"admin\",\"@id\":\"https:\\\/\\\/lasentinelle.dz\\\/#\\\/schema\\\/person\\\/729ee0024f24e0b8c5ec17232f8e8b41\"},\"headline\":\"Boumerdes\u00a0: 1,5 milliard de dinars mobilis\u00e9s pour pr\u00e9parer la saison estivale\",\"datePublished\":\"2026-03-15T19:03:21+00:00\",\"dateModified\":\"2026-03-15T19:03:23+00:00\",\"mainEntityOfPage\":{\"@id\":\"https:\\\/\\\/lasentinelle.dz\\\/index.php\\\/2026\\\/03\\\/15\\\/boumerdes-15-milliard-de-dinars-mobilises-pour-preparer-la-saison-estivale\\\/\"},\"wordCount\":560,\"commentCount\":0,\"publisher\":{\"@id\":\"https:\\\/\\\/lasentinelle.dz\\\/#organization\"},\"image\":{\"@id\":\"https:\\\/\\\/lasentinelle.dz\\\/index.php\\\/2026\\\/03\\\/15\\\/boumerdes-15-milliard-de-dinars-mobilises-pour-preparer-la-saison-estivale\\\/#primaryimage\"},\"thumbnailUrl\":\"https:\\\/\\\/lasentinelle.dz\\\/wp-content\\\/uploads\\\/2026\\\/03\\\/plage-boumerdes.jpg\",\"articleSection\":[\"R\u00e9gions\"],\"inLanguage\":\"fr-FR\",\"potentialAction\":[{\"@type\":\"CommentAction\",\"name\":\"Comment\",\"target\":[\"https:\\\/\\\/lasentinelle.dz\\\/index.php\\\/2026\\\/03\\\/15\\\/boumerdes-15-milliard-de-dinars-mobilises-pour-preparer-la-saison-estivale\\\/#respond\"]}]},{\"@type\":\"WebPage\",\"@id\":\"https:\\\/\\\/lasentinelle.dz\\\/index.php\\\/2026\\\/03\\\/15\\\/boumerdes-15-milliard-de-dinars-mobilises-pour-preparer-la-saison-estivale\\\/\",\"url\":\"https:\\\/\\\/lasentinelle.dz\\\/index.php\\\/2026\\\/03\\\/15\\\/boumerdes-15-milliard-de-dinars-mobilises-pour-preparer-la-saison-estivale\\\/\",\"name\":\"Boumerdes\u00a0: 1,5 milliard de dinars mobilis\u00e9s pour pr\u00e9parer la saison estivale - La Sentinelle\",\"isPartOf\":{\"@id\":\"https:\\\/\\\/lasentinelle.dz\\\/#website\"},\"primaryImageOfPage\":{\"@id\":\"https:\\\/\\\/lasentinelle.dz\\\/index.php\\\/2026\\\/03\\\/15\\\/boumerdes-15-milliard-de-dinars-mobilises-pour-preparer-la-saison-estivale\\\/#primaryimage\"},\"image\":{\"@id\":\"https:\\\/\\\/lasentinelle.dz\\\/index.php\\\/2026\\\/03\\\/15\\\/boumerdes-15-milliard-de-dinars-mobilises-pour-preparer-la-saison-estivale\\\/#primaryimage\"},\"thumbnailUrl\":\"https:\\\/\\\/lasentinelle.dz\\\/wp-content\\\/uploads\\\/2026\\\/03\\\/plage-boumerdes.jpg\",\"datePublished\":\"2026-03-15T19:03:21+00:00\",\"dateModified\":\"2026-03-15T19:03:23+00:00\",\"breadcrumb\":{\"@id\":\"https:\\\/\\\/lasentinelle.dz\\\/index.php\\\/2026\\\/03\\\/15\\\/boumerdes-15-milliard-de-dinars-mobilises-pour-preparer-la-saison-estivale\\\/#breadcrumb\"},\"inLanguage\":\"fr-FR\",\"potentialAction\":[{\"@type\":\"ReadAction\",\"target\":[\"https:\\\/\\\/lasentinelle.dz\\\/index.php\\\/2026\\\/03\\\/15\\\/boumerdes-15-milliard-de-dinars-mobilises-pour-preparer-la-saison-estivale\\\/\"]}]},{\"@type\":\"ImageObject\",\"inLanguage\":\"fr-FR\",\"@id\":\"https:\\\/\\\/lasentinelle.dz\\\/index.php\\\/2026\\\/03\\\/15\\\/boumerdes-15-milliard-de-dinars-mobilises-pour-preparer-la-saison-estivale\\\/#primaryimage\",\"url\":\"https:\\\/\\\/lasentinelle.dz\\\/wp-content\\\/uploads\\\/2026\\\/03\\\/plage-boumerdes.jpg\",\"contentUrl\":\"https:\\\/\\\/lasentinelle.dz\\\/wp-content\\\/uploads\\\/2026\\\/03\\\/plage-boumerdes.jpg\",\"width\":1600,\"height\":1200},{\"@type\":\"BreadcrumbList\",\"@id\":\"https:\\\/\\\/lasentinelle.dz\\\/index.php\\\/2026\\\/03\\\/15\\\/boumerdes-15-milliard-de-dinars-mobilises-pour-preparer-la-saison-estivale\\\/#breadcrumb\",\"itemListElement\":[{\"@type\":\"ListItem\",\"position\":1,\"name\":\"Accueil\",\"item\":\"https:\\\/\\\/lasentinelle.dz\\\/\"},{\"@type\":\"ListItem\",\"position\":2,\"name\":\"Boumerdes\u00a0: 1,5 milliard de dinars mobilis\u00e9s pour pr\u00e9parer la saison estivale\"}]},{\"@type\":\"WebSite\",\"@id\":\"https:\\\/\\\/lasentinelle.dz\\\/#website\",\"url\":\"https:\\\/\\\/lasentinelle.dz\\\/\",\"name\":\"La Sentinelle\",\"description\":\"Quotidien national d&#039;information\",\"publisher\":{\"@id\":\"https:\\\/\\\/lasentinelle.dz\\\/#organization\"},\"potentialAction\":[{\"@type\":\"SearchAction\",\"target\":{\"@type\":\"EntryPoint\",\"urlTemplate\":\"https:\\\/\\\/lasentinelle.dz\\\/?s={search_term_string}\"},\"query-input\":{\"@type\":\"PropertyValueSpecification\",\"valueRequired\":true,\"valueName\":\"search_term_string\"}}],\"inLanguage\":\"fr-FR\"},{\"@type\":\"Organization\",\"@id\":\"https:\\\/\\\/lasentinelle.dz\\\/#organization\",\"name\":\"Quotidien La Sentinelle\",\"url\":\"https:\\\/\\\/lasentinelle.dz\\\/\",\"logo\":{\"@type\":\"ImageObject\",\"inLanguage\":\"fr-FR\",\"@id\":\"https:\\\/\\\/lasentinelle.dz\\\/#\\\/schema\\\/logo\\\/image\\\/\",\"url\":\"https:\\\/\\\/lasentinelle.dz\\\/wp-content\\\/uploads\\\/2021\\\/09\\\/logo-sentinelleSLOGAN-1.png\",\"contentUrl\":\"https:\\\/\\\/lasentinelle.dz\\\/wp-content\\\/uploads\\\/2021\\\/09\\\/logo-sentinelleSLOGAN-1.png\",\"width\":615,\"height\":142,\"caption\":\"Quotidien La Sentinelle\"},\"image\":{\"@id\":\"https:\\\/\\\/lasentinelle.dz\\\/#\\\/schema\\\/logo\\\/image\\\/\"},\"sameAs\":[\"https:\\\/\\\/www.facebook.com\\\/La-Sentinelle-104059864394773\"]},{\"@type\":\"Person\",\"@id\":\"https:\\\/\\\/lasentinelle.dz\\\/#\\\/schema\\\/person\\\/729ee0024f24e0b8c5ec17232f8e8b41\",\"name\":\"admin\",\"image\":{\"@type\":\"ImageObject\",\"inLanguage\":\"fr-FR\",\"@id\":\"https:\\\/\\\/secure.gravatar.com\\\/avatar\\\/4c81fed838786e9b53f540bf46533e750f5d292099ae3b66cfc6fb1982e29df7?s=96&d=mm&r=g\",\"url\":\"https:\\\/\\\/secure.gravatar.com\\\/avatar\\\/4c81fed838786e9b53f540bf46533e750f5d292099ae3b66cfc6fb1982e29df7?s=96&d=mm&r=g\",\"contentUrl\":\"https:\\\/\\\/secure.gravatar.com\\\/avatar\\\/4c81fed838786e9b53f540bf46533e750f5d292099ae3b66cfc6fb1982e29df7?s=96&d=mm&r=g\",\"caption\":\"admin\"},\"description\":\"admin\",\"url\":\"https:\\\/\\\/lasentinelle.dz\\\/author\\\/admin\\\/\"}]}<\/script>\n<!-- \/ Yoast SEO plugin. -->","yoast_head_json":{"title":"Boumerdes\u00a0: 1,5 milliard de dinars mobilis\u00e9s pour pr\u00e9parer la saison estivale - La Sentinelle","robots":{"index":"index","follow":"follow","max-snippet":"max-snippet:-1","max-image-preview":"max-image-preview:large","max-video-preview":"max-video-preview:-1"},"canonical":"https:\/\/lasentinelle.dz\/index.php\/2026\/03\/15\/boumerdes-15-milliard-de-dinars-mobilises-pour-preparer-la-saison-estivale\/","og_locale":"fr_FR","og_type":"article","og_title":"Boumerdes\u00a0: 1,5 milliard de dinars mobilis\u00e9s pour pr\u00e9parer la saison estivale - La Sentinelle","og_description":"La wilaya de Boumerdes lance 39 chantiers le long de ses 45 plages en vue d&rsquo;accueillir les estivants dans de","og_url":"https:\/\/lasentinelle.dz\/index.php\/2026\/03\/15\/boumerdes-15-milliard-de-dinars-mobilises-pour-preparer-la-saison-estivale\/","og_site_name":"La Sentinelle","article_publisher":"https:\/\/www.facebook.com\/La-Sentinelle-104059864394773","article_published_time":"2026-03-15T19:03:21+00:00","article_modified_time":"2026-03-15T19:03:23+00:00","og_image":[{"width":1600,"height":1200,"url":"https:\/\/lasentinelle.dz\/wp-content\/uploads\/2026\/03\/plage-boumerdes.jpg","type":"image\/jpeg"}],"author":"admin","twitter_card":"summary_large_image","twitter_misc":{"\u00c9crit par":"admin","Dur\u00e9e de lecture estim\u00e9e":"3 minutes"},"schema":{"@context":"https:\/\/schema.org","@graph":[{"@type":"Article","@id":"https:\/\/lasentinelle.dz\/index.php\/2026\/03\/15\/boumerdes-15-milliard-de-dinars-mobilises-pour-preparer-la-saison-estivale\/#article","isPartOf":{"@id":"https:\/\/lasentinelle.dz\/index.php\/2026\/03\/15\/boumerdes-15-milliard-de-dinars-mobilises-pour-preparer-la-saison-estivale\/"},"author":{"name":"admin","@id":"https:\/\/lasentinelle.dz\/#\/schema\/person\/729ee0024f24e0b8c5ec17232f8e8b41"},"headline":"Boumerdes\u00a0: 1,5 milliard de dinars mobilis\u00e9s pour pr\u00e9parer la saison estivale","datePublished":"2026-03-15T19:03:21+00:00","dateModified":"2026-03-15T19:03:23+00:00","mainEntityOfPage":{"@id":"https:\/\/lasentinelle.dz\/index.php\/2026\/03\/15\/boumerdes-15-milliard-de-dinars-mobilises-pour-preparer-la-saison-estivale\/"},"wordCount":560,"commentCount":0,"publisher":{"@id":"https:\/\/lasentinelle.dz\/#organization"},"image":{"@id":"https:\/\/lasentinelle.dz\/index.php\/2026\/03\/15\/boumerdes-15-milliard-de-dinars-mobilises-pour-preparer-la-saison-estivale\/#primaryimage"},"thumbnailUrl":"https:\/\/lasentinelle.dz\/wp-content\/uploads\/2026\/03\/plage-boumerdes.jpg","articleSection":["R\u00e9gions"],"inLanguage":"fr-FR","potentialAction":[{"@type":"CommentAction","name":"Comment","target":["https:\/\/lasentinelle.dz\/index.php\/2026\/03\/15\/boumerdes-15-milliard-de-dinars-mobilises-pour-preparer-la-saison-estivale\/#respond"]}]},{"@type":"WebPage","@id":"https:\/\/lasentinelle.dz\/index.php\/2026\/03\/15\/boumerdes-15-milliard-de-dinars-mobilises-pour-preparer-la-saison-estivale\/","url":"https:\/\/lasentinelle.dz\/index.php\/2026\/03\/15\/boumerdes-15-milliard-de-dinars-mobilises-pour-preparer-la-saison-estivale\/","name":"Boumerdes\u00a0: 1,5 milliard de dinars mobilis\u00e9s pour pr\u00e9parer la saison estivale - La Sentinelle","isPartOf":{"@id":"https:\/\/lasentinelle.dz\/#website"},"primaryImageOfPage":{"@id":"https:\/\/lasentinelle.dz\/index.php\/2026\/03\/15\/boumerdes-15-milliard-de-dinars-mobilises-pour-preparer-la-saison-estivale\/#primaryimage"},"image":{"@id":"https:\/\/lasentinelle.dz\/index.php\/2026\/03\/15\/boumerdes-15-milliard-de-dinars-mobilises-pour-preparer-la-saison-estivale\/#primaryimage"},"thumbnailUrl":"https:\/\/lasentinelle.dz\/wp-content\/uploads\/2026\/03\/plage-boumerdes.jpg","datePublished":"2026-03-15T19:03:21+00:00","dateModified":"2026-03-15T19:03:23+00:00","breadcrumb":{"@id":"https:\/\/lasentinelle.dz\/index.php\/2026\/03\/15\/boumerdes-15-milliard-de-dinars-mobilises-pour-preparer-la-saison-estivale\/#breadcrumb"},"inLanguage":"fr-FR","potentialAction":[{"@type":"ReadAction","target":["https:\/\/lasentinelle.dz\/index.php\/2026\/03\/15\/boumerdes-15-milliard-de-dinars-mobilises-pour-preparer-la-saison-estivale\/"]}]},{"@type":"ImageObject","inLanguage":"fr-FR","@id":"https:\/\/lasentinelle.dz\/index.php\/2026\/03\/15\/boumerdes-15-milliard-de-dinars-mobilises-pour-preparer-la-saison-estivale\/#primaryimage","url":"https:\/\/lasentinelle.dz\/wp-content\/uploads\/2026\/03\/plage-boumerdes.jpg","contentUrl":"https:\/\/lasentinelle.dz\/wp-content\/uploads\/2026\/03\/plage-boumerdes.jpg","width":1600,"height":1200},{"@type":"BreadcrumbList","@id":"https:\/\/lasentinelle.dz\/index.php\/2026\/03\/15\/boumerdes-15-milliard-de-dinars-mobilises-pour-preparer-la-saison-estivale\/#breadcrumb","itemListElement":[{"@type":"ListItem","position":1,"name":"Accueil","item":"https:\/\/lasentinelle.dz\/"},{"@type":"ListItem","position":2,"name":"Boumerdes\u00a0: 1,5 milliard de dinars mobilis\u00e9s pour pr\u00e9parer la saison estivale"}]},{"@type":"WebSite","@id":"https:\/\/lasentinelle.dz\/#website","url":"https:\/\/lasentinelle.dz\/","name":"La Sentinelle","description":"Quotidien national d&#039;information","publisher":{"@id":"https:\/\/lasentinelle.dz\/#organization"},"potentialAction":[{"@type":"SearchAction","target":{"@type":"EntryPoint","urlTemplate":"https:\/\/lasentinelle.dz\/?s={search_term_string}"},"query-input":{"@type":"PropertyValueSpecification","valueRequired":true,"valueName":"search_term_string"}}],"inLanguage":"fr-FR"},{"@type":"Organization","@id":"https:\/\/lasentinelle.dz\/#organization","name":"Quotidien La Sentinelle","url":"https:\/\/lasentinelle.dz\/","logo":{"@type":"ImageObject","inLanguage":"fr-FR","@id":"https:\/\/lasentinelle.dz\/#\/schema\/logo\/image\/","url":"https:\/\/lasentinelle.dz\/wp-content\/uploads\/2021\/09\/logo-sentinelleSLOGAN-1.png","contentUrl":"https:\/\/lasentinelle.dz\/wp-content\/uploads\/2021\/09\/logo-sentinelleSLOGAN-1.png","width":615,"height":142,"caption":"Quotidien La Sentinelle"},"image":{"@id":"https:\/\/lasentinelle.dz\/#\/schema\/logo\/image\/"},"sameAs":["https:\/\/www.facebook.com\/La-Sentinelle-104059864394773"]},{"@type":"Person","@id":"https:\/\/lasentinelle.dz\/#\/schema\/person\/729ee0024f24e0b8c5ec17232f8e8b41","name":"admin","image":{"@type":"ImageObject","inLanguage":"fr-FR","@id":"https:\/\/secure.gravatar.com\/avatar\/4c81fed838786e9b53f540bf46533e750f5d292099ae3b66cfc6fb1982e29df7?s=96&d=mm&r=g","url":"https:\/\/secure.gravatar.com\/avatar\/4c81fed838786e9b53f540bf46533e750f5d292099ae3b66cfc6fb1982e29df7?s=96&d=mm&r=g","contentUrl":"https:\/\/secure.gravatar.com\/avatar\/4c81fed838786e9b53f540bf46533e750f5d292099ae3b66cfc6fb1982e29df7?s=96&d=mm&r=g","caption":"admin"},"description":"admin","url":"https:\/\/lasentinelle.dz\/author\/admin\/"}]}},"_links":{"self":[{"href":"https:\/\/lasentinelle.dz\/index.php\/wp-json\/wp\/v2\/posts\/83586","targetHints":{"allow":["GET"]}}],"collection":[{"href":"https:\/\/lasentinelle.dz\/index.php\/wp-json\/wp\/v2\/posts"}],"about":[{"href":"https:\/\/lasentinelle.dz\/index.php\/wp-json\/wp\/v2\/types\/post"}],"author":[{"embeddable":true,"href":"https:\/\/lasentinelle.dz\/index.php\/wp-json\/wp\/v2\/users\/6"}],"replies":[{"embeddable":true,"href":"https:\/\/lasentinelle.dz\/index.php\/wp-json\/wp\/v2\/comments?post=83586"}],"version-history":[{"count":1,"href":"https:\/\/lasentinelle.dz\/index.php\/wp-json\/wp\/v2\/posts\/83586\/revisions"}],"predecessor-version":[{"id":83588,"href":"https:\/\/lasentinelle.dz\/index.php\/wp-json\/wp\/v2\/posts\/83586\/revisions\/83588"}],"wp:featuredmedia":[{"embeddable":true,"href":"https:\/\/lasentinelle.dz\/index.php\/wp-json\/wp\/v2\/media\/83587"}],"wp:attachment":[{"href":"https:\/\/lasentinelle.dz\/index.php\/wp-json\/wp\/v2\/media?parent=83586"}],"wp:term":[{"taxonomy":"category","embeddable":true,"href":"https:\/\/lasentinelle.dz\/index.php\/wp-json\/wp\/v2\/categories?post=83586"},{"taxonomy":"post_tag","embeddable":true,"href":"https:\/\/lasentinelle.dz\/index.php\/wp-json\/wp\/v2\/tags?post=83586"}],"curies":[{"name":"wp","href":"https:\/\/api.w.org\/{rel}","templated":true}]}}