{"id":83592,"date":"2026-03-15T20:05:33","date_gmt":"2026-03-15T19:05:33","guid":{"rendered":"https:\/\/lasentinelle.dz\/?p=83592"},"modified":"2026-03-15T20:05:34","modified_gmt":"2026-03-15T19:05:34","slug":"droits-des-personnes-handicapees-mouloudji-annonce-de-nouvelles-mesures-dintegration","status":"publish","type":"post","link":"https:\/\/lasentinelle.dz\/index.php\/2026\/03\/15\/droits-des-personnes-handicapees-mouloudji-annonce-de-nouvelles-mesures-dintegration\/","title":{"rendered":"Droits des personnes handicap\u00e9es\u00a0: Mouloudji annonce de nouvelles mesures d&rsquo;int\u00e9gration"},"content":{"rendered":"\n<p>\u00c0 l&rsquo;occasion de la Journ\u00e9e nationale des personnes \u00e0 besoins sp\u00e9cifiques, la ministre de la Solidarit\u00e9 nationale a effectu\u00e9 une visite de deux jours \u00e0 Souk Ahras, marqu\u00e9e par plusieurs actes concrets en faveur de l&rsquo;insertion sociale et professionnelle des personnes en situation de handicap. Soraya Mouloudji \u00e9tait \u00e0 Souk Ahras ce week-end pour la comm\u00e9moration de la Journ\u00e9e nationale des personnes \u00e0 besoins sp\u00e9cifiques, c\u00e9l\u00e9br\u00e9e chaque 14 mars. Dans une allocution prononc\u00e9e dimanche \u00e0 la salle de conf\u00e9rences Miloud-Tahri, la ministre a dress\u00e9 un bilan des avanc\u00e9es r\u00e9centes et trac\u00e9 les contours d&rsquo;une politique publique qui entend faire de l&rsquo;int\u00e9gration des personnes handicap\u00e9es une priorit\u00e9 durable. Le gouvernement, a-t-elle rappel\u00e9, \u00ab a donn\u00e9 la priorit\u00e9 \u00e0 la promotion et \u00e0 l&rsquo;am\u00e9lioration de la prise en charge de cette frange sociale en \u00e9laborant, \u00e0 leur intention, des programmes adapt\u00e9s \u00e0 leurs sp\u00e9cificit\u00e9s et \u00e0 leurs capacit\u00e9s physiques, intellectuelles et cognitives \u00bb. Cette orientation s&rsquo;inscrit dans le plan d&rsquo;action gouvernemental issu du programme du pr\u00e9sident Abdelmadjid Tebboune. Parmi les avanc\u00e9es annonc\u00e9es, Mme Mouloudji a mis en avant la publication, d\u00e9but 2026, d&rsquo;un texte r\u00e9glementaire relatif \u00e0 la cr\u00e9ation, l&rsquo;organisation et la gestion des \u00e9tablissements d&rsquo;aide par le travail, plac\u00e9s sous tutelle de son minist\u00e8re. Ces structures sont destin\u00e9es aux personnes dont le handicap ne permet pas une insertion en milieu ordinaire, leur offrant la possibilit\u00e9 d&rsquo;exercer une activit\u00e9 professionnelle dans un environnement adapt\u00e9 et prot\u00e9g\u00e9. La ministre a \u00e9galement annonc\u00e9 que son d\u00e9partement \u00ab travaille \u00e0 l&rsquo;\u00e9laboration d&rsquo;un ensemble de textes r\u00e9glementaires li\u00e9s \u00e0 la loi n\u00b0 01-25 relative aux personnes \u00e0 besoins sp\u00e9cifiques \u00bb, pr\u00e9voyant notamment des facilit\u00e9s pour l&rsquo;ouverture de classes sp\u00e9ciales en milieu scolaire ordinaire. Ces textes ouvriront aussi la voie au secteur priv\u00e9 pour cr\u00e9er des \u00e9tablissements d&rsquo;enseignement et de formation sp\u00e9cialis\u00e9s, et permettront d&rsquo;activer les comit\u00e9s de wilaya pour l&rsquo;\u00e9ducation sp\u00e9cialis\u00e9e. Ils pr\u00e9voient en outre la d\u00e9livrance de certificats de reconnaissance de la qualit\u00e9 de travailleur handicap\u00e9, s\u00e9same indispensable \u00e0 l&rsquo;int\u00e9gration professionnelle en milieu ordinaire. L&rsquo;objectif affich\u00e9 est de permettre aux personnes concern\u00e9es de \u00ab vivre de mani\u00e8re autonome \u00bb et de leur \u00ab garantir une v\u00e9ritable int\u00e9gration dans tous les aspects de la vie \u00bb, selon les termes de la ministre, qui a insist\u00e9 sur la coh\u00e9rence de cette d\u00e9marche avec \u00ab l&rsquo;engagement de l&rsquo;\u00c9tat \u00e0 prot\u00e9ger et \u00e0 promouvoir les droits de cette cat\u00e9gorie dans le cadre d&rsquo;un programme national d&rsquo;int\u00e9gration sociale et professionnelle \u00bb. La visite a aussi \u00e9t\u00e9 ponctu\u00e9e d&rsquo;actes symboliques et op\u00e9rationnels. Mme Mouloudji a donn\u00e9 le coup d&rsquo;envoi d&rsquo;une caravane de solidarit\u00e9 destin\u00e9e aux personnes \u00e2g\u00e9es et \u00e0 besoins sp\u00e9cifiques, supervis\u00e9 la signature d&rsquo;une convention de partenariat entre la Direction de l&rsquo;action sociale de Souk Ahras et la Chambre de l&rsquo;artisanat et des m\u00e9tiers, visant \u00e0 former des femmes productives dans diverses sp\u00e9cialit\u00e9s artisanales. Elle a \u00e9galement pr\u00e9sid\u00e9 \u00e0 l&rsquo;installation de quinze travailleurs handicap\u00e9s dans des postes permanents au sein du secteur de l&rsquo;\u00e9ducation, geste concret illustrant la port\u00e9e pratique des engagements annonc\u00e9s. En marge de ces activit\u00e9s officielles, la ministre a visit\u00e9 une exposition de produits r\u00e9alis\u00e9s dans le cadre du programme \u00ab Famille productive \u00bb, soulignant l&rsquo;importance de soutenir les initiatives locales g\u00e9n\u00e9ratrices de revenus, notamment pour les femmes. La journ\u00e9e devait s&rsquo;achever par un Iftar collectif r\u00e9unissant les r\u00e9sidents des \u00e9tablissements sp\u00e9cialis\u00e9s de la wilaya.<\/p>\n\n\n\n<p>Lyna Larbi<\/p>\n","protected":false},"excerpt":{"rendered":"<p>\u00c0 l&rsquo;occasion de la Journ\u00e9e nationale des personnes \u00e0 besoins sp\u00e9cifiques, la ministre de la Solidarit\u00e9 nationale a effectu\u00e9 une<\/p>\n","protected":false},"author":6,"featured_media":45630,"comment_status":"open","ping_status":"closed","sticky":false,"template":"","format":"standard","meta":{"colormag_page_container_layout":"default_layout","colormag_page_sidebar_layout":"default_layout","om_disable_all_campaigns":false,"_monsterinsights_skip_tracking":false,"_monsterinsights_sitenote_active":false,"_monsterinsights_sitenote_note":"","_monsterinsights_sitenote_category":0,"footnotes":"","_wpscppro_dont_share_socialmedia":false,"_wpscppro_custom_social_share_image":0,"_facebook_share_type":"default","_twitter_share_type":"default","_linkedin_share_type":"default","_pinterest_share_type":"default","_linkedin_share_type_page":"","_instagram_share_type":"default","_medium_share_type":"default","_threads_share_type":"default","_google_business_share_type":"default","_selected_social_profile":[],"_wpsp_enable_custom_social_template":false,"_wpsp_social_scheduling":{"enabled":false,"datetime":null,"platforms":[],"status":"template_only","dateOption":"today","timeOption":"now","customDays":"","customHours":"","customDate":"","customTime":"","schedulingType":"absolute"},"_wpsp_active_default_template":true},"categories":[27],"tags":[],"class_list":["post-83592","post","type-post","status-publish","format-standard","has-post-thumbnail","hentry","category-actualite"],"aioseo_notices":[],"yoast_head":"<!-- This site is optimized with the Yoast SEO plugin v27.5 - https:\/\/yoast.com\/product\/yoast-seo-wordpress\/ -->\n<title>Droits des personnes handicap\u00e9es\u00a0: Mouloudji annonce de nouvelles mesures d&rsquo;int\u00e9gration - La Sentinelle<\/title>\n<meta name=\"robots\" content=\"index, follow, max-snippet:-1, max-image-preview:large, max-video-preview:-1\" \/>\n<link rel=\"canonical\" href=\"https:\/\/lasentinelle.dz\/index.php\/2026\/03\/15\/droits-des-personnes-handicapees-mouloudji-annonce-de-nouvelles-mesures-dintegration\/\" \/>\n<meta property=\"og:locale\" content=\"fr_FR\" \/>\n<meta property=\"og:type\" content=\"article\" \/>\n<meta property=\"og:title\" content=\"Droits des personnes handicap\u00e9es\u00a0: Mouloudji annonce de nouvelles mesures d&rsquo;int\u00e9gration - La Sentinelle\" \/>\n<meta property=\"og:description\" content=\"\u00c0 l&rsquo;occasion de la Journ\u00e9e nationale des personnes \u00e0 besoins sp\u00e9cifiques, la ministre de la Solidarit\u00e9 nationale a effectu\u00e9 une\" \/>\n<meta property=\"og:url\" content=\"https:\/\/lasentinelle.dz\/index.php\/2026\/03\/15\/droits-des-personnes-handicapees-mouloudji-annonce-de-nouvelles-mesures-dintegration\/\" \/>\n<meta property=\"og:site_name\" content=\"La Sentinelle\" \/>\n<meta property=\"article:publisher\" content=\"https:\/\/www.facebook.com\/La-Sentinelle-104059864394773\" \/>\n<meta property=\"article:published_time\" content=\"2026-03-15T19:05:33+00:00\" \/>\n<meta property=\"article:modified_time\" content=\"2026-03-15T19:05:34+00:00\" \/>\n<meta property=\"og:image\" content=\"https:\/\/lasentinelle.dz\/wp-content\/uploads\/2023\/09\/handicape.jpeg\" \/>\n\t<meta property=\"og:image:width\" content=\"580\" \/>\n\t<meta property=\"og:image:height\" content=\"350\" \/>\n\t<meta property=\"og:image:type\" content=\"image\/jpeg\" \/>\n<meta name=\"author\" content=\"admin\" \/>\n<meta name=\"twitter:card\" content=\"summary_large_image\" \/>\n<meta name=\"twitter:label1\" content=\"\u00c9crit par\" \/>\n\t<meta name=\"twitter:data1\" content=\"admin\" \/>\n\t<meta name=\"twitter:label2\" content=\"Dur\u00e9e de lecture estim\u00e9e\" \/>\n\t<meta name=\"twitter:data2\" content=\"3 minutes\" \/>\n<script type=\"application\/ld+json\" class=\"yoast-schema-graph\">{\"@context\":\"https:\\\/\\\/schema.org\",\"@graph\":[{\"@type\":\"Article\",\"@id\":\"https:\\\/\\\/lasentinelle.dz\\\/index.php\\\/2026\\\/03\\\/15\\\/droits-des-personnes-handicapees-mouloudji-annonce-de-nouvelles-mesures-dintegration\\\/#article\",\"isPartOf\":{\"@id\":\"https:\\\/\\\/lasentinelle.dz\\\/index.php\\\/2026\\\/03\\\/15\\\/droits-des-personnes-handicapees-mouloudji-annonce-de-nouvelles-mesures-dintegration\\\/\"},\"author\":{\"name\":\"admin\",\"@id\":\"https:\\\/\\\/lasentinelle.dz\\\/#\\\/schema\\\/person\\\/729ee0024f24e0b8c5ec17232f8e8b41\"},\"headline\":\"Droits des personnes handicap\u00e9es\u00a0: Mouloudji annonce de nouvelles mesures d&rsquo;int\u00e9gration\",\"datePublished\":\"2026-03-15T19:05:33+00:00\",\"dateModified\":\"2026-03-15T19:05:34+00:00\",\"mainEntityOfPage\":{\"@id\":\"https:\\\/\\\/lasentinelle.dz\\\/index.php\\\/2026\\\/03\\\/15\\\/droits-des-personnes-handicapees-mouloudji-annonce-de-nouvelles-mesures-dintegration\\\/\"},\"wordCount\":640,\"commentCount\":0,\"publisher\":{\"@id\":\"https:\\\/\\\/lasentinelle.dz\\\/#organization\"},\"image\":{\"@id\":\"https:\\\/\\\/lasentinelle.dz\\\/index.php\\\/2026\\\/03\\\/15\\\/droits-des-personnes-handicapees-mouloudji-annonce-de-nouvelles-mesures-dintegration\\\/#primaryimage\"},\"thumbnailUrl\":\"https:\\\/\\\/lasentinelle.dz\\\/wp-content\\\/uploads\\\/2023\\\/09\\\/handicape.jpeg\",\"articleSection\":[\"Actualit\u00e9\"],\"inLanguage\":\"fr-FR\",\"potentialAction\":[{\"@type\":\"CommentAction\",\"name\":\"Comment\",\"target\":[\"https:\\\/\\\/lasentinelle.dz\\\/index.php\\\/2026\\\/03\\\/15\\\/droits-des-personnes-handicapees-mouloudji-annonce-de-nouvelles-mesures-dintegration\\\/#respond\"]}]},{\"@type\":\"WebPage\",\"@id\":\"https:\\\/\\\/lasentinelle.dz\\\/index.php\\\/2026\\\/03\\\/15\\\/droits-des-personnes-handicapees-mouloudji-annonce-de-nouvelles-mesures-dintegration\\\/\",\"url\":\"https:\\\/\\\/lasentinelle.dz\\\/index.php\\\/2026\\\/03\\\/15\\\/droits-des-personnes-handicapees-mouloudji-annonce-de-nouvelles-mesures-dintegration\\\/\",\"name\":\"Droits des personnes handicap\u00e9es\u00a0: Mouloudji annonce de nouvelles mesures d&rsquo;int\u00e9gration - La Sentinelle\",\"isPartOf\":{\"@id\":\"https:\\\/\\\/lasentinelle.dz\\\/#website\"},\"primaryImageOfPage\":{\"@id\":\"https:\\\/\\\/lasentinelle.dz\\\/index.php\\\/2026\\\/03\\\/15\\\/droits-des-personnes-handicapees-mouloudji-annonce-de-nouvelles-mesures-dintegration\\\/#primaryimage\"},\"image\":{\"@id\":\"https:\\\/\\\/lasentinelle.dz\\\/index.php\\\/2026\\\/03\\\/15\\\/droits-des-personnes-handicapees-mouloudji-annonce-de-nouvelles-mesures-dintegration\\\/#primaryimage\"},\"thumbnailUrl\":\"https:\\\/\\\/lasentinelle.dz\\\/wp-content\\\/uploads\\\/2023\\\/09\\\/handicape.jpeg\",\"datePublished\":\"2026-03-15T19:05:33+00:00\",\"dateModified\":\"2026-03-15T19:05:34+00:00\",\"breadcrumb\":{\"@id\":\"https:\\\/\\\/lasentinelle.dz\\\/index.php\\\/2026\\\/03\\\/15\\\/droits-des-personnes-handicapees-mouloudji-annonce-de-nouvelles-mesures-dintegration\\\/#breadcrumb\"},\"inLanguage\":\"fr-FR\",\"potentialAction\":[{\"@type\":\"ReadAction\",\"target\":[\"https:\\\/\\\/lasentinelle.dz\\\/index.php\\\/2026\\\/03\\\/15\\\/droits-des-personnes-handicapees-mouloudji-annonce-de-nouvelles-mesures-dintegration\\\/\"]}]},{\"@type\":\"ImageObject\",\"inLanguage\":\"fr-FR\",\"@id\":\"https:\\\/\\\/lasentinelle.dz\\\/index.php\\\/2026\\\/03\\\/15\\\/droits-des-personnes-handicapees-mouloudji-annonce-de-nouvelles-mesures-dintegration\\\/#primaryimage\",\"url\":\"https:\\\/\\\/lasentinelle.dz\\\/wp-content\\\/uploads\\\/2023\\\/09\\\/handicape.jpeg\",\"contentUrl\":\"https:\\\/\\\/lasentinelle.dz\\\/wp-content\\\/uploads\\\/2023\\\/09\\\/handicape.jpeg\",\"width\":580,\"height\":350},{\"@type\":\"BreadcrumbList\",\"@id\":\"https:\\\/\\\/lasentinelle.dz\\\/index.php\\\/2026\\\/03\\\/15\\\/droits-des-personnes-handicapees-mouloudji-annonce-de-nouvelles-mesures-dintegration\\\/#breadcrumb\",\"itemListElement\":[{\"@type\":\"ListItem\",\"position\":1,\"name\":\"Accueil\",\"item\":\"https:\\\/\\\/lasentinelle.dz\\\/\"},{\"@type\":\"ListItem\",\"position\":2,\"name\":\"Droits des personnes handicap\u00e9es\u00a0: Mouloudji annonce de nouvelles mesures d&rsquo;int\u00e9gration\"}]},{\"@type\":\"WebSite\",\"@id\":\"https:\\\/\\\/lasentinelle.dz\\\/#website\",\"url\":\"https:\\\/\\\/lasentinelle.dz\\\/\",\"name\":\"La Sentinelle\",\"description\":\"Quotidien national d&#039;information\",\"publisher\":{\"@id\":\"https:\\\/\\\/lasentinelle.dz\\\/#organization\"},\"potentialAction\":[{\"@type\":\"SearchAction\",\"target\":{\"@type\":\"EntryPoint\",\"urlTemplate\":\"https:\\\/\\\/lasentinelle.dz\\\/?s={search_term_string}\"},\"query-input\":{\"@type\":\"PropertyValueSpecification\",\"valueRequired\":true,\"valueName\":\"search_term_string\"}}],\"inLanguage\":\"fr-FR\"},{\"@type\":\"Organization\",\"@id\":\"https:\\\/\\\/lasentinelle.dz\\\/#organization\",\"name\":\"Quotidien La Sentinelle\",\"url\":\"https:\\\/\\\/lasentinelle.dz\\\/\",\"logo\":{\"@type\":\"ImageObject\",\"inLanguage\":\"fr-FR\",\"@id\":\"https:\\\/\\\/lasentinelle.dz\\\/#\\\/schema\\\/logo\\\/image\\\/\",\"url\":\"https:\\\/\\\/lasentinelle.dz\\\/wp-content\\\/uploads\\\/2021\\\/09\\\/logo-sentinelleSLOGAN-1.png\",\"contentUrl\":\"https:\\\/\\\/lasentinelle.dz\\\/wp-content\\\/uploads\\\/2021\\\/09\\\/logo-sentinelleSLOGAN-1.png\",\"width\":615,\"height\":142,\"caption\":\"Quotidien La Sentinelle\"},\"image\":{\"@id\":\"https:\\\/\\\/lasentinelle.dz\\\/#\\\/schema\\\/logo\\\/image\\\/\"},\"sameAs\":[\"https:\\\/\\\/www.facebook.com\\\/La-Sentinelle-104059864394773\"]},{\"@type\":\"Person\",\"@id\":\"https:\\\/\\\/lasentinelle.dz\\\/#\\\/schema\\\/person\\\/729ee0024f24e0b8c5ec17232f8e8b41\",\"name\":\"admin\",\"image\":{\"@type\":\"ImageObject\",\"inLanguage\":\"fr-FR\",\"@id\":\"https:\\\/\\\/secure.gravatar.com\\\/avatar\\\/4c81fed838786e9b53f540bf46533e750f5d292099ae3b66cfc6fb1982e29df7?s=96&d=mm&r=g\",\"url\":\"https:\\\/\\\/secure.gravatar.com\\\/avatar\\\/4c81fed838786e9b53f540bf46533e750f5d292099ae3b66cfc6fb1982e29df7?s=96&d=mm&r=g\",\"contentUrl\":\"https:\\\/\\\/secure.gravatar.com\\\/avatar\\\/4c81fed838786e9b53f540bf46533e750f5d292099ae3b66cfc6fb1982e29df7?s=96&d=mm&r=g\",\"caption\":\"admin\"},\"description\":\"admin\",\"url\":\"https:\\\/\\\/lasentinelle.dz\\\/author\\\/admin\\\/\"}]}<\/script>\n<!-- \/ Yoast SEO plugin. -->","yoast_head_json":{"title":"Droits des personnes handicap\u00e9es\u00a0: Mouloudji annonce de nouvelles mesures d&rsquo;int\u00e9gration - La Sentinelle","robots":{"index":"index","follow":"follow","max-snippet":"max-snippet:-1","max-image-preview":"max-image-preview:large","max-video-preview":"max-video-preview:-1"},"canonical":"https:\/\/lasentinelle.dz\/index.php\/2026\/03\/15\/droits-des-personnes-handicapees-mouloudji-annonce-de-nouvelles-mesures-dintegration\/","og_locale":"fr_FR","og_type":"article","og_title":"Droits des personnes handicap\u00e9es\u00a0: Mouloudji annonce de nouvelles mesures d&rsquo;int\u00e9gration - La Sentinelle","og_description":"\u00c0 l&rsquo;occasion de la Journ\u00e9e nationale des personnes \u00e0 besoins sp\u00e9cifiques, la ministre de la Solidarit\u00e9 nationale a effectu\u00e9 une","og_url":"https:\/\/lasentinelle.dz\/index.php\/2026\/03\/15\/droits-des-personnes-handicapees-mouloudji-annonce-de-nouvelles-mesures-dintegration\/","og_site_name":"La Sentinelle","article_publisher":"https:\/\/www.facebook.com\/La-Sentinelle-104059864394773","article_published_time":"2026-03-15T19:05:33+00:00","article_modified_time":"2026-03-15T19:05:34+00:00","og_image":[{"width":580,"height":350,"url":"https:\/\/lasentinelle.dz\/wp-content\/uploads\/2023\/09\/handicape.jpeg","type":"image\/jpeg"}],"author":"admin","twitter_card":"summary_large_image","twitter_misc":{"\u00c9crit par":"admin","Dur\u00e9e de lecture estim\u00e9e":"3 minutes"},"schema":{"@context":"https:\/\/schema.org","@graph":[{"@type":"Article","@id":"https:\/\/lasentinelle.dz\/index.php\/2026\/03\/15\/droits-des-personnes-handicapees-mouloudji-annonce-de-nouvelles-mesures-dintegration\/#article","isPartOf":{"@id":"https:\/\/lasentinelle.dz\/index.php\/2026\/03\/15\/droits-des-personnes-handicapees-mouloudji-annonce-de-nouvelles-mesures-dintegration\/"},"author":{"name":"admin","@id":"https:\/\/lasentinelle.dz\/#\/schema\/person\/729ee0024f24e0b8c5ec17232f8e8b41"},"headline":"Droits des personnes handicap\u00e9es\u00a0: Mouloudji annonce de nouvelles mesures d&rsquo;int\u00e9gration","datePublished":"2026-03-15T19:05:33+00:00","dateModified":"2026-03-15T19:05:34+00:00","mainEntityOfPage":{"@id":"https:\/\/lasentinelle.dz\/index.php\/2026\/03\/15\/droits-des-personnes-handicapees-mouloudji-annonce-de-nouvelles-mesures-dintegration\/"},"wordCount":640,"commentCount":0,"publisher":{"@id":"https:\/\/lasentinelle.dz\/#organization"},"image":{"@id":"https:\/\/lasentinelle.dz\/index.php\/2026\/03\/15\/droits-des-personnes-handicapees-mouloudji-annonce-de-nouvelles-mesures-dintegration\/#primaryimage"},"thumbnailUrl":"https:\/\/lasentinelle.dz\/wp-content\/uploads\/2023\/09\/handicape.jpeg","articleSection":["Actualit\u00e9"],"inLanguage":"fr-FR","potentialAction":[{"@type":"CommentAction","name":"Comment","target":["https:\/\/lasentinelle.dz\/index.php\/2026\/03\/15\/droits-des-personnes-handicapees-mouloudji-annonce-de-nouvelles-mesures-dintegration\/#respond"]}]},{"@type":"WebPage","@id":"https:\/\/lasentinelle.dz\/index.php\/2026\/03\/15\/droits-des-personnes-handicapees-mouloudji-annonce-de-nouvelles-mesures-dintegration\/","url":"https:\/\/lasentinelle.dz\/index.php\/2026\/03\/15\/droits-des-personnes-handicapees-mouloudji-annonce-de-nouvelles-mesures-dintegration\/","name":"Droits des personnes handicap\u00e9es\u00a0: Mouloudji annonce de nouvelles mesures d&rsquo;int\u00e9gration - La Sentinelle","isPartOf":{"@id":"https:\/\/lasentinelle.dz\/#website"},"primaryImageOfPage":{"@id":"https:\/\/lasentinelle.dz\/index.php\/2026\/03\/15\/droits-des-personnes-handicapees-mouloudji-annonce-de-nouvelles-mesures-dintegration\/#primaryimage"},"image":{"@id":"https:\/\/lasentinelle.dz\/index.php\/2026\/03\/15\/droits-des-personnes-handicapees-mouloudji-annonce-de-nouvelles-mesures-dintegration\/#primaryimage"},"thumbnailUrl":"https:\/\/lasentinelle.dz\/wp-content\/uploads\/2023\/09\/handicape.jpeg","datePublished":"2026-03-15T19:05:33+00:00","dateModified":"2026-03-15T19:05:34+00:00","breadcrumb":{"@id":"https:\/\/lasentinelle.dz\/index.php\/2026\/03\/15\/droits-des-personnes-handicapees-mouloudji-annonce-de-nouvelles-mesures-dintegration\/#breadcrumb"},"inLanguage":"fr-FR","potentialAction":[{"@type":"ReadAction","target":["https:\/\/lasentinelle.dz\/index.php\/2026\/03\/15\/droits-des-personnes-handicapees-mouloudji-annonce-de-nouvelles-mesures-dintegration\/"]}]},{"@type":"ImageObject","inLanguage":"fr-FR","@id":"https:\/\/lasentinelle.dz\/index.php\/2026\/03\/15\/droits-des-personnes-handicapees-mouloudji-annonce-de-nouvelles-mesures-dintegration\/#primaryimage","url":"https:\/\/lasentinelle.dz\/wp-content\/uploads\/2023\/09\/handicape.jpeg","contentUrl":"https:\/\/lasentinelle.dz\/wp-content\/uploads\/2023\/09\/handicape.jpeg","width":580,"height":350},{"@type":"BreadcrumbList","@id":"https:\/\/lasentinelle.dz\/index.php\/2026\/03\/15\/droits-des-personnes-handicapees-mouloudji-annonce-de-nouvelles-mesures-dintegration\/#breadcrumb","itemListElement":[{"@type":"ListItem","position":1,"name":"Accueil","item":"https:\/\/lasentinelle.dz\/"},{"@type":"ListItem","position":2,"name":"Droits des personnes handicap\u00e9es\u00a0: Mouloudji annonce de nouvelles mesures d&rsquo;int\u00e9gration"}]},{"@type":"WebSite","@id":"https:\/\/lasentinelle.dz\/#website","url":"https:\/\/lasentinelle.dz\/","name":"La Sentinelle","description":"Quotidien national d&#039;information","publisher":{"@id":"https:\/\/lasentinelle.dz\/#organization"},"potentialAction":[{"@type":"SearchAction","target":{"@type":"EntryPoint","urlTemplate":"https:\/\/lasentinelle.dz\/?s={search_term_string}"},"query-input":{"@type":"PropertyValueSpecification","valueRequired":true,"valueName":"search_term_string"}}],"inLanguage":"fr-FR"},{"@type":"Organization","@id":"https:\/\/lasentinelle.dz\/#organization","name":"Quotidien La Sentinelle","url":"https:\/\/lasentinelle.dz\/","logo":{"@type":"ImageObject","inLanguage":"fr-FR","@id":"https:\/\/lasentinelle.dz\/#\/schema\/logo\/image\/","url":"https:\/\/lasentinelle.dz\/wp-content\/uploads\/2021\/09\/logo-sentinelleSLOGAN-1.png","contentUrl":"https:\/\/lasentinelle.dz\/wp-content\/uploads\/2021\/09\/logo-sentinelleSLOGAN-1.png","width":615,"height":142,"caption":"Quotidien La Sentinelle"},"image":{"@id":"https:\/\/lasentinelle.dz\/#\/schema\/logo\/image\/"},"sameAs":["https:\/\/www.facebook.com\/La-Sentinelle-104059864394773"]},{"@type":"Person","@id":"https:\/\/lasentinelle.dz\/#\/schema\/person\/729ee0024f24e0b8c5ec17232f8e8b41","name":"admin","image":{"@type":"ImageObject","inLanguage":"fr-FR","@id":"https:\/\/secure.gravatar.com\/avatar\/4c81fed838786e9b53f540bf46533e750f5d292099ae3b66cfc6fb1982e29df7?s=96&d=mm&r=g","url":"https:\/\/secure.gravatar.com\/avatar\/4c81fed838786e9b53f540bf46533e750f5d292099ae3b66cfc6fb1982e29df7?s=96&d=mm&r=g","contentUrl":"https:\/\/secure.gravatar.com\/avatar\/4c81fed838786e9b53f540bf46533e750f5d292099ae3b66cfc6fb1982e29df7?s=96&d=mm&r=g","caption":"admin"},"description":"admin","url":"https:\/\/lasentinelle.dz\/author\/admin\/"}]}},"_links":{"self":[{"href":"https:\/\/lasentinelle.dz\/index.php\/wp-json\/wp\/v2\/posts\/83592","targetHints":{"allow":["GET"]}}],"collection":[{"href":"https:\/\/lasentinelle.dz\/index.php\/wp-json\/wp\/v2\/posts"}],"about":[{"href":"https:\/\/lasentinelle.dz\/index.php\/wp-json\/wp\/v2\/types\/post"}],"author":[{"embeddable":true,"href":"https:\/\/lasentinelle.dz\/index.php\/wp-json\/wp\/v2\/users\/6"}],"replies":[{"embeddable":true,"href":"https:\/\/lasentinelle.dz\/index.php\/wp-json\/wp\/v2\/comments?post=83592"}],"version-history":[{"count":2,"href":"https:\/\/lasentinelle.dz\/index.php\/wp-json\/wp\/v2\/posts\/83592\/revisions"}],"predecessor-version":[{"id":83594,"href":"https:\/\/lasentinelle.dz\/index.php\/wp-json\/wp\/v2\/posts\/83592\/revisions\/83594"}],"wp:featuredmedia":[{"embeddable":true,"href":"https:\/\/lasentinelle.dz\/index.php\/wp-json\/wp\/v2\/media\/45630"}],"wp:attachment":[{"href":"https:\/\/lasentinelle.dz\/index.php\/wp-json\/wp\/v2\/media?parent=83592"}],"wp:term":[{"taxonomy":"category","embeddable":true,"href":"https:\/\/lasentinelle.dz\/index.php\/wp-json\/wp\/v2\/categories?post=83592"},{"taxonomy":"post_tag","embeddable":true,"href":"https:\/\/lasentinelle.dz\/index.php\/wp-json\/wp\/v2\/tags?post=83592"}],"curies":[{"name":"wp","href":"https:\/\/api.w.org\/{rel}","templated":true}]}}