{"id":83595,"date":"2026-03-15T20:06:55","date_gmt":"2026-03-15T19:06:55","guid":{"rendered":"https:\/\/lasentinelle.dz\/?p=83595"},"modified":"2026-03-15T20:06:57","modified_gmt":"2026-03-15T19:06:57","slug":"medias-ooredoo-algerie-et-lanep-signent-un-protocole-daccord-strategique","status":"publish","type":"post","link":"https:\/\/lasentinelle.dz\/index.php\/2026\/03\/15\/medias-ooredoo-algerie-et-lanep-signent-un-protocole-daccord-strategique\/","title":{"rendered":"M\u00e9dias\u00a0: Ooredoo Alg\u00e9rie et l&rsquo;ANEP signent un protocole d&rsquo;accord strat\u00e9gique"},"content":{"rendered":"\n<p>C&rsquo;est en marge d&rsquo;un Iftar Presse organis\u00e9 le 11 mars par Ooredoo que l\u2019op\u00e9rateur de t\u00e9l\u00e9phonie mobile et l&rsquo;Entreprise Nationale de Communication, d&rsquo;\u00c9dition et de Publicit\u00e9 (ANEP) ont officialis\u00e9 la signature d&rsquo;un protocole d&rsquo;accord strat\u00e9gique. Une c\u00e9r\u00e9monie tenue en pr\u00e9sence du Directeur G\u00e9n\u00e9ral de Ooredoo, Roni Tohme, et du Pr\u00e9sident Directeur G\u00e9n\u00e9ral de l&rsquo;ANEP, Messaoud Alghem, et qui marque, selon le communiqu\u00e9 conjoint publi\u00e9 dimanche, \u00ab une nouvelle \u00e9tape dans le d\u00e9veloppement de partenariats structurants entre les acteurs majeurs des secteurs des t\u00e9l\u00e9communications, des m\u00e9dias et des services en Alg\u00e9rie \u00bb. Le texte de l&rsquo;accord est clair dans ses ambitions : il s&rsquo;agit d&rsquo;\u00ab instaurer un cadre global de coop\u00e9ration et de renforcer les synergies entre les deux organismes dans plusieurs domaines d&rsquo;int\u00e9r\u00eat commun \u00bb, dans le cadre d&rsquo;une logique de rapprochement entre secteurs public et priv\u00e9. La collaboration envisag\u00e9e s&rsquo;articule autour de plusieurs axes : solutions de t\u00e9l\u00e9communications, prestations publicitaires, services logistiques, projets digitaux et autres activit\u00e9s figurant dans le portefeuille de l&rsquo;ANEP. La r\u00e9partition des r\u00f4les est clairement d\u00e9finie. Ooredoo mettra \u00e0 disposition des entit\u00e9s de l&rsquo;ANEP \u00ab des solutions et services de t\u00e9l\u00e9communications innovants, comprenant notamment des abonnements et des offres commerciales d\u00e9di\u00e9es, des solutions technologiques adapt\u00e9es ainsi que le d\u00e9ploiement d&rsquo;infrastructures techniques \u00bb. En retour, l&rsquo;ANEP accompagnera l&rsquo;op\u00e9rateur t\u00e9l\u00e9phonique \u00e0 travers \u00ab l&rsquo;expertise et les capacit\u00e9s op\u00e9rationnelles de ses diff\u00e9rentes filiales et unit\u00e9s, notamment dans le d\u00e9veloppement des actions de communication \u00bb, auxquelles s&rsquo;ajoutent la production de solutions de communication et la mise \u00e0 disposition de prestations logistiques. Les deux dirigeants ont tenu \u00e0 donner le ton. Messaoud Alghem, PDG de l&rsquo;ANEP, a d\u00e9clar\u00e9 que \u00ab la signature de ce protocole d&rsquo;accord avec Ooredoo s&rsquo;inscrit dans la strat\u00e9gie de l&rsquo;ANEP visant \u00e0 renforcer les partenariats avec des acteurs \u00e9conomiques majeurs afin de d\u00e9velopper des services innovants et adapt\u00e9s aux \u00e9volutions du march\u00e9 \u00bb, ajoutant que \u00ab cette coop\u00e9ration permettra de mobiliser les comp\u00e9tences et les infrastructures des deux institutions dans le but de proposer des solutions int\u00e9gr\u00e9es dans les domaines de la communication, des m\u00e9dias, de la logistique et des technologies \u00bb. Il s&rsquo;est dit \u00ab convaincu que ce partenariat ouvrira la voie \u00e0 de nouvelles perspectives de collaboration et contribuera \u00e0 la cr\u00e9ation de valeur au b\u00e9n\u00e9fice de nos deux organisations et de l&rsquo;\u00e9cosyst\u00e8me national \u00bb. De son c\u00f4t\u00e9, Roni Tohme a exprim\u00e9 sa satisfaction : \u00ab Nous sommes particuli\u00e8rement heureux de conclure aujourd&rsquo;hui ce partenariat strat\u00e9gique avec l&rsquo;ANEP, une institution de r\u00e9f\u00e9rence dans le domaine de la communication et des m\u00e9dias en Alg\u00e9rie. \u00bb Le DG de Ooredoo a pr\u00e9cis\u00e9 que l&rsquo;accord \u00ab traduit notre volont\u00e9 commune de renforcer les synergies entre nos deux organisations et d&rsquo;explorer de nouvelles opportunit\u00e9s de collaboration dans des domaines \u00e0 forte valeur ajout\u00e9e \u00bb, et a annonc\u00e9 l&rsquo;ambition de \u00ab d\u00e9velopper des projets structurants qui contribueront \u00e0 soutenir la transformation digitale et le dynamisme du paysage m\u00e9diatique et \u00e9conomique national \u00bb.<\/p>\n\n\n\n<p>Au-del\u00e0 des formules convenues qui accompagnent ce type de signature, cet accord r\u00e9v\u00e8le une r\u00e9alit\u00e9 plus profonde : la convergence croissante, en Alg\u00e9rie, entre op\u00e9rateurs t\u00e9l\u00e9coms, acteurs m\u00e9diatiques et services publics autour de projets communs de transformation num\u00e9rique. Pour l&rsquo;ANEP, h\u00e9riti\u00e8re d&rsquo;un mod\u00e8le historiquement centr\u00e9 sur la presse \u00e9crite et la publicit\u00e9 institutionnelle, ce rapprochement avec un acteur du num\u00e9rique comme Ooredoo signale une volont\u00e9 de mutation. Pour Ooredoo, qui op\u00e8re dans un march\u00e9 t\u00e9l\u00e9coms alg\u00e9rien fortement concurrentiel, le partenariat avec une structure aussi centrale que l&rsquo;ANEP offre un ancrage institutionnel non n\u00e9gligeable. Les deux parties r\u00e9affirment ainsi, selon le communiqu\u00e9, \u00ab leur volont\u00e9 commune de contribuer activement au d\u00e9veloppement de l&rsquo;\u00e9cosyst\u00e8me m\u00e9diatique, technologique et \u00e9conomique national \u00bb.<\/p>\n\n\n\n<p>Malik Meziane<\/p>\n","protected":false},"excerpt":{"rendered":"<p>C&rsquo;est en marge d&rsquo;un Iftar Presse organis\u00e9 le 11 mars par Ooredoo que l\u2019op\u00e9rateur de t\u00e9l\u00e9phonie mobile et l&rsquo;Entreprise Nationale<\/p>\n","protected":false},"author":6,"featured_media":83596,"comment_status":"open","ping_status":"closed","sticky":false,"template":"","format":"standard","meta":{"colormag_page_container_layout":"default_layout","colormag_page_sidebar_layout":"default_layout","om_disable_all_campaigns":false,"_monsterinsights_skip_tracking":false,"_monsterinsights_sitenote_active":false,"_monsterinsights_sitenote_note":"","_monsterinsights_sitenote_category":0,"footnotes":"","_wpscppro_dont_share_socialmedia":false,"_wpscppro_custom_social_share_image":0,"_facebook_share_type":"default","_twitter_share_type":"default","_linkedin_share_type":"default","_pinterest_share_type":"default","_linkedin_share_type_page":"","_instagram_share_type":"default","_medium_share_type":"default","_threads_share_type":"default","_google_business_share_type":"default","_selected_social_profile":[],"_wpsp_enable_custom_social_template":false,"_wpsp_social_scheduling":{"enabled":false,"datetime":null,"platforms":[],"status":"template_only","dateOption":"today","timeOption":"now","customDays":"","customHours":"","customDate":"","customTime":"","schedulingType":"absolute"},"_wpsp_active_default_template":true},"categories":[27],"tags":[],"class_list":["post-83595","post","type-post","status-publish","format-standard","has-post-thumbnail","hentry","category-actualite"],"aioseo_notices":[],"yoast_head":"<!-- This site is optimized with the Yoast SEO plugin v27.5 - https:\/\/yoast.com\/product\/yoast-seo-wordpress\/ -->\n<title>M\u00e9dias\u00a0: Ooredoo Alg\u00e9rie et l&rsquo;ANEP signent un protocole d&rsquo;accord strat\u00e9gique - La Sentinelle<\/title>\n<meta name=\"robots\" content=\"index, follow, max-snippet:-1, max-image-preview:large, max-video-preview:-1\" \/>\n<link rel=\"canonical\" href=\"https:\/\/lasentinelle.dz\/index.php\/2026\/03\/15\/medias-ooredoo-algerie-et-lanep-signent-un-protocole-daccord-strategique\/\" \/>\n<meta property=\"og:locale\" content=\"fr_FR\" \/>\n<meta property=\"og:type\" content=\"article\" \/>\n<meta property=\"og:title\" content=\"M\u00e9dias\u00a0: Ooredoo Alg\u00e9rie et l&rsquo;ANEP signent un protocole d&rsquo;accord strat\u00e9gique - La Sentinelle\" \/>\n<meta property=\"og:description\" content=\"C&rsquo;est en marge d&rsquo;un Iftar Presse organis\u00e9 le 11 mars par Ooredoo que l\u2019op\u00e9rateur de t\u00e9l\u00e9phonie mobile et l&rsquo;Entreprise Nationale\" \/>\n<meta property=\"og:url\" content=\"https:\/\/lasentinelle.dz\/index.php\/2026\/03\/15\/medias-ooredoo-algerie-et-lanep-signent-un-protocole-daccord-strategique\/\" \/>\n<meta property=\"og:site_name\" content=\"La Sentinelle\" \/>\n<meta property=\"article:publisher\" content=\"https:\/\/www.facebook.com\/La-Sentinelle-104059864394773\" \/>\n<meta property=\"article:published_time\" content=\"2026-03-15T19:06:55+00:00\" \/>\n<meta property=\"article:modified_time\" content=\"2026-03-15T19:06:57+00:00\" \/>\n<meta property=\"og:image\" content=\"https:\/\/lasentinelle.dz\/wp-content\/uploads\/2026\/03\/651655964_1366162708886722_8983039977879411973_n.jpg\" \/>\n\t<meta property=\"og:image:width\" content=\"1280\" \/>\n\t<meta property=\"og:image:height\" content=\"853\" \/>\n\t<meta property=\"og:image:type\" content=\"image\/jpeg\" \/>\n<meta name=\"author\" content=\"admin\" \/>\n<meta name=\"twitter:card\" content=\"summary_large_image\" \/>\n<meta name=\"twitter:label1\" content=\"\u00c9crit par\" \/>\n\t<meta name=\"twitter:data1\" content=\"admin\" \/>\n\t<meta name=\"twitter:label2\" content=\"Dur\u00e9e de lecture estim\u00e9e\" \/>\n\t<meta name=\"twitter:data2\" content=\"4 minutes\" \/>\n<script type=\"application\/ld+json\" class=\"yoast-schema-graph\">{\"@context\":\"https:\\\/\\\/schema.org\",\"@graph\":[{\"@type\":\"Article\",\"@id\":\"https:\\\/\\\/lasentinelle.dz\\\/index.php\\\/2026\\\/03\\\/15\\\/medias-ooredoo-algerie-et-lanep-signent-un-protocole-daccord-strategique\\\/#article\",\"isPartOf\":{\"@id\":\"https:\\\/\\\/lasentinelle.dz\\\/index.php\\\/2026\\\/03\\\/15\\\/medias-ooredoo-algerie-et-lanep-signent-un-protocole-daccord-strategique\\\/\"},\"author\":{\"name\":\"admin\",\"@id\":\"https:\\\/\\\/lasentinelle.dz\\\/#\\\/schema\\\/person\\\/729ee0024f24e0b8c5ec17232f8e8b41\"},\"headline\":\"M\u00e9dias\u00a0: Ooredoo Alg\u00e9rie et l&rsquo;ANEP signent un protocole d&rsquo;accord strat\u00e9gique\",\"datePublished\":\"2026-03-15T19:06:55+00:00\",\"dateModified\":\"2026-03-15T19:06:57+00:00\",\"mainEntityOfPage\":{\"@id\":\"https:\\\/\\\/lasentinelle.dz\\\/index.php\\\/2026\\\/03\\\/15\\\/medias-ooredoo-algerie-et-lanep-signent-un-protocole-daccord-strategique\\\/\"},\"wordCount\":709,\"commentCount\":0,\"publisher\":{\"@id\":\"https:\\\/\\\/lasentinelle.dz\\\/#organization\"},\"image\":{\"@id\":\"https:\\\/\\\/lasentinelle.dz\\\/index.php\\\/2026\\\/03\\\/15\\\/medias-ooredoo-algerie-et-lanep-signent-un-protocole-daccord-strategique\\\/#primaryimage\"},\"thumbnailUrl\":\"https:\\\/\\\/lasentinelle.dz\\\/wp-content\\\/uploads\\\/2026\\\/03\\\/651655964_1366162708886722_8983039977879411973_n.jpg\",\"articleSection\":[\"Actualit\u00e9\"],\"inLanguage\":\"fr-FR\",\"potentialAction\":[{\"@type\":\"CommentAction\",\"name\":\"Comment\",\"target\":[\"https:\\\/\\\/lasentinelle.dz\\\/index.php\\\/2026\\\/03\\\/15\\\/medias-ooredoo-algerie-et-lanep-signent-un-protocole-daccord-strategique\\\/#respond\"]}]},{\"@type\":\"WebPage\",\"@id\":\"https:\\\/\\\/lasentinelle.dz\\\/index.php\\\/2026\\\/03\\\/15\\\/medias-ooredoo-algerie-et-lanep-signent-un-protocole-daccord-strategique\\\/\",\"url\":\"https:\\\/\\\/lasentinelle.dz\\\/index.php\\\/2026\\\/03\\\/15\\\/medias-ooredoo-algerie-et-lanep-signent-un-protocole-daccord-strategique\\\/\",\"name\":\"M\u00e9dias\u00a0: Ooredoo Alg\u00e9rie et l&rsquo;ANEP signent un protocole d&rsquo;accord strat\u00e9gique - La Sentinelle\",\"isPartOf\":{\"@id\":\"https:\\\/\\\/lasentinelle.dz\\\/#website\"},\"primaryImageOfPage\":{\"@id\":\"https:\\\/\\\/lasentinelle.dz\\\/index.php\\\/2026\\\/03\\\/15\\\/medias-ooredoo-algerie-et-lanep-signent-un-protocole-daccord-strategique\\\/#primaryimage\"},\"image\":{\"@id\":\"https:\\\/\\\/lasentinelle.dz\\\/index.php\\\/2026\\\/03\\\/15\\\/medias-ooredoo-algerie-et-lanep-signent-un-protocole-daccord-strategique\\\/#primaryimage\"},\"thumbnailUrl\":\"https:\\\/\\\/lasentinelle.dz\\\/wp-content\\\/uploads\\\/2026\\\/03\\\/651655964_1366162708886722_8983039977879411973_n.jpg\",\"datePublished\":\"2026-03-15T19:06:55+00:00\",\"dateModified\":\"2026-03-15T19:06:57+00:00\",\"breadcrumb\":{\"@id\":\"https:\\\/\\\/lasentinelle.dz\\\/index.php\\\/2026\\\/03\\\/15\\\/medias-ooredoo-algerie-et-lanep-signent-un-protocole-daccord-strategique\\\/#breadcrumb\"},\"inLanguage\":\"fr-FR\",\"potentialAction\":[{\"@type\":\"ReadAction\",\"target\":[\"https:\\\/\\\/lasentinelle.dz\\\/index.php\\\/2026\\\/03\\\/15\\\/medias-ooredoo-algerie-et-lanep-signent-un-protocole-daccord-strategique\\\/\"]}]},{\"@type\":\"ImageObject\",\"inLanguage\":\"fr-FR\",\"@id\":\"https:\\\/\\\/lasentinelle.dz\\\/index.php\\\/2026\\\/03\\\/15\\\/medias-ooredoo-algerie-et-lanep-signent-un-protocole-daccord-strategique\\\/#primaryimage\",\"url\":\"https:\\\/\\\/lasentinelle.dz\\\/wp-content\\\/uploads\\\/2026\\\/03\\\/651655964_1366162708886722_8983039977879411973_n.jpg\",\"contentUrl\":\"https:\\\/\\\/lasentinelle.dz\\\/wp-content\\\/uploads\\\/2026\\\/03\\\/651655964_1366162708886722_8983039977879411973_n.jpg\",\"width\":1280,\"height\":853},{\"@type\":\"BreadcrumbList\",\"@id\":\"https:\\\/\\\/lasentinelle.dz\\\/index.php\\\/2026\\\/03\\\/15\\\/medias-ooredoo-algerie-et-lanep-signent-un-protocole-daccord-strategique\\\/#breadcrumb\",\"itemListElement\":[{\"@type\":\"ListItem\",\"position\":1,\"name\":\"Accueil\",\"item\":\"https:\\\/\\\/lasentinelle.dz\\\/\"},{\"@type\":\"ListItem\",\"position\":2,\"name\":\"M\u00e9dias\u00a0: Ooredoo Alg\u00e9rie et l&rsquo;ANEP signent un protocole d&rsquo;accord strat\u00e9gique\"}]},{\"@type\":\"WebSite\",\"@id\":\"https:\\\/\\\/lasentinelle.dz\\\/#website\",\"url\":\"https:\\\/\\\/lasentinelle.dz\\\/\",\"name\":\"La Sentinelle\",\"description\":\"Quotidien national d&#039;information\",\"publisher\":{\"@id\":\"https:\\\/\\\/lasentinelle.dz\\\/#organization\"},\"potentialAction\":[{\"@type\":\"SearchAction\",\"target\":{\"@type\":\"EntryPoint\",\"urlTemplate\":\"https:\\\/\\\/lasentinelle.dz\\\/?s={search_term_string}\"},\"query-input\":{\"@type\":\"PropertyValueSpecification\",\"valueRequired\":true,\"valueName\":\"search_term_string\"}}],\"inLanguage\":\"fr-FR\"},{\"@type\":\"Organization\",\"@id\":\"https:\\\/\\\/lasentinelle.dz\\\/#organization\",\"name\":\"Quotidien La Sentinelle\",\"url\":\"https:\\\/\\\/lasentinelle.dz\\\/\",\"logo\":{\"@type\":\"ImageObject\",\"inLanguage\":\"fr-FR\",\"@id\":\"https:\\\/\\\/lasentinelle.dz\\\/#\\\/schema\\\/logo\\\/image\\\/\",\"url\":\"https:\\\/\\\/lasentinelle.dz\\\/wp-content\\\/uploads\\\/2021\\\/09\\\/logo-sentinelleSLOGAN-1.png\",\"contentUrl\":\"https:\\\/\\\/lasentinelle.dz\\\/wp-content\\\/uploads\\\/2021\\\/09\\\/logo-sentinelleSLOGAN-1.png\",\"width\":615,\"height\":142,\"caption\":\"Quotidien La Sentinelle\"},\"image\":{\"@id\":\"https:\\\/\\\/lasentinelle.dz\\\/#\\\/schema\\\/logo\\\/image\\\/\"},\"sameAs\":[\"https:\\\/\\\/www.facebook.com\\\/La-Sentinelle-104059864394773\"]},{\"@type\":\"Person\",\"@id\":\"https:\\\/\\\/lasentinelle.dz\\\/#\\\/schema\\\/person\\\/729ee0024f24e0b8c5ec17232f8e8b41\",\"name\":\"admin\",\"image\":{\"@type\":\"ImageObject\",\"inLanguage\":\"fr-FR\",\"@id\":\"https:\\\/\\\/secure.gravatar.com\\\/avatar\\\/4c81fed838786e9b53f540bf46533e750f5d292099ae3b66cfc6fb1982e29df7?s=96&d=mm&r=g\",\"url\":\"https:\\\/\\\/secure.gravatar.com\\\/avatar\\\/4c81fed838786e9b53f540bf46533e750f5d292099ae3b66cfc6fb1982e29df7?s=96&d=mm&r=g\",\"contentUrl\":\"https:\\\/\\\/secure.gravatar.com\\\/avatar\\\/4c81fed838786e9b53f540bf46533e750f5d292099ae3b66cfc6fb1982e29df7?s=96&d=mm&r=g\",\"caption\":\"admin\"},\"description\":\"admin\",\"url\":\"https:\\\/\\\/lasentinelle.dz\\\/author\\\/admin\\\/\"}]}<\/script>\n<!-- \/ Yoast SEO plugin. -->","yoast_head_json":{"title":"M\u00e9dias\u00a0: Ooredoo Alg\u00e9rie et l&rsquo;ANEP signent un protocole d&rsquo;accord strat\u00e9gique - La Sentinelle","robots":{"index":"index","follow":"follow","max-snippet":"max-snippet:-1","max-image-preview":"max-image-preview:large","max-video-preview":"max-video-preview:-1"},"canonical":"https:\/\/lasentinelle.dz\/index.php\/2026\/03\/15\/medias-ooredoo-algerie-et-lanep-signent-un-protocole-daccord-strategique\/","og_locale":"fr_FR","og_type":"article","og_title":"M\u00e9dias\u00a0: Ooredoo Alg\u00e9rie et l&rsquo;ANEP signent un protocole d&rsquo;accord strat\u00e9gique - La Sentinelle","og_description":"C&rsquo;est en marge d&rsquo;un Iftar Presse organis\u00e9 le 11 mars par Ooredoo que l\u2019op\u00e9rateur de t\u00e9l\u00e9phonie mobile et l&rsquo;Entreprise Nationale","og_url":"https:\/\/lasentinelle.dz\/index.php\/2026\/03\/15\/medias-ooredoo-algerie-et-lanep-signent-un-protocole-daccord-strategique\/","og_site_name":"La Sentinelle","article_publisher":"https:\/\/www.facebook.com\/La-Sentinelle-104059864394773","article_published_time":"2026-03-15T19:06:55+00:00","article_modified_time":"2026-03-15T19:06:57+00:00","og_image":[{"width":1280,"height":853,"url":"https:\/\/lasentinelle.dz\/wp-content\/uploads\/2026\/03\/651655964_1366162708886722_8983039977879411973_n.jpg","type":"image\/jpeg"}],"author":"admin","twitter_card":"summary_large_image","twitter_misc":{"\u00c9crit par":"admin","Dur\u00e9e de lecture estim\u00e9e":"4 minutes"},"schema":{"@context":"https:\/\/schema.org","@graph":[{"@type":"Article","@id":"https:\/\/lasentinelle.dz\/index.php\/2026\/03\/15\/medias-ooredoo-algerie-et-lanep-signent-un-protocole-daccord-strategique\/#article","isPartOf":{"@id":"https:\/\/lasentinelle.dz\/index.php\/2026\/03\/15\/medias-ooredoo-algerie-et-lanep-signent-un-protocole-daccord-strategique\/"},"author":{"name":"admin","@id":"https:\/\/lasentinelle.dz\/#\/schema\/person\/729ee0024f24e0b8c5ec17232f8e8b41"},"headline":"M\u00e9dias\u00a0: Ooredoo Alg\u00e9rie et l&rsquo;ANEP signent un protocole d&rsquo;accord strat\u00e9gique","datePublished":"2026-03-15T19:06:55+00:00","dateModified":"2026-03-15T19:06:57+00:00","mainEntityOfPage":{"@id":"https:\/\/lasentinelle.dz\/index.php\/2026\/03\/15\/medias-ooredoo-algerie-et-lanep-signent-un-protocole-daccord-strategique\/"},"wordCount":709,"commentCount":0,"publisher":{"@id":"https:\/\/lasentinelle.dz\/#organization"},"image":{"@id":"https:\/\/lasentinelle.dz\/index.php\/2026\/03\/15\/medias-ooredoo-algerie-et-lanep-signent-un-protocole-daccord-strategique\/#primaryimage"},"thumbnailUrl":"https:\/\/lasentinelle.dz\/wp-content\/uploads\/2026\/03\/651655964_1366162708886722_8983039977879411973_n.jpg","articleSection":["Actualit\u00e9"],"inLanguage":"fr-FR","potentialAction":[{"@type":"CommentAction","name":"Comment","target":["https:\/\/lasentinelle.dz\/index.php\/2026\/03\/15\/medias-ooredoo-algerie-et-lanep-signent-un-protocole-daccord-strategique\/#respond"]}]},{"@type":"WebPage","@id":"https:\/\/lasentinelle.dz\/index.php\/2026\/03\/15\/medias-ooredoo-algerie-et-lanep-signent-un-protocole-daccord-strategique\/","url":"https:\/\/lasentinelle.dz\/index.php\/2026\/03\/15\/medias-ooredoo-algerie-et-lanep-signent-un-protocole-daccord-strategique\/","name":"M\u00e9dias\u00a0: Ooredoo Alg\u00e9rie et l&rsquo;ANEP signent un protocole d&rsquo;accord strat\u00e9gique - La Sentinelle","isPartOf":{"@id":"https:\/\/lasentinelle.dz\/#website"},"primaryImageOfPage":{"@id":"https:\/\/lasentinelle.dz\/index.php\/2026\/03\/15\/medias-ooredoo-algerie-et-lanep-signent-un-protocole-daccord-strategique\/#primaryimage"},"image":{"@id":"https:\/\/lasentinelle.dz\/index.php\/2026\/03\/15\/medias-ooredoo-algerie-et-lanep-signent-un-protocole-daccord-strategique\/#primaryimage"},"thumbnailUrl":"https:\/\/lasentinelle.dz\/wp-content\/uploads\/2026\/03\/651655964_1366162708886722_8983039977879411973_n.jpg","datePublished":"2026-03-15T19:06:55+00:00","dateModified":"2026-03-15T19:06:57+00:00","breadcrumb":{"@id":"https:\/\/lasentinelle.dz\/index.php\/2026\/03\/15\/medias-ooredoo-algerie-et-lanep-signent-un-protocole-daccord-strategique\/#breadcrumb"},"inLanguage":"fr-FR","potentialAction":[{"@type":"ReadAction","target":["https:\/\/lasentinelle.dz\/index.php\/2026\/03\/15\/medias-ooredoo-algerie-et-lanep-signent-un-protocole-daccord-strategique\/"]}]},{"@type":"ImageObject","inLanguage":"fr-FR","@id":"https:\/\/lasentinelle.dz\/index.php\/2026\/03\/15\/medias-ooredoo-algerie-et-lanep-signent-un-protocole-daccord-strategique\/#primaryimage","url":"https:\/\/lasentinelle.dz\/wp-content\/uploads\/2026\/03\/651655964_1366162708886722_8983039977879411973_n.jpg","contentUrl":"https:\/\/lasentinelle.dz\/wp-content\/uploads\/2026\/03\/651655964_1366162708886722_8983039977879411973_n.jpg","width":1280,"height":853},{"@type":"BreadcrumbList","@id":"https:\/\/lasentinelle.dz\/index.php\/2026\/03\/15\/medias-ooredoo-algerie-et-lanep-signent-un-protocole-daccord-strategique\/#breadcrumb","itemListElement":[{"@type":"ListItem","position":1,"name":"Accueil","item":"https:\/\/lasentinelle.dz\/"},{"@type":"ListItem","position":2,"name":"M\u00e9dias\u00a0: Ooredoo Alg\u00e9rie et l&rsquo;ANEP signent un protocole d&rsquo;accord strat\u00e9gique"}]},{"@type":"WebSite","@id":"https:\/\/lasentinelle.dz\/#website","url":"https:\/\/lasentinelle.dz\/","name":"La Sentinelle","description":"Quotidien national d&#039;information","publisher":{"@id":"https:\/\/lasentinelle.dz\/#organization"},"potentialAction":[{"@type":"SearchAction","target":{"@type":"EntryPoint","urlTemplate":"https:\/\/lasentinelle.dz\/?s={search_term_string}"},"query-input":{"@type":"PropertyValueSpecification","valueRequired":true,"valueName":"search_term_string"}}],"inLanguage":"fr-FR"},{"@type":"Organization","@id":"https:\/\/lasentinelle.dz\/#organization","name":"Quotidien La Sentinelle","url":"https:\/\/lasentinelle.dz\/","logo":{"@type":"ImageObject","inLanguage":"fr-FR","@id":"https:\/\/lasentinelle.dz\/#\/schema\/logo\/image\/","url":"https:\/\/lasentinelle.dz\/wp-content\/uploads\/2021\/09\/logo-sentinelleSLOGAN-1.png","contentUrl":"https:\/\/lasentinelle.dz\/wp-content\/uploads\/2021\/09\/logo-sentinelleSLOGAN-1.png","width":615,"height":142,"caption":"Quotidien La Sentinelle"},"image":{"@id":"https:\/\/lasentinelle.dz\/#\/schema\/logo\/image\/"},"sameAs":["https:\/\/www.facebook.com\/La-Sentinelle-104059864394773"]},{"@type":"Person","@id":"https:\/\/lasentinelle.dz\/#\/schema\/person\/729ee0024f24e0b8c5ec17232f8e8b41","name":"admin","image":{"@type":"ImageObject","inLanguage":"fr-FR","@id":"https:\/\/secure.gravatar.com\/avatar\/4c81fed838786e9b53f540bf46533e750f5d292099ae3b66cfc6fb1982e29df7?s=96&d=mm&r=g","url":"https:\/\/secure.gravatar.com\/avatar\/4c81fed838786e9b53f540bf46533e750f5d292099ae3b66cfc6fb1982e29df7?s=96&d=mm&r=g","contentUrl":"https:\/\/secure.gravatar.com\/avatar\/4c81fed838786e9b53f540bf46533e750f5d292099ae3b66cfc6fb1982e29df7?s=96&d=mm&r=g","caption":"admin"},"description":"admin","url":"https:\/\/lasentinelle.dz\/author\/admin\/"}]}},"_links":{"self":[{"href":"https:\/\/lasentinelle.dz\/index.php\/wp-json\/wp\/v2\/posts\/83595","targetHints":{"allow":["GET"]}}],"collection":[{"href":"https:\/\/lasentinelle.dz\/index.php\/wp-json\/wp\/v2\/posts"}],"about":[{"href":"https:\/\/lasentinelle.dz\/index.php\/wp-json\/wp\/v2\/types\/post"}],"author":[{"embeddable":true,"href":"https:\/\/lasentinelle.dz\/index.php\/wp-json\/wp\/v2\/users\/6"}],"replies":[{"embeddable":true,"href":"https:\/\/lasentinelle.dz\/index.php\/wp-json\/wp\/v2\/comments?post=83595"}],"version-history":[{"count":2,"href":"https:\/\/lasentinelle.dz\/index.php\/wp-json\/wp\/v2\/posts\/83595\/revisions"}],"predecessor-version":[{"id":83598,"href":"https:\/\/lasentinelle.dz\/index.php\/wp-json\/wp\/v2\/posts\/83595\/revisions\/83598"}],"wp:featuredmedia":[{"embeddable":true,"href":"https:\/\/lasentinelle.dz\/index.php\/wp-json\/wp\/v2\/media\/83596"}],"wp:attachment":[{"href":"https:\/\/lasentinelle.dz\/index.php\/wp-json\/wp\/v2\/media?parent=83595"}],"wp:term":[{"taxonomy":"category","embeddable":true,"href":"https:\/\/lasentinelle.dz\/index.php\/wp-json\/wp\/v2\/categories?post=83595"},{"taxonomy":"post_tag","embeddable":true,"href":"https:\/\/lasentinelle.dz\/index.php\/wp-json\/wp\/v2\/tags?post=83595"}],"curies":[{"name":"wp","href":"https:\/\/api.w.org\/{rel}","templated":true}]}}