{"id":83599,"date":"2026-03-15T20:07:38","date_gmt":"2026-03-15T19:07:38","guid":{"rendered":"https:\/\/lasentinelle.dz\/?p=83599"},"modified":"2026-03-15T20:07:39","modified_gmt":"2026-03-15T19:07:39","slug":"journee-mondiale-des-droits-du-consommateur-un-marche-plus-sur-une-priorite","status":"publish","type":"post","link":"https:\/\/lasentinelle.dz\/index.php\/2026\/03\/15\/journee-mondiale-des-droits-du-consommateur-un-marche-plus-sur-une-priorite\/","title":{"rendered":"Journ\u00e9e mondiale des droits du consommateur\u00a0: Un march\u00e9 plus s\u00fbr, une priorit\u00e9"},"content":{"rendered":"\n<p>\u00c0 l&rsquo;occasion de la Journ\u00e9e mondiale des droits du consommateur, c\u00e9l\u00e9br\u00e9e chaque 15 mars, la ministre du Commerce int\u00e9rieur et de la R\u00e9gulation du march\u00e9 national, Amel Abdellatif, a r\u00e9affirm\u00e9 dimanche l&rsquo;engagement de son secteur \u00e0 garantir un environnement de consommation s\u00fbr et fiable. Une d\u00e9claration de principe, mais aussi un bilan d&rsquo;\u00e9tape, illustr\u00e9 par le d\u00e9ploiement simultan\u00e9 de laboratoires mobiles de contr\u00f4le de la qualit\u00e9 dans plusieurs ports du pays.<\/p>\n\n\n\n<p>La journ\u00e9e de cette ann\u00e9e est plac\u00e9e sous le th\u00e8me \u00ab Des produits s\u00fbrs, des consommateurs confiants \u00bb \u2014 un intitul\u00e9 qui r\u00e9sume assez bien la ligne directrice que le minist\u00e8re entend suivre. Dans une allocution publi\u00e9e \u00e0 cette occasion, la ministre a pos\u00e9 d&#8217;embl\u00e9e le cadre : \u00ab la protection du consommateur alg\u00e9rien n&rsquo;est pas seulement un devoir, mais un engagement national qui englobe tout ce qui a trait \u00e0 l&rsquo;am\u00e9lioration de son cadre de vie au quotidien, de l&rsquo;approvisionnement en produits alimentaires \u00e0 la promotion du commerce \u00e9lectronique, en consacrant les principes de la transparence dans les transactions, dont l&rsquo;affichage des prix et la qualit\u00e9 des services. \u00bb Une formulation qui \u00e9largit d\u00e9lib\u00e9r\u00e9ment le p\u00e9rim\u00e8tre de la protection du consommateur bien au-del\u00e0 du seul contr\u00f4le sanitaire, pour en faire un projet transversal touchant \u00e0 la vie \u00e9conomique ordinaire des Alg\u00e9riens. Sur le plan op\u00e9rationnel, le minist\u00e8re entend s&rsquo;appuyer sur plusieurs leviers. Amel Abdellatif a pr\u00e9cis\u00e9 que le secteur veille \u00e0 \u00ab assurer un environnement de consommation s\u00fbr et fiable, \u00e0 travers un contr\u00f4le minutieux, des laboratoires d\u00e9velopp\u00e9s et des mesures pratiques renfor\u00e7ant les droits du consommateur et garantissant sa confiance dans le march\u00e9 national \u00bb. La protection du consommateur est pr\u00e9sent\u00e9e, dans ce cadre, comme \u00ab la pierre angulaire dans la nouvelle strat\u00e9gie du minist\u00e8re, visant \u00e0 soutenir les produits locaux, renforcer la transparence et r\u00e9aliser l&rsquo;\u00e9quilibre entre la protection du consommateur et la relance du secteur \u00e9conomique national, en ad\u00e9quation avec les meilleurs standards internationaux \u00bb.<\/p>\n\n\n\n<p>Cette orientation strat\u00e9gique s&rsquo;est traduite, d\u00e8s la veille de cette journ\u00e9e symbolique, par un acte concret. Les services du minist\u00e8re ont proc\u00e9d\u00e9 \u00e0 l&rsquo;installation officielle et \u00e0 la mise en service op\u00e9rationnelle de laboratoires mobiles de contr\u00f4le de la qualit\u00e9 dans plusieurs ports, notamment ceux de B\u00e9ja\u00efa, Alger et Ghazaouet. L&rsquo;enjeu est direct : ces \u00e9quipements permettent d&rsquo;effectuer sur place, sans d\u00e9lai, les analyses des marchandises import\u00e9es d\u00e8s leur arriv\u00e9e sur le territoire national, court-circuitant ainsi les risques li\u00e9s \u00e0 une mise sur le march\u00e9 pr\u00e9matur\u00e9e de produits non conformes. Le champ d&rsquo;analyse de ces laboratoires mobiles est large. Ils sont en mesure de traiter \u00ab diff\u00e9rents produits alimentaires, viandes, bl\u00e9, huiles, produits cosm\u00e9tiques et de nettoyage \u00bb, et peuvent \u00e9galement effectuer \u00ab des tests pr\u00e9cis sur les appareils \u00e9lectrom\u00e9nagers, \u00e0 travers des analyses physico-chimiques et microbiologiques \u00bb. Autrement dit, ces unit\u00e9s couvrent l&rsquo;essentiel des flux d&rsquo;importation susceptibles d&rsquo;affecter directement le quotidien des consommateurs.<\/p>\n\n\n\n<p>Le signal envoy\u00e9 est double. D&rsquo;un c\u00f4t\u00e9, il s&rsquo;agit de renforcer la cr\u00e9dibilit\u00e9 du dispositif national de contr\u00f4le, souvent critiqu\u00e9 pour ses insuffisances face \u00e0 l&rsquo;afflux de produits import\u00e9s de qualit\u00e9 in\u00e9gale. De l&rsquo;autre, il s&rsquo;agit d&rsquo;affirmer que la souverainet\u00e9 du consommateur \u2014 son droit \u00e0 des produits conformes, \u00e9tiquet\u00e9s et tra\u00e7ables \u2014 est d\u00e9sormais une priorit\u00e9 de politique publique, et non plus un objectif secondaire. Dans un contexte o\u00f9 la r\u00e9gulation du march\u00e9 int\u00e9rieur est au c\u0153ur des pr\u00e9occupations gouvernementales, cette journ\u00e9e aura \u00e9t\u00e9 l&rsquo;occasion pour le minist\u00e8re de rappeler que la confiance dans le march\u00e9 national se construit aussi, et d&rsquo;abord, par la rigueur du contr\u00f4le.<\/p>\n\n\n\n<p>Amar Malki<\/p>\n","protected":false},"excerpt":{"rendered":"<p>\u00c0 l&rsquo;occasion de la Journ\u00e9e mondiale des droits du consommateur, c\u00e9l\u00e9br\u00e9e chaque 15 mars, la ministre du Commerce int\u00e9rieur et<\/p>\n","protected":false},"author":6,"featured_media":79475,"comment_status":"open","ping_status":"closed","sticky":false,"template":"","format":"standard","meta":{"colormag_page_container_layout":"default_layout","colormag_page_sidebar_layout":"default_layout","om_disable_all_campaigns":false,"_monsterinsights_skip_tracking":false,"_monsterinsights_sitenote_active":false,"_monsterinsights_sitenote_note":"","_monsterinsights_sitenote_category":0,"footnotes":"","_wpscppro_dont_share_socialmedia":false,"_wpscppro_custom_social_share_image":0,"_facebook_share_type":"default","_twitter_share_type":"default","_linkedin_share_type":"default","_pinterest_share_type":"default","_linkedin_share_type_page":"","_instagram_share_type":"default","_medium_share_type":"default","_threads_share_type":"default","_google_business_share_type":"default","_selected_social_profile":[],"_wpsp_enable_custom_social_template":false,"_wpsp_social_scheduling":{"enabled":false,"datetime":null,"platforms":[],"status":"template_only","dateOption":"today","timeOption":"now","customDays":"","customHours":"","customDate":"","customTime":"","schedulingType":"absolute"},"_wpsp_active_default_template":true},"categories":[52,27],"tags":[],"class_list":["post-83599","post","type-post","status-publish","format-standard","has-post-thumbnail","hentry","category-a-la-une","category-actualite"],"aioseo_notices":[],"yoast_head":"<!-- This site is optimized with the Yoast SEO plugin v27.5 - https:\/\/yoast.com\/product\/yoast-seo-wordpress\/ -->\n<title>Journ\u00e9e mondiale des droits du consommateur\u00a0: Un march\u00e9 plus s\u00fbr, une priorit\u00e9 - La Sentinelle<\/title>\n<meta name=\"robots\" content=\"index, follow, max-snippet:-1, max-image-preview:large, max-video-preview:-1\" \/>\n<link rel=\"canonical\" href=\"https:\/\/lasentinelle.dz\/index.php\/2026\/03\/15\/journee-mondiale-des-droits-du-consommateur-un-marche-plus-sur-une-priorite\/\" \/>\n<meta property=\"og:locale\" content=\"fr_FR\" \/>\n<meta property=\"og:type\" content=\"article\" \/>\n<meta property=\"og:title\" content=\"Journ\u00e9e mondiale des droits du consommateur\u00a0: Un march\u00e9 plus s\u00fbr, une priorit\u00e9 - La Sentinelle\" \/>\n<meta property=\"og:description\" content=\"\u00c0 l&rsquo;occasion de la Journ\u00e9e mondiale des droits du consommateur, c\u00e9l\u00e9br\u00e9e chaque 15 mars, la ministre du Commerce int\u00e9rieur et\" \/>\n<meta property=\"og:url\" content=\"https:\/\/lasentinelle.dz\/index.php\/2026\/03\/15\/journee-mondiale-des-droits-du-consommateur-un-marche-plus-sur-une-priorite\/\" \/>\n<meta property=\"og:site_name\" content=\"La Sentinelle\" \/>\n<meta property=\"article:publisher\" content=\"https:\/\/www.facebook.com\/La-Sentinelle-104059864394773\" \/>\n<meta property=\"article:published_time\" content=\"2026-03-15T19:07:38+00:00\" \/>\n<meta property=\"article:modified_time\" content=\"2026-03-15T19:07:39+00:00\" \/>\n<meta property=\"og:image\" content=\"https:\/\/lasentinelle.dz\/wp-content\/uploads\/2026\/01\/marche-ramadhan.jpeg\" \/>\n\t<meta property=\"og:image:width\" content=\"1024\" \/>\n\t<meta property=\"og:image:height\" content=\"680\" \/>\n\t<meta property=\"og:image:type\" content=\"image\/jpeg\" \/>\n<meta name=\"author\" content=\"admin\" \/>\n<meta name=\"twitter:card\" content=\"summary_large_image\" \/>\n<meta name=\"twitter:label1\" content=\"\u00c9crit par\" \/>\n\t<meta name=\"twitter:data1\" content=\"admin\" \/>\n\t<meta name=\"twitter:label2\" content=\"Dur\u00e9e de lecture estim\u00e9e\" \/>\n\t<meta name=\"twitter:data2\" content=\"4 minutes\" \/>\n<script type=\"application\/ld+json\" class=\"yoast-schema-graph\">{\"@context\":\"https:\\\/\\\/schema.org\",\"@graph\":[{\"@type\":\"Article\",\"@id\":\"https:\\\/\\\/lasentinelle.dz\\\/index.php\\\/2026\\\/03\\\/15\\\/journee-mondiale-des-droits-du-consommateur-un-marche-plus-sur-une-priorite\\\/#article\",\"isPartOf\":{\"@id\":\"https:\\\/\\\/lasentinelle.dz\\\/index.php\\\/2026\\\/03\\\/15\\\/journee-mondiale-des-droits-du-consommateur-un-marche-plus-sur-une-priorite\\\/\"},\"author\":{\"name\":\"admin\",\"@id\":\"https:\\\/\\\/lasentinelle.dz\\\/#\\\/schema\\\/person\\\/729ee0024f24e0b8c5ec17232f8e8b41\"},\"headline\":\"Journ\u00e9e mondiale des droits du consommateur\u00a0: Un march\u00e9 plus s\u00fbr, une priorit\u00e9\",\"datePublished\":\"2026-03-15T19:07:38+00:00\",\"dateModified\":\"2026-03-15T19:07:39+00:00\",\"mainEntityOfPage\":{\"@id\":\"https:\\\/\\\/lasentinelle.dz\\\/index.php\\\/2026\\\/03\\\/15\\\/journee-mondiale-des-droits-du-consommateur-un-marche-plus-sur-une-priorite\\\/\"},\"wordCount\":670,\"commentCount\":0,\"publisher\":{\"@id\":\"https:\\\/\\\/lasentinelle.dz\\\/#organization\"},\"image\":{\"@id\":\"https:\\\/\\\/lasentinelle.dz\\\/index.php\\\/2026\\\/03\\\/15\\\/journee-mondiale-des-droits-du-consommateur-un-marche-plus-sur-une-priorite\\\/#primaryimage\"},\"thumbnailUrl\":\"https:\\\/\\\/lasentinelle.dz\\\/wp-content\\\/uploads\\\/2026\\\/01\\\/marche-ramadhan.jpeg\",\"articleSection\":[\"\u00c0 la Une\",\"Actualit\u00e9\"],\"inLanguage\":\"fr-FR\",\"potentialAction\":[{\"@type\":\"CommentAction\",\"name\":\"Comment\",\"target\":[\"https:\\\/\\\/lasentinelle.dz\\\/index.php\\\/2026\\\/03\\\/15\\\/journee-mondiale-des-droits-du-consommateur-un-marche-plus-sur-une-priorite\\\/#respond\"]}]},{\"@type\":\"WebPage\",\"@id\":\"https:\\\/\\\/lasentinelle.dz\\\/index.php\\\/2026\\\/03\\\/15\\\/journee-mondiale-des-droits-du-consommateur-un-marche-plus-sur-une-priorite\\\/\",\"url\":\"https:\\\/\\\/lasentinelle.dz\\\/index.php\\\/2026\\\/03\\\/15\\\/journee-mondiale-des-droits-du-consommateur-un-marche-plus-sur-une-priorite\\\/\",\"name\":\"Journ\u00e9e mondiale des droits du consommateur\u00a0: Un march\u00e9 plus s\u00fbr, une priorit\u00e9 - La Sentinelle\",\"isPartOf\":{\"@id\":\"https:\\\/\\\/lasentinelle.dz\\\/#website\"},\"primaryImageOfPage\":{\"@id\":\"https:\\\/\\\/lasentinelle.dz\\\/index.php\\\/2026\\\/03\\\/15\\\/journee-mondiale-des-droits-du-consommateur-un-marche-plus-sur-une-priorite\\\/#primaryimage\"},\"image\":{\"@id\":\"https:\\\/\\\/lasentinelle.dz\\\/index.php\\\/2026\\\/03\\\/15\\\/journee-mondiale-des-droits-du-consommateur-un-marche-plus-sur-une-priorite\\\/#primaryimage\"},\"thumbnailUrl\":\"https:\\\/\\\/lasentinelle.dz\\\/wp-content\\\/uploads\\\/2026\\\/01\\\/marche-ramadhan.jpeg\",\"datePublished\":\"2026-03-15T19:07:38+00:00\",\"dateModified\":\"2026-03-15T19:07:39+00:00\",\"breadcrumb\":{\"@id\":\"https:\\\/\\\/lasentinelle.dz\\\/index.php\\\/2026\\\/03\\\/15\\\/journee-mondiale-des-droits-du-consommateur-un-marche-plus-sur-une-priorite\\\/#breadcrumb\"},\"inLanguage\":\"fr-FR\",\"potentialAction\":[{\"@type\":\"ReadAction\",\"target\":[\"https:\\\/\\\/lasentinelle.dz\\\/index.php\\\/2026\\\/03\\\/15\\\/journee-mondiale-des-droits-du-consommateur-un-marche-plus-sur-une-priorite\\\/\"]}]},{\"@type\":\"ImageObject\",\"inLanguage\":\"fr-FR\",\"@id\":\"https:\\\/\\\/lasentinelle.dz\\\/index.php\\\/2026\\\/03\\\/15\\\/journee-mondiale-des-droits-du-consommateur-un-marche-plus-sur-une-priorite\\\/#primaryimage\",\"url\":\"https:\\\/\\\/lasentinelle.dz\\\/wp-content\\\/uploads\\\/2026\\\/01\\\/marche-ramadhan.jpeg\",\"contentUrl\":\"https:\\\/\\\/lasentinelle.dz\\\/wp-content\\\/uploads\\\/2026\\\/01\\\/marche-ramadhan.jpeg\",\"width\":1024,\"height\":680},{\"@type\":\"BreadcrumbList\",\"@id\":\"https:\\\/\\\/lasentinelle.dz\\\/index.php\\\/2026\\\/03\\\/15\\\/journee-mondiale-des-droits-du-consommateur-un-marche-plus-sur-une-priorite\\\/#breadcrumb\",\"itemListElement\":[{\"@type\":\"ListItem\",\"position\":1,\"name\":\"Accueil\",\"item\":\"https:\\\/\\\/lasentinelle.dz\\\/\"},{\"@type\":\"ListItem\",\"position\":2,\"name\":\"Journ\u00e9e mondiale des droits du consommateur\u00a0: Un march\u00e9 plus s\u00fbr, une priorit\u00e9\"}]},{\"@type\":\"WebSite\",\"@id\":\"https:\\\/\\\/lasentinelle.dz\\\/#website\",\"url\":\"https:\\\/\\\/lasentinelle.dz\\\/\",\"name\":\"La Sentinelle\",\"description\":\"Quotidien national d&#039;information\",\"publisher\":{\"@id\":\"https:\\\/\\\/lasentinelle.dz\\\/#organization\"},\"potentialAction\":[{\"@type\":\"SearchAction\",\"target\":{\"@type\":\"EntryPoint\",\"urlTemplate\":\"https:\\\/\\\/lasentinelle.dz\\\/?s={search_term_string}\"},\"query-input\":{\"@type\":\"PropertyValueSpecification\",\"valueRequired\":true,\"valueName\":\"search_term_string\"}}],\"inLanguage\":\"fr-FR\"},{\"@type\":\"Organization\",\"@id\":\"https:\\\/\\\/lasentinelle.dz\\\/#organization\",\"name\":\"Quotidien La Sentinelle\",\"url\":\"https:\\\/\\\/lasentinelle.dz\\\/\",\"logo\":{\"@type\":\"ImageObject\",\"inLanguage\":\"fr-FR\",\"@id\":\"https:\\\/\\\/lasentinelle.dz\\\/#\\\/schema\\\/logo\\\/image\\\/\",\"url\":\"https:\\\/\\\/lasentinelle.dz\\\/wp-content\\\/uploads\\\/2021\\\/09\\\/logo-sentinelleSLOGAN-1.png\",\"contentUrl\":\"https:\\\/\\\/lasentinelle.dz\\\/wp-content\\\/uploads\\\/2021\\\/09\\\/logo-sentinelleSLOGAN-1.png\",\"width\":615,\"height\":142,\"caption\":\"Quotidien La Sentinelle\"},\"image\":{\"@id\":\"https:\\\/\\\/lasentinelle.dz\\\/#\\\/schema\\\/logo\\\/image\\\/\"},\"sameAs\":[\"https:\\\/\\\/www.facebook.com\\\/La-Sentinelle-104059864394773\"]},{\"@type\":\"Person\",\"@id\":\"https:\\\/\\\/lasentinelle.dz\\\/#\\\/schema\\\/person\\\/729ee0024f24e0b8c5ec17232f8e8b41\",\"name\":\"admin\",\"image\":{\"@type\":\"ImageObject\",\"inLanguage\":\"fr-FR\",\"@id\":\"https:\\\/\\\/secure.gravatar.com\\\/avatar\\\/4c81fed838786e9b53f540bf46533e750f5d292099ae3b66cfc6fb1982e29df7?s=96&d=mm&r=g\",\"url\":\"https:\\\/\\\/secure.gravatar.com\\\/avatar\\\/4c81fed838786e9b53f540bf46533e750f5d292099ae3b66cfc6fb1982e29df7?s=96&d=mm&r=g\",\"contentUrl\":\"https:\\\/\\\/secure.gravatar.com\\\/avatar\\\/4c81fed838786e9b53f540bf46533e750f5d292099ae3b66cfc6fb1982e29df7?s=96&d=mm&r=g\",\"caption\":\"admin\"},\"description\":\"admin\",\"url\":\"https:\\\/\\\/lasentinelle.dz\\\/author\\\/admin\\\/\"}]}<\/script>\n<!-- \/ Yoast SEO plugin. -->","yoast_head_json":{"title":"Journ\u00e9e mondiale des droits du consommateur\u00a0: Un march\u00e9 plus s\u00fbr, une priorit\u00e9 - La Sentinelle","robots":{"index":"index","follow":"follow","max-snippet":"max-snippet:-1","max-image-preview":"max-image-preview:large","max-video-preview":"max-video-preview:-1"},"canonical":"https:\/\/lasentinelle.dz\/index.php\/2026\/03\/15\/journee-mondiale-des-droits-du-consommateur-un-marche-plus-sur-une-priorite\/","og_locale":"fr_FR","og_type":"article","og_title":"Journ\u00e9e mondiale des droits du consommateur\u00a0: Un march\u00e9 plus s\u00fbr, une priorit\u00e9 - La Sentinelle","og_description":"\u00c0 l&rsquo;occasion de la Journ\u00e9e mondiale des droits du consommateur, c\u00e9l\u00e9br\u00e9e chaque 15 mars, la ministre du Commerce int\u00e9rieur et","og_url":"https:\/\/lasentinelle.dz\/index.php\/2026\/03\/15\/journee-mondiale-des-droits-du-consommateur-un-marche-plus-sur-une-priorite\/","og_site_name":"La Sentinelle","article_publisher":"https:\/\/www.facebook.com\/La-Sentinelle-104059864394773","article_published_time":"2026-03-15T19:07:38+00:00","article_modified_time":"2026-03-15T19:07:39+00:00","og_image":[{"width":1024,"height":680,"url":"https:\/\/lasentinelle.dz\/wp-content\/uploads\/2026\/01\/marche-ramadhan.jpeg","type":"image\/jpeg"}],"author":"admin","twitter_card":"summary_large_image","twitter_misc":{"\u00c9crit par":"admin","Dur\u00e9e de lecture estim\u00e9e":"4 minutes"},"schema":{"@context":"https:\/\/schema.org","@graph":[{"@type":"Article","@id":"https:\/\/lasentinelle.dz\/index.php\/2026\/03\/15\/journee-mondiale-des-droits-du-consommateur-un-marche-plus-sur-une-priorite\/#article","isPartOf":{"@id":"https:\/\/lasentinelle.dz\/index.php\/2026\/03\/15\/journee-mondiale-des-droits-du-consommateur-un-marche-plus-sur-une-priorite\/"},"author":{"name":"admin","@id":"https:\/\/lasentinelle.dz\/#\/schema\/person\/729ee0024f24e0b8c5ec17232f8e8b41"},"headline":"Journ\u00e9e mondiale des droits du consommateur\u00a0: Un march\u00e9 plus s\u00fbr, une priorit\u00e9","datePublished":"2026-03-15T19:07:38+00:00","dateModified":"2026-03-15T19:07:39+00:00","mainEntityOfPage":{"@id":"https:\/\/lasentinelle.dz\/index.php\/2026\/03\/15\/journee-mondiale-des-droits-du-consommateur-un-marche-plus-sur-une-priorite\/"},"wordCount":670,"commentCount":0,"publisher":{"@id":"https:\/\/lasentinelle.dz\/#organization"},"image":{"@id":"https:\/\/lasentinelle.dz\/index.php\/2026\/03\/15\/journee-mondiale-des-droits-du-consommateur-un-marche-plus-sur-une-priorite\/#primaryimage"},"thumbnailUrl":"https:\/\/lasentinelle.dz\/wp-content\/uploads\/2026\/01\/marche-ramadhan.jpeg","articleSection":["\u00c0 la Une","Actualit\u00e9"],"inLanguage":"fr-FR","potentialAction":[{"@type":"CommentAction","name":"Comment","target":["https:\/\/lasentinelle.dz\/index.php\/2026\/03\/15\/journee-mondiale-des-droits-du-consommateur-un-marche-plus-sur-une-priorite\/#respond"]}]},{"@type":"WebPage","@id":"https:\/\/lasentinelle.dz\/index.php\/2026\/03\/15\/journee-mondiale-des-droits-du-consommateur-un-marche-plus-sur-une-priorite\/","url":"https:\/\/lasentinelle.dz\/index.php\/2026\/03\/15\/journee-mondiale-des-droits-du-consommateur-un-marche-plus-sur-une-priorite\/","name":"Journ\u00e9e mondiale des droits du consommateur\u00a0: Un march\u00e9 plus s\u00fbr, une priorit\u00e9 - La Sentinelle","isPartOf":{"@id":"https:\/\/lasentinelle.dz\/#website"},"primaryImageOfPage":{"@id":"https:\/\/lasentinelle.dz\/index.php\/2026\/03\/15\/journee-mondiale-des-droits-du-consommateur-un-marche-plus-sur-une-priorite\/#primaryimage"},"image":{"@id":"https:\/\/lasentinelle.dz\/index.php\/2026\/03\/15\/journee-mondiale-des-droits-du-consommateur-un-marche-plus-sur-une-priorite\/#primaryimage"},"thumbnailUrl":"https:\/\/lasentinelle.dz\/wp-content\/uploads\/2026\/01\/marche-ramadhan.jpeg","datePublished":"2026-03-15T19:07:38+00:00","dateModified":"2026-03-15T19:07:39+00:00","breadcrumb":{"@id":"https:\/\/lasentinelle.dz\/index.php\/2026\/03\/15\/journee-mondiale-des-droits-du-consommateur-un-marche-plus-sur-une-priorite\/#breadcrumb"},"inLanguage":"fr-FR","potentialAction":[{"@type":"ReadAction","target":["https:\/\/lasentinelle.dz\/index.php\/2026\/03\/15\/journee-mondiale-des-droits-du-consommateur-un-marche-plus-sur-une-priorite\/"]}]},{"@type":"ImageObject","inLanguage":"fr-FR","@id":"https:\/\/lasentinelle.dz\/index.php\/2026\/03\/15\/journee-mondiale-des-droits-du-consommateur-un-marche-plus-sur-une-priorite\/#primaryimage","url":"https:\/\/lasentinelle.dz\/wp-content\/uploads\/2026\/01\/marche-ramadhan.jpeg","contentUrl":"https:\/\/lasentinelle.dz\/wp-content\/uploads\/2026\/01\/marche-ramadhan.jpeg","width":1024,"height":680},{"@type":"BreadcrumbList","@id":"https:\/\/lasentinelle.dz\/index.php\/2026\/03\/15\/journee-mondiale-des-droits-du-consommateur-un-marche-plus-sur-une-priorite\/#breadcrumb","itemListElement":[{"@type":"ListItem","position":1,"name":"Accueil","item":"https:\/\/lasentinelle.dz\/"},{"@type":"ListItem","position":2,"name":"Journ\u00e9e mondiale des droits du consommateur\u00a0: Un march\u00e9 plus s\u00fbr, une priorit\u00e9"}]},{"@type":"WebSite","@id":"https:\/\/lasentinelle.dz\/#website","url":"https:\/\/lasentinelle.dz\/","name":"La Sentinelle","description":"Quotidien national d&#039;information","publisher":{"@id":"https:\/\/lasentinelle.dz\/#organization"},"potentialAction":[{"@type":"SearchAction","target":{"@type":"EntryPoint","urlTemplate":"https:\/\/lasentinelle.dz\/?s={search_term_string}"},"query-input":{"@type":"PropertyValueSpecification","valueRequired":true,"valueName":"search_term_string"}}],"inLanguage":"fr-FR"},{"@type":"Organization","@id":"https:\/\/lasentinelle.dz\/#organization","name":"Quotidien La Sentinelle","url":"https:\/\/lasentinelle.dz\/","logo":{"@type":"ImageObject","inLanguage":"fr-FR","@id":"https:\/\/lasentinelle.dz\/#\/schema\/logo\/image\/","url":"https:\/\/lasentinelle.dz\/wp-content\/uploads\/2021\/09\/logo-sentinelleSLOGAN-1.png","contentUrl":"https:\/\/lasentinelle.dz\/wp-content\/uploads\/2021\/09\/logo-sentinelleSLOGAN-1.png","width":615,"height":142,"caption":"Quotidien La Sentinelle"},"image":{"@id":"https:\/\/lasentinelle.dz\/#\/schema\/logo\/image\/"},"sameAs":["https:\/\/www.facebook.com\/La-Sentinelle-104059864394773"]},{"@type":"Person","@id":"https:\/\/lasentinelle.dz\/#\/schema\/person\/729ee0024f24e0b8c5ec17232f8e8b41","name":"admin","image":{"@type":"ImageObject","inLanguage":"fr-FR","@id":"https:\/\/secure.gravatar.com\/avatar\/4c81fed838786e9b53f540bf46533e750f5d292099ae3b66cfc6fb1982e29df7?s=96&d=mm&r=g","url":"https:\/\/secure.gravatar.com\/avatar\/4c81fed838786e9b53f540bf46533e750f5d292099ae3b66cfc6fb1982e29df7?s=96&d=mm&r=g","contentUrl":"https:\/\/secure.gravatar.com\/avatar\/4c81fed838786e9b53f540bf46533e750f5d292099ae3b66cfc6fb1982e29df7?s=96&d=mm&r=g","caption":"admin"},"description":"admin","url":"https:\/\/lasentinelle.dz\/author\/admin\/"}]}},"_links":{"self":[{"href":"https:\/\/lasentinelle.dz\/index.php\/wp-json\/wp\/v2\/posts\/83599","targetHints":{"allow":["GET"]}}],"collection":[{"href":"https:\/\/lasentinelle.dz\/index.php\/wp-json\/wp\/v2\/posts"}],"about":[{"href":"https:\/\/lasentinelle.dz\/index.php\/wp-json\/wp\/v2\/types\/post"}],"author":[{"embeddable":true,"href":"https:\/\/lasentinelle.dz\/index.php\/wp-json\/wp\/v2\/users\/6"}],"replies":[{"embeddable":true,"href":"https:\/\/lasentinelle.dz\/index.php\/wp-json\/wp\/v2\/comments?post=83599"}],"version-history":[{"count":1,"href":"https:\/\/lasentinelle.dz\/index.php\/wp-json\/wp\/v2\/posts\/83599\/revisions"}],"predecessor-version":[{"id":83600,"href":"https:\/\/lasentinelle.dz\/index.php\/wp-json\/wp\/v2\/posts\/83599\/revisions\/83600"}],"wp:featuredmedia":[{"embeddable":true,"href":"https:\/\/lasentinelle.dz\/index.php\/wp-json\/wp\/v2\/media\/79475"}],"wp:attachment":[{"href":"https:\/\/lasentinelle.dz\/index.php\/wp-json\/wp\/v2\/media?parent=83599"}],"wp:term":[{"taxonomy":"category","embeddable":true,"href":"https:\/\/lasentinelle.dz\/index.php\/wp-json\/wp\/v2\/categories?post=83599"},{"taxonomy":"post_tag","embeddable":true,"href":"https:\/\/lasentinelle.dz\/index.php\/wp-json\/wp\/v2\/tags?post=83599"}],"curies":[{"name":"wp","href":"https:\/\/api.w.org\/{rel}","templated":true}]}}