{"id":83601,"date":"2026-03-15T20:09:53","date_gmt":"2026-03-15T19:09:53","guid":{"rendered":"https:\/\/lasentinelle.dz\/?p=83601"},"modified":"2026-03-15T20:09:54","modified_gmt":"2026-03-15T19:09:54","slug":"aeroport-rabah-bitat-dannaba-le-second-terminal-bientot-operationnel","status":"publish","type":"post","link":"https:\/\/lasentinelle.dz\/index.php\/2026\/03\/15\/aeroport-rabah-bitat-dannaba-le-second-terminal-bientot-operationnel\/","title":{"rendered":"A\u00e9roport \u00abRabah Bitat\u00bb d&rsquo;Annaba\u00a0: Le second terminal bient\u00f4t op\u00e9rationnel"},"content":{"rendered":"\n<p>Les travaux de mise \u00e0 niveau de l&rsquo;ancienne a\u00e9rogare de l&rsquo;a\u00e9roport \u00abRabah Bitat\u00bb d&rsquo;Annaba sont achev\u00e9s. Le ministre de l&rsquo;Int\u00e9rieur, des Collectivit\u00e9s locales et des Transports, Sa\u00efd Sayoud, l&rsquo;a annonc\u00e9 jeudi devant les \u00e9lus de l&rsquo;Assembl\u00e9e populaire nationale (APN), pr\u00e9cisant que la mise en service de ce second terminal est programm\u00e9e \u00ab au plus tard \u00bb \u00e0 la fin du premier semestre 2026. Le ministre a indiqu\u00e9 que le chantier a \u00e9t\u00e9 conduit par les services sp\u00e9cialis\u00e9s du minist\u00e8re des Travaux publics et des Infrastructures de base, et a port\u00e9 notamment sur le trac\u00e9 des voies d&rsquo;acc\u00e8s destin\u00e9es \u00e0 am\u00e9liorer la gestion des mouvements des a\u00e9ronefs. Sa\u00efd Sayoud a par ailleurs soulign\u00e9 que l&rsquo;a\u00e9roport d&rsquo;Annaba figure parmi les priorit\u00e9s de son secteur. La mise en service de ce second terminal viendra renforcer sensiblement les capacit\u00e9s d&rsquo;accueil du site. L&rsquo;a\u00e9roport \u00abRabah Bitat\u00bb pourra ainsi accueillir simultan\u00e9ment \u00ab 11 avions au niveau de l&rsquo;a\u00e9rogare principale \u00bb et \u00ab 7 avions sur le second terminal, dont 3 emplacements r\u00e9serv\u00e9s aux avions moyens et gros porteurs \u00bb. Dot\u00e9 de deux pistes \u2014 une principale de 3 000 m\u00e8tres de longueur sur 45 m\u00e8tres de largeur et une secondaire de 2 190 m\u00e8tres \u2014, l&rsquo;a\u00e9roport est \u00ab techniquement capable d&rsquo;accueillir tous les types d&rsquo;avions \u00bb, a insist\u00e9 le ministre, y compris les gros porteurs mobilis\u00e9s lors de la saison du p\u00e8lerinage. Pour cette ann\u00e9e, six vols vers La Mecque sont programm\u00e9s au d\u00e9part d&rsquo;Annaba, trois assur\u00e9s par Air Alg\u00e9rie et trois par la compagnie saoudienne. Sa\u00efd Sayoud a \u00e9galement soulign\u00e9 que le site s&rsquo;adapte en permanence \u00e0 la croissance du trafic. Apr\u00e8s les travaux r\u00e9alis\u00e9s en 2025 sur le terminal principal, une prochaine op\u00e9ration de modernisation devrait \u00eatre budg\u00e9tis\u00e9e en 2027, \u00ab en fonction des r\u00e9sultats des \u00e9tudes \u00bb techniques, a-t-il pr\u00e9cis\u00e9.<\/p>\n\n\n\n<p>Sofia Chahine<\/p>\n","protected":false},"excerpt":{"rendered":"<p>Les travaux de mise \u00e0 niveau de l&rsquo;ancienne a\u00e9rogare de l&rsquo;a\u00e9roport \u00abRabah Bitat\u00bb d&rsquo;Annaba sont achev\u00e9s. Le ministre de l&rsquo;Int\u00e9rieur,<\/p>\n","protected":false},"author":6,"featured_media":77637,"comment_status":"open","ping_status":"closed","sticky":false,"template":"","format":"standard","meta":{"colormag_page_container_layout":"default_layout","colormag_page_sidebar_layout":"default_layout","om_disable_all_campaigns":false,"_monsterinsights_skip_tracking":false,"_monsterinsights_sitenote_active":false,"_monsterinsights_sitenote_note":"","_monsterinsights_sitenote_category":0,"footnotes":"","_wpscppro_dont_share_socialmedia":false,"_wpscppro_custom_social_share_image":0,"_facebook_share_type":"default","_twitter_share_type":"default","_linkedin_share_type":"default","_pinterest_share_type":"default","_linkedin_share_type_page":"","_instagram_share_type":"default","_medium_share_type":"default","_threads_share_type":"default","_google_business_share_type":"default","_selected_social_profile":[],"_wpsp_enable_custom_social_template":false,"_wpsp_social_scheduling":{"enabled":false,"datetime":null,"platforms":[],"status":"template_only","dateOption":"today","timeOption":"now","customDays":"","customHours":"","customDate":"","customTime":"","schedulingType":"absolute"},"_wpsp_active_default_template":true},"categories":[27],"tags":[],"class_list":["post-83601","post","type-post","status-publish","format-standard","has-post-thumbnail","hentry","category-actualite"],"aioseo_notices":[],"yoast_head":"<!-- This site is optimized with the Yoast SEO plugin v27.5 - https:\/\/yoast.com\/product\/yoast-seo-wordpress\/ -->\n<title>A\u00e9roport \u00abRabah Bitat\u00bb d&rsquo;Annaba\u00a0: Le second terminal bient\u00f4t op\u00e9rationnel - La Sentinelle<\/title>\n<meta name=\"robots\" content=\"index, follow, max-snippet:-1, max-image-preview:large, max-video-preview:-1\" \/>\n<link rel=\"canonical\" href=\"https:\/\/lasentinelle.dz\/index.php\/2026\/03\/15\/aeroport-rabah-bitat-dannaba-le-second-terminal-bientot-operationnel\/\" \/>\n<meta property=\"og:locale\" content=\"fr_FR\" \/>\n<meta property=\"og:type\" content=\"article\" \/>\n<meta property=\"og:title\" content=\"A\u00e9roport \u00abRabah Bitat\u00bb d&rsquo;Annaba\u00a0: Le second terminal bient\u00f4t op\u00e9rationnel - La Sentinelle\" \/>\n<meta property=\"og:description\" content=\"Les travaux de mise \u00e0 niveau de l&rsquo;ancienne a\u00e9rogare de l&rsquo;a\u00e9roport \u00abRabah Bitat\u00bb d&rsquo;Annaba sont achev\u00e9s. Le ministre de l&rsquo;Int\u00e9rieur,\" \/>\n<meta property=\"og:url\" content=\"https:\/\/lasentinelle.dz\/index.php\/2026\/03\/15\/aeroport-rabah-bitat-dannaba-le-second-terminal-bientot-operationnel\/\" \/>\n<meta property=\"og:site_name\" content=\"La Sentinelle\" \/>\n<meta property=\"article:publisher\" content=\"https:\/\/www.facebook.com\/La-Sentinelle-104059864394773\" \/>\n<meta property=\"article:published_time\" content=\"2026-03-15T19:09:53+00:00\" \/>\n<meta property=\"article:modified_time\" content=\"2026-03-15T19:09:54+00:00\" \/>\n<meta property=\"og:image\" content=\"https:\/\/lasentinelle.dz\/wp-content\/uploads\/2025\/12\/aeroport_annaba.jpeg\" \/>\n\t<meta property=\"og:image:width\" content=\"1630\" \/>\n\t<meta property=\"og:image:height\" content=\"860\" \/>\n\t<meta property=\"og:image:type\" content=\"image\/jpeg\" \/>\n<meta name=\"author\" content=\"admin\" \/>\n<meta name=\"twitter:card\" content=\"summary_large_image\" \/>\n<meta name=\"twitter:label1\" content=\"\u00c9crit par\" \/>\n\t<meta name=\"twitter:data1\" content=\"admin\" \/>\n\t<meta name=\"twitter:label2\" content=\"Dur\u00e9e de lecture estim\u00e9e\" \/>\n\t<meta name=\"twitter:data2\" content=\"2 minutes\" \/>\n<script type=\"application\/ld+json\" class=\"yoast-schema-graph\">{\"@context\":\"https:\\\/\\\/schema.org\",\"@graph\":[{\"@type\":\"Article\",\"@id\":\"https:\\\/\\\/lasentinelle.dz\\\/index.php\\\/2026\\\/03\\\/15\\\/aeroport-rabah-bitat-dannaba-le-second-terminal-bientot-operationnel\\\/#article\",\"isPartOf\":{\"@id\":\"https:\\\/\\\/lasentinelle.dz\\\/index.php\\\/2026\\\/03\\\/15\\\/aeroport-rabah-bitat-dannaba-le-second-terminal-bientot-operationnel\\\/\"},\"author\":{\"name\":\"admin\",\"@id\":\"https:\\\/\\\/lasentinelle.dz\\\/#\\\/schema\\\/person\\\/729ee0024f24e0b8c5ec17232f8e8b41\"},\"headline\":\"A\u00e9roport \u00abRabah Bitat\u00bb d&rsquo;Annaba\u00a0: Le second terminal bient\u00f4t op\u00e9rationnel\",\"datePublished\":\"2026-03-15T19:09:53+00:00\",\"dateModified\":\"2026-03-15T19:09:54+00:00\",\"mainEntityOfPage\":{\"@id\":\"https:\\\/\\\/lasentinelle.dz\\\/index.php\\\/2026\\\/03\\\/15\\\/aeroport-rabah-bitat-dannaba-le-second-terminal-bientot-operationnel\\\/\"},\"wordCount\":348,\"commentCount\":0,\"publisher\":{\"@id\":\"https:\\\/\\\/lasentinelle.dz\\\/#organization\"},\"image\":{\"@id\":\"https:\\\/\\\/lasentinelle.dz\\\/index.php\\\/2026\\\/03\\\/15\\\/aeroport-rabah-bitat-dannaba-le-second-terminal-bientot-operationnel\\\/#primaryimage\"},\"thumbnailUrl\":\"https:\\\/\\\/lasentinelle.dz\\\/wp-content\\\/uploads\\\/2025\\\/12\\\/aeroport_annaba.jpeg\",\"articleSection\":[\"Actualit\u00e9\"],\"inLanguage\":\"fr-FR\",\"potentialAction\":[{\"@type\":\"CommentAction\",\"name\":\"Comment\",\"target\":[\"https:\\\/\\\/lasentinelle.dz\\\/index.php\\\/2026\\\/03\\\/15\\\/aeroport-rabah-bitat-dannaba-le-second-terminal-bientot-operationnel\\\/#respond\"]}]},{\"@type\":\"WebPage\",\"@id\":\"https:\\\/\\\/lasentinelle.dz\\\/index.php\\\/2026\\\/03\\\/15\\\/aeroport-rabah-bitat-dannaba-le-second-terminal-bientot-operationnel\\\/\",\"url\":\"https:\\\/\\\/lasentinelle.dz\\\/index.php\\\/2026\\\/03\\\/15\\\/aeroport-rabah-bitat-dannaba-le-second-terminal-bientot-operationnel\\\/\",\"name\":\"A\u00e9roport \u00abRabah Bitat\u00bb d&rsquo;Annaba\u00a0: Le second terminal bient\u00f4t op\u00e9rationnel - La Sentinelle\",\"isPartOf\":{\"@id\":\"https:\\\/\\\/lasentinelle.dz\\\/#website\"},\"primaryImageOfPage\":{\"@id\":\"https:\\\/\\\/lasentinelle.dz\\\/index.php\\\/2026\\\/03\\\/15\\\/aeroport-rabah-bitat-dannaba-le-second-terminal-bientot-operationnel\\\/#primaryimage\"},\"image\":{\"@id\":\"https:\\\/\\\/lasentinelle.dz\\\/index.php\\\/2026\\\/03\\\/15\\\/aeroport-rabah-bitat-dannaba-le-second-terminal-bientot-operationnel\\\/#primaryimage\"},\"thumbnailUrl\":\"https:\\\/\\\/lasentinelle.dz\\\/wp-content\\\/uploads\\\/2025\\\/12\\\/aeroport_annaba.jpeg\",\"datePublished\":\"2026-03-15T19:09:53+00:00\",\"dateModified\":\"2026-03-15T19:09:54+00:00\",\"breadcrumb\":{\"@id\":\"https:\\\/\\\/lasentinelle.dz\\\/index.php\\\/2026\\\/03\\\/15\\\/aeroport-rabah-bitat-dannaba-le-second-terminal-bientot-operationnel\\\/#breadcrumb\"},\"inLanguage\":\"fr-FR\",\"potentialAction\":[{\"@type\":\"ReadAction\",\"target\":[\"https:\\\/\\\/lasentinelle.dz\\\/index.php\\\/2026\\\/03\\\/15\\\/aeroport-rabah-bitat-dannaba-le-second-terminal-bientot-operationnel\\\/\"]}]},{\"@type\":\"ImageObject\",\"inLanguage\":\"fr-FR\",\"@id\":\"https:\\\/\\\/lasentinelle.dz\\\/index.php\\\/2026\\\/03\\\/15\\\/aeroport-rabah-bitat-dannaba-le-second-terminal-bientot-operationnel\\\/#primaryimage\",\"url\":\"https:\\\/\\\/lasentinelle.dz\\\/wp-content\\\/uploads\\\/2025\\\/12\\\/aeroport_annaba.jpeg\",\"contentUrl\":\"https:\\\/\\\/lasentinelle.dz\\\/wp-content\\\/uploads\\\/2025\\\/12\\\/aeroport_annaba.jpeg\",\"width\":1630,\"height\":860},{\"@type\":\"BreadcrumbList\",\"@id\":\"https:\\\/\\\/lasentinelle.dz\\\/index.php\\\/2026\\\/03\\\/15\\\/aeroport-rabah-bitat-dannaba-le-second-terminal-bientot-operationnel\\\/#breadcrumb\",\"itemListElement\":[{\"@type\":\"ListItem\",\"position\":1,\"name\":\"Accueil\",\"item\":\"https:\\\/\\\/lasentinelle.dz\\\/\"},{\"@type\":\"ListItem\",\"position\":2,\"name\":\"A\u00e9roport \u00abRabah Bitat\u00bb d&rsquo;Annaba\u00a0: Le second terminal bient\u00f4t op\u00e9rationnel\"}]},{\"@type\":\"WebSite\",\"@id\":\"https:\\\/\\\/lasentinelle.dz\\\/#website\",\"url\":\"https:\\\/\\\/lasentinelle.dz\\\/\",\"name\":\"La Sentinelle\",\"description\":\"Quotidien national d&#039;information\",\"publisher\":{\"@id\":\"https:\\\/\\\/lasentinelle.dz\\\/#organization\"},\"potentialAction\":[{\"@type\":\"SearchAction\",\"target\":{\"@type\":\"EntryPoint\",\"urlTemplate\":\"https:\\\/\\\/lasentinelle.dz\\\/?s={search_term_string}\"},\"query-input\":{\"@type\":\"PropertyValueSpecification\",\"valueRequired\":true,\"valueName\":\"search_term_string\"}}],\"inLanguage\":\"fr-FR\"},{\"@type\":\"Organization\",\"@id\":\"https:\\\/\\\/lasentinelle.dz\\\/#organization\",\"name\":\"Quotidien La Sentinelle\",\"url\":\"https:\\\/\\\/lasentinelle.dz\\\/\",\"logo\":{\"@type\":\"ImageObject\",\"inLanguage\":\"fr-FR\",\"@id\":\"https:\\\/\\\/lasentinelle.dz\\\/#\\\/schema\\\/logo\\\/image\\\/\",\"url\":\"https:\\\/\\\/lasentinelle.dz\\\/wp-content\\\/uploads\\\/2021\\\/09\\\/logo-sentinelleSLOGAN-1.png\",\"contentUrl\":\"https:\\\/\\\/lasentinelle.dz\\\/wp-content\\\/uploads\\\/2021\\\/09\\\/logo-sentinelleSLOGAN-1.png\",\"width\":615,\"height\":142,\"caption\":\"Quotidien La Sentinelle\"},\"image\":{\"@id\":\"https:\\\/\\\/lasentinelle.dz\\\/#\\\/schema\\\/logo\\\/image\\\/\"},\"sameAs\":[\"https:\\\/\\\/www.facebook.com\\\/La-Sentinelle-104059864394773\"]},{\"@type\":\"Person\",\"@id\":\"https:\\\/\\\/lasentinelle.dz\\\/#\\\/schema\\\/person\\\/729ee0024f24e0b8c5ec17232f8e8b41\",\"name\":\"admin\",\"image\":{\"@type\":\"ImageObject\",\"inLanguage\":\"fr-FR\",\"@id\":\"https:\\\/\\\/secure.gravatar.com\\\/avatar\\\/4c81fed838786e9b53f540bf46533e750f5d292099ae3b66cfc6fb1982e29df7?s=96&d=mm&r=g\",\"url\":\"https:\\\/\\\/secure.gravatar.com\\\/avatar\\\/4c81fed838786e9b53f540bf46533e750f5d292099ae3b66cfc6fb1982e29df7?s=96&d=mm&r=g\",\"contentUrl\":\"https:\\\/\\\/secure.gravatar.com\\\/avatar\\\/4c81fed838786e9b53f540bf46533e750f5d292099ae3b66cfc6fb1982e29df7?s=96&d=mm&r=g\",\"caption\":\"admin\"},\"description\":\"admin\",\"url\":\"https:\\\/\\\/lasentinelle.dz\\\/author\\\/admin\\\/\"}]}<\/script>\n<!-- \/ Yoast SEO plugin. -->","yoast_head_json":{"title":"A\u00e9roport \u00abRabah Bitat\u00bb d&rsquo;Annaba\u00a0: Le second terminal bient\u00f4t op\u00e9rationnel - La Sentinelle","robots":{"index":"index","follow":"follow","max-snippet":"max-snippet:-1","max-image-preview":"max-image-preview:large","max-video-preview":"max-video-preview:-1"},"canonical":"https:\/\/lasentinelle.dz\/index.php\/2026\/03\/15\/aeroport-rabah-bitat-dannaba-le-second-terminal-bientot-operationnel\/","og_locale":"fr_FR","og_type":"article","og_title":"A\u00e9roport \u00abRabah Bitat\u00bb d&rsquo;Annaba\u00a0: Le second terminal bient\u00f4t op\u00e9rationnel - La Sentinelle","og_description":"Les travaux de mise \u00e0 niveau de l&rsquo;ancienne a\u00e9rogare de l&rsquo;a\u00e9roport \u00abRabah Bitat\u00bb d&rsquo;Annaba sont achev\u00e9s. Le ministre de l&rsquo;Int\u00e9rieur,","og_url":"https:\/\/lasentinelle.dz\/index.php\/2026\/03\/15\/aeroport-rabah-bitat-dannaba-le-second-terminal-bientot-operationnel\/","og_site_name":"La Sentinelle","article_publisher":"https:\/\/www.facebook.com\/La-Sentinelle-104059864394773","article_published_time":"2026-03-15T19:09:53+00:00","article_modified_time":"2026-03-15T19:09:54+00:00","og_image":[{"width":1630,"height":860,"url":"https:\/\/lasentinelle.dz\/wp-content\/uploads\/2025\/12\/aeroport_annaba.jpeg","type":"image\/jpeg"}],"author":"admin","twitter_card":"summary_large_image","twitter_misc":{"\u00c9crit par":"admin","Dur\u00e9e de lecture estim\u00e9e":"2 minutes"},"schema":{"@context":"https:\/\/schema.org","@graph":[{"@type":"Article","@id":"https:\/\/lasentinelle.dz\/index.php\/2026\/03\/15\/aeroport-rabah-bitat-dannaba-le-second-terminal-bientot-operationnel\/#article","isPartOf":{"@id":"https:\/\/lasentinelle.dz\/index.php\/2026\/03\/15\/aeroport-rabah-bitat-dannaba-le-second-terminal-bientot-operationnel\/"},"author":{"name":"admin","@id":"https:\/\/lasentinelle.dz\/#\/schema\/person\/729ee0024f24e0b8c5ec17232f8e8b41"},"headline":"A\u00e9roport \u00abRabah Bitat\u00bb d&rsquo;Annaba\u00a0: Le second terminal bient\u00f4t op\u00e9rationnel","datePublished":"2026-03-15T19:09:53+00:00","dateModified":"2026-03-15T19:09:54+00:00","mainEntityOfPage":{"@id":"https:\/\/lasentinelle.dz\/index.php\/2026\/03\/15\/aeroport-rabah-bitat-dannaba-le-second-terminal-bientot-operationnel\/"},"wordCount":348,"commentCount":0,"publisher":{"@id":"https:\/\/lasentinelle.dz\/#organization"},"image":{"@id":"https:\/\/lasentinelle.dz\/index.php\/2026\/03\/15\/aeroport-rabah-bitat-dannaba-le-second-terminal-bientot-operationnel\/#primaryimage"},"thumbnailUrl":"https:\/\/lasentinelle.dz\/wp-content\/uploads\/2025\/12\/aeroport_annaba.jpeg","articleSection":["Actualit\u00e9"],"inLanguage":"fr-FR","potentialAction":[{"@type":"CommentAction","name":"Comment","target":["https:\/\/lasentinelle.dz\/index.php\/2026\/03\/15\/aeroport-rabah-bitat-dannaba-le-second-terminal-bientot-operationnel\/#respond"]}]},{"@type":"WebPage","@id":"https:\/\/lasentinelle.dz\/index.php\/2026\/03\/15\/aeroport-rabah-bitat-dannaba-le-second-terminal-bientot-operationnel\/","url":"https:\/\/lasentinelle.dz\/index.php\/2026\/03\/15\/aeroport-rabah-bitat-dannaba-le-second-terminal-bientot-operationnel\/","name":"A\u00e9roport \u00abRabah Bitat\u00bb d&rsquo;Annaba\u00a0: Le second terminal bient\u00f4t op\u00e9rationnel - La Sentinelle","isPartOf":{"@id":"https:\/\/lasentinelle.dz\/#website"},"primaryImageOfPage":{"@id":"https:\/\/lasentinelle.dz\/index.php\/2026\/03\/15\/aeroport-rabah-bitat-dannaba-le-second-terminal-bientot-operationnel\/#primaryimage"},"image":{"@id":"https:\/\/lasentinelle.dz\/index.php\/2026\/03\/15\/aeroport-rabah-bitat-dannaba-le-second-terminal-bientot-operationnel\/#primaryimage"},"thumbnailUrl":"https:\/\/lasentinelle.dz\/wp-content\/uploads\/2025\/12\/aeroport_annaba.jpeg","datePublished":"2026-03-15T19:09:53+00:00","dateModified":"2026-03-15T19:09:54+00:00","breadcrumb":{"@id":"https:\/\/lasentinelle.dz\/index.php\/2026\/03\/15\/aeroport-rabah-bitat-dannaba-le-second-terminal-bientot-operationnel\/#breadcrumb"},"inLanguage":"fr-FR","potentialAction":[{"@type":"ReadAction","target":["https:\/\/lasentinelle.dz\/index.php\/2026\/03\/15\/aeroport-rabah-bitat-dannaba-le-second-terminal-bientot-operationnel\/"]}]},{"@type":"ImageObject","inLanguage":"fr-FR","@id":"https:\/\/lasentinelle.dz\/index.php\/2026\/03\/15\/aeroport-rabah-bitat-dannaba-le-second-terminal-bientot-operationnel\/#primaryimage","url":"https:\/\/lasentinelle.dz\/wp-content\/uploads\/2025\/12\/aeroport_annaba.jpeg","contentUrl":"https:\/\/lasentinelle.dz\/wp-content\/uploads\/2025\/12\/aeroport_annaba.jpeg","width":1630,"height":860},{"@type":"BreadcrumbList","@id":"https:\/\/lasentinelle.dz\/index.php\/2026\/03\/15\/aeroport-rabah-bitat-dannaba-le-second-terminal-bientot-operationnel\/#breadcrumb","itemListElement":[{"@type":"ListItem","position":1,"name":"Accueil","item":"https:\/\/lasentinelle.dz\/"},{"@type":"ListItem","position":2,"name":"A\u00e9roport \u00abRabah Bitat\u00bb d&rsquo;Annaba\u00a0: Le second terminal bient\u00f4t op\u00e9rationnel"}]},{"@type":"WebSite","@id":"https:\/\/lasentinelle.dz\/#website","url":"https:\/\/lasentinelle.dz\/","name":"La Sentinelle","description":"Quotidien national d&#039;information","publisher":{"@id":"https:\/\/lasentinelle.dz\/#organization"},"potentialAction":[{"@type":"SearchAction","target":{"@type":"EntryPoint","urlTemplate":"https:\/\/lasentinelle.dz\/?s={search_term_string}"},"query-input":{"@type":"PropertyValueSpecification","valueRequired":true,"valueName":"search_term_string"}}],"inLanguage":"fr-FR"},{"@type":"Organization","@id":"https:\/\/lasentinelle.dz\/#organization","name":"Quotidien La Sentinelle","url":"https:\/\/lasentinelle.dz\/","logo":{"@type":"ImageObject","inLanguage":"fr-FR","@id":"https:\/\/lasentinelle.dz\/#\/schema\/logo\/image\/","url":"https:\/\/lasentinelle.dz\/wp-content\/uploads\/2021\/09\/logo-sentinelleSLOGAN-1.png","contentUrl":"https:\/\/lasentinelle.dz\/wp-content\/uploads\/2021\/09\/logo-sentinelleSLOGAN-1.png","width":615,"height":142,"caption":"Quotidien La Sentinelle"},"image":{"@id":"https:\/\/lasentinelle.dz\/#\/schema\/logo\/image\/"},"sameAs":["https:\/\/www.facebook.com\/La-Sentinelle-104059864394773"]},{"@type":"Person","@id":"https:\/\/lasentinelle.dz\/#\/schema\/person\/729ee0024f24e0b8c5ec17232f8e8b41","name":"admin","image":{"@type":"ImageObject","inLanguage":"fr-FR","@id":"https:\/\/secure.gravatar.com\/avatar\/4c81fed838786e9b53f540bf46533e750f5d292099ae3b66cfc6fb1982e29df7?s=96&d=mm&r=g","url":"https:\/\/secure.gravatar.com\/avatar\/4c81fed838786e9b53f540bf46533e750f5d292099ae3b66cfc6fb1982e29df7?s=96&d=mm&r=g","contentUrl":"https:\/\/secure.gravatar.com\/avatar\/4c81fed838786e9b53f540bf46533e750f5d292099ae3b66cfc6fb1982e29df7?s=96&d=mm&r=g","caption":"admin"},"description":"admin","url":"https:\/\/lasentinelle.dz\/author\/admin\/"}]}},"_links":{"self":[{"href":"https:\/\/lasentinelle.dz\/index.php\/wp-json\/wp\/v2\/posts\/83601","targetHints":{"allow":["GET"]}}],"collection":[{"href":"https:\/\/lasentinelle.dz\/index.php\/wp-json\/wp\/v2\/posts"}],"about":[{"href":"https:\/\/lasentinelle.dz\/index.php\/wp-json\/wp\/v2\/types\/post"}],"author":[{"embeddable":true,"href":"https:\/\/lasentinelle.dz\/index.php\/wp-json\/wp\/v2\/users\/6"}],"replies":[{"embeddable":true,"href":"https:\/\/lasentinelle.dz\/index.php\/wp-json\/wp\/v2\/comments?post=83601"}],"version-history":[{"count":2,"href":"https:\/\/lasentinelle.dz\/index.php\/wp-json\/wp\/v2\/posts\/83601\/revisions"}],"predecessor-version":[{"id":83603,"href":"https:\/\/lasentinelle.dz\/index.php\/wp-json\/wp\/v2\/posts\/83601\/revisions\/83603"}],"wp:featuredmedia":[{"embeddable":true,"href":"https:\/\/lasentinelle.dz\/index.php\/wp-json\/wp\/v2\/media\/77637"}],"wp:attachment":[{"href":"https:\/\/lasentinelle.dz\/index.php\/wp-json\/wp\/v2\/media?parent=83601"}],"wp:term":[{"taxonomy":"category","embeddable":true,"href":"https:\/\/lasentinelle.dz\/index.php\/wp-json\/wp\/v2\/categories?post=83601"},{"taxonomy":"post_tag","embeddable":true,"href":"https:\/\/lasentinelle.dz\/index.php\/wp-json\/wp\/v2\/tags?post=83601"}],"curies":[{"name":"wp","href":"https:\/\/api.w.org\/{rel}","templated":true}]}}