{"id":83604,"date":"2026-03-15T20:10:43","date_gmt":"2026-03-15T19:10:43","guid":{"rendered":"https:\/\/lasentinelle.dz\/?p=83604"},"modified":"2026-03-15T20:10:45","modified_gmt":"2026-03-15T19:10:45","slug":"face-aux-changements-climatiques-derbal-appelle-a-diversifier-les-sources-deau","status":"publish","type":"post","link":"https:\/\/lasentinelle.dz\/index.php\/2026\/03\/15\/face-aux-changements-climatiques-derbal-appelle-a-diversifier-les-sources-deau\/","title":{"rendered":"Face aux changements climatiques\u00a0: Derbal appelle \u00e0 diversifier les sources d&rsquo;eau"},"content":{"rendered":"\n<p>Le ministre de l&rsquo;Hydraulique a effectu\u00e9 dimanche une visite de travail dans la wilaya de Chlef, o\u00f9 il a inspect\u00e9 plusieurs infrastructures hydrauliques et fix\u00e9 des priorit\u00e9s au secteur.<\/p>\n\n\n\n<p>Taha s\u2019est rendu \u00e0 la station de dessalement de Mainis, \u00e0 T\u00e9n\u00e8s, \u00e0 la station d&rsquo;\u00e9puration de Chettia et au p\u00e9rim\u00e8tre irrigu\u00e9 de la plaine du moyen Cheliff. \u00c0 l&rsquo;issue d&rsquo;un expos\u00e9 sectoriel, le ministre a adress\u00e9 des directives claires aux cadres de la wilaya. Face aux effets des changements climatiques et au d\u00e9ficit hydrique qui frappe de nombreuses r\u00e9gions du pays, M. Derbal a plaid\u00e9 pour une mobilisation de toutes les ressources disponibles. Il a appel\u00e9 les responsables locaux \u00e0 \u00ab optimiser l&rsquo;exploitation des eaux souterraines et \u00e0 r\u00e9habiliter les puits \u00bb, en compl\u00e9ment des ressources conventionnelles et des eaux dessal\u00e9es, afin de \u00ab diversifier les sources d&rsquo;approvisionnement et de pallier le d\u00e9ficit en ressources hydriques \u00bb. Le ministre a rappel\u00e9 la strat\u00e9gie nationale en la mati\u00e8re : \u00ab Les pouvoirs publics ont mis en place un plan clair pour faire face \u00e0 l&rsquo;impact des changements climatiques, \u00e0 travers l&rsquo;affectation d&rsquo;enveloppes consid\u00e9rables pour la r\u00e9alisation de stations de pompage, de barrages lorsque les conditions techniques sont r\u00e9unies, ainsi que des stations de dessalement d\u00e9cid\u00e9es par le pr\u00e9sident de la R\u00e9publique le long du littoral. \u00bb La wilaya de Chlef a r\u00e9cemment travers\u00e9 une crise d&rsquo;alimentation en eau potable, provoqu\u00e9e par une forte turbidit\u00e9 et l&rsquo;arr\u00eat temporaire de la station de dessalement. Le ministre a salu\u00e9 la gestion de crise des autorit\u00e9s locales, avant d&rsquo;annoncer une mesure pr\u00e9ventive : l&rsquo;\u00e9quipement du barrage de Sidi Yakoub d&rsquo;une <strong>station flottante<\/strong> destin\u00e9e \u00e0 faire face \u00e0 ce type de situation. \u00c0 la station de Mainis, il a par ailleurs pr\u00e9conis\u00e9 la r\u00e9alisation rapide d&rsquo;un bassin de d\u00e9cantation pour r\u00e9duire durablement le probl\u00e8me de turbidit\u00e9. M. Derbal a conclu sa visite en insistant sur la n\u00e9cessit\u00e9 d&rsquo;achever les chantiers en cours dans les d\u00e9lais contractuels et d&rsquo;entretenir les infrastructures existantes. Il a \u00e9galement mis en avant la valorisation des eaux us\u00e9es \u00e9pur\u00e9es comme \u00ab ressource hydrique alternative \u00bb \u00e0 part enti\u00e8re.<\/p>\n\n\n\n<p><em>Chokri Hafed<\/em><\/p>\n","protected":false},"excerpt":{"rendered":"<p>Le ministre de l&rsquo;Hydraulique a effectu\u00e9 dimanche une visite de travail dans la wilaya de Chlef, o\u00f9 il a inspect\u00e9<\/p>\n","protected":false},"author":6,"featured_media":79695,"comment_status":"open","ping_status":"closed","sticky":false,"template":"","format":"standard","meta":{"colormag_page_container_layout":"default_layout","colormag_page_sidebar_layout":"default_layout","om_disable_all_campaigns":false,"_monsterinsights_skip_tracking":false,"_monsterinsights_sitenote_active":false,"_monsterinsights_sitenote_note":"","_monsterinsights_sitenote_category":0,"footnotes":"","_wpscppro_dont_share_socialmedia":false,"_wpscppro_custom_social_share_image":0,"_facebook_share_type":"default","_twitter_share_type":"default","_linkedin_share_type":"default","_pinterest_share_type":"default","_linkedin_share_type_page":"","_instagram_share_type":"default","_medium_share_type":"default","_threads_share_type":"default","_google_business_share_type":"default","_selected_social_profile":[],"_wpsp_enable_custom_social_template":false,"_wpsp_social_scheduling":{"enabled":false,"datetime":null,"platforms":[],"status":"template_only","dateOption":"today","timeOption":"now","customDays":"","customHours":"","customDate":"","customTime":"","schedulingType":"absolute"},"_wpsp_active_default_template":true},"categories":[27],"tags":[],"class_list":["post-83604","post","type-post","status-publish","format-standard","has-post-thumbnail","hentry","category-actualite"],"aioseo_notices":[],"yoast_head":"<!-- This site is optimized with the Yoast SEO plugin v27.5 - https:\/\/yoast.com\/product\/yoast-seo-wordpress\/ -->\n<title>Face aux changements climatiques\u00a0: Derbal appelle \u00e0 diversifier les sources d&rsquo;eau - La Sentinelle<\/title>\n<meta name=\"robots\" content=\"index, follow, max-snippet:-1, max-image-preview:large, max-video-preview:-1\" \/>\n<link rel=\"canonical\" href=\"https:\/\/lasentinelle.dz\/index.php\/2026\/03\/15\/face-aux-changements-climatiques-derbal-appelle-a-diversifier-les-sources-deau\/\" \/>\n<meta property=\"og:locale\" content=\"fr_FR\" \/>\n<meta property=\"og:type\" content=\"article\" \/>\n<meta property=\"og:title\" content=\"Face aux changements climatiques\u00a0: Derbal appelle \u00e0 diversifier les sources d&rsquo;eau - La Sentinelle\" \/>\n<meta property=\"og:description\" content=\"Le ministre de l&rsquo;Hydraulique a effectu\u00e9 dimanche une visite de travail dans la wilaya de Chlef, o\u00f9 il a inspect\u00e9\" \/>\n<meta property=\"og:url\" content=\"https:\/\/lasentinelle.dz\/index.php\/2026\/03\/15\/face-aux-changements-climatiques-derbal-appelle-a-diversifier-les-sources-deau\/\" \/>\n<meta property=\"og:site_name\" content=\"La Sentinelle\" \/>\n<meta property=\"article:publisher\" content=\"https:\/\/www.facebook.com\/La-Sentinelle-104059864394773\" \/>\n<meta property=\"article:published_time\" content=\"2026-03-15T19:10:43+00:00\" \/>\n<meta property=\"article:modified_time\" content=\"2026-03-15T19:10:45+00:00\" \/>\n<meta property=\"og:image\" content=\"https:\/\/lasentinelle.dz\/wp-content\/uploads\/2026\/01\/derbal.jpg\" \/>\n\t<meta property=\"og:image:width\" content=\"2048\" \/>\n\t<meta property=\"og:image:height\" content=\"1365\" \/>\n\t<meta property=\"og:image:type\" content=\"image\/jpeg\" \/>\n<meta name=\"author\" content=\"admin\" \/>\n<meta name=\"twitter:card\" content=\"summary_large_image\" \/>\n<meta name=\"twitter:label1\" content=\"\u00c9crit par\" \/>\n\t<meta name=\"twitter:data1\" content=\"admin\" \/>\n\t<meta name=\"twitter:label2\" content=\"Dur\u00e9e de lecture estim\u00e9e\" \/>\n\t<meta name=\"twitter:data2\" content=\"2 minutes\" \/>\n<script type=\"application\/ld+json\" class=\"yoast-schema-graph\">{\"@context\":\"https:\\\/\\\/schema.org\",\"@graph\":[{\"@type\":\"Article\",\"@id\":\"https:\\\/\\\/lasentinelle.dz\\\/index.php\\\/2026\\\/03\\\/15\\\/face-aux-changements-climatiques-derbal-appelle-a-diversifier-les-sources-deau\\\/#article\",\"isPartOf\":{\"@id\":\"https:\\\/\\\/lasentinelle.dz\\\/index.php\\\/2026\\\/03\\\/15\\\/face-aux-changements-climatiques-derbal-appelle-a-diversifier-les-sources-deau\\\/\"},\"author\":{\"name\":\"admin\",\"@id\":\"https:\\\/\\\/lasentinelle.dz\\\/#\\\/schema\\\/person\\\/729ee0024f24e0b8c5ec17232f8e8b41\"},\"headline\":\"Face aux changements climatiques\u00a0: Derbal appelle \u00e0 diversifier les sources d&rsquo;eau\",\"datePublished\":\"2026-03-15T19:10:43+00:00\",\"dateModified\":\"2026-03-15T19:10:45+00:00\",\"mainEntityOfPage\":{\"@id\":\"https:\\\/\\\/lasentinelle.dz\\\/index.php\\\/2026\\\/03\\\/15\\\/face-aux-changements-climatiques-derbal-appelle-a-diversifier-les-sources-deau\\\/\"},\"wordCount\":392,\"commentCount\":0,\"publisher\":{\"@id\":\"https:\\\/\\\/lasentinelle.dz\\\/#organization\"},\"image\":{\"@id\":\"https:\\\/\\\/lasentinelle.dz\\\/index.php\\\/2026\\\/03\\\/15\\\/face-aux-changements-climatiques-derbal-appelle-a-diversifier-les-sources-deau\\\/#primaryimage\"},\"thumbnailUrl\":\"https:\\\/\\\/lasentinelle.dz\\\/wp-content\\\/uploads\\\/2026\\\/01\\\/derbal.jpg\",\"articleSection\":[\"Actualit\u00e9\"],\"inLanguage\":\"fr-FR\",\"potentialAction\":[{\"@type\":\"CommentAction\",\"name\":\"Comment\",\"target\":[\"https:\\\/\\\/lasentinelle.dz\\\/index.php\\\/2026\\\/03\\\/15\\\/face-aux-changements-climatiques-derbal-appelle-a-diversifier-les-sources-deau\\\/#respond\"]}]},{\"@type\":\"WebPage\",\"@id\":\"https:\\\/\\\/lasentinelle.dz\\\/index.php\\\/2026\\\/03\\\/15\\\/face-aux-changements-climatiques-derbal-appelle-a-diversifier-les-sources-deau\\\/\",\"url\":\"https:\\\/\\\/lasentinelle.dz\\\/index.php\\\/2026\\\/03\\\/15\\\/face-aux-changements-climatiques-derbal-appelle-a-diversifier-les-sources-deau\\\/\",\"name\":\"Face aux changements climatiques\u00a0: Derbal appelle \u00e0 diversifier les sources d&rsquo;eau - La Sentinelle\",\"isPartOf\":{\"@id\":\"https:\\\/\\\/lasentinelle.dz\\\/#website\"},\"primaryImageOfPage\":{\"@id\":\"https:\\\/\\\/lasentinelle.dz\\\/index.php\\\/2026\\\/03\\\/15\\\/face-aux-changements-climatiques-derbal-appelle-a-diversifier-les-sources-deau\\\/#primaryimage\"},\"image\":{\"@id\":\"https:\\\/\\\/lasentinelle.dz\\\/index.php\\\/2026\\\/03\\\/15\\\/face-aux-changements-climatiques-derbal-appelle-a-diversifier-les-sources-deau\\\/#primaryimage\"},\"thumbnailUrl\":\"https:\\\/\\\/lasentinelle.dz\\\/wp-content\\\/uploads\\\/2026\\\/01\\\/derbal.jpg\",\"datePublished\":\"2026-03-15T19:10:43+00:00\",\"dateModified\":\"2026-03-15T19:10:45+00:00\",\"breadcrumb\":{\"@id\":\"https:\\\/\\\/lasentinelle.dz\\\/index.php\\\/2026\\\/03\\\/15\\\/face-aux-changements-climatiques-derbal-appelle-a-diversifier-les-sources-deau\\\/#breadcrumb\"},\"inLanguage\":\"fr-FR\",\"potentialAction\":[{\"@type\":\"ReadAction\",\"target\":[\"https:\\\/\\\/lasentinelle.dz\\\/index.php\\\/2026\\\/03\\\/15\\\/face-aux-changements-climatiques-derbal-appelle-a-diversifier-les-sources-deau\\\/\"]}]},{\"@type\":\"ImageObject\",\"inLanguage\":\"fr-FR\",\"@id\":\"https:\\\/\\\/lasentinelle.dz\\\/index.php\\\/2026\\\/03\\\/15\\\/face-aux-changements-climatiques-derbal-appelle-a-diversifier-les-sources-deau\\\/#primaryimage\",\"url\":\"https:\\\/\\\/lasentinelle.dz\\\/wp-content\\\/uploads\\\/2026\\\/01\\\/derbal.jpg\",\"contentUrl\":\"https:\\\/\\\/lasentinelle.dz\\\/wp-content\\\/uploads\\\/2026\\\/01\\\/derbal.jpg\",\"width\":2048,\"height\":1365},{\"@type\":\"BreadcrumbList\",\"@id\":\"https:\\\/\\\/lasentinelle.dz\\\/index.php\\\/2026\\\/03\\\/15\\\/face-aux-changements-climatiques-derbal-appelle-a-diversifier-les-sources-deau\\\/#breadcrumb\",\"itemListElement\":[{\"@type\":\"ListItem\",\"position\":1,\"name\":\"Accueil\",\"item\":\"https:\\\/\\\/lasentinelle.dz\\\/\"},{\"@type\":\"ListItem\",\"position\":2,\"name\":\"Face aux changements climatiques\u00a0: Derbal appelle \u00e0 diversifier les sources d&rsquo;eau\"}]},{\"@type\":\"WebSite\",\"@id\":\"https:\\\/\\\/lasentinelle.dz\\\/#website\",\"url\":\"https:\\\/\\\/lasentinelle.dz\\\/\",\"name\":\"La Sentinelle\",\"description\":\"Quotidien national d&#039;information\",\"publisher\":{\"@id\":\"https:\\\/\\\/lasentinelle.dz\\\/#organization\"},\"potentialAction\":[{\"@type\":\"SearchAction\",\"target\":{\"@type\":\"EntryPoint\",\"urlTemplate\":\"https:\\\/\\\/lasentinelle.dz\\\/?s={search_term_string}\"},\"query-input\":{\"@type\":\"PropertyValueSpecification\",\"valueRequired\":true,\"valueName\":\"search_term_string\"}}],\"inLanguage\":\"fr-FR\"},{\"@type\":\"Organization\",\"@id\":\"https:\\\/\\\/lasentinelle.dz\\\/#organization\",\"name\":\"Quotidien La Sentinelle\",\"url\":\"https:\\\/\\\/lasentinelle.dz\\\/\",\"logo\":{\"@type\":\"ImageObject\",\"inLanguage\":\"fr-FR\",\"@id\":\"https:\\\/\\\/lasentinelle.dz\\\/#\\\/schema\\\/logo\\\/image\\\/\",\"url\":\"https:\\\/\\\/lasentinelle.dz\\\/wp-content\\\/uploads\\\/2021\\\/09\\\/logo-sentinelleSLOGAN-1.png\",\"contentUrl\":\"https:\\\/\\\/lasentinelle.dz\\\/wp-content\\\/uploads\\\/2021\\\/09\\\/logo-sentinelleSLOGAN-1.png\",\"width\":615,\"height\":142,\"caption\":\"Quotidien La Sentinelle\"},\"image\":{\"@id\":\"https:\\\/\\\/lasentinelle.dz\\\/#\\\/schema\\\/logo\\\/image\\\/\"},\"sameAs\":[\"https:\\\/\\\/www.facebook.com\\\/La-Sentinelle-104059864394773\"]},{\"@type\":\"Person\",\"@id\":\"https:\\\/\\\/lasentinelle.dz\\\/#\\\/schema\\\/person\\\/729ee0024f24e0b8c5ec17232f8e8b41\",\"name\":\"admin\",\"image\":{\"@type\":\"ImageObject\",\"inLanguage\":\"fr-FR\",\"@id\":\"https:\\\/\\\/secure.gravatar.com\\\/avatar\\\/4c81fed838786e9b53f540bf46533e750f5d292099ae3b66cfc6fb1982e29df7?s=96&d=mm&r=g\",\"url\":\"https:\\\/\\\/secure.gravatar.com\\\/avatar\\\/4c81fed838786e9b53f540bf46533e750f5d292099ae3b66cfc6fb1982e29df7?s=96&d=mm&r=g\",\"contentUrl\":\"https:\\\/\\\/secure.gravatar.com\\\/avatar\\\/4c81fed838786e9b53f540bf46533e750f5d292099ae3b66cfc6fb1982e29df7?s=96&d=mm&r=g\",\"caption\":\"admin\"},\"description\":\"admin\",\"url\":\"https:\\\/\\\/lasentinelle.dz\\\/author\\\/admin\\\/\"}]}<\/script>\n<!-- \/ Yoast SEO plugin. -->","yoast_head_json":{"title":"Face aux changements climatiques\u00a0: Derbal appelle \u00e0 diversifier les sources d&rsquo;eau - La Sentinelle","robots":{"index":"index","follow":"follow","max-snippet":"max-snippet:-1","max-image-preview":"max-image-preview:large","max-video-preview":"max-video-preview:-1"},"canonical":"https:\/\/lasentinelle.dz\/index.php\/2026\/03\/15\/face-aux-changements-climatiques-derbal-appelle-a-diversifier-les-sources-deau\/","og_locale":"fr_FR","og_type":"article","og_title":"Face aux changements climatiques\u00a0: Derbal appelle \u00e0 diversifier les sources d&rsquo;eau - La Sentinelle","og_description":"Le ministre de l&rsquo;Hydraulique a effectu\u00e9 dimanche une visite de travail dans la wilaya de Chlef, o\u00f9 il a inspect\u00e9","og_url":"https:\/\/lasentinelle.dz\/index.php\/2026\/03\/15\/face-aux-changements-climatiques-derbal-appelle-a-diversifier-les-sources-deau\/","og_site_name":"La Sentinelle","article_publisher":"https:\/\/www.facebook.com\/La-Sentinelle-104059864394773","article_published_time":"2026-03-15T19:10:43+00:00","article_modified_time":"2026-03-15T19:10:45+00:00","og_image":[{"width":2048,"height":1365,"url":"https:\/\/lasentinelle.dz\/wp-content\/uploads\/2026\/01\/derbal.jpg","type":"image\/jpeg"}],"author":"admin","twitter_card":"summary_large_image","twitter_misc":{"\u00c9crit par":"admin","Dur\u00e9e de lecture estim\u00e9e":"2 minutes"},"schema":{"@context":"https:\/\/schema.org","@graph":[{"@type":"Article","@id":"https:\/\/lasentinelle.dz\/index.php\/2026\/03\/15\/face-aux-changements-climatiques-derbal-appelle-a-diversifier-les-sources-deau\/#article","isPartOf":{"@id":"https:\/\/lasentinelle.dz\/index.php\/2026\/03\/15\/face-aux-changements-climatiques-derbal-appelle-a-diversifier-les-sources-deau\/"},"author":{"name":"admin","@id":"https:\/\/lasentinelle.dz\/#\/schema\/person\/729ee0024f24e0b8c5ec17232f8e8b41"},"headline":"Face aux changements climatiques\u00a0: Derbal appelle \u00e0 diversifier les sources d&rsquo;eau","datePublished":"2026-03-15T19:10:43+00:00","dateModified":"2026-03-15T19:10:45+00:00","mainEntityOfPage":{"@id":"https:\/\/lasentinelle.dz\/index.php\/2026\/03\/15\/face-aux-changements-climatiques-derbal-appelle-a-diversifier-les-sources-deau\/"},"wordCount":392,"commentCount":0,"publisher":{"@id":"https:\/\/lasentinelle.dz\/#organization"},"image":{"@id":"https:\/\/lasentinelle.dz\/index.php\/2026\/03\/15\/face-aux-changements-climatiques-derbal-appelle-a-diversifier-les-sources-deau\/#primaryimage"},"thumbnailUrl":"https:\/\/lasentinelle.dz\/wp-content\/uploads\/2026\/01\/derbal.jpg","articleSection":["Actualit\u00e9"],"inLanguage":"fr-FR","potentialAction":[{"@type":"CommentAction","name":"Comment","target":["https:\/\/lasentinelle.dz\/index.php\/2026\/03\/15\/face-aux-changements-climatiques-derbal-appelle-a-diversifier-les-sources-deau\/#respond"]}]},{"@type":"WebPage","@id":"https:\/\/lasentinelle.dz\/index.php\/2026\/03\/15\/face-aux-changements-climatiques-derbal-appelle-a-diversifier-les-sources-deau\/","url":"https:\/\/lasentinelle.dz\/index.php\/2026\/03\/15\/face-aux-changements-climatiques-derbal-appelle-a-diversifier-les-sources-deau\/","name":"Face aux changements climatiques\u00a0: Derbal appelle \u00e0 diversifier les sources d&rsquo;eau - La Sentinelle","isPartOf":{"@id":"https:\/\/lasentinelle.dz\/#website"},"primaryImageOfPage":{"@id":"https:\/\/lasentinelle.dz\/index.php\/2026\/03\/15\/face-aux-changements-climatiques-derbal-appelle-a-diversifier-les-sources-deau\/#primaryimage"},"image":{"@id":"https:\/\/lasentinelle.dz\/index.php\/2026\/03\/15\/face-aux-changements-climatiques-derbal-appelle-a-diversifier-les-sources-deau\/#primaryimage"},"thumbnailUrl":"https:\/\/lasentinelle.dz\/wp-content\/uploads\/2026\/01\/derbal.jpg","datePublished":"2026-03-15T19:10:43+00:00","dateModified":"2026-03-15T19:10:45+00:00","breadcrumb":{"@id":"https:\/\/lasentinelle.dz\/index.php\/2026\/03\/15\/face-aux-changements-climatiques-derbal-appelle-a-diversifier-les-sources-deau\/#breadcrumb"},"inLanguage":"fr-FR","potentialAction":[{"@type":"ReadAction","target":["https:\/\/lasentinelle.dz\/index.php\/2026\/03\/15\/face-aux-changements-climatiques-derbal-appelle-a-diversifier-les-sources-deau\/"]}]},{"@type":"ImageObject","inLanguage":"fr-FR","@id":"https:\/\/lasentinelle.dz\/index.php\/2026\/03\/15\/face-aux-changements-climatiques-derbal-appelle-a-diversifier-les-sources-deau\/#primaryimage","url":"https:\/\/lasentinelle.dz\/wp-content\/uploads\/2026\/01\/derbal.jpg","contentUrl":"https:\/\/lasentinelle.dz\/wp-content\/uploads\/2026\/01\/derbal.jpg","width":2048,"height":1365},{"@type":"BreadcrumbList","@id":"https:\/\/lasentinelle.dz\/index.php\/2026\/03\/15\/face-aux-changements-climatiques-derbal-appelle-a-diversifier-les-sources-deau\/#breadcrumb","itemListElement":[{"@type":"ListItem","position":1,"name":"Accueil","item":"https:\/\/lasentinelle.dz\/"},{"@type":"ListItem","position":2,"name":"Face aux changements climatiques\u00a0: Derbal appelle \u00e0 diversifier les sources d&rsquo;eau"}]},{"@type":"WebSite","@id":"https:\/\/lasentinelle.dz\/#website","url":"https:\/\/lasentinelle.dz\/","name":"La Sentinelle","description":"Quotidien national d&#039;information","publisher":{"@id":"https:\/\/lasentinelle.dz\/#organization"},"potentialAction":[{"@type":"SearchAction","target":{"@type":"EntryPoint","urlTemplate":"https:\/\/lasentinelle.dz\/?s={search_term_string}"},"query-input":{"@type":"PropertyValueSpecification","valueRequired":true,"valueName":"search_term_string"}}],"inLanguage":"fr-FR"},{"@type":"Organization","@id":"https:\/\/lasentinelle.dz\/#organization","name":"Quotidien La Sentinelle","url":"https:\/\/lasentinelle.dz\/","logo":{"@type":"ImageObject","inLanguage":"fr-FR","@id":"https:\/\/lasentinelle.dz\/#\/schema\/logo\/image\/","url":"https:\/\/lasentinelle.dz\/wp-content\/uploads\/2021\/09\/logo-sentinelleSLOGAN-1.png","contentUrl":"https:\/\/lasentinelle.dz\/wp-content\/uploads\/2021\/09\/logo-sentinelleSLOGAN-1.png","width":615,"height":142,"caption":"Quotidien La Sentinelle"},"image":{"@id":"https:\/\/lasentinelle.dz\/#\/schema\/logo\/image\/"},"sameAs":["https:\/\/www.facebook.com\/La-Sentinelle-104059864394773"]},{"@type":"Person","@id":"https:\/\/lasentinelle.dz\/#\/schema\/person\/729ee0024f24e0b8c5ec17232f8e8b41","name":"admin","image":{"@type":"ImageObject","inLanguage":"fr-FR","@id":"https:\/\/secure.gravatar.com\/avatar\/4c81fed838786e9b53f540bf46533e750f5d292099ae3b66cfc6fb1982e29df7?s=96&d=mm&r=g","url":"https:\/\/secure.gravatar.com\/avatar\/4c81fed838786e9b53f540bf46533e750f5d292099ae3b66cfc6fb1982e29df7?s=96&d=mm&r=g","contentUrl":"https:\/\/secure.gravatar.com\/avatar\/4c81fed838786e9b53f540bf46533e750f5d292099ae3b66cfc6fb1982e29df7?s=96&d=mm&r=g","caption":"admin"},"description":"admin","url":"https:\/\/lasentinelle.dz\/author\/admin\/"}]}},"_links":{"self":[{"href":"https:\/\/lasentinelle.dz\/index.php\/wp-json\/wp\/v2\/posts\/83604","targetHints":{"allow":["GET"]}}],"collection":[{"href":"https:\/\/lasentinelle.dz\/index.php\/wp-json\/wp\/v2\/posts"}],"about":[{"href":"https:\/\/lasentinelle.dz\/index.php\/wp-json\/wp\/v2\/types\/post"}],"author":[{"embeddable":true,"href":"https:\/\/lasentinelle.dz\/index.php\/wp-json\/wp\/v2\/users\/6"}],"replies":[{"embeddable":true,"href":"https:\/\/lasentinelle.dz\/index.php\/wp-json\/wp\/v2\/comments?post=83604"}],"version-history":[{"count":2,"href":"https:\/\/lasentinelle.dz\/index.php\/wp-json\/wp\/v2\/posts\/83604\/revisions"}],"predecessor-version":[{"id":83606,"href":"https:\/\/lasentinelle.dz\/index.php\/wp-json\/wp\/v2\/posts\/83604\/revisions\/83606"}],"wp:featuredmedia":[{"embeddable":true,"href":"https:\/\/lasentinelle.dz\/index.php\/wp-json\/wp\/v2\/media\/79695"}],"wp:attachment":[{"href":"https:\/\/lasentinelle.dz\/index.php\/wp-json\/wp\/v2\/media?parent=83604"}],"wp:term":[{"taxonomy":"category","embeddable":true,"href":"https:\/\/lasentinelle.dz\/index.php\/wp-json\/wp\/v2\/categories?post=83604"},{"taxonomy":"post_tag","embeddable":true,"href":"https:\/\/lasentinelle.dz\/index.php\/wp-json\/wp\/v2\/tags?post=83604"}],"curies":[{"name":"wp","href":"https:\/\/api.w.org\/{rel}","templated":true}]}}