{"id":83613,"date":"2026-03-15T20:15:15","date_gmt":"2026-03-15T19:15:15","guid":{"rendered":"https:\/\/lasentinelle.dz\/?p=83613"},"modified":"2026-03-15T20:15:17","modified_gmt":"2026-03-15T19:15:17","slug":"loi-sur-les-partis-politiques-sayoud-defend-un-texte-fondateur-devant-le-conseil-de-la-nation","status":"publish","type":"post","link":"https:\/\/lasentinelle.dz\/index.php\/2026\/03\/15\/loi-sur-les-partis-politiques-sayoud-defend-un-texte-fondateur-devant-le-conseil-de-la-nation\/","title":{"rendered":"Loi sur les partis politiques\u00a0: Sayoud d\u00e9fend un texte fondateur devant le Conseil de la nation"},"content":{"rendered":"\n<p>Le chantier de la r\u00e9forme politique avance. Sa\u00efd Sayoud, ministre de l&rsquo;Int\u00e9rieur, des Collectivit\u00e9s locales et des Transports, \u00e9tait auditionn\u00e9 ce dimanche devant la commission des affaires juridiques et administratives du Conseil de la nation, en pr\u00e9sence de la ministre des Relations avec le Parlement, Nadjiba Djilali. L&rsquo;objet de la s\u00e9ance : le projet de loi organique relatif aux partis politiques, d\u00e9j\u00e0 adopt\u00e9 par l&rsquo;Assembl\u00e9e populaire nationale, et dont l&rsquo;examen par la chambre haute marque une \u00e9tape d\u00e9cisive avant son entr\u00e9e en vigueur. Devant les s\u00e9nateurs r\u00e9unis sous la pr\u00e9sidence de Mohamed Rebah, le ministre a d&#8217;embl\u00e9e pos\u00e9 le cap. L&rsquo;objectif du texte, a-t-il d\u00e9clar\u00e9, est \u00ab d&rsquo;asseoir des bases juridiques et organisationnelles solides pour une vie partisane renouvel\u00e9e, fond\u00e9e sur le professionnalisme et l&rsquo;engagement \u00bb. Une ambition qui tranche avec le flou qui a longtemps caract\u00e9ris\u00e9 l&rsquo;encadrement juridique de la vie partisane en Alg\u00e9rie, et qui traduit une volont\u00e9 affirm\u00e9e de mettre de l&rsquo;ordre dans un champ politique jug\u00e9 insuffisamment structur\u00e9.<\/p>\n\n\n\n<p>Le texte, a pr\u00e9cis\u00e9 Sayoud, tend \u00e0 \u00ab instaurer un cadre juridique clair permettant aux partis politiques de r\u00e9organiser leurs affaires internes conform\u00e9ment aux principes d\u00e9mocratiques, \u00e0 l&rsquo;alternance dans l&rsquo;exercice des responsabilit\u00e9s, \u00e0 la transparence et \u00e0 la reddition de comptes, tout en d\u00e9finissant le cadre juridique r\u00e9gissant la relation entre les formations politiques et l&rsquo;administration \u00bb. Autrement dit, il ne s&rsquo;agit pas seulement de r\u00e9guler, mais de transformer en profondeur la culture organisationnelle des partis, en leur imposant des standards de gouvernance interne que la loi pr\u00e9c\u00e9dente n&rsquo;avait pas su imposer avec suffisamment de rigueur.<\/p>\n\n\n\n<p><strong>Un texte dense, articul\u00e9 autour de seize axes<\/strong><\/p>\n\n\n\n<p>La loi organique se compose de 97 articles r\u00e9partis en sept chapitres, et articule ses dispositions \u2014 nouvelles ou r\u00e9vis\u00e9es \u2014 autour de seize axes th\u00e9matiques. Parmi les mesures les plus significatives figure l&rsquo;interdiction faite aux \u00e9lus de changer d&rsquo;appartenance partisane en cours de mandat. Le texte est sans ambigu\u00eft\u00e9 sur les cons\u00e9quences : tout \u00e9lu contrevenant \u00e0 cette r\u00e8gle encourt \u00ab la d\u00e9ch\u00e9ance de son mandat de plein droit \u00bb. Une disposition qui met fin \u00e0 une pratique r\u00e9guli\u00e8rement d\u00e9nonc\u00e9e, celle du nomadisme politique, par laquelle des \u00e9lus ralliaient d&rsquo;autres formations apr\u00e8s leur \u00e9lection, au m\u00e9pris du choix exprim\u00e9 par les \u00e9lecteurs. Autre nouveaut\u00e9 structurante : la limitation du mandat des responsables de partis \u00e0 cinq ans, renouvelable une seule fois. Cette mesure, qui introduit une forme d&rsquo;alternance obligatoire \u00e0 la t\u00eate des formations politiques, vise \u00e0 pr\u00e9venir la personnalisation excessive du pouvoir au sein des partis et \u00e0 favoriser l&rsquo;\u00e9mergence de nouvelles g\u00e9n\u00e9rations de dirigeants. Par ailleurs, les partis seront d\u00e9sormais tenus de se doter de structures locales permanentes dans l&rsquo;ensemble des wilayas du pays, une exigence d&rsquo;implantation territoriale qui entend mettre fin aux formations fant\u00f4mes, pr\u00e9sentes sur le papier mais inexistantes sur le terrain.<\/p>\n\n\n\n<p>Le texte consacre \u00e9galement des dispositions fermes en mati\u00e8re de financement. Il interdit tout financement \u00e9tranger et renforce les m\u00e9canismes de contr\u00f4le des sources de revenus des partis, dans une logique de transparence financi\u00e8re \u00e9rig\u00e9e en imp\u00e9ratif. La lutte contre la corruption dans l&rsquo;activit\u00e9 partisane est explicitement inscrite dans la loi. En parall\u00e8le, le texte ouvre la voie aux alliances entre partis et \u00e0 leur fusion \u00e9ventuelle, dans un cadre juridique d\u00e9sormais clairement d\u00e9fini. Le ministre a tenu \u00e0 replacer ce texte dans sa filiation constitutionnelle et politique. Il a rappel\u00e9 que la loi organique est \u00ab issue de la Constitution de 2020 \u00bb et qu&rsquo;elle \u00ab a b\u00e9n\u00e9fici\u00e9 d&rsquo;une attention particuli\u00e8re du pr\u00e9sident de la R\u00e9publique, Abdelmadjid Tebboune, dans le cadre de sa d\u00e9marche visant \u00e0 r\u00e9organiser la pratique politique sur des bases constitutionnelles, juridiques et institutionnelles plus efficaces, ainsi que de son attachement \u00e0 associer tous les acteurs pour son \u00e9laboration, son examen et son enrichissement \u00bb. Une mani\u00e8re d&rsquo;inscrire la r\u00e9forme dans une continuit\u00e9 voulue au plus haut niveau de l&rsquo;\u00c9tat, et de lui conf\u00e9rer une l\u00e9gitimit\u00e9 politique au-del\u00e0 de sa port\u00e9e technique.<\/p>\n\n\n\n<p>De son c\u00f4t\u00e9, Mohamed Rebah, pr\u00e9sident de la commission sp\u00e9cialis\u00e9e au Conseil de la nation, a livr\u00e9 une lecture \u00e9quilibr\u00e9e du texte, estimant qu&rsquo;il vise \u00e0 \u00ab \u00e9tablir un \u00e9quilibre entre la libert\u00e9 de l&rsquo;activit\u00e9 politique, d&rsquo;une part, et la n\u00e9cessit\u00e9 de respecter la loi et de pr\u00e9server la stabilit\u00e9 de l&rsquo;\u00c9tat et de ses institutions, d&rsquo;autre part, \u00e0 m\u00eame de contribuer au d\u00e9veloppement de l&rsquo;activit\u00e9 partisane, de dynamiser la vie politique et de promouvoir la participation d\u00e9mocratique en Alg\u00e9rie \u00bb. Une formulation qui r\u00e9sume bien la tension que le l\u00e9gislateur a cherch\u00e9 \u00e0 r\u00e9soudre : encadrer sans \u00e9touffer, r\u00e9guler sans r\u00e9duire.<\/p>\n\n\n\n<p>Le texte poursuit d\u00e9sormais son parcours l\u00e9gislatif au Conseil de la nation. Son adoption d\u00e9finitive ouvrira un nouveau chapitre dans l&rsquo;histoire de la vie partisane du pays.<\/p>\n\n\n\n<p>Hocine Fadheli<\/p>\n","protected":false},"excerpt":{"rendered":"<p>Le chantier de la r\u00e9forme politique avance. Sa\u00efd Sayoud, ministre de l&rsquo;Int\u00e9rieur, des Collectivit\u00e9s locales et des Transports, \u00e9tait auditionn\u00e9<\/p>\n","protected":false},"author":6,"featured_media":83614,"comment_status":"open","ping_status":"closed","sticky":false,"template":"","format":"standard","meta":{"colormag_page_container_layout":"default_layout","colormag_page_sidebar_layout":"default_layout","om_disable_all_campaigns":false,"_monsterinsights_skip_tracking":false,"_monsterinsights_sitenote_active":false,"_monsterinsights_sitenote_note":"","_monsterinsights_sitenote_category":0,"footnotes":"","_wpscppro_dont_share_socialmedia":false,"_wpscppro_custom_social_share_image":0,"_facebook_share_type":"default","_twitter_share_type":"default","_linkedin_share_type":"default","_pinterest_share_type":"default","_linkedin_share_type_page":"","_instagram_share_type":"default","_medium_share_type":"default","_threads_share_type":"default","_google_business_share_type":"default","_selected_social_profile":[],"_wpsp_enable_custom_social_template":false,"_wpsp_social_scheduling":{"enabled":false,"datetime":null,"platforms":[],"status":"template_only","dateOption":"today","timeOption":"now","customDays":"","customHours":"","customDate":"","customTime":"","schedulingType":"absolute"},"_wpsp_active_default_template":true},"categories":[27],"tags":[],"class_list":["post-83613","post","type-post","status-publish","format-standard","has-post-thumbnail","hentry","category-actualite"],"aioseo_notices":[],"yoast_head":"<!-- This site is optimized with the Yoast SEO plugin v27.5 - https:\/\/yoast.com\/product\/yoast-seo-wordpress\/ -->\n<title>Loi sur les partis politiques\u00a0: Sayoud d\u00e9fend un texte fondateur devant le Conseil de la nation - La Sentinelle<\/title>\n<meta name=\"robots\" content=\"index, follow, max-snippet:-1, max-image-preview:large, max-video-preview:-1\" \/>\n<link rel=\"canonical\" href=\"https:\/\/lasentinelle.dz\/index.php\/2026\/03\/15\/loi-sur-les-partis-politiques-sayoud-defend-un-texte-fondateur-devant-le-conseil-de-la-nation\/\" \/>\n<meta property=\"og:locale\" content=\"fr_FR\" \/>\n<meta property=\"og:type\" content=\"article\" \/>\n<meta property=\"og:title\" content=\"Loi sur les partis politiques\u00a0: Sayoud d\u00e9fend un texte fondateur devant le Conseil de la nation - La Sentinelle\" \/>\n<meta property=\"og:description\" content=\"Le chantier de la r\u00e9forme politique avance. Sa\u00efd Sayoud, ministre de l&rsquo;Int\u00e9rieur, des Collectivit\u00e9s locales et des Transports, \u00e9tait auditionn\u00e9\" \/>\n<meta property=\"og:url\" content=\"https:\/\/lasentinelle.dz\/index.php\/2026\/03\/15\/loi-sur-les-partis-politiques-sayoud-defend-un-texte-fondateur-devant-le-conseil-de-la-nation\/\" \/>\n<meta property=\"og:site_name\" content=\"La Sentinelle\" \/>\n<meta property=\"article:publisher\" content=\"https:\/\/www.facebook.com\/La-Sentinelle-104059864394773\" \/>\n<meta property=\"article:published_time\" content=\"2026-03-15T19:15:15+00:00\" \/>\n<meta property=\"article:modified_time\" content=\"2026-03-15T19:15:17+00:00\" \/>\n<meta property=\"og:image\" content=\"https:\/\/lasentinelle.dz\/wp-content\/uploads\/2026\/03\/sayoud-2.jpg\" \/>\n\t<meta property=\"og:image:width\" content=\"2048\" \/>\n\t<meta property=\"og:image:height\" content=\"1365\" \/>\n\t<meta property=\"og:image:type\" content=\"image\/jpeg\" \/>\n<meta name=\"author\" content=\"admin\" \/>\n<meta name=\"twitter:card\" content=\"summary_large_image\" \/>\n<meta name=\"twitter:label1\" content=\"\u00c9crit par\" \/>\n\t<meta name=\"twitter:data1\" content=\"admin\" \/>\n\t<meta name=\"twitter:label2\" content=\"Dur\u00e9e de lecture estim\u00e9e\" \/>\n\t<meta name=\"twitter:data2\" content=\"5 minutes\" \/>\n<script type=\"application\/ld+json\" class=\"yoast-schema-graph\">{\"@context\":\"https:\\\/\\\/schema.org\",\"@graph\":[{\"@type\":\"Article\",\"@id\":\"https:\\\/\\\/lasentinelle.dz\\\/index.php\\\/2026\\\/03\\\/15\\\/loi-sur-les-partis-politiques-sayoud-defend-un-texte-fondateur-devant-le-conseil-de-la-nation\\\/#article\",\"isPartOf\":{\"@id\":\"https:\\\/\\\/lasentinelle.dz\\\/index.php\\\/2026\\\/03\\\/15\\\/loi-sur-les-partis-politiques-sayoud-defend-un-texte-fondateur-devant-le-conseil-de-la-nation\\\/\"},\"author\":{\"name\":\"admin\",\"@id\":\"https:\\\/\\\/lasentinelle.dz\\\/#\\\/schema\\\/person\\\/729ee0024f24e0b8c5ec17232f8e8b41\"},\"headline\":\"Loi sur les partis politiques\u00a0: Sayoud d\u00e9fend un texte fondateur devant le Conseil de la nation\",\"datePublished\":\"2026-03-15T19:15:15+00:00\",\"dateModified\":\"2026-03-15T19:15:17+00:00\",\"mainEntityOfPage\":{\"@id\":\"https:\\\/\\\/lasentinelle.dz\\\/index.php\\\/2026\\\/03\\\/15\\\/loi-sur-les-partis-politiques-sayoud-defend-un-texte-fondateur-devant-le-conseil-de-la-nation\\\/\"},\"wordCount\":886,\"commentCount\":0,\"publisher\":{\"@id\":\"https:\\\/\\\/lasentinelle.dz\\\/#organization\"},\"image\":{\"@id\":\"https:\\\/\\\/lasentinelle.dz\\\/index.php\\\/2026\\\/03\\\/15\\\/loi-sur-les-partis-politiques-sayoud-defend-un-texte-fondateur-devant-le-conseil-de-la-nation\\\/#primaryimage\"},\"thumbnailUrl\":\"https:\\\/\\\/lasentinelle.dz\\\/wp-content\\\/uploads\\\/2026\\\/03\\\/sayoud-2.jpg\",\"articleSection\":[\"Actualit\u00e9\"],\"inLanguage\":\"fr-FR\",\"potentialAction\":[{\"@type\":\"CommentAction\",\"name\":\"Comment\",\"target\":[\"https:\\\/\\\/lasentinelle.dz\\\/index.php\\\/2026\\\/03\\\/15\\\/loi-sur-les-partis-politiques-sayoud-defend-un-texte-fondateur-devant-le-conseil-de-la-nation\\\/#respond\"]}]},{\"@type\":\"WebPage\",\"@id\":\"https:\\\/\\\/lasentinelle.dz\\\/index.php\\\/2026\\\/03\\\/15\\\/loi-sur-les-partis-politiques-sayoud-defend-un-texte-fondateur-devant-le-conseil-de-la-nation\\\/\",\"url\":\"https:\\\/\\\/lasentinelle.dz\\\/index.php\\\/2026\\\/03\\\/15\\\/loi-sur-les-partis-politiques-sayoud-defend-un-texte-fondateur-devant-le-conseil-de-la-nation\\\/\",\"name\":\"Loi sur les partis politiques\u00a0: Sayoud d\u00e9fend un texte fondateur devant le Conseil de la nation - La Sentinelle\",\"isPartOf\":{\"@id\":\"https:\\\/\\\/lasentinelle.dz\\\/#website\"},\"primaryImageOfPage\":{\"@id\":\"https:\\\/\\\/lasentinelle.dz\\\/index.php\\\/2026\\\/03\\\/15\\\/loi-sur-les-partis-politiques-sayoud-defend-un-texte-fondateur-devant-le-conseil-de-la-nation\\\/#primaryimage\"},\"image\":{\"@id\":\"https:\\\/\\\/lasentinelle.dz\\\/index.php\\\/2026\\\/03\\\/15\\\/loi-sur-les-partis-politiques-sayoud-defend-un-texte-fondateur-devant-le-conseil-de-la-nation\\\/#primaryimage\"},\"thumbnailUrl\":\"https:\\\/\\\/lasentinelle.dz\\\/wp-content\\\/uploads\\\/2026\\\/03\\\/sayoud-2.jpg\",\"datePublished\":\"2026-03-15T19:15:15+00:00\",\"dateModified\":\"2026-03-15T19:15:17+00:00\",\"breadcrumb\":{\"@id\":\"https:\\\/\\\/lasentinelle.dz\\\/index.php\\\/2026\\\/03\\\/15\\\/loi-sur-les-partis-politiques-sayoud-defend-un-texte-fondateur-devant-le-conseil-de-la-nation\\\/#breadcrumb\"},\"inLanguage\":\"fr-FR\",\"potentialAction\":[{\"@type\":\"ReadAction\",\"target\":[\"https:\\\/\\\/lasentinelle.dz\\\/index.php\\\/2026\\\/03\\\/15\\\/loi-sur-les-partis-politiques-sayoud-defend-un-texte-fondateur-devant-le-conseil-de-la-nation\\\/\"]}]},{\"@type\":\"ImageObject\",\"inLanguage\":\"fr-FR\",\"@id\":\"https:\\\/\\\/lasentinelle.dz\\\/index.php\\\/2026\\\/03\\\/15\\\/loi-sur-les-partis-politiques-sayoud-defend-un-texte-fondateur-devant-le-conseil-de-la-nation\\\/#primaryimage\",\"url\":\"https:\\\/\\\/lasentinelle.dz\\\/wp-content\\\/uploads\\\/2026\\\/03\\\/sayoud-2.jpg\",\"contentUrl\":\"https:\\\/\\\/lasentinelle.dz\\\/wp-content\\\/uploads\\\/2026\\\/03\\\/sayoud-2.jpg\",\"width\":2048,\"height\":1365},{\"@type\":\"BreadcrumbList\",\"@id\":\"https:\\\/\\\/lasentinelle.dz\\\/index.php\\\/2026\\\/03\\\/15\\\/loi-sur-les-partis-politiques-sayoud-defend-un-texte-fondateur-devant-le-conseil-de-la-nation\\\/#breadcrumb\",\"itemListElement\":[{\"@type\":\"ListItem\",\"position\":1,\"name\":\"Accueil\",\"item\":\"https:\\\/\\\/lasentinelle.dz\\\/\"},{\"@type\":\"ListItem\",\"position\":2,\"name\":\"Loi sur les partis politiques\u00a0: Sayoud d\u00e9fend un texte fondateur devant le Conseil de la nation\"}]},{\"@type\":\"WebSite\",\"@id\":\"https:\\\/\\\/lasentinelle.dz\\\/#website\",\"url\":\"https:\\\/\\\/lasentinelle.dz\\\/\",\"name\":\"La Sentinelle\",\"description\":\"Quotidien national d&#039;information\",\"publisher\":{\"@id\":\"https:\\\/\\\/lasentinelle.dz\\\/#organization\"},\"potentialAction\":[{\"@type\":\"SearchAction\",\"target\":{\"@type\":\"EntryPoint\",\"urlTemplate\":\"https:\\\/\\\/lasentinelle.dz\\\/?s={search_term_string}\"},\"query-input\":{\"@type\":\"PropertyValueSpecification\",\"valueRequired\":true,\"valueName\":\"search_term_string\"}}],\"inLanguage\":\"fr-FR\"},{\"@type\":\"Organization\",\"@id\":\"https:\\\/\\\/lasentinelle.dz\\\/#organization\",\"name\":\"Quotidien La Sentinelle\",\"url\":\"https:\\\/\\\/lasentinelle.dz\\\/\",\"logo\":{\"@type\":\"ImageObject\",\"inLanguage\":\"fr-FR\",\"@id\":\"https:\\\/\\\/lasentinelle.dz\\\/#\\\/schema\\\/logo\\\/image\\\/\",\"url\":\"https:\\\/\\\/lasentinelle.dz\\\/wp-content\\\/uploads\\\/2021\\\/09\\\/logo-sentinelleSLOGAN-1.png\",\"contentUrl\":\"https:\\\/\\\/lasentinelle.dz\\\/wp-content\\\/uploads\\\/2021\\\/09\\\/logo-sentinelleSLOGAN-1.png\",\"width\":615,\"height\":142,\"caption\":\"Quotidien La Sentinelle\"},\"image\":{\"@id\":\"https:\\\/\\\/lasentinelle.dz\\\/#\\\/schema\\\/logo\\\/image\\\/\"},\"sameAs\":[\"https:\\\/\\\/www.facebook.com\\\/La-Sentinelle-104059864394773\"]},{\"@type\":\"Person\",\"@id\":\"https:\\\/\\\/lasentinelle.dz\\\/#\\\/schema\\\/person\\\/729ee0024f24e0b8c5ec17232f8e8b41\",\"name\":\"admin\",\"image\":{\"@type\":\"ImageObject\",\"inLanguage\":\"fr-FR\",\"@id\":\"https:\\\/\\\/secure.gravatar.com\\\/avatar\\\/4c81fed838786e9b53f540bf46533e750f5d292099ae3b66cfc6fb1982e29df7?s=96&d=mm&r=g\",\"url\":\"https:\\\/\\\/secure.gravatar.com\\\/avatar\\\/4c81fed838786e9b53f540bf46533e750f5d292099ae3b66cfc6fb1982e29df7?s=96&d=mm&r=g\",\"contentUrl\":\"https:\\\/\\\/secure.gravatar.com\\\/avatar\\\/4c81fed838786e9b53f540bf46533e750f5d292099ae3b66cfc6fb1982e29df7?s=96&d=mm&r=g\",\"caption\":\"admin\"},\"description\":\"admin\",\"url\":\"https:\\\/\\\/lasentinelle.dz\\\/author\\\/admin\\\/\"}]}<\/script>\n<!-- \/ Yoast SEO plugin. -->","yoast_head_json":{"title":"Loi sur les partis politiques\u00a0: Sayoud d\u00e9fend un texte fondateur devant le Conseil de la nation - La Sentinelle","robots":{"index":"index","follow":"follow","max-snippet":"max-snippet:-1","max-image-preview":"max-image-preview:large","max-video-preview":"max-video-preview:-1"},"canonical":"https:\/\/lasentinelle.dz\/index.php\/2026\/03\/15\/loi-sur-les-partis-politiques-sayoud-defend-un-texte-fondateur-devant-le-conseil-de-la-nation\/","og_locale":"fr_FR","og_type":"article","og_title":"Loi sur les partis politiques\u00a0: Sayoud d\u00e9fend un texte fondateur devant le Conseil de la nation - La Sentinelle","og_description":"Le chantier de la r\u00e9forme politique avance. Sa\u00efd Sayoud, ministre de l&rsquo;Int\u00e9rieur, des Collectivit\u00e9s locales et des Transports, \u00e9tait auditionn\u00e9","og_url":"https:\/\/lasentinelle.dz\/index.php\/2026\/03\/15\/loi-sur-les-partis-politiques-sayoud-defend-un-texte-fondateur-devant-le-conseil-de-la-nation\/","og_site_name":"La Sentinelle","article_publisher":"https:\/\/www.facebook.com\/La-Sentinelle-104059864394773","article_published_time":"2026-03-15T19:15:15+00:00","article_modified_time":"2026-03-15T19:15:17+00:00","og_image":[{"width":2048,"height":1365,"url":"https:\/\/lasentinelle.dz\/wp-content\/uploads\/2026\/03\/sayoud-2.jpg","type":"image\/jpeg"}],"author":"admin","twitter_card":"summary_large_image","twitter_misc":{"\u00c9crit par":"admin","Dur\u00e9e de lecture estim\u00e9e":"5 minutes"},"schema":{"@context":"https:\/\/schema.org","@graph":[{"@type":"Article","@id":"https:\/\/lasentinelle.dz\/index.php\/2026\/03\/15\/loi-sur-les-partis-politiques-sayoud-defend-un-texte-fondateur-devant-le-conseil-de-la-nation\/#article","isPartOf":{"@id":"https:\/\/lasentinelle.dz\/index.php\/2026\/03\/15\/loi-sur-les-partis-politiques-sayoud-defend-un-texte-fondateur-devant-le-conseil-de-la-nation\/"},"author":{"name":"admin","@id":"https:\/\/lasentinelle.dz\/#\/schema\/person\/729ee0024f24e0b8c5ec17232f8e8b41"},"headline":"Loi sur les partis politiques\u00a0: Sayoud d\u00e9fend un texte fondateur devant le Conseil de la nation","datePublished":"2026-03-15T19:15:15+00:00","dateModified":"2026-03-15T19:15:17+00:00","mainEntityOfPage":{"@id":"https:\/\/lasentinelle.dz\/index.php\/2026\/03\/15\/loi-sur-les-partis-politiques-sayoud-defend-un-texte-fondateur-devant-le-conseil-de-la-nation\/"},"wordCount":886,"commentCount":0,"publisher":{"@id":"https:\/\/lasentinelle.dz\/#organization"},"image":{"@id":"https:\/\/lasentinelle.dz\/index.php\/2026\/03\/15\/loi-sur-les-partis-politiques-sayoud-defend-un-texte-fondateur-devant-le-conseil-de-la-nation\/#primaryimage"},"thumbnailUrl":"https:\/\/lasentinelle.dz\/wp-content\/uploads\/2026\/03\/sayoud-2.jpg","articleSection":["Actualit\u00e9"],"inLanguage":"fr-FR","potentialAction":[{"@type":"CommentAction","name":"Comment","target":["https:\/\/lasentinelle.dz\/index.php\/2026\/03\/15\/loi-sur-les-partis-politiques-sayoud-defend-un-texte-fondateur-devant-le-conseil-de-la-nation\/#respond"]}]},{"@type":"WebPage","@id":"https:\/\/lasentinelle.dz\/index.php\/2026\/03\/15\/loi-sur-les-partis-politiques-sayoud-defend-un-texte-fondateur-devant-le-conseil-de-la-nation\/","url":"https:\/\/lasentinelle.dz\/index.php\/2026\/03\/15\/loi-sur-les-partis-politiques-sayoud-defend-un-texte-fondateur-devant-le-conseil-de-la-nation\/","name":"Loi sur les partis politiques\u00a0: Sayoud d\u00e9fend un texte fondateur devant le Conseil de la nation - La Sentinelle","isPartOf":{"@id":"https:\/\/lasentinelle.dz\/#website"},"primaryImageOfPage":{"@id":"https:\/\/lasentinelle.dz\/index.php\/2026\/03\/15\/loi-sur-les-partis-politiques-sayoud-defend-un-texte-fondateur-devant-le-conseil-de-la-nation\/#primaryimage"},"image":{"@id":"https:\/\/lasentinelle.dz\/index.php\/2026\/03\/15\/loi-sur-les-partis-politiques-sayoud-defend-un-texte-fondateur-devant-le-conseil-de-la-nation\/#primaryimage"},"thumbnailUrl":"https:\/\/lasentinelle.dz\/wp-content\/uploads\/2026\/03\/sayoud-2.jpg","datePublished":"2026-03-15T19:15:15+00:00","dateModified":"2026-03-15T19:15:17+00:00","breadcrumb":{"@id":"https:\/\/lasentinelle.dz\/index.php\/2026\/03\/15\/loi-sur-les-partis-politiques-sayoud-defend-un-texte-fondateur-devant-le-conseil-de-la-nation\/#breadcrumb"},"inLanguage":"fr-FR","potentialAction":[{"@type":"ReadAction","target":["https:\/\/lasentinelle.dz\/index.php\/2026\/03\/15\/loi-sur-les-partis-politiques-sayoud-defend-un-texte-fondateur-devant-le-conseil-de-la-nation\/"]}]},{"@type":"ImageObject","inLanguage":"fr-FR","@id":"https:\/\/lasentinelle.dz\/index.php\/2026\/03\/15\/loi-sur-les-partis-politiques-sayoud-defend-un-texte-fondateur-devant-le-conseil-de-la-nation\/#primaryimage","url":"https:\/\/lasentinelle.dz\/wp-content\/uploads\/2026\/03\/sayoud-2.jpg","contentUrl":"https:\/\/lasentinelle.dz\/wp-content\/uploads\/2026\/03\/sayoud-2.jpg","width":2048,"height":1365},{"@type":"BreadcrumbList","@id":"https:\/\/lasentinelle.dz\/index.php\/2026\/03\/15\/loi-sur-les-partis-politiques-sayoud-defend-un-texte-fondateur-devant-le-conseil-de-la-nation\/#breadcrumb","itemListElement":[{"@type":"ListItem","position":1,"name":"Accueil","item":"https:\/\/lasentinelle.dz\/"},{"@type":"ListItem","position":2,"name":"Loi sur les partis politiques\u00a0: Sayoud d\u00e9fend un texte fondateur devant le Conseil de la nation"}]},{"@type":"WebSite","@id":"https:\/\/lasentinelle.dz\/#website","url":"https:\/\/lasentinelle.dz\/","name":"La Sentinelle","description":"Quotidien national d&#039;information","publisher":{"@id":"https:\/\/lasentinelle.dz\/#organization"},"potentialAction":[{"@type":"SearchAction","target":{"@type":"EntryPoint","urlTemplate":"https:\/\/lasentinelle.dz\/?s={search_term_string}"},"query-input":{"@type":"PropertyValueSpecification","valueRequired":true,"valueName":"search_term_string"}}],"inLanguage":"fr-FR"},{"@type":"Organization","@id":"https:\/\/lasentinelle.dz\/#organization","name":"Quotidien La Sentinelle","url":"https:\/\/lasentinelle.dz\/","logo":{"@type":"ImageObject","inLanguage":"fr-FR","@id":"https:\/\/lasentinelle.dz\/#\/schema\/logo\/image\/","url":"https:\/\/lasentinelle.dz\/wp-content\/uploads\/2021\/09\/logo-sentinelleSLOGAN-1.png","contentUrl":"https:\/\/lasentinelle.dz\/wp-content\/uploads\/2021\/09\/logo-sentinelleSLOGAN-1.png","width":615,"height":142,"caption":"Quotidien La Sentinelle"},"image":{"@id":"https:\/\/lasentinelle.dz\/#\/schema\/logo\/image\/"},"sameAs":["https:\/\/www.facebook.com\/La-Sentinelle-104059864394773"]},{"@type":"Person","@id":"https:\/\/lasentinelle.dz\/#\/schema\/person\/729ee0024f24e0b8c5ec17232f8e8b41","name":"admin","image":{"@type":"ImageObject","inLanguage":"fr-FR","@id":"https:\/\/secure.gravatar.com\/avatar\/4c81fed838786e9b53f540bf46533e750f5d292099ae3b66cfc6fb1982e29df7?s=96&d=mm&r=g","url":"https:\/\/secure.gravatar.com\/avatar\/4c81fed838786e9b53f540bf46533e750f5d292099ae3b66cfc6fb1982e29df7?s=96&d=mm&r=g","contentUrl":"https:\/\/secure.gravatar.com\/avatar\/4c81fed838786e9b53f540bf46533e750f5d292099ae3b66cfc6fb1982e29df7?s=96&d=mm&r=g","caption":"admin"},"description":"admin","url":"https:\/\/lasentinelle.dz\/author\/admin\/"}]}},"_links":{"self":[{"href":"https:\/\/lasentinelle.dz\/index.php\/wp-json\/wp\/v2\/posts\/83613","targetHints":{"allow":["GET"]}}],"collection":[{"href":"https:\/\/lasentinelle.dz\/index.php\/wp-json\/wp\/v2\/posts"}],"about":[{"href":"https:\/\/lasentinelle.dz\/index.php\/wp-json\/wp\/v2\/types\/post"}],"author":[{"embeddable":true,"href":"https:\/\/lasentinelle.dz\/index.php\/wp-json\/wp\/v2\/users\/6"}],"replies":[{"embeddable":true,"href":"https:\/\/lasentinelle.dz\/index.php\/wp-json\/wp\/v2\/comments?post=83613"}],"version-history":[{"count":1,"href":"https:\/\/lasentinelle.dz\/index.php\/wp-json\/wp\/v2\/posts\/83613\/revisions"}],"predecessor-version":[{"id":83615,"href":"https:\/\/lasentinelle.dz\/index.php\/wp-json\/wp\/v2\/posts\/83613\/revisions\/83615"}],"wp:featuredmedia":[{"embeddable":true,"href":"https:\/\/lasentinelle.dz\/index.php\/wp-json\/wp\/v2\/media\/83614"}],"wp:attachment":[{"href":"https:\/\/lasentinelle.dz\/index.php\/wp-json\/wp\/v2\/media?parent=83613"}],"wp:term":[{"taxonomy":"category","embeddable":true,"href":"https:\/\/lasentinelle.dz\/index.php\/wp-json\/wp\/v2\/categories?post=83613"},{"taxonomy":"post_tag","embeddable":true,"href":"https:\/\/lasentinelle.dz\/index.php\/wp-json\/wp\/v2\/tags?post=83613"}],"curies":[{"name":"wp","href":"https:\/\/api.w.org\/{rel}","templated":true}]}}