{"id":83623,"date":"2026-03-15T20:19:27","date_gmt":"2026-03-15T19:19:27","guid":{"rendered":"https:\/\/lasentinelle.dz\/?p=83623"},"modified":"2026-03-15T20:19:29","modified_gmt":"2026-03-15T19:19:29","slug":"lugcaa-souligne-les-transformations-structurelles-de-la-filiere-lait-un-pas-de-plus-vers-la-souverainete-alimentaire","status":"publish","type":"post","link":"https:\/\/lasentinelle.dz\/index.php\/2026\/03\/15\/lugcaa-souligne-les-transformations-structurelles-de-la-filiere-lait-un-pas-de-plus-vers-la-souverainete-alimentaire\/","title":{"rendered":"L\u2019UGCAA souligne les transformations structurelles de la fili\u00e8re lait\u00a0: Un pas de plus vers la souverainet\u00e9 alimentaire"},"content":{"rendered":"\n<p>Alors que la facture des importations de poudre de lait a atteint 343 millions de dollars en 2025 et que les turbulences g\u00e9opolitiques mondiales fragilisent les cha\u00eenes d&rsquo;approvisionnement internationales, l&rsquo;Alg\u00e9rie engage une transformation en profondeur de son secteur laitier, articul\u00e9e autour d&rsquo;un contr\u00f4le renforc\u00e9 des importations et d&rsquo;un investissement massif dans la production locale, avec l&rsquo;ambition de passer d&rsquo;un mod\u00e8le de d\u00e9pendance aux march\u00e9s ext\u00e9rieurs \u00e0 une v\u00e9ritable souverainet\u00e9 productive. C&rsquo;est le constat d\u00e9taill\u00e9 que dresse l&rsquo;Union g\u00e9n\u00e9rale des commer\u00e7ants et artisans alg\u00e9riens (UGCAA) dans un document d&rsquo;analyse consacr\u00e9 aux mutations du march\u00e9 laitier national. Les chiffres compil\u00e9s par l&rsquo;UGCAA sont \u00e9loquents. En 2025, les importations alg\u00e9riennes de poudre de lait ont culmin\u00e9 \u00e0 environ 343 millions de dollars, principalement en provenance d&rsquo;Uruguay. Ce montant, loin d&rsquo;\u00eatre un simple indicateur commercial, traduit selon le document \u00ab l&rsquo;ampleur du foss\u00e9 entre la production locale et la consommation nationale \u00bb, dans un pays o\u00f9 le lait et ses d\u00e9riv\u00e9s constituent un pilier du r\u00e9gime alimentaire. Avec un prix du march\u00e9 mondial atteignant par moments les 4 000 dollars la tonne, cette facture p\u00e8se lourdement sur les r\u00e9serves de change et impose une gestion rigoureuse des ressources financi\u00e8res de l&rsquo;\u00c9tat. Dans un contexte g\u00e9opolitique marqu\u00e9 par les conflits arm\u00e9s, les sanctions \u00e9conomiques, les perturbations des routes maritimes et la volatilit\u00e9 des march\u00e9s des mati\u00e8res premi\u00e8res, cette d\u00e9pendance structurelle expose directement la s\u00e9curit\u00e9 alimentaire du pays. Les crises r\u00e9centes \u2014 de la pand\u00e9mie de Covid-19 \u00e0 la guerre en Ukraine et aux tensions actuelles au Moyen-Orient \u2014 ont d\u00e9montr\u00e9 \u00e0 quel point les cha\u00eenes d&rsquo;approvisionnement mondiales pouvaient \u00eatre brutalement interrompues, rendant vuln\u00e9rables les pays importateurs nets de denr\u00e9es de base. Pour une nation de plus de 45 millions d&rsquo;habitants dont la consommation de produits laitiers figure parmi les plus \u00e9lev\u00e9es du continent africain, la question de la souverainet\u00e9 laiti\u00e8re d\u00e9passe la sph\u00e8re \u00e9conomique pour relever de la s\u00e9curit\u00e9 nationale.<\/p>\n\n\n\n<p>Pour renforcer l&rsquo;efficacit\u00e9 du contr\u00f4le des importations alimentaires, les autorit\u00e9s ont d\u00e9ploy\u00e9 des laboratoires mobiles dans les ports alg\u00e9riens, op\u00e9rant sous la supervision du Centre alg\u00e9rien de contr\u00f4le de la qualit\u00e9 et de l&#8217;emballage (CACQE). Ces unit\u00e9s permettent de r\u00e9aliser des analyses de conformit\u00e9 directement sur les quais, en un temps record de quelques minutes seulement, l\u00e0 o\u00f9 les proc\u00e9dures classiques n\u00e9cessitaient des d\u00e9lais bien plus longs. L&rsquo;UGCAA souligne la double utilit\u00e9 de ce dispositif. D&rsquo;une part, il prot\u00e8ge le consommateur alg\u00e9rien contre l&rsquo;entr\u00e9e sur le march\u00e9 de produits alimentaires non conformes aux normes sanitaires et techniques. D&rsquo;autre part, il pr\u00e9serve les deniers publics en emp\u00eachant l&rsquo;acquisition, en devises fortes, de marchandises de qualit\u00e9 insuffisante. En r\u00e9duisant consid\u00e9rablement la dur\u00e9e des analyses, ces laboratoires contribuent \u00e9galement \u00e0 diminuer les temps d&rsquo;immobilisation des conteneurs dans les enceintes portuaires, avec \u00e0 la cl\u00e9 une baisse des co\u00fbts de stockage et des p\u00e9nalit\u00e9s de retard, au b\u00e9n\u00e9fice de l&rsquo;ensemble de la cha\u00eene logistique du commerce ext\u00e9rieur.<\/p>\n\n\n\n<p><strong>Un tournant historique vers la souverainet\u00e9 alimentaire<\/strong><\/p>\n\n\n\n<p>La vision strat\u00e9gique de l&rsquo;\u00c9tat ne se limite toutefois pas \u00e0 mieux encadrer les importations. Elle s&rsquo;attaque \u00e0 la racine du probl\u00e8me en misant sur la localisation de la production nationale. Le document de l&rsquo;UGCAA met en avant le lancement du projet Baladna dans le sud du pays, un investissement d&rsquo;envergure estim\u00e9 \u00e0 quelque 3,5 milliards de dollars, qui constitue la pi\u00e8ce ma\u00eetresse de cette ambition de souverainet\u00e9 laiti\u00e8re. Ce m\u00e9gaprojet vise une production annuelle d&rsquo;environ 1,7 milliard de litres de lait, un volume qui repr\u00e9senterait une contribution majeure \u00e0 la r\u00e9duction du d\u00e9ficit entre l&rsquo;offre locale et la demande nationale. L&rsquo;UGCAA insiste sur la port\u00e9e strat\u00e9gique de cet investissement \u00e0 plusieurs niveaux. En premier lieu, il permettra de reconqu\u00e9rir une plus grande ma\u00eetrise des prix, en d\u00e9couplant le co\u00fbt du lait sur le march\u00e9 int\u00e9rieur des fluctuations erratiques des cours mondiaux. En second lieu, il am\u00e9liorera l&rsquo;efficience de la d\u00e9pense publique : le co\u00fbt total du projet \u00e9quivaut approximativement \u00e0 la facture d&rsquo;importation de poudre de lait cumul\u00e9e sur quelques ann\u00e9es seulement, au-del\u00e0 desquelles la production locale se transforme en source de valeur \u00e9conomique durable et p\u00e9renne. Au-del\u00e0 du lait lui-m\u00eame, le projet Baladna est porteur de ce que les \u00e9conomistes appellent un \u00ab effet multiplicateur \u00bb. Sa mise en \u0153uvre activera toute une cha\u00eene de secteurs connexes : culture fourrag\u00e8re, services v\u00e9t\u00e9rinaires, industries agroalimentaires de transformation, emballage, transport et logistique du froid. Il contribuera en outre au d\u00e9veloppement des r\u00e9gions du Sud et \u00e0 la cr\u00e9ation d&#8217;emplois dans des zones qui en ont particuli\u00e8rement besoin, conf\u00e9rant au projet une dimension d&rsquo;am\u00e9nagement du territoire qui d\u00e9passe largement la seule fili\u00e8re laiti\u00e8re.<\/p>\n\n\n\n<p>En d\u00e9finitive, le document de l&rsquo;UGCAA souligne que l\u2019Alg\u00e9rie se trouve aujourd&rsquo;hui \u00e0 un point d&rsquo;inflexion historique dans la gestion de son secteur laitier. La phase actuelle marque un passage progressif d&rsquo;un mod\u00e8le fond\u00e9 sur l&rsquo;importation massive de poudre de lait vers un mod\u00e8le reposant sur une production locale \u00e0 grande \u00e9chelle de lait frais et de produits d\u00e9riv\u00e9s. Lorsque cet appareil productif sera pleinement op\u00e9rationnel, le pays pourra r\u00e9duire de mani\u00e8re significative sa facture d&rsquo;importation, avec une \u00e9conomie potentielle estim\u00e9e \u00e0 pr\u00e8s de 600 millions de dollars par an en devises fortes.<\/p>\n\n\n\n<p>Sabrina Aziouez<\/p>\n","protected":false},"excerpt":{"rendered":"<p>Alors que la facture des importations de poudre de lait a atteint 343 millions de dollars en 2025 et que<\/p>\n","protected":false},"author":6,"featured_media":83624,"comment_status":"open","ping_status":"closed","sticky":false,"template":"","format":"standard","meta":{"colormag_page_container_layout":"default_layout","colormag_page_sidebar_layout":"default_layout","om_disable_all_campaigns":false,"_monsterinsights_skip_tracking":false,"_monsterinsights_sitenote_active":false,"_monsterinsights_sitenote_note":"","_monsterinsights_sitenote_category":0,"footnotes":"","_wpscppro_dont_share_socialmedia":false,"_wpscppro_custom_social_share_image":0,"_facebook_share_type":"default","_twitter_share_type":"default","_linkedin_share_type":"default","_pinterest_share_type":"default","_linkedin_share_type_page":"","_instagram_share_type":"default","_medium_share_type":"default","_threads_share_type":"default","_google_business_share_type":"default","_selected_social_profile":[],"_wpsp_enable_custom_social_template":false,"_wpsp_social_scheduling":{"enabled":false,"datetime":null,"platforms":[],"status":"template_only","dateOption":"today","timeOption":"now","customDays":"","customHours":"","customDate":"","customTime":"","schedulingType":"absolute"},"_wpsp_active_default_template":true},"categories":[29],"tags":[],"class_list":["post-83623","post","type-post","status-publish","format-standard","has-post-thumbnail","hentry","category-economie"],"aioseo_notices":[],"yoast_head":"<!-- This site is optimized with the Yoast SEO plugin v27.5 - https:\/\/yoast.com\/product\/yoast-seo-wordpress\/ -->\n<title>L\u2019UGCAA souligne les transformations structurelles de la fili\u00e8re lait\u00a0: Un pas de plus vers la souverainet\u00e9 alimentaire - La Sentinelle<\/title>\n<meta name=\"robots\" content=\"index, follow, max-snippet:-1, max-image-preview:large, max-video-preview:-1\" \/>\n<link rel=\"canonical\" href=\"https:\/\/lasentinelle.dz\/index.php\/2026\/03\/15\/lugcaa-souligne-les-transformations-structurelles-de-la-filiere-lait-un-pas-de-plus-vers-la-souverainete-alimentaire\/\" \/>\n<meta property=\"og:locale\" content=\"fr_FR\" \/>\n<meta property=\"og:type\" content=\"article\" \/>\n<meta property=\"og:title\" content=\"L\u2019UGCAA souligne les transformations structurelles de la fili\u00e8re lait\u00a0: Un pas de plus vers la souverainet\u00e9 alimentaire - La Sentinelle\" \/>\n<meta property=\"og:description\" content=\"Alors que la facture des importations de poudre de lait a atteint 343 millions de dollars en 2025 et que\" \/>\n<meta property=\"og:url\" content=\"https:\/\/lasentinelle.dz\/index.php\/2026\/03\/15\/lugcaa-souligne-les-transformations-structurelles-de-la-filiere-lait-un-pas-de-plus-vers-la-souverainete-alimentaire\/\" \/>\n<meta property=\"og:site_name\" content=\"La Sentinelle\" \/>\n<meta property=\"article:publisher\" content=\"https:\/\/www.facebook.com\/La-Sentinelle-104059864394773\" \/>\n<meta property=\"article:published_time\" content=\"2026-03-15T19:19:27+00:00\" \/>\n<meta property=\"article:modified_time\" content=\"2026-03-15T19:19:29+00:00\" \/>\n<meta property=\"og:image\" content=\"https:\/\/lasentinelle.dz\/wp-content\/uploads\/2026\/03\/filiere-laitiere.jpg\" \/>\n\t<meta property=\"og:image:width\" content=\"745\" \/>\n\t<meta property=\"og:image:height\" content=\"470\" \/>\n\t<meta property=\"og:image:type\" content=\"image\/jpeg\" \/>\n<meta name=\"author\" content=\"admin\" \/>\n<meta name=\"twitter:card\" content=\"summary_large_image\" \/>\n<meta name=\"twitter:label1\" content=\"\u00c9crit par\" \/>\n\t<meta name=\"twitter:data1\" content=\"admin\" \/>\n\t<meta name=\"twitter:label2\" content=\"Dur\u00e9e de lecture estim\u00e9e\" \/>\n\t<meta name=\"twitter:data2\" content=\"5 minutes\" \/>\n<script type=\"application\/ld+json\" class=\"yoast-schema-graph\">{\"@context\":\"https:\\\/\\\/schema.org\",\"@graph\":[{\"@type\":\"Article\",\"@id\":\"https:\\\/\\\/lasentinelle.dz\\\/index.php\\\/2026\\\/03\\\/15\\\/lugcaa-souligne-les-transformations-structurelles-de-la-filiere-lait-un-pas-de-plus-vers-la-souverainete-alimentaire\\\/#article\",\"isPartOf\":{\"@id\":\"https:\\\/\\\/lasentinelle.dz\\\/index.php\\\/2026\\\/03\\\/15\\\/lugcaa-souligne-les-transformations-structurelles-de-la-filiere-lait-un-pas-de-plus-vers-la-souverainete-alimentaire\\\/\"},\"author\":{\"name\":\"admin\",\"@id\":\"https:\\\/\\\/lasentinelle.dz\\\/#\\\/schema\\\/person\\\/729ee0024f24e0b8c5ec17232f8e8b41\"},\"headline\":\"L\u2019UGCAA souligne les transformations structurelles de la fili\u00e8re lait\u00a0: Un pas de plus vers la souverainet\u00e9 alimentaire\",\"datePublished\":\"2026-03-15T19:19:27+00:00\",\"dateModified\":\"2026-03-15T19:19:29+00:00\",\"mainEntityOfPage\":{\"@id\":\"https:\\\/\\\/lasentinelle.dz\\\/index.php\\\/2026\\\/03\\\/15\\\/lugcaa-souligne-les-transformations-structurelles-de-la-filiere-lait-un-pas-de-plus-vers-la-souverainete-alimentaire\\\/\"},\"wordCount\":995,\"commentCount\":0,\"publisher\":{\"@id\":\"https:\\\/\\\/lasentinelle.dz\\\/#organization\"},\"image\":{\"@id\":\"https:\\\/\\\/lasentinelle.dz\\\/index.php\\\/2026\\\/03\\\/15\\\/lugcaa-souligne-les-transformations-structurelles-de-la-filiere-lait-un-pas-de-plus-vers-la-souverainete-alimentaire\\\/#primaryimage\"},\"thumbnailUrl\":\"https:\\\/\\\/lasentinelle.dz\\\/wp-content\\\/uploads\\\/2026\\\/03\\\/filiere-laitiere.jpg\",\"articleSection\":[\"\u00c9conomie\"],\"inLanguage\":\"fr-FR\",\"potentialAction\":[{\"@type\":\"CommentAction\",\"name\":\"Comment\",\"target\":[\"https:\\\/\\\/lasentinelle.dz\\\/index.php\\\/2026\\\/03\\\/15\\\/lugcaa-souligne-les-transformations-structurelles-de-la-filiere-lait-un-pas-de-plus-vers-la-souverainete-alimentaire\\\/#respond\"]}]},{\"@type\":\"WebPage\",\"@id\":\"https:\\\/\\\/lasentinelle.dz\\\/index.php\\\/2026\\\/03\\\/15\\\/lugcaa-souligne-les-transformations-structurelles-de-la-filiere-lait-un-pas-de-plus-vers-la-souverainete-alimentaire\\\/\",\"url\":\"https:\\\/\\\/lasentinelle.dz\\\/index.php\\\/2026\\\/03\\\/15\\\/lugcaa-souligne-les-transformations-structurelles-de-la-filiere-lait-un-pas-de-plus-vers-la-souverainete-alimentaire\\\/\",\"name\":\"L\u2019UGCAA souligne les transformations structurelles de la fili\u00e8re lait\u00a0: Un pas de plus vers la souverainet\u00e9 alimentaire - La Sentinelle\",\"isPartOf\":{\"@id\":\"https:\\\/\\\/lasentinelle.dz\\\/#website\"},\"primaryImageOfPage\":{\"@id\":\"https:\\\/\\\/lasentinelle.dz\\\/index.php\\\/2026\\\/03\\\/15\\\/lugcaa-souligne-les-transformations-structurelles-de-la-filiere-lait-un-pas-de-plus-vers-la-souverainete-alimentaire\\\/#primaryimage\"},\"image\":{\"@id\":\"https:\\\/\\\/lasentinelle.dz\\\/index.php\\\/2026\\\/03\\\/15\\\/lugcaa-souligne-les-transformations-structurelles-de-la-filiere-lait-un-pas-de-plus-vers-la-souverainete-alimentaire\\\/#primaryimage\"},\"thumbnailUrl\":\"https:\\\/\\\/lasentinelle.dz\\\/wp-content\\\/uploads\\\/2026\\\/03\\\/filiere-laitiere.jpg\",\"datePublished\":\"2026-03-15T19:19:27+00:00\",\"dateModified\":\"2026-03-15T19:19:29+00:00\",\"breadcrumb\":{\"@id\":\"https:\\\/\\\/lasentinelle.dz\\\/index.php\\\/2026\\\/03\\\/15\\\/lugcaa-souligne-les-transformations-structurelles-de-la-filiere-lait-un-pas-de-plus-vers-la-souverainete-alimentaire\\\/#breadcrumb\"},\"inLanguage\":\"fr-FR\",\"potentialAction\":[{\"@type\":\"ReadAction\",\"target\":[\"https:\\\/\\\/lasentinelle.dz\\\/index.php\\\/2026\\\/03\\\/15\\\/lugcaa-souligne-les-transformations-structurelles-de-la-filiere-lait-un-pas-de-plus-vers-la-souverainete-alimentaire\\\/\"]}]},{\"@type\":\"ImageObject\",\"inLanguage\":\"fr-FR\",\"@id\":\"https:\\\/\\\/lasentinelle.dz\\\/index.php\\\/2026\\\/03\\\/15\\\/lugcaa-souligne-les-transformations-structurelles-de-la-filiere-lait-un-pas-de-plus-vers-la-souverainete-alimentaire\\\/#primaryimage\",\"url\":\"https:\\\/\\\/lasentinelle.dz\\\/wp-content\\\/uploads\\\/2026\\\/03\\\/filiere-laitiere.jpg\",\"contentUrl\":\"https:\\\/\\\/lasentinelle.dz\\\/wp-content\\\/uploads\\\/2026\\\/03\\\/filiere-laitiere.jpg\",\"width\":745,\"height\":470},{\"@type\":\"BreadcrumbList\",\"@id\":\"https:\\\/\\\/lasentinelle.dz\\\/index.php\\\/2026\\\/03\\\/15\\\/lugcaa-souligne-les-transformations-structurelles-de-la-filiere-lait-un-pas-de-plus-vers-la-souverainete-alimentaire\\\/#breadcrumb\",\"itemListElement\":[{\"@type\":\"ListItem\",\"position\":1,\"name\":\"Accueil\",\"item\":\"https:\\\/\\\/lasentinelle.dz\\\/\"},{\"@type\":\"ListItem\",\"position\":2,\"name\":\"L\u2019UGCAA souligne les transformations structurelles de la fili\u00e8re lait\u00a0: Un pas de plus vers la souverainet\u00e9 alimentaire\"}]},{\"@type\":\"WebSite\",\"@id\":\"https:\\\/\\\/lasentinelle.dz\\\/#website\",\"url\":\"https:\\\/\\\/lasentinelle.dz\\\/\",\"name\":\"La Sentinelle\",\"description\":\"Quotidien national d&#039;information\",\"publisher\":{\"@id\":\"https:\\\/\\\/lasentinelle.dz\\\/#organization\"},\"potentialAction\":[{\"@type\":\"SearchAction\",\"target\":{\"@type\":\"EntryPoint\",\"urlTemplate\":\"https:\\\/\\\/lasentinelle.dz\\\/?s={search_term_string}\"},\"query-input\":{\"@type\":\"PropertyValueSpecification\",\"valueRequired\":true,\"valueName\":\"search_term_string\"}}],\"inLanguage\":\"fr-FR\"},{\"@type\":\"Organization\",\"@id\":\"https:\\\/\\\/lasentinelle.dz\\\/#organization\",\"name\":\"Quotidien La Sentinelle\",\"url\":\"https:\\\/\\\/lasentinelle.dz\\\/\",\"logo\":{\"@type\":\"ImageObject\",\"inLanguage\":\"fr-FR\",\"@id\":\"https:\\\/\\\/lasentinelle.dz\\\/#\\\/schema\\\/logo\\\/image\\\/\",\"url\":\"https:\\\/\\\/lasentinelle.dz\\\/wp-content\\\/uploads\\\/2021\\\/09\\\/logo-sentinelleSLOGAN-1.png\",\"contentUrl\":\"https:\\\/\\\/lasentinelle.dz\\\/wp-content\\\/uploads\\\/2021\\\/09\\\/logo-sentinelleSLOGAN-1.png\",\"width\":615,\"height\":142,\"caption\":\"Quotidien La Sentinelle\"},\"image\":{\"@id\":\"https:\\\/\\\/lasentinelle.dz\\\/#\\\/schema\\\/logo\\\/image\\\/\"},\"sameAs\":[\"https:\\\/\\\/www.facebook.com\\\/La-Sentinelle-104059864394773\"]},{\"@type\":\"Person\",\"@id\":\"https:\\\/\\\/lasentinelle.dz\\\/#\\\/schema\\\/person\\\/729ee0024f24e0b8c5ec17232f8e8b41\",\"name\":\"admin\",\"image\":{\"@type\":\"ImageObject\",\"inLanguage\":\"fr-FR\",\"@id\":\"https:\\\/\\\/secure.gravatar.com\\\/avatar\\\/4c81fed838786e9b53f540bf46533e750f5d292099ae3b66cfc6fb1982e29df7?s=96&d=mm&r=g\",\"url\":\"https:\\\/\\\/secure.gravatar.com\\\/avatar\\\/4c81fed838786e9b53f540bf46533e750f5d292099ae3b66cfc6fb1982e29df7?s=96&d=mm&r=g\",\"contentUrl\":\"https:\\\/\\\/secure.gravatar.com\\\/avatar\\\/4c81fed838786e9b53f540bf46533e750f5d292099ae3b66cfc6fb1982e29df7?s=96&d=mm&r=g\",\"caption\":\"admin\"},\"description\":\"admin\",\"url\":\"https:\\\/\\\/lasentinelle.dz\\\/author\\\/admin\\\/\"}]}<\/script>\n<!-- \/ Yoast SEO plugin. -->","yoast_head_json":{"title":"L\u2019UGCAA souligne les transformations structurelles de la fili\u00e8re lait\u00a0: Un pas de plus vers la souverainet\u00e9 alimentaire - La Sentinelle","robots":{"index":"index","follow":"follow","max-snippet":"max-snippet:-1","max-image-preview":"max-image-preview:large","max-video-preview":"max-video-preview:-1"},"canonical":"https:\/\/lasentinelle.dz\/index.php\/2026\/03\/15\/lugcaa-souligne-les-transformations-structurelles-de-la-filiere-lait-un-pas-de-plus-vers-la-souverainete-alimentaire\/","og_locale":"fr_FR","og_type":"article","og_title":"L\u2019UGCAA souligne les transformations structurelles de la fili\u00e8re lait\u00a0: Un pas de plus vers la souverainet\u00e9 alimentaire - La Sentinelle","og_description":"Alors que la facture des importations de poudre de lait a atteint 343 millions de dollars en 2025 et que","og_url":"https:\/\/lasentinelle.dz\/index.php\/2026\/03\/15\/lugcaa-souligne-les-transformations-structurelles-de-la-filiere-lait-un-pas-de-plus-vers-la-souverainete-alimentaire\/","og_site_name":"La Sentinelle","article_publisher":"https:\/\/www.facebook.com\/La-Sentinelle-104059864394773","article_published_time":"2026-03-15T19:19:27+00:00","article_modified_time":"2026-03-15T19:19:29+00:00","og_image":[{"width":745,"height":470,"url":"https:\/\/lasentinelle.dz\/wp-content\/uploads\/2026\/03\/filiere-laitiere.jpg","type":"image\/jpeg"}],"author":"admin","twitter_card":"summary_large_image","twitter_misc":{"\u00c9crit par":"admin","Dur\u00e9e de lecture estim\u00e9e":"5 minutes"},"schema":{"@context":"https:\/\/schema.org","@graph":[{"@type":"Article","@id":"https:\/\/lasentinelle.dz\/index.php\/2026\/03\/15\/lugcaa-souligne-les-transformations-structurelles-de-la-filiere-lait-un-pas-de-plus-vers-la-souverainete-alimentaire\/#article","isPartOf":{"@id":"https:\/\/lasentinelle.dz\/index.php\/2026\/03\/15\/lugcaa-souligne-les-transformations-structurelles-de-la-filiere-lait-un-pas-de-plus-vers-la-souverainete-alimentaire\/"},"author":{"name":"admin","@id":"https:\/\/lasentinelle.dz\/#\/schema\/person\/729ee0024f24e0b8c5ec17232f8e8b41"},"headline":"L\u2019UGCAA souligne les transformations structurelles de la fili\u00e8re lait\u00a0: Un pas de plus vers la souverainet\u00e9 alimentaire","datePublished":"2026-03-15T19:19:27+00:00","dateModified":"2026-03-15T19:19:29+00:00","mainEntityOfPage":{"@id":"https:\/\/lasentinelle.dz\/index.php\/2026\/03\/15\/lugcaa-souligne-les-transformations-structurelles-de-la-filiere-lait-un-pas-de-plus-vers-la-souverainete-alimentaire\/"},"wordCount":995,"commentCount":0,"publisher":{"@id":"https:\/\/lasentinelle.dz\/#organization"},"image":{"@id":"https:\/\/lasentinelle.dz\/index.php\/2026\/03\/15\/lugcaa-souligne-les-transformations-structurelles-de-la-filiere-lait-un-pas-de-plus-vers-la-souverainete-alimentaire\/#primaryimage"},"thumbnailUrl":"https:\/\/lasentinelle.dz\/wp-content\/uploads\/2026\/03\/filiere-laitiere.jpg","articleSection":["\u00c9conomie"],"inLanguage":"fr-FR","potentialAction":[{"@type":"CommentAction","name":"Comment","target":["https:\/\/lasentinelle.dz\/index.php\/2026\/03\/15\/lugcaa-souligne-les-transformations-structurelles-de-la-filiere-lait-un-pas-de-plus-vers-la-souverainete-alimentaire\/#respond"]}]},{"@type":"WebPage","@id":"https:\/\/lasentinelle.dz\/index.php\/2026\/03\/15\/lugcaa-souligne-les-transformations-structurelles-de-la-filiere-lait-un-pas-de-plus-vers-la-souverainete-alimentaire\/","url":"https:\/\/lasentinelle.dz\/index.php\/2026\/03\/15\/lugcaa-souligne-les-transformations-structurelles-de-la-filiere-lait-un-pas-de-plus-vers-la-souverainete-alimentaire\/","name":"L\u2019UGCAA souligne les transformations structurelles de la fili\u00e8re lait\u00a0: Un pas de plus vers la souverainet\u00e9 alimentaire - La Sentinelle","isPartOf":{"@id":"https:\/\/lasentinelle.dz\/#website"},"primaryImageOfPage":{"@id":"https:\/\/lasentinelle.dz\/index.php\/2026\/03\/15\/lugcaa-souligne-les-transformations-structurelles-de-la-filiere-lait-un-pas-de-plus-vers-la-souverainete-alimentaire\/#primaryimage"},"image":{"@id":"https:\/\/lasentinelle.dz\/index.php\/2026\/03\/15\/lugcaa-souligne-les-transformations-structurelles-de-la-filiere-lait-un-pas-de-plus-vers-la-souverainete-alimentaire\/#primaryimage"},"thumbnailUrl":"https:\/\/lasentinelle.dz\/wp-content\/uploads\/2026\/03\/filiere-laitiere.jpg","datePublished":"2026-03-15T19:19:27+00:00","dateModified":"2026-03-15T19:19:29+00:00","breadcrumb":{"@id":"https:\/\/lasentinelle.dz\/index.php\/2026\/03\/15\/lugcaa-souligne-les-transformations-structurelles-de-la-filiere-lait-un-pas-de-plus-vers-la-souverainete-alimentaire\/#breadcrumb"},"inLanguage":"fr-FR","potentialAction":[{"@type":"ReadAction","target":["https:\/\/lasentinelle.dz\/index.php\/2026\/03\/15\/lugcaa-souligne-les-transformations-structurelles-de-la-filiere-lait-un-pas-de-plus-vers-la-souverainete-alimentaire\/"]}]},{"@type":"ImageObject","inLanguage":"fr-FR","@id":"https:\/\/lasentinelle.dz\/index.php\/2026\/03\/15\/lugcaa-souligne-les-transformations-structurelles-de-la-filiere-lait-un-pas-de-plus-vers-la-souverainete-alimentaire\/#primaryimage","url":"https:\/\/lasentinelle.dz\/wp-content\/uploads\/2026\/03\/filiere-laitiere.jpg","contentUrl":"https:\/\/lasentinelle.dz\/wp-content\/uploads\/2026\/03\/filiere-laitiere.jpg","width":745,"height":470},{"@type":"BreadcrumbList","@id":"https:\/\/lasentinelle.dz\/index.php\/2026\/03\/15\/lugcaa-souligne-les-transformations-structurelles-de-la-filiere-lait-un-pas-de-plus-vers-la-souverainete-alimentaire\/#breadcrumb","itemListElement":[{"@type":"ListItem","position":1,"name":"Accueil","item":"https:\/\/lasentinelle.dz\/"},{"@type":"ListItem","position":2,"name":"L\u2019UGCAA souligne les transformations structurelles de la fili\u00e8re lait\u00a0: Un pas de plus vers la souverainet\u00e9 alimentaire"}]},{"@type":"WebSite","@id":"https:\/\/lasentinelle.dz\/#website","url":"https:\/\/lasentinelle.dz\/","name":"La Sentinelle","description":"Quotidien national d&#039;information","publisher":{"@id":"https:\/\/lasentinelle.dz\/#organization"},"potentialAction":[{"@type":"SearchAction","target":{"@type":"EntryPoint","urlTemplate":"https:\/\/lasentinelle.dz\/?s={search_term_string}"},"query-input":{"@type":"PropertyValueSpecification","valueRequired":true,"valueName":"search_term_string"}}],"inLanguage":"fr-FR"},{"@type":"Organization","@id":"https:\/\/lasentinelle.dz\/#organization","name":"Quotidien La Sentinelle","url":"https:\/\/lasentinelle.dz\/","logo":{"@type":"ImageObject","inLanguage":"fr-FR","@id":"https:\/\/lasentinelle.dz\/#\/schema\/logo\/image\/","url":"https:\/\/lasentinelle.dz\/wp-content\/uploads\/2021\/09\/logo-sentinelleSLOGAN-1.png","contentUrl":"https:\/\/lasentinelle.dz\/wp-content\/uploads\/2021\/09\/logo-sentinelleSLOGAN-1.png","width":615,"height":142,"caption":"Quotidien La Sentinelle"},"image":{"@id":"https:\/\/lasentinelle.dz\/#\/schema\/logo\/image\/"},"sameAs":["https:\/\/www.facebook.com\/La-Sentinelle-104059864394773"]},{"@type":"Person","@id":"https:\/\/lasentinelle.dz\/#\/schema\/person\/729ee0024f24e0b8c5ec17232f8e8b41","name":"admin","image":{"@type":"ImageObject","inLanguage":"fr-FR","@id":"https:\/\/secure.gravatar.com\/avatar\/4c81fed838786e9b53f540bf46533e750f5d292099ae3b66cfc6fb1982e29df7?s=96&d=mm&r=g","url":"https:\/\/secure.gravatar.com\/avatar\/4c81fed838786e9b53f540bf46533e750f5d292099ae3b66cfc6fb1982e29df7?s=96&d=mm&r=g","contentUrl":"https:\/\/secure.gravatar.com\/avatar\/4c81fed838786e9b53f540bf46533e750f5d292099ae3b66cfc6fb1982e29df7?s=96&d=mm&r=g","caption":"admin"},"description":"admin","url":"https:\/\/lasentinelle.dz\/author\/admin\/"}]}},"_links":{"self":[{"href":"https:\/\/lasentinelle.dz\/index.php\/wp-json\/wp\/v2\/posts\/83623","targetHints":{"allow":["GET"]}}],"collection":[{"href":"https:\/\/lasentinelle.dz\/index.php\/wp-json\/wp\/v2\/posts"}],"about":[{"href":"https:\/\/lasentinelle.dz\/index.php\/wp-json\/wp\/v2\/types\/post"}],"author":[{"embeddable":true,"href":"https:\/\/lasentinelle.dz\/index.php\/wp-json\/wp\/v2\/users\/6"}],"replies":[{"embeddable":true,"href":"https:\/\/lasentinelle.dz\/index.php\/wp-json\/wp\/v2\/comments?post=83623"}],"version-history":[{"count":1,"href":"https:\/\/lasentinelle.dz\/index.php\/wp-json\/wp\/v2\/posts\/83623\/revisions"}],"predecessor-version":[{"id":83625,"href":"https:\/\/lasentinelle.dz\/index.php\/wp-json\/wp\/v2\/posts\/83623\/revisions\/83625"}],"wp:featuredmedia":[{"embeddable":true,"href":"https:\/\/lasentinelle.dz\/index.php\/wp-json\/wp\/v2\/media\/83624"}],"wp:attachment":[{"href":"https:\/\/lasentinelle.dz\/index.php\/wp-json\/wp\/v2\/media?parent=83623"}],"wp:term":[{"taxonomy":"category","embeddable":true,"href":"https:\/\/lasentinelle.dz\/index.php\/wp-json\/wp\/v2\/categories?post=83623"},{"taxonomy":"post_tag","embeddable":true,"href":"https:\/\/lasentinelle.dz\/index.php\/wp-json\/wp\/v2\/tags?post=83623"}],"curies":[{"name":"wp","href":"https:\/\/api.w.org\/{rel}","templated":true}]}}