{"id":83629,"date":"2026-03-16T20:06:44","date_gmt":"2026-03-16T19:06:44","guid":{"rendered":"https:\/\/lasentinelle.dz\/?p=83629"},"modified":"2026-03-16T20:06:45","modified_gmt":"2026-03-16T19:06:45","slug":"mondiaux-en-salle-de-torun-quatre-athletes-algeriens-en-quete-de-medailles","status":"publish","type":"post","link":"https:\/\/lasentinelle.dz\/index.php\/2026\/03\/16\/mondiaux-en-salle-de-torun-quatre-athletes-algeriens-en-quete-de-medailles\/","title":{"rendered":"Mondiaux en salle de Torun\u00a0: Quatre athl\u00e8tes alg\u00e9riens en qu\u00eate de m\u00e9dailles\u00a0"},"content":{"rendered":"\n<p>L&rsquo;Alg\u00e9rie engage quatre athl\u00e8tes masculins aux Championnats du monde d&rsquo;athl\u00e9tisme en salle, pr\u00e9vus du 20 au 22 mars \u00e0 la Torun Arena en Pologne, avec de s\u00e9rieuses ambitions de podium port\u00e9es notamment par le triple-sauteur Yasser Mohamed Tahar Triki.<\/p>\n\n\n\n<p>La d\u00e9l\u00e9gation alg\u00e9rienne qui s&rsquo;envole pour la Pologne affiche un visage r\u00e9solument offensif. Selon le communiqu\u00e9 officiel diffus\u00e9 dimanche, \u00ab\u00a0quatre athl\u00e8tes messieurs (2 coureurs et 2 sauteurs) repr\u00e9senteront l&rsquo;Alg\u00e9rie dans l&rsquo;\u00e9dition 2026 des Championnats du monde d&rsquo;athl\u00e9tisme en salle\u00a0\u00bb. Une s\u00e9lection resserr\u00e9e mais ambitieuse, o\u00f9 chaque repr\u00e9sentant dispose d&rsquo;arguments solides pour briller sur la sc\u00e8ne internationale. Le principal espoir de m\u00e9daille alg\u00e9rien se nomme Yasser Mohamed Tahar Triki. Le sp\u00e9cialiste du triple saut s&rsquo;est impos\u00e9 comme un s\u00e9rieux pr\u00e9tendant au podium apr\u00e8s avoir r\u00e9alis\u00e9 un bond exceptionnel \u00e0 17,35 m\u00e8tres lors de sa qualification. Cette performance remarquable le propulse parmi les favoris de sa discipline et fait de lui le fer de lance de la d\u00e9l\u00e9gation nationale. Son niveau de forme actuel et la r\u00e9gularit\u00e9 dont il a fait preuve ces derni\u00e8res semaines permettent d&rsquo;envisager sereinement une place sur le podium polonais. Sur le demi-fond, l&rsquo;Alg\u00e9rie mise sur deux sp\u00e9cialistes du 800 m\u00e8tres qui arrivent en Pologne dans d&rsquo;excellentes dispositions. Slimane Moula et Mohamed Ali Gouaned, qui \u00ab\u00a0seront tous les deux engag\u00e9s sur 800 m\u00e8tres\u00a0\u00bb, affichent des chronos tr\u00e8s prometteurs. Gouaned a r\u00e9alis\u00e9 1:44.67, tandis que Moula a sign\u00e9 1:44.80, des temps qui les placent dans le concert des pr\u00e9tendants aux m\u00e9dailles. Cette double repr\u00e9sentation alg\u00e9rienne sur la distance constitue un atout strat\u00e9gique non n\u00e9gligeable et t\u00e9moigne de la profondeur du demi-fond national. Les deux coureurs \u00ab\u00a0semblent relativement en forme et devraient donc pouvoir pr\u00e9tendre eux aussi au podium\u00a0\u00bb, selon l&rsquo;analyse des observateurs.<\/p>\n\n\n\n<p>La d\u00e9l\u00e9gation alg\u00e9rienne compte \u00e9galement sur la jeunesse avec Youn\u00e8s Ayachi, engag\u00e9 en saut en hauteur. \u00c0 seulement 17 ans, ce prodige \u00ab\u00a0est consid\u00e9r\u00e9 comme une des \u00e9toiles montantes de l&rsquo;athl\u00e9tisme alg\u00e9rien\u00a0\u00bb. Son pr\u00e9coce talent lui permet d\u00e9j\u00e0 de rivaliser avec des athl\u00e8tes seniors confirm\u00e9s, ce qui t\u00e9moigne d&rsquo;un potentiel exceptionnel. \u00ab\u00a0Il s&rsquo;est d&rsquo;ailleurs qualifi\u00e9 haut la main pour ces Mondiaux, avec un saut mesur\u00e9 \u00e0 2,28 m\u00e8tres\u00a0\u00bb, une performance remarquable pour un athl\u00e8te de son \u00e2ge qui laisse entrevoir un avenir radieux pour l&rsquo;athl\u00e9tisme alg\u00e9rien.<\/p>\n\n\n\n<p>Ces Championnats du monde en salle repr\u00e9sentent bien plus qu&rsquo;une simple comp\u00e9tition. Ils constituent \u00ab\u00a0le premier \u00e9v\u00e9nement majeur de l&rsquo;ann\u00e9e au programme de la F\u00e9d\u00e9ration internationale World Athletics, o\u00f9 les meilleurs athl\u00e8tes mondiaux se retrouveront, pour d\u00e9crocher les premiers titres de la saison\u00a0\u00bb. Pour les quatre repr\u00e9sentants alg\u00e9riens, c&rsquo;est l&rsquo;occasion de se mesurer \u00e0 l&rsquo;\u00e9lite mondiale et de lancer id\u00e9alement leur saison sur la sc\u00e8ne internationale. La Torun Arena deviendra ainsi, l&rsquo;espace de trois jours, le th\u00e9\u00e2tre des premi\u00e8res confrontations majeures de l&rsquo;ann\u00e9e, avec en jeu les premiers titres plan\u00e9taires de 2026.<\/p>\n\n\n\n<p>M. Dahleb<\/p>\n","protected":false},"excerpt":{"rendered":"<p>L&rsquo;Alg\u00e9rie engage quatre athl\u00e8tes masculins aux Championnats du monde d&rsquo;athl\u00e9tisme en salle, pr\u00e9vus du 20 au 22 mars \u00e0 la<\/p>\n","protected":false},"author":6,"featured_media":83630,"comment_status":"open","ping_status":"closed","sticky":false,"template":"","format":"standard","meta":{"colormag_page_container_layout":"default_layout","colormag_page_sidebar_layout":"default_layout","om_disable_all_campaigns":false,"_monsterinsights_skip_tracking":false,"_monsterinsights_sitenote_active":false,"_monsterinsights_sitenote_note":"","_monsterinsights_sitenote_category":0,"footnotes":"","_wpscppro_dont_share_socialmedia":false,"_wpscppro_custom_social_share_image":0,"_facebook_share_type":"default","_twitter_share_type":"default","_linkedin_share_type":"default","_pinterest_share_type":"default","_linkedin_share_type_page":"","_instagram_share_type":"default","_medium_share_type":"default","_threads_share_type":"default","_google_business_share_type":"default","_selected_social_profile":[],"_wpsp_enable_custom_social_template":false,"_wpsp_social_scheduling":{"enabled":false,"datetime":null,"platforms":[],"status":"template_only","dateOption":"today","timeOption":"now","customDays":"","customHours":"","customDate":"","customTime":"","schedulingType":"absolute"},"_wpsp_active_default_template":true},"categories":[33],"tags":[],"class_list":["post-83629","post","type-post","status-publish","format-standard","has-post-thumbnail","hentry","category-sports"],"aioseo_notices":[],"yoast_head":"<!-- This site is optimized with the Yoast SEO plugin v27.5 - https:\/\/yoast.com\/product\/yoast-seo-wordpress\/ -->\n<title>Mondiaux en salle de Torun\u00a0: Quatre athl\u00e8tes alg\u00e9riens en qu\u00eate de m\u00e9dailles\u00a0 - La Sentinelle<\/title>\n<meta name=\"robots\" content=\"index, follow, max-snippet:-1, max-image-preview:large, max-video-preview:-1\" \/>\n<link rel=\"canonical\" href=\"https:\/\/lasentinelle.dz\/index.php\/2026\/03\/16\/mondiaux-en-salle-de-torun-quatre-athletes-algeriens-en-quete-de-medailles\/\" \/>\n<meta property=\"og:locale\" content=\"fr_FR\" \/>\n<meta property=\"og:type\" content=\"article\" \/>\n<meta property=\"og:title\" content=\"Mondiaux en salle de Torun\u00a0: Quatre athl\u00e8tes alg\u00e9riens en qu\u00eate de m\u00e9dailles\u00a0 - La Sentinelle\" \/>\n<meta property=\"og:description\" content=\"L&rsquo;Alg\u00e9rie engage quatre athl\u00e8tes masculins aux Championnats du monde d&rsquo;athl\u00e9tisme en salle, pr\u00e9vus du 20 au 22 mars \u00e0 la\" \/>\n<meta property=\"og:url\" content=\"https:\/\/lasentinelle.dz\/index.php\/2026\/03\/16\/mondiaux-en-salle-de-torun-quatre-athletes-algeriens-en-quete-de-medailles\/\" \/>\n<meta property=\"og:site_name\" content=\"La Sentinelle\" \/>\n<meta property=\"article:publisher\" content=\"https:\/\/www.facebook.com\/La-Sentinelle-104059864394773\" \/>\n<meta property=\"article:published_time\" content=\"2026-03-16T19:06:44+00:00\" \/>\n<meta property=\"article:modified_time\" content=\"2026-03-16T19:06:45+00:00\" \/>\n<meta property=\"og:image\" content=\"https:\/\/lasentinelle.dz\/wp-content\/uploads\/2026\/03\/athletes.gif\" \/>\n\t<meta property=\"og:image:width\" content=\"600\" \/>\n\t<meta property=\"og:image:height\" content=\"317\" \/>\n\t<meta property=\"og:image:type\" content=\"image\/gif\" \/>\n<meta name=\"author\" content=\"admin\" \/>\n<meta name=\"twitter:card\" content=\"summary_large_image\" \/>\n<meta name=\"twitter:label1\" content=\"\u00c9crit par\" \/>\n\t<meta name=\"twitter:data1\" content=\"admin\" \/>\n\t<meta name=\"twitter:label2\" content=\"Dur\u00e9e de lecture estim\u00e9e\" \/>\n\t<meta name=\"twitter:data2\" content=\"3 minutes\" \/>\n<script type=\"application\/ld+json\" class=\"yoast-schema-graph\">{\"@context\":\"https:\\\/\\\/schema.org\",\"@graph\":[{\"@type\":\"Article\",\"@id\":\"https:\\\/\\\/lasentinelle.dz\\\/index.php\\\/2026\\\/03\\\/16\\\/mondiaux-en-salle-de-torun-quatre-athletes-algeriens-en-quete-de-medailles\\\/#article\",\"isPartOf\":{\"@id\":\"https:\\\/\\\/lasentinelle.dz\\\/index.php\\\/2026\\\/03\\\/16\\\/mondiaux-en-salle-de-torun-quatre-athletes-algeriens-en-quete-de-medailles\\\/\"},\"author\":{\"name\":\"admin\",\"@id\":\"https:\\\/\\\/lasentinelle.dz\\\/#\\\/schema\\\/person\\\/729ee0024f24e0b8c5ec17232f8e8b41\"},\"headline\":\"Mondiaux en salle de Torun\u00a0: Quatre athl\u00e8tes alg\u00e9riens en qu\u00eate de m\u00e9dailles\u00a0\",\"datePublished\":\"2026-03-16T19:06:44+00:00\",\"dateModified\":\"2026-03-16T19:06:45+00:00\",\"mainEntityOfPage\":{\"@id\":\"https:\\\/\\\/lasentinelle.dz\\\/index.php\\\/2026\\\/03\\\/16\\\/mondiaux-en-salle-de-torun-quatre-athletes-algeriens-en-quete-de-medailles\\\/\"},\"wordCount\":561,\"commentCount\":0,\"publisher\":{\"@id\":\"https:\\\/\\\/lasentinelle.dz\\\/#organization\"},\"image\":{\"@id\":\"https:\\\/\\\/lasentinelle.dz\\\/index.php\\\/2026\\\/03\\\/16\\\/mondiaux-en-salle-de-torun-quatre-athletes-algeriens-en-quete-de-medailles\\\/#primaryimage\"},\"thumbnailUrl\":\"https:\\\/\\\/lasentinelle.dz\\\/wp-content\\\/uploads\\\/2026\\\/03\\\/athletes.gif\",\"articleSection\":[\"Sports\"],\"inLanguage\":\"fr-FR\",\"potentialAction\":[{\"@type\":\"CommentAction\",\"name\":\"Comment\",\"target\":[\"https:\\\/\\\/lasentinelle.dz\\\/index.php\\\/2026\\\/03\\\/16\\\/mondiaux-en-salle-de-torun-quatre-athletes-algeriens-en-quete-de-medailles\\\/#respond\"]}]},{\"@type\":\"WebPage\",\"@id\":\"https:\\\/\\\/lasentinelle.dz\\\/index.php\\\/2026\\\/03\\\/16\\\/mondiaux-en-salle-de-torun-quatre-athletes-algeriens-en-quete-de-medailles\\\/\",\"url\":\"https:\\\/\\\/lasentinelle.dz\\\/index.php\\\/2026\\\/03\\\/16\\\/mondiaux-en-salle-de-torun-quatre-athletes-algeriens-en-quete-de-medailles\\\/\",\"name\":\"Mondiaux en salle de Torun\u00a0: Quatre athl\u00e8tes alg\u00e9riens en qu\u00eate de m\u00e9dailles\u00a0 - La Sentinelle\",\"isPartOf\":{\"@id\":\"https:\\\/\\\/lasentinelle.dz\\\/#website\"},\"primaryImageOfPage\":{\"@id\":\"https:\\\/\\\/lasentinelle.dz\\\/index.php\\\/2026\\\/03\\\/16\\\/mondiaux-en-salle-de-torun-quatre-athletes-algeriens-en-quete-de-medailles\\\/#primaryimage\"},\"image\":{\"@id\":\"https:\\\/\\\/lasentinelle.dz\\\/index.php\\\/2026\\\/03\\\/16\\\/mondiaux-en-salle-de-torun-quatre-athletes-algeriens-en-quete-de-medailles\\\/#primaryimage\"},\"thumbnailUrl\":\"https:\\\/\\\/lasentinelle.dz\\\/wp-content\\\/uploads\\\/2026\\\/03\\\/athletes.gif\",\"datePublished\":\"2026-03-16T19:06:44+00:00\",\"dateModified\":\"2026-03-16T19:06:45+00:00\",\"breadcrumb\":{\"@id\":\"https:\\\/\\\/lasentinelle.dz\\\/index.php\\\/2026\\\/03\\\/16\\\/mondiaux-en-salle-de-torun-quatre-athletes-algeriens-en-quete-de-medailles\\\/#breadcrumb\"},\"inLanguage\":\"fr-FR\",\"potentialAction\":[{\"@type\":\"ReadAction\",\"target\":[\"https:\\\/\\\/lasentinelle.dz\\\/index.php\\\/2026\\\/03\\\/16\\\/mondiaux-en-salle-de-torun-quatre-athletes-algeriens-en-quete-de-medailles\\\/\"]}]},{\"@type\":\"ImageObject\",\"inLanguage\":\"fr-FR\",\"@id\":\"https:\\\/\\\/lasentinelle.dz\\\/index.php\\\/2026\\\/03\\\/16\\\/mondiaux-en-salle-de-torun-quatre-athletes-algeriens-en-quete-de-medailles\\\/#primaryimage\",\"url\":\"https:\\\/\\\/lasentinelle.dz\\\/wp-content\\\/uploads\\\/2026\\\/03\\\/athletes.gif\",\"contentUrl\":\"https:\\\/\\\/lasentinelle.dz\\\/wp-content\\\/uploads\\\/2026\\\/03\\\/athletes.gif\",\"width\":600,\"height\":317},{\"@type\":\"BreadcrumbList\",\"@id\":\"https:\\\/\\\/lasentinelle.dz\\\/index.php\\\/2026\\\/03\\\/16\\\/mondiaux-en-salle-de-torun-quatre-athletes-algeriens-en-quete-de-medailles\\\/#breadcrumb\",\"itemListElement\":[{\"@type\":\"ListItem\",\"position\":1,\"name\":\"Accueil\",\"item\":\"https:\\\/\\\/lasentinelle.dz\\\/\"},{\"@type\":\"ListItem\",\"position\":2,\"name\":\"Mondiaux en salle de Torun\u00a0: Quatre athl\u00e8tes alg\u00e9riens en qu\u00eate de m\u00e9dailles\u00a0\"}]},{\"@type\":\"WebSite\",\"@id\":\"https:\\\/\\\/lasentinelle.dz\\\/#website\",\"url\":\"https:\\\/\\\/lasentinelle.dz\\\/\",\"name\":\"La Sentinelle\",\"description\":\"Quotidien national d&#039;information\",\"publisher\":{\"@id\":\"https:\\\/\\\/lasentinelle.dz\\\/#organization\"},\"potentialAction\":[{\"@type\":\"SearchAction\",\"target\":{\"@type\":\"EntryPoint\",\"urlTemplate\":\"https:\\\/\\\/lasentinelle.dz\\\/?s={search_term_string}\"},\"query-input\":{\"@type\":\"PropertyValueSpecification\",\"valueRequired\":true,\"valueName\":\"search_term_string\"}}],\"inLanguage\":\"fr-FR\"},{\"@type\":\"Organization\",\"@id\":\"https:\\\/\\\/lasentinelle.dz\\\/#organization\",\"name\":\"Quotidien La Sentinelle\",\"url\":\"https:\\\/\\\/lasentinelle.dz\\\/\",\"logo\":{\"@type\":\"ImageObject\",\"inLanguage\":\"fr-FR\",\"@id\":\"https:\\\/\\\/lasentinelle.dz\\\/#\\\/schema\\\/logo\\\/image\\\/\",\"url\":\"https:\\\/\\\/lasentinelle.dz\\\/wp-content\\\/uploads\\\/2021\\\/09\\\/logo-sentinelleSLOGAN-1.png\",\"contentUrl\":\"https:\\\/\\\/lasentinelle.dz\\\/wp-content\\\/uploads\\\/2021\\\/09\\\/logo-sentinelleSLOGAN-1.png\",\"width\":615,\"height\":142,\"caption\":\"Quotidien La Sentinelle\"},\"image\":{\"@id\":\"https:\\\/\\\/lasentinelle.dz\\\/#\\\/schema\\\/logo\\\/image\\\/\"},\"sameAs\":[\"https:\\\/\\\/www.facebook.com\\\/La-Sentinelle-104059864394773\"]},{\"@type\":\"Person\",\"@id\":\"https:\\\/\\\/lasentinelle.dz\\\/#\\\/schema\\\/person\\\/729ee0024f24e0b8c5ec17232f8e8b41\",\"name\":\"admin\",\"image\":{\"@type\":\"ImageObject\",\"inLanguage\":\"fr-FR\",\"@id\":\"https:\\\/\\\/secure.gravatar.com\\\/avatar\\\/4c81fed838786e9b53f540bf46533e750f5d292099ae3b66cfc6fb1982e29df7?s=96&d=mm&r=g\",\"url\":\"https:\\\/\\\/secure.gravatar.com\\\/avatar\\\/4c81fed838786e9b53f540bf46533e750f5d292099ae3b66cfc6fb1982e29df7?s=96&d=mm&r=g\",\"contentUrl\":\"https:\\\/\\\/secure.gravatar.com\\\/avatar\\\/4c81fed838786e9b53f540bf46533e750f5d292099ae3b66cfc6fb1982e29df7?s=96&d=mm&r=g\",\"caption\":\"admin\"},\"description\":\"admin\",\"url\":\"https:\\\/\\\/lasentinelle.dz\\\/author\\\/admin\\\/\"}]}<\/script>\n<!-- \/ Yoast SEO plugin. -->","yoast_head_json":{"title":"Mondiaux en salle de Torun\u00a0: Quatre athl\u00e8tes alg\u00e9riens en qu\u00eate de m\u00e9dailles\u00a0 - La Sentinelle","robots":{"index":"index","follow":"follow","max-snippet":"max-snippet:-1","max-image-preview":"max-image-preview:large","max-video-preview":"max-video-preview:-1"},"canonical":"https:\/\/lasentinelle.dz\/index.php\/2026\/03\/16\/mondiaux-en-salle-de-torun-quatre-athletes-algeriens-en-quete-de-medailles\/","og_locale":"fr_FR","og_type":"article","og_title":"Mondiaux en salle de Torun\u00a0: Quatre athl\u00e8tes alg\u00e9riens en qu\u00eate de m\u00e9dailles\u00a0 - La Sentinelle","og_description":"L&rsquo;Alg\u00e9rie engage quatre athl\u00e8tes masculins aux Championnats du monde d&rsquo;athl\u00e9tisme en salle, pr\u00e9vus du 20 au 22 mars \u00e0 la","og_url":"https:\/\/lasentinelle.dz\/index.php\/2026\/03\/16\/mondiaux-en-salle-de-torun-quatre-athletes-algeriens-en-quete-de-medailles\/","og_site_name":"La Sentinelle","article_publisher":"https:\/\/www.facebook.com\/La-Sentinelle-104059864394773","article_published_time":"2026-03-16T19:06:44+00:00","article_modified_time":"2026-03-16T19:06:45+00:00","og_image":[{"width":600,"height":317,"url":"https:\/\/lasentinelle.dz\/wp-content\/uploads\/2026\/03\/athletes.gif","type":"image\/gif"}],"author":"admin","twitter_card":"summary_large_image","twitter_misc":{"\u00c9crit par":"admin","Dur\u00e9e de lecture estim\u00e9e":"3 minutes"},"schema":{"@context":"https:\/\/schema.org","@graph":[{"@type":"Article","@id":"https:\/\/lasentinelle.dz\/index.php\/2026\/03\/16\/mondiaux-en-salle-de-torun-quatre-athletes-algeriens-en-quete-de-medailles\/#article","isPartOf":{"@id":"https:\/\/lasentinelle.dz\/index.php\/2026\/03\/16\/mondiaux-en-salle-de-torun-quatre-athletes-algeriens-en-quete-de-medailles\/"},"author":{"name":"admin","@id":"https:\/\/lasentinelle.dz\/#\/schema\/person\/729ee0024f24e0b8c5ec17232f8e8b41"},"headline":"Mondiaux en salle de Torun\u00a0: Quatre athl\u00e8tes alg\u00e9riens en qu\u00eate de m\u00e9dailles\u00a0","datePublished":"2026-03-16T19:06:44+00:00","dateModified":"2026-03-16T19:06:45+00:00","mainEntityOfPage":{"@id":"https:\/\/lasentinelle.dz\/index.php\/2026\/03\/16\/mondiaux-en-salle-de-torun-quatre-athletes-algeriens-en-quete-de-medailles\/"},"wordCount":561,"commentCount":0,"publisher":{"@id":"https:\/\/lasentinelle.dz\/#organization"},"image":{"@id":"https:\/\/lasentinelle.dz\/index.php\/2026\/03\/16\/mondiaux-en-salle-de-torun-quatre-athletes-algeriens-en-quete-de-medailles\/#primaryimage"},"thumbnailUrl":"https:\/\/lasentinelle.dz\/wp-content\/uploads\/2026\/03\/athletes.gif","articleSection":["Sports"],"inLanguage":"fr-FR","potentialAction":[{"@type":"CommentAction","name":"Comment","target":["https:\/\/lasentinelle.dz\/index.php\/2026\/03\/16\/mondiaux-en-salle-de-torun-quatre-athletes-algeriens-en-quete-de-medailles\/#respond"]}]},{"@type":"WebPage","@id":"https:\/\/lasentinelle.dz\/index.php\/2026\/03\/16\/mondiaux-en-salle-de-torun-quatre-athletes-algeriens-en-quete-de-medailles\/","url":"https:\/\/lasentinelle.dz\/index.php\/2026\/03\/16\/mondiaux-en-salle-de-torun-quatre-athletes-algeriens-en-quete-de-medailles\/","name":"Mondiaux en salle de Torun\u00a0: Quatre athl\u00e8tes alg\u00e9riens en qu\u00eate de m\u00e9dailles\u00a0 - La Sentinelle","isPartOf":{"@id":"https:\/\/lasentinelle.dz\/#website"},"primaryImageOfPage":{"@id":"https:\/\/lasentinelle.dz\/index.php\/2026\/03\/16\/mondiaux-en-salle-de-torun-quatre-athletes-algeriens-en-quete-de-medailles\/#primaryimage"},"image":{"@id":"https:\/\/lasentinelle.dz\/index.php\/2026\/03\/16\/mondiaux-en-salle-de-torun-quatre-athletes-algeriens-en-quete-de-medailles\/#primaryimage"},"thumbnailUrl":"https:\/\/lasentinelle.dz\/wp-content\/uploads\/2026\/03\/athletes.gif","datePublished":"2026-03-16T19:06:44+00:00","dateModified":"2026-03-16T19:06:45+00:00","breadcrumb":{"@id":"https:\/\/lasentinelle.dz\/index.php\/2026\/03\/16\/mondiaux-en-salle-de-torun-quatre-athletes-algeriens-en-quete-de-medailles\/#breadcrumb"},"inLanguage":"fr-FR","potentialAction":[{"@type":"ReadAction","target":["https:\/\/lasentinelle.dz\/index.php\/2026\/03\/16\/mondiaux-en-salle-de-torun-quatre-athletes-algeriens-en-quete-de-medailles\/"]}]},{"@type":"ImageObject","inLanguage":"fr-FR","@id":"https:\/\/lasentinelle.dz\/index.php\/2026\/03\/16\/mondiaux-en-salle-de-torun-quatre-athletes-algeriens-en-quete-de-medailles\/#primaryimage","url":"https:\/\/lasentinelle.dz\/wp-content\/uploads\/2026\/03\/athletes.gif","contentUrl":"https:\/\/lasentinelle.dz\/wp-content\/uploads\/2026\/03\/athletes.gif","width":600,"height":317},{"@type":"BreadcrumbList","@id":"https:\/\/lasentinelle.dz\/index.php\/2026\/03\/16\/mondiaux-en-salle-de-torun-quatre-athletes-algeriens-en-quete-de-medailles\/#breadcrumb","itemListElement":[{"@type":"ListItem","position":1,"name":"Accueil","item":"https:\/\/lasentinelle.dz\/"},{"@type":"ListItem","position":2,"name":"Mondiaux en salle de Torun\u00a0: Quatre athl\u00e8tes alg\u00e9riens en qu\u00eate de m\u00e9dailles\u00a0"}]},{"@type":"WebSite","@id":"https:\/\/lasentinelle.dz\/#website","url":"https:\/\/lasentinelle.dz\/","name":"La Sentinelle","description":"Quotidien national d&#039;information","publisher":{"@id":"https:\/\/lasentinelle.dz\/#organization"},"potentialAction":[{"@type":"SearchAction","target":{"@type":"EntryPoint","urlTemplate":"https:\/\/lasentinelle.dz\/?s={search_term_string}"},"query-input":{"@type":"PropertyValueSpecification","valueRequired":true,"valueName":"search_term_string"}}],"inLanguage":"fr-FR"},{"@type":"Organization","@id":"https:\/\/lasentinelle.dz\/#organization","name":"Quotidien La Sentinelle","url":"https:\/\/lasentinelle.dz\/","logo":{"@type":"ImageObject","inLanguage":"fr-FR","@id":"https:\/\/lasentinelle.dz\/#\/schema\/logo\/image\/","url":"https:\/\/lasentinelle.dz\/wp-content\/uploads\/2021\/09\/logo-sentinelleSLOGAN-1.png","contentUrl":"https:\/\/lasentinelle.dz\/wp-content\/uploads\/2021\/09\/logo-sentinelleSLOGAN-1.png","width":615,"height":142,"caption":"Quotidien La Sentinelle"},"image":{"@id":"https:\/\/lasentinelle.dz\/#\/schema\/logo\/image\/"},"sameAs":["https:\/\/www.facebook.com\/La-Sentinelle-104059864394773"]},{"@type":"Person","@id":"https:\/\/lasentinelle.dz\/#\/schema\/person\/729ee0024f24e0b8c5ec17232f8e8b41","name":"admin","image":{"@type":"ImageObject","inLanguage":"fr-FR","@id":"https:\/\/secure.gravatar.com\/avatar\/4c81fed838786e9b53f540bf46533e750f5d292099ae3b66cfc6fb1982e29df7?s=96&d=mm&r=g","url":"https:\/\/secure.gravatar.com\/avatar\/4c81fed838786e9b53f540bf46533e750f5d292099ae3b66cfc6fb1982e29df7?s=96&d=mm&r=g","contentUrl":"https:\/\/secure.gravatar.com\/avatar\/4c81fed838786e9b53f540bf46533e750f5d292099ae3b66cfc6fb1982e29df7?s=96&d=mm&r=g","caption":"admin"},"description":"admin","url":"https:\/\/lasentinelle.dz\/author\/admin\/"}]}},"_links":{"self":[{"href":"https:\/\/lasentinelle.dz\/index.php\/wp-json\/wp\/v2\/posts\/83629","targetHints":{"allow":["GET"]}}],"collection":[{"href":"https:\/\/lasentinelle.dz\/index.php\/wp-json\/wp\/v2\/posts"}],"about":[{"href":"https:\/\/lasentinelle.dz\/index.php\/wp-json\/wp\/v2\/types\/post"}],"author":[{"embeddable":true,"href":"https:\/\/lasentinelle.dz\/index.php\/wp-json\/wp\/v2\/users\/6"}],"replies":[{"embeddable":true,"href":"https:\/\/lasentinelle.dz\/index.php\/wp-json\/wp\/v2\/comments?post=83629"}],"version-history":[{"count":1,"href":"https:\/\/lasentinelle.dz\/index.php\/wp-json\/wp\/v2\/posts\/83629\/revisions"}],"predecessor-version":[{"id":83631,"href":"https:\/\/lasentinelle.dz\/index.php\/wp-json\/wp\/v2\/posts\/83629\/revisions\/83631"}],"wp:featuredmedia":[{"embeddable":true,"href":"https:\/\/lasentinelle.dz\/index.php\/wp-json\/wp\/v2\/media\/83630"}],"wp:attachment":[{"href":"https:\/\/lasentinelle.dz\/index.php\/wp-json\/wp\/v2\/media?parent=83629"}],"wp:term":[{"taxonomy":"category","embeddable":true,"href":"https:\/\/lasentinelle.dz\/index.php\/wp-json\/wp\/v2\/categories?post=83629"},{"taxonomy":"post_tag","embeddable":true,"href":"https:\/\/lasentinelle.dz\/index.php\/wp-json\/wp\/v2\/tags?post=83629"}],"curies":[{"name":"wp","href":"https:\/\/api.w.org\/{rel}","templated":true}]}}