{"id":83632,"date":"2026-03-16T20:07:54","date_gmt":"2026-03-16T19:07:54","guid":{"rendered":"https:\/\/lasentinelle.dz\/?p=83632"},"modified":"2026-03-16T20:07:56","modified_gmt":"2026-03-16T19:07:56","slug":"ligue-1-mobilis-une-24e-journee-sannonce-electrique","status":"publish","type":"post","link":"https:\/\/lasentinelle.dz\/index.php\/2026\/03\/16\/ligue-1-mobilis-une-24e-journee-sannonce-electrique\/","title":{"rendered":"Ligue 1 Mobilis\u00a0: Une 24e journ\u00e9e s&rsquo;annonce \u00e9lectrique"},"content":{"rendered":"\n<p>Le championnat d&rsquo;Alg\u00e9rie reprend ses droits mardi et mercredi avec une 24e journ\u00e9e qui promet son lot de suspense, de tension et de rebondissements. Des duels au sommet, des matchs de survie, des clubs au retour de p\u00e9riples africains \u00e9puisants : la Ligue 1 Mobilis offre une affiche dense, \u00e0 l&rsquo;image d&rsquo;une saison qui entre dans sa phase d\u00e9cisive. La t\u00eate d&rsquo;affiche de cette journ\u00e9e se joue \u00e0 Akbou, o\u00f9 l&rsquo;Olympique local re\u00e7oit le CS Constantine. Un duel au sommet entre deux pr\u00e9tendants s\u00e9rieux \u00e0 la troisi\u00e8me place du classement g\u00e9n\u00e9ral, synonyme de ticket continental en fin de saison. La formation de la Soummam, port\u00e9e par son public et son \u00e9lan, devra toutefois se m\u00e9fier d&rsquo;un CSC rompu aux grands rendez-vous. En embuscade, la JS Saoura, directe concurrente dans cette course au podium, se d\u00e9placera mercredi soir \u00e0 Tizi-Ouzou pour y affronter une JS Kabylie en qu\u00eate urgente de points. Coup d&rsquo;envoi fix\u00e9 \u00e0 22h00 dans un Hamlaoui \u00e9lectrique, o\u00f9 la JSK, en difficult\u00e9 au classement, n&rsquo;a plus le droit \u00e0 l&rsquo;erreur si elle entend renouer avec les hauteurs du tableau.<\/p>\n\n\n\n<p>L&rsquo;autre affiche de prestige de cette journ\u00e9e met aux prises l&rsquo;USM Alger et l&rsquo;ES S\u00e9tif, deux mastodontes du football national qui se retrouvent, ironie du calendrier, \u00e0 \u00e9galit\u00e9 parfaite \u00e0 la douzi\u00e8me place avec 26 points chacun. Mais derri\u00e8re l&rsquo;\u00e9quilibre apparent des compteurs se cache une disparit\u00e9 physique criante. Quand les joueurs s\u00e9tifiens ont eu le luxe de pr\u00e9parer sereinement leur semaine depuis les Hauts-Plateaux, les Rouge et Noir, eux, reviennent d&rsquo;un aller-retour \u00e9prouvant \u00e0 Lubumbashi, en R\u00e9publique D\u00e9mocratique du Congo, o\u00f9 ils ont livr\u00e9 un match de haute intensit\u00e9 contre l&rsquo;AS Maniema, en quart de finale aller de la Coupe de la CAF. La r\u00e9cup\u00e9ration sera d\u00e9terminante. Le staff alg\u00e9rois devra g\u00e9rer son effectif avec soin pour pr\u00e9senter un onze comp\u00e9titif, capable de rivaliser d&rsquo;\u00e9gal \u00e0 \u00e9gal avec une ESS repos\u00e9e et motiv\u00e9e. M\u00eame sc\u00e9nario du c\u00f4t\u00e9 du CR Belouizdad, qui accueille l&rsquo;ASO Chlef au terme d&rsquo;un d\u00e9placement tout aussi harassant. Les Vert et Rouge sont all\u00e9s chercher un nul encourageant face \u00e0 Al Masry en \u00c9gypte \u2014 1-1 au terme d&rsquo;un quart de finale aller de C3 \u2014 mais au prix d&rsquo;un effort consid\u00e9rable. L&rsquo;ASO, consciente de cette fen\u00eatre d&rsquo;opportunit\u00e9, tentera d&rsquo;exploiter le manque de fra\u00eecheur des Belouizdadis pour glaner des points pr\u00e9cieux et s&rsquo;\u00e9loigner davantage de la zone de turbulences.<\/p>\n\n\n\n<p>Si les batailles pour les hauteurs du classement mobilisent l&rsquo;attention, c&rsquo;est en bas du tableau que les nerfs seront le plus \u00e0 vif. Le duel entre l&rsquo;ES Mostaganem et le Paradou AC, pr\u00e9vu mardi d\u00e8s 15h00 \u00e0 huis clos, a des allures de finale anticip\u00e9e pour deux clubs rel\u00e9gables qui n&rsquo;ont plus le droit de laisser filer des points. Pour les locaux notamment, cette rencontre repr\u00e9sente l&rsquo;une des derni\u00e8res cartouches pour croire au maintien. Le contexte du huis clos, sanction disciplinaire inflig\u00e9e aux clubs h\u00f4tes, ajoute une atmosph\u00e8re particuli\u00e8re \u00e0 des matchs d\u00e9j\u00e0 tendus par les enjeux. C&rsquo;est \u00e9galement sans public que se disputeront les confrontations JSK-JSS et CRB-ASO, pendant que MC Oran &#8211; MC El Bayadh et le d\u00e9placement du MB Rouissat chez l&rsquo;ES Ben Aknoun se joueront, eux, devant leurs supporters. Cinq des huit rencontres de cette journ\u00e9e b\u00e9n\u00e9ficieront d&rsquo;une ambiance de stade, ce qui n&rsquo;est pas n\u00e9gligeable dans un championnat o\u00f9 le douzi\u00e8me homme p\u00e8se souvent dans la balance.<\/p>\n\n\n\n<p>Au sommet de la hi\u00e9rarchie, le MC Alger re\u00e7oit l&rsquo;USM Khenchela au stade Ali Amar de Dou\u00e9ra, en position de force. Avec cinq points d&rsquo;avance sur son premier poursuivant et pas moins de quatre matchs en retard \u00e0 disputer, le Doyen marche sereinement vers un titre qui lui tend les bras. \u00c0 sept journ\u00e9es du terme, la messe semble presque dite. Le MCA peut d\u00e9sormais g\u00e9rer sa fin de saison l&rsquo;esprit relativement lib\u00e9r\u00e9, en patron d&rsquo;un championnat qu&rsquo;il n&rsquo;a jamais vraiment l\u00e2ch\u00e9.<\/p>\n\n\n\n<p>M.D.<\/p>\n","protected":false},"excerpt":{"rendered":"<p>Le championnat d&rsquo;Alg\u00e9rie reprend ses droits mardi et mercredi avec une 24e journ\u00e9e qui promet son lot de suspense, de<\/p>\n","protected":false},"author":6,"featured_media":67611,"comment_status":"open","ping_status":"closed","sticky":false,"template":"","format":"standard","meta":{"colormag_page_container_layout":"default_layout","colormag_page_sidebar_layout":"default_layout","om_disable_all_campaigns":false,"_monsterinsights_skip_tracking":false,"_monsterinsights_sitenote_active":false,"_monsterinsights_sitenote_note":"","_monsterinsights_sitenote_category":0,"footnotes":"","_wpscppro_dont_share_socialmedia":false,"_wpscppro_custom_social_share_image":0,"_facebook_share_type":"default","_twitter_share_type":"default","_linkedin_share_type":"default","_pinterest_share_type":"default","_linkedin_share_type_page":"","_instagram_share_type":"default","_medium_share_type":"default","_threads_share_type":"default","_google_business_share_type":"default","_selected_social_profile":[],"_wpsp_enable_custom_social_template":false,"_wpsp_social_scheduling":{"enabled":false,"datetime":null,"platforms":[],"status":"template_only","dateOption":"today","timeOption":"now","customDays":"","customHours":"","customDate":"","customTime":"","schedulingType":"absolute"},"_wpsp_active_default_template":true},"categories":[33],"tags":[],"class_list":["post-83632","post","type-post","status-publish","format-standard","has-post-thumbnail","hentry","category-sports"],"aioseo_notices":[],"yoast_head":"<!-- This site is optimized with the Yoast SEO plugin v27.5 - https:\/\/yoast.com\/product\/yoast-seo-wordpress\/ -->\n<title>Ligue 1 Mobilis\u00a0: Une 24e journ\u00e9e s&rsquo;annonce \u00e9lectrique - La Sentinelle<\/title>\n<meta name=\"robots\" content=\"index, follow, max-snippet:-1, max-image-preview:large, max-video-preview:-1\" \/>\n<link rel=\"canonical\" href=\"https:\/\/lasentinelle.dz\/index.php\/2026\/03\/16\/ligue-1-mobilis-une-24e-journee-sannonce-electrique\/\" \/>\n<meta property=\"og:locale\" content=\"fr_FR\" \/>\n<meta property=\"og:type\" content=\"article\" \/>\n<meta property=\"og:title\" content=\"Ligue 1 Mobilis\u00a0: Une 24e journ\u00e9e s&rsquo;annonce \u00e9lectrique - La Sentinelle\" \/>\n<meta property=\"og:description\" content=\"Le championnat d&rsquo;Alg\u00e9rie reprend ses droits mardi et mercredi avec une 24e journ\u00e9e qui promet son lot de suspense, de\" \/>\n<meta property=\"og:url\" content=\"https:\/\/lasentinelle.dz\/index.php\/2026\/03\/16\/ligue-1-mobilis-une-24e-journee-sannonce-electrique\/\" \/>\n<meta property=\"og:site_name\" content=\"La Sentinelle\" \/>\n<meta property=\"article:publisher\" content=\"https:\/\/www.facebook.com\/La-Sentinelle-104059864394773\" \/>\n<meta property=\"article:published_time\" content=\"2026-03-16T19:07:54+00:00\" \/>\n<meta property=\"article:modified_time\" content=\"2026-03-16T19:07:56+00:00\" \/>\n<meta property=\"og:image\" content=\"https:\/\/lasentinelle.dz\/wp-content\/uploads\/2025\/05\/Ligue-1.jpeg\" \/>\n\t<meta property=\"og:image:width\" content=\"1280\" \/>\n\t<meta property=\"og:image:height\" content=\"720\" \/>\n\t<meta property=\"og:image:type\" content=\"image\/jpeg\" \/>\n<meta name=\"author\" content=\"admin\" \/>\n<meta name=\"twitter:card\" content=\"summary_large_image\" \/>\n<meta name=\"twitter:label1\" content=\"\u00c9crit par\" \/>\n\t<meta name=\"twitter:data1\" content=\"admin\" \/>\n\t<meta name=\"twitter:label2\" content=\"Dur\u00e9e de lecture estim\u00e9e\" \/>\n\t<meta name=\"twitter:data2\" content=\"4 minutes\" \/>\n<script type=\"application\/ld+json\" class=\"yoast-schema-graph\">{\"@context\":\"https:\\\/\\\/schema.org\",\"@graph\":[{\"@type\":\"Article\",\"@id\":\"https:\\\/\\\/lasentinelle.dz\\\/index.php\\\/2026\\\/03\\\/16\\\/ligue-1-mobilis-une-24e-journee-sannonce-electrique\\\/#article\",\"isPartOf\":{\"@id\":\"https:\\\/\\\/lasentinelle.dz\\\/index.php\\\/2026\\\/03\\\/16\\\/ligue-1-mobilis-une-24e-journee-sannonce-electrique\\\/\"},\"author\":{\"name\":\"admin\",\"@id\":\"https:\\\/\\\/lasentinelle.dz\\\/#\\\/schema\\\/person\\\/729ee0024f24e0b8c5ec17232f8e8b41\"},\"headline\":\"Ligue 1 Mobilis\u00a0: Une 24e journ\u00e9e s&rsquo;annonce \u00e9lectrique\",\"datePublished\":\"2026-03-16T19:07:54+00:00\",\"dateModified\":\"2026-03-16T19:07:56+00:00\",\"mainEntityOfPage\":{\"@id\":\"https:\\\/\\\/lasentinelle.dz\\\/index.php\\\/2026\\\/03\\\/16\\\/ligue-1-mobilis-une-24e-journee-sannonce-electrique\\\/\"},\"wordCount\":736,\"commentCount\":0,\"publisher\":{\"@id\":\"https:\\\/\\\/lasentinelle.dz\\\/#organization\"},\"image\":{\"@id\":\"https:\\\/\\\/lasentinelle.dz\\\/index.php\\\/2026\\\/03\\\/16\\\/ligue-1-mobilis-une-24e-journee-sannonce-electrique\\\/#primaryimage\"},\"thumbnailUrl\":\"https:\\\/\\\/lasentinelle.dz\\\/wp-content\\\/uploads\\\/2025\\\/05\\\/Ligue-1.jpeg\",\"articleSection\":[\"Sports\"],\"inLanguage\":\"fr-FR\",\"potentialAction\":[{\"@type\":\"CommentAction\",\"name\":\"Comment\",\"target\":[\"https:\\\/\\\/lasentinelle.dz\\\/index.php\\\/2026\\\/03\\\/16\\\/ligue-1-mobilis-une-24e-journee-sannonce-electrique\\\/#respond\"]}]},{\"@type\":\"WebPage\",\"@id\":\"https:\\\/\\\/lasentinelle.dz\\\/index.php\\\/2026\\\/03\\\/16\\\/ligue-1-mobilis-une-24e-journee-sannonce-electrique\\\/\",\"url\":\"https:\\\/\\\/lasentinelle.dz\\\/index.php\\\/2026\\\/03\\\/16\\\/ligue-1-mobilis-une-24e-journee-sannonce-electrique\\\/\",\"name\":\"Ligue 1 Mobilis\u00a0: Une 24e journ\u00e9e s&rsquo;annonce \u00e9lectrique - La Sentinelle\",\"isPartOf\":{\"@id\":\"https:\\\/\\\/lasentinelle.dz\\\/#website\"},\"primaryImageOfPage\":{\"@id\":\"https:\\\/\\\/lasentinelle.dz\\\/index.php\\\/2026\\\/03\\\/16\\\/ligue-1-mobilis-une-24e-journee-sannonce-electrique\\\/#primaryimage\"},\"image\":{\"@id\":\"https:\\\/\\\/lasentinelle.dz\\\/index.php\\\/2026\\\/03\\\/16\\\/ligue-1-mobilis-une-24e-journee-sannonce-electrique\\\/#primaryimage\"},\"thumbnailUrl\":\"https:\\\/\\\/lasentinelle.dz\\\/wp-content\\\/uploads\\\/2025\\\/05\\\/Ligue-1.jpeg\",\"datePublished\":\"2026-03-16T19:07:54+00:00\",\"dateModified\":\"2026-03-16T19:07:56+00:00\",\"breadcrumb\":{\"@id\":\"https:\\\/\\\/lasentinelle.dz\\\/index.php\\\/2026\\\/03\\\/16\\\/ligue-1-mobilis-une-24e-journee-sannonce-electrique\\\/#breadcrumb\"},\"inLanguage\":\"fr-FR\",\"potentialAction\":[{\"@type\":\"ReadAction\",\"target\":[\"https:\\\/\\\/lasentinelle.dz\\\/index.php\\\/2026\\\/03\\\/16\\\/ligue-1-mobilis-une-24e-journee-sannonce-electrique\\\/\"]}]},{\"@type\":\"ImageObject\",\"inLanguage\":\"fr-FR\",\"@id\":\"https:\\\/\\\/lasentinelle.dz\\\/index.php\\\/2026\\\/03\\\/16\\\/ligue-1-mobilis-une-24e-journee-sannonce-electrique\\\/#primaryimage\",\"url\":\"https:\\\/\\\/lasentinelle.dz\\\/wp-content\\\/uploads\\\/2025\\\/05\\\/Ligue-1.jpeg\",\"contentUrl\":\"https:\\\/\\\/lasentinelle.dz\\\/wp-content\\\/uploads\\\/2025\\\/05\\\/Ligue-1.jpeg\",\"width\":1280,\"height\":720},{\"@type\":\"BreadcrumbList\",\"@id\":\"https:\\\/\\\/lasentinelle.dz\\\/index.php\\\/2026\\\/03\\\/16\\\/ligue-1-mobilis-une-24e-journee-sannonce-electrique\\\/#breadcrumb\",\"itemListElement\":[{\"@type\":\"ListItem\",\"position\":1,\"name\":\"Accueil\",\"item\":\"https:\\\/\\\/lasentinelle.dz\\\/\"},{\"@type\":\"ListItem\",\"position\":2,\"name\":\"Ligue 1 Mobilis\u00a0: Une 24e journ\u00e9e s&rsquo;annonce \u00e9lectrique\"}]},{\"@type\":\"WebSite\",\"@id\":\"https:\\\/\\\/lasentinelle.dz\\\/#website\",\"url\":\"https:\\\/\\\/lasentinelle.dz\\\/\",\"name\":\"La Sentinelle\",\"description\":\"Quotidien national d&#039;information\",\"publisher\":{\"@id\":\"https:\\\/\\\/lasentinelle.dz\\\/#organization\"},\"potentialAction\":[{\"@type\":\"SearchAction\",\"target\":{\"@type\":\"EntryPoint\",\"urlTemplate\":\"https:\\\/\\\/lasentinelle.dz\\\/?s={search_term_string}\"},\"query-input\":{\"@type\":\"PropertyValueSpecification\",\"valueRequired\":true,\"valueName\":\"search_term_string\"}}],\"inLanguage\":\"fr-FR\"},{\"@type\":\"Organization\",\"@id\":\"https:\\\/\\\/lasentinelle.dz\\\/#organization\",\"name\":\"Quotidien La Sentinelle\",\"url\":\"https:\\\/\\\/lasentinelle.dz\\\/\",\"logo\":{\"@type\":\"ImageObject\",\"inLanguage\":\"fr-FR\",\"@id\":\"https:\\\/\\\/lasentinelle.dz\\\/#\\\/schema\\\/logo\\\/image\\\/\",\"url\":\"https:\\\/\\\/lasentinelle.dz\\\/wp-content\\\/uploads\\\/2021\\\/09\\\/logo-sentinelleSLOGAN-1.png\",\"contentUrl\":\"https:\\\/\\\/lasentinelle.dz\\\/wp-content\\\/uploads\\\/2021\\\/09\\\/logo-sentinelleSLOGAN-1.png\",\"width\":615,\"height\":142,\"caption\":\"Quotidien La Sentinelle\"},\"image\":{\"@id\":\"https:\\\/\\\/lasentinelle.dz\\\/#\\\/schema\\\/logo\\\/image\\\/\"},\"sameAs\":[\"https:\\\/\\\/www.facebook.com\\\/La-Sentinelle-104059864394773\"]},{\"@type\":\"Person\",\"@id\":\"https:\\\/\\\/lasentinelle.dz\\\/#\\\/schema\\\/person\\\/729ee0024f24e0b8c5ec17232f8e8b41\",\"name\":\"admin\",\"image\":{\"@type\":\"ImageObject\",\"inLanguage\":\"fr-FR\",\"@id\":\"https:\\\/\\\/secure.gravatar.com\\\/avatar\\\/4c81fed838786e9b53f540bf46533e750f5d292099ae3b66cfc6fb1982e29df7?s=96&d=mm&r=g\",\"url\":\"https:\\\/\\\/secure.gravatar.com\\\/avatar\\\/4c81fed838786e9b53f540bf46533e750f5d292099ae3b66cfc6fb1982e29df7?s=96&d=mm&r=g\",\"contentUrl\":\"https:\\\/\\\/secure.gravatar.com\\\/avatar\\\/4c81fed838786e9b53f540bf46533e750f5d292099ae3b66cfc6fb1982e29df7?s=96&d=mm&r=g\",\"caption\":\"admin\"},\"description\":\"admin\",\"url\":\"https:\\\/\\\/lasentinelle.dz\\\/author\\\/admin\\\/\"}]}<\/script>\n<!-- \/ Yoast SEO plugin. -->","yoast_head_json":{"title":"Ligue 1 Mobilis\u00a0: Une 24e journ\u00e9e s&rsquo;annonce \u00e9lectrique - La Sentinelle","robots":{"index":"index","follow":"follow","max-snippet":"max-snippet:-1","max-image-preview":"max-image-preview:large","max-video-preview":"max-video-preview:-1"},"canonical":"https:\/\/lasentinelle.dz\/index.php\/2026\/03\/16\/ligue-1-mobilis-une-24e-journee-sannonce-electrique\/","og_locale":"fr_FR","og_type":"article","og_title":"Ligue 1 Mobilis\u00a0: Une 24e journ\u00e9e s&rsquo;annonce \u00e9lectrique - La Sentinelle","og_description":"Le championnat d&rsquo;Alg\u00e9rie reprend ses droits mardi et mercredi avec une 24e journ\u00e9e qui promet son lot de suspense, de","og_url":"https:\/\/lasentinelle.dz\/index.php\/2026\/03\/16\/ligue-1-mobilis-une-24e-journee-sannonce-electrique\/","og_site_name":"La Sentinelle","article_publisher":"https:\/\/www.facebook.com\/La-Sentinelle-104059864394773","article_published_time":"2026-03-16T19:07:54+00:00","article_modified_time":"2026-03-16T19:07:56+00:00","og_image":[{"width":1280,"height":720,"url":"https:\/\/lasentinelle.dz\/wp-content\/uploads\/2025\/05\/Ligue-1.jpeg","type":"image\/jpeg"}],"author":"admin","twitter_card":"summary_large_image","twitter_misc":{"\u00c9crit par":"admin","Dur\u00e9e de lecture estim\u00e9e":"4 minutes"},"schema":{"@context":"https:\/\/schema.org","@graph":[{"@type":"Article","@id":"https:\/\/lasentinelle.dz\/index.php\/2026\/03\/16\/ligue-1-mobilis-une-24e-journee-sannonce-electrique\/#article","isPartOf":{"@id":"https:\/\/lasentinelle.dz\/index.php\/2026\/03\/16\/ligue-1-mobilis-une-24e-journee-sannonce-electrique\/"},"author":{"name":"admin","@id":"https:\/\/lasentinelle.dz\/#\/schema\/person\/729ee0024f24e0b8c5ec17232f8e8b41"},"headline":"Ligue 1 Mobilis\u00a0: Une 24e journ\u00e9e s&rsquo;annonce \u00e9lectrique","datePublished":"2026-03-16T19:07:54+00:00","dateModified":"2026-03-16T19:07:56+00:00","mainEntityOfPage":{"@id":"https:\/\/lasentinelle.dz\/index.php\/2026\/03\/16\/ligue-1-mobilis-une-24e-journee-sannonce-electrique\/"},"wordCount":736,"commentCount":0,"publisher":{"@id":"https:\/\/lasentinelle.dz\/#organization"},"image":{"@id":"https:\/\/lasentinelle.dz\/index.php\/2026\/03\/16\/ligue-1-mobilis-une-24e-journee-sannonce-electrique\/#primaryimage"},"thumbnailUrl":"https:\/\/lasentinelle.dz\/wp-content\/uploads\/2025\/05\/Ligue-1.jpeg","articleSection":["Sports"],"inLanguage":"fr-FR","potentialAction":[{"@type":"CommentAction","name":"Comment","target":["https:\/\/lasentinelle.dz\/index.php\/2026\/03\/16\/ligue-1-mobilis-une-24e-journee-sannonce-electrique\/#respond"]}]},{"@type":"WebPage","@id":"https:\/\/lasentinelle.dz\/index.php\/2026\/03\/16\/ligue-1-mobilis-une-24e-journee-sannonce-electrique\/","url":"https:\/\/lasentinelle.dz\/index.php\/2026\/03\/16\/ligue-1-mobilis-une-24e-journee-sannonce-electrique\/","name":"Ligue 1 Mobilis\u00a0: Une 24e journ\u00e9e s&rsquo;annonce \u00e9lectrique - La Sentinelle","isPartOf":{"@id":"https:\/\/lasentinelle.dz\/#website"},"primaryImageOfPage":{"@id":"https:\/\/lasentinelle.dz\/index.php\/2026\/03\/16\/ligue-1-mobilis-une-24e-journee-sannonce-electrique\/#primaryimage"},"image":{"@id":"https:\/\/lasentinelle.dz\/index.php\/2026\/03\/16\/ligue-1-mobilis-une-24e-journee-sannonce-electrique\/#primaryimage"},"thumbnailUrl":"https:\/\/lasentinelle.dz\/wp-content\/uploads\/2025\/05\/Ligue-1.jpeg","datePublished":"2026-03-16T19:07:54+00:00","dateModified":"2026-03-16T19:07:56+00:00","breadcrumb":{"@id":"https:\/\/lasentinelle.dz\/index.php\/2026\/03\/16\/ligue-1-mobilis-une-24e-journee-sannonce-electrique\/#breadcrumb"},"inLanguage":"fr-FR","potentialAction":[{"@type":"ReadAction","target":["https:\/\/lasentinelle.dz\/index.php\/2026\/03\/16\/ligue-1-mobilis-une-24e-journee-sannonce-electrique\/"]}]},{"@type":"ImageObject","inLanguage":"fr-FR","@id":"https:\/\/lasentinelle.dz\/index.php\/2026\/03\/16\/ligue-1-mobilis-une-24e-journee-sannonce-electrique\/#primaryimage","url":"https:\/\/lasentinelle.dz\/wp-content\/uploads\/2025\/05\/Ligue-1.jpeg","contentUrl":"https:\/\/lasentinelle.dz\/wp-content\/uploads\/2025\/05\/Ligue-1.jpeg","width":1280,"height":720},{"@type":"BreadcrumbList","@id":"https:\/\/lasentinelle.dz\/index.php\/2026\/03\/16\/ligue-1-mobilis-une-24e-journee-sannonce-electrique\/#breadcrumb","itemListElement":[{"@type":"ListItem","position":1,"name":"Accueil","item":"https:\/\/lasentinelle.dz\/"},{"@type":"ListItem","position":2,"name":"Ligue 1 Mobilis\u00a0: Une 24e journ\u00e9e s&rsquo;annonce \u00e9lectrique"}]},{"@type":"WebSite","@id":"https:\/\/lasentinelle.dz\/#website","url":"https:\/\/lasentinelle.dz\/","name":"La Sentinelle","description":"Quotidien national d&#039;information","publisher":{"@id":"https:\/\/lasentinelle.dz\/#organization"},"potentialAction":[{"@type":"SearchAction","target":{"@type":"EntryPoint","urlTemplate":"https:\/\/lasentinelle.dz\/?s={search_term_string}"},"query-input":{"@type":"PropertyValueSpecification","valueRequired":true,"valueName":"search_term_string"}}],"inLanguage":"fr-FR"},{"@type":"Organization","@id":"https:\/\/lasentinelle.dz\/#organization","name":"Quotidien La Sentinelle","url":"https:\/\/lasentinelle.dz\/","logo":{"@type":"ImageObject","inLanguage":"fr-FR","@id":"https:\/\/lasentinelle.dz\/#\/schema\/logo\/image\/","url":"https:\/\/lasentinelle.dz\/wp-content\/uploads\/2021\/09\/logo-sentinelleSLOGAN-1.png","contentUrl":"https:\/\/lasentinelle.dz\/wp-content\/uploads\/2021\/09\/logo-sentinelleSLOGAN-1.png","width":615,"height":142,"caption":"Quotidien La Sentinelle"},"image":{"@id":"https:\/\/lasentinelle.dz\/#\/schema\/logo\/image\/"},"sameAs":["https:\/\/www.facebook.com\/La-Sentinelle-104059864394773"]},{"@type":"Person","@id":"https:\/\/lasentinelle.dz\/#\/schema\/person\/729ee0024f24e0b8c5ec17232f8e8b41","name":"admin","image":{"@type":"ImageObject","inLanguage":"fr-FR","@id":"https:\/\/secure.gravatar.com\/avatar\/4c81fed838786e9b53f540bf46533e750f5d292099ae3b66cfc6fb1982e29df7?s=96&d=mm&r=g","url":"https:\/\/secure.gravatar.com\/avatar\/4c81fed838786e9b53f540bf46533e750f5d292099ae3b66cfc6fb1982e29df7?s=96&d=mm&r=g","contentUrl":"https:\/\/secure.gravatar.com\/avatar\/4c81fed838786e9b53f540bf46533e750f5d292099ae3b66cfc6fb1982e29df7?s=96&d=mm&r=g","caption":"admin"},"description":"admin","url":"https:\/\/lasentinelle.dz\/author\/admin\/"}]}},"_links":{"self":[{"href":"https:\/\/lasentinelle.dz\/index.php\/wp-json\/wp\/v2\/posts\/83632","targetHints":{"allow":["GET"]}}],"collection":[{"href":"https:\/\/lasentinelle.dz\/index.php\/wp-json\/wp\/v2\/posts"}],"about":[{"href":"https:\/\/lasentinelle.dz\/index.php\/wp-json\/wp\/v2\/types\/post"}],"author":[{"embeddable":true,"href":"https:\/\/lasentinelle.dz\/index.php\/wp-json\/wp\/v2\/users\/6"}],"replies":[{"embeddable":true,"href":"https:\/\/lasentinelle.dz\/index.php\/wp-json\/wp\/v2\/comments?post=83632"}],"version-history":[{"count":2,"href":"https:\/\/lasentinelle.dz\/index.php\/wp-json\/wp\/v2\/posts\/83632\/revisions"}],"predecessor-version":[{"id":83634,"href":"https:\/\/lasentinelle.dz\/index.php\/wp-json\/wp\/v2\/posts\/83632\/revisions\/83634"}],"wp:featuredmedia":[{"embeddable":true,"href":"https:\/\/lasentinelle.dz\/index.php\/wp-json\/wp\/v2\/media\/67611"}],"wp:attachment":[{"href":"https:\/\/lasentinelle.dz\/index.php\/wp-json\/wp\/v2\/media?parent=83632"}],"wp:term":[{"taxonomy":"category","embeddable":true,"href":"https:\/\/lasentinelle.dz\/index.php\/wp-json\/wp\/v2\/categories?post=83632"},{"taxonomy":"post_tag","embeddable":true,"href":"https:\/\/lasentinelle.dz\/index.php\/wp-json\/wp\/v2\/tags?post=83632"}],"curies":[{"name":"wp","href":"https:\/\/api.w.org\/{rel}","templated":true}]}}