{"id":83635,"date":"2026-03-16T20:08:42","date_gmt":"2026-03-16T19:08:42","guid":{"rendered":"https:\/\/lasentinelle.dz\/?p=83635"},"modified":"2026-03-16T20:08:43","modified_gmt":"2026-03-16T19:08:43","slug":"equipe-nationale-six-nouveaux-visages-sur-la-liste-elargie","status":"publish","type":"post","link":"https:\/\/lasentinelle.dz\/index.php\/2026\/03\/16\/equipe-nationale-six-nouveaux-visages-sur-la-liste-elargie\/","title":{"rendered":"\u00c9quipe nationale\u00a0: Six nouveaux visages sur la liste \u00e9largie"},"content":{"rendered":"\n<p>\u00c0 quelques jours des matchs amicaux face au Guatemala (27 mars) et \u00e0 l&rsquo;Uruguay (31 mars), et alors que le s\u00e9lectionneur national Vladimir Petkovi\u0107 s&rsquo;appr\u00eate \u00e0 rendre publique sa liste pour le stage de mars 2026, des sources proches de l&rsquo;entourage de l&rsquo;\u00e9quipe nationale alg\u00e9rienne de football ont r\u00e9v\u00e9l\u00e9 \u00e0 la Radio alg\u00e9rienne, dimanche, que la liste \u00e9largie des cinquante joueurs transmise \u00e0 la FIFA comporte six noms in\u00e9dits.<\/p>\n\n\n\n<p>Ce document, qui constitue la liste pr\u00e9liminaire des Verts en vue de la Coupe du Monde 2026 \u2014 pr\u00e9vue aux \u00c9tats-Unis, au Canada et au Mexique du 11 juin au 19 juillet prochains \u2014, t\u00e9moigne de la volont\u00e9 affich\u00e9e par le technicien bosno-suisse de muscler un groupe d\u00e9j\u00e0 \u00e9toff\u00e9. Le stage de mars, qui repr\u00e9sente l&rsquo;avant-dernier rassemblement avant le Mondial, s&rsquo;annonce d\u00e8s lors comme un rendez-vous d\u00e9cisif dans la construction de l&rsquo;ossature d\u00e9finitive que Petkovi\u0107 entend opposer aux meilleures nations du globe cet \u00e9t\u00e9.<\/p>\n\n\n\n<p><strong>Trois nouveaux gardiens dans le viseur<\/strong><\/p>\n\n\n\n<p>En mati\u00e8re de gardiens de but, le s\u00e9lectionneur a vu large. Soucieux de disposer d&rsquo;un choix solide entre les perches, il a int\u00e9gr\u00e9 \u00e0 la liste des 50 trois portiers dont les performances r\u00e9centes ont retenu toute son attention. Le premier, Ghaya Merbah (31 ans), r\u00e9alise actuellement une saison de haute facture sous les couleurs de la Jeunesse Sportive de Kabylie, l&rsquo;un des clubs phares du championnat professionnel alg\u00e9rien. Le second, Fay\u00e7al Malvyn Mastel (26 ans), s&rsquo;illustre en Suisse au sein du Stade de Nyonnais, en deuxi\u00e8me division helv\u00e9tique, o\u00f9 il encha\u00eene les prestations solides. Le troisi\u00e8me, Abdallah La\u00efdani (22 ans), pass\u00e9 par les \u00e9quipes de jeunes de Sion, \u00e9volue aujourd&rsquo;hui \u00e0 Mod\u00e8ne, en Serie B italienne. Si leur pr\u00e9sence dans la liste \u00e9largie constitue une premi\u00e8re reconnaissance officielle, leur convocation effective lors du stage de mars reste pour l&rsquo;heure soumise aux arbitrages finaux du staff technique.<\/p>\n\n\n\n<p>La ligne d\u00e9fensive alg\u00e9rienne a subi de plein fouet les al\u00e9as des blessures ces derni\u00e8res semaines. Youcef Atal, Samir Sofiane Cherki et Djaouane Hadjam \u2014 trois \u00e9l\u00e9ments habituellement incontournables du dispositif de Petkovi\u0107 \u2014 se retrouvent tous trois sur le flanc. Face \u00e0 cette situation in\u00e9dite, le s\u00e9lectionneur a pris les devants en incorporant \u00e0 la liste des 50 le d\u00e9fenseur central de l&rsquo;Union Sportive M\u00e9dina d&rsquo;Alger (USMA), Achraf Abada (26 ans).<\/p>\n\n\n\n<p><strong>Lakehal au milieu, Ghedjemis attaquant r\u00e9v\u00e9lation<\/strong><\/p>\n\n\n\n<p>Le secteur m\u00e9dian, d\u00e9j\u00e0 dense en options, ne sera pas en reste. Malgr\u00e9 un entrejeu particuli\u00e8rement fourni, le s\u00e9lectionneur a d\u00e9cid\u00e9 d&rsquo;offrir une premi\u00e8re chance \u00e0 Victor Lakehal (32 ans), milieu qui \u00e9volue actuellement au sein d&rsquo;un club saoudien de Riyad. C&rsquo;est lors de la derni\u00e8re Coupe arabe des nations que Lakehal a tap\u00e9 dans l&rsquo;\u0153il du staff technique par la qualit\u00e9 et la r\u00e9gularit\u00e9 de ses prestations, s&rsquo;imposant comme une option cr\u00e9dible pour densifier le milieu de terrain des Verts en cas de besoin. L&rsquo;attaque alg\u00e9rienne pourrait elle aussi s&rsquo;enrichir d&rsquo;un profil offensif prometteur. Fares Ghedjemis (23 ans), ailier \u00e9voluant sous les couleurs de Frosinone en Serie B italienne, a attir\u00e9 l&rsquo;attention de Petkovi\u0107 par la r\u00e9gularit\u00e9 de ses performances. Avec dix buts et trois passes d\u00e9cisives en 29 apparitions toutes comp\u00e9titions confondues cette saison, le jeune ailier s&rsquo;est impos\u00e9 comme l&rsquo;un des \u00e9l\u00e9ments les plus en vue de la deuxi\u00e8me division transalpine. Sa vitesse, sa capacit\u00e9 \u00e0 \u00e9liminer son vis-\u00e0-vis et son r\u00e9alisme devant le but en font un profil susceptible d&rsquo;apporter de la profondeur et de l&rsquo;imprevisibilit\u00e9 \u00e0 l&rsquo;attaque alg\u00e9rienne.<\/p>\n\n\n\n<p><strong>Six retours attendus<\/strong><\/p>\n\n\n\n<p>En parall\u00e8le \u00e0 ces nouvelles t\u00eates, la liste des 50 consacre \u00e9galement le retour de plusieurs \u00e9l\u00e9ments qui avaient \u00e9t\u00e9 \u00e9cart\u00e9s ou qui \u00e9taient indisponibles pour diverses raisons. Adel Aouchiche (23 ans), milieu de Schalke 04 en Bundesliga, retrouve les Verts apr\u00e8s un parcours sinueux entre l&rsquo;Angleterre et l&rsquo;\u00c9cosse. Il aborde cette saison avec une maturit\u00e9 nouvelle qui lui permet de confirmer dans l&rsquo;\u00e9lite allemande. Soha\u00efb Nayer (Paris FC, Ligue 2 fran\u00e7aise) et Ahmed Kendoussi (Lugano, Super League suisse) font \u00e9galement leur r\u00e9apparition apr\u00e8s des p\u00e9pins physiques qui les avaient tenus \u00e9loign\u00e9s du groupe national.<\/p>\n\n\n\n<p>Deux autres noms figurent \u00e9galement dans cette liste \u00e9largie : le gardien Alexis Guendouz, titulaire au Mouloudia Club d&rsquo;Alger, et Naoufal Khassif, portier du Chabab Belouizdad. Si Guendouz a manqu\u00e9 la derni\u00e8re Coupe d&rsquo;Afrique des nations en raison d&rsquo;une blessure qui lui avait co\u00fbt\u00e9 cher, Khassif \u00e9tait quant \u00e0 lui rest\u00e9 longtemps hors des radars du s\u00e9lectionneur avant de r\u00e9aliser une remarquable remont\u00e9e en forme ces derni\u00e8res semaines. Enfin, Mohamed Amine Chiakha, avant-centre de Rosenborg en Norv\u00e8ge, pourrait lui aussi faire son retour au sein du groupe national apr\u00e8s avoir inscrit quatre buts lors de ses derni\u00e8res sorties, une s\u00e9rie qui n&rsquo;a pas manqu\u00e9 d&rsquo;interpeller le staff alg\u00e9rien.<\/p>\n\n\n\n<p><strong>Une pr\u00e9paration structur\u00e9e pour viser haut<\/strong><\/p>\n\n\n\n<p>Dans le contexte plus large de la pr\u00e9paration des Verts pour le Mondial 2026, ce stage de mars constitue un maillon essentiel. Les matchs amicaux contre le Guatemala le 27 mars et l&rsquo;Uruguay le 31 mars offriront \u00e0 Petkovi\u0107 des rep\u00e8res pr\u00e9cieux avant le dernier rassemblement pr\u00e9vu en juin, juste avant l&rsquo;entr\u00e9e en lice de l&rsquo;Alg\u00e9rie dans la comp\u00e9tition. L&rsquo;Uruguay, finaliste \u00e0 plusieurs reprises de la Coupe du Monde et habitu\u00e9 des grandes \u00e9ch\u00e9ances plan\u00e9taires, repr\u00e9sentera notamment un test de tr\u00e8s haut niveau pour mesurer l&rsquo;\u00e9tat de pr\u00e9paration r\u00e9el des Fennecs.<\/p>\n\n\n\n<p>Il convient de rappeler que l&rsquo;Alg\u00e9rie s&rsquo;est qualifi\u00e9e pour sa premi\u00e8re Coupe du Monde depuis 2014 et que les attentes du public et des observateurs sont consid\u00e9rables. Vladimir Petkovi\u0107, \u00e0 la t\u00eate de la s\u00e9lection depuis plusieurs mois, dispose d\u00e9sormais d&rsquo;un groupe soud\u00e9, riche d&rsquo;une g\u00e9n\u00e9ration de joueurs expatri\u00e9s \u00e9voluant dans les meilleurs championnats europ\u00e9ens, \u00e0 laquelle s&rsquo;ajoute l&rsquo;apport non n\u00e9gligeable des \u00e9l\u00e9ments issus du championnat national.<\/p>\n\n\n\n<p>Moncef Dahleb<\/p>\n","protected":false},"excerpt":{"rendered":"<p>\u00c0 quelques jours des matchs amicaux face au Guatemala (27 mars) et \u00e0 l&rsquo;Uruguay (31 mars), et alors que le<\/p>\n","protected":false},"author":6,"featured_media":83636,"comment_status":"open","ping_status":"closed","sticky":false,"template":"","format":"standard","meta":{"colormag_page_container_layout":"default_layout","colormag_page_sidebar_layout":"default_layout","om_disable_all_campaigns":false,"_monsterinsights_skip_tracking":false,"_monsterinsights_sitenote_active":false,"_monsterinsights_sitenote_note":"","_monsterinsights_sitenote_category":0,"footnotes":"","_wpscppro_dont_share_socialmedia":false,"_wpscppro_custom_social_share_image":0,"_facebook_share_type":"default","_twitter_share_type":"default","_linkedin_share_type":"default","_pinterest_share_type":"default","_linkedin_share_type_page":"","_instagram_share_type":"default","_medium_share_type":"default","_threads_share_type":"default","_google_business_share_type":"default","_selected_social_profile":[],"_wpsp_enable_custom_social_template":false,"_wpsp_social_scheduling":{"enabled":false,"datetime":null,"platforms":[],"status":"template_only","dateOption":"today","timeOption":"now","customDays":"","customHours":"","customDate":"","customTime":"","schedulingType":"absolute"},"_wpsp_active_default_template":true},"categories":[33],"tags":[],"class_list":["post-83635","post","type-post","status-publish","format-standard","has-post-thumbnail","hentry","category-sports"],"aioseo_notices":[],"yoast_head":"<!-- This site is optimized with the Yoast SEO plugin v27.5 - https:\/\/yoast.com\/product\/yoast-seo-wordpress\/ -->\n<title>\u00c9quipe nationale\u00a0: Six nouveaux visages sur la liste \u00e9largie - La Sentinelle<\/title>\n<meta name=\"robots\" content=\"index, follow, max-snippet:-1, max-image-preview:large, max-video-preview:-1\" \/>\n<link rel=\"canonical\" href=\"https:\/\/lasentinelle.dz\/index.php\/2026\/03\/16\/equipe-nationale-six-nouveaux-visages-sur-la-liste-elargie\/\" \/>\n<meta property=\"og:locale\" content=\"fr_FR\" \/>\n<meta property=\"og:type\" content=\"article\" \/>\n<meta property=\"og:title\" content=\"\u00c9quipe nationale\u00a0: Six nouveaux visages sur la liste \u00e9largie - La Sentinelle\" \/>\n<meta property=\"og:description\" content=\"\u00c0 quelques jours des matchs amicaux face au Guatemala (27 mars) et \u00e0 l&rsquo;Uruguay (31 mars), et alors que le\" \/>\n<meta property=\"og:url\" content=\"https:\/\/lasentinelle.dz\/index.php\/2026\/03\/16\/equipe-nationale-six-nouveaux-visages-sur-la-liste-elargie\/\" \/>\n<meta property=\"og:site_name\" content=\"La Sentinelle\" \/>\n<meta property=\"article:publisher\" content=\"https:\/\/www.facebook.com\/La-Sentinelle-104059864394773\" \/>\n<meta property=\"article:published_time\" content=\"2026-03-16T19:08:42+00:00\" \/>\n<meta property=\"article:modified_time\" content=\"2026-03-16T19:08:43+00:00\" \/>\n<meta property=\"og:image\" content=\"https:\/\/lasentinelle.dz\/wp-content\/uploads\/2026\/03\/Petko.webp\" \/>\n\t<meta property=\"og:image:width\" content=\"850\" \/>\n\t<meta property=\"og:image:height\" content=\"564\" \/>\n\t<meta property=\"og:image:type\" content=\"image\/webp\" \/>\n<meta name=\"author\" content=\"admin\" \/>\n<meta name=\"twitter:card\" content=\"summary_large_image\" \/>\n<meta name=\"twitter:label1\" content=\"\u00c9crit par\" \/>\n\t<meta name=\"twitter:data1\" content=\"admin\" \/>\n\t<meta name=\"twitter:label2\" content=\"Dur\u00e9e de lecture estim\u00e9e\" \/>\n\t<meta name=\"twitter:data2\" content=\"5 minutes\" \/>\n<script type=\"application\/ld+json\" class=\"yoast-schema-graph\">{\"@context\":\"https:\\\/\\\/schema.org\",\"@graph\":[{\"@type\":\"Article\",\"@id\":\"https:\\\/\\\/lasentinelle.dz\\\/index.php\\\/2026\\\/03\\\/16\\\/equipe-nationale-six-nouveaux-visages-sur-la-liste-elargie\\\/#article\",\"isPartOf\":{\"@id\":\"https:\\\/\\\/lasentinelle.dz\\\/index.php\\\/2026\\\/03\\\/16\\\/equipe-nationale-six-nouveaux-visages-sur-la-liste-elargie\\\/\"},\"author\":{\"name\":\"admin\",\"@id\":\"https:\\\/\\\/lasentinelle.dz\\\/#\\\/schema\\\/person\\\/729ee0024f24e0b8c5ec17232f8e8b41\"},\"headline\":\"\u00c9quipe nationale\u00a0: Six nouveaux visages sur la liste \u00e9largie\",\"datePublished\":\"2026-03-16T19:08:42+00:00\",\"dateModified\":\"2026-03-16T19:08:43+00:00\",\"mainEntityOfPage\":{\"@id\":\"https:\\\/\\\/lasentinelle.dz\\\/index.php\\\/2026\\\/03\\\/16\\\/equipe-nationale-six-nouveaux-visages-sur-la-liste-elargie\\\/\"},\"wordCount\":1059,\"commentCount\":0,\"publisher\":{\"@id\":\"https:\\\/\\\/lasentinelle.dz\\\/#organization\"},\"image\":{\"@id\":\"https:\\\/\\\/lasentinelle.dz\\\/index.php\\\/2026\\\/03\\\/16\\\/equipe-nationale-six-nouveaux-visages-sur-la-liste-elargie\\\/#primaryimage\"},\"thumbnailUrl\":\"https:\\\/\\\/lasentinelle.dz\\\/wp-content\\\/uploads\\\/2026\\\/03\\\/Petko.webp\",\"articleSection\":[\"Sports\"],\"inLanguage\":\"fr-FR\",\"potentialAction\":[{\"@type\":\"CommentAction\",\"name\":\"Comment\",\"target\":[\"https:\\\/\\\/lasentinelle.dz\\\/index.php\\\/2026\\\/03\\\/16\\\/equipe-nationale-six-nouveaux-visages-sur-la-liste-elargie\\\/#respond\"]}]},{\"@type\":\"WebPage\",\"@id\":\"https:\\\/\\\/lasentinelle.dz\\\/index.php\\\/2026\\\/03\\\/16\\\/equipe-nationale-six-nouveaux-visages-sur-la-liste-elargie\\\/\",\"url\":\"https:\\\/\\\/lasentinelle.dz\\\/index.php\\\/2026\\\/03\\\/16\\\/equipe-nationale-six-nouveaux-visages-sur-la-liste-elargie\\\/\",\"name\":\"\u00c9quipe nationale\u00a0: Six nouveaux visages sur la liste \u00e9largie - La Sentinelle\",\"isPartOf\":{\"@id\":\"https:\\\/\\\/lasentinelle.dz\\\/#website\"},\"primaryImageOfPage\":{\"@id\":\"https:\\\/\\\/lasentinelle.dz\\\/index.php\\\/2026\\\/03\\\/16\\\/equipe-nationale-six-nouveaux-visages-sur-la-liste-elargie\\\/#primaryimage\"},\"image\":{\"@id\":\"https:\\\/\\\/lasentinelle.dz\\\/index.php\\\/2026\\\/03\\\/16\\\/equipe-nationale-six-nouveaux-visages-sur-la-liste-elargie\\\/#primaryimage\"},\"thumbnailUrl\":\"https:\\\/\\\/lasentinelle.dz\\\/wp-content\\\/uploads\\\/2026\\\/03\\\/Petko.webp\",\"datePublished\":\"2026-03-16T19:08:42+00:00\",\"dateModified\":\"2026-03-16T19:08:43+00:00\",\"breadcrumb\":{\"@id\":\"https:\\\/\\\/lasentinelle.dz\\\/index.php\\\/2026\\\/03\\\/16\\\/equipe-nationale-six-nouveaux-visages-sur-la-liste-elargie\\\/#breadcrumb\"},\"inLanguage\":\"fr-FR\",\"potentialAction\":[{\"@type\":\"ReadAction\",\"target\":[\"https:\\\/\\\/lasentinelle.dz\\\/index.php\\\/2026\\\/03\\\/16\\\/equipe-nationale-six-nouveaux-visages-sur-la-liste-elargie\\\/\"]}]},{\"@type\":\"ImageObject\",\"inLanguage\":\"fr-FR\",\"@id\":\"https:\\\/\\\/lasentinelle.dz\\\/index.php\\\/2026\\\/03\\\/16\\\/equipe-nationale-six-nouveaux-visages-sur-la-liste-elargie\\\/#primaryimage\",\"url\":\"https:\\\/\\\/lasentinelle.dz\\\/wp-content\\\/uploads\\\/2026\\\/03\\\/Petko.webp\",\"contentUrl\":\"https:\\\/\\\/lasentinelle.dz\\\/wp-content\\\/uploads\\\/2026\\\/03\\\/Petko.webp\",\"width\":850,\"height\":564},{\"@type\":\"BreadcrumbList\",\"@id\":\"https:\\\/\\\/lasentinelle.dz\\\/index.php\\\/2026\\\/03\\\/16\\\/equipe-nationale-six-nouveaux-visages-sur-la-liste-elargie\\\/#breadcrumb\",\"itemListElement\":[{\"@type\":\"ListItem\",\"position\":1,\"name\":\"Accueil\",\"item\":\"https:\\\/\\\/lasentinelle.dz\\\/\"},{\"@type\":\"ListItem\",\"position\":2,\"name\":\"\u00c9quipe nationale\u00a0: Six nouveaux visages sur la liste \u00e9largie\"}]},{\"@type\":\"WebSite\",\"@id\":\"https:\\\/\\\/lasentinelle.dz\\\/#website\",\"url\":\"https:\\\/\\\/lasentinelle.dz\\\/\",\"name\":\"La Sentinelle\",\"description\":\"Quotidien national d&#039;information\",\"publisher\":{\"@id\":\"https:\\\/\\\/lasentinelle.dz\\\/#organization\"},\"potentialAction\":[{\"@type\":\"SearchAction\",\"target\":{\"@type\":\"EntryPoint\",\"urlTemplate\":\"https:\\\/\\\/lasentinelle.dz\\\/?s={search_term_string}\"},\"query-input\":{\"@type\":\"PropertyValueSpecification\",\"valueRequired\":true,\"valueName\":\"search_term_string\"}}],\"inLanguage\":\"fr-FR\"},{\"@type\":\"Organization\",\"@id\":\"https:\\\/\\\/lasentinelle.dz\\\/#organization\",\"name\":\"Quotidien La Sentinelle\",\"url\":\"https:\\\/\\\/lasentinelle.dz\\\/\",\"logo\":{\"@type\":\"ImageObject\",\"inLanguage\":\"fr-FR\",\"@id\":\"https:\\\/\\\/lasentinelle.dz\\\/#\\\/schema\\\/logo\\\/image\\\/\",\"url\":\"https:\\\/\\\/lasentinelle.dz\\\/wp-content\\\/uploads\\\/2021\\\/09\\\/logo-sentinelleSLOGAN-1.png\",\"contentUrl\":\"https:\\\/\\\/lasentinelle.dz\\\/wp-content\\\/uploads\\\/2021\\\/09\\\/logo-sentinelleSLOGAN-1.png\",\"width\":615,\"height\":142,\"caption\":\"Quotidien La Sentinelle\"},\"image\":{\"@id\":\"https:\\\/\\\/lasentinelle.dz\\\/#\\\/schema\\\/logo\\\/image\\\/\"},\"sameAs\":[\"https:\\\/\\\/www.facebook.com\\\/La-Sentinelle-104059864394773\"]},{\"@type\":\"Person\",\"@id\":\"https:\\\/\\\/lasentinelle.dz\\\/#\\\/schema\\\/person\\\/729ee0024f24e0b8c5ec17232f8e8b41\",\"name\":\"admin\",\"image\":{\"@type\":\"ImageObject\",\"inLanguage\":\"fr-FR\",\"@id\":\"https:\\\/\\\/secure.gravatar.com\\\/avatar\\\/4c81fed838786e9b53f540bf46533e750f5d292099ae3b66cfc6fb1982e29df7?s=96&d=mm&r=g\",\"url\":\"https:\\\/\\\/secure.gravatar.com\\\/avatar\\\/4c81fed838786e9b53f540bf46533e750f5d292099ae3b66cfc6fb1982e29df7?s=96&d=mm&r=g\",\"contentUrl\":\"https:\\\/\\\/secure.gravatar.com\\\/avatar\\\/4c81fed838786e9b53f540bf46533e750f5d292099ae3b66cfc6fb1982e29df7?s=96&d=mm&r=g\",\"caption\":\"admin\"},\"description\":\"admin\",\"url\":\"https:\\\/\\\/lasentinelle.dz\\\/author\\\/admin\\\/\"}]}<\/script>\n<!-- \/ Yoast SEO plugin. -->","yoast_head_json":{"title":"\u00c9quipe nationale\u00a0: Six nouveaux visages sur la liste \u00e9largie - La Sentinelle","robots":{"index":"index","follow":"follow","max-snippet":"max-snippet:-1","max-image-preview":"max-image-preview:large","max-video-preview":"max-video-preview:-1"},"canonical":"https:\/\/lasentinelle.dz\/index.php\/2026\/03\/16\/equipe-nationale-six-nouveaux-visages-sur-la-liste-elargie\/","og_locale":"fr_FR","og_type":"article","og_title":"\u00c9quipe nationale\u00a0: Six nouveaux visages sur la liste \u00e9largie - La Sentinelle","og_description":"\u00c0 quelques jours des matchs amicaux face au Guatemala (27 mars) et \u00e0 l&rsquo;Uruguay (31 mars), et alors que le","og_url":"https:\/\/lasentinelle.dz\/index.php\/2026\/03\/16\/equipe-nationale-six-nouveaux-visages-sur-la-liste-elargie\/","og_site_name":"La Sentinelle","article_publisher":"https:\/\/www.facebook.com\/La-Sentinelle-104059864394773","article_published_time":"2026-03-16T19:08:42+00:00","article_modified_time":"2026-03-16T19:08:43+00:00","og_image":[{"width":850,"height":564,"url":"https:\/\/lasentinelle.dz\/wp-content\/uploads\/2026\/03\/Petko.webp","type":"image\/webp"}],"author":"admin","twitter_card":"summary_large_image","twitter_misc":{"\u00c9crit par":"admin","Dur\u00e9e de lecture estim\u00e9e":"5 minutes"},"schema":{"@context":"https:\/\/schema.org","@graph":[{"@type":"Article","@id":"https:\/\/lasentinelle.dz\/index.php\/2026\/03\/16\/equipe-nationale-six-nouveaux-visages-sur-la-liste-elargie\/#article","isPartOf":{"@id":"https:\/\/lasentinelle.dz\/index.php\/2026\/03\/16\/equipe-nationale-six-nouveaux-visages-sur-la-liste-elargie\/"},"author":{"name":"admin","@id":"https:\/\/lasentinelle.dz\/#\/schema\/person\/729ee0024f24e0b8c5ec17232f8e8b41"},"headline":"\u00c9quipe nationale\u00a0: Six nouveaux visages sur la liste \u00e9largie","datePublished":"2026-03-16T19:08:42+00:00","dateModified":"2026-03-16T19:08:43+00:00","mainEntityOfPage":{"@id":"https:\/\/lasentinelle.dz\/index.php\/2026\/03\/16\/equipe-nationale-six-nouveaux-visages-sur-la-liste-elargie\/"},"wordCount":1059,"commentCount":0,"publisher":{"@id":"https:\/\/lasentinelle.dz\/#organization"},"image":{"@id":"https:\/\/lasentinelle.dz\/index.php\/2026\/03\/16\/equipe-nationale-six-nouveaux-visages-sur-la-liste-elargie\/#primaryimage"},"thumbnailUrl":"https:\/\/lasentinelle.dz\/wp-content\/uploads\/2026\/03\/Petko.webp","articleSection":["Sports"],"inLanguage":"fr-FR","potentialAction":[{"@type":"CommentAction","name":"Comment","target":["https:\/\/lasentinelle.dz\/index.php\/2026\/03\/16\/equipe-nationale-six-nouveaux-visages-sur-la-liste-elargie\/#respond"]}]},{"@type":"WebPage","@id":"https:\/\/lasentinelle.dz\/index.php\/2026\/03\/16\/equipe-nationale-six-nouveaux-visages-sur-la-liste-elargie\/","url":"https:\/\/lasentinelle.dz\/index.php\/2026\/03\/16\/equipe-nationale-six-nouveaux-visages-sur-la-liste-elargie\/","name":"\u00c9quipe nationale\u00a0: Six nouveaux visages sur la liste \u00e9largie - La Sentinelle","isPartOf":{"@id":"https:\/\/lasentinelle.dz\/#website"},"primaryImageOfPage":{"@id":"https:\/\/lasentinelle.dz\/index.php\/2026\/03\/16\/equipe-nationale-six-nouveaux-visages-sur-la-liste-elargie\/#primaryimage"},"image":{"@id":"https:\/\/lasentinelle.dz\/index.php\/2026\/03\/16\/equipe-nationale-six-nouveaux-visages-sur-la-liste-elargie\/#primaryimage"},"thumbnailUrl":"https:\/\/lasentinelle.dz\/wp-content\/uploads\/2026\/03\/Petko.webp","datePublished":"2026-03-16T19:08:42+00:00","dateModified":"2026-03-16T19:08:43+00:00","breadcrumb":{"@id":"https:\/\/lasentinelle.dz\/index.php\/2026\/03\/16\/equipe-nationale-six-nouveaux-visages-sur-la-liste-elargie\/#breadcrumb"},"inLanguage":"fr-FR","potentialAction":[{"@type":"ReadAction","target":["https:\/\/lasentinelle.dz\/index.php\/2026\/03\/16\/equipe-nationale-six-nouveaux-visages-sur-la-liste-elargie\/"]}]},{"@type":"ImageObject","inLanguage":"fr-FR","@id":"https:\/\/lasentinelle.dz\/index.php\/2026\/03\/16\/equipe-nationale-six-nouveaux-visages-sur-la-liste-elargie\/#primaryimage","url":"https:\/\/lasentinelle.dz\/wp-content\/uploads\/2026\/03\/Petko.webp","contentUrl":"https:\/\/lasentinelle.dz\/wp-content\/uploads\/2026\/03\/Petko.webp","width":850,"height":564},{"@type":"BreadcrumbList","@id":"https:\/\/lasentinelle.dz\/index.php\/2026\/03\/16\/equipe-nationale-six-nouveaux-visages-sur-la-liste-elargie\/#breadcrumb","itemListElement":[{"@type":"ListItem","position":1,"name":"Accueil","item":"https:\/\/lasentinelle.dz\/"},{"@type":"ListItem","position":2,"name":"\u00c9quipe nationale\u00a0: Six nouveaux visages sur la liste \u00e9largie"}]},{"@type":"WebSite","@id":"https:\/\/lasentinelle.dz\/#website","url":"https:\/\/lasentinelle.dz\/","name":"La Sentinelle","description":"Quotidien national d&#039;information","publisher":{"@id":"https:\/\/lasentinelle.dz\/#organization"},"potentialAction":[{"@type":"SearchAction","target":{"@type":"EntryPoint","urlTemplate":"https:\/\/lasentinelle.dz\/?s={search_term_string}"},"query-input":{"@type":"PropertyValueSpecification","valueRequired":true,"valueName":"search_term_string"}}],"inLanguage":"fr-FR"},{"@type":"Organization","@id":"https:\/\/lasentinelle.dz\/#organization","name":"Quotidien La Sentinelle","url":"https:\/\/lasentinelle.dz\/","logo":{"@type":"ImageObject","inLanguage":"fr-FR","@id":"https:\/\/lasentinelle.dz\/#\/schema\/logo\/image\/","url":"https:\/\/lasentinelle.dz\/wp-content\/uploads\/2021\/09\/logo-sentinelleSLOGAN-1.png","contentUrl":"https:\/\/lasentinelle.dz\/wp-content\/uploads\/2021\/09\/logo-sentinelleSLOGAN-1.png","width":615,"height":142,"caption":"Quotidien La Sentinelle"},"image":{"@id":"https:\/\/lasentinelle.dz\/#\/schema\/logo\/image\/"},"sameAs":["https:\/\/www.facebook.com\/La-Sentinelle-104059864394773"]},{"@type":"Person","@id":"https:\/\/lasentinelle.dz\/#\/schema\/person\/729ee0024f24e0b8c5ec17232f8e8b41","name":"admin","image":{"@type":"ImageObject","inLanguage":"fr-FR","@id":"https:\/\/secure.gravatar.com\/avatar\/4c81fed838786e9b53f540bf46533e750f5d292099ae3b66cfc6fb1982e29df7?s=96&d=mm&r=g","url":"https:\/\/secure.gravatar.com\/avatar\/4c81fed838786e9b53f540bf46533e750f5d292099ae3b66cfc6fb1982e29df7?s=96&d=mm&r=g","contentUrl":"https:\/\/secure.gravatar.com\/avatar\/4c81fed838786e9b53f540bf46533e750f5d292099ae3b66cfc6fb1982e29df7?s=96&d=mm&r=g","caption":"admin"},"description":"admin","url":"https:\/\/lasentinelle.dz\/author\/admin\/"}]}},"_links":{"self":[{"href":"https:\/\/lasentinelle.dz\/index.php\/wp-json\/wp\/v2\/posts\/83635","targetHints":{"allow":["GET"]}}],"collection":[{"href":"https:\/\/lasentinelle.dz\/index.php\/wp-json\/wp\/v2\/posts"}],"about":[{"href":"https:\/\/lasentinelle.dz\/index.php\/wp-json\/wp\/v2\/types\/post"}],"author":[{"embeddable":true,"href":"https:\/\/lasentinelle.dz\/index.php\/wp-json\/wp\/v2\/users\/6"}],"replies":[{"embeddable":true,"href":"https:\/\/lasentinelle.dz\/index.php\/wp-json\/wp\/v2\/comments?post=83635"}],"version-history":[{"count":1,"href":"https:\/\/lasentinelle.dz\/index.php\/wp-json\/wp\/v2\/posts\/83635\/revisions"}],"predecessor-version":[{"id":83637,"href":"https:\/\/lasentinelle.dz\/index.php\/wp-json\/wp\/v2\/posts\/83635\/revisions\/83637"}],"wp:featuredmedia":[{"embeddable":true,"href":"https:\/\/lasentinelle.dz\/index.php\/wp-json\/wp\/v2\/media\/83636"}],"wp:attachment":[{"href":"https:\/\/lasentinelle.dz\/index.php\/wp-json\/wp\/v2\/media?parent=83635"}],"wp:term":[{"taxonomy":"category","embeddable":true,"href":"https:\/\/lasentinelle.dz\/index.php\/wp-json\/wp\/v2\/categories?post=83635"},{"taxonomy":"post_tag","embeddable":true,"href":"https:\/\/lasentinelle.dz\/index.php\/wp-json\/wp\/v2\/tags?post=83635"}],"curies":[{"name":"wp","href":"https:\/\/api.w.org\/{rel}","templated":true}]}}