{"id":83642,"date":"2026-03-16T20:13:15","date_gmt":"2026-03-16T19:13:15","guid":{"rendered":"https:\/\/lasentinelle.dz\/?p=83642"},"modified":"2026-03-16T20:13:16","modified_gmt":"2026-03-16T19:13:16","slug":"tizi-ouzou-le-musee-du-moudjahid-celebre-les-heros-de-mars","status":"publish","type":"post","link":"https:\/\/lasentinelle.dz\/index.php\/2026\/03\/16\/tizi-ouzou-le-musee-du-moudjahid-celebre-les-heros-de-mars\/","title":{"rendered":"Tizi-Ouzou\u00a0: Le Mus\u00e9e du Moudjahid c\u00e9l\u00e8bre les h\u00e9ros de mars"},"content":{"rendered":"\n<p>Le Mus\u00e9e r\u00e9gional du Moudjahid de Tizi-Ouzou d\u00e9ploie depuis d\u00e9but mars un vaste programme m\u00e9moriel consacr\u00e9 aux martyrs tomb\u00e9s durant le mois de mars lors de la Guerre de lib\u00e9ration nationale. Jusqu&rsquo;en avril prochain, expositions itin\u00e9rantes, projections de documentaires et c\u00e9r\u00e9monies d&rsquo;hommage se succ\u00e8dent pour rappeler le sacrifice des combattants de l&rsquo;ind\u00e9pendance alg\u00e9rienne. Quinze figures embl\u00e9matiques de la R\u00e9volution sont mises \u00e0 l&rsquo;honneur \u00e0 travers diverses institutions et organismes partenaires de la wilaya. Parmi elles, des noms inscrits dans la m\u00e9moire collective nationale : Larbi Ben M&rsquo;hidi, Mustapha Ben Boulaid, le Colonel Amirouche Ait Hamouda ou encore Ahmed Ben Abderrazak Hamouda, dit Si El Houas. Le programme inclut \u00e9galement Djoudi Abderrahmane, Heliche Hocine, Ousmail Kaci, Ali Melah, Guemraoui Ouba\u00efa, Djouadi Abderrahmane, Daguine Benali, Chenane Mokrane, Sidi Maamar Hocine et Maabout Ahcene. Au-del\u00e0 des portraits individuels, deux batailles majeures qui se sont d\u00e9roul\u00e9es dans la wilaya III historique sont comm\u00e9mor\u00e9es. La bataille de Tachtiouine \u00e0 Ait Yahia Moussa, le 5 mars 1959, et celle d&rsquo;Izemourene \u00e0 Ait Khlili, les 22 et 23 mars 1957, t\u00e9moignent de l&rsquo;intensit\u00e9 des combats men\u00e9s dans la r\u00e9gion de Kabylie. Ces affrontements, peu connus du grand public, constituent des jalons essentiels de l&rsquo;histoire r\u00e9volutionnaire locale.<\/p>\n\n\n\n<p>L&rsquo;\u00e9tablissement mus\u00e9al pr\u00e9voit \u00e9galement de c\u00e9l\u00e9brer le 64e anniversaire de la f\u00eate de la Victoire du 19 mars 1962, date du cessez-le-feu marquant la fin de la guerre. Des rencontres sp\u00e9ciales rendront hommage au moudjahid Kadi Mohamed, au Colonel Amirouche et \u00e0 l&rsquo;\u00e9crivain Mouloud Feraoun, assassin\u00e9 quelques jours avant l&rsquo;ind\u00e9pendance. Pour toucher un public \u00e9largi, le mus\u00e9e multiplie les initiatives : distribution de d\u00e9pliants biographiques, circuits d&rsquo;expositions dans diff\u00e9rentes structures de la wilaya et projections documentaires. \u00ab\u00a0Il s&rsquo;agira de rappeler aux g\u00e9n\u00e9rations futures le sacrifice de ces h\u00e9ros et \u00e0 quel prix l&rsquo;ind\u00e9pendance nationale a \u00e9t\u00e9 arrach\u00e9e\u00a0\u00bb, a expliqu\u00e9 Chabane Hamcha, directeur de l&rsquo;\u00e9tablissement. Ce dernier insiste sur une dimension suppl\u00e9mentaire : \u00ab\u00a0laisser des t\u00e9moignages pour les chercheurs afin d&rsquo;\u00e9crire avec des plumes alg\u00e9riennes la vraie histoire de la Guerre de lib\u00e9ration nationale\u00a0\u00bb. Cette programmation culturelle s&rsquo;inscrit dans une d\u00e9marche de transmission m\u00e9morielle qui vise, selon les organisateurs, \u00e0 honorer ceux qui ont, selon la formule consacr\u00e9e, \u00ab\u00a0irrigu\u00e9 l&rsquo;Alg\u00e9rie de leur sang pour que fleurisse l&rsquo;ind\u00e9pendance\u00a0\u00bb.<\/p>\n\n\n\n<p>R.C.<\/p>\n","protected":false},"excerpt":{"rendered":"<p>Le Mus\u00e9e r\u00e9gional du Moudjahid de Tizi-Ouzou d\u00e9ploie depuis d\u00e9but mars un vaste programme m\u00e9moriel consacr\u00e9 aux martyrs tomb\u00e9s durant<\/p>\n","protected":false},"author":6,"featured_media":83643,"comment_status":"open","ping_status":"closed","sticky":false,"template":"","format":"standard","meta":{"colormag_page_container_layout":"default_layout","colormag_page_sidebar_layout":"default_layout","om_disable_all_campaigns":false,"_monsterinsights_skip_tracking":false,"_monsterinsights_sitenote_active":false,"_monsterinsights_sitenote_note":"","_monsterinsights_sitenote_category":0,"footnotes":"","_wpscppro_dont_share_socialmedia":false,"_wpscppro_custom_social_share_image":0,"_facebook_share_type":"default","_twitter_share_type":"default","_linkedin_share_type":"default","_pinterest_share_type":"default","_linkedin_share_type_page":"","_instagram_share_type":"default","_medium_share_type":"default","_threads_share_type":"default","_google_business_share_type":"default","_selected_social_profile":[],"_wpsp_enable_custom_social_template":false,"_wpsp_social_scheduling":{"enabled":false,"datetime":null,"platforms":[],"status":"template_only","dateOption":"today","timeOption":"now","customDays":"","customHours":"","customDate":"","customTime":"","schedulingType":"absolute"},"_wpsp_active_default_template":true},"categories":[36],"tags":[],"class_list":["post-83642","post","type-post","status-publish","format-standard","has-post-thumbnail","hentry","category-culture"],"aioseo_notices":[],"yoast_head":"<!-- This site is optimized with the Yoast SEO plugin v27.5 - https:\/\/yoast.com\/product\/yoast-seo-wordpress\/ -->\n<title>Tizi-Ouzou\u00a0: Le Mus\u00e9e du Moudjahid c\u00e9l\u00e8bre les h\u00e9ros de mars - La Sentinelle<\/title>\n<meta name=\"robots\" content=\"index, follow, max-snippet:-1, max-image-preview:large, max-video-preview:-1\" \/>\n<link rel=\"canonical\" href=\"https:\/\/lasentinelle.dz\/index.php\/2026\/03\/16\/tizi-ouzou-le-musee-du-moudjahid-celebre-les-heros-de-mars\/\" \/>\n<meta property=\"og:locale\" content=\"fr_FR\" \/>\n<meta property=\"og:type\" content=\"article\" \/>\n<meta property=\"og:title\" content=\"Tizi-Ouzou\u00a0: Le Mus\u00e9e du Moudjahid c\u00e9l\u00e8bre les h\u00e9ros de mars - La Sentinelle\" \/>\n<meta property=\"og:description\" content=\"Le Mus\u00e9e r\u00e9gional du Moudjahid de Tizi-Ouzou d\u00e9ploie depuis d\u00e9but mars un vaste programme m\u00e9moriel consacr\u00e9 aux martyrs tomb\u00e9s durant\" \/>\n<meta property=\"og:url\" content=\"https:\/\/lasentinelle.dz\/index.php\/2026\/03\/16\/tizi-ouzou-le-musee-du-moudjahid-celebre-les-heros-de-mars\/\" \/>\n<meta property=\"og:site_name\" content=\"La Sentinelle\" \/>\n<meta property=\"article:publisher\" content=\"https:\/\/www.facebook.com\/La-Sentinelle-104059864394773\" \/>\n<meta property=\"article:published_time\" content=\"2026-03-16T19:13:15+00:00\" \/>\n<meta property=\"article:modified_time\" content=\"2026-03-16T19:13:16+00:00\" \/>\n<meta property=\"og:image\" content=\"https:\/\/lasentinelle.dz\/wp-content\/uploads\/2026\/03\/musee-du-moudjahid.jpg\" \/>\n\t<meta property=\"og:image:width\" content=\"620\" \/>\n\t<meta property=\"og:image:height\" content=\"410\" \/>\n\t<meta property=\"og:image:type\" content=\"image\/jpeg\" \/>\n<meta name=\"author\" content=\"admin\" \/>\n<meta name=\"twitter:card\" content=\"summary_large_image\" \/>\n<meta name=\"twitter:label1\" content=\"\u00c9crit par\" \/>\n\t<meta name=\"twitter:data1\" content=\"admin\" \/>\n\t<meta name=\"twitter:label2\" content=\"Dur\u00e9e de lecture estim\u00e9e\" \/>\n\t<meta name=\"twitter:data2\" content=\"3 minutes\" \/>\n<script type=\"application\/ld+json\" class=\"yoast-schema-graph\">{\"@context\":\"https:\\\/\\\/schema.org\",\"@graph\":[{\"@type\":\"Article\",\"@id\":\"https:\\\/\\\/lasentinelle.dz\\\/index.php\\\/2026\\\/03\\\/16\\\/tizi-ouzou-le-musee-du-moudjahid-celebre-les-heros-de-mars\\\/#article\",\"isPartOf\":{\"@id\":\"https:\\\/\\\/lasentinelle.dz\\\/index.php\\\/2026\\\/03\\\/16\\\/tizi-ouzou-le-musee-du-moudjahid-celebre-les-heros-de-mars\\\/\"},\"author\":{\"name\":\"admin\",\"@id\":\"https:\\\/\\\/lasentinelle.dz\\\/#\\\/schema\\\/person\\\/729ee0024f24e0b8c5ec17232f8e8b41\"},\"headline\":\"Tizi-Ouzou\u00a0: Le Mus\u00e9e du Moudjahid c\u00e9l\u00e8bre les h\u00e9ros de mars\",\"datePublished\":\"2026-03-16T19:13:15+00:00\",\"dateModified\":\"2026-03-16T19:13:16+00:00\",\"mainEntityOfPage\":{\"@id\":\"https:\\\/\\\/lasentinelle.dz\\\/index.php\\\/2026\\\/03\\\/16\\\/tizi-ouzou-le-musee-du-moudjahid-celebre-les-heros-de-mars\\\/\"},\"wordCount\":432,\"commentCount\":0,\"publisher\":{\"@id\":\"https:\\\/\\\/lasentinelle.dz\\\/#organization\"},\"image\":{\"@id\":\"https:\\\/\\\/lasentinelle.dz\\\/index.php\\\/2026\\\/03\\\/16\\\/tizi-ouzou-le-musee-du-moudjahid-celebre-les-heros-de-mars\\\/#primaryimage\"},\"thumbnailUrl\":\"https:\\\/\\\/lasentinelle.dz\\\/wp-content\\\/uploads\\\/2026\\\/03\\\/musee-du-moudjahid.jpg\",\"articleSection\":[\"Culture\"],\"inLanguage\":\"fr-FR\",\"potentialAction\":[{\"@type\":\"CommentAction\",\"name\":\"Comment\",\"target\":[\"https:\\\/\\\/lasentinelle.dz\\\/index.php\\\/2026\\\/03\\\/16\\\/tizi-ouzou-le-musee-du-moudjahid-celebre-les-heros-de-mars\\\/#respond\"]}]},{\"@type\":\"WebPage\",\"@id\":\"https:\\\/\\\/lasentinelle.dz\\\/index.php\\\/2026\\\/03\\\/16\\\/tizi-ouzou-le-musee-du-moudjahid-celebre-les-heros-de-mars\\\/\",\"url\":\"https:\\\/\\\/lasentinelle.dz\\\/index.php\\\/2026\\\/03\\\/16\\\/tizi-ouzou-le-musee-du-moudjahid-celebre-les-heros-de-mars\\\/\",\"name\":\"Tizi-Ouzou\u00a0: Le Mus\u00e9e du Moudjahid c\u00e9l\u00e8bre les h\u00e9ros de mars - La Sentinelle\",\"isPartOf\":{\"@id\":\"https:\\\/\\\/lasentinelle.dz\\\/#website\"},\"primaryImageOfPage\":{\"@id\":\"https:\\\/\\\/lasentinelle.dz\\\/index.php\\\/2026\\\/03\\\/16\\\/tizi-ouzou-le-musee-du-moudjahid-celebre-les-heros-de-mars\\\/#primaryimage\"},\"image\":{\"@id\":\"https:\\\/\\\/lasentinelle.dz\\\/index.php\\\/2026\\\/03\\\/16\\\/tizi-ouzou-le-musee-du-moudjahid-celebre-les-heros-de-mars\\\/#primaryimage\"},\"thumbnailUrl\":\"https:\\\/\\\/lasentinelle.dz\\\/wp-content\\\/uploads\\\/2026\\\/03\\\/musee-du-moudjahid.jpg\",\"datePublished\":\"2026-03-16T19:13:15+00:00\",\"dateModified\":\"2026-03-16T19:13:16+00:00\",\"breadcrumb\":{\"@id\":\"https:\\\/\\\/lasentinelle.dz\\\/index.php\\\/2026\\\/03\\\/16\\\/tizi-ouzou-le-musee-du-moudjahid-celebre-les-heros-de-mars\\\/#breadcrumb\"},\"inLanguage\":\"fr-FR\",\"potentialAction\":[{\"@type\":\"ReadAction\",\"target\":[\"https:\\\/\\\/lasentinelle.dz\\\/index.php\\\/2026\\\/03\\\/16\\\/tizi-ouzou-le-musee-du-moudjahid-celebre-les-heros-de-mars\\\/\"]}]},{\"@type\":\"ImageObject\",\"inLanguage\":\"fr-FR\",\"@id\":\"https:\\\/\\\/lasentinelle.dz\\\/index.php\\\/2026\\\/03\\\/16\\\/tizi-ouzou-le-musee-du-moudjahid-celebre-les-heros-de-mars\\\/#primaryimage\",\"url\":\"https:\\\/\\\/lasentinelle.dz\\\/wp-content\\\/uploads\\\/2026\\\/03\\\/musee-du-moudjahid.jpg\",\"contentUrl\":\"https:\\\/\\\/lasentinelle.dz\\\/wp-content\\\/uploads\\\/2026\\\/03\\\/musee-du-moudjahid.jpg\",\"width\":620,\"height\":410},{\"@type\":\"BreadcrumbList\",\"@id\":\"https:\\\/\\\/lasentinelle.dz\\\/index.php\\\/2026\\\/03\\\/16\\\/tizi-ouzou-le-musee-du-moudjahid-celebre-les-heros-de-mars\\\/#breadcrumb\",\"itemListElement\":[{\"@type\":\"ListItem\",\"position\":1,\"name\":\"Accueil\",\"item\":\"https:\\\/\\\/lasentinelle.dz\\\/\"},{\"@type\":\"ListItem\",\"position\":2,\"name\":\"Tizi-Ouzou\u00a0: Le Mus\u00e9e du Moudjahid c\u00e9l\u00e8bre les h\u00e9ros de mars\"}]},{\"@type\":\"WebSite\",\"@id\":\"https:\\\/\\\/lasentinelle.dz\\\/#website\",\"url\":\"https:\\\/\\\/lasentinelle.dz\\\/\",\"name\":\"La Sentinelle\",\"description\":\"Quotidien national d&#039;information\",\"publisher\":{\"@id\":\"https:\\\/\\\/lasentinelle.dz\\\/#organization\"},\"potentialAction\":[{\"@type\":\"SearchAction\",\"target\":{\"@type\":\"EntryPoint\",\"urlTemplate\":\"https:\\\/\\\/lasentinelle.dz\\\/?s={search_term_string}\"},\"query-input\":{\"@type\":\"PropertyValueSpecification\",\"valueRequired\":true,\"valueName\":\"search_term_string\"}}],\"inLanguage\":\"fr-FR\"},{\"@type\":\"Organization\",\"@id\":\"https:\\\/\\\/lasentinelle.dz\\\/#organization\",\"name\":\"Quotidien La Sentinelle\",\"url\":\"https:\\\/\\\/lasentinelle.dz\\\/\",\"logo\":{\"@type\":\"ImageObject\",\"inLanguage\":\"fr-FR\",\"@id\":\"https:\\\/\\\/lasentinelle.dz\\\/#\\\/schema\\\/logo\\\/image\\\/\",\"url\":\"https:\\\/\\\/lasentinelle.dz\\\/wp-content\\\/uploads\\\/2021\\\/09\\\/logo-sentinelleSLOGAN-1.png\",\"contentUrl\":\"https:\\\/\\\/lasentinelle.dz\\\/wp-content\\\/uploads\\\/2021\\\/09\\\/logo-sentinelleSLOGAN-1.png\",\"width\":615,\"height\":142,\"caption\":\"Quotidien La Sentinelle\"},\"image\":{\"@id\":\"https:\\\/\\\/lasentinelle.dz\\\/#\\\/schema\\\/logo\\\/image\\\/\"},\"sameAs\":[\"https:\\\/\\\/www.facebook.com\\\/La-Sentinelle-104059864394773\"]},{\"@type\":\"Person\",\"@id\":\"https:\\\/\\\/lasentinelle.dz\\\/#\\\/schema\\\/person\\\/729ee0024f24e0b8c5ec17232f8e8b41\",\"name\":\"admin\",\"image\":{\"@type\":\"ImageObject\",\"inLanguage\":\"fr-FR\",\"@id\":\"https:\\\/\\\/secure.gravatar.com\\\/avatar\\\/4c81fed838786e9b53f540bf46533e750f5d292099ae3b66cfc6fb1982e29df7?s=96&d=mm&r=g\",\"url\":\"https:\\\/\\\/secure.gravatar.com\\\/avatar\\\/4c81fed838786e9b53f540bf46533e750f5d292099ae3b66cfc6fb1982e29df7?s=96&d=mm&r=g\",\"contentUrl\":\"https:\\\/\\\/secure.gravatar.com\\\/avatar\\\/4c81fed838786e9b53f540bf46533e750f5d292099ae3b66cfc6fb1982e29df7?s=96&d=mm&r=g\",\"caption\":\"admin\"},\"description\":\"admin\",\"url\":\"https:\\\/\\\/lasentinelle.dz\\\/author\\\/admin\\\/\"}]}<\/script>\n<!-- \/ Yoast SEO plugin. -->","yoast_head_json":{"title":"Tizi-Ouzou\u00a0: Le Mus\u00e9e du Moudjahid c\u00e9l\u00e8bre les h\u00e9ros de mars - La Sentinelle","robots":{"index":"index","follow":"follow","max-snippet":"max-snippet:-1","max-image-preview":"max-image-preview:large","max-video-preview":"max-video-preview:-1"},"canonical":"https:\/\/lasentinelle.dz\/index.php\/2026\/03\/16\/tizi-ouzou-le-musee-du-moudjahid-celebre-les-heros-de-mars\/","og_locale":"fr_FR","og_type":"article","og_title":"Tizi-Ouzou\u00a0: Le Mus\u00e9e du Moudjahid c\u00e9l\u00e8bre les h\u00e9ros de mars - La Sentinelle","og_description":"Le Mus\u00e9e r\u00e9gional du Moudjahid de Tizi-Ouzou d\u00e9ploie depuis d\u00e9but mars un vaste programme m\u00e9moriel consacr\u00e9 aux martyrs tomb\u00e9s durant","og_url":"https:\/\/lasentinelle.dz\/index.php\/2026\/03\/16\/tizi-ouzou-le-musee-du-moudjahid-celebre-les-heros-de-mars\/","og_site_name":"La Sentinelle","article_publisher":"https:\/\/www.facebook.com\/La-Sentinelle-104059864394773","article_published_time":"2026-03-16T19:13:15+00:00","article_modified_time":"2026-03-16T19:13:16+00:00","og_image":[{"width":620,"height":410,"url":"https:\/\/lasentinelle.dz\/wp-content\/uploads\/2026\/03\/musee-du-moudjahid.jpg","type":"image\/jpeg"}],"author":"admin","twitter_card":"summary_large_image","twitter_misc":{"\u00c9crit par":"admin","Dur\u00e9e de lecture estim\u00e9e":"3 minutes"},"schema":{"@context":"https:\/\/schema.org","@graph":[{"@type":"Article","@id":"https:\/\/lasentinelle.dz\/index.php\/2026\/03\/16\/tizi-ouzou-le-musee-du-moudjahid-celebre-les-heros-de-mars\/#article","isPartOf":{"@id":"https:\/\/lasentinelle.dz\/index.php\/2026\/03\/16\/tizi-ouzou-le-musee-du-moudjahid-celebre-les-heros-de-mars\/"},"author":{"name":"admin","@id":"https:\/\/lasentinelle.dz\/#\/schema\/person\/729ee0024f24e0b8c5ec17232f8e8b41"},"headline":"Tizi-Ouzou\u00a0: Le Mus\u00e9e du Moudjahid c\u00e9l\u00e8bre les h\u00e9ros de mars","datePublished":"2026-03-16T19:13:15+00:00","dateModified":"2026-03-16T19:13:16+00:00","mainEntityOfPage":{"@id":"https:\/\/lasentinelle.dz\/index.php\/2026\/03\/16\/tizi-ouzou-le-musee-du-moudjahid-celebre-les-heros-de-mars\/"},"wordCount":432,"commentCount":0,"publisher":{"@id":"https:\/\/lasentinelle.dz\/#organization"},"image":{"@id":"https:\/\/lasentinelle.dz\/index.php\/2026\/03\/16\/tizi-ouzou-le-musee-du-moudjahid-celebre-les-heros-de-mars\/#primaryimage"},"thumbnailUrl":"https:\/\/lasentinelle.dz\/wp-content\/uploads\/2026\/03\/musee-du-moudjahid.jpg","articleSection":["Culture"],"inLanguage":"fr-FR","potentialAction":[{"@type":"CommentAction","name":"Comment","target":["https:\/\/lasentinelle.dz\/index.php\/2026\/03\/16\/tizi-ouzou-le-musee-du-moudjahid-celebre-les-heros-de-mars\/#respond"]}]},{"@type":"WebPage","@id":"https:\/\/lasentinelle.dz\/index.php\/2026\/03\/16\/tizi-ouzou-le-musee-du-moudjahid-celebre-les-heros-de-mars\/","url":"https:\/\/lasentinelle.dz\/index.php\/2026\/03\/16\/tizi-ouzou-le-musee-du-moudjahid-celebre-les-heros-de-mars\/","name":"Tizi-Ouzou\u00a0: Le Mus\u00e9e du Moudjahid c\u00e9l\u00e8bre les h\u00e9ros de mars - La Sentinelle","isPartOf":{"@id":"https:\/\/lasentinelle.dz\/#website"},"primaryImageOfPage":{"@id":"https:\/\/lasentinelle.dz\/index.php\/2026\/03\/16\/tizi-ouzou-le-musee-du-moudjahid-celebre-les-heros-de-mars\/#primaryimage"},"image":{"@id":"https:\/\/lasentinelle.dz\/index.php\/2026\/03\/16\/tizi-ouzou-le-musee-du-moudjahid-celebre-les-heros-de-mars\/#primaryimage"},"thumbnailUrl":"https:\/\/lasentinelle.dz\/wp-content\/uploads\/2026\/03\/musee-du-moudjahid.jpg","datePublished":"2026-03-16T19:13:15+00:00","dateModified":"2026-03-16T19:13:16+00:00","breadcrumb":{"@id":"https:\/\/lasentinelle.dz\/index.php\/2026\/03\/16\/tizi-ouzou-le-musee-du-moudjahid-celebre-les-heros-de-mars\/#breadcrumb"},"inLanguage":"fr-FR","potentialAction":[{"@type":"ReadAction","target":["https:\/\/lasentinelle.dz\/index.php\/2026\/03\/16\/tizi-ouzou-le-musee-du-moudjahid-celebre-les-heros-de-mars\/"]}]},{"@type":"ImageObject","inLanguage":"fr-FR","@id":"https:\/\/lasentinelle.dz\/index.php\/2026\/03\/16\/tizi-ouzou-le-musee-du-moudjahid-celebre-les-heros-de-mars\/#primaryimage","url":"https:\/\/lasentinelle.dz\/wp-content\/uploads\/2026\/03\/musee-du-moudjahid.jpg","contentUrl":"https:\/\/lasentinelle.dz\/wp-content\/uploads\/2026\/03\/musee-du-moudjahid.jpg","width":620,"height":410},{"@type":"BreadcrumbList","@id":"https:\/\/lasentinelle.dz\/index.php\/2026\/03\/16\/tizi-ouzou-le-musee-du-moudjahid-celebre-les-heros-de-mars\/#breadcrumb","itemListElement":[{"@type":"ListItem","position":1,"name":"Accueil","item":"https:\/\/lasentinelle.dz\/"},{"@type":"ListItem","position":2,"name":"Tizi-Ouzou\u00a0: Le Mus\u00e9e du Moudjahid c\u00e9l\u00e8bre les h\u00e9ros de mars"}]},{"@type":"WebSite","@id":"https:\/\/lasentinelle.dz\/#website","url":"https:\/\/lasentinelle.dz\/","name":"La Sentinelle","description":"Quotidien national d&#039;information","publisher":{"@id":"https:\/\/lasentinelle.dz\/#organization"},"potentialAction":[{"@type":"SearchAction","target":{"@type":"EntryPoint","urlTemplate":"https:\/\/lasentinelle.dz\/?s={search_term_string}"},"query-input":{"@type":"PropertyValueSpecification","valueRequired":true,"valueName":"search_term_string"}}],"inLanguage":"fr-FR"},{"@type":"Organization","@id":"https:\/\/lasentinelle.dz\/#organization","name":"Quotidien La Sentinelle","url":"https:\/\/lasentinelle.dz\/","logo":{"@type":"ImageObject","inLanguage":"fr-FR","@id":"https:\/\/lasentinelle.dz\/#\/schema\/logo\/image\/","url":"https:\/\/lasentinelle.dz\/wp-content\/uploads\/2021\/09\/logo-sentinelleSLOGAN-1.png","contentUrl":"https:\/\/lasentinelle.dz\/wp-content\/uploads\/2021\/09\/logo-sentinelleSLOGAN-1.png","width":615,"height":142,"caption":"Quotidien La Sentinelle"},"image":{"@id":"https:\/\/lasentinelle.dz\/#\/schema\/logo\/image\/"},"sameAs":["https:\/\/www.facebook.com\/La-Sentinelle-104059864394773"]},{"@type":"Person","@id":"https:\/\/lasentinelle.dz\/#\/schema\/person\/729ee0024f24e0b8c5ec17232f8e8b41","name":"admin","image":{"@type":"ImageObject","inLanguage":"fr-FR","@id":"https:\/\/secure.gravatar.com\/avatar\/4c81fed838786e9b53f540bf46533e750f5d292099ae3b66cfc6fb1982e29df7?s=96&d=mm&r=g","url":"https:\/\/secure.gravatar.com\/avatar\/4c81fed838786e9b53f540bf46533e750f5d292099ae3b66cfc6fb1982e29df7?s=96&d=mm&r=g","contentUrl":"https:\/\/secure.gravatar.com\/avatar\/4c81fed838786e9b53f540bf46533e750f5d292099ae3b66cfc6fb1982e29df7?s=96&d=mm&r=g","caption":"admin"},"description":"admin","url":"https:\/\/lasentinelle.dz\/author\/admin\/"}]}},"_links":{"self":[{"href":"https:\/\/lasentinelle.dz\/index.php\/wp-json\/wp\/v2\/posts\/83642","targetHints":{"allow":["GET"]}}],"collection":[{"href":"https:\/\/lasentinelle.dz\/index.php\/wp-json\/wp\/v2\/posts"}],"about":[{"href":"https:\/\/lasentinelle.dz\/index.php\/wp-json\/wp\/v2\/types\/post"}],"author":[{"embeddable":true,"href":"https:\/\/lasentinelle.dz\/index.php\/wp-json\/wp\/v2\/users\/6"}],"replies":[{"embeddable":true,"href":"https:\/\/lasentinelle.dz\/index.php\/wp-json\/wp\/v2\/comments?post=83642"}],"version-history":[{"count":1,"href":"https:\/\/lasentinelle.dz\/index.php\/wp-json\/wp\/v2\/posts\/83642\/revisions"}],"predecessor-version":[{"id":83644,"href":"https:\/\/lasentinelle.dz\/index.php\/wp-json\/wp\/v2\/posts\/83642\/revisions\/83644"}],"wp:featuredmedia":[{"embeddable":true,"href":"https:\/\/lasentinelle.dz\/index.php\/wp-json\/wp\/v2\/media\/83643"}],"wp:attachment":[{"href":"https:\/\/lasentinelle.dz\/index.php\/wp-json\/wp\/v2\/media?parent=83642"}],"wp:term":[{"taxonomy":"category","embeddable":true,"href":"https:\/\/lasentinelle.dz\/index.php\/wp-json\/wp\/v2\/categories?post=83642"},{"taxonomy":"post_tag","embeddable":true,"href":"https:\/\/lasentinelle.dz\/index.php\/wp-json\/wp\/v2\/tags?post=83642"}],"curies":[{"name":"wp","href":"https:\/\/api.w.org\/{rel}","templated":true}]}}