{"id":83645,"date":"2026-03-16T20:13:59","date_gmt":"2026-03-16T19:13:59","guid":{"rendered":"https:\/\/lasentinelle.dz\/?p=83645"},"modified":"2026-03-16T20:14:00","modified_gmt":"2026-03-16T19:14:00","slug":"hommage-a-mouloud-feraoun-la-plume-au-service-de-la-nation","status":"publish","type":"post","link":"https:\/\/lasentinelle.dz\/index.php\/2026\/03\/16\/hommage-a-mouloud-feraoun-la-plume-au-service-de-la-nation\/","title":{"rendered":"Hommage \u00e0 Mouloud Feraoun\u00a0: La plume au service de la Nation"},"content":{"rendered":"\n<p>Une conf\u00e9rence consacr\u00e9e \u00e0 l&rsquo;\u0153uvre et \u00e0 l&rsquo;engagement de Mouloud Feraoun s&rsquo;est tenue dimanche \u00e0 Alger, 64 apr\u00e8s son assassinat par l&rsquo;OAS, mettant en lumi\u00e8re la dimension profond\u00e9ment nationale de cet \u00e9crivain qui fit de la langue fran\u00e7aise l&rsquo;instrument de son combat anticolonial.<\/p>\n\n\n\n<p>Le Centre national d&rsquo;\u00e9tudes et de recherche sur la R\u00e9sistance populaire, le Mouvement national et la R\u00e9volution du 1er Novembre 1954 (CNERMN54) a organis\u00e9 cette rencontre plac\u00e9e sous le titre \u00ab\u00a0Le martyr Mouloud Feraoun, la conscience de l&rsquo;Alg\u00e9rie port\u00e9e par la plume\u00a0\u00bb. Un intitul\u00e9 qui r\u00e9sume \u00e0 lui seul le r\u00f4le majeur jou\u00e9 par cet instituteur-\u00e9crivain dans la documentation des souffrances du peuple alg\u00e9rien sous la colonisation fran\u00e7aise. L&rsquo;\u00e9v\u00e9nement intervenait au lendemain du 64e anniversaire de sa mort, survenue le 15 mars 1962, lorsqu&rsquo;il fut assassin\u00e9 avec plusieurs de ses compagnons par l&rsquo;Organisation de l&rsquo;arm\u00e9e secr\u00e8te fran\u00e7aise.<\/p>\n\n\n\n<p>Les diff\u00e9rents intervenants ont converg\u00e9 vers une m\u00eame analyse : l&rsquo;assassinat de Mouloud Feraoun n&rsquo;\u00e9tait pas un acte gratuit mais t\u00e9moignait de la reconnaissance, par l&rsquo;ennemi lui-m\u00eame, de la port\u00e9e de son \u0153uvre litt\u00e9raire. Les participants ont unanimement soulign\u00e9 que ce crime \u00ab\u00a0met en \u00e9vidence la dimension nationale de cet instituteur et intellectuel engag\u00e9, dont les \u00e9crits en langue fran\u00e7aise constituaient un moyen d&rsquo;affirmer son identit\u00e9 alg\u00e9rienne et de lutter contre le colonialisme\u00a0\u00bb. Un paradoxe assum\u00e9 qui faisait de Feraoun un combattant singulier, utilisant l&rsquo;arme de l&rsquo;occupant pour d\u00e9noncer ses crimes. Ali Feraoun, fils de l&rsquo;\u00e9crivain, a apport\u00e9 un \u00e9clairage in\u00e9dit sur l&rsquo;engagement concret de son p\u00e8re dans la lutte de lib\u00e9ration. Intervenant lors de cette conf\u00e9rence, il a r\u00e9v\u00e9l\u00e9 que son p\u00e8re \u00ab\u00a0entretenait des contacts secrets et \u00e9troits avec les dirigeants de la R\u00e9volution dans la wilaya III historique\u00a0\u00bb. Ces r\u00e9v\u00e9lations confirment que l&rsquo;action de Mouloud Feraoun ne se limitait pas au domaine litt\u00e9raire. Ali Feraoun a \u00e9galement soulign\u00e9 que l&rsquo;\u00e9crivain \u00ab\u00a0a contribu\u00e9, \u00e0 travers ses textes romanesques, \u00e0 mettre en lumi\u00e8re les souffrances et les pr\u00e9occupations du peuple alg\u00e9rien\u00a0\u00bb. Plus troublant encore, le fils de l&rsquo;\u00e9crivain a affirm\u00e9 que \u00ab\u00a0les archives prouvent l&rsquo;implication du g\u00e9n\u00e9ral Charles de Gaulle dans son assassinat ainsi que celui de ses compagnons\u00a0\u00bb, une d\u00e9claration qui relance les interrogations sur les zones d&rsquo;ombre entourant ce massacre perp\u00e9tr\u00e9 \u00e0 quelques jours de la signature des accords d&rsquo;\u00c9vian.<\/p>\n\n\n\n<p>Saidi Meziane, professeur \u00e0 l&rsquo;\u00c9cole normale sup\u00e9rieure de Bouzar\u00e9ah, a replac\u00e9 l&rsquo;\u0153uvre de Feraoun dans son contexte litt\u00e9raire et \u00e9ducatif. L&rsquo;universitaire a \u00e9voqu\u00e9 le parcours de cet enseignant atypique, le qualifiant \u00ab\u00a0d&rsquo;\u00e9crivain alg\u00e9rien des plus \u00e9minents ayant \u00e9crit dans la langue du colonisateur pour exprimer la souffrance et la trag\u00e9die du peuple alg\u00e9rien\u00a0\u00bb. Cette capacit\u00e9 \u00e0 retourner l&rsquo;instrument linguistique de l&rsquo;oppresseur contre lui-m\u00eame constituait une forme de r\u00e9sistance culturelle particuli\u00e8rement efficace, permettant de toucher un lectorat international et de d\u00e9noncer la r\u00e9alit\u00e9 coloniale dans la langue m\u00eame de ses partisans.<\/p>\n\n\n\n<p>La dimension m\u00e9morielle de l&rsquo;\u00e9v\u00e9nement a \u00e9t\u00e9 soulign\u00e9e par Khe\u00efra Meziti, repr\u00e9sentante du minist\u00e8re des Moudjahidine et des Ayants droit. Elle a pr\u00e9cis\u00e9 que \u00ab\u00a0plusieurs activit\u00e9s ont \u00e9t\u00e9 organis\u00e9es pour comm\u00e9morer le 64e anniversaire de la mort en martyr de Mouloud Feraoun et de ses compagnons, \u00e0 travers diff\u00e9rentes institutions mus\u00e9ales relevant du minist\u00e8re\u00a0\u00bb. Cette programmation t\u00e9moigne de la volont\u00e9 des autorit\u00e9s de maintenir vivante la m\u00e9moire de cet intellectuel martyr. Nessah Mokrane, pr\u00e9sident de l&rsquo;Association Mouloud Feraoun, a insist\u00e9 sur la transmission aux jeunes g\u00e9n\u00e9rations. Il a mis en exergue \u00ab\u00a0la port\u00e9e symbolique de la comm\u00e9moration de la m\u00e9moire de l&rsquo;\u00e9crivain Mouloud Feraoun et de ses compagnons, pour que les jeunes g\u00e9n\u00e9rations en prennent connaissance\u00a0\u00bb et contribuer ainsi \u00e0 \u00ab\u00a0renforcer l&rsquo;esprit d&rsquo;identit\u00e9 et l&rsquo;attachement aux valeurs nationales pour lesquelles les martyrs se sont sacrifi\u00e9s\u00a0\u00bb. Un message d&rsquo;autant plus pertinent dans le contexte actuel o\u00f9 la pr\u00e9servation de la m\u00e9moire nationale constitue un enjeu majeur.<\/p>\n\n\n\n<p>La rencontre s&rsquo;est achev\u00e9e par un hommage rendu \u00e0 la famille du martyr, en pr\u00e9sence de repr\u00e9sentants de plusieurs instances et institutions nationales ainsi que de membres de la famille r\u00e9volutionnaire, scellant ainsi le lien ind\u00e9fectible entre l&rsquo;\u0153uvre litt\u00e9raire et l&rsquo;engagement patriotique.<\/p>\n\n\n\n<p>Mohand Seghir<\/p>\n","protected":false},"excerpt":{"rendered":"<p>Une conf\u00e9rence consacr\u00e9e \u00e0 l&rsquo;\u0153uvre et \u00e0 l&rsquo;engagement de Mouloud Feraoun s&rsquo;est tenue dimanche \u00e0 Alger, 64 apr\u00e8s son assassinat<\/p>\n","protected":false},"author":6,"featured_media":64271,"comment_status":"open","ping_status":"closed","sticky":false,"template":"","format":"standard","meta":{"colormag_page_container_layout":"default_layout","colormag_page_sidebar_layout":"default_layout","om_disable_all_campaigns":false,"_monsterinsights_skip_tracking":false,"_monsterinsights_sitenote_active":false,"_monsterinsights_sitenote_note":"","_monsterinsights_sitenote_category":0,"footnotes":"","_wpscppro_dont_share_socialmedia":false,"_wpscppro_custom_social_share_image":0,"_facebook_share_type":"default","_twitter_share_type":"default","_linkedin_share_type":"default","_pinterest_share_type":"default","_linkedin_share_type_page":"","_instagram_share_type":"default","_medium_share_type":"default","_threads_share_type":"default","_google_business_share_type":"default","_selected_social_profile":[],"_wpsp_enable_custom_social_template":false,"_wpsp_social_scheduling":{"enabled":false,"datetime":null,"platforms":[],"status":"template_only","dateOption":"today","timeOption":"now","customDays":"","customHours":"","customDate":"","customTime":"","schedulingType":"absolute"},"_wpsp_active_default_template":true},"categories":[36],"tags":[],"class_list":["post-83645","post","type-post","status-publish","format-standard","has-post-thumbnail","hentry","category-culture"],"aioseo_notices":[],"yoast_head":"<!-- This site is optimized with the Yoast SEO plugin v27.5 - https:\/\/yoast.com\/product\/yoast-seo-wordpress\/ -->\n<title>Hommage \u00e0 Mouloud Feraoun\u00a0: La plume au service de la Nation - La Sentinelle<\/title>\n<meta name=\"robots\" content=\"index, follow, max-snippet:-1, max-image-preview:large, max-video-preview:-1\" \/>\n<link rel=\"canonical\" href=\"https:\/\/lasentinelle.dz\/index.php\/2026\/03\/16\/hommage-a-mouloud-feraoun-la-plume-au-service-de-la-nation\/\" \/>\n<meta property=\"og:locale\" content=\"fr_FR\" \/>\n<meta property=\"og:type\" content=\"article\" \/>\n<meta property=\"og:title\" content=\"Hommage \u00e0 Mouloud Feraoun\u00a0: La plume au service de la Nation - La Sentinelle\" \/>\n<meta property=\"og:description\" content=\"Une conf\u00e9rence consacr\u00e9e \u00e0 l&rsquo;\u0153uvre et \u00e0 l&rsquo;engagement de Mouloud Feraoun s&rsquo;est tenue dimanche \u00e0 Alger, 64 apr\u00e8s son assassinat\" \/>\n<meta property=\"og:url\" content=\"https:\/\/lasentinelle.dz\/index.php\/2026\/03\/16\/hommage-a-mouloud-feraoun-la-plume-au-service-de-la-nation\/\" \/>\n<meta property=\"og:site_name\" content=\"La Sentinelle\" \/>\n<meta property=\"article:publisher\" content=\"https:\/\/www.facebook.com\/La-Sentinelle-104059864394773\" \/>\n<meta property=\"article:published_time\" content=\"2026-03-16T19:13:59+00:00\" \/>\n<meta property=\"article:modified_time\" content=\"2026-03-16T19:14:00+00:00\" \/>\n<meta property=\"og:image\" content=\"https:\/\/lasentinelle.dz\/wp-content\/uploads\/2025\/03\/mouloud-feraoun.jpeg\" \/>\n\t<meta property=\"og:image:width\" content=\"641\" \/>\n\t<meta property=\"og:image:height\" content=\"478\" \/>\n\t<meta property=\"og:image:type\" content=\"image\/jpeg\" \/>\n<meta name=\"author\" content=\"admin\" \/>\n<meta name=\"twitter:card\" content=\"summary_large_image\" \/>\n<meta name=\"twitter:label1\" content=\"\u00c9crit par\" \/>\n\t<meta name=\"twitter:data1\" content=\"admin\" \/>\n\t<meta name=\"twitter:label2\" content=\"Dur\u00e9e de lecture estim\u00e9e\" \/>\n\t<meta name=\"twitter:data2\" content=\"4 minutes\" \/>\n<script type=\"application\/ld+json\" class=\"yoast-schema-graph\">{\"@context\":\"https:\\\/\\\/schema.org\",\"@graph\":[{\"@type\":\"Article\",\"@id\":\"https:\\\/\\\/lasentinelle.dz\\\/index.php\\\/2026\\\/03\\\/16\\\/hommage-a-mouloud-feraoun-la-plume-au-service-de-la-nation\\\/#article\",\"isPartOf\":{\"@id\":\"https:\\\/\\\/lasentinelle.dz\\\/index.php\\\/2026\\\/03\\\/16\\\/hommage-a-mouloud-feraoun-la-plume-au-service-de-la-nation\\\/\"},\"author\":{\"name\":\"admin\",\"@id\":\"https:\\\/\\\/lasentinelle.dz\\\/#\\\/schema\\\/person\\\/729ee0024f24e0b8c5ec17232f8e8b41\"},\"headline\":\"Hommage \u00e0 Mouloud Feraoun\u00a0: La plume au service de la Nation\",\"datePublished\":\"2026-03-16T19:13:59+00:00\",\"dateModified\":\"2026-03-16T19:14:00+00:00\",\"mainEntityOfPage\":{\"@id\":\"https:\\\/\\\/lasentinelle.dz\\\/index.php\\\/2026\\\/03\\\/16\\\/hommage-a-mouloud-feraoun-la-plume-au-service-de-la-nation\\\/\"},\"wordCount\":787,\"commentCount\":0,\"publisher\":{\"@id\":\"https:\\\/\\\/lasentinelle.dz\\\/#organization\"},\"image\":{\"@id\":\"https:\\\/\\\/lasentinelle.dz\\\/index.php\\\/2026\\\/03\\\/16\\\/hommage-a-mouloud-feraoun-la-plume-au-service-de-la-nation\\\/#primaryimage\"},\"thumbnailUrl\":\"https:\\\/\\\/lasentinelle.dz\\\/wp-content\\\/uploads\\\/2025\\\/03\\\/mouloud-feraoun.jpeg\",\"articleSection\":[\"Culture\"],\"inLanguage\":\"fr-FR\",\"potentialAction\":[{\"@type\":\"CommentAction\",\"name\":\"Comment\",\"target\":[\"https:\\\/\\\/lasentinelle.dz\\\/index.php\\\/2026\\\/03\\\/16\\\/hommage-a-mouloud-feraoun-la-plume-au-service-de-la-nation\\\/#respond\"]}]},{\"@type\":\"WebPage\",\"@id\":\"https:\\\/\\\/lasentinelle.dz\\\/index.php\\\/2026\\\/03\\\/16\\\/hommage-a-mouloud-feraoun-la-plume-au-service-de-la-nation\\\/\",\"url\":\"https:\\\/\\\/lasentinelle.dz\\\/index.php\\\/2026\\\/03\\\/16\\\/hommage-a-mouloud-feraoun-la-plume-au-service-de-la-nation\\\/\",\"name\":\"Hommage \u00e0 Mouloud Feraoun\u00a0: La plume au service de la Nation - La Sentinelle\",\"isPartOf\":{\"@id\":\"https:\\\/\\\/lasentinelle.dz\\\/#website\"},\"primaryImageOfPage\":{\"@id\":\"https:\\\/\\\/lasentinelle.dz\\\/index.php\\\/2026\\\/03\\\/16\\\/hommage-a-mouloud-feraoun-la-plume-au-service-de-la-nation\\\/#primaryimage\"},\"image\":{\"@id\":\"https:\\\/\\\/lasentinelle.dz\\\/index.php\\\/2026\\\/03\\\/16\\\/hommage-a-mouloud-feraoun-la-plume-au-service-de-la-nation\\\/#primaryimage\"},\"thumbnailUrl\":\"https:\\\/\\\/lasentinelle.dz\\\/wp-content\\\/uploads\\\/2025\\\/03\\\/mouloud-feraoun.jpeg\",\"datePublished\":\"2026-03-16T19:13:59+00:00\",\"dateModified\":\"2026-03-16T19:14:00+00:00\",\"breadcrumb\":{\"@id\":\"https:\\\/\\\/lasentinelle.dz\\\/index.php\\\/2026\\\/03\\\/16\\\/hommage-a-mouloud-feraoun-la-plume-au-service-de-la-nation\\\/#breadcrumb\"},\"inLanguage\":\"fr-FR\",\"potentialAction\":[{\"@type\":\"ReadAction\",\"target\":[\"https:\\\/\\\/lasentinelle.dz\\\/index.php\\\/2026\\\/03\\\/16\\\/hommage-a-mouloud-feraoun-la-plume-au-service-de-la-nation\\\/\"]}]},{\"@type\":\"ImageObject\",\"inLanguage\":\"fr-FR\",\"@id\":\"https:\\\/\\\/lasentinelle.dz\\\/index.php\\\/2026\\\/03\\\/16\\\/hommage-a-mouloud-feraoun-la-plume-au-service-de-la-nation\\\/#primaryimage\",\"url\":\"https:\\\/\\\/lasentinelle.dz\\\/wp-content\\\/uploads\\\/2025\\\/03\\\/mouloud-feraoun.jpeg\",\"contentUrl\":\"https:\\\/\\\/lasentinelle.dz\\\/wp-content\\\/uploads\\\/2025\\\/03\\\/mouloud-feraoun.jpeg\",\"width\":641,\"height\":478},{\"@type\":\"BreadcrumbList\",\"@id\":\"https:\\\/\\\/lasentinelle.dz\\\/index.php\\\/2026\\\/03\\\/16\\\/hommage-a-mouloud-feraoun-la-plume-au-service-de-la-nation\\\/#breadcrumb\",\"itemListElement\":[{\"@type\":\"ListItem\",\"position\":1,\"name\":\"Accueil\",\"item\":\"https:\\\/\\\/lasentinelle.dz\\\/\"},{\"@type\":\"ListItem\",\"position\":2,\"name\":\"Hommage \u00e0 Mouloud Feraoun\u00a0: La plume au service de la Nation\"}]},{\"@type\":\"WebSite\",\"@id\":\"https:\\\/\\\/lasentinelle.dz\\\/#website\",\"url\":\"https:\\\/\\\/lasentinelle.dz\\\/\",\"name\":\"La Sentinelle\",\"description\":\"Quotidien national d&#039;information\",\"publisher\":{\"@id\":\"https:\\\/\\\/lasentinelle.dz\\\/#organization\"},\"potentialAction\":[{\"@type\":\"SearchAction\",\"target\":{\"@type\":\"EntryPoint\",\"urlTemplate\":\"https:\\\/\\\/lasentinelle.dz\\\/?s={search_term_string}\"},\"query-input\":{\"@type\":\"PropertyValueSpecification\",\"valueRequired\":true,\"valueName\":\"search_term_string\"}}],\"inLanguage\":\"fr-FR\"},{\"@type\":\"Organization\",\"@id\":\"https:\\\/\\\/lasentinelle.dz\\\/#organization\",\"name\":\"Quotidien La Sentinelle\",\"url\":\"https:\\\/\\\/lasentinelle.dz\\\/\",\"logo\":{\"@type\":\"ImageObject\",\"inLanguage\":\"fr-FR\",\"@id\":\"https:\\\/\\\/lasentinelle.dz\\\/#\\\/schema\\\/logo\\\/image\\\/\",\"url\":\"https:\\\/\\\/lasentinelle.dz\\\/wp-content\\\/uploads\\\/2021\\\/09\\\/logo-sentinelleSLOGAN-1.png\",\"contentUrl\":\"https:\\\/\\\/lasentinelle.dz\\\/wp-content\\\/uploads\\\/2021\\\/09\\\/logo-sentinelleSLOGAN-1.png\",\"width\":615,\"height\":142,\"caption\":\"Quotidien La Sentinelle\"},\"image\":{\"@id\":\"https:\\\/\\\/lasentinelle.dz\\\/#\\\/schema\\\/logo\\\/image\\\/\"},\"sameAs\":[\"https:\\\/\\\/www.facebook.com\\\/La-Sentinelle-104059864394773\"]},{\"@type\":\"Person\",\"@id\":\"https:\\\/\\\/lasentinelle.dz\\\/#\\\/schema\\\/person\\\/729ee0024f24e0b8c5ec17232f8e8b41\",\"name\":\"admin\",\"image\":{\"@type\":\"ImageObject\",\"inLanguage\":\"fr-FR\",\"@id\":\"https:\\\/\\\/secure.gravatar.com\\\/avatar\\\/4c81fed838786e9b53f540bf46533e750f5d292099ae3b66cfc6fb1982e29df7?s=96&d=mm&r=g\",\"url\":\"https:\\\/\\\/secure.gravatar.com\\\/avatar\\\/4c81fed838786e9b53f540bf46533e750f5d292099ae3b66cfc6fb1982e29df7?s=96&d=mm&r=g\",\"contentUrl\":\"https:\\\/\\\/secure.gravatar.com\\\/avatar\\\/4c81fed838786e9b53f540bf46533e750f5d292099ae3b66cfc6fb1982e29df7?s=96&d=mm&r=g\",\"caption\":\"admin\"},\"description\":\"admin\",\"url\":\"https:\\\/\\\/lasentinelle.dz\\\/author\\\/admin\\\/\"}]}<\/script>\n<!-- \/ Yoast SEO plugin. -->","yoast_head_json":{"title":"Hommage \u00e0 Mouloud Feraoun\u00a0: La plume au service de la Nation - La Sentinelle","robots":{"index":"index","follow":"follow","max-snippet":"max-snippet:-1","max-image-preview":"max-image-preview:large","max-video-preview":"max-video-preview:-1"},"canonical":"https:\/\/lasentinelle.dz\/index.php\/2026\/03\/16\/hommage-a-mouloud-feraoun-la-plume-au-service-de-la-nation\/","og_locale":"fr_FR","og_type":"article","og_title":"Hommage \u00e0 Mouloud Feraoun\u00a0: La plume au service de la Nation - La Sentinelle","og_description":"Une conf\u00e9rence consacr\u00e9e \u00e0 l&rsquo;\u0153uvre et \u00e0 l&rsquo;engagement de Mouloud Feraoun s&rsquo;est tenue dimanche \u00e0 Alger, 64 apr\u00e8s son assassinat","og_url":"https:\/\/lasentinelle.dz\/index.php\/2026\/03\/16\/hommage-a-mouloud-feraoun-la-plume-au-service-de-la-nation\/","og_site_name":"La Sentinelle","article_publisher":"https:\/\/www.facebook.com\/La-Sentinelle-104059864394773","article_published_time":"2026-03-16T19:13:59+00:00","article_modified_time":"2026-03-16T19:14:00+00:00","og_image":[{"width":641,"height":478,"url":"https:\/\/lasentinelle.dz\/wp-content\/uploads\/2025\/03\/mouloud-feraoun.jpeg","type":"image\/jpeg"}],"author":"admin","twitter_card":"summary_large_image","twitter_misc":{"\u00c9crit par":"admin","Dur\u00e9e de lecture estim\u00e9e":"4 minutes"},"schema":{"@context":"https:\/\/schema.org","@graph":[{"@type":"Article","@id":"https:\/\/lasentinelle.dz\/index.php\/2026\/03\/16\/hommage-a-mouloud-feraoun-la-plume-au-service-de-la-nation\/#article","isPartOf":{"@id":"https:\/\/lasentinelle.dz\/index.php\/2026\/03\/16\/hommage-a-mouloud-feraoun-la-plume-au-service-de-la-nation\/"},"author":{"name":"admin","@id":"https:\/\/lasentinelle.dz\/#\/schema\/person\/729ee0024f24e0b8c5ec17232f8e8b41"},"headline":"Hommage \u00e0 Mouloud Feraoun\u00a0: La plume au service de la Nation","datePublished":"2026-03-16T19:13:59+00:00","dateModified":"2026-03-16T19:14:00+00:00","mainEntityOfPage":{"@id":"https:\/\/lasentinelle.dz\/index.php\/2026\/03\/16\/hommage-a-mouloud-feraoun-la-plume-au-service-de-la-nation\/"},"wordCount":787,"commentCount":0,"publisher":{"@id":"https:\/\/lasentinelle.dz\/#organization"},"image":{"@id":"https:\/\/lasentinelle.dz\/index.php\/2026\/03\/16\/hommage-a-mouloud-feraoun-la-plume-au-service-de-la-nation\/#primaryimage"},"thumbnailUrl":"https:\/\/lasentinelle.dz\/wp-content\/uploads\/2025\/03\/mouloud-feraoun.jpeg","articleSection":["Culture"],"inLanguage":"fr-FR","potentialAction":[{"@type":"CommentAction","name":"Comment","target":["https:\/\/lasentinelle.dz\/index.php\/2026\/03\/16\/hommage-a-mouloud-feraoun-la-plume-au-service-de-la-nation\/#respond"]}]},{"@type":"WebPage","@id":"https:\/\/lasentinelle.dz\/index.php\/2026\/03\/16\/hommage-a-mouloud-feraoun-la-plume-au-service-de-la-nation\/","url":"https:\/\/lasentinelle.dz\/index.php\/2026\/03\/16\/hommage-a-mouloud-feraoun-la-plume-au-service-de-la-nation\/","name":"Hommage \u00e0 Mouloud Feraoun\u00a0: La plume au service de la Nation - La Sentinelle","isPartOf":{"@id":"https:\/\/lasentinelle.dz\/#website"},"primaryImageOfPage":{"@id":"https:\/\/lasentinelle.dz\/index.php\/2026\/03\/16\/hommage-a-mouloud-feraoun-la-plume-au-service-de-la-nation\/#primaryimage"},"image":{"@id":"https:\/\/lasentinelle.dz\/index.php\/2026\/03\/16\/hommage-a-mouloud-feraoun-la-plume-au-service-de-la-nation\/#primaryimage"},"thumbnailUrl":"https:\/\/lasentinelle.dz\/wp-content\/uploads\/2025\/03\/mouloud-feraoun.jpeg","datePublished":"2026-03-16T19:13:59+00:00","dateModified":"2026-03-16T19:14:00+00:00","breadcrumb":{"@id":"https:\/\/lasentinelle.dz\/index.php\/2026\/03\/16\/hommage-a-mouloud-feraoun-la-plume-au-service-de-la-nation\/#breadcrumb"},"inLanguage":"fr-FR","potentialAction":[{"@type":"ReadAction","target":["https:\/\/lasentinelle.dz\/index.php\/2026\/03\/16\/hommage-a-mouloud-feraoun-la-plume-au-service-de-la-nation\/"]}]},{"@type":"ImageObject","inLanguage":"fr-FR","@id":"https:\/\/lasentinelle.dz\/index.php\/2026\/03\/16\/hommage-a-mouloud-feraoun-la-plume-au-service-de-la-nation\/#primaryimage","url":"https:\/\/lasentinelle.dz\/wp-content\/uploads\/2025\/03\/mouloud-feraoun.jpeg","contentUrl":"https:\/\/lasentinelle.dz\/wp-content\/uploads\/2025\/03\/mouloud-feraoun.jpeg","width":641,"height":478},{"@type":"BreadcrumbList","@id":"https:\/\/lasentinelle.dz\/index.php\/2026\/03\/16\/hommage-a-mouloud-feraoun-la-plume-au-service-de-la-nation\/#breadcrumb","itemListElement":[{"@type":"ListItem","position":1,"name":"Accueil","item":"https:\/\/lasentinelle.dz\/"},{"@type":"ListItem","position":2,"name":"Hommage \u00e0 Mouloud Feraoun\u00a0: La plume au service de la Nation"}]},{"@type":"WebSite","@id":"https:\/\/lasentinelle.dz\/#website","url":"https:\/\/lasentinelle.dz\/","name":"La Sentinelle","description":"Quotidien national d&#039;information","publisher":{"@id":"https:\/\/lasentinelle.dz\/#organization"},"potentialAction":[{"@type":"SearchAction","target":{"@type":"EntryPoint","urlTemplate":"https:\/\/lasentinelle.dz\/?s={search_term_string}"},"query-input":{"@type":"PropertyValueSpecification","valueRequired":true,"valueName":"search_term_string"}}],"inLanguage":"fr-FR"},{"@type":"Organization","@id":"https:\/\/lasentinelle.dz\/#organization","name":"Quotidien La Sentinelle","url":"https:\/\/lasentinelle.dz\/","logo":{"@type":"ImageObject","inLanguage":"fr-FR","@id":"https:\/\/lasentinelle.dz\/#\/schema\/logo\/image\/","url":"https:\/\/lasentinelle.dz\/wp-content\/uploads\/2021\/09\/logo-sentinelleSLOGAN-1.png","contentUrl":"https:\/\/lasentinelle.dz\/wp-content\/uploads\/2021\/09\/logo-sentinelleSLOGAN-1.png","width":615,"height":142,"caption":"Quotidien La Sentinelle"},"image":{"@id":"https:\/\/lasentinelle.dz\/#\/schema\/logo\/image\/"},"sameAs":["https:\/\/www.facebook.com\/La-Sentinelle-104059864394773"]},{"@type":"Person","@id":"https:\/\/lasentinelle.dz\/#\/schema\/person\/729ee0024f24e0b8c5ec17232f8e8b41","name":"admin","image":{"@type":"ImageObject","inLanguage":"fr-FR","@id":"https:\/\/secure.gravatar.com\/avatar\/4c81fed838786e9b53f540bf46533e750f5d292099ae3b66cfc6fb1982e29df7?s=96&d=mm&r=g","url":"https:\/\/secure.gravatar.com\/avatar\/4c81fed838786e9b53f540bf46533e750f5d292099ae3b66cfc6fb1982e29df7?s=96&d=mm&r=g","contentUrl":"https:\/\/secure.gravatar.com\/avatar\/4c81fed838786e9b53f540bf46533e750f5d292099ae3b66cfc6fb1982e29df7?s=96&d=mm&r=g","caption":"admin"},"description":"admin","url":"https:\/\/lasentinelle.dz\/author\/admin\/"}]}},"_links":{"self":[{"href":"https:\/\/lasentinelle.dz\/index.php\/wp-json\/wp\/v2\/posts\/83645","targetHints":{"allow":["GET"]}}],"collection":[{"href":"https:\/\/lasentinelle.dz\/index.php\/wp-json\/wp\/v2\/posts"}],"about":[{"href":"https:\/\/lasentinelle.dz\/index.php\/wp-json\/wp\/v2\/types\/post"}],"author":[{"embeddable":true,"href":"https:\/\/lasentinelle.dz\/index.php\/wp-json\/wp\/v2\/users\/6"}],"replies":[{"embeddable":true,"href":"https:\/\/lasentinelle.dz\/index.php\/wp-json\/wp\/v2\/comments?post=83645"}],"version-history":[{"count":1,"href":"https:\/\/lasentinelle.dz\/index.php\/wp-json\/wp\/v2\/posts\/83645\/revisions"}],"predecessor-version":[{"id":83646,"href":"https:\/\/lasentinelle.dz\/index.php\/wp-json\/wp\/v2\/posts\/83645\/revisions\/83646"}],"wp:featuredmedia":[{"embeddable":true,"href":"https:\/\/lasentinelle.dz\/index.php\/wp-json\/wp\/v2\/media\/64271"}],"wp:attachment":[{"href":"https:\/\/lasentinelle.dz\/index.php\/wp-json\/wp\/v2\/media?parent=83645"}],"wp:term":[{"taxonomy":"category","embeddable":true,"href":"https:\/\/lasentinelle.dz\/index.php\/wp-json\/wp\/v2\/categories?post=83645"},{"taxonomy":"post_tag","embeddable":true,"href":"https:\/\/lasentinelle.dz\/index.php\/wp-json\/wp\/v2\/tags?post=83645"}],"curies":[{"name":"wp","href":"https:\/\/api.w.org\/{rel}","templated":true}]}}