{"id":83655,"date":"2026-03-16T20:18:29","date_gmt":"2026-03-16T19:18:29","guid":{"rendered":"https:\/\/lasentinelle.dz\/?p=83655"},"modified":"2026-03-16T20:18:30","modified_gmt":"2026-03-16T19:18:30","slug":"annaba-campagne-de-rationalisation-des-vaccins-dans-la-filiere-avicole","status":"publish","type":"post","link":"https:\/\/lasentinelle.dz\/index.php\/2026\/03\/16\/annaba-campagne-de-rationalisation-des-vaccins-dans-la-filiere-avicole\/","title":{"rendered":"Annaba\u00a0: Campagne de rationalisation des vaccins dans la fili\u00e8re avicole"},"content":{"rendered":"\n<p><strong>La Direction des services agricoles (DSA) de la wilaya d&rsquo;Annaba a lanc\u00e9 hier une caravane de sensibilisation au profit des aviculteurs de la commune d&rsquo;El Chorfa, plac\u00e9e sous la th\u00e9matique de l&rsquo;utilisation rationnelle des vaccins et des m\u00e9dicaments v\u00e9t\u00e9rinaires dans l&rsquo;\u00e9levage avicole. Une initiative in\u00e9dite dans la wilaya, salu\u00e9e par une forte mobilisation des professionnels du secteur.<\/strong><\/p>\n\n\n\n<p>L&rsquo;action s&rsquo;inscrit dans le cadre de la mise en \u0153uvre du programme d&rsquo;orientation et d&rsquo;accompagnement agricole pour la campagne 2025-2026, ont indiqu\u00e9 des sources relevant de la DSA d&rsquo;Annaba. Sont notamment concern\u00e9es par cette campagne les fili\u00e8res animales, dont la fili\u00e8re avicole constitue le premier volet, avec cette caravane lanc\u00e9e au profit des \u00e9leveurs d&rsquo;El Chorfa. Encadr\u00e9e par les v\u00e9t\u00e9rinaires de la DSA, la d\u00e9marche vise le renforcement de l&rsquo;encadrement technique des \u00e9leveurs et la promotion des bonnes pratiques d&rsquo;\u00e9levage dans la fili\u00e8re des viandes blanches, ont expliqu\u00e9 les m\u00eames sources, qui ont soulign\u00e9 au passage le caract\u00e8re strat\u00e9gique de cette fili\u00e8re pour la s\u00e9curit\u00e9 alimentaire et l&rsquo;approvisionnement r\u00e9gulier du march\u00e9. Cette journ\u00e9e de sensibilisation a constitu\u00e9 \u00e9galement un espace de rencontre et d&rsquo;\u00e9changes entre les aviculteurs et les accompagnateurs techniques, permettant aux premiers de mieux conna\u00eetre et comprendre les m\u00e9thodes de vaccination, ainsi que les cons\u00e9quences d&rsquo;une vaccination mal conduite ou d&rsquo;un mauvais usage des produits v\u00e9t\u00e9rinaires. En somme, l&rsquo;initiative s&rsquo;inscrit dans une d\u00e9marche de pr\u00e9vention sanitaire visant \u00e0 sensibiliser les professionnels aux risques li\u00e9s \u00e0 une utilisation non ma\u00eetris\u00e9e des m\u00e9dicaments v\u00e9t\u00e9rinaires.<\/p>\n\n\n\n<p>Un expos\u00e9 d\u00e9taill\u00e9 sur les principes d&rsquo;une conduite sanitaire ad\u00e9quate des \u00e9levages avicoles a \u00e9t\u00e9 pr\u00e9sent\u00e9 par la v\u00e9t\u00e9rinaire d\u00e9l\u00e9gu\u00e9e de la commune d&rsquo;El Chorfa. L&rsquo;intervention a port\u00e9 notamment sur les m\u00e9thodes de pr\u00e9vention des maladies, l&rsquo;importance du respect du calendrier vaccinal et les conditions d&rsquo;utilisation appropri\u00e9e des m\u00e9dicaments v\u00e9t\u00e9rinaires. L&rsquo;intervenante a particuli\u00e8rement insist\u00e9 sur la n\u00e9cessit\u00e9, pour les aviculteurs, de respecter scrupuleusement le d\u00e9lai d&rsquo;attente entre l&rsquo;administration des traitements et la mise sur le march\u00e9 de la volaille. Ce d\u00e9lai, a-t-elle expliqu\u00e9, permet d&rsquo;\u00e9viter la pr\u00e9sence de r\u00e9sidus m\u00e9dicamenteux dans la viande et de garantir ainsi la s\u00e9curit\u00e9 sanitaire des consommateurs.<\/p>\n\n\n\n<p>En cl\u00f4ture de cette journ\u00e9e, marqu\u00e9e par une forte participation des aviculteurs, les organisateurs ont adress\u00e9 un rappel appuy\u00e9 en faveur de l&rsquo;adoption de pratiques d&rsquo;\u00e9levage saines et responsables, estimant que cela constitue un facteur essentiel pour am\u00e9liorer la productivit\u00e9, pr\u00e9server la sant\u00e9 animale et assurer une meilleure qualit\u00e9 des produits avicoles destin\u00e9s au march\u00e9. Certains \u00e9leveurs pr\u00e9sents, venus de la commune d&rsquo;El Chorfa, ont attribu\u00e9 cette dynamique nouvelle dans le secteur de l&rsquo;\u00e9levage aux efforts d\u00e9ploy\u00e9s par les services de la DSA d&rsquo;Annaba, qui \u0153uvrent, ont-ils relev\u00e9, \u00e0 redonner au secteur agricole, toutes fili\u00e8res confondues, la place qu&rsquo;il m\u00e9rite dans la wilaya. Car ces m\u00eames interlocuteurs n&rsquo;ont pas manqu\u00e9 de d\u00e9plorer le d\u00e9clin d&rsquo;Annaba, autrefois wilaya agricole par excellence, aujourd&rsquo;hui rel\u00e9gu\u00e9e au bas du classement des wilayas productrices en mati\u00e8re de cultures strat\u00e9giques. Remontant le cours du temps, ils ont \u00e9voqu\u00e9 l&rsquo;\u00e9poque o\u00f9 la wilaya tr\u00f4nait en t\u00eate du classement national pour la production des feuilles de tabac et de la tomate industrielle, la fameuse vari\u00e9t\u00e9 locale dite \u00ab Zangolie \u00bb. La Tabacoop demeure le t\u00e9moin silencieux de ces cultures strat\u00e9giques, dont la transformation s&rsquo;effectuait sur place, une partie de la production \u00e9tant destin\u00e9e \u00e0 l&rsquo;exportation, vers Cuba notamment. Ces deux fili\u00e8res, autrefois fleurons de l&rsquo;\u00e9conomie agricole locale, ont progressivement disparu du paysage, c\u00e9dant la place \u00e0 l&rsquo;importation. Leur restauration est aujourd&rsquo;hui un v\u0153u partag\u00e9 par les acteurs du secteur. En attendant, cette journ\u00e9e de sensibilisation, qui a suscit\u00e9 un engouement d\u00e9passant le seul cercle des aviculteurs \u2014 signe \u00e9loquent de l&rsquo;int\u00e9r\u00eat que suscite la th\u00e9matique \u2014, a r\u00e9uni plusieurs partenaires institutionnels, dont la Chambre agricole, la Direction du commerce, la Caisse r\u00e9gionale de mutualit\u00e9 agricole (CRMA) ainsi que le d\u00e9l\u00e9gu\u00e9 communal de l&rsquo;Union nationale des paysans alg\u00e9riens. Cette forte pr\u00e9sence illustre l&rsquo;importance accord\u00e9e \u00e0 l&rsquo;accompagnement des \u00e9leveurs et \u00e0 la coordination intersectorielle au service du d\u00e9veloppement durable de la fili\u00e8re avicole.<\/p>\n\n\n\n<p><em>Sofia Chahine<\/em><\/p>\n","protected":false},"excerpt":{"rendered":"<p>La Direction des services agricoles (DSA) de la wilaya d&rsquo;Annaba a lanc\u00e9 hier une caravane de sensibilisation au profit des<\/p>\n","protected":false},"author":6,"featured_media":83656,"comment_status":"open","ping_status":"closed","sticky":false,"template":"","format":"standard","meta":{"colormag_page_container_layout":"default_layout","colormag_page_sidebar_layout":"default_layout","om_disable_all_campaigns":false,"_monsterinsights_skip_tracking":false,"_monsterinsights_sitenote_active":false,"_monsterinsights_sitenote_note":"","_monsterinsights_sitenote_category":0,"footnotes":"","_wpscppro_dont_share_socialmedia":false,"_wpscppro_custom_social_share_image":0,"_facebook_share_type":"default","_twitter_share_type":"default","_linkedin_share_type":"default","_pinterest_share_type":"default","_linkedin_share_type_page":"","_instagram_share_type":"default","_medium_share_type":"default","_threads_share_type":"default","_google_business_share_type":"default","_selected_social_profile":[],"_wpsp_enable_custom_social_template":false,"_wpsp_social_scheduling":{"enabled":false,"datetime":null,"platforms":[],"status":"template_only","dateOption":"today","timeOption":"now","customDays":"","customHours":"","customDate":"","customTime":"","schedulingType":"absolute"},"_wpsp_active_default_template":true},"categories":[31],"tags":[],"class_list":["post-83655","post","type-post","status-publish","format-standard","has-post-thumbnail","hentry","category-regions"],"aioseo_notices":[],"yoast_head":"<!-- This site is optimized with the Yoast SEO plugin v27.5 - https:\/\/yoast.com\/product\/yoast-seo-wordpress\/ -->\n<title>Annaba\u00a0: Campagne de rationalisation des vaccins dans la fili\u00e8re avicole - La Sentinelle<\/title>\n<meta name=\"robots\" content=\"index, follow, max-snippet:-1, max-image-preview:large, max-video-preview:-1\" \/>\n<link rel=\"canonical\" href=\"https:\/\/lasentinelle.dz\/index.php\/2026\/03\/16\/annaba-campagne-de-rationalisation-des-vaccins-dans-la-filiere-avicole\/\" \/>\n<meta property=\"og:locale\" content=\"fr_FR\" \/>\n<meta property=\"og:type\" content=\"article\" \/>\n<meta property=\"og:title\" content=\"Annaba\u00a0: Campagne de rationalisation des vaccins dans la fili\u00e8re avicole - La Sentinelle\" \/>\n<meta property=\"og:description\" content=\"La Direction des services agricoles (DSA) de la wilaya d&rsquo;Annaba a lanc\u00e9 hier une caravane de sensibilisation au profit des\" \/>\n<meta property=\"og:url\" content=\"https:\/\/lasentinelle.dz\/index.php\/2026\/03\/16\/annaba-campagne-de-rationalisation-des-vaccins-dans-la-filiere-avicole\/\" \/>\n<meta property=\"og:site_name\" content=\"La Sentinelle\" \/>\n<meta property=\"article:publisher\" content=\"https:\/\/www.facebook.com\/La-Sentinelle-104059864394773\" \/>\n<meta property=\"article:published_time\" content=\"2026-03-16T19:18:29+00:00\" \/>\n<meta property=\"article:modified_time\" content=\"2026-03-16T19:18:30+00:00\" \/>\n<meta property=\"og:image\" content=\"https:\/\/lasentinelle.dz\/wp-content\/uploads\/2026\/03\/filiere-avicole-scaled.jpg\" \/>\n\t<meta property=\"og:image:width\" content=\"2560\" \/>\n\t<meta property=\"og:image:height\" content=\"1922\" \/>\n\t<meta property=\"og:image:type\" content=\"image\/jpeg\" \/>\n<meta name=\"author\" content=\"admin\" \/>\n<meta name=\"twitter:card\" content=\"summary_large_image\" \/>\n<meta name=\"twitter:label1\" content=\"\u00c9crit par\" \/>\n\t<meta name=\"twitter:data1\" content=\"admin\" \/>\n\t<meta name=\"twitter:label2\" content=\"Dur\u00e9e de lecture estim\u00e9e\" \/>\n\t<meta name=\"twitter:data2\" content=\"4 minutes\" \/>\n<script type=\"application\/ld+json\" class=\"yoast-schema-graph\">{\"@context\":\"https:\\\/\\\/schema.org\",\"@graph\":[{\"@type\":\"Article\",\"@id\":\"https:\\\/\\\/lasentinelle.dz\\\/index.php\\\/2026\\\/03\\\/16\\\/annaba-campagne-de-rationalisation-des-vaccins-dans-la-filiere-avicole\\\/#article\",\"isPartOf\":{\"@id\":\"https:\\\/\\\/lasentinelle.dz\\\/index.php\\\/2026\\\/03\\\/16\\\/annaba-campagne-de-rationalisation-des-vaccins-dans-la-filiere-avicole\\\/\"},\"author\":{\"name\":\"admin\",\"@id\":\"https:\\\/\\\/lasentinelle.dz\\\/#\\\/schema\\\/person\\\/729ee0024f24e0b8c5ec17232f8e8b41\"},\"headline\":\"Annaba\u00a0: Campagne de rationalisation des vaccins dans la fili\u00e8re avicole\",\"datePublished\":\"2026-03-16T19:18:29+00:00\",\"dateModified\":\"2026-03-16T19:18:30+00:00\",\"mainEntityOfPage\":{\"@id\":\"https:\\\/\\\/lasentinelle.dz\\\/index.php\\\/2026\\\/03\\\/16\\\/annaba-campagne-de-rationalisation-des-vaccins-dans-la-filiere-avicole\\\/\"},\"wordCount\":803,\"commentCount\":0,\"publisher\":{\"@id\":\"https:\\\/\\\/lasentinelle.dz\\\/#organization\"},\"image\":{\"@id\":\"https:\\\/\\\/lasentinelle.dz\\\/index.php\\\/2026\\\/03\\\/16\\\/annaba-campagne-de-rationalisation-des-vaccins-dans-la-filiere-avicole\\\/#primaryimage\"},\"thumbnailUrl\":\"https:\\\/\\\/lasentinelle.dz\\\/wp-content\\\/uploads\\\/2026\\\/03\\\/filiere-avicole-scaled.jpg\",\"articleSection\":[\"R\u00e9gions\"],\"inLanguage\":\"fr-FR\",\"potentialAction\":[{\"@type\":\"CommentAction\",\"name\":\"Comment\",\"target\":[\"https:\\\/\\\/lasentinelle.dz\\\/index.php\\\/2026\\\/03\\\/16\\\/annaba-campagne-de-rationalisation-des-vaccins-dans-la-filiere-avicole\\\/#respond\"]}]},{\"@type\":\"WebPage\",\"@id\":\"https:\\\/\\\/lasentinelle.dz\\\/index.php\\\/2026\\\/03\\\/16\\\/annaba-campagne-de-rationalisation-des-vaccins-dans-la-filiere-avicole\\\/\",\"url\":\"https:\\\/\\\/lasentinelle.dz\\\/index.php\\\/2026\\\/03\\\/16\\\/annaba-campagne-de-rationalisation-des-vaccins-dans-la-filiere-avicole\\\/\",\"name\":\"Annaba\u00a0: Campagne de rationalisation des vaccins dans la fili\u00e8re avicole - La Sentinelle\",\"isPartOf\":{\"@id\":\"https:\\\/\\\/lasentinelle.dz\\\/#website\"},\"primaryImageOfPage\":{\"@id\":\"https:\\\/\\\/lasentinelle.dz\\\/index.php\\\/2026\\\/03\\\/16\\\/annaba-campagne-de-rationalisation-des-vaccins-dans-la-filiere-avicole\\\/#primaryimage\"},\"image\":{\"@id\":\"https:\\\/\\\/lasentinelle.dz\\\/index.php\\\/2026\\\/03\\\/16\\\/annaba-campagne-de-rationalisation-des-vaccins-dans-la-filiere-avicole\\\/#primaryimage\"},\"thumbnailUrl\":\"https:\\\/\\\/lasentinelle.dz\\\/wp-content\\\/uploads\\\/2026\\\/03\\\/filiere-avicole-scaled.jpg\",\"datePublished\":\"2026-03-16T19:18:29+00:00\",\"dateModified\":\"2026-03-16T19:18:30+00:00\",\"breadcrumb\":{\"@id\":\"https:\\\/\\\/lasentinelle.dz\\\/index.php\\\/2026\\\/03\\\/16\\\/annaba-campagne-de-rationalisation-des-vaccins-dans-la-filiere-avicole\\\/#breadcrumb\"},\"inLanguage\":\"fr-FR\",\"potentialAction\":[{\"@type\":\"ReadAction\",\"target\":[\"https:\\\/\\\/lasentinelle.dz\\\/index.php\\\/2026\\\/03\\\/16\\\/annaba-campagne-de-rationalisation-des-vaccins-dans-la-filiere-avicole\\\/\"]}]},{\"@type\":\"ImageObject\",\"inLanguage\":\"fr-FR\",\"@id\":\"https:\\\/\\\/lasentinelle.dz\\\/index.php\\\/2026\\\/03\\\/16\\\/annaba-campagne-de-rationalisation-des-vaccins-dans-la-filiere-avicole\\\/#primaryimage\",\"url\":\"https:\\\/\\\/lasentinelle.dz\\\/wp-content\\\/uploads\\\/2026\\\/03\\\/filiere-avicole-scaled.jpg\",\"contentUrl\":\"https:\\\/\\\/lasentinelle.dz\\\/wp-content\\\/uploads\\\/2026\\\/03\\\/filiere-avicole-scaled.jpg\",\"width\":2560,\"height\":1922},{\"@type\":\"BreadcrumbList\",\"@id\":\"https:\\\/\\\/lasentinelle.dz\\\/index.php\\\/2026\\\/03\\\/16\\\/annaba-campagne-de-rationalisation-des-vaccins-dans-la-filiere-avicole\\\/#breadcrumb\",\"itemListElement\":[{\"@type\":\"ListItem\",\"position\":1,\"name\":\"Accueil\",\"item\":\"https:\\\/\\\/lasentinelle.dz\\\/\"},{\"@type\":\"ListItem\",\"position\":2,\"name\":\"Annaba\u00a0: Campagne de rationalisation des vaccins dans la fili\u00e8re avicole\"}]},{\"@type\":\"WebSite\",\"@id\":\"https:\\\/\\\/lasentinelle.dz\\\/#website\",\"url\":\"https:\\\/\\\/lasentinelle.dz\\\/\",\"name\":\"La Sentinelle\",\"description\":\"Quotidien national d&#039;information\",\"publisher\":{\"@id\":\"https:\\\/\\\/lasentinelle.dz\\\/#organization\"},\"potentialAction\":[{\"@type\":\"SearchAction\",\"target\":{\"@type\":\"EntryPoint\",\"urlTemplate\":\"https:\\\/\\\/lasentinelle.dz\\\/?s={search_term_string}\"},\"query-input\":{\"@type\":\"PropertyValueSpecification\",\"valueRequired\":true,\"valueName\":\"search_term_string\"}}],\"inLanguage\":\"fr-FR\"},{\"@type\":\"Organization\",\"@id\":\"https:\\\/\\\/lasentinelle.dz\\\/#organization\",\"name\":\"Quotidien La Sentinelle\",\"url\":\"https:\\\/\\\/lasentinelle.dz\\\/\",\"logo\":{\"@type\":\"ImageObject\",\"inLanguage\":\"fr-FR\",\"@id\":\"https:\\\/\\\/lasentinelle.dz\\\/#\\\/schema\\\/logo\\\/image\\\/\",\"url\":\"https:\\\/\\\/lasentinelle.dz\\\/wp-content\\\/uploads\\\/2021\\\/09\\\/logo-sentinelleSLOGAN-1.png\",\"contentUrl\":\"https:\\\/\\\/lasentinelle.dz\\\/wp-content\\\/uploads\\\/2021\\\/09\\\/logo-sentinelleSLOGAN-1.png\",\"width\":615,\"height\":142,\"caption\":\"Quotidien La Sentinelle\"},\"image\":{\"@id\":\"https:\\\/\\\/lasentinelle.dz\\\/#\\\/schema\\\/logo\\\/image\\\/\"},\"sameAs\":[\"https:\\\/\\\/www.facebook.com\\\/La-Sentinelle-104059864394773\"]},{\"@type\":\"Person\",\"@id\":\"https:\\\/\\\/lasentinelle.dz\\\/#\\\/schema\\\/person\\\/729ee0024f24e0b8c5ec17232f8e8b41\",\"name\":\"admin\",\"image\":{\"@type\":\"ImageObject\",\"inLanguage\":\"fr-FR\",\"@id\":\"https:\\\/\\\/secure.gravatar.com\\\/avatar\\\/4c81fed838786e9b53f540bf46533e750f5d292099ae3b66cfc6fb1982e29df7?s=96&d=mm&r=g\",\"url\":\"https:\\\/\\\/secure.gravatar.com\\\/avatar\\\/4c81fed838786e9b53f540bf46533e750f5d292099ae3b66cfc6fb1982e29df7?s=96&d=mm&r=g\",\"contentUrl\":\"https:\\\/\\\/secure.gravatar.com\\\/avatar\\\/4c81fed838786e9b53f540bf46533e750f5d292099ae3b66cfc6fb1982e29df7?s=96&d=mm&r=g\",\"caption\":\"admin\"},\"description\":\"admin\",\"url\":\"https:\\\/\\\/lasentinelle.dz\\\/author\\\/admin\\\/\"}]}<\/script>\n<!-- \/ Yoast SEO plugin. -->","yoast_head_json":{"title":"Annaba\u00a0: Campagne de rationalisation des vaccins dans la fili\u00e8re avicole - La Sentinelle","robots":{"index":"index","follow":"follow","max-snippet":"max-snippet:-1","max-image-preview":"max-image-preview:large","max-video-preview":"max-video-preview:-1"},"canonical":"https:\/\/lasentinelle.dz\/index.php\/2026\/03\/16\/annaba-campagne-de-rationalisation-des-vaccins-dans-la-filiere-avicole\/","og_locale":"fr_FR","og_type":"article","og_title":"Annaba\u00a0: Campagne de rationalisation des vaccins dans la fili\u00e8re avicole - La Sentinelle","og_description":"La Direction des services agricoles (DSA) de la wilaya d&rsquo;Annaba a lanc\u00e9 hier une caravane de sensibilisation au profit des","og_url":"https:\/\/lasentinelle.dz\/index.php\/2026\/03\/16\/annaba-campagne-de-rationalisation-des-vaccins-dans-la-filiere-avicole\/","og_site_name":"La Sentinelle","article_publisher":"https:\/\/www.facebook.com\/La-Sentinelle-104059864394773","article_published_time":"2026-03-16T19:18:29+00:00","article_modified_time":"2026-03-16T19:18:30+00:00","og_image":[{"width":2560,"height":1922,"url":"https:\/\/lasentinelle.dz\/wp-content\/uploads\/2026\/03\/filiere-avicole-scaled.jpg","type":"image\/jpeg"}],"author":"admin","twitter_card":"summary_large_image","twitter_misc":{"\u00c9crit par":"admin","Dur\u00e9e de lecture estim\u00e9e":"4 minutes"},"schema":{"@context":"https:\/\/schema.org","@graph":[{"@type":"Article","@id":"https:\/\/lasentinelle.dz\/index.php\/2026\/03\/16\/annaba-campagne-de-rationalisation-des-vaccins-dans-la-filiere-avicole\/#article","isPartOf":{"@id":"https:\/\/lasentinelle.dz\/index.php\/2026\/03\/16\/annaba-campagne-de-rationalisation-des-vaccins-dans-la-filiere-avicole\/"},"author":{"name":"admin","@id":"https:\/\/lasentinelle.dz\/#\/schema\/person\/729ee0024f24e0b8c5ec17232f8e8b41"},"headline":"Annaba\u00a0: Campagne de rationalisation des vaccins dans la fili\u00e8re avicole","datePublished":"2026-03-16T19:18:29+00:00","dateModified":"2026-03-16T19:18:30+00:00","mainEntityOfPage":{"@id":"https:\/\/lasentinelle.dz\/index.php\/2026\/03\/16\/annaba-campagne-de-rationalisation-des-vaccins-dans-la-filiere-avicole\/"},"wordCount":803,"commentCount":0,"publisher":{"@id":"https:\/\/lasentinelle.dz\/#organization"},"image":{"@id":"https:\/\/lasentinelle.dz\/index.php\/2026\/03\/16\/annaba-campagne-de-rationalisation-des-vaccins-dans-la-filiere-avicole\/#primaryimage"},"thumbnailUrl":"https:\/\/lasentinelle.dz\/wp-content\/uploads\/2026\/03\/filiere-avicole-scaled.jpg","articleSection":["R\u00e9gions"],"inLanguage":"fr-FR","potentialAction":[{"@type":"CommentAction","name":"Comment","target":["https:\/\/lasentinelle.dz\/index.php\/2026\/03\/16\/annaba-campagne-de-rationalisation-des-vaccins-dans-la-filiere-avicole\/#respond"]}]},{"@type":"WebPage","@id":"https:\/\/lasentinelle.dz\/index.php\/2026\/03\/16\/annaba-campagne-de-rationalisation-des-vaccins-dans-la-filiere-avicole\/","url":"https:\/\/lasentinelle.dz\/index.php\/2026\/03\/16\/annaba-campagne-de-rationalisation-des-vaccins-dans-la-filiere-avicole\/","name":"Annaba\u00a0: Campagne de rationalisation des vaccins dans la fili\u00e8re avicole - La Sentinelle","isPartOf":{"@id":"https:\/\/lasentinelle.dz\/#website"},"primaryImageOfPage":{"@id":"https:\/\/lasentinelle.dz\/index.php\/2026\/03\/16\/annaba-campagne-de-rationalisation-des-vaccins-dans-la-filiere-avicole\/#primaryimage"},"image":{"@id":"https:\/\/lasentinelle.dz\/index.php\/2026\/03\/16\/annaba-campagne-de-rationalisation-des-vaccins-dans-la-filiere-avicole\/#primaryimage"},"thumbnailUrl":"https:\/\/lasentinelle.dz\/wp-content\/uploads\/2026\/03\/filiere-avicole-scaled.jpg","datePublished":"2026-03-16T19:18:29+00:00","dateModified":"2026-03-16T19:18:30+00:00","breadcrumb":{"@id":"https:\/\/lasentinelle.dz\/index.php\/2026\/03\/16\/annaba-campagne-de-rationalisation-des-vaccins-dans-la-filiere-avicole\/#breadcrumb"},"inLanguage":"fr-FR","potentialAction":[{"@type":"ReadAction","target":["https:\/\/lasentinelle.dz\/index.php\/2026\/03\/16\/annaba-campagne-de-rationalisation-des-vaccins-dans-la-filiere-avicole\/"]}]},{"@type":"ImageObject","inLanguage":"fr-FR","@id":"https:\/\/lasentinelle.dz\/index.php\/2026\/03\/16\/annaba-campagne-de-rationalisation-des-vaccins-dans-la-filiere-avicole\/#primaryimage","url":"https:\/\/lasentinelle.dz\/wp-content\/uploads\/2026\/03\/filiere-avicole-scaled.jpg","contentUrl":"https:\/\/lasentinelle.dz\/wp-content\/uploads\/2026\/03\/filiere-avicole-scaled.jpg","width":2560,"height":1922},{"@type":"BreadcrumbList","@id":"https:\/\/lasentinelle.dz\/index.php\/2026\/03\/16\/annaba-campagne-de-rationalisation-des-vaccins-dans-la-filiere-avicole\/#breadcrumb","itemListElement":[{"@type":"ListItem","position":1,"name":"Accueil","item":"https:\/\/lasentinelle.dz\/"},{"@type":"ListItem","position":2,"name":"Annaba\u00a0: Campagne de rationalisation des vaccins dans la fili\u00e8re avicole"}]},{"@type":"WebSite","@id":"https:\/\/lasentinelle.dz\/#website","url":"https:\/\/lasentinelle.dz\/","name":"La Sentinelle","description":"Quotidien national d&#039;information","publisher":{"@id":"https:\/\/lasentinelle.dz\/#organization"},"potentialAction":[{"@type":"SearchAction","target":{"@type":"EntryPoint","urlTemplate":"https:\/\/lasentinelle.dz\/?s={search_term_string}"},"query-input":{"@type":"PropertyValueSpecification","valueRequired":true,"valueName":"search_term_string"}}],"inLanguage":"fr-FR"},{"@type":"Organization","@id":"https:\/\/lasentinelle.dz\/#organization","name":"Quotidien La Sentinelle","url":"https:\/\/lasentinelle.dz\/","logo":{"@type":"ImageObject","inLanguage":"fr-FR","@id":"https:\/\/lasentinelle.dz\/#\/schema\/logo\/image\/","url":"https:\/\/lasentinelle.dz\/wp-content\/uploads\/2021\/09\/logo-sentinelleSLOGAN-1.png","contentUrl":"https:\/\/lasentinelle.dz\/wp-content\/uploads\/2021\/09\/logo-sentinelleSLOGAN-1.png","width":615,"height":142,"caption":"Quotidien La Sentinelle"},"image":{"@id":"https:\/\/lasentinelle.dz\/#\/schema\/logo\/image\/"},"sameAs":["https:\/\/www.facebook.com\/La-Sentinelle-104059864394773"]},{"@type":"Person","@id":"https:\/\/lasentinelle.dz\/#\/schema\/person\/729ee0024f24e0b8c5ec17232f8e8b41","name":"admin","image":{"@type":"ImageObject","inLanguage":"fr-FR","@id":"https:\/\/secure.gravatar.com\/avatar\/4c81fed838786e9b53f540bf46533e750f5d292099ae3b66cfc6fb1982e29df7?s=96&d=mm&r=g","url":"https:\/\/secure.gravatar.com\/avatar\/4c81fed838786e9b53f540bf46533e750f5d292099ae3b66cfc6fb1982e29df7?s=96&d=mm&r=g","contentUrl":"https:\/\/secure.gravatar.com\/avatar\/4c81fed838786e9b53f540bf46533e750f5d292099ae3b66cfc6fb1982e29df7?s=96&d=mm&r=g","caption":"admin"},"description":"admin","url":"https:\/\/lasentinelle.dz\/author\/admin\/"}]}},"_links":{"self":[{"href":"https:\/\/lasentinelle.dz\/index.php\/wp-json\/wp\/v2\/posts\/83655","targetHints":{"allow":["GET"]}}],"collection":[{"href":"https:\/\/lasentinelle.dz\/index.php\/wp-json\/wp\/v2\/posts"}],"about":[{"href":"https:\/\/lasentinelle.dz\/index.php\/wp-json\/wp\/v2\/types\/post"}],"author":[{"embeddable":true,"href":"https:\/\/lasentinelle.dz\/index.php\/wp-json\/wp\/v2\/users\/6"}],"replies":[{"embeddable":true,"href":"https:\/\/lasentinelle.dz\/index.php\/wp-json\/wp\/v2\/comments?post=83655"}],"version-history":[{"count":1,"href":"https:\/\/lasentinelle.dz\/index.php\/wp-json\/wp\/v2\/posts\/83655\/revisions"}],"predecessor-version":[{"id":83657,"href":"https:\/\/lasentinelle.dz\/index.php\/wp-json\/wp\/v2\/posts\/83655\/revisions\/83657"}],"wp:featuredmedia":[{"embeddable":true,"href":"https:\/\/lasentinelle.dz\/index.php\/wp-json\/wp\/v2\/media\/83656"}],"wp:attachment":[{"href":"https:\/\/lasentinelle.dz\/index.php\/wp-json\/wp\/v2\/media?parent=83655"}],"wp:term":[{"taxonomy":"category","embeddable":true,"href":"https:\/\/lasentinelle.dz\/index.php\/wp-json\/wp\/v2\/categories?post=83655"},{"taxonomy":"post_tag","embeddable":true,"href":"https:\/\/lasentinelle.dz\/index.php\/wp-json\/wp\/v2\/tags?post=83655"}],"curies":[{"name":"wp","href":"https:\/\/api.w.org\/{rel}","templated":true}]}}