{"id":83666,"date":"2026-03-16T20:24:35","date_gmt":"2026-03-16T19:24:35","guid":{"rendered":"https:\/\/lasentinelle.dz\/?p=83666"},"modified":"2026-03-16T20:24:36","modified_gmt":"2026-03-16T19:24:36","slug":"liban-le-systeme-de-sante-seffondre-sous-les-bombes-sionistes","status":"publish","type":"post","link":"https:\/\/lasentinelle.dz\/index.php\/2026\/03\/16\/liban-le-systeme-de-sante-seffondre-sous-les-bombes-sionistes\/","title":{"rendered":"Liban\u00a0: Le syst\u00e8me de sant\u00e9 s&rsquo;effondre sous les bombes sionistes"},"content":{"rendered":"\n<p>Le Liban s&rsquo;enfonce dans une nouvelle spirale de violence. Depuis le 2 mars 2026, les frappes isra\u00e9liennes se sont intensifi\u00e9es \u00e0 travers le pays, pulv\u00e9risant de fait ce qui restait du soi-disant cessez-le-feu pourtant en vigueur depuis fin novembre 2024. Dans ce contexte de destruction m\u00e9thodique, ce sont d\u00e9sormais les structures sanitaires qui paient un lourd tribut. L&rsquo;UNRWA, l&rsquo;Office de secours et de travaux des Nations Unies pour les r\u00e9fugi\u00e9s de Palestine, a annonc\u00e9 dimanche soir la fermeture de douze de ses dispensaires au Liban, victimes directes d&rsquo;une offensive qui a d\u00e9j\u00e0 fait au moins 850 morts, dont 107 enfants, et plus de 830 000 d\u00e9plac\u00e9s selon les autorit\u00e9s sanitaires libanaises. Dans un message publi\u00e9 sur les r\u00e9seaux sociaux, l&rsquo;agence onusienne a confirm\u00e9 que \u00ab 12 de nos cliniques au Liban sont ferm\u00e9es en raison de la guerre \u00bb, pr\u00e9cisant que \u00ab 14 structures restent op\u00e9rationnelles \u00bb sur le territoire. Un \u00e9quilibre pr\u00e9caire, maintenu au prix d&rsquo;efforts consid\u00e9rables dans un environnement de plus en plus hostile. Entre le d\u00e9but de l&rsquo;escalade et le 10 mars, l&rsquo;UNRWA avait n\u00e9anmoins r\u00e9ussi \u00e0 dispenser \u00ab 14 562 consultations m\u00e9dicales, dont 1 439 pour les personnes d\u00e9plac\u00e9es dans ses dispensaires de campagne et 99 pour celles accueillies au centre de Sabiline \u00bb. Sur le terrain, l&rsquo;intensit\u00e9 des frappes ne faiblit pas. La banlieue sud de Beyrouth a \u00e9t\u00e9 de nouveau bombard\u00e9e dimanche soir, une forte explosion ayant \u00e9t\u00e9 entendue dans la capitale. Plusieurs immeubles ont \u00e9t\u00e9 r\u00e9duits en ruines et des rues jonch\u00e9es de gravats dans ce quartier dont la majorit\u00e9 des habitants ont depuis longtemps fui. Selon un haut officier du Commandement Nord de l&rsquo;arm\u00e9e d\u2019occupation isra\u00e9lienne, cit\u00e9 par le quotidien Yedioth Ahronoth lors d&rsquo;une r\u00e9union avec des r\u00e9servistes, les agressions contre le Liban pourraient se poursuivre jusqu&rsquo;au 26 mai. La confirmation d&rsquo;une offensive terrestre est venue du ministre isra\u00e9lien de la D\u00e9fense Israel Katz lui-m\u00eame, qui a annonc\u00e9 lundi matin que l&rsquo;arm\u00e9e avait \u00ab commenc\u00e9 une offensive terrestre au Liban \u00bb. Les forces d\u2019occupation isra\u00e9liennes op\u00e8rent actuellement entre sept et neuf kilom\u00e8tres \u00e0 l&rsquo;int\u00e9rieur du territoire libanais, et la zone sous leur contr\u00f4le est susceptible de s&rsquo;\u00e9tendre. La communaut\u00e9 internationale commence \u00e0 hausser le ton. La ministre espagnole de la D\u00e9fense, Margarita Robles, dont le pays d\u00e9ploie quelque 670 soldats au sein de la FINUL, a publiquement demand\u00e9 aux Nations Unies \u00ab d&rsquo;exiger qu&rsquo;Isra\u00ebl mette fin \u00e0 ses attaques au Liban \u00bb et que \u00ab la mission de maintien de la paix soit garantie \u00bb. Elle a r\u00e9v\u00e9l\u00e9 que l\u2019entit\u00e9 sioniste m\u00e8ne \u00ab entre 60 et 70 tirs d&rsquo;artillerie et frappes a\u00e9riennes par jour contre le Liban \u00bb, et que les soldats espagnols \u00ab passent de longues heures dans des abris \u00bb, dans une situation qu&rsquo;elle a qualifi\u00e9e d&rsquo;inqui\u00e9tante.<\/p>\n\n\n\n<p>R.I.<\/p>\n","protected":false},"excerpt":{"rendered":"<p>Le Liban s&rsquo;enfonce dans une nouvelle spirale de violence. Depuis le 2 mars 2026, les frappes isra\u00e9liennes se sont intensifi\u00e9es<\/p>\n","protected":false},"author":6,"featured_media":83667,"comment_status":"open","ping_status":"closed","sticky":false,"template":"","format":"standard","meta":{"colormag_page_container_layout":"default_layout","colormag_page_sidebar_layout":"default_layout","om_disable_all_campaigns":false,"_monsterinsights_skip_tracking":false,"_monsterinsights_sitenote_active":false,"_monsterinsights_sitenote_note":"","_monsterinsights_sitenote_category":0,"footnotes":"","_wpscppro_dont_share_socialmedia":false,"_wpscppro_custom_social_share_image":0,"_facebook_share_type":"default","_twitter_share_type":"default","_linkedin_share_type":"default","_pinterest_share_type":"default","_linkedin_share_type_page":"","_instagram_share_type":"default","_medium_share_type":"default","_threads_share_type":"default","_google_business_share_type":"default","_selected_social_profile":[],"_wpsp_enable_custom_social_template":false,"_wpsp_social_scheduling":{"enabled":false,"datetime":null,"platforms":[],"status":"template_only","dateOption":"today","timeOption":"now","customDays":"","customHours":"","customDate":"","customTime":"","schedulingType":"absolute"},"_wpsp_active_default_template":true},"categories":[37],"tags":[],"class_list":["post-83666","post","type-post","status-publish","format-standard","has-post-thumbnail","hentry","category-monde"],"aioseo_notices":[],"yoast_head":"<!-- This site is optimized with the Yoast SEO plugin v27.5 - https:\/\/yoast.com\/product\/yoast-seo-wordpress\/ -->\n<title>Liban\u00a0: Le syst\u00e8me de sant\u00e9 s&rsquo;effondre sous les bombes sionistes - La Sentinelle<\/title>\n<meta name=\"robots\" content=\"index, follow, max-snippet:-1, max-image-preview:large, max-video-preview:-1\" \/>\n<link rel=\"canonical\" href=\"https:\/\/lasentinelle.dz\/index.php\/2026\/03\/16\/liban-le-systeme-de-sante-seffondre-sous-les-bombes-sionistes\/\" \/>\n<meta property=\"og:locale\" content=\"fr_FR\" \/>\n<meta property=\"og:type\" content=\"article\" \/>\n<meta property=\"og:title\" content=\"Liban\u00a0: Le syst\u00e8me de sant\u00e9 s&rsquo;effondre sous les bombes sionistes - La Sentinelle\" \/>\n<meta property=\"og:description\" content=\"Le Liban s&rsquo;enfonce dans une nouvelle spirale de violence. Depuis le 2 mars 2026, les frappes isra\u00e9liennes se sont intensifi\u00e9es\" \/>\n<meta property=\"og:url\" content=\"https:\/\/lasentinelle.dz\/index.php\/2026\/03\/16\/liban-le-systeme-de-sante-seffondre-sous-les-bombes-sionistes\/\" \/>\n<meta property=\"og:site_name\" content=\"La Sentinelle\" \/>\n<meta property=\"article:publisher\" content=\"https:\/\/www.facebook.com\/La-Sentinelle-104059864394773\" \/>\n<meta property=\"article:published_time\" content=\"2026-03-16T19:24:35+00:00\" \/>\n<meta property=\"article:modified_time\" content=\"2026-03-16T19:24:36+00:00\" \/>\n<meta property=\"og:image\" content=\"https:\/\/lasentinelle.dz\/wp-content\/uploads\/2026\/03\/liban-1.jpg\" \/>\n\t<meta property=\"og:image:width\" content=\"640\" \/>\n\t<meta property=\"og:image:height\" content=\"340\" \/>\n\t<meta property=\"og:image:type\" content=\"image\/jpeg\" \/>\n<meta name=\"author\" content=\"admin\" \/>\n<meta name=\"twitter:card\" content=\"summary_large_image\" \/>\n<meta name=\"twitter:label1\" content=\"\u00c9crit par\" \/>\n\t<meta name=\"twitter:data1\" content=\"admin\" \/>\n\t<meta name=\"twitter:label2\" content=\"Dur\u00e9e de lecture estim\u00e9e\" \/>\n\t<meta name=\"twitter:data2\" content=\"3 minutes\" \/>\n<script type=\"application\/ld+json\" class=\"yoast-schema-graph\">{\"@context\":\"https:\\\/\\\/schema.org\",\"@graph\":[{\"@type\":\"Article\",\"@id\":\"https:\\\/\\\/lasentinelle.dz\\\/index.php\\\/2026\\\/03\\\/16\\\/liban-le-systeme-de-sante-seffondre-sous-les-bombes-sionistes\\\/#article\",\"isPartOf\":{\"@id\":\"https:\\\/\\\/lasentinelle.dz\\\/index.php\\\/2026\\\/03\\\/16\\\/liban-le-systeme-de-sante-seffondre-sous-les-bombes-sionistes\\\/\"},\"author\":{\"name\":\"admin\",\"@id\":\"https:\\\/\\\/lasentinelle.dz\\\/#\\\/schema\\\/person\\\/729ee0024f24e0b8c5ec17232f8e8b41\"},\"headline\":\"Liban\u00a0: Le syst\u00e8me de sant\u00e9 s&rsquo;effondre sous les bombes sionistes\",\"datePublished\":\"2026-03-16T19:24:35+00:00\",\"dateModified\":\"2026-03-16T19:24:36+00:00\",\"mainEntityOfPage\":{\"@id\":\"https:\\\/\\\/lasentinelle.dz\\\/index.php\\\/2026\\\/03\\\/16\\\/liban-le-systeme-de-sante-seffondre-sous-les-bombes-sionistes\\\/\"},\"wordCount\":504,\"commentCount\":0,\"publisher\":{\"@id\":\"https:\\\/\\\/lasentinelle.dz\\\/#organization\"},\"image\":{\"@id\":\"https:\\\/\\\/lasentinelle.dz\\\/index.php\\\/2026\\\/03\\\/16\\\/liban-le-systeme-de-sante-seffondre-sous-les-bombes-sionistes\\\/#primaryimage\"},\"thumbnailUrl\":\"https:\\\/\\\/lasentinelle.dz\\\/wp-content\\\/uploads\\\/2026\\\/03\\\/liban-1.jpg\",\"articleSection\":[\"Monde\"],\"inLanguage\":\"fr-FR\",\"potentialAction\":[{\"@type\":\"CommentAction\",\"name\":\"Comment\",\"target\":[\"https:\\\/\\\/lasentinelle.dz\\\/index.php\\\/2026\\\/03\\\/16\\\/liban-le-systeme-de-sante-seffondre-sous-les-bombes-sionistes\\\/#respond\"]}]},{\"@type\":\"WebPage\",\"@id\":\"https:\\\/\\\/lasentinelle.dz\\\/index.php\\\/2026\\\/03\\\/16\\\/liban-le-systeme-de-sante-seffondre-sous-les-bombes-sionistes\\\/\",\"url\":\"https:\\\/\\\/lasentinelle.dz\\\/index.php\\\/2026\\\/03\\\/16\\\/liban-le-systeme-de-sante-seffondre-sous-les-bombes-sionistes\\\/\",\"name\":\"Liban\u00a0: Le syst\u00e8me de sant\u00e9 s&rsquo;effondre sous les bombes sionistes - La Sentinelle\",\"isPartOf\":{\"@id\":\"https:\\\/\\\/lasentinelle.dz\\\/#website\"},\"primaryImageOfPage\":{\"@id\":\"https:\\\/\\\/lasentinelle.dz\\\/index.php\\\/2026\\\/03\\\/16\\\/liban-le-systeme-de-sante-seffondre-sous-les-bombes-sionistes\\\/#primaryimage\"},\"image\":{\"@id\":\"https:\\\/\\\/lasentinelle.dz\\\/index.php\\\/2026\\\/03\\\/16\\\/liban-le-systeme-de-sante-seffondre-sous-les-bombes-sionistes\\\/#primaryimage\"},\"thumbnailUrl\":\"https:\\\/\\\/lasentinelle.dz\\\/wp-content\\\/uploads\\\/2026\\\/03\\\/liban-1.jpg\",\"datePublished\":\"2026-03-16T19:24:35+00:00\",\"dateModified\":\"2026-03-16T19:24:36+00:00\",\"breadcrumb\":{\"@id\":\"https:\\\/\\\/lasentinelle.dz\\\/index.php\\\/2026\\\/03\\\/16\\\/liban-le-systeme-de-sante-seffondre-sous-les-bombes-sionistes\\\/#breadcrumb\"},\"inLanguage\":\"fr-FR\",\"potentialAction\":[{\"@type\":\"ReadAction\",\"target\":[\"https:\\\/\\\/lasentinelle.dz\\\/index.php\\\/2026\\\/03\\\/16\\\/liban-le-systeme-de-sante-seffondre-sous-les-bombes-sionistes\\\/\"]}]},{\"@type\":\"ImageObject\",\"inLanguage\":\"fr-FR\",\"@id\":\"https:\\\/\\\/lasentinelle.dz\\\/index.php\\\/2026\\\/03\\\/16\\\/liban-le-systeme-de-sante-seffondre-sous-les-bombes-sionistes\\\/#primaryimage\",\"url\":\"https:\\\/\\\/lasentinelle.dz\\\/wp-content\\\/uploads\\\/2026\\\/03\\\/liban-1.jpg\",\"contentUrl\":\"https:\\\/\\\/lasentinelle.dz\\\/wp-content\\\/uploads\\\/2026\\\/03\\\/liban-1.jpg\",\"width\":640,\"height\":340},{\"@type\":\"BreadcrumbList\",\"@id\":\"https:\\\/\\\/lasentinelle.dz\\\/index.php\\\/2026\\\/03\\\/16\\\/liban-le-systeme-de-sante-seffondre-sous-les-bombes-sionistes\\\/#breadcrumb\",\"itemListElement\":[{\"@type\":\"ListItem\",\"position\":1,\"name\":\"Accueil\",\"item\":\"https:\\\/\\\/lasentinelle.dz\\\/\"},{\"@type\":\"ListItem\",\"position\":2,\"name\":\"Liban\u00a0: Le syst\u00e8me de sant\u00e9 s&rsquo;effondre sous les bombes sionistes\"}]},{\"@type\":\"WebSite\",\"@id\":\"https:\\\/\\\/lasentinelle.dz\\\/#website\",\"url\":\"https:\\\/\\\/lasentinelle.dz\\\/\",\"name\":\"La Sentinelle\",\"description\":\"Quotidien national d&#039;information\",\"publisher\":{\"@id\":\"https:\\\/\\\/lasentinelle.dz\\\/#organization\"},\"potentialAction\":[{\"@type\":\"SearchAction\",\"target\":{\"@type\":\"EntryPoint\",\"urlTemplate\":\"https:\\\/\\\/lasentinelle.dz\\\/?s={search_term_string}\"},\"query-input\":{\"@type\":\"PropertyValueSpecification\",\"valueRequired\":true,\"valueName\":\"search_term_string\"}}],\"inLanguage\":\"fr-FR\"},{\"@type\":\"Organization\",\"@id\":\"https:\\\/\\\/lasentinelle.dz\\\/#organization\",\"name\":\"Quotidien La Sentinelle\",\"url\":\"https:\\\/\\\/lasentinelle.dz\\\/\",\"logo\":{\"@type\":\"ImageObject\",\"inLanguage\":\"fr-FR\",\"@id\":\"https:\\\/\\\/lasentinelle.dz\\\/#\\\/schema\\\/logo\\\/image\\\/\",\"url\":\"https:\\\/\\\/lasentinelle.dz\\\/wp-content\\\/uploads\\\/2021\\\/09\\\/logo-sentinelleSLOGAN-1.png\",\"contentUrl\":\"https:\\\/\\\/lasentinelle.dz\\\/wp-content\\\/uploads\\\/2021\\\/09\\\/logo-sentinelleSLOGAN-1.png\",\"width\":615,\"height\":142,\"caption\":\"Quotidien La Sentinelle\"},\"image\":{\"@id\":\"https:\\\/\\\/lasentinelle.dz\\\/#\\\/schema\\\/logo\\\/image\\\/\"},\"sameAs\":[\"https:\\\/\\\/www.facebook.com\\\/La-Sentinelle-104059864394773\"]},{\"@type\":\"Person\",\"@id\":\"https:\\\/\\\/lasentinelle.dz\\\/#\\\/schema\\\/person\\\/729ee0024f24e0b8c5ec17232f8e8b41\",\"name\":\"admin\",\"image\":{\"@type\":\"ImageObject\",\"inLanguage\":\"fr-FR\",\"@id\":\"https:\\\/\\\/secure.gravatar.com\\\/avatar\\\/4c81fed838786e9b53f540bf46533e750f5d292099ae3b66cfc6fb1982e29df7?s=96&d=mm&r=g\",\"url\":\"https:\\\/\\\/secure.gravatar.com\\\/avatar\\\/4c81fed838786e9b53f540bf46533e750f5d292099ae3b66cfc6fb1982e29df7?s=96&d=mm&r=g\",\"contentUrl\":\"https:\\\/\\\/secure.gravatar.com\\\/avatar\\\/4c81fed838786e9b53f540bf46533e750f5d292099ae3b66cfc6fb1982e29df7?s=96&d=mm&r=g\",\"caption\":\"admin\"},\"description\":\"admin\",\"url\":\"https:\\\/\\\/lasentinelle.dz\\\/author\\\/admin\\\/\"}]}<\/script>\n<!-- \/ Yoast SEO plugin. -->","yoast_head_json":{"title":"Liban\u00a0: Le syst\u00e8me de sant\u00e9 s&rsquo;effondre sous les bombes sionistes - La Sentinelle","robots":{"index":"index","follow":"follow","max-snippet":"max-snippet:-1","max-image-preview":"max-image-preview:large","max-video-preview":"max-video-preview:-1"},"canonical":"https:\/\/lasentinelle.dz\/index.php\/2026\/03\/16\/liban-le-systeme-de-sante-seffondre-sous-les-bombes-sionistes\/","og_locale":"fr_FR","og_type":"article","og_title":"Liban\u00a0: Le syst\u00e8me de sant\u00e9 s&rsquo;effondre sous les bombes sionistes - La Sentinelle","og_description":"Le Liban s&rsquo;enfonce dans une nouvelle spirale de violence. Depuis le 2 mars 2026, les frappes isra\u00e9liennes se sont intensifi\u00e9es","og_url":"https:\/\/lasentinelle.dz\/index.php\/2026\/03\/16\/liban-le-systeme-de-sante-seffondre-sous-les-bombes-sionistes\/","og_site_name":"La Sentinelle","article_publisher":"https:\/\/www.facebook.com\/La-Sentinelle-104059864394773","article_published_time":"2026-03-16T19:24:35+00:00","article_modified_time":"2026-03-16T19:24:36+00:00","og_image":[{"width":640,"height":340,"url":"https:\/\/lasentinelle.dz\/wp-content\/uploads\/2026\/03\/liban-1.jpg","type":"image\/jpeg"}],"author":"admin","twitter_card":"summary_large_image","twitter_misc":{"\u00c9crit par":"admin","Dur\u00e9e de lecture estim\u00e9e":"3 minutes"},"schema":{"@context":"https:\/\/schema.org","@graph":[{"@type":"Article","@id":"https:\/\/lasentinelle.dz\/index.php\/2026\/03\/16\/liban-le-systeme-de-sante-seffondre-sous-les-bombes-sionistes\/#article","isPartOf":{"@id":"https:\/\/lasentinelle.dz\/index.php\/2026\/03\/16\/liban-le-systeme-de-sante-seffondre-sous-les-bombes-sionistes\/"},"author":{"name":"admin","@id":"https:\/\/lasentinelle.dz\/#\/schema\/person\/729ee0024f24e0b8c5ec17232f8e8b41"},"headline":"Liban\u00a0: Le syst\u00e8me de sant\u00e9 s&rsquo;effondre sous les bombes sionistes","datePublished":"2026-03-16T19:24:35+00:00","dateModified":"2026-03-16T19:24:36+00:00","mainEntityOfPage":{"@id":"https:\/\/lasentinelle.dz\/index.php\/2026\/03\/16\/liban-le-systeme-de-sante-seffondre-sous-les-bombes-sionistes\/"},"wordCount":504,"commentCount":0,"publisher":{"@id":"https:\/\/lasentinelle.dz\/#organization"},"image":{"@id":"https:\/\/lasentinelle.dz\/index.php\/2026\/03\/16\/liban-le-systeme-de-sante-seffondre-sous-les-bombes-sionistes\/#primaryimage"},"thumbnailUrl":"https:\/\/lasentinelle.dz\/wp-content\/uploads\/2026\/03\/liban-1.jpg","articleSection":["Monde"],"inLanguage":"fr-FR","potentialAction":[{"@type":"CommentAction","name":"Comment","target":["https:\/\/lasentinelle.dz\/index.php\/2026\/03\/16\/liban-le-systeme-de-sante-seffondre-sous-les-bombes-sionistes\/#respond"]}]},{"@type":"WebPage","@id":"https:\/\/lasentinelle.dz\/index.php\/2026\/03\/16\/liban-le-systeme-de-sante-seffondre-sous-les-bombes-sionistes\/","url":"https:\/\/lasentinelle.dz\/index.php\/2026\/03\/16\/liban-le-systeme-de-sante-seffondre-sous-les-bombes-sionistes\/","name":"Liban\u00a0: Le syst\u00e8me de sant\u00e9 s&rsquo;effondre sous les bombes sionistes - La Sentinelle","isPartOf":{"@id":"https:\/\/lasentinelle.dz\/#website"},"primaryImageOfPage":{"@id":"https:\/\/lasentinelle.dz\/index.php\/2026\/03\/16\/liban-le-systeme-de-sante-seffondre-sous-les-bombes-sionistes\/#primaryimage"},"image":{"@id":"https:\/\/lasentinelle.dz\/index.php\/2026\/03\/16\/liban-le-systeme-de-sante-seffondre-sous-les-bombes-sionistes\/#primaryimage"},"thumbnailUrl":"https:\/\/lasentinelle.dz\/wp-content\/uploads\/2026\/03\/liban-1.jpg","datePublished":"2026-03-16T19:24:35+00:00","dateModified":"2026-03-16T19:24:36+00:00","breadcrumb":{"@id":"https:\/\/lasentinelle.dz\/index.php\/2026\/03\/16\/liban-le-systeme-de-sante-seffondre-sous-les-bombes-sionistes\/#breadcrumb"},"inLanguage":"fr-FR","potentialAction":[{"@type":"ReadAction","target":["https:\/\/lasentinelle.dz\/index.php\/2026\/03\/16\/liban-le-systeme-de-sante-seffondre-sous-les-bombes-sionistes\/"]}]},{"@type":"ImageObject","inLanguage":"fr-FR","@id":"https:\/\/lasentinelle.dz\/index.php\/2026\/03\/16\/liban-le-systeme-de-sante-seffondre-sous-les-bombes-sionistes\/#primaryimage","url":"https:\/\/lasentinelle.dz\/wp-content\/uploads\/2026\/03\/liban-1.jpg","contentUrl":"https:\/\/lasentinelle.dz\/wp-content\/uploads\/2026\/03\/liban-1.jpg","width":640,"height":340},{"@type":"BreadcrumbList","@id":"https:\/\/lasentinelle.dz\/index.php\/2026\/03\/16\/liban-le-systeme-de-sante-seffondre-sous-les-bombes-sionistes\/#breadcrumb","itemListElement":[{"@type":"ListItem","position":1,"name":"Accueil","item":"https:\/\/lasentinelle.dz\/"},{"@type":"ListItem","position":2,"name":"Liban\u00a0: Le syst\u00e8me de sant\u00e9 s&rsquo;effondre sous les bombes sionistes"}]},{"@type":"WebSite","@id":"https:\/\/lasentinelle.dz\/#website","url":"https:\/\/lasentinelle.dz\/","name":"La Sentinelle","description":"Quotidien national d&#039;information","publisher":{"@id":"https:\/\/lasentinelle.dz\/#organization"},"potentialAction":[{"@type":"SearchAction","target":{"@type":"EntryPoint","urlTemplate":"https:\/\/lasentinelle.dz\/?s={search_term_string}"},"query-input":{"@type":"PropertyValueSpecification","valueRequired":true,"valueName":"search_term_string"}}],"inLanguage":"fr-FR"},{"@type":"Organization","@id":"https:\/\/lasentinelle.dz\/#organization","name":"Quotidien La Sentinelle","url":"https:\/\/lasentinelle.dz\/","logo":{"@type":"ImageObject","inLanguage":"fr-FR","@id":"https:\/\/lasentinelle.dz\/#\/schema\/logo\/image\/","url":"https:\/\/lasentinelle.dz\/wp-content\/uploads\/2021\/09\/logo-sentinelleSLOGAN-1.png","contentUrl":"https:\/\/lasentinelle.dz\/wp-content\/uploads\/2021\/09\/logo-sentinelleSLOGAN-1.png","width":615,"height":142,"caption":"Quotidien La Sentinelle"},"image":{"@id":"https:\/\/lasentinelle.dz\/#\/schema\/logo\/image\/"},"sameAs":["https:\/\/www.facebook.com\/La-Sentinelle-104059864394773"]},{"@type":"Person","@id":"https:\/\/lasentinelle.dz\/#\/schema\/person\/729ee0024f24e0b8c5ec17232f8e8b41","name":"admin","image":{"@type":"ImageObject","inLanguage":"fr-FR","@id":"https:\/\/secure.gravatar.com\/avatar\/4c81fed838786e9b53f540bf46533e750f5d292099ae3b66cfc6fb1982e29df7?s=96&d=mm&r=g","url":"https:\/\/secure.gravatar.com\/avatar\/4c81fed838786e9b53f540bf46533e750f5d292099ae3b66cfc6fb1982e29df7?s=96&d=mm&r=g","contentUrl":"https:\/\/secure.gravatar.com\/avatar\/4c81fed838786e9b53f540bf46533e750f5d292099ae3b66cfc6fb1982e29df7?s=96&d=mm&r=g","caption":"admin"},"description":"admin","url":"https:\/\/lasentinelle.dz\/author\/admin\/"}]}},"_links":{"self":[{"href":"https:\/\/lasentinelle.dz\/index.php\/wp-json\/wp\/v2\/posts\/83666","targetHints":{"allow":["GET"]}}],"collection":[{"href":"https:\/\/lasentinelle.dz\/index.php\/wp-json\/wp\/v2\/posts"}],"about":[{"href":"https:\/\/lasentinelle.dz\/index.php\/wp-json\/wp\/v2\/types\/post"}],"author":[{"embeddable":true,"href":"https:\/\/lasentinelle.dz\/index.php\/wp-json\/wp\/v2\/users\/6"}],"replies":[{"embeddable":true,"href":"https:\/\/lasentinelle.dz\/index.php\/wp-json\/wp\/v2\/comments?post=83666"}],"version-history":[{"count":2,"href":"https:\/\/lasentinelle.dz\/index.php\/wp-json\/wp\/v2\/posts\/83666\/revisions"}],"predecessor-version":[{"id":83669,"href":"https:\/\/lasentinelle.dz\/index.php\/wp-json\/wp\/v2\/posts\/83666\/revisions\/83669"}],"wp:featuredmedia":[{"embeddable":true,"href":"https:\/\/lasentinelle.dz\/index.php\/wp-json\/wp\/v2\/media\/83667"}],"wp:attachment":[{"href":"https:\/\/lasentinelle.dz\/index.php\/wp-json\/wp\/v2\/media?parent=83666"}],"wp:term":[{"taxonomy":"category","embeddable":true,"href":"https:\/\/lasentinelle.dz\/index.php\/wp-json\/wp\/v2\/categories?post=83666"},{"taxonomy":"post_tag","embeddable":true,"href":"https:\/\/lasentinelle.dz\/index.php\/wp-json\/wp\/v2\/tags?post=83666"}],"curies":[{"name":"wp","href":"https:\/\/api.w.org\/{rel}","templated":true}]}}