{"id":83682,"date":"2026-03-16T20:32:20","date_gmt":"2026-03-16T19:32:20","guid":{"rendered":"https:\/\/lasentinelle.dz\/?p=83682"},"modified":"2026-03-16T20:32:21","modified_gmt":"2026-03-16T19:32:21","slug":"marches-de-gros-magros-mise-sur-le-numerique-pour-reprendre-la-main-sur-les-prix","status":"publish","type":"post","link":"https:\/\/lasentinelle.dz\/index.php\/2026\/03\/16\/marches-de-gros-magros-mise-sur-le-numerique-pour-reprendre-la-main-sur-les-prix\/","title":{"rendered":"March\u00e9s de gros\u00a0: Magros mise sur le num\u00e9rique pour reprendre la main sur les prix"},"content":{"rendered":"\n<p>C&rsquo;est l&rsquo;un des maillons les plus sensibles de la cha\u00eene d&rsquo;approvisionnement, celui o\u00f9 se forment les prix des fruits et l\u00e9gumes avant qu&rsquo;ils n&rsquo;atteignent les \u00e9tals des march\u00e9s de d\u00e9tail. Les march\u00e9s de gros, longtemps gangren\u00e9s par une interm\u00e9diation excessive et un manque criant de visibilit\u00e9 sur les flux r\u00e9els de marchandises, sont aujourd&rsquo;hui au c\u0153ur d&rsquo;une strat\u00e9gie de modernisation port\u00e9e par l&rsquo;entreprise publique Magros. Son directeur g\u00e9n\u00e9ral, Mahboub Bettahar, a d\u00e9taill\u00e9 cette feuille de route \u00e0 l&rsquo;APS : num\u00e9risation des \u00e9changes, extension du r\u00e9seau, renforcement du stockage frigorifique et d\u00e9sinterm\u00e9diation assum\u00e9e. Un programme ambitieux, d\u00e9ploy\u00e9 dans un contexte o\u00f9 la r\u00e9gulation des prix alimentaires reste un imp\u00e9ratif politique autant qu&rsquo;\u00e9conomique.<\/p>\n\n\n\n<p>Le projet phare de cette transformation est un syst\u00e8me de num\u00e9risation int\u00e9gral des march\u00e9s de gros. Loin d&rsquo;\u00eatre un simple outil de gestion administrative, il ambitionne de devenir un instrument de pilotage en temps r\u00e9el du march\u00e9 national des fruits et l\u00e9gumes. Selon Mahboub Bettahar, ce dispositif \u00ab permettra de disposer de donn\u00e9es pr\u00e9cises sur les quantit\u00e9s commercialis\u00e9es, le volume de r\u00e9ception des fruits et l\u00e9gumes dans chaque march\u00e9, ainsi que le nombre d&rsquo;op\u00e9rateurs, le nombre de v\u00e9hicules, les prix, et les wilayas fournisseurs ou b\u00e9n\u00e9ficiaires \u00bb. Autant d&rsquo;informations qui font aujourd&rsquo;hui cruellement d\u00e9faut aux autorit\u00e9s pour anticiper les tensions d&rsquo;approvisionnement ou les exc\u00e9dents localis\u00e9s qui alimentent la volatilit\u00e9 des prix.<\/p>\n\n\n\n<p>L&rsquo;enjeu est de taille. En l&rsquo;absence d&rsquo;une cartographie fiable des flux, les d\u00e9s\u00e9quilibres entre r\u00e9gions productrices et zones de consommation se creusent sans que personne ne dispose des leviers pour les corriger rapidement. Le directeur g\u00e9n\u00e9ral de Magros affirme que le futur syst\u00e8me num\u00e9rique \u00ab permettra de prendre des d\u00e9cisions imm\u00e9diates pour r\u00e9orienter les marchandises entre les r\u00e9gions et assurer ainsi la r\u00e9gulation du march\u00e9, notamment \u00e0 travers la mise en relation entre les producteurs et les agents commer\u00e7ants \u00bb. Une forme de dispatching num\u00e9rique national, qui transformerait Magros en tour de contr\u00f4le logistique du commerce de gros agricole.<\/p>\n\n\n\n<p>Parall\u00e8lement \u00e0 la num\u00e9risation, l&rsquo;entreprise s&rsquo;attaque \u00e0 une autre faiblesse structurelle du syst\u00e8me : la capacit\u00e9 de stockage. Le manque d&rsquo;infrastructures frigorifiques est depuis longtemps identifi\u00e9 comme l&rsquo;une des causes majeures des pertes post-r\u00e9colte et des flamb\u00e9es de prix saisonni\u00e8res. Magros entend y rem\u00e9dier en \u00ab soutenant les capacit\u00e9s de stockage par la cr\u00e9ation de nouvelles chambres froides en plus des infrastructures existantes au niveau des march\u00e9s de gros \u00bb, selon Bettahar, afin de \u00ab renforcer les capacit\u00e9s de r\u00e9gulation du march\u00e9, notamment en cas d&rsquo;exc\u00e9dent ou de p\u00e9nurie de certains produits agricoles \u00bb. Disposer de stocks tampons permettrait d&rsquo;att\u00e9nuer les chocs d&rsquo;offre et de lisser les prix sur la dur\u00e9e, une logique de stabilisation que les pouvoirs publics peinent \u00e0 mettre en \u0153uvre sans outils adapt\u00e9s. Sur le front de l&rsquo;interm\u00e9diation, la d\u00e9marche s&rsquo;av\u00e8re d\u00e9j\u00e0 produire des r\u00e9sultats tangibles. Conform\u00e9ment aux instructions du minist\u00e8re du Commerce int\u00e9rieur et de la R\u00e9gulation du march\u00e9 national, des points de vente directs ont \u00e9t\u00e9 ouverts au sein des march\u00e9s de gros, r\u00e9serv\u00e9s aux agriculteurs et producteurs souhaitant \u00e9couler leur production sans passer par des revendeurs. Bettahar souligne que cette initiative \u00ab a permis de r\u00e9duire le nombre d&rsquo;intervenants dans le circuit de distribution et s&rsquo;est r\u00e9percut\u00e9e positivement sur les prix \u00bb. Le raccourcissement de la cha\u00eene entre le champ et le consommateur final est l&rsquo;une des pistes les plus r\u00e9guli\u00e8rement \u00e9voqu\u00e9es pour contenir l&rsquo;inflation alimentaire, mais sa mise en \u0153uvre se heurte ordinairement \u00e0 des r\u00e9sistances logistiques et corporatistes que Magros semble progressivement contourner.<\/p>\n\n\n\n<p>L&rsquo;exp\u00e9rience du Ramadan 2026 est, \u00e0 cet \u00e9gard, riche d&rsquo;enseignements. Le mois de je\u00fbne, qui concentre une demande alimentaire exceptionnelle et s&rsquo;accompagne traditionnellement de tensions sur les prix, a cette ann\u00e9e constitu\u00e9 un test grandeur nature. Selon le directeur g\u00e9n\u00e9ral, le mois de Ramadan \u00ab a connu un engouement important de la part des producteurs et des agriculteurs pour ces points de vente directs, ce qui a contribu\u00e9 \u00e0 renforcer l&rsquo;abondance et \u00e0 la baisse des prix gr\u00e2ce \u00e0 la commercialisation directe \u00bb. Pour maintenir cette dynamique, les march\u00e9s de gros ont fonctionn\u00e9 \u00ab tous les jours de la semaine durant le mois de Ramadan afin d&rsquo;assurer la continuit\u00e9 de l&rsquo;activit\u00e9 et d&rsquo;\u00e9viter toute \u00e9ventuelle p\u00e9nurie dans l&rsquo;approvisionnement \u00bb, a-t-il pr\u00e9cis\u00e9. Reste la question de la couverture territoriale. Avec neuf march\u00e9s de gros actuellement en activit\u00e9 \u00e0 travers le pays, le maillage demeure insuffisant au regard de la superficie et de la diversit\u00e9 agricole de l&rsquo;Alg\u00e9rie. Magros travaille \u00e0 l&rsquo;ouverture d&rsquo;un nouveau march\u00e9 dans la wilaya de Tiaret \u00ab dans les plus brefs d\u00e9lais \u00bb, selon Bettahar, dans le cadre d&rsquo;une d\u00e9marche visant \u00e0 \u00ab assurer une couverture plus large des diff\u00e9rentes r\u00e9gions \u00bb. Tiaret, wilaya \u00e0 forte vocation agropastorale et plaque tournante du centre-ouest du pays, repr\u00e9sente un choix strat\u00e9gique \u00e9vident pour fluidifier les \u00e9changes entre les hauts plateaux producteurs et les grands centres de consommation du nord. Au-del\u00e0 de la gestion quotidienne des flux, c&rsquo;est bien un nouveau mod\u00e8le de r\u00e9gulation des march\u00e9s alimentaires qui se dessine, articul\u00e9 autour de la donn\u00e9e, du stockage et du lien direct entre producteurs et distributeurs.<\/p>\n\n\n\n<p>Samir Benisid<\/p>\n","protected":false},"excerpt":{"rendered":"<p>C&rsquo;est l&rsquo;un des maillons les plus sensibles de la cha\u00eene d&rsquo;approvisionnement, celui o\u00f9 se forment les prix des fruits et<\/p>\n","protected":false},"author":6,"featured_media":37374,"comment_status":"open","ping_status":"closed","sticky":false,"template":"","format":"standard","meta":{"colormag_page_container_layout":"default_layout","colormag_page_sidebar_layout":"default_layout","om_disable_all_campaigns":false,"_monsterinsights_skip_tracking":false,"_monsterinsights_sitenote_active":false,"_monsterinsights_sitenote_note":"","_monsterinsights_sitenote_category":0,"footnotes":"","_wpscppro_dont_share_socialmedia":false,"_wpscppro_custom_social_share_image":0,"_facebook_share_type":"default","_twitter_share_type":"default","_linkedin_share_type":"default","_pinterest_share_type":"default","_linkedin_share_type_page":"","_instagram_share_type":"default","_medium_share_type":"default","_threads_share_type":"default","_google_business_share_type":"default","_selected_social_profile":[],"_wpsp_enable_custom_social_template":false,"_wpsp_social_scheduling":{"enabled":false,"datetime":null,"platforms":[],"status":"template_only","dateOption":"today","timeOption":"now","customDays":"","customHours":"","customDate":"","customTime":"","schedulingType":"absolute"},"_wpsp_active_default_template":true},"categories":[29],"tags":[],"class_list":["post-83682","post","type-post","status-publish","format-standard","has-post-thumbnail","hentry","category-economie"],"aioseo_notices":[],"yoast_head":"<!-- This site is optimized with the Yoast SEO plugin v27.5 - https:\/\/yoast.com\/product\/yoast-seo-wordpress\/ -->\n<title>March\u00e9s de gros\u00a0: Magros mise sur le num\u00e9rique pour reprendre la main sur les prix - La Sentinelle<\/title>\n<meta name=\"robots\" content=\"index, follow, max-snippet:-1, max-image-preview:large, max-video-preview:-1\" \/>\n<link rel=\"canonical\" href=\"https:\/\/lasentinelle.dz\/index.php\/2026\/03\/16\/marches-de-gros-magros-mise-sur-le-numerique-pour-reprendre-la-main-sur-les-prix\/\" \/>\n<meta property=\"og:locale\" content=\"fr_FR\" \/>\n<meta property=\"og:type\" content=\"article\" \/>\n<meta property=\"og:title\" content=\"March\u00e9s de gros\u00a0: Magros mise sur le num\u00e9rique pour reprendre la main sur les prix - La Sentinelle\" \/>\n<meta property=\"og:description\" content=\"C&rsquo;est l&rsquo;un des maillons les plus sensibles de la cha\u00eene d&rsquo;approvisionnement, celui o\u00f9 se forment les prix des fruits et\" \/>\n<meta property=\"og:url\" content=\"https:\/\/lasentinelle.dz\/index.php\/2026\/03\/16\/marches-de-gros-magros-mise-sur-le-numerique-pour-reprendre-la-main-sur-les-prix\/\" \/>\n<meta property=\"og:site_name\" content=\"La Sentinelle\" \/>\n<meta property=\"article:publisher\" content=\"https:\/\/www.facebook.com\/La-Sentinelle-104059864394773\" \/>\n<meta property=\"article:published_time\" content=\"2026-03-16T19:32:20+00:00\" \/>\n<meta property=\"article:modified_time\" content=\"2026-03-16T19:32:21+00:00\" \/>\n<meta property=\"og:image\" content=\"https:\/\/lasentinelle.dz\/wp-content\/uploads\/2023\/03\/marche-de-gros.png\" \/>\n\t<meta property=\"og:image:width\" content=\"1472\" \/>\n\t<meta property=\"og:image:height\" content=\"900\" \/>\n\t<meta property=\"og:image:type\" content=\"image\/png\" \/>\n<meta name=\"author\" content=\"admin\" \/>\n<meta name=\"twitter:card\" content=\"summary_large_image\" \/>\n<meta name=\"twitter:label1\" content=\"\u00c9crit par\" \/>\n\t<meta name=\"twitter:data1\" content=\"admin\" \/>\n\t<meta name=\"twitter:label2\" content=\"Dur\u00e9e de lecture estim\u00e9e\" \/>\n\t<meta name=\"twitter:data2\" content=\"5 minutes\" \/>\n<script type=\"application\/ld+json\" class=\"yoast-schema-graph\">{\"@context\":\"https:\\\/\\\/schema.org\",\"@graph\":[{\"@type\":\"Article\",\"@id\":\"https:\\\/\\\/lasentinelle.dz\\\/index.php\\\/2026\\\/03\\\/16\\\/marches-de-gros-magros-mise-sur-le-numerique-pour-reprendre-la-main-sur-les-prix\\\/#article\",\"isPartOf\":{\"@id\":\"https:\\\/\\\/lasentinelle.dz\\\/index.php\\\/2026\\\/03\\\/16\\\/marches-de-gros-magros-mise-sur-le-numerique-pour-reprendre-la-main-sur-les-prix\\\/\"},\"author\":{\"name\":\"admin\",\"@id\":\"https:\\\/\\\/lasentinelle.dz\\\/#\\\/schema\\\/person\\\/729ee0024f24e0b8c5ec17232f8e8b41\"},\"headline\":\"March\u00e9s de gros\u00a0: Magros mise sur le num\u00e9rique pour reprendre la main sur les prix\",\"datePublished\":\"2026-03-16T19:32:20+00:00\",\"dateModified\":\"2026-03-16T19:32:21+00:00\",\"mainEntityOfPage\":{\"@id\":\"https:\\\/\\\/lasentinelle.dz\\\/index.php\\\/2026\\\/03\\\/16\\\/marches-de-gros-magros-mise-sur-le-numerique-pour-reprendre-la-main-sur-les-prix\\\/\"},\"wordCount\":980,\"commentCount\":0,\"publisher\":{\"@id\":\"https:\\\/\\\/lasentinelle.dz\\\/#organization\"},\"image\":{\"@id\":\"https:\\\/\\\/lasentinelle.dz\\\/index.php\\\/2026\\\/03\\\/16\\\/marches-de-gros-magros-mise-sur-le-numerique-pour-reprendre-la-main-sur-les-prix\\\/#primaryimage\"},\"thumbnailUrl\":\"https:\\\/\\\/lasentinelle.dz\\\/wp-content\\\/uploads\\\/2023\\\/03\\\/marche-de-gros.png\",\"articleSection\":[\"\u00c9conomie\"],\"inLanguage\":\"fr-FR\",\"potentialAction\":[{\"@type\":\"CommentAction\",\"name\":\"Comment\",\"target\":[\"https:\\\/\\\/lasentinelle.dz\\\/index.php\\\/2026\\\/03\\\/16\\\/marches-de-gros-magros-mise-sur-le-numerique-pour-reprendre-la-main-sur-les-prix\\\/#respond\"]}]},{\"@type\":\"WebPage\",\"@id\":\"https:\\\/\\\/lasentinelle.dz\\\/index.php\\\/2026\\\/03\\\/16\\\/marches-de-gros-magros-mise-sur-le-numerique-pour-reprendre-la-main-sur-les-prix\\\/\",\"url\":\"https:\\\/\\\/lasentinelle.dz\\\/index.php\\\/2026\\\/03\\\/16\\\/marches-de-gros-magros-mise-sur-le-numerique-pour-reprendre-la-main-sur-les-prix\\\/\",\"name\":\"March\u00e9s de gros\u00a0: Magros mise sur le num\u00e9rique pour reprendre la main sur les prix - La Sentinelle\",\"isPartOf\":{\"@id\":\"https:\\\/\\\/lasentinelle.dz\\\/#website\"},\"primaryImageOfPage\":{\"@id\":\"https:\\\/\\\/lasentinelle.dz\\\/index.php\\\/2026\\\/03\\\/16\\\/marches-de-gros-magros-mise-sur-le-numerique-pour-reprendre-la-main-sur-les-prix\\\/#primaryimage\"},\"image\":{\"@id\":\"https:\\\/\\\/lasentinelle.dz\\\/index.php\\\/2026\\\/03\\\/16\\\/marches-de-gros-magros-mise-sur-le-numerique-pour-reprendre-la-main-sur-les-prix\\\/#primaryimage\"},\"thumbnailUrl\":\"https:\\\/\\\/lasentinelle.dz\\\/wp-content\\\/uploads\\\/2023\\\/03\\\/marche-de-gros.png\",\"datePublished\":\"2026-03-16T19:32:20+00:00\",\"dateModified\":\"2026-03-16T19:32:21+00:00\",\"breadcrumb\":{\"@id\":\"https:\\\/\\\/lasentinelle.dz\\\/index.php\\\/2026\\\/03\\\/16\\\/marches-de-gros-magros-mise-sur-le-numerique-pour-reprendre-la-main-sur-les-prix\\\/#breadcrumb\"},\"inLanguage\":\"fr-FR\",\"potentialAction\":[{\"@type\":\"ReadAction\",\"target\":[\"https:\\\/\\\/lasentinelle.dz\\\/index.php\\\/2026\\\/03\\\/16\\\/marches-de-gros-magros-mise-sur-le-numerique-pour-reprendre-la-main-sur-les-prix\\\/\"]}]},{\"@type\":\"ImageObject\",\"inLanguage\":\"fr-FR\",\"@id\":\"https:\\\/\\\/lasentinelle.dz\\\/index.php\\\/2026\\\/03\\\/16\\\/marches-de-gros-magros-mise-sur-le-numerique-pour-reprendre-la-main-sur-les-prix\\\/#primaryimage\",\"url\":\"https:\\\/\\\/lasentinelle.dz\\\/wp-content\\\/uploads\\\/2023\\\/03\\\/marche-de-gros.png\",\"contentUrl\":\"https:\\\/\\\/lasentinelle.dz\\\/wp-content\\\/uploads\\\/2023\\\/03\\\/marche-de-gros.png\",\"width\":1472,\"height\":900},{\"@type\":\"BreadcrumbList\",\"@id\":\"https:\\\/\\\/lasentinelle.dz\\\/index.php\\\/2026\\\/03\\\/16\\\/marches-de-gros-magros-mise-sur-le-numerique-pour-reprendre-la-main-sur-les-prix\\\/#breadcrumb\",\"itemListElement\":[{\"@type\":\"ListItem\",\"position\":1,\"name\":\"Accueil\",\"item\":\"https:\\\/\\\/lasentinelle.dz\\\/\"},{\"@type\":\"ListItem\",\"position\":2,\"name\":\"March\u00e9s de gros\u00a0: Magros mise sur le num\u00e9rique pour reprendre la main sur les prix\"}]},{\"@type\":\"WebSite\",\"@id\":\"https:\\\/\\\/lasentinelle.dz\\\/#website\",\"url\":\"https:\\\/\\\/lasentinelle.dz\\\/\",\"name\":\"La Sentinelle\",\"description\":\"Quotidien national d&#039;information\",\"publisher\":{\"@id\":\"https:\\\/\\\/lasentinelle.dz\\\/#organization\"},\"potentialAction\":[{\"@type\":\"SearchAction\",\"target\":{\"@type\":\"EntryPoint\",\"urlTemplate\":\"https:\\\/\\\/lasentinelle.dz\\\/?s={search_term_string}\"},\"query-input\":{\"@type\":\"PropertyValueSpecification\",\"valueRequired\":true,\"valueName\":\"search_term_string\"}}],\"inLanguage\":\"fr-FR\"},{\"@type\":\"Organization\",\"@id\":\"https:\\\/\\\/lasentinelle.dz\\\/#organization\",\"name\":\"Quotidien La Sentinelle\",\"url\":\"https:\\\/\\\/lasentinelle.dz\\\/\",\"logo\":{\"@type\":\"ImageObject\",\"inLanguage\":\"fr-FR\",\"@id\":\"https:\\\/\\\/lasentinelle.dz\\\/#\\\/schema\\\/logo\\\/image\\\/\",\"url\":\"https:\\\/\\\/lasentinelle.dz\\\/wp-content\\\/uploads\\\/2021\\\/09\\\/logo-sentinelleSLOGAN-1.png\",\"contentUrl\":\"https:\\\/\\\/lasentinelle.dz\\\/wp-content\\\/uploads\\\/2021\\\/09\\\/logo-sentinelleSLOGAN-1.png\",\"width\":615,\"height\":142,\"caption\":\"Quotidien La Sentinelle\"},\"image\":{\"@id\":\"https:\\\/\\\/lasentinelle.dz\\\/#\\\/schema\\\/logo\\\/image\\\/\"},\"sameAs\":[\"https:\\\/\\\/www.facebook.com\\\/La-Sentinelle-104059864394773\"]},{\"@type\":\"Person\",\"@id\":\"https:\\\/\\\/lasentinelle.dz\\\/#\\\/schema\\\/person\\\/729ee0024f24e0b8c5ec17232f8e8b41\",\"name\":\"admin\",\"image\":{\"@type\":\"ImageObject\",\"inLanguage\":\"fr-FR\",\"@id\":\"https:\\\/\\\/secure.gravatar.com\\\/avatar\\\/4c81fed838786e9b53f540bf46533e750f5d292099ae3b66cfc6fb1982e29df7?s=96&d=mm&r=g\",\"url\":\"https:\\\/\\\/secure.gravatar.com\\\/avatar\\\/4c81fed838786e9b53f540bf46533e750f5d292099ae3b66cfc6fb1982e29df7?s=96&d=mm&r=g\",\"contentUrl\":\"https:\\\/\\\/secure.gravatar.com\\\/avatar\\\/4c81fed838786e9b53f540bf46533e750f5d292099ae3b66cfc6fb1982e29df7?s=96&d=mm&r=g\",\"caption\":\"admin\"},\"description\":\"admin\",\"url\":\"https:\\\/\\\/lasentinelle.dz\\\/author\\\/admin\\\/\"}]}<\/script>\n<!-- \/ Yoast SEO plugin. -->","yoast_head_json":{"title":"March\u00e9s de gros\u00a0: Magros mise sur le num\u00e9rique pour reprendre la main sur les prix - La Sentinelle","robots":{"index":"index","follow":"follow","max-snippet":"max-snippet:-1","max-image-preview":"max-image-preview:large","max-video-preview":"max-video-preview:-1"},"canonical":"https:\/\/lasentinelle.dz\/index.php\/2026\/03\/16\/marches-de-gros-magros-mise-sur-le-numerique-pour-reprendre-la-main-sur-les-prix\/","og_locale":"fr_FR","og_type":"article","og_title":"March\u00e9s de gros\u00a0: Magros mise sur le num\u00e9rique pour reprendre la main sur les prix - La Sentinelle","og_description":"C&rsquo;est l&rsquo;un des maillons les plus sensibles de la cha\u00eene d&rsquo;approvisionnement, celui o\u00f9 se forment les prix des fruits et","og_url":"https:\/\/lasentinelle.dz\/index.php\/2026\/03\/16\/marches-de-gros-magros-mise-sur-le-numerique-pour-reprendre-la-main-sur-les-prix\/","og_site_name":"La Sentinelle","article_publisher":"https:\/\/www.facebook.com\/La-Sentinelle-104059864394773","article_published_time":"2026-03-16T19:32:20+00:00","article_modified_time":"2026-03-16T19:32:21+00:00","og_image":[{"width":1472,"height":900,"url":"https:\/\/lasentinelle.dz\/wp-content\/uploads\/2023\/03\/marche-de-gros.png","type":"image\/png"}],"author":"admin","twitter_card":"summary_large_image","twitter_misc":{"\u00c9crit par":"admin","Dur\u00e9e de lecture estim\u00e9e":"5 minutes"},"schema":{"@context":"https:\/\/schema.org","@graph":[{"@type":"Article","@id":"https:\/\/lasentinelle.dz\/index.php\/2026\/03\/16\/marches-de-gros-magros-mise-sur-le-numerique-pour-reprendre-la-main-sur-les-prix\/#article","isPartOf":{"@id":"https:\/\/lasentinelle.dz\/index.php\/2026\/03\/16\/marches-de-gros-magros-mise-sur-le-numerique-pour-reprendre-la-main-sur-les-prix\/"},"author":{"name":"admin","@id":"https:\/\/lasentinelle.dz\/#\/schema\/person\/729ee0024f24e0b8c5ec17232f8e8b41"},"headline":"March\u00e9s de gros\u00a0: Magros mise sur le num\u00e9rique pour reprendre la main sur les prix","datePublished":"2026-03-16T19:32:20+00:00","dateModified":"2026-03-16T19:32:21+00:00","mainEntityOfPage":{"@id":"https:\/\/lasentinelle.dz\/index.php\/2026\/03\/16\/marches-de-gros-magros-mise-sur-le-numerique-pour-reprendre-la-main-sur-les-prix\/"},"wordCount":980,"commentCount":0,"publisher":{"@id":"https:\/\/lasentinelle.dz\/#organization"},"image":{"@id":"https:\/\/lasentinelle.dz\/index.php\/2026\/03\/16\/marches-de-gros-magros-mise-sur-le-numerique-pour-reprendre-la-main-sur-les-prix\/#primaryimage"},"thumbnailUrl":"https:\/\/lasentinelle.dz\/wp-content\/uploads\/2023\/03\/marche-de-gros.png","articleSection":["\u00c9conomie"],"inLanguage":"fr-FR","potentialAction":[{"@type":"CommentAction","name":"Comment","target":["https:\/\/lasentinelle.dz\/index.php\/2026\/03\/16\/marches-de-gros-magros-mise-sur-le-numerique-pour-reprendre-la-main-sur-les-prix\/#respond"]}]},{"@type":"WebPage","@id":"https:\/\/lasentinelle.dz\/index.php\/2026\/03\/16\/marches-de-gros-magros-mise-sur-le-numerique-pour-reprendre-la-main-sur-les-prix\/","url":"https:\/\/lasentinelle.dz\/index.php\/2026\/03\/16\/marches-de-gros-magros-mise-sur-le-numerique-pour-reprendre-la-main-sur-les-prix\/","name":"March\u00e9s de gros\u00a0: Magros mise sur le num\u00e9rique pour reprendre la main sur les prix - La Sentinelle","isPartOf":{"@id":"https:\/\/lasentinelle.dz\/#website"},"primaryImageOfPage":{"@id":"https:\/\/lasentinelle.dz\/index.php\/2026\/03\/16\/marches-de-gros-magros-mise-sur-le-numerique-pour-reprendre-la-main-sur-les-prix\/#primaryimage"},"image":{"@id":"https:\/\/lasentinelle.dz\/index.php\/2026\/03\/16\/marches-de-gros-magros-mise-sur-le-numerique-pour-reprendre-la-main-sur-les-prix\/#primaryimage"},"thumbnailUrl":"https:\/\/lasentinelle.dz\/wp-content\/uploads\/2023\/03\/marche-de-gros.png","datePublished":"2026-03-16T19:32:20+00:00","dateModified":"2026-03-16T19:32:21+00:00","breadcrumb":{"@id":"https:\/\/lasentinelle.dz\/index.php\/2026\/03\/16\/marches-de-gros-magros-mise-sur-le-numerique-pour-reprendre-la-main-sur-les-prix\/#breadcrumb"},"inLanguage":"fr-FR","potentialAction":[{"@type":"ReadAction","target":["https:\/\/lasentinelle.dz\/index.php\/2026\/03\/16\/marches-de-gros-magros-mise-sur-le-numerique-pour-reprendre-la-main-sur-les-prix\/"]}]},{"@type":"ImageObject","inLanguage":"fr-FR","@id":"https:\/\/lasentinelle.dz\/index.php\/2026\/03\/16\/marches-de-gros-magros-mise-sur-le-numerique-pour-reprendre-la-main-sur-les-prix\/#primaryimage","url":"https:\/\/lasentinelle.dz\/wp-content\/uploads\/2023\/03\/marche-de-gros.png","contentUrl":"https:\/\/lasentinelle.dz\/wp-content\/uploads\/2023\/03\/marche-de-gros.png","width":1472,"height":900},{"@type":"BreadcrumbList","@id":"https:\/\/lasentinelle.dz\/index.php\/2026\/03\/16\/marches-de-gros-magros-mise-sur-le-numerique-pour-reprendre-la-main-sur-les-prix\/#breadcrumb","itemListElement":[{"@type":"ListItem","position":1,"name":"Accueil","item":"https:\/\/lasentinelle.dz\/"},{"@type":"ListItem","position":2,"name":"March\u00e9s de gros\u00a0: Magros mise sur le num\u00e9rique pour reprendre la main sur les prix"}]},{"@type":"WebSite","@id":"https:\/\/lasentinelle.dz\/#website","url":"https:\/\/lasentinelle.dz\/","name":"La Sentinelle","description":"Quotidien national d&#039;information","publisher":{"@id":"https:\/\/lasentinelle.dz\/#organization"},"potentialAction":[{"@type":"SearchAction","target":{"@type":"EntryPoint","urlTemplate":"https:\/\/lasentinelle.dz\/?s={search_term_string}"},"query-input":{"@type":"PropertyValueSpecification","valueRequired":true,"valueName":"search_term_string"}}],"inLanguage":"fr-FR"},{"@type":"Organization","@id":"https:\/\/lasentinelle.dz\/#organization","name":"Quotidien La Sentinelle","url":"https:\/\/lasentinelle.dz\/","logo":{"@type":"ImageObject","inLanguage":"fr-FR","@id":"https:\/\/lasentinelle.dz\/#\/schema\/logo\/image\/","url":"https:\/\/lasentinelle.dz\/wp-content\/uploads\/2021\/09\/logo-sentinelleSLOGAN-1.png","contentUrl":"https:\/\/lasentinelle.dz\/wp-content\/uploads\/2021\/09\/logo-sentinelleSLOGAN-1.png","width":615,"height":142,"caption":"Quotidien La Sentinelle"},"image":{"@id":"https:\/\/lasentinelle.dz\/#\/schema\/logo\/image\/"},"sameAs":["https:\/\/www.facebook.com\/La-Sentinelle-104059864394773"]},{"@type":"Person","@id":"https:\/\/lasentinelle.dz\/#\/schema\/person\/729ee0024f24e0b8c5ec17232f8e8b41","name":"admin","image":{"@type":"ImageObject","inLanguage":"fr-FR","@id":"https:\/\/secure.gravatar.com\/avatar\/4c81fed838786e9b53f540bf46533e750f5d292099ae3b66cfc6fb1982e29df7?s=96&d=mm&r=g","url":"https:\/\/secure.gravatar.com\/avatar\/4c81fed838786e9b53f540bf46533e750f5d292099ae3b66cfc6fb1982e29df7?s=96&d=mm&r=g","contentUrl":"https:\/\/secure.gravatar.com\/avatar\/4c81fed838786e9b53f540bf46533e750f5d292099ae3b66cfc6fb1982e29df7?s=96&d=mm&r=g","caption":"admin"},"description":"admin","url":"https:\/\/lasentinelle.dz\/author\/admin\/"}]}},"_links":{"self":[{"href":"https:\/\/lasentinelle.dz\/index.php\/wp-json\/wp\/v2\/posts\/83682","targetHints":{"allow":["GET"]}}],"collection":[{"href":"https:\/\/lasentinelle.dz\/index.php\/wp-json\/wp\/v2\/posts"}],"about":[{"href":"https:\/\/lasentinelle.dz\/index.php\/wp-json\/wp\/v2\/types\/post"}],"author":[{"embeddable":true,"href":"https:\/\/lasentinelle.dz\/index.php\/wp-json\/wp\/v2\/users\/6"}],"replies":[{"embeddable":true,"href":"https:\/\/lasentinelle.dz\/index.php\/wp-json\/wp\/v2\/comments?post=83682"}],"version-history":[{"count":1,"href":"https:\/\/lasentinelle.dz\/index.php\/wp-json\/wp\/v2\/posts\/83682\/revisions"}],"predecessor-version":[{"id":83683,"href":"https:\/\/lasentinelle.dz\/index.php\/wp-json\/wp\/v2\/posts\/83682\/revisions\/83683"}],"wp:featuredmedia":[{"embeddable":true,"href":"https:\/\/lasentinelle.dz\/index.php\/wp-json\/wp\/v2\/media\/37374"}],"wp:attachment":[{"href":"https:\/\/lasentinelle.dz\/index.php\/wp-json\/wp\/v2\/media?parent=83682"}],"wp:term":[{"taxonomy":"category","embeddable":true,"href":"https:\/\/lasentinelle.dz\/index.php\/wp-json\/wp\/v2\/categories?post=83682"},{"taxonomy":"post_tag","embeddable":true,"href":"https:\/\/lasentinelle.dz\/index.php\/wp-json\/wp\/v2\/tags?post=83682"}],"curies":[{"name":"wp","href":"https:\/\/api.w.org\/{rel}","templated":true}]}}